{"id":19876,"date":"2025-02-27T13:47:08","date_gmt":"2025-02-27T11:47:08","guid":{"rendered":"https:\/\/kuzeyinsesi.org\/index.php\/2025\/02\/27\/bizim-oglan-ve-komsunun-kizi-oyunu-gazimagusa-guzelyurt-alaykoy-ve-lefkosada-sahnelenecek\/"},"modified":"2025-02-27T13:47:08","modified_gmt":"2025-02-27T11:47:08","slug":"bizim-oglan-ve-komsunun-kizi-oyunu-gazimagusa-guzelyurt-alaykoy-ve-lefkosada-sahnelenecek","status":"publish","type":"post","link":"https:\/\/kuzeyinsesi.org\/index.php\/2025\/02\/27\/bizim-oglan-ve-komsunun-kizi-oyunu-gazimagusa-guzelyurt-alaykoy-ve-lefkosada-sahnelenecek\/","title":{"rendered":"\u201cBizim O\u011flan ve Kom\u015funun K\u0131z\u0131\u201d oyunu, Gazima\u011fusa, G\u00fczelyurt, Alayk\u00f6y ve Lefko\u015fa\u2019da sahnelenecek"},"content":{"rendered":"<div>\n<div class=\"mariselle-image-container center\">\n                                            <\/div>\n<p> De\u011firmenlik Ak\u0131nc\u0131lar Belediyesi, De\u011firmenlik Ak\u0131nc\u0131lar Belediyesi \u00d6zle T\u00fcrkel Sosyal Aktivite Merkezi Halk Danslar\u0131 Toplulu\u011fu, \u201cBizim O\u011flan ve Kom\u015funun K\u0131z\u0131\u201d adl\u0131 oyunla sahneye \u00e7\u0131k\u0131yor.<\/p>\n<p>Belediyeden yap\u0131lan a\u00e7\u0131klamaya g\u00f6re, Mustafa Ulu\u00e7\u0131nar ve Tahir Kaptano\u011flu\u2019nun yazd\u0131\u011f\u0131 oyunun genel y\u00f6netmenli\u011fini Tahir Kaptano\u011flu, sanat y\u00f6netmenli\u011fini de Osman Bulun \u00fcstlendi.<\/p>\n<p>Tiyatro ve halk danslar\u0131 harmanlanarak haz\u0131rlanan oyun, K\u0131br\u0131s k\u00fclt\u00fcr\u00fcnde ge\u00e7mi\u015f y\u0131llarda ya\u015fanan a\u015fklar\u0131, d\u00fc\u011f\u00fcnleri, \u00f6rf ve adetleri anlat\u0131yor.<\/p>\n<p>Halka a\u00e7\u0131k ve \u00fccretsiz olan oyunun g\u00f6sterim tarihleri \u015fu \u015fekilde;<\/p>\n<p>28 \u015eubat, saat 20.00, Gazima\u011fusa\u2019daki Rauf Raif Denkta\u015f K\u00fclt\u00fcr ve Kongre Saray\u0131 K\u00fc\u00e7\u00fck Salon; 7 Mart, saat 20.00, G\u00fczelyurt Atat\u00fcrk K\u00fclt\u00fcr Merkezi; 4 Mart, saat 20.00, G\u00f6nyeli Alayk\u00f6y Belediyesi Alayk\u00f6y Sosyal Aktivite Merkezi; 21 Mart, saat 20.00, Lefko\u015fa Atat\u00fcrk K\u00fclt\u00fcr Merkezi.\u201d<\/p>\n<\/p><\/div>\n<p><script async\n                    defer\n                    crossorigin=\"anonymous\"\n                    src=\"https:\/\/connect.facebook.net\/tr_TR\/sdk.js#xfbml=1&#038;version=v3.3\"\n            ><\/script><\/p>\n","protected":false},"excerpt":{"rendered":"<p>De\u011firmenlik Ak\u0131nc\u0131lar Belediyesi, De\u011firmenlik Ak\u0131nc\u0131lar Belediyesi \u00d6zle T\u00fcrkel Sosyal Aktivite Merkezi Halk Danslar\u0131 Toplulu\u011fu, \u201cBizim O\u011flan ve Kom\u015funun K\u0131z\u0131\u201d adl\u0131 oyunla sahneye \u00e7\u0131k\u0131yor. Belediyeden yap\u0131lan a\u00e7\u0131klamaya g\u00f6re, Mustafa Ulu\u00e7\u0131nar ve Tahir Kaptano\u011flu\u2019nun yazd\u0131\u011f\u0131 oyunun genel y\u00f6netmenli\u011fini Tahir Kaptano\u011flu, sanat y\u00f6netmenli\u011fini de Osman Bulun \u00fcstlendi. Tiyatro ve halk danslar\u0131 harmanlanarak haz\u0131rlanan oyun, K\u0131br\u0131s k\u00fclt\u00fcr\u00fcnde ge\u00e7mi\u015f y\u0131llarda [&hellip;]<\/p>\n","protected":false},"author":1,"featured_media":19877,"comment_status":"open","ping_status":"open","sticky":false,"template":"","format":"standard","meta":{"jnews-multi-image_gallery":[],"jnews_single_post":[],"jnews_primary_category":[],"jnews_social_meta":[],"jnews_override_counter":[],"footnotes":""},"categories":[6],"tags":[],"class_list":["post-19876","post","type-post","status-publish","format-standard","has-post-thumbnail","hentry","category-yasam"],"yoast_head":"<!-- This site is optimized with the Yoast SEO plugin v27.4 - https:\/\/yoast.com\/product\/yoast-seo-wordpress\/ -->\n<title>\u201cBizim O\u011flan ve Kom\u015funun K\u0131z\u0131\u201d oyunu, Gazima\u011fusa, G\u00fczelyurt, Alayk\u00f6y ve Lefko\u015fa\u2019da sahnelenecek - Kuzeyin Sesi<\/title>\n<meta name=\"robots\" content=\"index, follow, max-snippet:-1, max-image-preview:large, max-video-preview:-1\" \/>\n<link rel=\"canonical\" href=\"https:\/\/kuzeyinsesi.org\/index.php\/2025\/02\/27\/bizim-oglan-ve-komsunun-kizi-oyunu-gazimagusa-guzelyurt-alaykoy-ve-lefkosada-sahnelenecek\/\" \/>\n<meta property=\"og:locale\" content=\"tr_TR\" \/>\n<meta property=\"og:type\" content=\"article\" \/>\n<meta property=\"og:title\" content=\"\u201cBizim O\u011flan ve Kom\u015funun K\u0131z\u0131\u201d oyunu, Gazima\u011fusa, G\u00fczelyurt, Alayk\u00f6y ve Lefko\u015fa\u2019da sahnelenecek - Kuzeyin Sesi\" \/>\n<meta property=\"og:description\" content=\"De\u011firmenlik Ak\u0131nc\u0131lar Belediyesi, De\u011firmenlik Ak\u0131nc\u0131lar Belediyesi \u00d6zle T\u00fcrkel Sosyal Aktivite Merkezi Halk Danslar\u0131 Toplulu\u011fu, \u201cBizim O\u011flan ve Kom\u015funun K\u0131z\u0131\u201d adl\u0131 oyunla sahneye \u00e7\u0131k\u0131yor. Belediyeden yap\u0131lan a\u00e7\u0131klamaya g\u00f6re, Mustafa Ulu\u00e7\u0131nar ve Tahir Kaptano\u011flu\u2019nun yazd\u0131\u011f\u0131 oyunun genel y\u00f6netmenli\u011fini Tahir Kaptano\u011flu, sanat y\u00f6netmenli\u011fini de Osman Bulun \u00fcstlendi. Tiyatro ve halk danslar\u0131 harmanlanarak haz\u0131rlanan oyun, K\u0131br\u0131s k\u00fclt\u00fcr\u00fcnde ge\u00e7mi\u015f y\u0131llarda [&hellip;]\" \/>\n<meta property=\"og:url\" content=\"https:\/\/kuzeyinsesi.org\/index.php\/2025\/02\/27\/bizim-oglan-ve-komsunun-kizi-oyunu-gazimagusa-guzelyurt-alaykoy-ve-lefkosada-sahnelenecek\/\" \/>\n<meta property=\"og:site_name\" content=\"Kuzeyin Sesi\" \/>\n<meta property=\"article:publisher\" content=\"https:\/\/www.facebook.com\/kuzeyinsesii\" \/>\n<meta property=\"article:published_time\" content=\"2025-02-27T11:47:08+00:00\" \/>\n<meta property=\"og:image\" content=\"https:\/\/brtk.net\/wp-content\/uploads\/2025\/02\/27\/kkkkk-scaled.jpg?ver=0c94cd9a6bf00833d05affcb7ca83049\" \/>\n<meta name=\"author\" content=\"Kuzeyin Sesi\" \/>\n<meta name=\"twitter:card\" content=\"summary_large_image\" \/>\n<meta name=\"twitter:creator\" content=\"@kuzeyinsesii\" \/>\n<meta name=\"twitter:site\" content=\"@kuzeyinsesii\" \/>\n<meta name=\"twitter:label1\" content=\"Yazan:\" \/>\n\t<meta name=\"twitter:data1\" content=\"Kuzeyin Sesi\" \/>\n\t<meta name=\"twitter:label2\" content=\"Tahmini okuma s\u00fcresi\" \/>\n\t<meta name=\"twitter:data2\" content=\"1 dakika\" \/>\n<script type=\"application\/ld+json\" class=\"yoast-schema-graph\">{\"@context\":\"https:\\\/\\\/schema.org\",\"@graph\":[{\"@type\":\"Article\",\"@id\":\"https:\\\/\\\/kuzeyinsesi.org\\\/index.php\\\/2025\\\/02\\\/27\\\/bizim-oglan-ve-komsunun-kizi-oyunu-gazimagusa-guzelyurt-alaykoy-ve-lefkosada-sahnelenecek\\\/#article\",\"isPartOf\":{\"@id\":\"https:\\\/\\\/kuzeyinsesi.org\\\/index.php\\\/2025\\\/02\\\/27\\\/bizim-oglan-ve-komsunun-kizi-oyunu-gazimagusa-guzelyurt-alaykoy-ve-lefkosada-sahnelenecek\\\/\"},\"author\":{\"name\":\"Kuzeyin Sesi\",\"@id\":\"https:\\\/\\\/kuzeyinsesi.org\\\/#\\\/schema\\\/person\\\/9f859689cdf01485597712386e37f5aa\"},\"headline\":\"\u201cBizim O\u011flan ve Kom\u015funun K\u0131z\u0131\u201d oyunu, Gazima\u011fusa, G\u00fczelyurt, Alayk\u00f6y ve Lefko\u015fa\u2019da sahnelenecek\",\"datePublished\":\"2025-02-27T11:47:08+00:00\",\"mainEntityOfPage\":{\"@id\":\"https:\\\/\\\/kuzeyinsesi.org\\\/index.php\\\/2025\\\/02\\\/27\\\/bizim-oglan-ve-komsunun-kizi-oyunu-gazimagusa-guzelyurt-alaykoy-ve-lefkosada-sahnelenecek\\\/\"},\"wordCount\":178,\"commentCount\":0,\"image\":{\"@id\":\"https:\\\/\\\/kuzeyinsesi.org\\\/index.php\\\/2025\\\/02\\\/27\\\/bizim-oglan-ve-komsunun-kizi-oyunu-gazimagusa-guzelyurt-alaykoy-ve-lefkosada-sahnelenecek\\\/#primaryimage\"},\"thumbnailUrl\":\"https:\\\/\\\/kuzeyinsesi.org\\\/wp-content\\\/uploads\\\/2025\\\/02\\\/kkkkk-scaled.jpg\",\"articleSection\":[\"Ya\u015fam\"],\"inLanguage\":\"tr\",\"potentialAction\":[{\"@type\":\"CommentAction\",\"name\":\"Comment\",\"target\":[\"https:\\\/\\\/kuzeyinsesi.org\\\/index.php\\\/2025\\\/02\\\/27\\\/bizim-oglan-ve-komsunun-kizi-oyunu-gazimagusa-guzelyurt-alaykoy-ve-lefkosada-sahnelenecek\\\/#respond\"]}]},{\"@type\":\"WebPage\",\"@id\":\"https:\\\/\\\/kuzeyinsesi.org\\\/index.php\\\/2025\\\/02\\\/27\\\/bizim-oglan-ve-komsunun-kizi-oyunu-gazimagusa-guzelyurt-alaykoy-ve-lefkosada-sahnelenecek\\\/\",\"url\":\"https:\\\/\\\/kuzeyinsesi.org\\\/index.php\\\/2025\\\/02\\\/27\\\/bizim-oglan-ve-komsunun-kizi-oyunu-gazimagusa-guzelyurt-alaykoy-ve-lefkosada-sahnelenecek\\\/\",\"name\":\"\u201cBizim O\u011flan ve Kom\u015funun K\u0131z\u0131\u201d oyunu, Gazima\u011fusa, G\u00fczelyurt, Alayk\u00f6y ve Lefko\u015fa\u2019da sahnelenecek - Kuzeyin Sesi\",\"isPartOf\":{\"@id\":\"https:\\\/\\\/kuzeyinsesi.org\\\/#website\"},\"primaryImageOfPage\":{\"@id\":\"https:\\\/\\\/kuzeyinsesi.org\\\/index.php\\\/2025\\\/02\\\/27\\\/bizim-oglan-ve-komsunun-kizi-oyunu-gazimagusa-guzelyurt-alaykoy-ve-lefkosada-sahnelenecek\\\/#primaryimage\"},\"image\":{\"@id\":\"https:\\\/\\\/kuzeyinsesi.org\\\/index.php\\\/2025\\\/02\\\/27\\\/bizim-oglan-ve-komsunun-kizi-oyunu-gazimagusa-guzelyurt-alaykoy-ve-lefkosada-sahnelenecek\\\/#primaryimage\"},\"thumbnailUrl\":\"https:\\\/\\\/kuzeyinsesi.org\\\/wp-content\\\/uploads\\\/2025\\\/02\\\/kkkkk-scaled.jpg\",\"datePublished\":\"2025-02-27T11:47:08+00:00\",\"author\":{\"@id\":\"https:\\\/\\\/kuzeyinsesi.org\\\/#\\\/schema\\\/person\\\/9f859689cdf01485597712386e37f5aa\"},\"breadcrumb\":{\"@id\":\"https:\\\/\\\/kuzeyinsesi.org\\\/index.php\\\/2025\\\/02\\\/27\\\/bizim-oglan-ve-komsunun-kizi-oyunu-gazimagusa-guzelyurt-alaykoy-ve-lefkosada-sahnelenecek\\\/#breadcrumb\"},\"inLanguage\":\"tr\",\"potentialAction\":[{\"@type\":\"ReadAction\",\"target\":[\"https:\\\/\\\/kuzeyinsesi.org\\\/index.php\\\/2025\\\/02\\\/27\\\/bizim-oglan-ve-komsunun-kizi-oyunu-gazimagusa-guzelyurt-alaykoy-ve-lefkosada-sahnelenecek\\\/\"]}]},{\"@type\":\"ImageObject\",\"inLanguage\":\"tr\",\"@id\":\"https:\\\/\\\/kuzeyinsesi.org\\\/index.php\\\/2025\\\/02\\\/27\\\/bizim-oglan-ve-komsunun-kizi-oyunu-gazimagusa-guzelyurt-alaykoy-ve-lefkosada-sahnelenecek\\\/#primaryimage\",\"url\":\"https:\\\/\\\/kuzeyinsesi.org\\\/wp-content\\\/uploads\\\/2025\\\/02\\\/kkkkk-scaled.jpg\",\"contentUrl\":\"https:\\\/\\\/kuzeyinsesi.org\\\/wp-content\\\/uploads\\\/2025\\\/02\\\/kkkkk-scaled.jpg\",\"width\":2560,\"height\":1703},{\"@type\":\"BreadcrumbList\",\"@id\":\"https:\\\/\\\/kuzeyinsesi.org\\\/index.php\\\/2025\\\/02\\\/27\\\/bizim-oglan-ve-komsunun-kizi-oyunu-gazimagusa-guzelyurt-alaykoy-ve-lefkosada-sahnelenecek\\\/#breadcrumb\",\"itemListElement\":[{\"@type\":\"ListItem\",\"position\":1,\"name\":\"Anasayfa\",\"item\":\"https:\\\/\\\/kuzeyinsesi.org\\\/\"},{\"@type\":\"ListItem\",\"position\":2,\"name\":\"\u201cBizim O\u011flan ve Kom\u015funun K\u0131z\u0131\u201d oyunu, Gazima\u011fusa, G\u00fczelyurt, Alayk\u00f6y ve Lefko\u015fa\u2019da sahnelenecek\"}]},{\"@type\":\"WebSite\",\"@id\":\"https:\\\/\\\/kuzeyinsesi.org\\\/#website\",\"url\":\"https:\\\/\\\/kuzeyinsesi.org\\\/\",\"name\":\"Kuzeyin Sesi\",\"description\":\"Do\u011fru Haberin Adresi\",\"potentialAction\":[{\"@type\":\"SearchAction\",\"target\":{\"@type\":\"EntryPoint\",\"urlTemplate\":\"https:\\\/\\\/kuzeyinsesi.org\\\/?s={search_term_string}\"},\"query-input\":{\"@type\":\"PropertyValueSpecification\",\"valueRequired\":true,\"valueName\":\"search_term_string\"}}],\"inLanguage\":\"tr\"},{\"@type\":\"Person\",\"@id\":\"https:\\\/\\\/kuzeyinsesi.org\\\/#\\\/schema\\\/person\\\/9f859689cdf01485597712386e37f5aa\",\"name\":\"Kuzeyin Sesi\",\"image\":{\"@type\":\"ImageObject\",\"inLanguage\":\"tr\",\"@id\":\"https:\\\/\\\/secure.gravatar.com\\\/avatar\\\/bab33852abfd8b282518d6ed81826833d77c3c882d9ab608add591ccace47a44?s=96&d=mm&r=g\",\"url\":\"https:\\\/\\\/secure.gravatar.com\\\/avatar\\\/bab33852abfd8b282518d6ed81826833d77c3c882d9ab608add591ccace47a44?s=96&d=mm&r=g\",\"contentUrl\":\"https:\\\/\\\/secure.gravatar.com\\\/avatar\\\/bab33852abfd8b282518d6ed81826833d77c3c882d9ab608add591ccace47a44?s=96&d=mm&r=g\",\"caption\":\"Kuzeyin Sesi\"},\"sameAs\":[\"https:\\\/\\\/kuzeyinsesi.org\"],\"url\":\"https:\\\/\\\/kuzeyinsesi.org\\\/index.php\\\/author\\\/guven\\\/\"}]}<\/script>\n<!-- \/ Yoast SEO plugin. -->","yoast_head_json":{"title":"\u201cBizim O\u011flan ve Kom\u015funun K\u0131z\u0131\u201d oyunu, Gazima\u011fusa, G\u00fczelyurt, Alayk\u00f6y ve Lefko\u015fa\u2019da sahnelenecek - Kuzeyin Sesi","robots":{"index":"index","follow":"follow","max-snippet":"max-snippet:-1","max-image-preview":"max-image-preview:large","max-video-preview":"max-video-preview:-1"},"canonical":"https:\/\/kuzeyinsesi.org\/index.php\/2025\/02\/27\/bizim-oglan-ve-komsunun-kizi-oyunu-gazimagusa-guzelyurt-alaykoy-ve-lefkosada-sahnelenecek\/","og_locale":"tr_TR","og_type":"article","og_title":"\u201cBizim O\u011flan ve Kom\u015funun K\u0131z\u0131\u201d oyunu, Gazima\u011fusa, G\u00fczelyurt, Alayk\u00f6y ve Lefko\u015fa\u2019da sahnelenecek - Kuzeyin Sesi","og_description":"De\u011firmenlik Ak\u0131nc\u0131lar Belediyesi, De\u011firmenlik Ak\u0131nc\u0131lar Belediyesi \u00d6zle T\u00fcrkel Sosyal Aktivite Merkezi Halk Danslar\u0131 Toplulu\u011fu, \u201cBizim O\u011flan ve Kom\u015funun K\u0131z\u0131\u201d adl\u0131 oyunla sahneye \u00e7\u0131k\u0131yor. Belediyeden yap\u0131lan a\u00e7\u0131klamaya g\u00f6re, Mustafa Ulu\u00e7\u0131nar ve Tahir Kaptano\u011flu\u2019nun yazd\u0131\u011f\u0131 oyunun genel y\u00f6netmenli\u011fini Tahir Kaptano\u011flu, sanat y\u00f6netmenli\u011fini de Osman Bulun \u00fcstlendi. Tiyatro ve halk danslar\u0131 harmanlanarak haz\u0131rlanan oyun, K\u0131br\u0131s k\u00fclt\u00fcr\u00fcnde ge\u00e7mi\u015f y\u0131llarda [&hellip;]","og_url":"https:\/\/kuzeyinsesi.org\/index.php\/2025\/02\/27\/bizim-oglan-ve-komsunun-kizi-oyunu-gazimagusa-guzelyurt-alaykoy-ve-lefkosada-sahnelenecek\/","og_site_name":"Kuzeyin Sesi","article_publisher":"https:\/\/www.facebook.com\/kuzeyinsesii","article_published_time":"2025-02-27T11:47:08+00:00","og_image":[{"url":"https:\/\/brtk.net\/wp-content\/uploads\/2025\/02\/27\/kkkkk-scaled.jpg?ver=0c94cd9a6bf00833d05affcb7ca83049","type":"","width":"","height":""}],"author":"Kuzeyin Sesi","twitter_card":"summary_large_image","twitter_creator":"@kuzeyinsesii","twitter_site":"@kuzeyinsesii","twitter_misc":{"Yazan:":"Kuzeyin Sesi","Tahmini okuma s\u00fcresi":"1 dakika"},"schema":{"@context":"https:\/\/schema.org","@graph":[{"@type":"Article","@id":"https:\/\/kuzeyinsesi.org\/index.php\/2025\/02\/27\/bizim-oglan-ve-komsunun-kizi-oyunu-gazimagusa-guzelyurt-alaykoy-ve-lefkosada-sahnelenecek\/#article","isPartOf":{"@id":"https:\/\/kuzeyinsesi.org\/index.php\/2025\/02\/27\/bizim-oglan-ve-komsunun-kizi-oyunu-gazimagusa-guzelyurt-alaykoy-ve-lefkosada-sahnelenecek\/"},"author":{"name":"Kuzeyin Sesi","@id":"https:\/\/kuzeyinsesi.org\/#\/schema\/person\/9f859689cdf01485597712386e37f5aa"},"headline":"\u201cBizim O\u011flan ve Kom\u015funun K\u0131z\u0131\u201d oyunu, Gazima\u011fusa, G\u00fczelyurt, Alayk\u00f6y ve Lefko\u015fa\u2019da sahnelenecek","datePublished":"2025-02-27T11:47:08+00:00","mainEntityOfPage":{"@id":"https:\/\/kuzeyinsesi.org\/index.php\/2025\/02\/27\/bizim-oglan-ve-komsunun-kizi-oyunu-gazimagusa-guzelyurt-alaykoy-ve-lefkosada-sahnelenecek\/"},"wordCount":178,"commentCount":0,"image":{"@id":"https:\/\/kuzeyinsesi.org\/index.php\/2025\/02\/27\/bizim-oglan-ve-komsunun-kizi-oyunu-gazimagusa-guzelyurt-alaykoy-ve-lefkosada-sahnelenecek\/#primaryimage"},"thumbnailUrl":"https:\/\/kuzeyinsesi.org\/wp-content\/uploads\/2025\/02\/kkkkk-scaled.jpg","articleSection":["Ya\u015fam"],"inLanguage":"tr","potentialAction":[{"@type":"CommentAction","name":"Comment","target":["https:\/\/kuzeyinsesi.org\/index.php\/2025\/02\/27\/bizim-oglan-ve-komsunun-kizi-oyunu-gazimagusa-guzelyurt-alaykoy-ve-lefkosada-sahnelenecek\/#respond"]}]},{"@type":"WebPage","@id":"https:\/\/kuzeyinsesi.org\/index.php\/2025\/02\/27\/bizim-oglan-ve-komsunun-kizi-oyunu-gazimagusa-guzelyurt-alaykoy-ve-lefkosada-sahnelenecek\/","url":"https:\/\/kuzeyinsesi.org\/index.php\/2025\/02\/27\/bizim-oglan-ve-komsunun-kizi-oyunu-gazimagusa-guzelyurt-alaykoy-ve-lefkosada-sahnelenecek\/","name":"\u201cBizim O\u011flan ve Kom\u015funun K\u0131z\u0131\u201d oyunu, Gazima\u011fusa, G\u00fczelyurt, Alayk\u00f6y ve Lefko\u015fa\u2019da sahnelenecek - Kuzeyin Sesi","isPartOf":{"@id":"https:\/\/kuzeyinsesi.org\/#website"},"primaryImageOfPage":{"@id":"https:\/\/kuzeyinsesi.org\/index.php\/2025\/02\/27\/bizim-oglan-ve-komsunun-kizi-oyunu-gazimagusa-guzelyurt-alaykoy-ve-lefkosada-sahnelenecek\/#primaryimage"},"image":{"@id":"https:\/\/kuzeyinsesi.org\/index.php\/2025\/02\/27\/bizim-oglan-ve-komsunun-kizi-oyunu-gazimagusa-guzelyurt-alaykoy-ve-lefkosada-sahnelenecek\/#primaryimage"},"thumbnailUrl":"https:\/\/kuzeyinsesi.org\/wp-content\/uploads\/2025\/02\/kkkkk-scaled.jpg","datePublished":"2025-02-27T11:47:08+00:00","author":{"@id":"https:\/\/kuzeyinsesi.org\/#\/schema\/person\/9f859689cdf01485597712386e37f5aa"},"breadcrumb":{"@id":"https:\/\/kuzeyinsesi.org\/index.php\/2025\/02\/27\/bizim-oglan-ve-komsunun-kizi-oyunu-gazimagusa-guzelyurt-alaykoy-ve-lefkosada-sahnelenecek\/#breadcrumb"},"inLanguage":"tr","potentialAction":[{"@type":"ReadAction","target":["https:\/\/kuzeyinsesi.org\/index.php\/2025\/02\/27\/bizim-oglan-ve-komsunun-kizi-oyunu-gazimagusa-guzelyurt-alaykoy-ve-lefkosada-sahnelenecek\/"]}]},{"@type":"ImageObject","inLanguage":"tr","@id":"https:\/\/kuzeyinsesi.org\/index.php\/2025\/02\/27\/bizim-oglan-ve-komsunun-kizi-oyunu-gazimagusa-guzelyurt-alaykoy-ve-lefkosada-sahnelenecek\/#primaryimage","url":"https:\/\/kuzeyinsesi.org\/wp-content\/uploads\/2025\/02\/kkkkk-scaled.jpg","contentUrl":"https:\/\/kuzeyinsesi.org\/wp-content\/uploads\/2025\/02\/kkkkk-scaled.jpg","width":2560,"height":1703},{"@type":"BreadcrumbList","@id":"https:\/\/kuzeyinsesi.org\/index.php\/2025\/02\/27\/bizim-oglan-ve-komsunun-kizi-oyunu-gazimagusa-guzelyurt-alaykoy-ve-lefkosada-sahnelenecek\/#breadcrumb","itemListElement":[{"@type":"ListItem","position":1,"name":"Anasayfa","item":"https:\/\/kuzeyinsesi.org\/"},{"@type":"ListItem","position":2,"name":"\u201cBizim O\u011flan ve Kom\u015funun K\u0131z\u0131\u201d oyunu, Gazima\u011fusa, G\u00fczelyurt, Alayk\u00f6y ve Lefko\u015fa\u2019da sahnelenecek"}]},{"@type":"WebSite","@id":"https:\/\/kuzeyinsesi.org\/#website","url":"https:\/\/kuzeyinsesi.org\/","name":"Kuzeyin Sesi","description":"Do\u011fru Haberin Adresi","potentialAction":[{"@type":"SearchAction","target":{"@type":"EntryPoint","urlTemplate":"https:\/\/kuzeyinsesi.org\/?s={search_term_string}"},"query-input":{"@type":"PropertyValueSpecification","valueRequired":true,"valueName":"search_term_string"}}],"inLanguage":"tr"},{"@type":"Person","@id":"https:\/\/kuzeyinsesi.org\/#\/schema\/person\/9f859689cdf01485597712386e37f5aa","name":"Kuzeyin Sesi","image":{"@type":"ImageObject","inLanguage":"tr","@id":"https:\/\/secure.gravatar.com\/avatar\/bab33852abfd8b282518d6ed81826833d77c3c882d9ab608add591ccace47a44?s=96&d=mm&r=g","url":"https:\/\/secure.gravatar.com\/avatar\/bab33852abfd8b282518d6ed81826833d77c3c882d9ab608add591ccace47a44?s=96&d=mm&r=g","contentUrl":"https:\/\/secure.gravatar.com\/avatar\/bab33852abfd8b282518d6ed81826833d77c3c882d9ab608add591ccace47a44?s=96&d=mm&r=g","caption":"Kuzeyin Sesi"},"sameAs":["https:\/\/kuzeyinsesi.org"],"url":"https:\/\/kuzeyinsesi.org\/index.php\/author\/guven\/"}]}},"_links":{"self":[{"href":"https:\/\/kuzeyinsesi.org\/index.php\/wp-json\/wp\/v2\/posts\/19876","targetHints":{"allow":["GET"]}}],"collection":[{"href":"https:\/\/kuzeyinsesi.org\/index.php\/wp-json\/wp\/v2\/posts"}],"about":[{"href":"https:\/\/kuzeyinsesi.org\/index.php\/wp-json\/wp\/v2\/types\/post"}],"author":[{"embeddable":true,"href":"https:\/\/kuzeyinsesi.org\/index.php\/wp-json\/wp\/v2\/users\/1"}],"replies":[{"embeddable":true,"href":"https:\/\/kuzeyinsesi.org\/index.php\/wp-json\/wp\/v2\/comments?post=19876"}],"version-history":[{"count":0,"href":"https:\/\/kuzeyinsesi.org\/index.php\/wp-json\/wp\/v2\/posts\/19876\/revisions"}],"wp:featuredmedia":[{"embeddable":true,"href":"https:\/\/kuzeyinsesi.org\/index.php\/wp-json\/wp\/v2\/media\/19877"}],"wp:attachment":[{"href":"https:\/\/kuzeyinsesi.org\/index.php\/wp-json\/wp\/v2\/media?parent=19876"}],"wp:term":[{"taxonomy":"category","embeddable":true,"href":"https:\/\/kuzeyinsesi.org\/index.php\/wp-json\/wp\/v2\/categories?post=19876"},{"taxonomy":"post_tag","embeddable":true,"href":"https:\/\/kuzeyinsesi.org\/index.php\/wp-json\/wp\/v2\/tags?post=19876"}],"curies":[{"name":"wp","href":"https:\/\/api.w.org\/{rel}","templated":true}]}}