{"id":19858,"date":"2025-02-27T10:54:08","date_gmt":"2025-02-27T08:54:08","guid":{"rendered":"https:\/\/kuzeyinsesi.org\/index.php\/2025\/02\/27\/fidantrumpin-gazze-plani-akil-tutulmasi\/"},"modified":"2025-02-27T10:54:08","modified_gmt":"2025-02-27T08:54:08","slug":"fidantrumpin-gazze-plani-akil-tutulmasi","status":"publish","type":"post","link":"https:\/\/kuzeyinsesi.org\/index.php\/2025\/02\/27\/fidantrumpin-gazze-plani-akil-tutulmasi\/","title":{"rendered":"Fidan:Trump\u2019\u0131n Gazze plan\u0131 ak\u0131l tutulmas\u0131"},"content":{"rendered":"<div>\n<div class=\"mariselle-image-container center\">\n                                            <\/div>\n<p> T\u00fcrkiye D\u0131\u015fi\u015fleri Bakan\u0131 Hakan Fidan, ABD Ba\u015fkan\u0131 Donald Trump\u2019\u0131n Gazze\u2019yi devralma ve Filistinlileri zorla yerinden etme plan\u0131n\u0131 T\u00fcrkiye\u2019nin kabul etmeyece\u011fini ve bu plan\u0131n ciddiye al\u0131nmamas\u0131 gerekti\u011fini belirterek, \u201cBunu savunan d\u00fcnyada herhalde iki \u00fclke \u00e7\u0131kar. Bir Amerika, bir \u0130srail. Onun d\u0131\u015f\u0131nda d\u00fcnyan\u0131n geri kalan\u0131 buna kar\u015f\u0131.\u201d dedi.<\/p>\n<p>Fidan, Al Jazeera\u2019n\u0131n sorular\u0131n\u0131 yan\u0131tlad\u0131.<\/p>\n<p>R\u00f6portaj\u0131n ilk b\u00f6l\u00fcm\u00fcnde Fidan, T\u00fcrk d\u0131\u015f politikas\u0131n\u0131n bir numaral\u0131 \u00f6nceli\u011finin Orta Do\u011fu, Kafkaslar, Balkanlar, Karadeniz, Akdeniz olmak \u00fczere Ege de dahil \u00e7at\u0131\u015fmalar\u0131n yat\u0131\u015fmas\u0131, sava\u015flar\u0131n durmas\u0131, istikrars\u0131zl\u0131k ortam\u0131n\u0131n ortadan kalkmas\u0131 oldu\u011funu, bu ger\u00e7ekle\u015fti\u011fi zaman ekonomik kalk\u0131nma ve halka temel hizmetleri g\u00f6t\u00fcrmenin daha kolay oldu\u011funu s\u00f6yledi.<\/p>\n<p>\u201cYap\u0131c\u0131, ba\u015fkas\u0131n\u0131n g\u00fcvenli\u011fini tehdit etmeyen, herkesin toprak b\u00fct\u00fcnl\u00fc\u011f\u00fcne sayg\u0131l\u0131, ekonomik kalk\u0131nmay\u0131 hedef alan, herkesin milli iradesine sayg\u0131 g\u00f6steren bir d\u0131\u015f politika izliyoruz.\u201d diyen Fidan, \u0130srail\u2019de Ba\u015fbakan Binyamin Netanyahu h\u00fck\u00fcmetinin, \u0130srail\u2019in g\u00fcvenli\u011fini, iki devletli \u00e7\u00f6z\u00fcmde de\u011fil de \u0130srail\u2019in b\u00f6lgede yayg\u0131nla\u015fmas\u0131yla, yay\u0131lmac\u0131l\u0131\u011f\u0131yla g\u00f6rd\u00fc\u011f\u00fcn\u00fc ifade etti.<\/p>\n<p>Fidan, M\u00fcsl\u00fcman ve Arap \u00fclkeleri olarak \u0130srail y\u00f6netimine \u201cGel iki devletli \u00e7\u00f6z\u00fcm\u00fc kabul et. Hem Arap \u00fclkeleriyle hem di\u011fer M\u00fcsl\u00fcman \u00fclkelerle bar\u0131\u015f\u0131n\u0131 yap\u201d dediklerini belirterek \u015f\u00f6yle devam etti:<\/p>\n<p>\u201cSen de g\u00fcvenli\u011fini hisset, di\u011ferleri de. Fakat Filistinlilere devlet vermeyi b\u0131rak\u0131n, Filistin topraklar\u0131n\u0131 ilhak edip onun da \u00f6tesinde L\u00fcbnan\u2019\u0131, Suriye\u2019yi i\u015fgal etmeye y\u00f6nelik planlar\u0131 oldu\u011funu g\u00f6r\u00fcyoruz. Sonsuza kadar bunu yapamazs\u0131n\u0131z. \u015eimdi Amerika size yard\u0131m ediyor bu konuda, bu yanl\u0131\u015f politika konusunda ama bu politika s\u00fcrd\u00fcr\u00fclebilir politika de\u011fil. Onun yerine, gelin Arap \u00fclkeleri haz\u0131r, T\u00fcrkiye haz\u0131r, iki devletli \u00e7\u00f6z\u00fcmle siz hem kendinizi rahat hissedin, g\u00fcvende hissedin hem de b\u00f6lge rahat olsun. Bu t\u00fcrden i\u015fgal hareketleri, bu t\u00fcr geni\u015f i\u015fgal politikalar\u0131, kontrol alt\u0131na alma politikalar\u0131 \u00e7ok tehlikeli sonu\u00e7lar \u00fcretir.\u201d<\/p>\n<p>\u201cG\u00fcvenlik tedbirleri ve T\u00fcrkiye\u2019nin \u0130srail\u2019e verece\u011fi garantilerden bahsedilmi\u015fti ve b\u00f6ylece Suriye\u2019nin g\u00fcneyinde bir savunma mekanizmas\u0131 olmayacakt\u0131. B\u00f6yle bir konuyu \u0130srail ya da Suriye ile g\u00f6r\u00fc\u015ft\u00fcn\u00fcz m\u00fc?\u201d sorusuna kar\u015f\u0131l\u0131k Bakan Fidan, \u0130srail ile bu t\u00fcrden konular\u0131 g\u00f6r\u00fc\u015fmediklerini, zaten Suriye\u2019nin \u015fu anda kendi milli birli\u011fini, b\u00fct\u00fcnl\u00fc\u011f\u00fcn\u00fc sa\u011flama yolunda ad\u0131m att\u0131\u011f\u0131n\u0131 ve Suriye\u2019nin toprak b\u00fct\u00fcnl\u00fc\u011f\u00fcn\u00fcn sa\u011flanmas\u0131n\u0131n fevkalade \u00f6nemli oldu\u011funu s\u00f6yledi.<\/p>\n<p>Fidan, Suriye\u2019nin toprak b\u00fct\u00fcnl\u00fc\u011f\u00fcn\u00fcn ilhak edilmesinin, bir tarafta ter\u00f6r \u00f6rg\u00fct\u00fc PKK, g\u00fcneyde ise \u0130srail m\u00fcdahalesinin kabul edilebilir bir m\u00fcdahale olmad\u0131\u011f\u0131n\u0131 ve bunun b\u00f6lgeye daha b\u00fcy\u00fck bir istikrars\u0131zl\u0131k getirdi\u011fini aktard\u0131.<\/p>\n<p>\u2013 \u201cSuriye halk\u0131 tarihte oldu\u011fu gibi ba\u015fta PKK i\u015fgali olmak \u00fczere, \u0130srail i\u015fgali olmak \u00fczere, izin vereceklerini d\u00fc\u015f\u00fcnm\u00fcyorum\u201d<\/p>\n<p>Suriye halk\u0131n\u0131n \u00e7ok cesur bir halk oldu\u011funu, kendi \u00f6zg\u00fcrl\u00fckleri ve onurlar\u0131 i\u00e7in son 15 y\u0131lda b\u00fcy\u00fck fedakarl\u0131klar yapt\u0131klar\u0131n\u0131 dile getiren Fidan, milyonlarca insan\u0131n yerinden edildi\u011fini, y\u00fcz binlerce insan\u0131n \u015fehit oldu\u011funu s\u00f6yledi. Bakan Fidan, \u201cBunlar\u0131n kendi vatan\u0131na kim g\u00f6z dikerse diksin, Suriye milletinin tarihte oldu\u011fu gibi bug\u00fcn ba\u015fta PKK i\u015fgali olmak \u00fczere, \u0130srail i\u015fgali olmak \u00fczere bu i\u015fgale izin vereceklerini d\u00fc\u015f\u00fcnm\u00fcyorum.\u201d ifadesini kulland\u0131.<\/p>\n<p>Fidan, Rusya D\u0131\u015fi\u015fleri Bakan\u0131 Sergey Lavrov\u2019un T\u00fcrkiye ziyareti ve Rusya-Ukrayna Sava\u015f\u0131\u2019na ili\u015fkin de\u011ferlendirmede bulundu.<\/p>\n<p>Suriye ile Rusya\u2019n\u0131n bir mazisi oldu\u011funa i\u015faret eden Fidan, \u201cEsas itibar\u0131yla bu maziye dayanarak geli\u015ftirilmi\u015f \u00f6nceden ili\u015fkiler var, sosyal ili\u015fkiler, ekonomik ili\u015fkiler, Esad d\u00f6neminde geli\u015fen g\u00fcvenlik ili\u015fkileri. \u015eimdi yeni d\u00f6nemde ba\u015fta oradaki Rus askeri \u00fcsleri olmak \u00fczere di\u011fer ekonomik konular vesaire. Bunlarla nereye gidilir, ne olabilir, ne yap\u0131lmal\u0131, bunlar \u00fczerinde g\u00f6r\u00fc\u015fmeler oldu.\u201d dedi.<\/p>\n<p>Bakan Fidan, Rusya ile Amerika aras\u0131ndaki m\u00fczakereler ve Ukrayna\u2019daki sava\u015fla ilgili, T\u00fcrkiye\u2019nin ara buluculuk rol\u00fcne ili\u015fkin soruyu yan\u0131tlad\u0131.<\/p>\n<p>Ukrayna sava\u015f\u0131nda bir sona gelindi\u011fine ili\u015fkin emareler oldu\u011funu, burada taraflar\u0131n hangi \u015fartlar alt\u0131nda, nas\u0131l ate\u015fkese gideceklerine dair tart\u0131\u015fmalar\u0131n oldu\u011funu belirten Fidan, Amerika ve Rusya\u2019n\u0131n bu tart\u0131\u015fmalar i\u00e7in temsilci atayacaklar\u0131n\u0131 ve her iki tarafta da siyasi iradenin olu\u015ftu\u011funu s\u00f6yledi.<\/p>\n<p>Fidan, Amerikal\u0131lar\u0131n verileri toplay\u0131p daha sonra bir yol haritas\u0131 \u00fczerinde \u00e7al\u0131\u015facaklar\u0131n\u0131, bunlar\u0131 taraflara teklif edeceklerini belirterek \u015f\u00f6yle konu\u015ftu:<\/p>\n<p>\u201cBu haritaya muhakkak taraflar\u0131n, hem Rus taraf\u0131 olsun hem Ukrayna taraf\u0131n\u0131n olsun, Avrupal\u0131lar\u0131n olsun herkesin bir de\u011fi\u015fiklik talebi, teklifi olacak. \u00d6n\u00fcm\u00fczdeki birka\u00e7 ay\u0131n ben bu a\u00e7\u0131dan \u00e7ok h\u0131zl\u0131 ve yo\u011fun ge\u00e7ece\u011fini d\u00fc\u015f\u00fcn\u00fcyorum, Ukrayna sava\u015f\u0131n\u0131 durdurma ad\u0131na. Yaza kadar bir \u015feyleri g\u00f6rmemiz laz\u0131m.\u201d<\/p>\n<p>Avrupa\u2019n\u0131n esas itibar\u0131yla Amerika ile beraber yola \u00e7\u0131karak Ukrayna\u2019da bir askeri plan geli\u015ftirdi\u011fini ifade eden Fidan, \u015fu an ise Amerika\u2019n\u0131n olmad\u0131\u011f\u0131 bir denklemde Avrupa\u2019n\u0131n seferber etti\u011fi, hem siyasi hem askeri b\u00fct\u00fcn y\u00f6ntem ve kapasitenin birdenbire bo\u015fta kald\u0131\u011f\u0131n\u0131, Amerika denklemden \u00e7\u0131k\u0131nca Rusya ile ba\u015f ba\u015fa kalan bir Avrupa g\u00f6r\u00fcld\u00fc\u011f\u00fcn\u00fc, bunun da Avrupa g\u00fcvenli\u011finin temellerinin sars\u0131lmas\u0131 demek oldu\u011funu, \u00e7\u00fcnk\u00fc Amerikal\u0131larla olu\u015fturduklar\u0131 bir g\u00fcvenlik ittifak\u0131 bulundu\u011funu dile getirdi.<\/p>\n<p>Fidan, Avrupa\u2019ya Amerika\u2019n\u0131n sa\u011flad\u0131\u011f\u0131 g\u00fcvenlik \u015femsiyesinin alt\u0131nda kurulan Avrupa Birli\u011fi, Avrupa demokrasileri, Avrupa ekonomisi oldu\u011funu, b\u00fct\u00fcn bunlar\u0131n olmad\u0131\u011f\u0131 bir d\u00fcnyada Avrupal\u0131lar\u0131n muazzam bir g\u00fcvenlik krizi i\u00e7ine girdiklerini ve bunu da \u015fu anda tart\u0131\u015ft\u0131klar\u0131n\u0131 g\u00f6rd\u00fcklerini belirterek \u015fu de\u011ferlendirmede bulundu:<\/p>\n<p>\u201cUkrayna meselesindeki Amerikan pozisyonu, Say\u0131n Trump\u2019\u0131n ilk ba\u015fta ortaya koydu\u011fu pozisyon, \u2018Ruslarla ili\u015fkileri normalle\u015ftirmeliyiz, sava\u015f\u0131 durdurmal\u0131y\u0131z, milyonlarca insan\u0131n \u00f6l\u00fcm\u00fc art\u0131k son bulmal\u0131\u2019 pozisyonu bu noktada \u00e7ok farkl\u0131 bir mesaj g\u00f6nderiyor Avrupa\u2019ya. \u015eimdi, Avrupal\u0131lar\u0131n, bu Almanya\u2019daki \u00e7\u0131kan se\u00e7imden sonra da g\u00f6rd\u00fck, kazanan lider Say\u0131n Merz de s\u00f6yledi. Art\u0131k yaza kadar belki Avrupa Birli\u011fi veya Avrupa \u00fclkeleri, ba\u015fka bir g\u00fcvenlik yap\u0131s\u0131 i\u00e7inde kendilerini bulmak isteyebilirler, NATO\u2019nun d\u0131\u015f\u0131nda.\u201d<\/p>\n<p>Fidan, T\u00fcrkiye\u2019nin AB \u00fcyeli\u011fine ili\u015fkin soruya \u015f\u00f6yle kar\u015f\u0131l\u0131k verdi:<\/p>\n<p>\u201cAvrupa Birli\u011fi\u2019ne ili\u015fkin, T\u00fcrkiye\u2019nin, d\u00fcn Cumhurba\u015fkan\u0131\u2019m\u0131z kabine sonras\u0131nda da ifade etti, bizim hala resmi olarak g\u00f6r\u00fc\u015f\u00fcm\u00fcz AB \u00fcyeli\u011fidir. Bu konudaki perspektifimiz siyasi irade taraf\u0131ndan de\u011fi\u015ftirilmedi. Ama Avrupal\u0131lar\u0131n biliyorsunuz kimlik politikalar\u0131ndan dolay\u0131 T\u00fcrkiye\u2019yi i\u00e7ine almama gibi bir konusu var. \u015eimdi yeni d\u00f6nemde, yeni \u015fartlar alt\u0131nda bunu tekrar g\u00f6zden ge\u00e7irirler mi? Umar\u0131m ge\u00e7irirler.\u201d<\/p>\n<p>\u2013 \u201c(Trump\u2019\u0131n Gazze plan\u0131) Bunu savunan d\u00fcnyada herhalde iki \u00fclke \u00e7\u0131kar. Bir Amerika, bir \u0130srail\u201d<\/p>\n<p>Gazze\u2019de ate\u015fkesin sona ermesi ve \u0130srail\u2019in sald\u0131r\u0131lar\u0131na devam etmesi ihtimaline ili\u015fkin de\u011ferlendirmesi sorulan Fidan, bunun iyi olmayaca\u011f\u0131n\u0131 belirterek, \u201cBurada tabii ki \u00f6zellikle ba\u015fta M\u0131s\u0131r, \u00dcrd\u00fcn, K\u00f6rfez \u00fclkeleri olmak \u00fczere bir tav\u0131r geli\u015ftirmeleri gerekiyor. Yani \u0130srail\u2019e kar\u015f\u0131 bir tav\u0131r geli\u015ftirmeleri gerekiyor. Bu tav\u0131rlar tolere edilebilir de\u011fil.\u201d dedi.<\/p>\n<p>Fidan, ABD Ba\u015fkan\u0131 Donald Trump\u2019\u0131n Gazze\u2019yi devralma ve Filistinlileri zorla yerinden etme plan\u0131n\u0131 T\u00fcrkiye\u2019nin kabul etmeyece\u011fini ve bu plan\u0131n ciddiye al\u0131nmamas\u0131 gerekti\u011fini vurgulad\u0131.<\/p>\n<p>T\u00fcrkiye\u2019nin bu konudaki tavr\u0131n\u0131n net oldu\u011funun alt\u0131n\u0131 \u00e7izen Fidan, \u201cBunu savunan d\u00fcnyada herhalde iki \u00fclke \u00e7\u0131kar. Bir Amerika, bir \u0130srail. Onun d\u0131\u015f\u0131nda d\u00fcnyan\u0131n geri kalan\u0131 buna kar\u015f\u0131.\u201d diye konu\u015ftu.<\/p>\n<p>Bu plan\u0131 \u201cak\u0131l tutulmas\u0131\u201d olarak nitelendiren Fidan, Arap \u00fclkelerinin, Gazze\u2019nin yeniden in\u015fas\u0131, y\u00f6netimi, idaresi ve g\u00fcvenlik konular\u0131yla ilgili bir plan \u00fczerinde \u00e7al\u0131\u015ft\u0131\u011f\u0131n\u0131 ifade etti.<\/p>\n<p>\u2013 \u201cHamas bir fikir, Hamas bir ideoloji\u201d<\/p>\n<p>Bakan Fidan, gelecekte Hamas\u2019\u0131n Gazze\u2019deki rol\u00fcne ili\u015fkin soruyu, Hamas\u2019\u0131n Filistin Devleti\u2019nin alt\u0131nda bulunan di\u011fer siyasi partiler gibi me\u015fru bir parti oldu\u011funa dikkati \u00e7ekerek yan\u0131tlad\u0131.<\/p>\n<p>Bakan Fidan, \u015funlar\u0131 ifade etti:<\/p>\n<p>\u201cBir direni\u015f hareketi. \u0130\u015fgal oldu\u011fu i\u00e7in de silahl\u0131 m\u00fccadele i\u00e7inde kendini bulmak zorunda kalan bir hareket. \u015eimdi Gazze\u2019nin gelece\u011finde Filistin Y\u00f6netimi gelir, birileri gelir orada bir y\u00f6netimde bulunabilirler. Ama bir\u00e7ok g\u00f6zlemcinin ve devlet adam\u0131n\u0131n da ifade etti\u011fi gibi Hamas sadece ki\u015filerden olu\u015fan bir organizasyon de\u011fil. Hamas bir fikir, Hamas bir ideoloji.\u201d<\/p>\n<p>Fidan, Hamas\u2019\u0131n \u0130srail i\u015fgalinin do\u011furdu\u011fu bir ideoloji oldu\u011funu belirterek, i\u015fgal, a\u015fa\u011f\u0131lanma, zul\u00fcm devam etti\u011fi s\u00fcrece Hamas\u2019\u0131 odak noktas\u0131 olarak g\u00f6stermenin, problemin kendisini saklamak oldu\u011funu s\u00f6yledi.<\/p>\n<p>Problemin Filistin topraklar\u0131n\u0131n i\u015fgal alt\u0131nda tutulmas\u0131 oldu\u011funa i\u015faret eden Fidan, \u201cFilistinlilerin e\u011fer devleti olur, 1967 s\u0131n\u0131rlar\u0131 i\u00e7inde ya\u015fad\u0131klar\u0131 bir alan olur da \u2018Biz buna ra\u011fmen \u0130srail\u2019e sald\u0131ral\u0131m\u2019 derlerse, i\u015fte o zaman Filistinliler en b\u00fcy\u00fck su\u00e7u i\u015fliyor demektir. Ama kendileri i\u015fgal alt\u0131ndayken, her t\u00fcrl\u00fc temel haklar\u0131ndan mahrum b\u0131rak\u0131lm\u0131\u015fken bu insanlar ne yapacaklar? Dolay\u0131s\u0131yla bug\u00fcn Hamas gider, yar\u0131n Hamas\u2019tan daha diren\u00e7li, daha sava\u015fkan ba\u015fka bir yap\u0131 gelir.\u201d de\u011ferlendirmesinde bulundu.<\/p>\n<p><em>\u2013 \u201c\u00d6lmek d\u0131\u015f\u0131nda \u00e7aresi kalmayan millet ne yaps\u0131n?\u201d<\/em><\/p>\n<p>Fidan, \u201cB\u00f6lge \u00fclkeleri, T\u00fcrkiye de dahil gelece\u011fiz, biz de bu konuda yard\u0131mc\u0131 olaca\u011f\u0131z. E\u011fer bir \u00fclkeye, siz bir millete devletini veriyorsunuz, topraklar\u0131n\u0131 veriyorsunuz, egemenli\u011fini veriyorsunuz, ona ra\u011fmen etrafa sald\u0131rganl\u0131k yap\u0131yorsa, o zaman da biz hep beraber bir araya gelir o sald\u0131rganl\u0131\u011f\u0131 bast\u0131r\u0131r\u0131z. Ama \u015fimdi i\u015fgal alt\u0131nda olan, y\u0131llard\u0131r a\u015fa\u011f\u0131lanm\u0131\u015f bir millet. \u00d6lmek d\u0131\u015f\u0131nda ba\u015fka bir \u00e7aresi kalmayan millet ne yaps\u0131n?\u201d dedi.<\/p>\n<p>Sudan\u2019daki geli\u015fmelere ili\u015fkin de Fidan, bu \u00fclkedeki i\u00e7 sava\u015f\u0131n \u0130slam d\u00fcnyas\u0131nda g\u00f6rmek istemedikleri bir manzara oldu\u011funu s\u00f6yledi.<\/p>\n<p>Fidan, \u00fclkede milyonlarca insan\u0131n yerinden edildi\u011fini ve T\u00fcrkiye olarak buraya insani yard\u0131m g\u00f6ndermeye \u00e7al\u0131\u015ft\u0131klar\u0131n\u0131 belirterek, \u0130slam d\u00fcnyas\u0131n\u0131n bu meseleye \u00e7ok yak\u0131ndan bakmas\u0131 gerekti\u011fini kaydetti.<\/p>\n<p>Bakan Fidan, T\u00fcrkiye\u2019nin d\u0131\u015f politikas\u0131n\u0131n yap\u0131c\u0131 rol\u00fcn\u00fcn \u00e7ok \u00f6nemli oldu\u011funun alt\u0131n\u0131 \u00e7izerek, \u201cCumhurba\u015fkan\u0131\u2019m\u0131z (Recep Tayyip Erdo\u011fan) oldu\u011fu s\u00fcrece, bizler oldu\u011fumuz s\u00fcrece ger\u00e7ekten bu politikan\u0131n hem b\u00f6lgemize hem d\u00fcnyaya hay\u0131rlar getirdi\u011fine hep inanm\u0131\u015f\u0131md\u0131r.\u201d ifadesini kulland\u0131.<\/p>\n<p>R\u00f6portaj\u0131n ikinci b\u00f6l\u00fcm\u00fcn\u00fcn bug\u00fcn yay\u0131nlanmas\u0131 bekleniyor.<\/p>\n<\/p><\/div>\n<p><script async\n                    defer\n                    crossorigin=\"anonymous\"\n                    src=\"https:\/\/connect.facebook.net\/tr_TR\/sdk.js#xfbml=1&#038;version=v3.3\"\n            ><\/script><\/p>\n","protected":false},"excerpt":{"rendered":"<p>T\u00fcrkiye D\u0131\u015fi\u015fleri Bakan\u0131 Hakan Fidan, ABD Ba\u015fkan\u0131 Donald Trump\u2019\u0131n Gazze\u2019yi devralma ve Filistinlileri zorla yerinden etme plan\u0131n\u0131 T\u00fcrkiye\u2019nin kabul etmeyece\u011fini ve bu plan\u0131n ciddiye al\u0131nmamas\u0131 gerekti\u011fini belirterek, \u201cBunu savunan d\u00fcnyada herhalde iki \u00fclke \u00e7\u0131kar. Bir Amerika, bir \u0130srail. Onun d\u0131\u015f\u0131nda d\u00fcnyan\u0131n geri kalan\u0131 buna kar\u015f\u0131.\u201d dedi. Fidan, Al Jazeera\u2019n\u0131n sorular\u0131n\u0131 yan\u0131tlad\u0131. R\u00f6portaj\u0131n ilk b\u00f6l\u00fcm\u00fcnde Fidan, [&hellip;]<\/p>\n","protected":false},"author":1,"featured_media":19859,"comment_status":"open","ping_status":"open","sticky":false,"template":"","format":"standard","meta":{"jnews-multi-image_gallery":[],"jnews_single_post":[],"jnews_primary_category":[],"jnews_social_meta":[],"jnews_override_counter":[],"footnotes":""},"categories":[5],"tags":[],"class_list":["post-19858","post","type-post","status-publish","format-standard","has-post-thumbnail","hentry","category-turkiye"],"yoast_head":"<!-- This site is optimized with the Yoast SEO plugin v27.5 - https:\/\/yoast.com\/product\/yoast-seo-wordpress\/ -->\n<title>Fidan:Trump\u2019\u0131n Gazze plan\u0131 ak\u0131l tutulmas\u0131 - Kuzeyin Sesi<\/title>\n<meta name=\"robots\" content=\"index, follow, max-snippet:-1, max-image-preview:large, max-video-preview:-1\" \/>\n<link rel=\"canonical\" href=\"https:\/\/kuzeyinsesi.org\/index.php\/2025\/02\/27\/fidantrumpin-gazze-plani-akil-tutulmasi\/\" \/>\n<meta property=\"og:locale\" content=\"tr_TR\" \/>\n<meta property=\"og:type\" content=\"article\" \/>\n<meta property=\"og:title\" content=\"Fidan:Trump\u2019\u0131n Gazze plan\u0131 ak\u0131l tutulmas\u0131 - Kuzeyin Sesi\" \/>\n<meta property=\"og:description\" content=\"T\u00fcrkiye D\u0131\u015fi\u015fleri Bakan\u0131 Hakan Fidan, ABD Ba\u015fkan\u0131 Donald Trump\u2019\u0131n Gazze\u2019yi devralma ve Filistinlileri zorla yerinden etme plan\u0131n\u0131 T\u00fcrkiye\u2019nin kabul etmeyece\u011fini ve bu plan\u0131n ciddiye al\u0131nmamas\u0131 gerekti\u011fini belirterek, \u201cBunu savunan d\u00fcnyada herhalde iki \u00fclke \u00e7\u0131kar. Bir Amerika, bir \u0130srail. Onun d\u0131\u015f\u0131nda d\u00fcnyan\u0131n geri kalan\u0131 buna kar\u015f\u0131.\u201d dedi. Fidan, Al Jazeera\u2019n\u0131n sorular\u0131n\u0131 yan\u0131tlad\u0131. R\u00f6portaj\u0131n ilk b\u00f6l\u00fcm\u00fcnde Fidan, [&hellip;]\" \/>\n<meta property=\"og:url\" content=\"https:\/\/kuzeyinsesi.org\/index.php\/2025\/02\/27\/fidantrumpin-gazze-plani-akil-tutulmasi\/\" \/>\n<meta property=\"og:site_name\" content=\"Kuzeyin Sesi\" \/>\n<meta property=\"article:publisher\" content=\"https:\/\/www.facebook.com\/kuzeyinsesii\" \/>\n<meta property=\"article:published_time\" content=\"2025-02-27T08:54:08+00:00\" \/>\n<meta property=\"og:image\" content=\"https:\/\/brtk.net\/wp-content\/uploads\/2024\/12\/11\/FIDANN.jpg?ver=3ad50a60c20d0adf2a6f4ec8805cf492\" \/>\n<meta name=\"author\" content=\"Kuzeyin Sesi\" \/>\n<meta name=\"twitter:card\" content=\"summary_large_image\" \/>\n<meta name=\"twitter:creator\" content=\"@kuzeyinsesii\" \/>\n<meta name=\"twitter:site\" content=\"@kuzeyinsesii\" \/>\n<meta name=\"twitter:label1\" content=\"Yazan:\" \/>\n\t<meta name=\"twitter:data1\" content=\"Kuzeyin Sesi\" \/>\n\t<meta name=\"twitter:label2\" content=\"Tahmini okuma s\u00fcresi\" \/>\n\t<meta name=\"twitter:data2\" content=\"10 dakika\" \/>\n<script type=\"application\/ld+json\" class=\"yoast-schema-graph\">{\"@context\":\"https:\\\/\\\/schema.org\",\"@graph\":[{\"@type\":\"Article\",\"@id\":\"https:\\\/\\\/kuzeyinsesi.org\\\/index.php\\\/2025\\\/02\\\/27\\\/fidantrumpin-gazze-plani-akil-tutulmasi\\\/#article\",\"isPartOf\":{\"@id\":\"https:\\\/\\\/kuzeyinsesi.org\\\/index.php\\\/2025\\\/02\\\/27\\\/fidantrumpin-gazze-plani-akil-tutulmasi\\\/\"},\"author\":{\"name\":\"Kuzeyin Sesi\",\"@id\":\"https:\\\/\\\/kuzeyinsesi.org\\\/#\\\/schema\\\/person\\\/9f859689cdf01485597712386e37f5aa\"},\"headline\":\"Fidan:Trump\u2019\u0131n Gazze plan\u0131 ak\u0131l tutulmas\u0131\",\"datePublished\":\"2025-02-27T08:54:08+00:00\",\"mainEntityOfPage\":{\"@id\":\"https:\\\/\\\/kuzeyinsesi.org\\\/index.php\\\/2025\\\/02\\\/27\\\/fidantrumpin-gazze-plani-akil-tutulmasi\\\/\"},\"wordCount\":1915,\"commentCount\":0,\"image\":{\"@id\":\"https:\\\/\\\/kuzeyinsesi.org\\\/index.php\\\/2025\\\/02\\\/27\\\/fidantrumpin-gazze-plani-akil-tutulmasi\\\/#primaryimage\"},\"thumbnailUrl\":\"https:\\\/\\\/kuzeyinsesi.org\\\/wp-content\\\/uploads\\\/2025\\\/02\\\/FIDANN.jpg\",\"articleSection\":[\"T\u00fcrkiye\"],\"inLanguage\":\"tr\",\"potentialAction\":[{\"@type\":\"CommentAction\",\"name\":\"Comment\",\"target\":[\"https:\\\/\\\/kuzeyinsesi.org\\\/index.php\\\/2025\\\/02\\\/27\\\/fidantrumpin-gazze-plani-akil-tutulmasi\\\/#respond\"]}]},{\"@type\":\"WebPage\",\"@id\":\"https:\\\/\\\/kuzeyinsesi.org\\\/index.php\\\/2025\\\/02\\\/27\\\/fidantrumpin-gazze-plani-akil-tutulmasi\\\/\",\"url\":\"https:\\\/\\\/kuzeyinsesi.org\\\/index.php\\\/2025\\\/02\\\/27\\\/fidantrumpin-gazze-plani-akil-tutulmasi\\\/\",\"name\":\"Fidan:Trump\u2019\u0131n Gazze plan\u0131 ak\u0131l tutulmas\u0131 - Kuzeyin Sesi\",\"isPartOf\":{\"@id\":\"https:\\\/\\\/kuzeyinsesi.org\\\/#website\"},\"primaryImageOfPage\":{\"@id\":\"https:\\\/\\\/kuzeyinsesi.org\\\/index.php\\\/2025\\\/02\\\/27\\\/fidantrumpin-gazze-plani-akil-tutulmasi\\\/#primaryimage\"},\"image\":{\"@id\":\"https:\\\/\\\/kuzeyinsesi.org\\\/index.php\\\/2025\\\/02\\\/27\\\/fidantrumpin-gazze-plani-akil-tutulmasi\\\/#primaryimage\"},\"thumbnailUrl\":\"https:\\\/\\\/kuzeyinsesi.org\\\/wp-content\\\/uploads\\\/2025\\\/02\\\/FIDANN.jpg\",\"datePublished\":\"2025-02-27T08:54:08+00:00\",\"author\":{\"@id\":\"https:\\\/\\\/kuzeyinsesi.org\\\/#\\\/schema\\\/person\\\/9f859689cdf01485597712386e37f5aa\"},\"breadcrumb\":{\"@id\":\"https:\\\/\\\/kuzeyinsesi.org\\\/index.php\\\/2025\\\/02\\\/27\\\/fidantrumpin-gazze-plani-akil-tutulmasi\\\/#breadcrumb\"},\"inLanguage\":\"tr\",\"potentialAction\":[{\"@type\":\"ReadAction\",\"target\":[\"https:\\\/\\\/kuzeyinsesi.org\\\/index.php\\\/2025\\\/02\\\/27\\\/fidantrumpin-gazze-plani-akil-tutulmasi\\\/\"]}]},{\"@type\":\"ImageObject\",\"inLanguage\":\"tr\",\"@id\":\"https:\\\/\\\/kuzeyinsesi.org\\\/index.php\\\/2025\\\/02\\\/27\\\/fidantrumpin-gazze-plani-akil-tutulmasi\\\/#primaryimage\",\"url\":\"https:\\\/\\\/kuzeyinsesi.org\\\/wp-content\\\/uploads\\\/2025\\\/02\\\/FIDANN.jpg\",\"contentUrl\":\"https:\\\/\\\/kuzeyinsesi.org\\\/wp-content\\\/uploads\\\/2025\\\/02\\\/FIDANN.jpg\",\"width\":864,\"height\":486},{\"@type\":\"BreadcrumbList\",\"@id\":\"https:\\\/\\\/kuzeyinsesi.org\\\/index.php\\\/2025\\\/02\\\/27\\\/fidantrumpin-gazze-plani-akil-tutulmasi\\\/#breadcrumb\",\"itemListElement\":[{\"@type\":\"ListItem\",\"position\":1,\"name\":\"Anasayfa\",\"item\":\"https:\\\/\\\/kuzeyinsesi.org\\\/\"},{\"@type\":\"ListItem\",\"position\":2,\"name\":\"Fidan:Trump\u2019\u0131n Gazze plan\u0131 ak\u0131l tutulmas\u0131\"}]},{\"@type\":\"WebSite\",\"@id\":\"https:\\\/\\\/kuzeyinsesi.org\\\/#website\",\"url\":\"https:\\\/\\\/kuzeyinsesi.org\\\/\",\"name\":\"Kuzeyin Sesi\",\"description\":\"Do\u011fru Haberin Adresi\",\"potentialAction\":[{\"@type\":\"SearchAction\",\"target\":{\"@type\":\"EntryPoint\",\"urlTemplate\":\"https:\\\/\\\/kuzeyinsesi.org\\\/?s={search_term_string}\"},\"query-input\":{\"@type\":\"PropertyValueSpecification\",\"valueRequired\":true,\"valueName\":\"search_term_string\"}}],\"inLanguage\":\"tr\"},{\"@type\":\"Person\",\"@id\":\"https:\\\/\\\/kuzeyinsesi.org\\\/#\\\/schema\\\/person\\\/9f859689cdf01485597712386e37f5aa\",\"name\":\"Kuzeyin Sesi\",\"image\":{\"@type\":\"ImageObject\",\"inLanguage\":\"tr\",\"@id\":\"https:\\\/\\\/secure.gravatar.com\\\/avatar\\\/bab33852abfd8b282518d6ed81826833d77c3c882d9ab608add591ccace47a44?s=96&d=mm&r=g\",\"url\":\"https:\\\/\\\/secure.gravatar.com\\\/avatar\\\/bab33852abfd8b282518d6ed81826833d77c3c882d9ab608add591ccace47a44?s=96&d=mm&r=g\",\"contentUrl\":\"https:\\\/\\\/secure.gravatar.com\\\/avatar\\\/bab33852abfd8b282518d6ed81826833d77c3c882d9ab608add591ccace47a44?s=96&d=mm&r=g\",\"caption\":\"Kuzeyin Sesi\"},\"sameAs\":[\"https:\\\/\\\/kuzeyinsesi.org\"],\"url\":\"https:\\\/\\\/kuzeyinsesi.org\\\/index.php\\\/author\\\/guven\\\/\"}]}<\/script>\n<!-- \/ Yoast SEO plugin. -->","yoast_head_json":{"title":"Fidan:Trump\u2019\u0131n Gazze plan\u0131 ak\u0131l tutulmas\u0131 - Kuzeyin Sesi","robots":{"index":"index","follow":"follow","max-snippet":"max-snippet:-1","max-image-preview":"max-image-preview:large","max-video-preview":"max-video-preview:-1"},"canonical":"https:\/\/kuzeyinsesi.org\/index.php\/2025\/02\/27\/fidantrumpin-gazze-plani-akil-tutulmasi\/","og_locale":"tr_TR","og_type":"article","og_title":"Fidan:Trump\u2019\u0131n Gazze plan\u0131 ak\u0131l tutulmas\u0131 - Kuzeyin Sesi","og_description":"T\u00fcrkiye D\u0131\u015fi\u015fleri Bakan\u0131 Hakan Fidan, ABD Ba\u015fkan\u0131 Donald Trump\u2019\u0131n Gazze\u2019yi devralma ve Filistinlileri zorla yerinden etme plan\u0131n\u0131 T\u00fcrkiye\u2019nin kabul etmeyece\u011fini ve bu plan\u0131n ciddiye al\u0131nmamas\u0131 gerekti\u011fini belirterek, \u201cBunu savunan d\u00fcnyada herhalde iki \u00fclke \u00e7\u0131kar. Bir Amerika, bir \u0130srail. Onun d\u0131\u015f\u0131nda d\u00fcnyan\u0131n geri kalan\u0131 buna kar\u015f\u0131.\u201d dedi. Fidan, Al Jazeera\u2019n\u0131n sorular\u0131n\u0131 yan\u0131tlad\u0131. R\u00f6portaj\u0131n ilk b\u00f6l\u00fcm\u00fcnde Fidan, [&hellip;]","og_url":"https:\/\/kuzeyinsesi.org\/index.php\/2025\/02\/27\/fidantrumpin-gazze-plani-akil-tutulmasi\/","og_site_name":"Kuzeyin Sesi","article_publisher":"https:\/\/www.facebook.com\/kuzeyinsesii","article_published_time":"2025-02-27T08:54:08+00:00","og_image":[{"url":"https:\/\/brtk.net\/wp-content\/uploads\/2024\/12\/11\/FIDANN.jpg?ver=3ad50a60c20d0adf2a6f4ec8805cf492","type":"","width":"","height":""}],"author":"Kuzeyin Sesi","twitter_card":"summary_large_image","twitter_creator":"@kuzeyinsesii","twitter_site":"@kuzeyinsesii","twitter_misc":{"Yazan:":"Kuzeyin Sesi","Tahmini okuma s\u00fcresi":"10 dakika"},"schema":{"@context":"https:\/\/schema.org","@graph":[{"@type":"Article","@id":"https:\/\/kuzeyinsesi.org\/index.php\/2025\/02\/27\/fidantrumpin-gazze-plani-akil-tutulmasi\/#article","isPartOf":{"@id":"https:\/\/kuzeyinsesi.org\/index.php\/2025\/02\/27\/fidantrumpin-gazze-plani-akil-tutulmasi\/"},"author":{"name":"Kuzeyin Sesi","@id":"https:\/\/kuzeyinsesi.org\/#\/schema\/person\/9f859689cdf01485597712386e37f5aa"},"headline":"Fidan:Trump\u2019\u0131n Gazze plan\u0131 ak\u0131l tutulmas\u0131","datePublished":"2025-02-27T08:54:08+00:00","mainEntityOfPage":{"@id":"https:\/\/kuzeyinsesi.org\/index.php\/2025\/02\/27\/fidantrumpin-gazze-plani-akil-tutulmasi\/"},"wordCount":1915,"commentCount":0,"image":{"@id":"https:\/\/kuzeyinsesi.org\/index.php\/2025\/02\/27\/fidantrumpin-gazze-plani-akil-tutulmasi\/#primaryimage"},"thumbnailUrl":"https:\/\/kuzeyinsesi.org\/wp-content\/uploads\/2025\/02\/FIDANN.jpg","articleSection":["T\u00fcrkiye"],"inLanguage":"tr","potentialAction":[{"@type":"CommentAction","name":"Comment","target":["https:\/\/kuzeyinsesi.org\/index.php\/2025\/02\/27\/fidantrumpin-gazze-plani-akil-tutulmasi\/#respond"]}]},{"@type":"WebPage","@id":"https:\/\/kuzeyinsesi.org\/index.php\/2025\/02\/27\/fidantrumpin-gazze-plani-akil-tutulmasi\/","url":"https:\/\/kuzeyinsesi.org\/index.php\/2025\/02\/27\/fidantrumpin-gazze-plani-akil-tutulmasi\/","name":"Fidan:Trump\u2019\u0131n Gazze plan\u0131 ak\u0131l tutulmas\u0131 - Kuzeyin Sesi","isPartOf":{"@id":"https:\/\/kuzeyinsesi.org\/#website"},"primaryImageOfPage":{"@id":"https:\/\/kuzeyinsesi.org\/index.php\/2025\/02\/27\/fidantrumpin-gazze-plani-akil-tutulmasi\/#primaryimage"},"image":{"@id":"https:\/\/kuzeyinsesi.org\/index.php\/2025\/02\/27\/fidantrumpin-gazze-plani-akil-tutulmasi\/#primaryimage"},"thumbnailUrl":"https:\/\/kuzeyinsesi.org\/wp-content\/uploads\/2025\/02\/FIDANN.jpg","datePublished":"2025-02-27T08:54:08+00:00","author":{"@id":"https:\/\/kuzeyinsesi.org\/#\/schema\/person\/9f859689cdf01485597712386e37f5aa"},"breadcrumb":{"@id":"https:\/\/kuzeyinsesi.org\/index.php\/2025\/02\/27\/fidantrumpin-gazze-plani-akil-tutulmasi\/#breadcrumb"},"inLanguage":"tr","potentialAction":[{"@type":"ReadAction","target":["https:\/\/kuzeyinsesi.org\/index.php\/2025\/02\/27\/fidantrumpin-gazze-plani-akil-tutulmasi\/"]}]},{"@type":"ImageObject","inLanguage":"tr","@id":"https:\/\/kuzeyinsesi.org\/index.php\/2025\/02\/27\/fidantrumpin-gazze-plani-akil-tutulmasi\/#primaryimage","url":"https:\/\/kuzeyinsesi.org\/wp-content\/uploads\/2025\/02\/FIDANN.jpg","contentUrl":"https:\/\/kuzeyinsesi.org\/wp-content\/uploads\/2025\/02\/FIDANN.jpg","width":864,"height":486},{"@type":"BreadcrumbList","@id":"https:\/\/kuzeyinsesi.org\/index.php\/2025\/02\/27\/fidantrumpin-gazze-plani-akil-tutulmasi\/#breadcrumb","itemListElement":[{"@type":"ListItem","position":1,"name":"Anasayfa","item":"https:\/\/kuzeyinsesi.org\/"},{"@type":"ListItem","position":2,"name":"Fidan:Trump\u2019\u0131n Gazze plan\u0131 ak\u0131l tutulmas\u0131"}]},{"@type":"WebSite","@id":"https:\/\/kuzeyinsesi.org\/#website","url":"https:\/\/kuzeyinsesi.org\/","name":"Kuzeyin Sesi","description":"Do\u011fru Haberin Adresi","potentialAction":[{"@type":"SearchAction","target":{"@type":"EntryPoint","urlTemplate":"https:\/\/kuzeyinsesi.org\/?s={search_term_string}"},"query-input":{"@type":"PropertyValueSpecification","valueRequired":true,"valueName":"search_term_string"}}],"inLanguage":"tr"},{"@type":"Person","@id":"https:\/\/kuzeyinsesi.org\/#\/schema\/person\/9f859689cdf01485597712386e37f5aa","name":"Kuzeyin Sesi","image":{"@type":"ImageObject","inLanguage":"tr","@id":"https:\/\/secure.gravatar.com\/avatar\/bab33852abfd8b282518d6ed81826833d77c3c882d9ab608add591ccace47a44?s=96&d=mm&r=g","url":"https:\/\/secure.gravatar.com\/avatar\/bab33852abfd8b282518d6ed81826833d77c3c882d9ab608add591ccace47a44?s=96&d=mm&r=g","contentUrl":"https:\/\/secure.gravatar.com\/avatar\/bab33852abfd8b282518d6ed81826833d77c3c882d9ab608add591ccace47a44?s=96&d=mm&r=g","caption":"Kuzeyin Sesi"},"sameAs":["https:\/\/kuzeyinsesi.org"],"url":"https:\/\/kuzeyinsesi.org\/index.php\/author\/guven\/"}]}},"_links":{"self":[{"href":"https:\/\/kuzeyinsesi.org\/index.php\/wp-json\/wp\/v2\/posts\/19858","targetHints":{"allow":["GET"]}}],"collection":[{"href":"https:\/\/kuzeyinsesi.org\/index.php\/wp-json\/wp\/v2\/posts"}],"about":[{"href":"https:\/\/kuzeyinsesi.org\/index.php\/wp-json\/wp\/v2\/types\/post"}],"author":[{"embeddable":true,"href":"https:\/\/kuzeyinsesi.org\/index.php\/wp-json\/wp\/v2\/users\/1"}],"replies":[{"embeddable":true,"href":"https:\/\/kuzeyinsesi.org\/index.php\/wp-json\/wp\/v2\/comments?post=19858"}],"version-history":[{"count":0,"href":"https:\/\/kuzeyinsesi.org\/index.php\/wp-json\/wp\/v2\/posts\/19858\/revisions"}],"wp:featuredmedia":[{"embeddable":true,"href":"https:\/\/kuzeyinsesi.org\/index.php\/wp-json\/wp\/v2\/media\/19859"}],"wp:attachment":[{"href":"https:\/\/kuzeyinsesi.org\/index.php\/wp-json\/wp\/v2\/media?parent=19858"}],"wp:term":[{"taxonomy":"category","embeddable":true,"href":"https:\/\/kuzeyinsesi.org\/index.php\/wp-json\/wp\/v2\/categories?post=19858"},{"taxonomy":"post_tag","embeddable":true,"href":"https:\/\/kuzeyinsesi.org\/index.php\/wp-json\/wp\/v2\/tags?post=19858"}],"curies":[{"name":"wp","href":"https:\/\/api.w.org\/{rel}","templated":true}]}}