{"id":19854,"date":"2025-02-27T10:44:10","date_gmt":"2025-02-27T08:44:10","guid":{"rendered":"https:\/\/kuzeyinsesi.org\/index.php\/2025\/02\/27\/tuncer-bagiskan-kultur-tarih-ve-bellek-gunleri-yarin-basliyor\/"},"modified":"2025-02-27T10:44:10","modified_gmt":"2025-02-27T08:44:10","slug":"tuncer-bagiskan-kultur-tarih-ve-bellek-gunleri-yarin-basliyor","status":"publish","type":"post","link":"https:\/\/kuzeyinsesi.org\/index.php\/2025\/02\/27\/tuncer-bagiskan-kultur-tarih-ve-bellek-gunleri-yarin-basliyor\/","title":{"rendered":"Tuncer Ba\u011f\u0131\u015fkan K\u00fclt\u00fcr, Tarih ve Bellek G\u00fcnleri yar\u0131n ba\u015fl\u0131yor"},"content":{"rendered":"<div>\n<div class=\"mariselle-image-container center\">\n                                            <\/div>\n<p>Tuncer Ba\u011f\u0131\u015fkan K\u00fclt\u00fcr, Tarih ve Bellek G\u00fcnleri, bu y\u0131l ikinci kez d\u00fczenlenecek. Lefko\u015fa T\u00fcrk Belediyesi\u2019nin inisiyatifiyle Arabahmet B\u00f6lgesi Geli\u015ftirme \u015eirketi Ltd. taraf\u0131ndan kurulan Arkhe\u2019nin d\u00fczenledi\u011fi etkinlik, K\u0131br\u0131s T\u00fcrk k\u00fclt\u00fcrel miras\u0131 ve tarihi \u00fczerine \u00e7e\u015fitli paneller, s\u00f6yle\u015filer, at\u00f6lyeler ve sergilere ev sahipli\u011fi yapacak.<\/p>\n<p>Ge\u00e7en y\u0131l ilki ger\u00e7ekle\u015ftirilen etkinlikte Tuncer Ba\u011f\u0131\u015fkan\u2019\u0131n \u00e7al\u0131\u015fmalar\u0131 \u00fczerinden K\u0131br\u0131s\u2019taki somut ve soyut k\u00fclt\u00fcrel miras\u0131n kay\u0131t alt\u0131na al\u0131nmas\u0131 tart\u0131\u015fmaya a\u00e7\u0131lm\u0131\u015ft\u0131. Bu y\u0131lki programda da tarih yaz\u0131m\u0131, toplumsal bellek, k\u00fclt\u00fcrel miras ve sanat tarihi gibi konular ele al\u0131nacak.<\/p>\n<p>Lefko\u015fa Belediyesi\u2019nden yap\u0131lan a\u00e7\u0131klamaya g\u00f6re, etkinlik yar\u0131n 14.00\u2019te a\u00e7\u0131l\u0131\u015f konu\u015fmalar\u0131yla ba\u015flayacak. Arkhe Direkt\u00f6r\u00fc Halil Duranay, Eski Eserler ve M\u00fczeler Dairesi Eski M\u00fcd\u00fcr\u00fc ve \u0130ki Toplumlu K\u00fclt\u00fcrel Miras Teknik Komite \u00dcyesi \u0130lkay Feridun ile Lefko\u015fa T\u00fcrk Belediyesi Ba\u015fkan\u0131 Mehmet Harmanc\u0131 etkinli\u011fin a\u00e7\u0131l\u0131\u015f\u0131nda konu\u015facak.<\/p>\n<p>Saat 15.15\u2019te \u201cKent M\u00fczeleri ve Kent Ar\u015fivleri\u201d paneli d\u00fczenlenecek. Panelde, Eski\u015fehir B\u00fcy\u00fck\u015fehir Belediyesi \u0130klim De\u011fi\u015fikli\u011fi ve S\u0131f\u0131r At\u0131k Dairesi Ba\u015fkan\u0131 Ayta\u00e7 \u00dcnverdi, Eski\u015fehir Kent Belle\u011fi M\u00fczesi hakk\u0131nda bilgi verecek. \u0130zmir B\u00fcy\u00fck\u015fehir Belediyesi Kent Ar\u015fivi ve M\u00fczeler \u015eube M\u00fcd\u00fcr\u00fc Serhan Kemal Sayg\u0131 ise T\u00fcrkiye\u2019nin ilk kent ar\u015fivi ve m\u00fczesi olan AP\u0130KAM\u2019\u0131 anlatacak. Panelin moderat\u00f6rl\u00fc\u011f\u00fcn\u00fc Ma\u011fusa Kent M\u00fczesi Derne\u011fi (MAKEM\u00dcD) Ba\u015fkan\u0131 U\u011fur Ula\u015f Da\u011fl\u0131 yapacak.<\/p>\n<p>G\u00fcn\u00fcn son oturumunda, saat 17.15\u2019te \u201cAr\u015fiv \u00dczerine: Bir Modern Ge\u00e7mi\u015f \u2013 Abdullah Onar\u2019\u0131n 60 Y\u0131l\u0131\u201d ba\u015fl\u0131kl\u0131 s\u00f6yle\u015fi ger\u00e7ekle\u015ftirilecek. Sanat\u00e7\u0131 Anber Onar konu\u015fmac\u0131 olarak yer alacak, s\u00f6yle\u015finin moderat\u00f6rl\u00fc\u011f\u00fcn\u00fc ise kent ara\u015ft\u0131rmac\u0131s\u0131 ve Arkhe Y\u00fcr\u00fctme Kurulu \u00dcyesi \u00d6zlem \u00dcnsal \u00fcstlenecek.<\/p>\n<p>Cumartesi g\u00fcn\u00fcn\u00fcn ilk etkinli\u011fi 11.00\u2019de \u201cAr\u015fiv: Neyi, Neden, Nas\u0131l Biriktiririz?\u201d ba\u015fl\u0131kl\u0131 panel ile ba\u015flayacak. Kent ara\u015ft\u0131rmac\u0131s\u0131 Murat T\u00fclek, kentsel haf\u0131za ile mek\u00e2nsal bilgi ili\u015fkisini ele al\u0131rken, k\u00fcrat\u00f6r ve ara\u015ft\u0131rmac\u0131 Meri\u00e7 \u00d6ner ar\u015fivin sureti \u00fczerine konu\u015facak. Ara\u015ft\u0131rmac\u0131 Umut S\u00fcl\u00fcn ise bireysel ve kolektif haf\u0131za ba\u011flam\u0131nda ar\u015fivin i\u015flevlerini de\u011ferlendirecek. Panelin moderat\u00f6rl\u00fc\u011f\u00fcn\u00fc kent ara\u015ft\u0131rmac\u0131s\u0131 ve Arkhe Y\u00fcr\u00fctme Kurulu \u00dcyesi \u00d6zlem \u00dcnsal \u00fcstlenecek.<\/p>\n<p>Saat 13.00\u2019te \u00f6\u011fle aras\u0131 verilecek, ard\u0131ndan 14.00\u2019te \u201cBirlikte: Hat\u0131rla Unutma\u201d ba\u015fl\u0131kl\u0131 at\u00f6lye \u00e7al\u0131\u015fmas\u0131 ger\u00e7ekle\u015ftirilecek. Foto\u011fraf sanat\u00e7\u0131s\u0131 ve Arkhe Y\u00fcr\u00fctme Kurulu \u00dcyesi \u0130lkyaz Portakalc\u0131o\u011flu taraf\u0131ndan y\u00fcr\u00fct\u00fclecek at\u00f6lyede, belgeleme ve ar\u015fiv olu\u015fturma teknikleri ele al\u0131nacak.<\/p>\n<p>At\u00f6lyeye kat\u0131lmak isteyenlerin 27 \u015eubat 2025 tarihine kadar kay\u0131t yapt\u0131rmalar\u0131 gerekti\u011fi belirtildi.<\/p>\n<\/p><\/div>\n<p><script async\n                    defer\n                    crossorigin=\"anonymous\"\n                    src=\"https:\/\/connect.facebook.net\/tr_TR\/sdk.js#xfbml=1&#038;version=v3.3\"\n            ><\/script><\/p>\n","protected":false},"excerpt":{"rendered":"<p>Tuncer Ba\u011f\u0131\u015fkan K\u00fclt\u00fcr, Tarih ve Bellek G\u00fcnleri, bu y\u0131l ikinci kez d\u00fczenlenecek. Lefko\u015fa T\u00fcrk Belediyesi\u2019nin inisiyatifiyle Arabahmet B\u00f6lgesi Geli\u015ftirme \u015eirketi Ltd. taraf\u0131ndan kurulan Arkhe\u2019nin d\u00fczenledi\u011fi etkinlik, K\u0131br\u0131s T\u00fcrk k\u00fclt\u00fcrel miras\u0131 ve tarihi \u00fczerine \u00e7e\u015fitli paneller, s\u00f6yle\u015filer, at\u00f6lyeler ve sergilere ev sahipli\u011fi yapacak. Ge\u00e7en y\u0131l ilki ger\u00e7ekle\u015ftirilen etkinlikte Tuncer Ba\u011f\u0131\u015fkan\u2019\u0131n \u00e7al\u0131\u015fmalar\u0131 \u00fczerinden K\u0131br\u0131s\u2019taki somut ve soyut [&hellip;]<\/p>\n","protected":false},"author":1,"featured_media":19855,"comment_status":"open","ping_status":"open","sticky":false,"template":"","format":"standard","meta":{"jnews-multi-image_gallery":[],"jnews_single_post":[],"jnews_primary_category":[],"jnews_social_meta":[],"jnews_override_counter":[],"footnotes":""},"categories":[6],"tags":[],"class_list":["post-19854","post","type-post","status-publish","format-standard","has-post-thumbnail","hentry","category-yasam"],"yoast_head":"<!-- This site is optimized with the Yoast SEO plugin v27.4 - https:\/\/yoast.com\/product\/yoast-seo-wordpress\/ -->\n<title>Tuncer Ba\u011f\u0131\u015fkan K\u00fclt\u00fcr, Tarih ve Bellek G\u00fcnleri yar\u0131n ba\u015fl\u0131yor - Kuzeyin Sesi<\/title>\n<meta name=\"robots\" content=\"index, follow, max-snippet:-1, max-image-preview:large, max-video-preview:-1\" \/>\n<link rel=\"canonical\" href=\"https:\/\/kuzeyinsesi.org\/index.php\/2025\/02\/27\/tuncer-bagiskan-kultur-tarih-ve-bellek-gunleri-yarin-basliyor\/\" \/>\n<meta property=\"og:locale\" content=\"tr_TR\" \/>\n<meta property=\"og:type\" content=\"article\" \/>\n<meta property=\"og:title\" content=\"Tuncer Ba\u011f\u0131\u015fkan K\u00fclt\u00fcr, Tarih ve Bellek G\u00fcnleri yar\u0131n ba\u015fl\u0131yor - Kuzeyin Sesi\" \/>\n<meta property=\"og:description\" content=\"Tuncer Ba\u011f\u0131\u015fkan K\u00fclt\u00fcr, Tarih ve Bellek G\u00fcnleri, bu y\u0131l ikinci kez d\u00fczenlenecek. Lefko\u015fa T\u00fcrk Belediyesi\u2019nin inisiyatifiyle Arabahmet B\u00f6lgesi Geli\u015ftirme \u015eirketi Ltd. taraf\u0131ndan kurulan Arkhe\u2019nin d\u00fczenledi\u011fi etkinlik, K\u0131br\u0131s T\u00fcrk k\u00fclt\u00fcrel miras\u0131 ve tarihi \u00fczerine \u00e7e\u015fitli paneller, s\u00f6yle\u015filer, at\u00f6lyeler ve sergilere ev sahipli\u011fi yapacak. Ge\u00e7en y\u0131l ilki ger\u00e7ekle\u015ftirilen etkinlikte Tuncer Ba\u011f\u0131\u015fkan\u2019\u0131n \u00e7al\u0131\u015fmalar\u0131 \u00fczerinden K\u0131br\u0131s\u2019taki somut ve soyut [&hellip;]\" \/>\n<meta property=\"og:url\" content=\"https:\/\/kuzeyinsesi.org\/index.php\/2025\/02\/27\/tuncer-bagiskan-kultur-tarih-ve-bellek-gunleri-yarin-basliyor\/\" \/>\n<meta property=\"og:site_name\" content=\"Kuzeyin Sesi\" \/>\n<meta property=\"article:publisher\" content=\"https:\/\/www.facebook.com\/kuzeyinsesii\" \/>\n<meta property=\"article:published_time\" content=\"2025-02-27T08:44:10+00:00\" \/>\n<meta property=\"og:image\" content=\"https:\/\/brtk.net\/wp-content\/uploads\/2025\/02\/27\/asjoja.jpg?ver=c145845d9149fcf094dbb240e63a239d\" \/>\n<meta name=\"author\" content=\"Kuzeyin Sesi\" \/>\n<meta name=\"twitter:card\" content=\"summary_large_image\" \/>\n<meta name=\"twitter:creator\" content=\"@kuzeyinsesii\" \/>\n<meta name=\"twitter:site\" content=\"@kuzeyinsesii\" \/>\n<meta name=\"twitter:label1\" content=\"Yazan:\" \/>\n\t<meta name=\"twitter:data1\" content=\"Kuzeyin Sesi\" \/>\n\t<meta name=\"twitter:label2\" content=\"Tahmini okuma s\u00fcresi\" \/>\n\t<meta name=\"twitter:data2\" content=\"3 dakika\" \/>\n<script type=\"application\/ld+json\" class=\"yoast-schema-graph\">{\"@context\":\"https:\\\/\\\/schema.org\",\"@graph\":[{\"@type\":\"Article\",\"@id\":\"https:\\\/\\\/kuzeyinsesi.org\\\/index.php\\\/2025\\\/02\\\/27\\\/tuncer-bagiskan-kultur-tarih-ve-bellek-gunleri-yarin-basliyor\\\/#article\",\"isPartOf\":{\"@id\":\"https:\\\/\\\/kuzeyinsesi.org\\\/index.php\\\/2025\\\/02\\\/27\\\/tuncer-bagiskan-kultur-tarih-ve-bellek-gunleri-yarin-basliyor\\\/\"},\"author\":{\"name\":\"Kuzeyin Sesi\",\"@id\":\"https:\\\/\\\/kuzeyinsesi.org\\\/#\\\/schema\\\/person\\\/9f859689cdf01485597712386e37f5aa\"},\"headline\":\"Tuncer Ba\u011f\u0131\u015fkan K\u00fclt\u00fcr, Tarih ve Bellek G\u00fcnleri yar\u0131n ba\u015fl\u0131yor\",\"datePublished\":\"2025-02-27T08:44:10+00:00\",\"mainEntityOfPage\":{\"@id\":\"https:\\\/\\\/kuzeyinsesi.org\\\/index.php\\\/2025\\\/02\\\/27\\\/tuncer-bagiskan-kultur-tarih-ve-bellek-gunleri-yarin-basliyor\\\/\"},\"wordCount\":538,\"commentCount\":0,\"image\":{\"@id\":\"https:\\\/\\\/kuzeyinsesi.org\\\/index.php\\\/2025\\\/02\\\/27\\\/tuncer-bagiskan-kultur-tarih-ve-bellek-gunleri-yarin-basliyor\\\/#primaryimage\"},\"thumbnailUrl\":\"https:\\\/\\\/kuzeyinsesi.org\\\/wp-content\\\/uploads\\\/2025\\\/02\\\/asjoja.jpg\",\"articleSection\":[\"Ya\u015fam\"],\"inLanguage\":\"tr\",\"potentialAction\":[{\"@type\":\"CommentAction\",\"name\":\"Comment\",\"target\":[\"https:\\\/\\\/kuzeyinsesi.org\\\/index.php\\\/2025\\\/02\\\/27\\\/tuncer-bagiskan-kultur-tarih-ve-bellek-gunleri-yarin-basliyor\\\/#respond\"]}]},{\"@type\":\"WebPage\",\"@id\":\"https:\\\/\\\/kuzeyinsesi.org\\\/index.php\\\/2025\\\/02\\\/27\\\/tuncer-bagiskan-kultur-tarih-ve-bellek-gunleri-yarin-basliyor\\\/\",\"url\":\"https:\\\/\\\/kuzeyinsesi.org\\\/index.php\\\/2025\\\/02\\\/27\\\/tuncer-bagiskan-kultur-tarih-ve-bellek-gunleri-yarin-basliyor\\\/\",\"name\":\"Tuncer Ba\u011f\u0131\u015fkan K\u00fclt\u00fcr, Tarih ve Bellek G\u00fcnleri yar\u0131n ba\u015fl\u0131yor - Kuzeyin Sesi\",\"isPartOf\":{\"@id\":\"https:\\\/\\\/kuzeyinsesi.org\\\/#website\"},\"primaryImageOfPage\":{\"@id\":\"https:\\\/\\\/kuzeyinsesi.org\\\/index.php\\\/2025\\\/02\\\/27\\\/tuncer-bagiskan-kultur-tarih-ve-bellek-gunleri-yarin-basliyor\\\/#primaryimage\"},\"image\":{\"@id\":\"https:\\\/\\\/kuzeyinsesi.org\\\/index.php\\\/2025\\\/02\\\/27\\\/tuncer-bagiskan-kultur-tarih-ve-bellek-gunleri-yarin-basliyor\\\/#primaryimage\"},\"thumbnailUrl\":\"https:\\\/\\\/kuzeyinsesi.org\\\/wp-content\\\/uploads\\\/2025\\\/02\\\/asjoja.jpg\",\"datePublished\":\"2025-02-27T08:44:10+00:00\",\"author\":{\"@id\":\"https:\\\/\\\/kuzeyinsesi.org\\\/#\\\/schema\\\/person\\\/9f859689cdf01485597712386e37f5aa\"},\"breadcrumb\":{\"@id\":\"https:\\\/\\\/kuzeyinsesi.org\\\/index.php\\\/2025\\\/02\\\/27\\\/tuncer-bagiskan-kultur-tarih-ve-bellek-gunleri-yarin-basliyor\\\/#breadcrumb\"},\"inLanguage\":\"tr\",\"potentialAction\":[{\"@type\":\"ReadAction\",\"target\":[\"https:\\\/\\\/kuzeyinsesi.org\\\/index.php\\\/2025\\\/02\\\/27\\\/tuncer-bagiskan-kultur-tarih-ve-bellek-gunleri-yarin-basliyor\\\/\"]}]},{\"@type\":\"ImageObject\",\"inLanguage\":\"tr\",\"@id\":\"https:\\\/\\\/kuzeyinsesi.org\\\/index.php\\\/2025\\\/02\\\/27\\\/tuncer-bagiskan-kultur-tarih-ve-bellek-gunleri-yarin-basliyor\\\/#primaryimage\",\"url\":\"https:\\\/\\\/kuzeyinsesi.org\\\/wp-content\\\/uploads\\\/2025\\\/02\\\/asjoja.jpg\",\"contentUrl\":\"https:\\\/\\\/kuzeyinsesi.org\\\/wp-content\\\/uploads\\\/2025\\\/02\\\/asjoja.jpg\",\"width\":1200,\"height\":1500},{\"@type\":\"BreadcrumbList\",\"@id\":\"https:\\\/\\\/kuzeyinsesi.org\\\/index.php\\\/2025\\\/02\\\/27\\\/tuncer-bagiskan-kultur-tarih-ve-bellek-gunleri-yarin-basliyor\\\/#breadcrumb\",\"itemListElement\":[{\"@type\":\"ListItem\",\"position\":1,\"name\":\"Anasayfa\",\"item\":\"https:\\\/\\\/kuzeyinsesi.org\\\/\"},{\"@type\":\"ListItem\",\"position\":2,\"name\":\"Tuncer Ba\u011f\u0131\u015fkan K\u00fclt\u00fcr, Tarih ve Bellek G\u00fcnleri yar\u0131n ba\u015fl\u0131yor\"}]},{\"@type\":\"WebSite\",\"@id\":\"https:\\\/\\\/kuzeyinsesi.org\\\/#website\",\"url\":\"https:\\\/\\\/kuzeyinsesi.org\\\/\",\"name\":\"Kuzeyin Sesi\",\"description\":\"Do\u011fru Haberin Adresi\",\"potentialAction\":[{\"@type\":\"SearchAction\",\"target\":{\"@type\":\"EntryPoint\",\"urlTemplate\":\"https:\\\/\\\/kuzeyinsesi.org\\\/?s={search_term_string}\"},\"query-input\":{\"@type\":\"PropertyValueSpecification\",\"valueRequired\":true,\"valueName\":\"search_term_string\"}}],\"inLanguage\":\"tr\"},{\"@type\":\"Person\",\"@id\":\"https:\\\/\\\/kuzeyinsesi.org\\\/#\\\/schema\\\/person\\\/9f859689cdf01485597712386e37f5aa\",\"name\":\"Kuzeyin Sesi\",\"image\":{\"@type\":\"ImageObject\",\"inLanguage\":\"tr\",\"@id\":\"https:\\\/\\\/secure.gravatar.com\\\/avatar\\\/bab33852abfd8b282518d6ed81826833d77c3c882d9ab608add591ccace47a44?s=96&d=mm&r=g\",\"url\":\"https:\\\/\\\/secure.gravatar.com\\\/avatar\\\/bab33852abfd8b282518d6ed81826833d77c3c882d9ab608add591ccace47a44?s=96&d=mm&r=g\",\"contentUrl\":\"https:\\\/\\\/secure.gravatar.com\\\/avatar\\\/bab33852abfd8b282518d6ed81826833d77c3c882d9ab608add591ccace47a44?s=96&d=mm&r=g\",\"caption\":\"Kuzeyin Sesi\"},\"sameAs\":[\"https:\\\/\\\/kuzeyinsesi.org\"],\"url\":\"https:\\\/\\\/kuzeyinsesi.org\\\/index.php\\\/author\\\/guven\\\/\"}]}<\/script>\n<!-- \/ Yoast SEO plugin. -->","yoast_head_json":{"title":"Tuncer Ba\u011f\u0131\u015fkan K\u00fclt\u00fcr, Tarih ve Bellek G\u00fcnleri yar\u0131n ba\u015fl\u0131yor - Kuzeyin Sesi","robots":{"index":"index","follow":"follow","max-snippet":"max-snippet:-1","max-image-preview":"max-image-preview:large","max-video-preview":"max-video-preview:-1"},"canonical":"https:\/\/kuzeyinsesi.org\/index.php\/2025\/02\/27\/tuncer-bagiskan-kultur-tarih-ve-bellek-gunleri-yarin-basliyor\/","og_locale":"tr_TR","og_type":"article","og_title":"Tuncer Ba\u011f\u0131\u015fkan K\u00fclt\u00fcr, Tarih ve Bellek G\u00fcnleri yar\u0131n ba\u015fl\u0131yor - Kuzeyin Sesi","og_description":"Tuncer Ba\u011f\u0131\u015fkan K\u00fclt\u00fcr, Tarih ve Bellek G\u00fcnleri, bu y\u0131l ikinci kez d\u00fczenlenecek. Lefko\u015fa T\u00fcrk Belediyesi\u2019nin inisiyatifiyle Arabahmet B\u00f6lgesi Geli\u015ftirme \u015eirketi Ltd. taraf\u0131ndan kurulan Arkhe\u2019nin d\u00fczenledi\u011fi etkinlik, K\u0131br\u0131s T\u00fcrk k\u00fclt\u00fcrel miras\u0131 ve tarihi \u00fczerine \u00e7e\u015fitli paneller, s\u00f6yle\u015filer, at\u00f6lyeler ve sergilere ev sahipli\u011fi yapacak. Ge\u00e7en y\u0131l ilki ger\u00e7ekle\u015ftirilen etkinlikte Tuncer Ba\u011f\u0131\u015fkan\u2019\u0131n \u00e7al\u0131\u015fmalar\u0131 \u00fczerinden K\u0131br\u0131s\u2019taki somut ve soyut [&hellip;]","og_url":"https:\/\/kuzeyinsesi.org\/index.php\/2025\/02\/27\/tuncer-bagiskan-kultur-tarih-ve-bellek-gunleri-yarin-basliyor\/","og_site_name":"Kuzeyin Sesi","article_publisher":"https:\/\/www.facebook.com\/kuzeyinsesii","article_published_time":"2025-02-27T08:44:10+00:00","og_image":[{"url":"https:\/\/brtk.net\/wp-content\/uploads\/2025\/02\/27\/asjoja.jpg?ver=c145845d9149fcf094dbb240e63a239d","type":"","width":"","height":""}],"author":"Kuzeyin Sesi","twitter_card":"summary_large_image","twitter_creator":"@kuzeyinsesii","twitter_site":"@kuzeyinsesii","twitter_misc":{"Yazan:":"Kuzeyin Sesi","Tahmini okuma s\u00fcresi":"3 dakika"},"schema":{"@context":"https:\/\/schema.org","@graph":[{"@type":"Article","@id":"https:\/\/kuzeyinsesi.org\/index.php\/2025\/02\/27\/tuncer-bagiskan-kultur-tarih-ve-bellek-gunleri-yarin-basliyor\/#article","isPartOf":{"@id":"https:\/\/kuzeyinsesi.org\/index.php\/2025\/02\/27\/tuncer-bagiskan-kultur-tarih-ve-bellek-gunleri-yarin-basliyor\/"},"author":{"name":"Kuzeyin Sesi","@id":"https:\/\/kuzeyinsesi.org\/#\/schema\/person\/9f859689cdf01485597712386e37f5aa"},"headline":"Tuncer Ba\u011f\u0131\u015fkan K\u00fclt\u00fcr, Tarih ve Bellek G\u00fcnleri yar\u0131n ba\u015fl\u0131yor","datePublished":"2025-02-27T08:44:10+00:00","mainEntityOfPage":{"@id":"https:\/\/kuzeyinsesi.org\/index.php\/2025\/02\/27\/tuncer-bagiskan-kultur-tarih-ve-bellek-gunleri-yarin-basliyor\/"},"wordCount":538,"commentCount":0,"image":{"@id":"https:\/\/kuzeyinsesi.org\/index.php\/2025\/02\/27\/tuncer-bagiskan-kultur-tarih-ve-bellek-gunleri-yarin-basliyor\/#primaryimage"},"thumbnailUrl":"https:\/\/kuzeyinsesi.org\/wp-content\/uploads\/2025\/02\/asjoja.jpg","articleSection":["Ya\u015fam"],"inLanguage":"tr","potentialAction":[{"@type":"CommentAction","name":"Comment","target":["https:\/\/kuzeyinsesi.org\/index.php\/2025\/02\/27\/tuncer-bagiskan-kultur-tarih-ve-bellek-gunleri-yarin-basliyor\/#respond"]}]},{"@type":"WebPage","@id":"https:\/\/kuzeyinsesi.org\/index.php\/2025\/02\/27\/tuncer-bagiskan-kultur-tarih-ve-bellek-gunleri-yarin-basliyor\/","url":"https:\/\/kuzeyinsesi.org\/index.php\/2025\/02\/27\/tuncer-bagiskan-kultur-tarih-ve-bellek-gunleri-yarin-basliyor\/","name":"Tuncer Ba\u011f\u0131\u015fkan K\u00fclt\u00fcr, Tarih ve Bellek G\u00fcnleri yar\u0131n ba\u015fl\u0131yor - Kuzeyin Sesi","isPartOf":{"@id":"https:\/\/kuzeyinsesi.org\/#website"},"primaryImageOfPage":{"@id":"https:\/\/kuzeyinsesi.org\/index.php\/2025\/02\/27\/tuncer-bagiskan-kultur-tarih-ve-bellek-gunleri-yarin-basliyor\/#primaryimage"},"image":{"@id":"https:\/\/kuzeyinsesi.org\/index.php\/2025\/02\/27\/tuncer-bagiskan-kultur-tarih-ve-bellek-gunleri-yarin-basliyor\/#primaryimage"},"thumbnailUrl":"https:\/\/kuzeyinsesi.org\/wp-content\/uploads\/2025\/02\/asjoja.jpg","datePublished":"2025-02-27T08:44:10+00:00","author":{"@id":"https:\/\/kuzeyinsesi.org\/#\/schema\/person\/9f859689cdf01485597712386e37f5aa"},"breadcrumb":{"@id":"https:\/\/kuzeyinsesi.org\/index.php\/2025\/02\/27\/tuncer-bagiskan-kultur-tarih-ve-bellek-gunleri-yarin-basliyor\/#breadcrumb"},"inLanguage":"tr","potentialAction":[{"@type":"ReadAction","target":["https:\/\/kuzeyinsesi.org\/index.php\/2025\/02\/27\/tuncer-bagiskan-kultur-tarih-ve-bellek-gunleri-yarin-basliyor\/"]}]},{"@type":"ImageObject","inLanguage":"tr","@id":"https:\/\/kuzeyinsesi.org\/index.php\/2025\/02\/27\/tuncer-bagiskan-kultur-tarih-ve-bellek-gunleri-yarin-basliyor\/#primaryimage","url":"https:\/\/kuzeyinsesi.org\/wp-content\/uploads\/2025\/02\/asjoja.jpg","contentUrl":"https:\/\/kuzeyinsesi.org\/wp-content\/uploads\/2025\/02\/asjoja.jpg","width":1200,"height":1500},{"@type":"BreadcrumbList","@id":"https:\/\/kuzeyinsesi.org\/index.php\/2025\/02\/27\/tuncer-bagiskan-kultur-tarih-ve-bellek-gunleri-yarin-basliyor\/#breadcrumb","itemListElement":[{"@type":"ListItem","position":1,"name":"Anasayfa","item":"https:\/\/kuzeyinsesi.org\/"},{"@type":"ListItem","position":2,"name":"Tuncer Ba\u011f\u0131\u015fkan K\u00fclt\u00fcr, Tarih ve Bellek G\u00fcnleri yar\u0131n ba\u015fl\u0131yor"}]},{"@type":"WebSite","@id":"https:\/\/kuzeyinsesi.org\/#website","url":"https:\/\/kuzeyinsesi.org\/","name":"Kuzeyin Sesi","description":"Do\u011fru Haberin Adresi","potentialAction":[{"@type":"SearchAction","target":{"@type":"EntryPoint","urlTemplate":"https:\/\/kuzeyinsesi.org\/?s={search_term_string}"},"query-input":{"@type":"PropertyValueSpecification","valueRequired":true,"valueName":"search_term_string"}}],"inLanguage":"tr"},{"@type":"Person","@id":"https:\/\/kuzeyinsesi.org\/#\/schema\/person\/9f859689cdf01485597712386e37f5aa","name":"Kuzeyin Sesi","image":{"@type":"ImageObject","inLanguage":"tr","@id":"https:\/\/secure.gravatar.com\/avatar\/bab33852abfd8b282518d6ed81826833d77c3c882d9ab608add591ccace47a44?s=96&d=mm&r=g","url":"https:\/\/secure.gravatar.com\/avatar\/bab33852abfd8b282518d6ed81826833d77c3c882d9ab608add591ccace47a44?s=96&d=mm&r=g","contentUrl":"https:\/\/secure.gravatar.com\/avatar\/bab33852abfd8b282518d6ed81826833d77c3c882d9ab608add591ccace47a44?s=96&d=mm&r=g","caption":"Kuzeyin Sesi"},"sameAs":["https:\/\/kuzeyinsesi.org"],"url":"https:\/\/kuzeyinsesi.org\/index.php\/author\/guven\/"}]}},"_links":{"self":[{"href":"https:\/\/kuzeyinsesi.org\/index.php\/wp-json\/wp\/v2\/posts\/19854","targetHints":{"allow":["GET"]}}],"collection":[{"href":"https:\/\/kuzeyinsesi.org\/index.php\/wp-json\/wp\/v2\/posts"}],"about":[{"href":"https:\/\/kuzeyinsesi.org\/index.php\/wp-json\/wp\/v2\/types\/post"}],"author":[{"embeddable":true,"href":"https:\/\/kuzeyinsesi.org\/index.php\/wp-json\/wp\/v2\/users\/1"}],"replies":[{"embeddable":true,"href":"https:\/\/kuzeyinsesi.org\/index.php\/wp-json\/wp\/v2\/comments?post=19854"}],"version-history":[{"count":0,"href":"https:\/\/kuzeyinsesi.org\/index.php\/wp-json\/wp\/v2\/posts\/19854\/revisions"}],"wp:featuredmedia":[{"embeddable":true,"href":"https:\/\/kuzeyinsesi.org\/index.php\/wp-json\/wp\/v2\/media\/19855"}],"wp:attachment":[{"href":"https:\/\/kuzeyinsesi.org\/index.php\/wp-json\/wp\/v2\/media?parent=19854"}],"wp:term":[{"taxonomy":"category","embeddable":true,"href":"https:\/\/kuzeyinsesi.org\/index.php\/wp-json\/wp\/v2\/categories?post=19854"},{"taxonomy":"post_tag","embeddable":true,"href":"https:\/\/kuzeyinsesi.org\/index.php\/wp-json\/wp\/v2\/tags?post=19854"}],"curies":[{"name":"wp","href":"https:\/\/api.w.org\/{rel}","templated":true}]}}