{"id":1980,"date":"2024-05-10T15:31:06","date_gmt":"2024-05-10T12:31:06","guid":{"rendered":"https:\/\/kuzeyinsesi.com\/index.php\/2024\/05\/10\/israil-silahlarini-nereden-aliyor\/"},"modified":"2024-05-10T15:31:06","modified_gmt":"2024-05-10T12:31:06","slug":"israil-silahlarini-nereden-aliyor","status":"publish","type":"post","link":"https:\/\/kuzeyinsesi.org\/index.php\/2024\/05\/10\/israil-silahlarini-nereden-aliyor\/","title":{"rendered":"\u0130srail silahlar\u0131n\u0131 nereden al\u0131yor?"},"content":{"rendered":"<p><\/p>\n<div>\n<p>&#13;<br \/>\n\tTel Aviv y\u00f6netimi, silah ithalat\u0131n\u0131 \u00f6nemli \u00f6l\u00e7\u00fcde artt\u0131rd\u0131. Bu ithalat\u0131n y\u00fczde 69\u2019unu Amerika Birle\u015fik Devletlerinden, y\u00fczde 30\u2019unu Almanya\u2019dan ald\u0131\u011f\u0131 silahlar olu\u015fturuyor.<\/p>\n<p>&#13;<br \/>\n\t<a href=\"https:\/\/www.trthaber.com\/etiket\/israil\/\" target=\"_blank\" rel=\"noopener\">\u0130srail<\/a> silah pazar\u0131nda paylar\u0131 k\u00fc\u00e7\u00fck de olsa \u0130talya, \u0130ngiltere, <a href=\"https:\/\/www.trthaber.com\/etiket\/fransa\/\" target=\"_blank\" rel=\"noopener\">Fransa<\/a> ve <a href=\"https:\/\/www.trthaber.com\/etiket\/avusturya\/\" target=\"_blank\" rel=\"noopener\">Avusturya<\/a> da Tel Aviv\u2019e silah sat\u0131yor.<\/p>\n<h2>&#13;<br \/>\n\t<strong>En b\u00fcy\u00fck m\u00fchimmat destek\u00e7isi ABD<\/strong><\/h2>\n<p>&#13;<br \/>\n\tBeyaz Saray, \u0130srail\u2019e y\u0131lda yakla\u015f\u0131k 3 milyar 300 milyon ile 3 milyar 800 milyon <a href=\"https:\/\/www.trthaber.com\/etiket\/dolar\/\" target=\"_blank\" rel=\"noopener\">dolar<\/a> de\u011ferinde askeri yard\u0131m sa\u011fl\u0131yor. \u0130srail\u2019in Gazze\u2019ye sald\u0131r\u0131lar\u0131n\u0131n ba\u015flamas\u0131yla Washington y\u00f6netimi \u0130srail\u2019e tonlarca g\u00fcd\u00fcml\u00fc bomba ve f\u00fcze teslim etti. Ancak Tel Aviv y\u00f6netiminin 2023 y\u0131l\u0131nda ald\u0131\u011f\u0131 silah say\u0131s\u0131 neredeyse 2022 ald\u0131\u011f\u0131 silah say\u0131s\u0131na e\u015fit g\u00f6r\u00fcn\u00fcyor.<\/p>\n<p>&#13;<br \/>\n\tBu duruma Amerikan medyas\u0131 \u015f\u00fcpheci bak\u0131yor. S\u0131k s\u0131k Biden y\u00f6netiminin \u0130srail\u2019e sessizce y\u00fczlerce silah yapt\u0131\u011f\u0131 iddialar\u0131 g\u00fcndeme geliyor. Sat\u0131\u015flar\u0131n Kongre\u2019ye resmi olarak bildirilmesini gerektiren parasal miktar\u0131n alt\u0131nda tasarland\u0131\u011f\u0131 d\u00fc\u015f\u00fcn\u00fcl\u00fcyor. Sessizce sat\u0131\u015f\u0131 yap\u0131ld\u0131\u011f\u0131 iddia edilen silahlar\u0131n aras\u0131nda \u00f6zellikle hassas g\u00fcd\u00fcml\u00fc bombalar dikkat \u00e7ekiyor.<\/p>\n<p>&#13;<br \/>\n\tAmerika Birle\u015fik Devletleri sadece askeri de\u011fil <a href=\"https:\/\/www.trthaber.com\/etiket\/mali\/\" target=\"_blank\" rel=\"noopener\">mali<\/a> destek de sa\u011fl\u0131yor. \u0130kinci D\u00fcnya Sava\u015f\u0131\u2019ndan bu yana ABD\u2019nin en \u00e7ok mali destek verdi\u011fi \u00fclke, \u0130srail. 2023 y\u0131l\u0131na kadar Tel Aviv y\u00f6netimi, Washington y\u00f6netiminden toplam 158 milyar dolar destek ald\u0131.<\/p>\n<p>&#13;<br \/>\n\tEn son Amerikan Ba\u015fkan\u0131 <a href=\"https:\/\/www.trthaber.com\/etiket\/joe-biden\/\" target=\"_blank\" rel=\"noopener\">Joe Biden<\/a> 95 milyar dolarl\u0131k savunma destek \u00f6dene\u011fini i\u00e7eren yasay\u0131 imzalad\u0131. Yasa, \u0130srail\u2019e 26 milyar 400 milyon dolarl\u0131k destek paketini i\u00e7eriyor. B\u00f6ylece, \u0130srail\u2019in hava savunma sistemlerine ek envanter ve askeri malzeme alabilecek.<\/p>\n<p>&#13;<br \/>\n\t<strong>Biden&#8217;dan uyar\u0131 gibi s\u00f6zler<\/strong><\/p>\n<p>&#13;<br \/>\n\tBeyaz Saray, \u00f6nce \u0130srail\u2019e silah sevkiyat\u0131n\u0131 durdurdu. Ard\u0131ndan <a href=\"https:\/\/www.trthaber.com\/etiket\/abd\/\" target=\"_blank\" rel=\"noopener\">ABD<\/a> Ba\u015fkan\u0131 Biden, \u0130srail\u2019in Refah\u2019a girmesi durumunda silah tedarik etmeyeceklerini a\u00e7\u0131klad\u0131. \u0130lk kez bir Amerikan ba\u015fkan\u0131, \u0130srail\u2019e silah g\u00f6ndermeyi durdurabileceklerini s\u00f6yledi.<\/p>\n<p>&#13;<br \/>\n\t\u0130srail\u2019de yap\u0131lan a\u00e7\u0131klamalar ho\u015fnutsuzluk yarat\u0131rken Amerikan medyas\u0131nda ask\u0131ya al\u0131nan silahlar\u0131n detay\u0131 verildi. \u0130smi a\u00e7\u0131klanmaya kayna\u011f\u0131n aktard\u0131\u011f\u0131na g\u00f6re; 1,800 adet 907 kiloluk ve 1,700 adet 500 kiloluk bombadan olu\u015fan sevkiyat ask\u0131ya al\u0131nd\u0131.<\/p>\n<p>&#13;<br \/>\n\t<strong>Silah tedarik eden ikinci \u00fclke: Almanya<\/strong><\/p>\n<p>&#13;<br \/>\n\tAlmanya, 2023\u2019te \u0130srail\u2019e 327 milyon avroluk silah ve askeri malzeme sat\u0131\u015f\u0131na onay verdi. B\u00f6ylece, yap\u0131lan silah sat\u0131\u015f\u0131 2022\u2019ye g\u00f6re 10 kat\u0131na \u00e7\u0131km\u0131\u015ft\u0131. 2024 y\u0131l\u0131na gelindi\u011finde ise Berlin h\u00fck\u00fcmeti, 32 bin 449 avroluk silah ve askeri malzeme sat\u0131\u015f\u0131na onay verdi.<\/p>\n<p>&#13;<br \/>\n\t\u0130srail\u2019e sat\u0131lan silahlar\u0131n b\u00fcy\u00fck bir k\u0131sm\u0131 7 Ekim Gazze\u2019ye sald\u0131r\u0131lar\u0131n\u0131n ba\u015flamas\u0131ndan ard\u0131ndan onayland\u0131. Alman Medyas\u0131n\u0131n haberine g\u00f6re bir grup avukat ba\u015fvuru yapt\u0131. Berlin \u0130dare Mahkemesi, Alman h\u00fck\u00fcmetinden \u0130srail\u2019e silah sevkiyat\u0131n\u0131n uluslararas\u0131 <a href=\"https:\/\/www.trthaber.com\/etiket\/hukuk\/\" target=\"_blank\" rel=\"noopener\">hukuk<\/a> ihlal edilmeden hangi kriterlere g\u00f6re ger\u00e7ekle\u015ftirildi\u011fini a\u00e7\u0131klamas\u0131n\u0131 talep etti.\u00a0<\/p>\n<\/p><\/div>\n","protected":false},"excerpt":{"rendered":"<p>&#13; Tel Aviv y\u00f6netimi, silah ithalat\u0131n\u0131 \u00f6nemli \u00f6l\u00e7\u00fcde artt\u0131rd\u0131. Bu ithalat\u0131n y\u00fczde 69\u2019unu Amerika Birle\u015fik Devletlerinden, y\u00fczde 30\u2019unu Almanya\u2019dan ald\u0131\u011f\u0131 silahlar olu\u015fturuyor. &#13; \u0130srail silah pazar\u0131nda paylar\u0131 k\u00fc\u00e7\u00fck de olsa \u0130talya, \u0130ngiltere, Fransa ve Avusturya da Tel Aviv\u2019e silah sat\u0131yor. &#13; En b\u00fcy\u00fck m\u00fchimmat destek\u00e7isi ABD &#13; Beyaz Saray, \u0130srail\u2019e y\u0131lda yakla\u015f\u0131k 3 milyar 300 [&hellip;]<\/p>\n","protected":false},"author":1,"featured_media":1981,"comment_status":"open","ping_status":"open","sticky":false,"template":"","format":"standard","meta":{"jnews-multi-image_gallery":[],"jnews_single_post":[],"jnews_primary_category":[],"jnews_social_meta":[],"jnews_override_counter":[],"footnotes":""},"categories":[2],"tags":[],"class_list":["post-1980","post","type-post","status-publish","format-standard","has-post-thumbnail","hentry","category-dunya"],"yoast_head":"<!-- This site is optimized with the Yoast SEO plugin v27.5 - https:\/\/yoast.com\/product\/yoast-seo-wordpress\/ -->\n<title>\u0130srail silahlar\u0131n\u0131 nereden al\u0131yor? - Kuzeyin Sesi<\/title>\n<meta name=\"robots\" content=\"index, follow, max-snippet:-1, max-image-preview:large, max-video-preview:-1\" \/>\n<link rel=\"canonical\" href=\"https:\/\/kuzeyinsesi.org\/index.php\/2024\/05\/10\/israil-silahlarini-nereden-aliyor\/\" \/>\n<meta property=\"og:locale\" content=\"tr_TR\" \/>\n<meta property=\"og:type\" content=\"article\" \/>\n<meta property=\"og:title\" content=\"\u0130srail silahlar\u0131n\u0131 nereden al\u0131yor? - Kuzeyin Sesi\" \/>\n<meta property=\"og:description\" content=\"&#013; Tel Aviv y\u00f6netimi, silah ithalat\u0131n\u0131 \u00f6nemli \u00f6l\u00e7\u00fcde artt\u0131rd\u0131. Bu ithalat\u0131n y\u00fczde 69\u2019unu Amerika Birle\u015fik Devletlerinden, y\u00fczde 30\u2019unu Almanya\u2019dan ald\u0131\u011f\u0131 silahlar olu\u015fturuyor. &#013; \u0130srail silah pazar\u0131nda paylar\u0131 k\u00fc\u00e7\u00fck de olsa \u0130talya, \u0130ngiltere, Fransa ve Avusturya da Tel Aviv\u2019e silah sat\u0131yor. &#013; En b\u00fcy\u00fck m\u00fchimmat destek\u00e7isi ABD &#013; Beyaz Saray, \u0130srail\u2019e y\u0131lda yakla\u015f\u0131k 3 milyar 300 [&hellip;]\" \/>\n<meta property=\"og:url\" content=\"https:\/\/kuzeyinsesi.org\/index.php\/2024\/05\/10\/israil-silahlarini-nereden-aliyor\/\" \/>\n<meta property=\"og:site_name\" content=\"Kuzeyin Sesi\" \/>\n<meta property=\"article:publisher\" content=\"https:\/\/www.facebook.com\/kuzeyinsesii\" \/>\n<meta property=\"article:published_time\" content=\"2024-05-10T12:31:06+00:00\" \/>\n<meta property=\"og:image\" content=\"https:\/\/kuzeyinsesi.org\/wp-content\/uploads\/2024\/05\/israil-silah-aa-2188068.jpg\" \/>\n\t<meta property=\"og:image:width\" content=\"1280\" \/>\n\t<meta property=\"og:image:height\" content=\"720\" \/>\n\t<meta property=\"og:image:type\" content=\"image\/jpeg\" \/>\n<meta name=\"author\" content=\"Kuzeyin Sesi\" \/>\n<meta name=\"twitter:card\" content=\"summary_large_image\" \/>\n<meta name=\"twitter:creator\" content=\"@kuzeyinsesii\" \/>\n<meta name=\"twitter:site\" content=\"@kuzeyinsesii\" \/>\n<meta name=\"twitter:label1\" content=\"Yazan:\" \/>\n\t<meta name=\"twitter:data1\" content=\"Kuzeyin Sesi\" \/>\n\t<meta name=\"twitter:label2\" content=\"Tahmini okuma s\u00fcresi\" \/>\n\t<meta name=\"twitter:data2\" content=\"2 dakika\" \/>\n<script type=\"application\/ld+json\" class=\"yoast-schema-graph\">{\"@context\":\"https:\\\/\\\/schema.org\",\"@graph\":[{\"@type\":\"Article\",\"@id\":\"https:\\\/\\\/kuzeyinsesi.org\\\/index.php\\\/2024\\\/05\\\/10\\\/israil-silahlarini-nereden-aliyor\\\/#article\",\"isPartOf\":{\"@id\":\"https:\\\/\\\/kuzeyinsesi.org\\\/index.php\\\/2024\\\/05\\\/10\\\/israil-silahlarini-nereden-aliyor\\\/\"},\"author\":{\"name\":\"Kuzeyin Sesi\",\"@id\":\"https:\\\/\\\/kuzeyinsesi.org\\\/#\\\/schema\\\/person\\\/9f859689cdf01485597712386e37f5aa\"},\"headline\":\"\u0130srail silahlar\u0131n\u0131 nereden al\u0131yor?\",\"datePublished\":\"2024-05-10T12:31:06+00:00\",\"mainEntityOfPage\":{\"@id\":\"https:\\\/\\\/kuzeyinsesi.org\\\/index.php\\\/2024\\\/05\\\/10\\\/israil-silahlarini-nereden-aliyor\\\/\"},\"wordCount\":502,\"commentCount\":0,\"image\":{\"@id\":\"https:\\\/\\\/kuzeyinsesi.org\\\/index.php\\\/2024\\\/05\\\/10\\\/israil-silahlarini-nereden-aliyor\\\/#primaryimage\"},\"thumbnailUrl\":\"https:\\\/\\\/kuzeyinsesi.org\\\/wp-content\\\/uploads\\\/2024\\\/05\\\/israil-silah-aa-2188068.jpg\",\"articleSection\":[\"D\u00fcnya\"],\"inLanguage\":\"tr\",\"potentialAction\":[{\"@type\":\"CommentAction\",\"name\":\"Comment\",\"target\":[\"https:\\\/\\\/kuzeyinsesi.org\\\/index.php\\\/2024\\\/05\\\/10\\\/israil-silahlarini-nereden-aliyor\\\/#respond\"]}]},{\"@type\":\"WebPage\",\"@id\":\"https:\\\/\\\/kuzeyinsesi.org\\\/index.php\\\/2024\\\/05\\\/10\\\/israil-silahlarini-nereden-aliyor\\\/\",\"url\":\"https:\\\/\\\/kuzeyinsesi.org\\\/index.php\\\/2024\\\/05\\\/10\\\/israil-silahlarini-nereden-aliyor\\\/\",\"name\":\"\u0130srail silahlar\u0131n\u0131 nereden al\u0131yor? - Kuzeyin Sesi\",\"isPartOf\":{\"@id\":\"https:\\\/\\\/kuzeyinsesi.org\\\/#website\"},\"primaryImageOfPage\":{\"@id\":\"https:\\\/\\\/kuzeyinsesi.org\\\/index.php\\\/2024\\\/05\\\/10\\\/israil-silahlarini-nereden-aliyor\\\/#primaryimage\"},\"image\":{\"@id\":\"https:\\\/\\\/kuzeyinsesi.org\\\/index.php\\\/2024\\\/05\\\/10\\\/israil-silahlarini-nereden-aliyor\\\/#primaryimage\"},\"thumbnailUrl\":\"https:\\\/\\\/kuzeyinsesi.org\\\/wp-content\\\/uploads\\\/2024\\\/05\\\/israil-silah-aa-2188068.jpg\",\"datePublished\":\"2024-05-10T12:31:06+00:00\",\"author\":{\"@id\":\"https:\\\/\\\/kuzeyinsesi.org\\\/#\\\/schema\\\/person\\\/9f859689cdf01485597712386e37f5aa\"},\"breadcrumb\":{\"@id\":\"https:\\\/\\\/kuzeyinsesi.org\\\/index.php\\\/2024\\\/05\\\/10\\\/israil-silahlarini-nereden-aliyor\\\/#breadcrumb\"},\"inLanguage\":\"tr\",\"potentialAction\":[{\"@type\":\"ReadAction\",\"target\":[\"https:\\\/\\\/kuzeyinsesi.org\\\/index.php\\\/2024\\\/05\\\/10\\\/israil-silahlarini-nereden-aliyor\\\/\"]}]},{\"@type\":\"ImageObject\",\"inLanguage\":\"tr\",\"@id\":\"https:\\\/\\\/kuzeyinsesi.org\\\/index.php\\\/2024\\\/05\\\/10\\\/israil-silahlarini-nereden-aliyor\\\/#primaryimage\",\"url\":\"https:\\\/\\\/kuzeyinsesi.org\\\/wp-content\\\/uploads\\\/2024\\\/05\\\/israil-silah-aa-2188068.jpg\",\"contentUrl\":\"https:\\\/\\\/kuzeyinsesi.org\\\/wp-content\\\/uploads\\\/2024\\\/05\\\/israil-silah-aa-2188068.jpg\",\"width\":1280,\"height\":720},{\"@type\":\"BreadcrumbList\",\"@id\":\"https:\\\/\\\/kuzeyinsesi.org\\\/index.php\\\/2024\\\/05\\\/10\\\/israil-silahlarini-nereden-aliyor\\\/#breadcrumb\",\"itemListElement\":[{\"@type\":\"ListItem\",\"position\":1,\"name\":\"Anasayfa\",\"item\":\"https:\\\/\\\/kuzeyinsesi.org\\\/\"},{\"@type\":\"ListItem\",\"position\":2,\"name\":\"\u0130srail silahlar\u0131n\u0131 nereden al\u0131yor?\"}]},{\"@type\":\"WebSite\",\"@id\":\"https:\\\/\\\/kuzeyinsesi.org\\\/#website\",\"url\":\"https:\\\/\\\/kuzeyinsesi.org\\\/\",\"name\":\"Kuzeyin Sesi\",\"description\":\"Do\u011fru Haberin Adresi\",\"potentialAction\":[{\"@type\":\"SearchAction\",\"target\":{\"@type\":\"EntryPoint\",\"urlTemplate\":\"https:\\\/\\\/kuzeyinsesi.org\\\/?s={search_term_string}\"},\"query-input\":{\"@type\":\"PropertyValueSpecification\",\"valueRequired\":true,\"valueName\":\"search_term_string\"}}],\"inLanguage\":\"tr\"},{\"@type\":\"Person\",\"@id\":\"https:\\\/\\\/kuzeyinsesi.org\\\/#\\\/schema\\\/person\\\/9f859689cdf01485597712386e37f5aa\",\"name\":\"Kuzeyin Sesi\",\"image\":{\"@type\":\"ImageObject\",\"inLanguage\":\"tr\",\"@id\":\"https:\\\/\\\/secure.gravatar.com\\\/avatar\\\/bab33852abfd8b282518d6ed81826833d77c3c882d9ab608add591ccace47a44?s=96&d=mm&r=g\",\"url\":\"https:\\\/\\\/secure.gravatar.com\\\/avatar\\\/bab33852abfd8b282518d6ed81826833d77c3c882d9ab608add591ccace47a44?s=96&d=mm&r=g\",\"contentUrl\":\"https:\\\/\\\/secure.gravatar.com\\\/avatar\\\/bab33852abfd8b282518d6ed81826833d77c3c882d9ab608add591ccace47a44?s=96&d=mm&r=g\",\"caption\":\"Kuzeyin Sesi\"},\"sameAs\":[\"https:\\\/\\\/kuzeyinsesi.org\"],\"url\":\"https:\\\/\\\/kuzeyinsesi.org\\\/index.php\\\/author\\\/guven\\\/\"}]}<\/script>\n<!-- \/ Yoast SEO plugin. -->","yoast_head_json":{"title":"\u0130srail silahlar\u0131n\u0131 nereden al\u0131yor? - Kuzeyin Sesi","robots":{"index":"index","follow":"follow","max-snippet":"max-snippet:-1","max-image-preview":"max-image-preview:large","max-video-preview":"max-video-preview:-1"},"canonical":"https:\/\/kuzeyinsesi.org\/index.php\/2024\/05\/10\/israil-silahlarini-nereden-aliyor\/","og_locale":"tr_TR","og_type":"article","og_title":"\u0130srail silahlar\u0131n\u0131 nereden al\u0131yor? - Kuzeyin Sesi","og_description":"&#13; Tel Aviv y\u00f6netimi, silah ithalat\u0131n\u0131 \u00f6nemli \u00f6l\u00e7\u00fcde artt\u0131rd\u0131. Bu ithalat\u0131n y\u00fczde 69\u2019unu Amerika Birle\u015fik Devletlerinden, y\u00fczde 30\u2019unu Almanya\u2019dan ald\u0131\u011f\u0131 silahlar olu\u015fturuyor. &#13; \u0130srail silah pazar\u0131nda paylar\u0131 k\u00fc\u00e7\u00fck de olsa \u0130talya, \u0130ngiltere, Fransa ve Avusturya da Tel Aviv\u2019e silah sat\u0131yor. &#13; En b\u00fcy\u00fck m\u00fchimmat destek\u00e7isi ABD &#13; Beyaz Saray, \u0130srail\u2019e y\u0131lda yakla\u015f\u0131k 3 milyar 300 [&hellip;]","og_url":"https:\/\/kuzeyinsesi.org\/index.php\/2024\/05\/10\/israil-silahlarini-nereden-aliyor\/","og_site_name":"Kuzeyin Sesi","article_publisher":"https:\/\/www.facebook.com\/kuzeyinsesii","article_published_time":"2024-05-10T12:31:06+00:00","og_image":[{"width":1280,"height":720,"url":"https:\/\/kuzeyinsesi.org\/wp-content\/uploads\/2024\/05\/israil-silah-aa-2188068.jpg","type":"image\/jpeg"}],"author":"Kuzeyin Sesi","twitter_card":"summary_large_image","twitter_creator":"@kuzeyinsesii","twitter_site":"@kuzeyinsesii","twitter_misc":{"Yazan:":"Kuzeyin Sesi","Tahmini okuma s\u00fcresi":"2 dakika"},"schema":{"@context":"https:\/\/schema.org","@graph":[{"@type":"Article","@id":"https:\/\/kuzeyinsesi.org\/index.php\/2024\/05\/10\/israil-silahlarini-nereden-aliyor\/#article","isPartOf":{"@id":"https:\/\/kuzeyinsesi.org\/index.php\/2024\/05\/10\/israil-silahlarini-nereden-aliyor\/"},"author":{"name":"Kuzeyin Sesi","@id":"https:\/\/kuzeyinsesi.org\/#\/schema\/person\/9f859689cdf01485597712386e37f5aa"},"headline":"\u0130srail silahlar\u0131n\u0131 nereden al\u0131yor?","datePublished":"2024-05-10T12:31:06+00:00","mainEntityOfPage":{"@id":"https:\/\/kuzeyinsesi.org\/index.php\/2024\/05\/10\/israil-silahlarini-nereden-aliyor\/"},"wordCount":502,"commentCount":0,"image":{"@id":"https:\/\/kuzeyinsesi.org\/index.php\/2024\/05\/10\/israil-silahlarini-nereden-aliyor\/#primaryimage"},"thumbnailUrl":"https:\/\/kuzeyinsesi.org\/wp-content\/uploads\/2024\/05\/israil-silah-aa-2188068.jpg","articleSection":["D\u00fcnya"],"inLanguage":"tr","potentialAction":[{"@type":"CommentAction","name":"Comment","target":["https:\/\/kuzeyinsesi.org\/index.php\/2024\/05\/10\/israil-silahlarini-nereden-aliyor\/#respond"]}]},{"@type":"WebPage","@id":"https:\/\/kuzeyinsesi.org\/index.php\/2024\/05\/10\/israil-silahlarini-nereden-aliyor\/","url":"https:\/\/kuzeyinsesi.org\/index.php\/2024\/05\/10\/israil-silahlarini-nereden-aliyor\/","name":"\u0130srail silahlar\u0131n\u0131 nereden al\u0131yor? - Kuzeyin Sesi","isPartOf":{"@id":"https:\/\/kuzeyinsesi.org\/#website"},"primaryImageOfPage":{"@id":"https:\/\/kuzeyinsesi.org\/index.php\/2024\/05\/10\/israil-silahlarini-nereden-aliyor\/#primaryimage"},"image":{"@id":"https:\/\/kuzeyinsesi.org\/index.php\/2024\/05\/10\/israil-silahlarini-nereden-aliyor\/#primaryimage"},"thumbnailUrl":"https:\/\/kuzeyinsesi.org\/wp-content\/uploads\/2024\/05\/israil-silah-aa-2188068.jpg","datePublished":"2024-05-10T12:31:06+00:00","author":{"@id":"https:\/\/kuzeyinsesi.org\/#\/schema\/person\/9f859689cdf01485597712386e37f5aa"},"breadcrumb":{"@id":"https:\/\/kuzeyinsesi.org\/index.php\/2024\/05\/10\/israil-silahlarini-nereden-aliyor\/#breadcrumb"},"inLanguage":"tr","potentialAction":[{"@type":"ReadAction","target":["https:\/\/kuzeyinsesi.org\/index.php\/2024\/05\/10\/israil-silahlarini-nereden-aliyor\/"]}]},{"@type":"ImageObject","inLanguage":"tr","@id":"https:\/\/kuzeyinsesi.org\/index.php\/2024\/05\/10\/israil-silahlarini-nereden-aliyor\/#primaryimage","url":"https:\/\/kuzeyinsesi.org\/wp-content\/uploads\/2024\/05\/israil-silah-aa-2188068.jpg","contentUrl":"https:\/\/kuzeyinsesi.org\/wp-content\/uploads\/2024\/05\/israil-silah-aa-2188068.jpg","width":1280,"height":720},{"@type":"BreadcrumbList","@id":"https:\/\/kuzeyinsesi.org\/index.php\/2024\/05\/10\/israil-silahlarini-nereden-aliyor\/#breadcrumb","itemListElement":[{"@type":"ListItem","position":1,"name":"Anasayfa","item":"https:\/\/kuzeyinsesi.org\/"},{"@type":"ListItem","position":2,"name":"\u0130srail silahlar\u0131n\u0131 nereden al\u0131yor?"}]},{"@type":"WebSite","@id":"https:\/\/kuzeyinsesi.org\/#website","url":"https:\/\/kuzeyinsesi.org\/","name":"Kuzeyin Sesi","description":"Do\u011fru Haberin Adresi","potentialAction":[{"@type":"SearchAction","target":{"@type":"EntryPoint","urlTemplate":"https:\/\/kuzeyinsesi.org\/?s={search_term_string}"},"query-input":{"@type":"PropertyValueSpecification","valueRequired":true,"valueName":"search_term_string"}}],"inLanguage":"tr"},{"@type":"Person","@id":"https:\/\/kuzeyinsesi.org\/#\/schema\/person\/9f859689cdf01485597712386e37f5aa","name":"Kuzeyin Sesi","image":{"@type":"ImageObject","inLanguage":"tr","@id":"https:\/\/secure.gravatar.com\/avatar\/bab33852abfd8b282518d6ed81826833d77c3c882d9ab608add591ccace47a44?s=96&d=mm&r=g","url":"https:\/\/secure.gravatar.com\/avatar\/bab33852abfd8b282518d6ed81826833d77c3c882d9ab608add591ccace47a44?s=96&d=mm&r=g","contentUrl":"https:\/\/secure.gravatar.com\/avatar\/bab33852abfd8b282518d6ed81826833d77c3c882d9ab608add591ccace47a44?s=96&d=mm&r=g","caption":"Kuzeyin Sesi"},"sameAs":["https:\/\/kuzeyinsesi.org"],"url":"https:\/\/kuzeyinsesi.org\/index.php\/author\/guven\/"}]}},"_links":{"self":[{"href":"https:\/\/kuzeyinsesi.org\/index.php\/wp-json\/wp\/v2\/posts\/1980","targetHints":{"allow":["GET"]}}],"collection":[{"href":"https:\/\/kuzeyinsesi.org\/index.php\/wp-json\/wp\/v2\/posts"}],"about":[{"href":"https:\/\/kuzeyinsesi.org\/index.php\/wp-json\/wp\/v2\/types\/post"}],"author":[{"embeddable":true,"href":"https:\/\/kuzeyinsesi.org\/index.php\/wp-json\/wp\/v2\/users\/1"}],"replies":[{"embeddable":true,"href":"https:\/\/kuzeyinsesi.org\/index.php\/wp-json\/wp\/v2\/comments?post=1980"}],"version-history":[{"count":0,"href":"https:\/\/kuzeyinsesi.org\/index.php\/wp-json\/wp\/v2\/posts\/1980\/revisions"}],"wp:featuredmedia":[{"embeddable":true,"href":"https:\/\/kuzeyinsesi.org\/index.php\/wp-json\/wp\/v2\/media\/1981"}],"wp:attachment":[{"href":"https:\/\/kuzeyinsesi.org\/index.php\/wp-json\/wp\/v2\/media?parent=1980"}],"wp:term":[{"taxonomy":"category","embeddable":true,"href":"https:\/\/kuzeyinsesi.org\/index.php\/wp-json\/wp\/v2\/categories?post=1980"},{"taxonomy":"post_tag","embeddable":true,"href":"https:\/\/kuzeyinsesi.org\/index.php\/wp-json\/wp\/v2\/tags?post=1980"}],"curies":[{"name":"wp","href":"https:\/\/api.w.org\/{rel}","templated":true}]}}