{"id":19788,"date":"2025-02-26T13:15:56","date_gmt":"2025-02-26T11:15:56","guid":{"rendered":"https:\/\/kuzeyinsesi.org\/index.php\/2025\/02\/26\/turk-dunyasi-siir-odulu-sahibi-oktay-oksuzoglunun-yagli-boya-resim-sergisi-girnede-acildi\/"},"modified":"2025-02-26T13:15:56","modified_gmt":"2025-02-26T11:15:56","slug":"turk-dunyasi-siir-odulu-sahibi-oktay-oksuzoglunun-yagli-boya-resim-sergisi-girnede-acildi","status":"publish","type":"post","link":"https:\/\/kuzeyinsesi.org\/index.php\/2025\/02\/26\/turk-dunyasi-siir-odulu-sahibi-oktay-oksuzoglunun-yagli-boya-resim-sergisi-girnede-acildi\/","title":{"rendered":"T\u00fcrk D\u00fcnyas\u0131 \u015eiir \u00d6d\u00fcl\u00fc sahibi Oktay \u00d6ks\u00fczo\u011flu\u2019nun ya\u011fl\u0131 boya resim sergisi Girne\u2019de a\u00e7\u0131ld\u0131"},"content":{"rendered":"<div>\n<p>\u00a0<\/p>\n<div class=\"mariselle-image-container center\">\n                                            <\/div>\n<p>T\u00fcrk D\u00fcnyas\u0131 \u015eiir \u00d6d\u00fcl\u00fc sahibi Oktay \u00d6ks\u00fczo\u011flu\u2019nun \u201cDo\u011fan\u0131n G\u00f6z Ya\u015flar\u0131\u201d ad\u0131n\u0131 verdi\u011fi ya\u011fl\u0131 boya resim sergisi K\u00fclt\u00fcr Dairesi\u2019ne ba\u011fl\u0131 Girne Halk K\u00fct\u00fcphanesi\u2019nde a\u00e7\u0131ld\u0131.<\/p>\n<p>Serginin a\u00e7\u0131l\u0131\u015f\u0131n\u0131 K\u00fclt\u00fcr Dairesi M\u00fcd\u00fcr\u00fc \u015eirin Zaima\u011fao\u011flu yapt\u0131.<\/p>\n<p>Sanat\u00e7\u0131 Oktay \u00d6ks\u00fczo\u011flu konu\u015fmas\u0131nda sergide, bir n\u00fckleer sava\u015f durumunda do\u011fan\u0131n \u00a0nas\u0131l g\u00f6r\u00fcnece\u011fini\u00a0 resmeden eserlere yer verdi\u011fini dile getirdi.<\/p>\n<p>K\u00fclt\u00fcr Dairesi M\u00fcd\u00fcr\u00fc \u015eirin Zaima\u011fao\u011flu da, \u015fiirleriyle tan\u0131nan\u00a0 sanat\u00e7\u0131 Oktay \u00d6ks\u00fczo\u011flu\u2019nun resim sergisine kakt\u0131 sa\u011flamaktan mutluluk duyduklar\u0131n\u0131 belirtti.<\/p>\n<p>\u00dclke k\u00fclt\u00fcr sanat\u0131 geli\u015ftirmek, gelece\u011fe aktarmak ve d\u00fcnyaya tan\u0131tmak i\u00e7in K\u00fclt\u00fcr Dairesi olarak g\u00f6revlerini yerine getirmeye \u00e7al\u0131\u015ft\u0131klar\u0131n\u0131\u00a0 dile getiren Zaima\u011fao\u011flu, \u00a0Bundan sonraki s\u00fcre\u00e7te vizyonlar\u0131n\u0131n gezici sergilerle sanat\u00e7\u0131lar\u0131n eserlerini adan\u0131n farkl\u0131 b\u00f6lgelerinde vatanda\u015flarla bulu\u015fturmak \u00a0oldu\u011funu ifade etti.<\/p>\n<p>Sergi 7 Mart Cuma g\u00fcn\u00fcne kadar mesai saatleri aras\u0131nda ziyaret edilebilecek.<\/p>\n<\/p><\/div>\n<p><script async\n                    defer\n                    crossorigin=\"anonymous\"\n                    src=\"https:\/\/connect.facebook.net\/tr_TR\/sdk.js#xfbml=1&#038;version=v3.3\"\n            ><\/script><\/p>\n","protected":false},"excerpt":{"rendered":"<p>\u00a0 T\u00fcrk D\u00fcnyas\u0131 \u015eiir \u00d6d\u00fcl\u00fc sahibi Oktay \u00d6ks\u00fczo\u011flu\u2019nun \u201cDo\u011fan\u0131n G\u00f6z Ya\u015flar\u0131\u201d ad\u0131n\u0131 verdi\u011fi ya\u011fl\u0131 boya resim sergisi K\u00fclt\u00fcr Dairesi\u2019ne ba\u011fl\u0131 Girne Halk K\u00fct\u00fcphanesi\u2019nde a\u00e7\u0131ld\u0131. Serginin a\u00e7\u0131l\u0131\u015f\u0131n\u0131 K\u00fclt\u00fcr Dairesi M\u00fcd\u00fcr\u00fc \u015eirin Zaima\u011fao\u011flu yapt\u0131. Sanat\u00e7\u0131 Oktay \u00d6ks\u00fczo\u011flu konu\u015fmas\u0131nda sergide, bir n\u00fckleer sava\u015f durumunda do\u011fan\u0131n \u00a0nas\u0131l g\u00f6r\u00fcnece\u011fini\u00a0 resmeden eserlere yer verdi\u011fini dile getirdi. K\u00fclt\u00fcr Dairesi M\u00fcd\u00fcr\u00fc \u015eirin Zaima\u011fao\u011flu [&hellip;]<\/p>\n","protected":false},"author":1,"featured_media":19789,"comment_status":"open","ping_status":"open","sticky":false,"template":"","format":"standard","meta":{"jnews-multi-image_gallery":[],"jnews_single_post":[],"jnews_primary_category":[],"jnews_social_meta":[],"jnews_override_counter":[],"footnotes":""},"categories":[6],"tags":[],"class_list":["post-19788","post","type-post","status-publish","format-standard","has-post-thumbnail","hentry","category-yasam"],"yoast_head":"<!-- This site is optimized with the Yoast SEO plugin v27.4 - https:\/\/yoast.com\/product\/yoast-seo-wordpress\/ -->\n<title>T\u00fcrk D\u00fcnyas\u0131 \u015eiir \u00d6d\u00fcl\u00fc sahibi Oktay \u00d6ks\u00fczo\u011flu\u2019nun ya\u011fl\u0131 boya resim sergisi Girne\u2019de a\u00e7\u0131ld\u0131 - Kuzeyin Sesi<\/title>\n<meta name=\"robots\" content=\"index, follow, max-snippet:-1, max-image-preview:large, max-video-preview:-1\" \/>\n<link rel=\"canonical\" href=\"https:\/\/kuzeyinsesi.org\/index.php\/2025\/02\/26\/turk-dunyasi-siir-odulu-sahibi-oktay-oksuzoglunun-yagli-boya-resim-sergisi-girnede-acildi\/\" \/>\n<meta property=\"og:locale\" content=\"tr_TR\" \/>\n<meta property=\"og:type\" content=\"article\" \/>\n<meta property=\"og:title\" content=\"T\u00fcrk D\u00fcnyas\u0131 \u015eiir \u00d6d\u00fcl\u00fc sahibi Oktay \u00d6ks\u00fczo\u011flu\u2019nun ya\u011fl\u0131 boya resim sergisi Girne\u2019de a\u00e7\u0131ld\u0131 - Kuzeyin Sesi\" \/>\n<meta property=\"og:description\" content=\"\u00a0 T\u00fcrk D\u00fcnyas\u0131 \u015eiir \u00d6d\u00fcl\u00fc sahibi Oktay \u00d6ks\u00fczo\u011flu\u2019nun \u201cDo\u011fan\u0131n G\u00f6z Ya\u015flar\u0131\u201d ad\u0131n\u0131 verdi\u011fi ya\u011fl\u0131 boya resim sergisi K\u00fclt\u00fcr Dairesi\u2019ne ba\u011fl\u0131 Girne Halk K\u00fct\u00fcphanesi\u2019nde a\u00e7\u0131ld\u0131. Serginin a\u00e7\u0131l\u0131\u015f\u0131n\u0131 K\u00fclt\u00fcr Dairesi M\u00fcd\u00fcr\u00fc \u015eirin Zaima\u011fao\u011flu yapt\u0131. Sanat\u00e7\u0131 Oktay \u00d6ks\u00fczo\u011flu konu\u015fmas\u0131nda sergide, bir n\u00fckleer sava\u015f durumunda do\u011fan\u0131n \u00a0nas\u0131l g\u00f6r\u00fcnece\u011fini\u00a0 resmeden eserlere yer verdi\u011fini dile getirdi. K\u00fclt\u00fcr Dairesi M\u00fcd\u00fcr\u00fc \u015eirin Zaima\u011fao\u011flu [&hellip;]\" \/>\n<meta property=\"og:url\" content=\"https:\/\/kuzeyinsesi.org\/index.php\/2025\/02\/26\/turk-dunyasi-siir-odulu-sahibi-oktay-oksuzoglunun-yagli-boya-resim-sergisi-girnede-acildi\/\" \/>\n<meta property=\"og:site_name\" content=\"Kuzeyin Sesi\" \/>\n<meta property=\"article:publisher\" content=\"https:\/\/www.facebook.com\/kuzeyinsesii\" \/>\n<meta property=\"article:published_time\" content=\"2025-02-26T11:15:56+00:00\" \/>\n<meta property=\"og:image\" content=\"https:\/\/brtk.net\/wp-content\/uploads\/2025\/02\/26\/InShot_20250226_124915892-scaled.jpg?ver=486930994599c2dc61729650c78de7ac\" \/>\n<meta name=\"author\" content=\"Kuzeyin Sesi\" \/>\n<meta name=\"twitter:card\" content=\"summary_large_image\" \/>\n<meta name=\"twitter:creator\" content=\"@kuzeyinsesii\" \/>\n<meta name=\"twitter:site\" content=\"@kuzeyinsesii\" \/>\n<meta name=\"twitter:label1\" content=\"Yazan:\" \/>\n\t<meta name=\"twitter:data1\" content=\"Kuzeyin Sesi\" \/>\n\t<meta name=\"twitter:label2\" content=\"Tahmini okuma s\u00fcresi\" \/>\n\t<meta name=\"twitter:data2\" content=\"1 dakika\" \/>\n<script type=\"application\/ld+json\" class=\"yoast-schema-graph\">{\"@context\":\"https:\\\/\\\/schema.org\",\"@graph\":[{\"@type\":\"Article\",\"@id\":\"https:\\\/\\\/kuzeyinsesi.org\\\/index.php\\\/2025\\\/02\\\/26\\\/turk-dunyasi-siir-odulu-sahibi-oktay-oksuzoglunun-yagli-boya-resim-sergisi-girnede-acildi\\\/#article\",\"isPartOf\":{\"@id\":\"https:\\\/\\\/kuzeyinsesi.org\\\/index.php\\\/2025\\\/02\\\/26\\\/turk-dunyasi-siir-odulu-sahibi-oktay-oksuzoglunun-yagli-boya-resim-sergisi-girnede-acildi\\\/\"},\"author\":{\"name\":\"Kuzeyin Sesi\",\"@id\":\"https:\\\/\\\/kuzeyinsesi.org\\\/#\\\/schema\\\/person\\\/9f859689cdf01485597712386e37f5aa\"},\"headline\":\"T\u00fcrk D\u00fcnyas\u0131 \u015eiir \u00d6d\u00fcl\u00fc sahibi Oktay \u00d6ks\u00fczo\u011flu\u2019nun ya\u011fl\u0131 boya resim sergisi Girne\u2019de a\u00e7\u0131ld\u0131\",\"datePublished\":\"2025-02-26T11:15:56+00:00\",\"mainEntityOfPage\":{\"@id\":\"https:\\\/\\\/kuzeyinsesi.org\\\/index.php\\\/2025\\\/02\\\/26\\\/turk-dunyasi-siir-odulu-sahibi-oktay-oksuzoglunun-yagli-boya-resim-sergisi-girnede-acildi\\\/\"},\"wordCount\":217,\"commentCount\":0,\"image\":{\"@id\":\"https:\\\/\\\/kuzeyinsesi.org\\\/index.php\\\/2025\\\/02\\\/26\\\/turk-dunyasi-siir-odulu-sahibi-oktay-oksuzoglunun-yagli-boya-resim-sergisi-girnede-acildi\\\/#primaryimage\"},\"thumbnailUrl\":\"https:\\\/\\\/kuzeyinsesi.org\\\/wp-content\\\/uploads\\\/2025\\\/02\\\/InShot_20250226_124915892-scaled.jpg\",\"articleSection\":[\"Ya\u015fam\"],\"inLanguage\":\"tr\",\"potentialAction\":[{\"@type\":\"CommentAction\",\"name\":\"Comment\",\"target\":[\"https:\\\/\\\/kuzeyinsesi.org\\\/index.php\\\/2025\\\/02\\\/26\\\/turk-dunyasi-siir-odulu-sahibi-oktay-oksuzoglunun-yagli-boya-resim-sergisi-girnede-acildi\\\/#respond\"]}]},{\"@type\":\"WebPage\",\"@id\":\"https:\\\/\\\/kuzeyinsesi.org\\\/index.php\\\/2025\\\/02\\\/26\\\/turk-dunyasi-siir-odulu-sahibi-oktay-oksuzoglunun-yagli-boya-resim-sergisi-girnede-acildi\\\/\",\"url\":\"https:\\\/\\\/kuzeyinsesi.org\\\/index.php\\\/2025\\\/02\\\/26\\\/turk-dunyasi-siir-odulu-sahibi-oktay-oksuzoglunun-yagli-boya-resim-sergisi-girnede-acildi\\\/\",\"name\":\"T\u00fcrk D\u00fcnyas\u0131 \u015eiir \u00d6d\u00fcl\u00fc sahibi Oktay \u00d6ks\u00fczo\u011flu\u2019nun ya\u011fl\u0131 boya resim sergisi Girne\u2019de a\u00e7\u0131ld\u0131 - Kuzeyin Sesi\",\"isPartOf\":{\"@id\":\"https:\\\/\\\/kuzeyinsesi.org\\\/#website\"},\"primaryImageOfPage\":{\"@id\":\"https:\\\/\\\/kuzeyinsesi.org\\\/index.php\\\/2025\\\/02\\\/26\\\/turk-dunyasi-siir-odulu-sahibi-oktay-oksuzoglunun-yagli-boya-resim-sergisi-girnede-acildi\\\/#primaryimage\"},\"image\":{\"@id\":\"https:\\\/\\\/kuzeyinsesi.org\\\/index.php\\\/2025\\\/02\\\/26\\\/turk-dunyasi-siir-odulu-sahibi-oktay-oksuzoglunun-yagli-boya-resim-sergisi-girnede-acildi\\\/#primaryimage\"},\"thumbnailUrl\":\"https:\\\/\\\/kuzeyinsesi.org\\\/wp-content\\\/uploads\\\/2025\\\/02\\\/InShot_20250226_124915892-scaled.jpg\",\"datePublished\":\"2025-02-26T11:15:56+00:00\",\"author\":{\"@id\":\"https:\\\/\\\/kuzeyinsesi.org\\\/#\\\/schema\\\/person\\\/9f859689cdf01485597712386e37f5aa\"},\"breadcrumb\":{\"@id\":\"https:\\\/\\\/kuzeyinsesi.org\\\/index.php\\\/2025\\\/02\\\/26\\\/turk-dunyasi-siir-odulu-sahibi-oktay-oksuzoglunun-yagli-boya-resim-sergisi-girnede-acildi\\\/#breadcrumb\"},\"inLanguage\":\"tr\",\"potentialAction\":[{\"@type\":\"ReadAction\",\"target\":[\"https:\\\/\\\/kuzeyinsesi.org\\\/index.php\\\/2025\\\/02\\\/26\\\/turk-dunyasi-siir-odulu-sahibi-oktay-oksuzoglunun-yagli-boya-resim-sergisi-girnede-acildi\\\/\"]}]},{\"@type\":\"ImageObject\",\"inLanguage\":\"tr\",\"@id\":\"https:\\\/\\\/kuzeyinsesi.org\\\/index.php\\\/2025\\\/02\\\/26\\\/turk-dunyasi-siir-odulu-sahibi-oktay-oksuzoglunun-yagli-boya-resim-sergisi-girnede-acildi\\\/#primaryimage\",\"url\":\"https:\\\/\\\/kuzeyinsesi.org\\\/wp-content\\\/uploads\\\/2025\\\/02\\\/InShot_20250226_124915892-scaled.jpg\",\"contentUrl\":\"https:\\\/\\\/kuzeyinsesi.org\\\/wp-content\\\/uploads\\\/2025\\\/02\\\/InShot_20250226_124915892-scaled.jpg\",\"width\":2560,\"height\":1439},{\"@type\":\"BreadcrumbList\",\"@id\":\"https:\\\/\\\/kuzeyinsesi.org\\\/index.php\\\/2025\\\/02\\\/26\\\/turk-dunyasi-siir-odulu-sahibi-oktay-oksuzoglunun-yagli-boya-resim-sergisi-girnede-acildi\\\/#breadcrumb\",\"itemListElement\":[{\"@type\":\"ListItem\",\"position\":1,\"name\":\"Anasayfa\",\"item\":\"https:\\\/\\\/kuzeyinsesi.org\\\/\"},{\"@type\":\"ListItem\",\"position\":2,\"name\":\"T\u00fcrk D\u00fcnyas\u0131 \u015eiir \u00d6d\u00fcl\u00fc sahibi Oktay \u00d6ks\u00fczo\u011flu\u2019nun ya\u011fl\u0131 boya resim sergisi Girne\u2019de a\u00e7\u0131ld\u0131\"}]},{\"@type\":\"WebSite\",\"@id\":\"https:\\\/\\\/kuzeyinsesi.org\\\/#website\",\"url\":\"https:\\\/\\\/kuzeyinsesi.org\\\/\",\"name\":\"Kuzeyin Sesi\",\"description\":\"Do\u011fru Haberin Adresi\",\"potentialAction\":[{\"@type\":\"SearchAction\",\"target\":{\"@type\":\"EntryPoint\",\"urlTemplate\":\"https:\\\/\\\/kuzeyinsesi.org\\\/?s={search_term_string}\"},\"query-input\":{\"@type\":\"PropertyValueSpecification\",\"valueRequired\":true,\"valueName\":\"search_term_string\"}}],\"inLanguage\":\"tr\"},{\"@type\":\"Person\",\"@id\":\"https:\\\/\\\/kuzeyinsesi.org\\\/#\\\/schema\\\/person\\\/9f859689cdf01485597712386e37f5aa\",\"name\":\"Kuzeyin Sesi\",\"image\":{\"@type\":\"ImageObject\",\"inLanguage\":\"tr\",\"@id\":\"https:\\\/\\\/secure.gravatar.com\\\/avatar\\\/bab33852abfd8b282518d6ed81826833d77c3c882d9ab608add591ccace47a44?s=96&d=mm&r=g\",\"url\":\"https:\\\/\\\/secure.gravatar.com\\\/avatar\\\/bab33852abfd8b282518d6ed81826833d77c3c882d9ab608add591ccace47a44?s=96&d=mm&r=g\",\"contentUrl\":\"https:\\\/\\\/secure.gravatar.com\\\/avatar\\\/bab33852abfd8b282518d6ed81826833d77c3c882d9ab608add591ccace47a44?s=96&d=mm&r=g\",\"caption\":\"Kuzeyin Sesi\"},\"sameAs\":[\"https:\\\/\\\/kuzeyinsesi.org\"],\"url\":\"https:\\\/\\\/kuzeyinsesi.org\\\/index.php\\\/author\\\/guven\\\/\"}]}<\/script>\n<!-- \/ Yoast SEO plugin. -->","yoast_head_json":{"title":"T\u00fcrk D\u00fcnyas\u0131 \u015eiir \u00d6d\u00fcl\u00fc sahibi Oktay \u00d6ks\u00fczo\u011flu\u2019nun ya\u011fl\u0131 boya resim sergisi Girne\u2019de a\u00e7\u0131ld\u0131 - Kuzeyin Sesi","robots":{"index":"index","follow":"follow","max-snippet":"max-snippet:-1","max-image-preview":"max-image-preview:large","max-video-preview":"max-video-preview:-1"},"canonical":"https:\/\/kuzeyinsesi.org\/index.php\/2025\/02\/26\/turk-dunyasi-siir-odulu-sahibi-oktay-oksuzoglunun-yagli-boya-resim-sergisi-girnede-acildi\/","og_locale":"tr_TR","og_type":"article","og_title":"T\u00fcrk D\u00fcnyas\u0131 \u015eiir \u00d6d\u00fcl\u00fc sahibi Oktay \u00d6ks\u00fczo\u011flu\u2019nun ya\u011fl\u0131 boya resim sergisi Girne\u2019de a\u00e7\u0131ld\u0131 - Kuzeyin Sesi","og_description":"\u00a0 T\u00fcrk D\u00fcnyas\u0131 \u015eiir \u00d6d\u00fcl\u00fc sahibi Oktay \u00d6ks\u00fczo\u011flu\u2019nun \u201cDo\u011fan\u0131n G\u00f6z Ya\u015flar\u0131\u201d ad\u0131n\u0131 verdi\u011fi ya\u011fl\u0131 boya resim sergisi K\u00fclt\u00fcr Dairesi\u2019ne ba\u011fl\u0131 Girne Halk K\u00fct\u00fcphanesi\u2019nde a\u00e7\u0131ld\u0131. Serginin a\u00e7\u0131l\u0131\u015f\u0131n\u0131 K\u00fclt\u00fcr Dairesi M\u00fcd\u00fcr\u00fc \u015eirin Zaima\u011fao\u011flu yapt\u0131. Sanat\u00e7\u0131 Oktay \u00d6ks\u00fczo\u011flu konu\u015fmas\u0131nda sergide, bir n\u00fckleer sava\u015f durumunda do\u011fan\u0131n \u00a0nas\u0131l g\u00f6r\u00fcnece\u011fini\u00a0 resmeden eserlere yer verdi\u011fini dile getirdi. K\u00fclt\u00fcr Dairesi M\u00fcd\u00fcr\u00fc \u015eirin Zaima\u011fao\u011flu [&hellip;]","og_url":"https:\/\/kuzeyinsesi.org\/index.php\/2025\/02\/26\/turk-dunyasi-siir-odulu-sahibi-oktay-oksuzoglunun-yagli-boya-resim-sergisi-girnede-acildi\/","og_site_name":"Kuzeyin Sesi","article_publisher":"https:\/\/www.facebook.com\/kuzeyinsesii","article_published_time":"2025-02-26T11:15:56+00:00","og_image":[{"url":"https:\/\/brtk.net\/wp-content\/uploads\/2025\/02\/26\/InShot_20250226_124915892-scaled.jpg?ver=486930994599c2dc61729650c78de7ac","type":"","width":"","height":""}],"author":"Kuzeyin Sesi","twitter_card":"summary_large_image","twitter_creator":"@kuzeyinsesii","twitter_site":"@kuzeyinsesii","twitter_misc":{"Yazan:":"Kuzeyin Sesi","Tahmini okuma s\u00fcresi":"1 dakika"},"schema":{"@context":"https:\/\/schema.org","@graph":[{"@type":"Article","@id":"https:\/\/kuzeyinsesi.org\/index.php\/2025\/02\/26\/turk-dunyasi-siir-odulu-sahibi-oktay-oksuzoglunun-yagli-boya-resim-sergisi-girnede-acildi\/#article","isPartOf":{"@id":"https:\/\/kuzeyinsesi.org\/index.php\/2025\/02\/26\/turk-dunyasi-siir-odulu-sahibi-oktay-oksuzoglunun-yagli-boya-resim-sergisi-girnede-acildi\/"},"author":{"name":"Kuzeyin Sesi","@id":"https:\/\/kuzeyinsesi.org\/#\/schema\/person\/9f859689cdf01485597712386e37f5aa"},"headline":"T\u00fcrk D\u00fcnyas\u0131 \u015eiir \u00d6d\u00fcl\u00fc sahibi Oktay \u00d6ks\u00fczo\u011flu\u2019nun ya\u011fl\u0131 boya resim sergisi Girne\u2019de a\u00e7\u0131ld\u0131","datePublished":"2025-02-26T11:15:56+00:00","mainEntityOfPage":{"@id":"https:\/\/kuzeyinsesi.org\/index.php\/2025\/02\/26\/turk-dunyasi-siir-odulu-sahibi-oktay-oksuzoglunun-yagli-boya-resim-sergisi-girnede-acildi\/"},"wordCount":217,"commentCount":0,"image":{"@id":"https:\/\/kuzeyinsesi.org\/index.php\/2025\/02\/26\/turk-dunyasi-siir-odulu-sahibi-oktay-oksuzoglunun-yagli-boya-resim-sergisi-girnede-acildi\/#primaryimage"},"thumbnailUrl":"https:\/\/kuzeyinsesi.org\/wp-content\/uploads\/2025\/02\/InShot_20250226_124915892-scaled.jpg","articleSection":["Ya\u015fam"],"inLanguage":"tr","potentialAction":[{"@type":"CommentAction","name":"Comment","target":["https:\/\/kuzeyinsesi.org\/index.php\/2025\/02\/26\/turk-dunyasi-siir-odulu-sahibi-oktay-oksuzoglunun-yagli-boya-resim-sergisi-girnede-acildi\/#respond"]}]},{"@type":"WebPage","@id":"https:\/\/kuzeyinsesi.org\/index.php\/2025\/02\/26\/turk-dunyasi-siir-odulu-sahibi-oktay-oksuzoglunun-yagli-boya-resim-sergisi-girnede-acildi\/","url":"https:\/\/kuzeyinsesi.org\/index.php\/2025\/02\/26\/turk-dunyasi-siir-odulu-sahibi-oktay-oksuzoglunun-yagli-boya-resim-sergisi-girnede-acildi\/","name":"T\u00fcrk D\u00fcnyas\u0131 \u015eiir \u00d6d\u00fcl\u00fc sahibi Oktay \u00d6ks\u00fczo\u011flu\u2019nun ya\u011fl\u0131 boya resim sergisi Girne\u2019de a\u00e7\u0131ld\u0131 - Kuzeyin Sesi","isPartOf":{"@id":"https:\/\/kuzeyinsesi.org\/#website"},"primaryImageOfPage":{"@id":"https:\/\/kuzeyinsesi.org\/index.php\/2025\/02\/26\/turk-dunyasi-siir-odulu-sahibi-oktay-oksuzoglunun-yagli-boya-resim-sergisi-girnede-acildi\/#primaryimage"},"image":{"@id":"https:\/\/kuzeyinsesi.org\/index.php\/2025\/02\/26\/turk-dunyasi-siir-odulu-sahibi-oktay-oksuzoglunun-yagli-boya-resim-sergisi-girnede-acildi\/#primaryimage"},"thumbnailUrl":"https:\/\/kuzeyinsesi.org\/wp-content\/uploads\/2025\/02\/InShot_20250226_124915892-scaled.jpg","datePublished":"2025-02-26T11:15:56+00:00","author":{"@id":"https:\/\/kuzeyinsesi.org\/#\/schema\/person\/9f859689cdf01485597712386e37f5aa"},"breadcrumb":{"@id":"https:\/\/kuzeyinsesi.org\/index.php\/2025\/02\/26\/turk-dunyasi-siir-odulu-sahibi-oktay-oksuzoglunun-yagli-boya-resim-sergisi-girnede-acildi\/#breadcrumb"},"inLanguage":"tr","potentialAction":[{"@type":"ReadAction","target":["https:\/\/kuzeyinsesi.org\/index.php\/2025\/02\/26\/turk-dunyasi-siir-odulu-sahibi-oktay-oksuzoglunun-yagli-boya-resim-sergisi-girnede-acildi\/"]}]},{"@type":"ImageObject","inLanguage":"tr","@id":"https:\/\/kuzeyinsesi.org\/index.php\/2025\/02\/26\/turk-dunyasi-siir-odulu-sahibi-oktay-oksuzoglunun-yagli-boya-resim-sergisi-girnede-acildi\/#primaryimage","url":"https:\/\/kuzeyinsesi.org\/wp-content\/uploads\/2025\/02\/InShot_20250226_124915892-scaled.jpg","contentUrl":"https:\/\/kuzeyinsesi.org\/wp-content\/uploads\/2025\/02\/InShot_20250226_124915892-scaled.jpg","width":2560,"height":1439},{"@type":"BreadcrumbList","@id":"https:\/\/kuzeyinsesi.org\/index.php\/2025\/02\/26\/turk-dunyasi-siir-odulu-sahibi-oktay-oksuzoglunun-yagli-boya-resim-sergisi-girnede-acildi\/#breadcrumb","itemListElement":[{"@type":"ListItem","position":1,"name":"Anasayfa","item":"https:\/\/kuzeyinsesi.org\/"},{"@type":"ListItem","position":2,"name":"T\u00fcrk D\u00fcnyas\u0131 \u015eiir \u00d6d\u00fcl\u00fc sahibi Oktay \u00d6ks\u00fczo\u011flu\u2019nun ya\u011fl\u0131 boya resim sergisi Girne\u2019de a\u00e7\u0131ld\u0131"}]},{"@type":"WebSite","@id":"https:\/\/kuzeyinsesi.org\/#website","url":"https:\/\/kuzeyinsesi.org\/","name":"Kuzeyin Sesi","description":"Do\u011fru Haberin Adresi","potentialAction":[{"@type":"SearchAction","target":{"@type":"EntryPoint","urlTemplate":"https:\/\/kuzeyinsesi.org\/?s={search_term_string}"},"query-input":{"@type":"PropertyValueSpecification","valueRequired":true,"valueName":"search_term_string"}}],"inLanguage":"tr"},{"@type":"Person","@id":"https:\/\/kuzeyinsesi.org\/#\/schema\/person\/9f859689cdf01485597712386e37f5aa","name":"Kuzeyin Sesi","image":{"@type":"ImageObject","inLanguage":"tr","@id":"https:\/\/secure.gravatar.com\/avatar\/bab33852abfd8b282518d6ed81826833d77c3c882d9ab608add591ccace47a44?s=96&d=mm&r=g","url":"https:\/\/secure.gravatar.com\/avatar\/bab33852abfd8b282518d6ed81826833d77c3c882d9ab608add591ccace47a44?s=96&d=mm&r=g","contentUrl":"https:\/\/secure.gravatar.com\/avatar\/bab33852abfd8b282518d6ed81826833d77c3c882d9ab608add591ccace47a44?s=96&d=mm&r=g","caption":"Kuzeyin Sesi"},"sameAs":["https:\/\/kuzeyinsesi.org"],"url":"https:\/\/kuzeyinsesi.org\/index.php\/author\/guven\/"}]}},"_links":{"self":[{"href":"https:\/\/kuzeyinsesi.org\/index.php\/wp-json\/wp\/v2\/posts\/19788","targetHints":{"allow":["GET"]}}],"collection":[{"href":"https:\/\/kuzeyinsesi.org\/index.php\/wp-json\/wp\/v2\/posts"}],"about":[{"href":"https:\/\/kuzeyinsesi.org\/index.php\/wp-json\/wp\/v2\/types\/post"}],"author":[{"embeddable":true,"href":"https:\/\/kuzeyinsesi.org\/index.php\/wp-json\/wp\/v2\/users\/1"}],"replies":[{"embeddable":true,"href":"https:\/\/kuzeyinsesi.org\/index.php\/wp-json\/wp\/v2\/comments?post=19788"}],"version-history":[{"count":0,"href":"https:\/\/kuzeyinsesi.org\/index.php\/wp-json\/wp\/v2\/posts\/19788\/revisions"}],"wp:featuredmedia":[{"embeddable":true,"href":"https:\/\/kuzeyinsesi.org\/index.php\/wp-json\/wp\/v2\/media\/19789"}],"wp:attachment":[{"href":"https:\/\/kuzeyinsesi.org\/index.php\/wp-json\/wp\/v2\/media?parent=19788"}],"wp:term":[{"taxonomy":"category","embeddable":true,"href":"https:\/\/kuzeyinsesi.org\/index.php\/wp-json\/wp\/v2\/categories?post=19788"},{"taxonomy":"post_tag","embeddable":true,"href":"https:\/\/kuzeyinsesi.org\/index.php\/wp-json\/wp\/v2\/tags?post=19788"}],"curies":[{"name":"wp","href":"https:\/\/api.w.org\/{rel}","templated":true}]}}