{"id":1976,"date":"2024-05-10T15:21:05","date_gmt":"2024-05-10T12:21:05","guid":{"rendered":"https:\/\/kuzeyinsesi.com\/index.php\/2024\/05\/10\/lefkosa-guzelyurt-anayolunda-pazar-gunu-motosiklet-drag-yarisi-yapilacak-yolun-bir-kismi-kapatilacak\/"},"modified":"2024-05-10T15:21:05","modified_gmt":"2024-05-10T12:21:05","slug":"lefkosa-guzelyurt-anayolunda-pazar-gunu-motosiklet-drag-yarisi-yapilacak-yolun-bir-kismi-kapatilacak","status":"publish","type":"post","link":"https:\/\/kuzeyinsesi.org\/index.php\/2024\/05\/10\/lefkosa-guzelyurt-anayolunda-pazar-gunu-motosiklet-drag-yarisi-yapilacak-yolun-bir-kismi-kapatilacak\/","title":{"rendered":"Lefko\u015fa-G\u00fczelyurt anayolunda pazar g\u00fcn\u00fc motosiklet drag yar\u0131\u015f\u0131 yap\u0131lacak. Yolun bir k\u0131sm\u0131 kapat\u0131lacak"},"content":{"rendered":"<div>\n<div class=\"mariselle-image-container none\">\n                                            <\/div>\n<p>Serhatk\u00f6y alt ge\u00e7idi ile Mevlevi \u00c7emberi aras\u0131nda kalan yol \u00e7ift y\u00f6nl\u00fc olarak trafik ak\u0131\u015f\u0131na kapat\u0131lacak<\/p>\n<p>Motosiklet drag yar\u0131\u015f\u0131 nedeniyle Lefko\u015fa-G\u00fczelyurt Ana yolu\u2019nun Serhatk\u00f6y alt ge\u00e7idi ile Mevlevi \u00c7emberi aras\u0131nda kalan yol g\u00fczergah\u0131, pazar g\u00fcn\u00fc \u00e7ift y\u00f6nl\u00fc olarak trafik ak\u0131\u015f\u0131na kapat\u0131lacak.<\/p>\n<p>Drag yar\u0131\u015f\u0131, K\u0131br\u0131s T\u00fcrk Motosiklet Kurumu taraf\u0131ndan 12 May\u0131s Pazar g\u00fcn\u00fc, 09.00-18.00 saatleri aras\u0131nda ger\u00e7ekle\u015ftirilecek.<\/p>\n<p>Polis, yapt\u0131\u011f\u0131 a\u00e7\u0131klamada, belirtilen tarih ve saatlerde, Lefko\u015fa-G\u00fczelyurt Ana yolu\u2019nun Serhatk\u00f6y alt ge\u00e7idi ile Mevlevi \u00e7emberi aras\u0131nda kalan yol g\u00fczergah\u0131n\u0131n, \u00e7ift y\u00f6nl\u00fc olarak trafik ak\u0131\u015f\u0131na kapat\u0131laca\u011f\u0131n\u0131 duyurdu.<\/p>\n<p>Lefko\u015fa ve G\u00fczelyurt istikametlerinden gelen ara\u00e7lar\u0131n ula\u015f\u0131m\u0131, Serhatk\u00f6y g\u00fczergah\u0131ndan eski Lefko\u015fa-G\u00fczelyurt anayolu \u00fczerinden sa\u011flanacak.<\/p>\n<p>Motosiklet Drag yar\u0131\u015f\u0131 s\u00fcresince bahse konu yol g\u00fczergah\u0131n\u0131 kullanacak s\u00fcr\u00fcc\u00fclerin, kendileri ve yar\u0131\u015fmac\u0131lar\u0131n can, mal g\u00fcvenlikleri a\u00e7\u0131s\u0131ndan yava\u015f, dikkatli seyretmeleri, ayr\u0131ca trafik i\u015faret ve i\u015faret\u00e7ilerine uymalar\u0131 istendi.<\/p>\n<\/p><\/div>\n<p><script async\n                    defer\n                    crossorigin=\"anonymous\"\n                    src=\"https:\/\/connect.facebook.net\/tr_TR\/sdk.js#xfbml=1&#038;version=v3.3\"\n            ><\/script><\/p>\n","protected":false},"excerpt":{"rendered":"<p>Serhatk\u00f6y alt ge\u00e7idi ile Mevlevi \u00c7emberi aras\u0131nda kalan yol \u00e7ift y\u00f6nl\u00fc olarak trafik ak\u0131\u015f\u0131na kapat\u0131lacak Motosiklet drag yar\u0131\u015f\u0131 nedeniyle Lefko\u015fa-G\u00fczelyurt Ana yolu\u2019nun Serhatk\u00f6y alt ge\u00e7idi ile Mevlevi \u00c7emberi aras\u0131nda kalan yol g\u00fczergah\u0131, pazar g\u00fcn\u00fc \u00e7ift y\u00f6nl\u00fc olarak trafik ak\u0131\u015f\u0131na kapat\u0131lacak. Drag yar\u0131\u015f\u0131, K\u0131br\u0131s T\u00fcrk Motosiklet Kurumu taraf\u0131ndan 12 May\u0131s Pazar g\u00fcn\u00fc, 09.00-18.00 saatleri aras\u0131nda ger\u00e7ekle\u015ftirilecek. [&hellip;]<\/p>\n","protected":false},"author":1,"featured_media":1977,"comment_status":"open","ping_status":"open","sticky":false,"template":"","format":"standard","meta":{"jnews-multi-image_gallery":[],"jnews_single_post":[],"jnews_primary_category":[],"jnews_social_meta":[],"jnews_override_counter":[],"footnotes":""},"categories":[1],"tags":[],"class_list":["post-1976","post","type-post","status-publish","format-standard","has-post-thumbnail","hentry","category-kibris"],"yoast_head":"<!-- This site is optimized with the Yoast SEO plugin v27.5 - https:\/\/yoast.com\/product\/yoast-seo-wordpress\/ -->\n<title>Lefko\u015fa-G\u00fczelyurt anayolunda pazar g\u00fcn\u00fc motosiklet drag yar\u0131\u015f\u0131 yap\u0131lacak. Yolun bir k\u0131sm\u0131 kapat\u0131lacak - Kuzeyin Sesi<\/title>\n<meta name=\"robots\" content=\"index, follow, max-snippet:-1, max-image-preview:large, max-video-preview:-1\" \/>\n<link rel=\"canonical\" href=\"https:\/\/kuzeyinsesi.org\/index.php\/2024\/05\/10\/lefkosa-guzelyurt-anayolunda-pazar-gunu-motosiklet-drag-yarisi-yapilacak-yolun-bir-kismi-kapatilacak\/\" \/>\n<meta property=\"og:locale\" content=\"tr_TR\" \/>\n<meta property=\"og:type\" content=\"article\" \/>\n<meta property=\"og:title\" content=\"Lefko\u015fa-G\u00fczelyurt anayolunda pazar g\u00fcn\u00fc motosiklet drag yar\u0131\u015f\u0131 yap\u0131lacak. Yolun bir k\u0131sm\u0131 kapat\u0131lacak - Kuzeyin Sesi\" \/>\n<meta property=\"og:description\" content=\"Serhatk\u00f6y alt ge\u00e7idi ile Mevlevi \u00c7emberi aras\u0131nda kalan yol \u00e7ift y\u00f6nl\u00fc olarak trafik ak\u0131\u015f\u0131na kapat\u0131lacak Motosiklet drag yar\u0131\u015f\u0131 nedeniyle Lefko\u015fa-G\u00fczelyurt Ana yolu\u2019nun Serhatk\u00f6y alt ge\u00e7idi ile Mevlevi \u00c7emberi aras\u0131nda kalan yol g\u00fczergah\u0131, pazar g\u00fcn\u00fc \u00e7ift y\u00f6nl\u00fc olarak trafik ak\u0131\u015f\u0131na kapat\u0131lacak. Drag yar\u0131\u015f\u0131, K\u0131br\u0131s T\u00fcrk Motosiklet Kurumu taraf\u0131ndan 12 May\u0131s Pazar g\u00fcn\u00fc, 09.00-18.00 saatleri aras\u0131nda ger\u00e7ekle\u015ftirilecek. [&hellip;]\" \/>\n<meta property=\"og:url\" content=\"https:\/\/kuzeyinsesi.org\/index.php\/2024\/05\/10\/lefkosa-guzelyurt-anayolunda-pazar-gunu-motosiklet-drag-yarisi-yapilacak-yolun-bir-kismi-kapatilacak\/\" \/>\n<meta property=\"og:site_name\" content=\"Kuzeyin Sesi\" \/>\n<meta property=\"article:publisher\" content=\"https:\/\/www.facebook.com\/kuzeyinsesii\" \/>\n<meta property=\"article:published_time\" content=\"2024-05-10T12:21:05+00:00\" \/>\n<meta property=\"og:image\" content=\"https:\/\/kuzeyinsesi.org\/wp-content\/uploads\/2024\/05\/FB_IMG_1715343621030.jpg\" \/>\n\t<meta property=\"og:image:width\" content=\"960\" \/>\n\t<meta property=\"og:image:height\" content=\"720\" \/>\n\t<meta property=\"og:image:type\" content=\"image\/jpeg\" \/>\n<meta name=\"author\" content=\"Kuzeyin Sesi\" \/>\n<meta name=\"twitter:card\" content=\"summary_large_image\" \/>\n<meta name=\"twitter:creator\" content=\"@kuzeyinsesii\" \/>\n<meta name=\"twitter:site\" content=\"@kuzeyinsesii\" \/>\n<meta name=\"twitter:label1\" content=\"Yazan:\" \/>\n\t<meta name=\"twitter:data1\" content=\"Kuzeyin Sesi\" \/>\n\t<meta name=\"twitter:label2\" content=\"Tahmini okuma s\u00fcresi\" \/>\n\t<meta name=\"twitter:data2\" content=\"1 dakika\" \/>\n<script type=\"application\/ld+json\" class=\"yoast-schema-graph\">{\"@context\":\"https:\\\/\\\/schema.org\",\"@graph\":[{\"@type\":\"Article\",\"@id\":\"https:\\\/\\\/kuzeyinsesi.org\\\/index.php\\\/2024\\\/05\\\/10\\\/lefkosa-guzelyurt-anayolunda-pazar-gunu-motosiklet-drag-yarisi-yapilacak-yolun-bir-kismi-kapatilacak\\\/#article\",\"isPartOf\":{\"@id\":\"https:\\\/\\\/kuzeyinsesi.org\\\/index.php\\\/2024\\\/05\\\/10\\\/lefkosa-guzelyurt-anayolunda-pazar-gunu-motosiklet-drag-yarisi-yapilacak-yolun-bir-kismi-kapatilacak\\\/\"},\"author\":{\"name\":\"Kuzeyin Sesi\",\"@id\":\"https:\\\/\\\/kuzeyinsesi.org\\\/#\\\/schema\\\/person\\\/9f859689cdf01485597712386e37f5aa\"},\"headline\":\"Lefko\u015fa-G\u00fczelyurt anayolunda pazar g\u00fcn\u00fc motosiklet drag yar\u0131\u015f\u0131 yap\u0131lacak. Yolun bir k\u0131sm\u0131 kapat\u0131lacak\",\"datePublished\":\"2024-05-10T12:21:05+00:00\",\"mainEntityOfPage\":{\"@id\":\"https:\\\/\\\/kuzeyinsesi.org\\\/index.php\\\/2024\\\/05\\\/10\\\/lefkosa-guzelyurt-anayolunda-pazar-gunu-motosiklet-drag-yarisi-yapilacak-yolun-bir-kismi-kapatilacak\\\/\"},\"wordCount\":207,\"commentCount\":0,\"image\":{\"@id\":\"https:\\\/\\\/kuzeyinsesi.org\\\/index.php\\\/2024\\\/05\\\/10\\\/lefkosa-guzelyurt-anayolunda-pazar-gunu-motosiklet-drag-yarisi-yapilacak-yolun-bir-kismi-kapatilacak\\\/#primaryimage\"},\"thumbnailUrl\":\"https:\\\/\\\/kuzeyinsesi.org\\\/wp-content\\\/uploads\\\/2024\\\/05\\\/FB_IMG_1715343621030.jpg\",\"articleSection\":[\"K\u0131br\u0131s\"],\"inLanguage\":\"tr\",\"potentialAction\":[{\"@type\":\"CommentAction\",\"name\":\"Comment\",\"target\":[\"https:\\\/\\\/kuzeyinsesi.org\\\/index.php\\\/2024\\\/05\\\/10\\\/lefkosa-guzelyurt-anayolunda-pazar-gunu-motosiklet-drag-yarisi-yapilacak-yolun-bir-kismi-kapatilacak\\\/#respond\"]}]},{\"@type\":\"WebPage\",\"@id\":\"https:\\\/\\\/kuzeyinsesi.org\\\/index.php\\\/2024\\\/05\\\/10\\\/lefkosa-guzelyurt-anayolunda-pazar-gunu-motosiklet-drag-yarisi-yapilacak-yolun-bir-kismi-kapatilacak\\\/\",\"url\":\"https:\\\/\\\/kuzeyinsesi.org\\\/index.php\\\/2024\\\/05\\\/10\\\/lefkosa-guzelyurt-anayolunda-pazar-gunu-motosiklet-drag-yarisi-yapilacak-yolun-bir-kismi-kapatilacak\\\/\",\"name\":\"Lefko\u015fa-G\u00fczelyurt anayolunda pazar g\u00fcn\u00fc motosiklet drag yar\u0131\u015f\u0131 yap\u0131lacak. Yolun bir k\u0131sm\u0131 kapat\u0131lacak - Kuzeyin Sesi\",\"isPartOf\":{\"@id\":\"https:\\\/\\\/kuzeyinsesi.org\\\/#website\"},\"primaryImageOfPage\":{\"@id\":\"https:\\\/\\\/kuzeyinsesi.org\\\/index.php\\\/2024\\\/05\\\/10\\\/lefkosa-guzelyurt-anayolunda-pazar-gunu-motosiklet-drag-yarisi-yapilacak-yolun-bir-kismi-kapatilacak\\\/#primaryimage\"},\"image\":{\"@id\":\"https:\\\/\\\/kuzeyinsesi.org\\\/index.php\\\/2024\\\/05\\\/10\\\/lefkosa-guzelyurt-anayolunda-pazar-gunu-motosiklet-drag-yarisi-yapilacak-yolun-bir-kismi-kapatilacak\\\/#primaryimage\"},\"thumbnailUrl\":\"https:\\\/\\\/kuzeyinsesi.org\\\/wp-content\\\/uploads\\\/2024\\\/05\\\/FB_IMG_1715343621030.jpg\",\"datePublished\":\"2024-05-10T12:21:05+00:00\",\"author\":{\"@id\":\"https:\\\/\\\/kuzeyinsesi.org\\\/#\\\/schema\\\/person\\\/9f859689cdf01485597712386e37f5aa\"},\"breadcrumb\":{\"@id\":\"https:\\\/\\\/kuzeyinsesi.org\\\/index.php\\\/2024\\\/05\\\/10\\\/lefkosa-guzelyurt-anayolunda-pazar-gunu-motosiklet-drag-yarisi-yapilacak-yolun-bir-kismi-kapatilacak\\\/#breadcrumb\"},\"inLanguage\":\"tr\",\"potentialAction\":[{\"@type\":\"ReadAction\",\"target\":[\"https:\\\/\\\/kuzeyinsesi.org\\\/index.php\\\/2024\\\/05\\\/10\\\/lefkosa-guzelyurt-anayolunda-pazar-gunu-motosiklet-drag-yarisi-yapilacak-yolun-bir-kismi-kapatilacak\\\/\"]}]},{\"@type\":\"ImageObject\",\"inLanguage\":\"tr\",\"@id\":\"https:\\\/\\\/kuzeyinsesi.org\\\/index.php\\\/2024\\\/05\\\/10\\\/lefkosa-guzelyurt-anayolunda-pazar-gunu-motosiklet-drag-yarisi-yapilacak-yolun-bir-kismi-kapatilacak\\\/#primaryimage\",\"url\":\"https:\\\/\\\/kuzeyinsesi.org\\\/wp-content\\\/uploads\\\/2024\\\/05\\\/FB_IMG_1715343621030.jpg\",\"contentUrl\":\"https:\\\/\\\/kuzeyinsesi.org\\\/wp-content\\\/uploads\\\/2024\\\/05\\\/FB_IMG_1715343621030.jpg\",\"width\":960,\"height\":720},{\"@type\":\"BreadcrumbList\",\"@id\":\"https:\\\/\\\/kuzeyinsesi.org\\\/index.php\\\/2024\\\/05\\\/10\\\/lefkosa-guzelyurt-anayolunda-pazar-gunu-motosiklet-drag-yarisi-yapilacak-yolun-bir-kismi-kapatilacak\\\/#breadcrumb\",\"itemListElement\":[{\"@type\":\"ListItem\",\"position\":1,\"name\":\"Anasayfa\",\"item\":\"https:\\\/\\\/kuzeyinsesi.org\\\/\"},{\"@type\":\"ListItem\",\"position\":2,\"name\":\"Lefko\u015fa-G\u00fczelyurt anayolunda pazar g\u00fcn\u00fc motosiklet drag yar\u0131\u015f\u0131 yap\u0131lacak. Yolun bir k\u0131sm\u0131 kapat\u0131lacak\"}]},{\"@type\":\"WebSite\",\"@id\":\"https:\\\/\\\/kuzeyinsesi.org\\\/#website\",\"url\":\"https:\\\/\\\/kuzeyinsesi.org\\\/\",\"name\":\"Kuzeyin Sesi\",\"description\":\"Do\u011fru Haberin Adresi\",\"potentialAction\":[{\"@type\":\"SearchAction\",\"target\":{\"@type\":\"EntryPoint\",\"urlTemplate\":\"https:\\\/\\\/kuzeyinsesi.org\\\/?s={search_term_string}\"},\"query-input\":{\"@type\":\"PropertyValueSpecification\",\"valueRequired\":true,\"valueName\":\"search_term_string\"}}],\"inLanguage\":\"tr\"},{\"@type\":\"Person\",\"@id\":\"https:\\\/\\\/kuzeyinsesi.org\\\/#\\\/schema\\\/person\\\/9f859689cdf01485597712386e37f5aa\",\"name\":\"Kuzeyin Sesi\",\"image\":{\"@type\":\"ImageObject\",\"inLanguage\":\"tr\",\"@id\":\"https:\\\/\\\/secure.gravatar.com\\\/avatar\\\/bab33852abfd8b282518d6ed81826833d77c3c882d9ab608add591ccace47a44?s=96&d=mm&r=g\",\"url\":\"https:\\\/\\\/secure.gravatar.com\\\/avatar\\\/bab33852abfd8b282518d6ed81826833d77c3c882d9ab608add591ccace47a44?s=96&d=mm&r=g\",\"contentUrl\":\"https:\\\/\\\/secure.gravatar.com\\\/avatar\\\/bab33852abfd8b282518d6ed81826833d77c3c882d9ab608add591ccace47a44?s=96&d=mm&r=g\",\"caption\":\"Kuzeyin Sesi\"},\"sameAs\":[\"https:\\\/\\\/kuzeyinsesi.org\"],\"url\":\"https:\\\/\\\/kuzeyinsesi.org\\\/index.php\\\/author\\\/guven\\\/\"}]}<\/script>\n<!-- \/ Yoast SEO plugin. -->","yoast_head_json":{"title":"Lefko\u015fa-G\u00fczelyurt anayolunda pazar g\u00fcn\u00fc motosiklet drag yar\u0131\u015f\u0131 yap\u0131lacak. Yolun bir k\u0131sm\u0131 kapat\u0131lacak - Kuzeyin Sesi","robots":{"index":"index","follow":"follow","max-snippet":"max-snippet:-1","max-image-preview":"max-image-preview:large","max-video-preview":"max-video-preview:-1"},"canonical":"https:\/\/kuzeyinsesi.org\/index.php\/2024\/05\/10\/lefkosa-guzelyurt-anayolunda-pazar-gunu-motosiklet-drag-yarisi-yapilacak-yolun-bir-kismi-kapatilacak\/","og_locale":"tr_TR","og_type":"article","og_title":"Lefko\u015fa-G\u00fczelyurt anayolunda pazar g\u00fcn\u00fc motosiklet drag yar\u0131\u015f\u0131 yap\u0131lacak. Yolun bir k\u0131sm\u0131 kapat\u0131lacak - Kuzeyin Sesi","og_description":"Serhatk\u00f6y alt ge\u00e7idi ile Mevlevi \u00c7emberi aras\u0131nda kalan yol \u00e7ift y\u00f6nl\u00fc olarak trafik ak\u0131\u015f\u0131na kapat\u0131lacak Motosiklet drag yar\u0131\u015f\u0131 nedeniyle Lefko\u015fa-G\u00fczelyurt Ana yolu\u2019nun Serhatk\u00f6y alt ge\u00e7idi ile Mevlevi \u00c7emberi aras\u0131nda kalan yol g\u00fczergah\u0131, pazar g\u00fcn\u00fc \u00e7ift y\u00f6nl\u00fc olarak trafik ak\u0131\u015f\u0131na kapat\u0131lacak. Drag yar\u0131\u015f\u0131, K\u0131br\u0131s T\u00fcrk Motosiklet Kurumu taraf\u0131ndan 12 May\u0131s Pazar g\u00fcn\u00fc, 09.00-18.00 saatleri aras\u0131nda ger\u00e7ekle\u015ftirilecek. [&hellip;]","og_url":"https:\/\/kuzeyinsesi.org\/index.php\/2024\/05\/10\/lefkosa-guzelyurt-anayolunda-pazar-gunu-motosiklet-drag-yarisi-yapilacak-yolun-bir-kismi-kapatilacak\/","og_site_name":"Kuzeyin Sesi","article_publisher":"https:\/\/www.facebook.com\/kuzeyinsesii","article_published_time":"2024-05-10T12:21:05+00:00","og_image":[{"width":960,"height":720,"url":"https:\/\/kuzeyinsesi.org\/wp-content\/uploads\/2024\/05\/FB_IMG_1715343621030.jpg","type":"image\/jpeg"}],"author":"Kuzeyin Sesi","twitter_card":"summary_large_image","twitter_creator":"@kuzeyinsesii","twitter_site":"@kuzeyinsesii","twitter_misc":{"Yazan:":"Kuzeyin Sesi","Tahmini okuma s\u00fcresi":"1 dakika"},"schema":{"@context":"https:\/\/schema.org","@graph":[{"@type":"Article","@id":"https:\/\/kuzeyinsesi.org\/index.php\/2024\/05\/10\/lefkosa-guzelyurt-anayolunda-pazar-gunu-motosiklet-drag-yarisi-yapilacak-yolun-bir-kismi-kapatilacak\/#article","isPartOf":{"@id":"https:\/\/kuzeyinsesi.org\/index.php\/2024\/05\/10\/lefkosa-guzelyurt-anayolunda-pazar-gunu-motosiklet-drag-yarisi-yapilacak-yolun-bir-kismi-kapatilacak\/"},"author":{"name":"Kuzeyin Sesi","@id":"https:\/\/kuzeyinsesi.org\/#\/schema\/person\/9f859689cdf01485597712386e37f5aa"},"headline":"Lefko\u015fa-G\u00fczelyurt anayolunda pazar g\u00fcn\u00fc motosiklet drag yar\u0131\u015f\u0131 yap\u0131lacak. Yolun bir k\u0131sm\u0131 kapat\u0131lacak","datePublished":"2024-05-10T12:21:05+00:00","mainEntityOfPage":{"@id":"https:\/\/kuzeyinsesi.org\/index.php\/2024\/05\/10\/lefkosa-guzelyurt-anayolunda-pazar-gunu-motosiklet-drag-yarisi-yapilacak-yolun-bir-kismi-kapatilacak\/"},"wordCount":207,"commentCount":0,"image":{"@id":"https:\/\/kuzeyinsesi.org\/index.php\/2024\/05\/10\/lefkosa-guzelyurt-anayolunda-pazar-gunu-motosiklet-drag-yarisi-yapilacak-yolun-bir-kismi-kapatilacak\/#primaryimage"},"thumbnailUrl":"https:\/\/kuzeyinsesi.org\/wp-content\/uploads\/2024\/05\/FB_IMG_1715343621030.jpg","articleSection":["K\u0131br\u0131s"],"inLanguage":"tr","potentialAction":[{"@type":"CommentAction","name":"Comment","target":["https:\/\/kuzeyinsesi.org\/index.php\/2024\/05\/10\/lefkosa-guzelyurt-anayolunda-pazar-gunu-motosiklet-drag-yarisi-yapilacak-yolun-bir-kismi-kapatilacak\/#respond"]}]},{"@type":"WebPage","@id":"https:\/\/kuzeyinsesi.org\/index.php\/2024\/05\/10\/lefkosa-guzelyurt-anayolunda-pazar-gunu-motosiklet-drag-yarisi-yapilacak-yolun-bir-kismi-kapatilacak\/","url":"https:\/\/kuzeyinsesi.org\/index.php\/2024\/05\/10\/lefkosa-guzelyurt-anayolunda-pazar-gunu-motosiklet-drag-yarisi-yapilacak-yolun-bir-kismi-kapatilacak\/","name":"Lefko\u015fa-G\u00fczelyurt anayolunda pazar g\u00fcn\u00fc motosiklet drag yar\u0131\u015f\u0131 yap\u0131lacak. Yolun bir k\u0131sm\u0131 kapat\u0131lacak - Kuzeyin Sesi","isPartOf":{"@id":"https:\/\/kuzeyinsesi.org\/#website"},"primaryImageOfPage":{"@id":"https:\/\/kuzeyinsesi.org\/index.php\/2024\/05\/10\/lefkosa-guzelyurt-anayolunda-pazar-gunu-motosiklet-drag-yarisi-yapilacak-yolun-bir-kismi-kapatilacak\/#primaryimage"},"image":{"@id":"https:\/\/kuzeyinsesi.org\/index.php\/2024\/05\/10\/lefkosa-guzelyurt-anayolunda-pazar-gunu-motosiklet-drag-yarisi-yapilacak-yolun-bir-kismi-kapatilacak\/#primaryimage"},"thumbnailUrl":"https:\/\/kuzeyinsesi.org\/wp-content\/uploads\/2024\/05\/FB_IMG_1715343621030.jpg","datePublished":"2024-05-10T12:21:05+00:00","author":{"@id":"https:\/\/kuzeyinsesi.org\/#\/schema\/person\/9f859689cdf01485597712386e37f5aa"},"breadcrumb":{"@id":"https:\/\/kuzeyinsesi.org\/index.php\/2024\/05\/10\/lefkosa-guzelyurt-anayolunda-pazar-gunu-motosiklet-drag-yarisi-yapilacak-yolun-bir-kismi-kapatilacak\/#breadcrumb"},"inLanguage":"tr","potentialAction":[{"@type":"ReadAction","target":["https:\/\/kuzeyinsesi.org\/index.php\/2024\/05\/10\/lefkosa-guzelyurt-anayolunda-pazar-gunu-motosiklet-drag-yarisi-yapilacak-yolun-bir-kismi-kapatilacak\/"]}]},{"@type":"ImageObject","inLanguage":"tr","@id":"https:\/\/kuzeyinsesi.org\/index.php\/2024\/05\/10\/lefkosa-guzelyurt-anayolunda-pazar-gunu-motosiklet-drag-yarisi-yapilacak-yolun-bir-kismi-kapatilacak\/#primaryimage","url":"https:\/\/kuzeyinsesi.org\/wp-content\/uploads\/2024\/05\/FB_IMG_1715343621030.jpg","contentUrl":"https:\/\/kuzeyinsesi.org\/wp-content\/uploads\/2024\/05\/FB_IMG_1715343621030.jpg","width":960,"height":720},{"@type":"BreadcrumbList","@id":"https:\/\/kuzeyinsesi.org\/index.php\/2024\/05\/10\/lefkosa-guzelyurt-anayolunda-pazar-gunu-motosiklet-drag-yarisi-yapilacak-yolun-bir-kismi-kapatilacak\/#breadcrumb","itemListElement":[{"@type":"ListItem","position":1,"name":"Anasayfa","item":"https:\/\/kuzeyinsesi.org\/"},{"@type":"ListItem","position":2,"name":"Lefko\u015fa-G\u00fczelyurt anayolunda pazar g\u00fcn\u00fc motosiklet drag yar\u0131\u015f\u0131 yap\u0131lacak. Yolun bir k\u0131sm\u0131 kapat\u0131lacak"}]},{"@type":"WebSite","@id":"https:\/\/kuzeyinsesi.org\/#website","url":"https:\/\/kuzeyinsesi.org\/","name":"Kuzeyin Sesi","description":"Do\u011fru Haberin Adresi","potentialAction":[{"@type":"SearchAction","target":{"@type":"EntryPoint","urlTemplate":"https:\/\/kuzeyinsesi.org\/?s={search_term_string}"},"query-input":{"@type":"PropertyValueSpecification","valueRequired":true,"valueName":"search_term_string"}}],"inLanguage":"tr"},{"@type":"Person","@id":"https:\/\/kuzeyinsesi.org\/#\/schema\/person\/9f859689cdf01485597712386e37f5aa","name":"Kuzeyin Sesi","image":{"@type":"ImageObject","inLanguage":"tr","@id":"https:\/\/secure.gravatar.com\/avatar\/bab33852abfd8b282518d6ed81826833d77c3c882d9ab608add591ccace47a44?s=96&d=mm&r=g","url":"https:\/\/secure.gravatar.com\/avatar\/bab33852abfd8b282518d6ed81826833d77c3c882d9ab608add591ccace47a44?s=96&d=mm&r=g","contentUrl":"https:\/\/secure.gravatar.com\/avatar\/bab33852abfd8b282518d6ed81826833d77c3c882d9ab608add591ccace47a44?s=96&d=mm&r=g","caption":"Kuzeyin Sesi"},"sameAs":["https:\/\/kuzeyinsesi.org"],"url":"https:\/\/kuzeyinsesi.org\/index.php\/author\/guven\/"}]}},"_links":{"self":[{"href":"https:\/\/kuzeyinsesi.org\/index.php\/wp-json\/wp\/v2\/posts\/1976","targetHints":{"allow":["GET"]}}],"collection":[{"href":"https:\/\/kuzeyinsesi.org\/index.php\/wp-json\/wp\/v2\/posts"}],"about":[{"href":"https:\/\/kuzeyinsesi.org\/index.php\/wp-json\/wp\/v2\/types\/post"}],"author":[{"embeddable":true,"href":"https:\/\/kuzeyinsesi.org\/index.php\/wp-json\/wp\/v2\/users\/1"}],"replies":[{"embeddable":true,"href":"https:\/\/kuzeyinsesi.org\/index.php\/wp-json\/wp\/v2\/comments?post=1976"}],"version-history":[{"count":0,"href":"https:\/\/kuzeyinsesi.org\/index.php\/wp-json\/wp\/v2\/posts\/1976\/revisions"}],"wp:featuredmedia":[{"embeddable":true,"href":"https:\/\/kuzeyinsesi.org\/index.php\/wp-json\/wp\/v2\/media\/1977"}],"wp:attachment":[{"href":"https:\/\/kuzeyinsesi.org\/index.php\/wp-json\/wp\/v2\/media?parent=1976"}],"wp:term":[{"taxonomy":"category","embeddable":true,"href":"https:\/\/kuzeyinsesi.org\/index.php\/wp-json\/wp\/v2\/categories?post=1976"},{"taxonomy":"post_tag","embeddable":true,"href":"https:\/\/kuzeyinsesi.org\/index.php\/wp-json\/wp\/v2\/tags?post=1976"}],"curies":[{"name":"wp","href":"https:\/\/api.w.org\/{rel}","templated":true}]}}