{"id":19738,"date":"2025-02-25T16:23:40","date_gmt":"2025-02-25T14:23:40","guid":{"rendered":"https:\/\/kuzeyinsesi.org\/index.php\/2025\/02\/25\/cilem-dagistanliya-kktc-yilin-en-iyi-sunucusu-odulu\/"},"modified":"2025-02-25T16:23:40","modified_gmt":"2025-02-25T14:23:40","slug":"cilem-dagistanliya-kktc-yilin-en-iyi-sunucusu-odulu","status":"publish","type":"post","link":"https:\/\/kuzeyinsesi.org\/index.php\/2025\/02\/25\/cilem-dagistanliya-kktc-yilin-en-iyi-sunucusu-odulu\/","title":{"rendered":"\u00c7ilem Da\u011f\u0131stanl\u0131\u2019ya \u201cKKTC Y\u0131l\u0131n En \u0130yi Sunucusu\u201d \u00f6d\u00fcl\u00fc"},"content":{"rendered":"<div>\n<div class=\"mariselle-image-container center\">\n                                            <\/div>\n<p>BRT\u2019nin ba\u015far\u0131l\u0131 sunucular\u0131ndan \u00c7ilem Da\u011f\u0131stanl\u0131, \u0130stanbul Ayd\u0131n \u00dcniversitesi ve The Community Media taraf\u0131ndan d\u00fczenlenen III. Alt\u0131n Yonca \u00d6d\u00fclleri\u2019nde \u201cKKTC Y\u0131l\u0131n En \u0130yi Sunucusu\u201d \u00f6d\u00fcl\u00fcne lay\u0131k g\u00f6r\u00fcld\u00fc.<\/p>\n<p>Disiplin ve \u00f6zveriyle \u00e7al\u0131\u015fmay\u0131 ilke edindi\u011fini belirten Da\u011f\u0131stanl\u0131, ba\u015far\u0131s\u0131n\u0131n temelinde i\u015fine duydu\u011fu sayg\u0131 ve sorumluluk oldu\u011funu vurgulad\u0131. \u00d6d\u00fcl\u00fc, en b\u00fcy\u00fck ilham kayna\u011f\u0131 olan annesine ithaf eden Da\u011f\u0131stanl\u0131, ald\u0131\u011f\u0131 destek ve g\u00fcvenin kendisini motive etti\u011fini ifade etti.<\/p>\n<p>T\u00fcrkiye ve KKTC\u2019de ger\u00e7ekle\u015ftirdi\u011fi sunumlarla be\u011feni toplayan Da\u011f\u0131stanl\u0131, kendini geli\u015ftirerek mesle\u011finde ilerlemeye devam edece\u011fini belirtti.<\/p>\n<\/p><\/div>\n<p><script async\n                    defer\n                    crossorigin=\"anonymous\"\n                    src=\"https:\/\/connect.facebook.net\/tr_TR\/sdk.js#xfbml=1&#038;version=v3.3\"\n            ><\/script><\/p>\n","protected":false},"excerpt":{"rendered":"<p>BRT\u2019nin ba\u015far\u0131l\u0131 sunucular\u0131ndan \u00c7ilem Da\u011f\u0131stanl\u0131, \u0130stanbul Ayd\u0131n \u00dcniversitesi ve The Community Media taraf\u0131ndan d\u00fczenlenen III. Alt\u0131n Yonca \u00d6d\u00fclleri\u2019nde \u201cKKTC Y\u0131l\u0131n En \u0130yi Sunucusu\u201d \u00f6d\u00fcl\u00fcne lay\u0131k g\u00f6r\u00fcld\u00fc. Disiplin ve \u00f6zveriyle \u00e7al\u0131\u015fmay\u0131 ilke edindi\u011fini belirten Da\u011f\u0131stanl\u0131, ba\u015far\u0131s\u0131n\u0131n temelinde i\u015fine duydu\u011fu sayg\u0131 ve sorumluluk oldu\u011funu vurgulad\u0131. \u00d6d\u00fcl\u00fc, en b\u00fcy\u00fck ilham kayna\u011f\u0131 olan annesine ithaf eden Da\u011f\u0131stanl\u0131, ald\u0131\u011f\u0131 destek [&hellip;]<\/p>\n","protected":false},"author":1,"featured_media":19739,"comment_status":"open","ping_status":"open","sticky":false,"template":"","format":"standard","meta":{"jnews-multi-image_gallery":[],"jnews_single_post":[],"jnews_primary_category":[],"jnews_social_meta":[],"jnews_override_counter":[],"footnotes":""},"categories":[6],"tags":[],"class_list":["post-19738","post","type-post","status-publish","format-standard","has-post-thumbnail","hentry","category-yasam"],"yoast_head":"<!-- This site is optimized with the Yoast SEO plugin v27.4 - https:\/\/yoast.com\/product\/yoast-seo-wordpress\/ -->\n<title>\u00c7ilem Da\u011f\u0131stanl\u0131\u2019ya \u201cKKTC Y\u0131l\u0131n En \u0130yi Sunucusu\u201d \u00f6d\u00fcl\u00fc - Kuzeyin Sesi<\/title>\n<meta name=\"robots\" content=\"index, follow, max-snippet:-1, max-image-preview:large, max-video-preview:-1\" \/>\n<link rel=\"canonical\" href=\"https:\/\/kuzeyinsesi.org\/index.php\/2025\/02\/25\/cilem-dagistanliya-kktc-yilin-en-iyi-sunucusu-odulu\/\" \/>\n<meta property=\"og:locale\" content=\"tr_TR\" \/>\n<meta property=\"og:type\" content=\"article\" \/>\n<meta property=\"og:title\" content=\"\u00c7ilem Da\u011f\u0131stanl\u0131\u2019ya \u201cKKTC Y\u0131l\u0131n En \u0130yi Sunucusu\u201d \u00f6d\u00fcl\u00fc - Kuzeyin Sesi\" \/>\n<meta property=\"og:description\" content=\"BRT\u2019nin ba\u015far\u0131l\u0131 sunucular\u0131ndan \u00c7ilem Da\u011f\u0131stanl\u0131, \u0130stanbul Ayd\u0131n \u00dcniversitesi ve The Community Media taraf\u0131ndan d\u00fczenlenen III. Alt\u0131n Yonca \u00d6d\u00fclleri\u2019nde \u201cKKTC Y\u0131l\u0131n En \u0130yi Sunucusu\u201d \u00f6d\u00fcl\u00fcne lay\u0131k g\u00f6r\u00fcld\u00fc. Disiplin ve \u00f6zveriyle \u00e7al\u0131\u015fmay\u0131 ilke edindi\u011fini belirten Da\u011f\u0131stanl\u0131, ba\u015far\u0131s\u0131n\u0131n temelinde i\u015fine duydu\u011fu sayg\u0131 ve sorumluluk oldu\u011funu vurgulad\u0131. \u00d6d\u00fcl\u00fc, en b\u00fcy\u00fck ilham kayna\u011f\u0131 olan annesine ithaf eden Da\u011f\u0131stanl\u0131, ald\u0131\u011f\u0131 destek [&hellip;]\" \/>\n<meta property=\"og:url\" content=\"https:\/\/kuzeyinsesi.org\/index.php\/2025\/02\/25\/cilem-dagistanliya-kktc-yilin-en-iyi-sunucusu-odulu\/\" \/>\n<meta property=\"og:site_name\" content=\"Kuzeyin Sesi\" \/>\n<meta property=\"article:publisher\" content=\"https:\/\/www.facebook.com\/kuzeyinsesii\" \/>\n<meta property=\"article:published_time\" content=\"2025-02-25T14:23:40+00:00\" \/>\n<meta property=\"og:image\" content=\"https:\/\/brtk.net\/wp-content\/uploads\/2025\/02\/25\/InShot_20250225_162135788.jpg?ver=6cf213107fb8d8f4e4cbc55901d4d61d\" \/>\n<meta name=\"author\" content=\"Kuzeyin Sesi\" \/>\n<meta name=\"twitter:card\" content=\"summary_large_image\" \/>\n<meta name=\"twitter:creator\" content=\"@kuzeyinsesii\" \/>\n<meta name=\"twitter:site\" content=\"@kuzeyinsesii\" \/>\n<meta name=\"twitter:label1\" content=\"Yazan:\" \/>\n\t<meta name=\"twitter:data1\" content=\"Kuzeyin Sesi\" \/>\n\t<meta name=\"twitter:label2\" content=\"Tahmini okuma s\u00fcresi\" \/>\n\t<meta name=\"twitter:data2\" content=\"1 dakika\" \/>\n<script type=\"application\/ld+json\" class=\"yoast-schema-graph\">{\"@context\":\"https:\\\/\\\/schema.org\",\"@graph\":[{\"@type\":\"Article\",\"@id\":\"https:\\\/\\\/kuzeyinsesi.org\\\/index.php\\\/2025\\\/02\\\/25\\\/cilem-dagistanliya-kktc-yilin-en-iyi-sunucusu-odulu\\\/#article\",\"isPartOf\":{\"@id\":\"https:\\\/\\\/kuzeyinsesi.org\\\/index.php\\\/2025\\\/02\\\/25\\\/cilem-dagistanliya-kktc-yilin-en-iyi-sunucusu-odulu\\\/\"},\"author\":{\"name\":\"Kuzeyin Sesi\",\"@id\":\"https:\\\/\\\/kuzeyinsesi.org\\\/#\\\/schema\\\/person\\\/9f859689cdf01485597712386e37f5aa\"},\"headline\":\"\u00c7ilem Da\u011f\u0131stanl\u0131\u2019ya \u201cKKTC Y\u0131l\u0131n En \u0130yi Sunucusu\u201d \u00f6d\u00fcl\u00fc\",\"datePublished\":\"2025-02-25T14:23:40+00:00\",\"mainEntityOfPage\":{\"@id\":\"https:\\\/\\\/kuzeyinsesi.org\\\/index.php\\\/2025\\\/02\\\/25\\\/cilem-dagistanliya-kktc-yilin-en-iyi-sunucusu-odulu\\\/\"},\"wordCount\":134,\"commentCount\":0,\"image\":{\"@id\":\"https:\\\/\\\/kuzeyinsesi.org\\\/index.php\\\/2025\\\/02\\\/25\\\/cilem-dagistanliya-kktc-yilin-en-iyi-sunucusu-odulu\\\/#primaryimage\"},\"thumbnailUrl\":\"https:\\\/\\\/kuzeyinsesi.org\\\/wp-content\\\/uploads\\\/2025\\\/02\\\/InShot_20250225_162135788.jpg\",\"articleSection\":[\"Ya\u015fam\"],\"inLanguage\":\"tr\",\"potentialAction\":[{\"@type\":\"CommentAction\",\"name\":\"Comment\",\"target\":[\"https:\\\/\\\/kuzeyinsesi.org\\\/index.php\\\/2025\\\/02\\\/25\\\/cilem-dagistanliya-kktc-yilin-en-iyi-sunucusu-odulu\\\/#respond\"]}]},{\"@type\":\"WebPage\",\"@id\":\"https:\\\/\\\/kuzeyinsesi.org\\\/index.php\\\/2025\\\/02\\\/25\\\/cilem-dagistanliya-kktc-yilin-en-iyi-sunucusu-odulu\\\/\",\"url\":\"https:\\\/\\\/kuzeyinsesi.org\\\/index.php\\\/2025\\\/02\\\/25\\\/cilem-dagistanliya-kktc-yilin-en-iyi-sunucusu-odulu\\\/\",\"name\":\"\u00c7ilem Da\u011f\u0131stanl\u0131\u2019ya \u201cKKTC Y\u0131l\u0131n En \u0130yi Sunucusu\u201d \u00f6d\u00fcl\u00fc - Kuzeyin Sesi\",\"isPartOf\":{\"@id\":\"https:\\\/\\\/kuzeyinsesi.org\\\/#website\"},\"primaryImageOfPage\":{\"@id\":\"https:\\\/\\\/kuzeyinsesi.org\\\/index.php\\\/2025\\\/02\\\/25\\\/cilem-dagistanliya-kktc-yilin-en-iyi-sunucusu-odulu\\\/#primaryimage\"},\"image\":{\"@id\":\"https:\\\/\\\/kuzeyinsesi.org\\\/index.php\\\/2025\\\/02\\\/25\\\/cilem-dagistanliya-kktc-yilin-en-iyi-sunucusu-odulu\\\/#primaryimage\"},\"thumbnailUrl\":\"https:\\\/\\\/kuzeyinsesi.org\\\/wp-content\\\/uploads\\\/2025\\\/02\\\/InShot_20250225_162135788.jpg\",\"datePublished\":\"2025-02-25T14:23:40+00:00\",\"author\":{\"@id\":\"https:\\\/\\\/kuzeyinsesi.org\\\/#\\\/schema\\\/person\\\/9f859689cdf01485597712386e37f5aa\"},\"breadcrumb\":{\"@id\":\"https:\\\/\\\/kuzeyinsesi.org\\\/index.php\\\/2025\\\/02\\\/25\\\/cilem-dagistanliya-kktc-yilin-en-iyi-sunucusu-odulu\\\/#breadcrumb\"},\"inLanguage\":\"tr\",\"potentialAction\":[{\"@type\":\"ReadAction\",\"target\":[\"https:\\\/\\\/kuzeyinsesi.org\\\/index.php\\\/2025\\\/02\\\/25\\\/cilem-dagistanliya-kktc-yilin-en-iyi-sunucusu-odulu\\\/\"]}]},{\"@type\":\"ImageObject\",\"inLanguage\":\"tr\",\"@id\":\"https:\\\/\\\/kuzeyinsesi.org\\\/index.php\\\/2025\\\/02\\\/25\\\/cilem-dagistanliya-kktc-yilin-en-iyi-sunucusu-odulu\\\/#primaryimage\",\"url\":\"https:\\\/\\\/kuzeyinsesi.org\\\/wp-content\\\/uploads\\\/2025\\\/02\\\/InShot_20250225_162135788.jpg\",\"contentUrl\":\"https:\\\/\\\/kuzeyinsesi.org\\\/wp-content\\\/uploads\\\/2025\\\/02\\\/InShot_20250225_162135788.jpg\",\"width\":1920,\"height\":1079},{\"@type\":\"BreadcrumbList\",\"@id\":\"https:\\\/\\\/kuzeyinsesi.org\\\/index.php\\\/2025\\\/02\\\/25\\\/cilem-dagistanliya-kktc-yilin-en-iyi-sunucusu-odulu\\\/#breadcrumb\",\"itemListElement\":[{\"@type\":\"ListItem\",\"position\":1,\"name\":\"Anasayfa\",\"item\":\"https:\\\/\\\/kuzeyinsesi.org\\\/\"},{\"@type\":\"ListItem\",\"position\":2,\"name\":\"\u00c7ilem Da\u011f\u0131stanl\u0131\u2019ya \u201cKKTC Y\u0131l\u0131n En \u0130yi Sunucusu\u201d \u00f6d\u00fcl\u00fc\"}]},{\"@type\":\"WebSite\",\"@id\":\"https:\\\/\\\/kuzeyinsesi.org\\\/#website\",\"url\":\"https:\\\/\\\/kuzeyinsesi.org\\\/\",\"name\":\"Kuzeyin Sesi\",\"description\":\"Do\u011fru Haberin Adresi\",\"potentialAction\":[{\"@type\":\"SearchAction\",\"target\":{\"@type\":\"EntryPoint\",\"urlTemplate\":\"https:\\\/\\\/kuzeyinsesi.org\\\/?s={search_term_string}\"},\"query-input\":{\"@type\":\"PropertyValueSpecification\",\"valueRequired\":true,\"valueName\":\"search_term_string\"}}],\"inLanguage\":\"tr\"},{\"@type\":\"Person\",\"@id\":\"https:\\\/\\\/kuzeyinsesi.org\\\/#\\\/schema\\\/person\\\/9f859689cdf01485597712386e37f5aa\",\"name\":\"Kuzeyin Sesi\",\"image\":{\"@type\":\"ImageObject\",\"inLanguage\":\"tr\",\"@id\":\"https:\\\/\\\/secure.gravatar.com\\\/avatar\\\/bab33852abfd8b282518d6ed81826833d77c3c882d9ab608add591ccace47a44?s=96&d=mm&r=g\",\"url\":\"https:\\\/\\\/secure.gravatar.com\\\/avatar\\\/bab33852abfd8b282518d6ed81826833d77c3c882d9ab608add591ccace47a44?s=96&d=mm&r=g\",\"contentUrl\":\"https:\\\/\\\/secure.gravatar.com\\\/avatar\\\/bab33852abfd8b282518d6ed81826833d77c3c882d9ab608add591ccace47a44?s=96&d=mm&r=g\",\"caption\":\"Kuzeyin Sesi\"},\"sameAs\":[\"https:\\\/\\\/kuzeyinsesi.org\"],\"url\":\"https:\\\/\\\/kuzeyinsesi.org\\\/index.php\\\/author\\\/guven\\\/\"}]}<\/script>\n<!-- \/ Yoast SEO plugin. -->","yoast_head_json":{"title":"\u00c7ilem Da\u011f\u0131stanl\u0131\u2019ya \u201cKKTC Y\u0131l\u0131n En \u0130yi Sunucusu\u201d \u00f6d\u00fcl\u00fc - Kuzeyin Sesi","robots":{"index":"index","follow":"follow","max-snippet":"max-snippet:-1","max-image-preview":"max-image-preview:large","max-video-preview":"max-video-preview:-1"},"canonical":"https:\/\/kuzeyinsesi.org\/index.php\/2025\/02\/25\/cilem-dagistanliya-kktc-yilin-en-iyi-sunucusu-odulu\/","og_locale":"tr_TR","og_type":"article","og_title":"\u00c7ilem Da\u011f\u0131stanl\u0131\u2019ya \u201cKKTC Y\u0131l\u0131n En \u0130yi Sunucusu\u201d \u00f6d\u00fcl\u00fc - Kuzeyin Sesi","og_description":"BRT\u2019nin ba\u015far\u0131l\u0131 sunucular\u0131ndan \u00c7ilem Da\u011f\u0131stanl\u0131, \u0130stanbul Ayd\u0131n \u00dcniversitesi ve The Community Media taraf\u0131ndan d\u00fczenlenen III. Alt\u0131n Yonca \u00d6d\u00fclleri\u2019nde \u201cKKTC Y\u0131l\u0131n En \u0130yi Sunucusu\u201d \u00f6d\u00fcl\u00fcne lay\u0131k g\u00f6r\u00fcld\u00fc. Disiplin ve \u00f6zveriyle \u00e7al\u0131\u015fmay\u0131 ilke edindi\u011fini belirten Da\u011f\u0131stanl\u0131, ba\u015far\u0131s\u0131n\u0131n temelinde i\u015fine duydu\u011fu sayg\u0131 ve sorumluluk oldu\u011funu vurgulad\u0131. \u00d6d\u00fcl\u00fc, en b\u00fcy\u00fck ilham kayna\u011f\u0131 olan annesine ithaf eden Da\u011f\u0131stanl\u0131, ald\u0131\u011f\u0131 destek [&hellip;]","og_url":"https:\/\/kuzeyinsesi.org\/index.php\/2025\/02\/25\/cilem-dagistanliya-kktc-yilin-en-iyi-sunucusu-odulu\/","og_site_name":"Kuzeyin Sesi","article_publisher":"https:\/\/www.facebook.com\/kuzeyinsesii","article_published_time":"2025-02-25T14:23:40+00:00","og_image":[{"url":"https:\/\/brtk.net\/wp-content\/uploads\/2025\/02\/25\/InShot_20250225_162135788.jpg?ver=6cf213107fb8d8f4e4cbc55901d4d61d","type":"","width":"","height":""}],"author":"Kuzeyin Sesi","twitter_card":"summary_large_image","twitter_creator":"@kuzeyinsesii","twitter_site":"@kuzeyinsesii","twitter_misc":{"Yazan:":"Kuzeyin Sesi","Tahmini okuma s\u00fcresi":"1 dakika"},"schema":{"@context":"https:\/\/schema.org","@graph":[{"@type":"Article","@id":"https:\/\/kuzeyinsesi.org\/index.php\/2025\/02\/25\/cilem-dagistanliya-kktc-yilin-en-iyi-sunucusu-odulu\/#article","isPartOf":{"@id":"https:\/\/kuzeyinsesi.org\/index.php\/2025\/02\/25\/cilem-dagistanliya-kktc-yilin-en-iyi-sunucusu-odulu\/"},"author":{"name":"Kuzeyin Sesi","@id":"https:\/\/kuzeyinsesi.org\/#\/schema\/person\/9f859689cdf01485597712386e37f5aa"},"headline":"\u00c7ilem Da\u011f\u0131stanl\u0131\u2019ya \u201cKKTC Y\u0131l\u0131n En \u0130yi Sunucusu\u201d \u00f6d\u00fcl\u00fc","datePublished":"2025-02-25T14:23:40+00:00","mainEntityOfPage":{"@id":"https:\/\/kuzeyinsesi.org\/index.php\/2025\/02\/25\/cilem-dagistanliya-kktc-yilin-en-iyi-sunucusu-odulu\/"},"wordCount":134,"commentCount":0,"image":{"@id":"https:\/\/kuzeyinsesi.org\/index.php\/2025\/02\/25\/cilem-dagistanliya-kktc-yilin-en-iyi-sunucusu-odulu\/#primaryimage"},"thumbnailUrl":"https:\/\/kuzeyinsesi.org\/wp-content\/uploads\/2025\/02\/InShot_20250225_162135788.jpg","articleSection":["Ya\u015fam"],"inLanguage":"tr","potentialAction":[{"@type":"CommentAction","name":"Comment","target":["https:\/\/kuzeyinsesi.org\/index.php\/2025\/02\/25\/cilem-dagistanliya-kktc-yilin-en-iyi-sunucusu-odulu\/#respond"]}]},{"@type":"WebPage","@id":"https:\/\/kuzeyinsesi.org\/index.php\/2025\/02\/25\/cilem-dagistanliya-kktc-yilin-en-iyi-sunucusu-odulu\/","url":"https:\/\/kuzeyinsesi.org\/index.php\/2025\/02\/25\/cilem-dagistanliya-kktc-yilin-en-iyi-sunucusu-odulu\/","name":"\u00c7ilem Da\u011f\u0131stanl\u0131\u2019ya \u201cKKTC Y\u0131l\u0131n En \u0130yi Sunucusu\u201d \u00f6d\u00fcl\u00fc - Kuzeyin Sesi","isPartOf":{"@id":"https:\/\/kuzeyinsesi.org\/#website"},"primaryImageOfPage":{"@id":"https:\/\/kuzeyinsesi.org\/index.php\/2025\/02\/25\/cilem-dagistanliya-kktc-yilin-en-iyi-sunucusu-odulu\/#primaryimage"},"image":{"@id":"https:\/\/kuzeyinsesi.org\/index.php\/2025\/02\/25\/cilem-dagistanliya-kktc-yilin-en-iyi-sunucusu-odulu\/#primaryimage"},"thumbnailUrl":"https:\/\/kuzeyinsesi.org\/wp-content\/uploads\/2025\/02\/InShot_20250225_162135788.jpg","datePublished":"2025-02-25T14:23:40+00:00","author":{"@id":"https:\/\/kuzeyinsesi.org\/#\/schema\/person\/9f859689cdf01485597712386e37f5aa"},"breadcrumb":{"@id":"https:\/\/kuzeyinsesi.org\/index.php\/2025\/02\/25\/cilem-dagistanliya-kktc-yilin-en-iyi-sunucusu-odulu\/#breadcrumb"},"inLanguage":"tr","potentialAction":[{"@type":"ReadAction","target":["https:\/\/kuzeyinsesi.org\/index.php\/2025\/02\/25\/cilem-dagistanliya-kktc-yilin-en-iyi-sunucusu-odulu\/"]}]},{"@type":"ImageObject","inLanguage":"tr","@id":"https:\/\/kuzeyinsesi.org\/index.php\/2025\/02\/25\/cilem-dagistanliya-kktc-yilin-en-iyi-sunucusu-odulu\/#primaryimage","url":"https:\/\/kuzeyinsesi.org\/wp-content\/uploads\/2025\/02\/InShot_20250225_162135788.jpg","contentUrl":"https:\/\/kuzeyinsesi.org\/wp-content\/uploads\/2025\/02\/InShot_20250225_162135788.jpg","width":1920,"height":1079},{"@type":"BreadcrumbList","@id":"https:\/\/kuzeyinsesi.org\/index.php\/2025\/02\/25\/cilem-dagistanliya-kktc-yilin-en-iyi-sunucusu-odulu\/#breadcrumb","itemListElement":[{"@type":"ListItem","position":1,"name":"Anasayfa","item":"https:\/\/kuzeyinsesi.org\/"},{"@type":"ListItem","position":2,"name":"\u00c7ilem Da\u011f\u0131stanl\u0131\u2019ya \u201cKKTC Y\u0131l\u0131n En \u0130yi Sunucusu\u201d \u00f6d\u00fcl\u00fc"}]},{"@type":"WebSite","@id":"https:\/\/kuzeyinsesi.org\/#website","url":"https:\/\/kuzeyinsesi.org\/","name":"Kuzeyin Sesi","description":"Do\u011fru Haberin Adresi","potentialAction":[{"@type":"SearchAction","target":{"@type":"EntryPoint","urlTemplate":"https:\/\/kuzeyinsesi.org\/?s={search_term_string}"},"query-input":{"@type":"PropertyValueSpecification","valueRequired":true,"valueName":"search_term_string"}}],"inLanguage":"tr"},{"@type":"Person","@id":"https:\/\/kuzeyinsesi.org\/#\/schema\/person\/9f859689cdf01485597712386e37f5aa","name":"Kuzeyin Sesi","image":{"@type":"ImageObject","inLanguage":"tr","@id":"https:\/\/secure.gravatar.com\/avatar\/bab33852abfd8b282518d6ed81826833d77c3c882d9ab608add591ccace47a44?s=96&d=mm&r=g","url":"https:\/\/secure.gravatar.com\/avatar\/bab33852abfd8b282518d6ed81826833d77c3c882d9ab608add591ccace47a44?s=96&d=mm&r=g","contentUrl":"https:\/\/secure.gravatar.com\/avatar\/bab33852abfd8b282518d6ed81826833d77c3c882d9ab608add591ccace47a44?s=96&d=mm&r=g","caption":"Kuzeyin Sesi"},"sameAs":["https:\/\/kuzeyinsesi.org"],"url":"https:\/\/kuzeyinsesi.org\/index.php\/author\/guven\/"}]}},"_links":{"self":[{"href":"https:\/\/kuzeyinsesi.org\/index.php\/wp-json\/wp\/v2\/posts\/19738","targetHints":{"allow":["GET"]}}],"collection":[{"href":"https:\/\/kuzeyinsesi.org\/index.php\/wp-json\/wp\/v2\/posts"}],"about":[{"href":"https:\/\/kuzeyinsesi.org\/index.php\/wp-json\/wp\/v2\/types\/post"}],"author":[{"embeddable":true,"href":"https:\/\/kuzeyinsesi.org\/index.php\/wp-json\/wp\/v2\/users\/1"}],"replies":[{"embeddable":true,"href":"https:\/\/kuzeyinsesi.org\/index.php\/wp-json\/wp\/v2\/comments?post=19738"}],"version-history":[{"count":0,"href":"https:\/\/kuzeyinsesi.org\/index.php\/wp-json\/wp\/v2\/posts\/19738\/revisions"}],"wp:featuredmedia":[{"embeddable":true,"href":"https:\/\/kuzeyinsesi.org\/index.php\/wp-json\/wp\/v2\/media\/19739"}],"wp:attachment":[{"href":"https:\/\/kuzeyinsesi.org\/index.php\/wp-json\/wp\/v2\/media?parent=19738"}],"wp:term":[{"taxonomy":"category","embeddable":true,"href":"https:\/\/kuzeyinsesi.org\/index.php\/wp-json\/wp\/v2\/categories?post=19738"},{"taxonomy":"post_tag","embeddable":true,"href":"https:\/\/kuzeyinsesi.org\/index.php\/wp-json\/wp\/v2\/tags?post=19738"}],"curies":[{"name":"wp","href":"https:\/\/api.w.org\/{rel}","templated":true}]}}