{"id":19734,"date":"2025-02-25T15:20:27","date_gmt":"2025-02-25T13:20:27","guid":{"rendered":"https:\/\/kuzeyinsesi.org\/index.php\/2025\/02\/25\/siligu-dayanisma-derneginden-siligu-ve-trodosa-gezi\/"},"modified":"2025-02-25T15:20:27","modified_gmt":"2025-02-25T13:20:27","slug":"siligu-dayanisma-derneginden-siligu-ve-trodosa-gezi","status":"publish","type":"post","link":"https:\/\/kuzeyinsesi.org\/index.php\/2025\/02\/25\/siligu-dayanisma-derneginden-siligu-ve-trodosa-gezi\/","title":{"rendered":"Siligu Dayan\u0131\u015fma Derne\u011fi\u2019nden Siligu ve Trodos\u2019a gezi"},"content":{"rendered":"<div>\n<div class=\"mariselle-image-container none\">\n                                            <\/div>\n<p style=\"font-weight: 300;\"><span style=\"font-weight: 300 !important;\">Siligu Dayan\u0131\u015fma Derne\u011fi, ge\u00e7en pazar g\u00fcn\u00fc Siligu ve Trodos\u2019a gezi d\u00fczenledi.<\/span><\/p>\n<p style=\"font-weight: 300;\"><span style=\"font-weight: 300 !important;\">Dernekten verilen bilgiye g\u00f6re, Bostanc\u0131 S\u0131n\u0131r Kap\u0131s\u0131\u2019ndan ge\u00e7erek, Siligu\u2019ya ula\u015fan kat\u0131l\u0131mc\u0131lar, ilk olarak Cihan \u015eahali Kabristanl\u0131\u011f\u0131\u2019n\u0131 ziyaret etti. Burada kabirlere \u00e7i\u00e7ek b\u0131rak\u0131larak, dua okundu.<\/span><\/p>\n<p style=\"font-weight: 300;\"><span style=\"font-weight: 300 !important;\">Geziye kat\u0131lanlar daha sonra k\u00f6y meydan\u0131nda yer alan H\u00fcseyin Dohni Camii\u2019ndeki mevlide kat\u0131ld\u0131. Mevlit, Din \u0130\u015fleri Dairesi taraf\u0131ndan g\u00f6revlendirilen Bu\u011fra Karacelal taraf\u0131ndan okundu.<\/span><\/p>\n<p style=\"font-weight: 300;\"><span style=\"font-weight: 300 !important;\">Trimiklini k\u00f6y\u00fcnde yenen \u00f6\u011fle yeme\u011finden sonra Trodos\u2019a hareket edildi. Trodos gezisinin ard\u0131ndan tur tamamland\u0131.<\/span><\/p>\n<p style=\"font-weight: 300;\"><span style=\"font-weight: 300 !important;\">\u00d6te yandan Dernek taraf\u0131ndan, Siligu H\u00fcseyin Dohni Camii\u2019nin y\u0131llar sonra elektri\u011fe kavu\u015fturuldu\u011fu bilgisi de verildi.<\/span><\/p>\n<p>\u00a0<\/p>\n<p>\u00a0<\/p>\n<\/p><\/div>\n<p><script async\n                    defer\n                    crossorigin=\"anonymous\"\n                    src=\"https:\/\/connect.facebook.net\/tr_TR\/sdk.js#xfbml=1&#038;version=v3.3\"\n            ><\/script><\/p>\n","protected":false},"excerpt":{"rendered":"<p>Siligu Dayan\u0131\u015fma Derne\u011fi, ge\u00e7en pazar g\u00fcn\u00fc Siligu ve Trodos\u2019a gezi d\u00fczenledi. Dernekten verilen bilgiye g\u00f6re, Bostanc\u0131 S\u0131n\u0131r Kap\u0131s\u0131\u2019ndan ge\u00e7erek, Siligu\u2019ya ula\u015fan kat\u0131l\u0131mc\u0131lar, ilk olarak Cihan \u015eahali Kabristanl\u0131\u011f\u0131\u2019n\u0131 ziyaret etti. Burada kabirlere \u00e7i\u00e7ek b\u0131rak\u0131larak, dua okundu. Geziye kat\u0131lanlar daha sonra k\u00f6y meydan\u0131nda yer alan H\u00fcseyin Dohni Camii\u2019ndeki mevlide kat\u0131ld\u0131. Mevlit, Din \u0130\u015fleri Dairesi taraf\u0131ndan g\u00f6revlendirilen Bu\u011fra [&hellip;]<\/p>\n","protected":false},"author":1,"featured_media":19735,"comment_status":"open","ping_status":"open","sticky":false,"template":"","format":"standard","meta":{"jnews-multi-image_gallery":[],"jnews_single_post":[],"jnews_primary_category":[],"jnews_social_meta":[],"jnews_override_counter":[],"footnotes":""},"categories":[6],"tags":[],"class_list":["post-19734","post","type-post","status-publish","format-standard","has-post-thumbnail","hentry","category-yasam"],"yoast_head":"<!-- This site is optimized with the Yoast SEO plugin v27.4 - https:\/\/yoast.com\/product\/yoast-seo-wordpress\/ -->\n<title>Siligu Dayan\u0131\u015fma Derne\u011fi\u2019nden Siligu ve Trodos\u2019a gezi - Kuzeyin Sesi<\/title>\n<meta name=\"robots\" content=\"index, follow, max-snippet:-1, max-image-preview:large, max-video-preview:-1\" \/>\n<link rel=\"canonical\" href=\"https:\/\/kuzeyinsesi.org\/index.php\/2025\/02\/25\/siligu-dayanisma-derneginden-siligu-ve-trodosa-gezi\/\" \/>\n<meta property=\"og:locale\" content=\"tr_TR\" \/>\n<meta property=\"og:type\" content=\"article\" \/>\n<meta property=\"og:title\" content=\"Siligu Dayan\u0131\u015fma Derne\u011fi\u2019nden Siligu ve Trodos\u2019a gezi - Kuzeyin Sesi\" \/>\n<meta property=\"og:description\" content=\"Siligu Dayan\u0131\u015fma Derne\u011fi, ge\u00e7en pazar g\u00fcn\u00fc Siligu ve Trodos\u2019a gezi d\u00fczenledi. Dernekten verilen bilgiye g\u00f6re, Bostanc\u0131 S\u0131n\u0131r Kap\u0131s\u0131\u2019ndan ge\u00e7erek, Siligu\u2019ya ula\u015fan kat\u0131l\u0131mc\u0131lar, ilk olarak Cihan \u015eahali Kabristanl\u0131\u011f\u0131\u2019n\u0131 ziyaret etti. Burada kabirlere \u00e7i\u00e7ek b\u0131rak\u0131larak, dua okundu. Geziye kat\u0131lanlar daha sonra k\u00f6y meydan\u0131nda yer alan H\u00fcseyin Dohni Camii\u2019ndeki mevlide kat\u0131ld\u0131. Mevlit, Din \u0130\u015fleri Dairesi taraf\u0131ndan g\u00f6revlendirilen Bu\u011fra [&hellip;]\" \/>\n<meta property=\"og:url\" content=\"https:\/\/kuzeyinsesi.org\/index.php\/2025\/02\/25\/siligu-dayanisma-derneginden-siligu-ve-trodosa-gezi\/\" \/>\n<meta property=\"og:site_name\" content=\"Kuzeyin Sesi\" \/>\n<meta property=\"article:publisher\" content=\"https:\/\/www.facebook.com\/kuzeyinsesii\" \/>\n<meta property=\"article:published_time\" content=\"2025-02-25T13:20:27+00:00\" \/>\n<meta property=\"og:image\" content=\"https:\/\/brtk.net\/wp-content\/uploads\/2025\/02\/25\/SILIGULULAR-GEZI-1.jpeg?ver=6d147f91c5ffb9ea30e69b7cc1e630b7\" \/>\n<meta name=\"author\" content=\"Kuzeyin Sesi\" \/>\n<meta name=\"twitter:card\" content=\"summary_large_image\" \/>\n<meta name=\"twitter:creator\" content=\"@kuzeyinsesii\" \/>\n<meta name=\"twitter:site\" content=\"@kuzeyinsesii\" \/>\n<meta name=\"twitter:label1\" content=\"Yazan:\" \/>\n\t<meta name=\"twitter:data1\" content=\"Kuzeyin Sesi\" \/>\n\t<meta name=\"twitter:label2\" content=\"Tahmini okuma s\u00fcresi\" \/>\n\t<meta name=\"twitter:data2\" content=\"1 dakika\" \/>\n<script type=\"application\/ld+json\" class=\"yoast-schema-graph\">{\"@context\":\"https:\\\/\\\/schema.org\",\"@graph\":[{\"@type\":\"Article\",\"@id\":\"https:\\\/\\\/kuzeyinsesi.org\\\/index.php\\\/2025\\\/02\\\/25\\\/siligu-dayanisma-derneginden-siligu-ve-trodosa-gezi\\\/#article\",\"isPartOf\":{\"@id\":\"https:\\\/\\\/kuzeyinsesi.org\\\/index.php\\\/2025\\\/02\\\/25\\\/siligu-dayanisma-derneginden-siligu-ve-trodosa-gezi\\\/\"},\"author\":{\"name\":\"Kuzeyin Sesi\",\"@id\":\"https:\\\/\\\/kuzeyinsesi.org\\\/#\\\/schema\\\/person\\\/9f859689cdf01485597712386e37f5aa\"},\"headline\":\"Siligu Dayan\u0131\u015fma Derne\u011fi\u2019nden Siligu ve Trodos\u2019a gezi\",\"datePublished\":\"2025-02-25T13:20:27+00:00\",\"mainEntityOfPage\":{\"@id\":\"https:\\\/\\\/kuzeyinsesi.org\\\/index.php\\\/2025\\\/02\\\/25\\\/siligu-dayanisma-derneginden-siligu-ve-trodosa-gezi\\\/\"},\"wordCount\":141,\"commentCount\":0,\"image\":{\"@id\":\"https:\\\/\\\/kuzeyinsesi.org\\\/index.php\\\/2025\\\/02\\\/25\\\/siligu-dayanisma-derneginden-siligu-ve-trodosa-gezi\\\/#primaryimage\"},\"thumbnailUrl\":\"https:\\\/\\\/kuzeyinsesi.org\\\/wp-content\\\/uploads\\\/2025\\\/02\\\/SILIGULULAR-GEZI-1.jpeg\",\"articleSection\":[\"Ya\u015fam\"],\"inLanguage\":\"tr\",\"potentialAction\":[{\"@type\":\"CommentAction\",\"name\":\"Comment\",\"target\":[\"https:\\\/\\\/kuzeyinsesi.org\\\/index.php\\\/2025\\\/02\\\/25\\\/siligu-dayanisma-derneginden-siligu-ve-trodosa-gezi\\\/#respond\"]}]},{\"@type\":\"WebPage\",\"@id\":\"https:\\\/\\\/kuzeyinsesi.org\\\/index.php\\\/2025\\\/02\\\/25\\\/siligu-dayanisma-derneginden-siligu-ve-trodosa-gezi\\\/\",\"url\":\"https:\\\/\\\/kuzeyinsesi.org\\\/index.php\\\/2025\\\/02\\\/25\\\/siligu-dayanisma-derneginden-siligu-ve-trodosa-gezi\\\/\",\"name\":\"Siligu Dayan\u0131\u015fma Derne\u011fi\u2019nden Siligu ve Trodos\u2019a gezi - Kuzeyin Sesi\",\"isPartOf\":{\"@id\":\"https:\\\/\\\/kuzeyinsesi.org\\\/#website\"},\"primaryImageOfPage\":{\"@id\":\"https:\\\/\\\/kuzeyinsesi.org\\\/index.php\\\/2025\\\/02\\\/25\\\/siligu-dayanisma-derneginden-siligu-ve-trodosa-gezi\\\/#primaryimage\"},\"image\":{\"@id\":\"https:\\\/\\\/kuzeyinsesi.org\\\/index.php\\\/2025\\\/02\\\/25\\\/siligu-dayanisma-derneginden-siligu-ve-trodosa-gezi\\\/#primaryimage\"},\"thumbnailUrl\":\"https:\\\/\\\/kuzeyinsesi.org\\\/wp-content\\\/uploads\\\/2025\\\/02\\\/SILIGULULAR-GEZI-1.jpeg\",\"datePublished\":\"2025-02-25T13:20:27+00:00\",\"author\":{\"@id\":\"https:\\\/\\\/kuzeyinsesi.org\\\/#\\\/schema\\\/person\\\/9f859689cdf01485597712386e37f5aa\"},\"breadcrumb\":{\"@id\":\"https:\\\/\\\/kuzeyinsesi.org\\\/index.php\\\/2025\\\/02\\\/25\\\/siligu-dayanisma-derneginden-siligu-ve-trodosa-gezi\\\/#breadcrumb\"},\"inLanguage\":\"tr\",\"potentialAction\":[{\"@type\":\"ReadAction\",\"target\":[\"https:\\\/\\\/kuzeyinsesi.org\\\/index.php\\\/2025\\\/02\\\/25\\\/siligu-dayanisma-derneginden-siligu-ve-trodosa-gezi\\\/\"]}]},{\"@type\":\"ImageObject\",\"inLanguage\":\"tr\",\"@id\":\"https:\\\/\\\/kuzeyinsesi.org\\\/index.php\\\/2025\\\/02\\\/25\\\/siligu-dayanisma-derneginden-siligu-ve-trodosa-gezi\\\/#primaryimage\",\"url\":\"https:\\\/\\\/kuzeyinsesi.org\\\/wp-content\\\/uploads\\\/2025\\\/02\\\/SILIGULULAR-GEZI-1.jpeg\",\"contentUrl\":\"https:\\\/\\\/kuzeyinsesi.org\\\/wp-content\\\/uploads\\\/2025\\\/02\\\/SILIGULULAR-GEZI-1.jpeg\",\"width\":929,\"height\":432},{\"@type\":\"BreadcrumbList\",\"@id\":\"https:\\\/\\\/kuzeyinsesi.org\\\/index.php\\\/2025\\\/02\\\/25\\\/siligu-dayanisma-derneginden-siligu-ve-trodosa-gezi\\\/#breadcrumb\",\"itemListElement\":[{\"@type\":\"ListItem\",\"position\":1,\"name\":\"Anasayfa\",\"item\":\"https:\\\/\\\/kuzeyinsesi.org\\\/\"},{\"@type\":\"ListItem\",\"position\":2,\"name\":\"Siligu Dayan\u0131\u015fma Derne\u011fi\u2019nden Siligu ve Trodos\u2019a gezi\"}]},{\"@type\":\"WebSite\",\"@id\":\"https:\\\/\\\/kuzeyinsesi.org\\\/#website\",\"url\":\"https:\\\/\\\/kuzeyinsesi.org\\\/\",\"name\":\"Kuzeyin Sesi\",\"description\":\"Do\u011fru Haberin Adresi\",\"potentialAction\":[{\"@type\":\"SearchAction\",\"target\":{\"@type\":\"EntryPoint\",\"urlTemplate\":\"https:\\\/\\\/kuzeyinsesi.org\\\/?s={search_term_string}\"},\"query-input\":{\"@type\":\"PropertyValueSpecification\",\"valueRequired\":true,\"valueName\":\"search_term_string\"}}],\"inLanguage\":\"tr\"},{\"@type\":\"Person\",\"@id\":\"https:\\\/\\\/kuzeyinsesi.org\\\/#\\\/schema\\\/person\\\/9f859689cdf01485597712386e37f5aa\",\"name\":\"Kuzeyin Sesi\",\"image\":{\"@type\":\"ImageObject\",\"inLanguage\":\"tr\",\"@id\":\"https:\\\/\\\/secure.gravatar.com\\\/avatar\\\/bab33852abfd8b282518d6ed81826833d77c3c882d9ab608add591ccace47a44?s=96&d=mm&r=g\",\"url\":\"https:\\\/\\\/secure.gravatar.com\\\/avatar\\\/bab33852abfd8b282518d6ed81826833d77c3c882d9ab608add591ccace47a44?s=96&d=mm&r=g\",\"contentUrl\":\"https:\\\/\\\/secure.gravatar.com\\\/avatar\\\/bab33852abfd8b282518d6ed81826833d77c3c882d9ab608add591ccace47a44?s=96&d=mm&r=g\",\"caption\":\"Kuzeyin Sesi\"},\"sameAs\":[\"https:\\\/\\\/kuzeyinsesi.org\"],\"url\":\"https:\\\/\\\/kuzeyinsesi.org\\\/index.php\\\/author\\\/guven\\\/\"}]}<\/script>\n<!-- \/ Yoast SEO plugin. -->","yoast_head_json":{"title":"Siligu Dayan\u0131\u015fma Derne\u011fi\u2019nden Siligu ve Trodos\u2019a gezi - Kuzeyin Sesi","robots":{"index":"index","follow":"follow","max-snippet":"max-snippet:-1","max-image-preview":"max-image-preview:large","max-video-preview":"max-video-preview:-1"},"canonical":"https:\/\/kuzeyinsesi.org\/index.php\/2025\/02\/25\/siligu-dayanisma-derneginden-siligu-ve-trodosa-gezi\/","og_locale":"tr_TR","og_type":"article","og_title":"Siligu Dayan\u0131\u015fma Derne\u011fi\u2019nden Siligu ve Trodos\u2019a gezi - Kuzeyin Sesi","og_description":"Siligu Dayan\u0131\u015fma Derne\u011fi, ge\u00e7en pazar g\u00fcn\u00fc Siligu ve Trodos\u2019a gezi d\u00fczenledi. Dernekten verilen bilgiye g\u00f6re, Bostanc\u0131 S\u0131n\u0131r Kap\u0131s\u0131\u2019ndan ge\u00e7erek, Siligu\u2019ya ula\u015fan kat\u0131l\u0131mc\u0131lar, ilk olarak Cihan \u015eahali Kabristanl\u0131\u011f\u0131\u2019n\u0131 ziyaret etti. Burada kabirlere \u00e7i\u00e7ek b\u0131rak\u0131larak, dua okundu. Geziye kat\u0131lanlar daha sonra k\u00f6y meydan\u0131nda yer alan H\u00fcseyin Dohni Camii\u2019ndeki mevlide kat\u0131ld\u0131. Mevlit, Din \u0130\u015fleri Dairesi taraf\u0131ndan g\u00f6revlendirilen Bu\u011fra [&hellip;]","og_url":"https:\/\/kuzeyinsesi.org\/index.php\/2025\/02\/25\/siligu-dayanisma-derneginden-siligu-ve-trodosa-gezi\/","og_site_name":"Kuzeyin Sesi","article_publisher":"https:\/\/www.facebook.com\/kuzeyinsesii","article_published_time":"2025-02-25T13:20:27+00:00","og_image":[{"url":"https:\/\/brtk.net\/wp-content\/uploads\/2025\/02\/25\/SILIGULULAR-GEZI-1.jpeg?ver=6d147f91c5ffb9ea30e69b7cc1e630b7","type":"","width":"","height":""}],"author":"Kuzeyin Sesi","twitter_card":"summary_large_image","twitter_creator":"@kuzeyinsesii","twitter_site":"@kuzeyinsesii","twitter_misc":{"Yazan:":"Kuzeyin Sesi","Tahmini okuma s\u00fcresi":"1 dakika"},"schema":{"@context":"https:\/\/schema.org","@graph":[{"@type":"Article","@id":"https:\/\/kuzeyinsesi.org\/index.php\/2025\/02\/25\/siligu-dayanisma-derneginden-siligu-ve-trodosa-gezi\/#article","isPartOf":{"@id":"https:\/\/kuzeyinsesi.org\/index.php\/2025\/02\/25\/siligu-dayanisma-derneginden-siligu-ve-trodosa-gezi\/"},"author":{"name":"Kuzeyin Sesi","@id":"https:\/\/kuzeyinsesi.org\/#\/schema\/person\/9f859689cdf01485597712386e37f5aa"},"headline":"Siligu Dayan\u0131\u015fma Derne\u011fi\u2019nden Siligu ve Trodos\u2019a gezi","datePublished":"2025-02-25T13:20:27+00:00","mainEntityOfPage":{"@id":"https:\/\/kuzeyinsesi.org\/index.php\/2025\/02\/25\/siligu-dayanisma-derneginden-siligu-ve-trodosa-gezi\/"},"wordCount":141,"commentCount":0,"image":{"@id":"https:\/\/kuzeyinsesi.org\/index.php\/2025\/02\/25\/siligu-dayanisma-derneginden-siligu-ve-trodosa-gezi\/#primaryimage"},"thumbnailUrl":"https:\/\/kuzeyinsesi.org\/wp-content\/uploads\/2025\/02\/SILIGULULAR-GEZI-1.jpeg","articleSection":["Ya\u015fam"],"inLanguage":"tr","potentialAction":[{"@type":"CommentAction","name":"Comment","target":["https:\/\/kuzeyinsesi.org\/index.php\/2025\/02\/25\/siligu-dayanisma-derneginden-siligu-ve-trodosa-gezi\/#respond"]}]},{"@type":"WebPage","@id":"https:\/\/kuzeyinsesi.org\/index.php\/2025\/02\/25\/siligu-dayanisma-derneginden-siligu-ve-trodosa-gezi\/","url":"https:\/\/kuzeyinsesi.org\/index.php\/2025\/02\/25\/siligu-dayanisma-derneginden-siligu-ve-trodosa-gezi\/","name":"Siligu Dayan\u0131\u015fma Derne\u011fi\u2019nden Siligu ve Trodos\u2019a gezi - Kuzeyin Sesi","isPartOf":{"@id":"https:\/\/kuzeyinsesi.org\/#website"},"primaryImageOfPage":{"@id":"https:\/\/kuzeyinsesi.org\/index.php\/2025\/02\/25\/siligu-dayanisma-derneginden-siligu-ve-trodosa-gezi\/#primaryimage"},"image":{"@id":"https:\/\/kuzeyinsesi.org\/index.php\/2025\/02\/25\/siligu-dayanisma-derneginden-siligu-ve-trodosa-gezi\/#primaryimage"},"thumbnailUrl":"https:\/\/kuzeyinsesi.org\/wp-content\/uploads\/2025\/02\/SILIGULULAR-GEZI-1.jpeg","datePublished":"2025-02-25T13:20:27+00:00","author":{"@id":"https:\/\/kuzeyinsesi.org\/#\/schema\/person\/9f859689cdf01485597712386e37f5aa"},"breadcrumb":{"@id":"https:\/\/kuzeyinsesi.org\/index.php\/2025\/02\/25\/siligu-dayanisma-derneginden-siligu-ve-trodosa-gezi\/#breadcrumb"},"inLanguage":"tr","potentialAction":[{"@type":"ReadAction","target":["https:\/\/kuzeyinsesi.org\/index.php\/2025\/02\/25\/siligu-dayanisma-derneginden-siligu-ve-trodosa-gezi\/"]}]},{"@type":"ImageObject","inLanguage":"tr","@id":"https:\/\/kuzeyinsesi.org\/index.php\/2025\/02\/25\/siligu-dayanisma-derneginden-siligu-ve-trodosa-gezi\/#primaryimage","url":"https:\/\/kuzeyinsesi.org\/wp-content\/uploads\/2025\/02\/SILIGULULAR-GEZI-1.jpeg","contentUrl":"https:\/\/kuzeyinsesi.org\/wp-content\/uploads\/2025\/02\/SILIGULULAR-GEZI-1.jpeg","width":929,"height":432},{"@type":"BreadcrumbList","@id":"https:\/\/kuzeyinsesi.org\/index.php\/2025\/02\/25\/siligu-dayanisma-derneginden-siligu-ve-trodosa-gezi\/#breadcrumb","itemListElement":[{"@type":"ListItem","position":1,"name":"Anasayfa","item":"https:\/\/kuzeyinsesi.org\/"},{"@type":"ListItem","position":2,"name":"Siligu Dayan\u0131\u015fma Derne\u011fi\u2019nden Siligu ve Trodos\u2019a gezi"}]},{"@type":"WebSite","@id":"https:\/\/kuzeyinsesi.org\/#website","url":"https:\/\/kuzeyinsesi.org\/","name":"Kuzeyin Sesi","description":"Do\u011fru Haberin Adresi","potentialAction":[{"@type":"SearchAction","target":{"@type":"EntryPoint","urlTemplate":"https:\/\/kuzeyinsesi.org\/?s={search_term_string}"},"query-input":{"@type":"PropertyValueSpecification","valueRequired":true,"valueName":"search_term_string"}}],"inLanguage":"tr"},{"@type":"Person","@id":"https:\/\/kuzeyinsesi.org\/#\/schema\/person\/9f859689cdf01485597712386e37f5aa","name":"Kuzeyin Sesi","image":{"@type":"ImageObject","inLanguage":"tr","@id":"https:\/\/secure.gravatar.com\/avatar\/bab33852abfd8b282518d6ed81826833d77c3c882d9ab608add591ccace47a44?s=96&d=mm&r=g","url":"https:\/\/secure.gravatar.com\/avatar\/bab33852abfd8b282518d6ed81826833d77c3c882d9ab608add591ccace47a44?s=96&d=mm&r=g","contentUrl":"https:\/\/secure.gravatar.com\/avatar\/bab33852abfd8b282518d6ed81826833d77c3c882d9ab608add591ccace47a44?s=96&d=mm&r=g","caption":"Kuzeyin Sesi"},"sameAs":["https:\/\/kuzeyinsesi.org"],"url":"https:\/\/kuzeyinsesi.org\/index.php\/author\/guven\/"}]}},"_links":{"self":[{"href":"https:\/\/kuzeyinsesi.org\/index.php\/wp-json\/wp\/v2\/posts\/19734","targetHints":{"allow":["GET"]}}],"collection":[{"href":"https:\/\/kuzeyinsesi.org\/index.php\/wp-json\/wp\/v2\/posts"}],"about":[{"href":"https:\/\/kuzeyinsesi.org\/index.php\/wp-json\/wp\/v2\/types\/post"}],"author":[{"embeddable":true,"href":"https:\/\/kuzeyinsesi.org\/index.php\/wp-json\/wp\/v2\/users\/1"}],"replies":[{"embeddable":true,"href":"https:\/\/kuzeyinsesi.org\/index.php\/wp-json\/wp\/v2\/comments?post=19734"}],"version-history":[{"count":0,"href":"https:\/\/kuzeyinsesi.org\/index.php\/wp-json\/wp\/v2\/posts\/19734\/revisions"}],"wp:featuredmedia":[{"embeddable":true,"href":"https:\/\/kuzeyinsesi.org\/index.php\/wp-json\/wp\/v2\/media\/19735"}],"wp:attachment":[{"href":"https:\/\/kuzeyinsesi.org\/index.php\/wp-json\/wp\/v2\/media?parent=19734"}],"wp:term":[{"taxonomy":"category","embeddable":true,"href":"https:\/\/kuzeyinsesi.org\/index.php\/wp-json\/wp\/v2\/categories?post=19734"},{"taxonomy":"post_tag","embeddable":true,"href":"https:\/\/kuzeyinsesi.org\/index.php\/wp-json\/wp\/v2\/tags?post=19734"}],"curies":[{"name":"wp","href":"https:\/\/api.w.org\/{rel}","templated":true}]}}