{"id":19728,"date":"2025-02-25T14:19:13","date_gmt":"2025-02-25T12:19:13","guid":{"rendered":"https:\/\/kuzeyinsesi.org\/index.php\/2025\/02\/25\/ismet-vehit-guneyin-hayatini-ve-eserlerini-anlatan-kitap-yayimlandi\/"},"modified":"2025-02-25T14:19:13","modified_gmt":"2025-02-25T12:19:13","slug":"ismet-vehit-guneyin-hayatini-ve-eserlerini-anlatan-kitap-yayimlandi","status":"publish","type":"post","link":"https:\/\/kuzeyinsesi.org\/index.php\/2025\/02\/25\/ismet-vehit-guneyin-hayatini-ve-eserlerini-anlatan-kitap-yayimlandi\/","title":{"rendered":"\u0130smet Vehit G\u00fcney\u2019in hayat\u0131n\u0131 ve eserlerini anlatan kitap yay\u0131mland\u0131"},"content":{"rendered":"<div>\n<div class=\"mariselle-image-container none\">\n                                            <\/div>\n<p>\u00a0\u201cK\u0131br\u0131sl\u0131 bir ressam, \u0130smet Vehit G\u00fcney, hayat\u0131 ve eserleri\u201d isimli kitap I\u015f\u0131k Kitabevi taraf\u0131ndan yay\u0131mland\u0131.<\/p>\n<p>K\u0131z\u0131 Nilg\u00fcn G\u00fcney\u2019in kaleme ald\u0131\u011f\u0131, \u0130smet V. G\u00fcney\u2019in ya\u015fad\u0131\u011f\u0131 d\u00f6neme (1923-2009) \u0131\u015f\u0131k tutan kitapla ilgili tan\u0131t\u0131m ve imza gecesi per\u015fembe saat 17.30\u2019da \u0130smet V. G\u00fcney Sanat Merkezi\u2019nde yap\u0131lacak. Konuklar i\u00e7in mini bir \u0130smet G\u00fcney sergisi haz\u0131rlanacak, ayr\u0131ca kitab\u0131n yazar\u0131 Nilg\u00fcn G\u00fcney sunum yapacak.<\/p>\n<p>I\u015f\u0131k Kitabevi\u2019nden yap\u0131lan a\u00e7\u0131klamaya g\u00f6re, bir sanat kitab\u0131 format\u0131nda, renkli bas\u0131lan kitapta, \u0130smet V. G\u00fcney\u2019in \u00e7ocuklu\u011fundan ya\u015fl\u0131l\u0131\u011f\u0131na kadar olan pek \u00e7ok ki\u015fisel foto\u011fraf\u0131n yan\u0131 s\u0131ra renkli 185 tablo foto\u011fraf\u0131, foto\u011fraf \u00e7al\u0131\u015fmalar\u0131 yapt\u0131\u011f\u0131 d\u00f6neme ait 42 foto\u011fraf, 17 karikat\u00fcr, yay\u0131nlanm\u0131\u015f 24 \u015fiiri ve bir \u00f6yk\u00fcs\u00fc bulunuyor.<\/p>\n<p>Kitapta, K\u0131br\u0131s sanat tarihinde \u00f6nemli yeri olan G\u00fcney\u2019le ilgili gazete haberlerine, s\u00f6yle\u015filere ve baz\u0131 belgelere de yer veriliyor.<\/p>\n<\/p><\/div>\n<p><script async\n                    defer\n                    crossorigin=\"anonymous\"\n                    src=\"https:\/\/connect.facebook.net\/tr_TR\/sdk.js#xfbml=1&#038;version=v3.3\"\n            ><\/script><\/p>\n","protected":false},"excerpt":{"rendered":"<p>\u00a0\u201cK\u0131br\u0131sl\u0131 bir ressam, \u0130smet Vehit G\u00fcney, hayat\u0131 ve eserleri\u201d isimli kitap I\u015f\u0131k Kitabevi taraf\u0131ndan yay\u0131mland\u0131. K\u0131z\u0131 Nilg\u00fcn G\u00fcney\u2019in kaleme ald\u0131\u011f\u0131, \u0130smet V. G\u00fcney\u2019in ya\u015fad\u0131\u011f\u0131 d\u00f6neme (1923-2009) \u0131\u015f\u0131k tutan kitapla ilgili tan\u0131t\u0131m ve imza gecesi per\u015fembe saat 17.30\u2019da \u0130smet V. G\u00fcney Sanat Merkezi\u2019nde yap\u0131lacak. Konuklar i\u00e7in mini bir \u0130smet G\u00fcney sergisi haz\u0131rlanacak, ayr\u0131ca kitab\u0131n yazar\u0131 Nilg\u00fcn [&hellip;]<\/p>\n","protected":false},"author":1,"featured_media":19729,"comment_status":"open","ping_status":"open","sticky":false,"template":"","format":"standard","meta":{"jnews-multi-image_gallery":[],"jnews_single_post":[],"jnews_primary_category":[],"jnews_social_meta":[],"jnews_override_counter":[],"footnotes":""},"categories":[6],"tags":[],"class_list":["post-19728","post","type-post","status-publish","format-standard","has-post-thumbnail","hentry","category-yasam"],"yoast_head":"<!-- This site is optimized with the Yoast SEO plugin v27.4 - https:\/\/yoast.com\/product\/yoast-seo-wordpress\/ -->\n<title>\u0130smet Vehit G\u00fcney\u2019in hayat\u0131n\u0131 ve eserlerini anlatan kitap yay\u0131mland\u0131 - Kuzeyin Sesi<\/title>\n<meta name=\"robots\" content=\"index, follow, max-snippet:-1, max-image-preview:large, max-video-preview:-1\" \/>\n<link rel=\"canonical\" href=\"https:\/\/kuzeyinsesi.org\/index.php\/2025\/02\/25\/ismet-vehit-guneyin-hayatini-ve-eserlerini-anlatan-kitap-yayimlandi\/\" \/>\n<meta property=\"og:locale\" content=\"tr_TR\" \/>\n<meta property=\"og:type\" content=\"article\" \/>\n<meta property=\"og:title\" content=\"\u0130smet Vehit G\u00fcney\u2019in hayat\u0131n\u0131 ve eserlerini anlatan kitap yay\u0131mland\u0131 - Kuzeyin Sesi\" \/>\n<meta property=\"og:description\" content=\"\u00a0\u201cK\u0131br\u0131sl\u0131 bir ressam, \u0130smet Vehit G\u00fcney, hayat\u0131 ve eserleri\u201d isimli kitap I\u015f\u0131k Kitabevi taraf\u0131ndan yay\u0131mland\u0131. K\u0131z\u0131 Nilg\u00fcn G\u00fcney\u2019in kaleme ald\u0131\u011f\u0131, \u0130smet V. G\u00fcney\u2019in ya\u015fad\u0131\u011f\u0131 d\u00f6neme (1923-2009) \u0131\u015f\u0131k tutan kitapla ilgili tan\u0131t\u0131m ve imza gecesi per\u015fembe saat 17.30\u2019da \u0130smet V. G\u00fcney Sanat Merkezi\u2019nde yap\u0131lacak. Konuklar i\u00e7in mini bir \u0130smet G\u00fcney sergisi haz\u0131rlanacak, ayr\u0131ca kitab\u0131n yazar\u0131 Nilg\u00fcn [&hellip;]\" \/>\n<meta property=\"og:url\" content=\"https:\/\/kuzeyinsesi.org\/index.php\/2025\/02\/25\/ismet-vehit-guneyin-hayatini-ve-eserlerini-anlatan-kitap-yayimlandi\/\" \/>\n<meta property=\"og:site_name\" content=\"Kuzeyin Sesi\" \/>\n<meta property=\"article:publisher\" content=\"https:\/\/www.facebook.com\/kuzeyinsesii\" \/>\n<meta property=\"article:published_time\" content=\"2025-02-25T12:19:13+00:00\" \/>\n<meta property=\"og:image\" content=\"https:\/\/brtk.net\/wp-content\/uploads\/2025\/02\/25\/ISMET-VEHIT-GUNEY1.jpg?ver=d7f0ef40cab96088d1431c3224be2374\" \/>\n<meta name=\"author\" content=\"Kuzeyin Sesi\" \/>\n<meta name=\"twitter:card\" content=\"summary_large_image\" \/>\n<meta name=\"twitter:creator\" content=\"@kuzeyinsesii\" \/>\n<meta name=\"twitter:site\" content=\"@kuzeyinsesii\" \/>\n<meta name=\"twitter:label1\" content=\"Yazan:\" \/>\n\t<meta name=\"twitter:data1\" content=\"Kuzeyin Sesi\" \/>\n\t<meta name=\"twitter:label2\" content=\"Tahmini okuma s\u00fcresi\" \/>\n\t<meta name=\"twitter:data2\" content=\"1 dakika\" \/>\n<script type=\"application\/ld+json\" class=\"yoast-schema-graph\">{\"@context\":\"https:\\\/\\\/schema.org\",\"@graph\":[{\"@type\":\"Article\",\"@id\":\"https:\\\/\\\/kuzeyinsesi.org\\\/index.php\\\/2025\\\/02\\\/25\\\/ismet-vehit-guneyin-hayatini-ve-eserlerini-anlatan-kitap-yayimlandi\\\/#article\",\"isPartOf\":{\"@id\":\"https:\\\/\\\/kuzeyinsesi.org\\\/index.php\\\/2025\\\/02\\\/25\\\/ismet-vehit-guneyin-hayatini-ve-eserlerini-anlatan-kitap-yayimlandi\\\/\"},\"author\":{\"name\":\"Kuzeyin Sesi\",\"@id\":\"https:\\\/\\\/kuzeyinsesi.org\\\/#\\\/schema\\\/person\\\/9f859689cdf01485597712386e37f5aa\"},\"headline\":\"\u0130smet Vehit G\u00fcney\u2019in hayat\u0131n\u0131 ve eserlerini anlatan kitap yay\u0131mland\u0131\",\"datePublished\":\"2025-02-25T12:19:13+00:00\",\"mainEntityOfPage\":{\"@id\":\"https:\\\/\\\/kuzeyinsesi.org\\\/index.php\\\/2025\\\/02\\\/25\\\/ismet-vehit-guneyin-hayatini-ve-eserlerini-anlatan-kitap-yayimlandi\\\/\"},\"wordCount\":188,\"commentCount\":0,\"image\":{\"@id\":\"https:\\\/\\\/kuzeyinsesi.org\\\/index.php\\\/2025\\\/02\\\/25\\\/ismet-vehit-guneyin-hayatini-ve-eserlerini-anlatan-kitap-yayimlandi\\\/#primaryimage\"},\"thumbnailUrl\":\"https:\\\/\\\/kuzeyinsesi.org\\\/wp-content\\\/uploads\\\/2025\\\/02\\\/ISMET-VEHIT-GUNEY1.jpg\",\"articleSection\":[\"Ya\u015fam\"],\"inLanguage\":\"tr\",\"potentialAction\":[{\"@type\":\"CommentAction\",\"name\":\"Comment\",\"target\":[\"https:\\\/\\\/kuzeyinsesi.org\\\/index.php\\\/2025\\\/02\\\/25\\\/ismet-vehit-guneyin-hayatini-ve-eserlerini-anlatan-kitap-yayimlandi\\\/#respond\"]}]},{\"@type\":\"WebPage\",\"@id\":\"https:\\\/\\\/kuzeyinsesi.org\\\/index.php\\\/2025\\\/02\\\/25\\\/ismet-vehit-guneyin-hayatini-ve-eserlerini-anlatan-kitap-yayimlandi\\\/\",\"url\":\"https:\\\/\\\/kuzeyinsesi.org\\\/index.php\\\/2025\\\/02\\\/25\\\/ismet-vehit-guneyin-hayatini-ve-eserlerini-anlatan-kitap-yayimlandi\\\/\",\"name\":\"\u0130smet Vehit G\u00fcney\u2019in hayat\u0131n\u0131 ve eserlerini anlatan kitap yay\u0131mland\u0131 - Kuzeyin Sesi\",\"isPartOf\":{\"@id\":\"https:\\\/\\\/kuzeyinsesi.org\\\/#website\"},\"primaryImageOfPage\":{\"@id\":\"https:\\\/\\\/kuzeyinsesi.org\\\/index.php\\\/2025\\\/02\\\/25\\\/ismet-vehit-guneyin-hayatini-ve-eserlerini-anlatan-kitap-yayimlandi\\\/#primaryimage\"},\"image\":{\"@id\":\"https:\\\/\\\/kuzeyinsesi.org\\\/index.php\\\/2025\\\/02\\\/25\\\/ismet-vehit-guneyin-hayatini-ve-eserlerini-anlatan-kitap-yayimlandi\\\/#primaryimage\"},\"thumbnailUrl\":\"https:\\\/\\\/kuzeyinsesi.org\\\/wp-content\\\/uploads\\\/2025\\\/02\\\/ISMET-VEHIT-GUNEY1.jpg\",\"datePublished\":\"2025-02-25T12:19:13+00:00\",\"author\":{\"@id\":\"https:\\\/\\\/kuzeyinsesi.org\\\/#\\\/schema\\\/person\\\/9f859689cdf01485597712386e37f5aa\"},\"breadcrumb\":{\"@id\":\"https:\\\/\\\/kuzeyinsesi.org\\\/index.php\\\/2025\\\/02\\\/25\\\/ismet-vehit-guneyin-hayatini-ve-eserlerini-anlatan-kitap-yayimlandi\\\/#breadcrumb\"},\"inLanguage\":\"tr\",\"potentialAction\":[{\"@type\":\"ReadAction\",\"target\":[\"https:\\\/\\\/kuzeyinsesi.org\\\/index.php\\\/2025\\\/02\\\/25\\\/ismet-vehit-guneyin-hayatini-ve-eserlerini-anlatan-kitap-yayimlandi\\\/\"]}]},{\"@type\":\"ImageObject\",\"inLanguage\":\"tr\",\"@id\":\"https:\\\/\\\/kuzeyinsesi.org\\\/index.php\\\/2025\\\/02\\\/25\\\/ismet-vehit-guneyin-hayatini-ve-eserlerini-anlatan-kitap-yayimlandi\\\/#primaryimage\",\"url\":\"https:\\\/\\\/kuzeyinsesi.org\\\/wp-content\\\/uploads\\\/2025\\\/02\\\/ISMET-VEHIT-GUNEY1.jpg\",\"contentUrl\":\"https:\\\/\\\/kuzeyinsesi.org\\\/wp-content\\\/uploads\\\/2025\\\/02\\\/ISMET-VEHIT-GUNEY1.jpg\",\"width\":870,\"height\":583},{\"@type\":\"BreadcrumbList\",\"@id\":\"https:\\\/\\\/kuzeyinsesi.org\\\/index.php\\\/2025\\\/02\\\/25\\\/ismet-vehit-guneyin-hayatini-ve-eserlerini-anlatan-kitap-yayimlandi\\\/#breadcrumb\",\"itemListElement\":[{\"@type\":\"ListItem\",\"position\":1,\"name\":\"Anasayfa\",\"item\":\"https:\\\/\\\/kuzeyinsesi.org\\\/\"},{\"@type\":\"ListItem\",\"position\":2,\"name\":\"\u0130smet Vehit G\u00fcney\u2019in hayat\u0131n\u0131 ve eserlerini anlatan kitap yay\u0131mland\u0131\"}]},{\"@type\":\"WebSite\",\"@id\":\"https:\\\/\\\/kuzeyinsesi.org\\\/#website\",\"url\":\"https:\\\/\\\/kuzeyinsesi.org\\\/\",\"name\":\"Kuzeyin Sesi\",\"description\":\"Do\u011fru Haberin Adresi\",\"potentialAction\":[{\"@type\":\"SearchAction\",\"target\":{\"@type\":\"EntryPoint\",\"urlTemplate\":\"https:\\\/\\\/kuzeyinsesi.org\\\/?s={search_term_string}\"},\"query-input\":{\"@type\":\"PropertyValueSpecification\",\"valueRequired\":true,\"valueName\":\"search_term_string\"}}],\"inLanguage\":\"tr\"},{\"@type\":\"Person\",\"@id\":\"https:\\\/\\\/kuzeyinsesi.org\\\/#\\\/schema\\\/person\\\/9f859689cdf01485597712386e37f5aa\",\"name\":\"Kuzeyin Sesi\",\"image\":{\"@type\":\"ImageObject\",\"inLanguage\":\"tr\",\"@id\":\"https:\\\/\\\/secure.gravatar.com\\\/avatar\\\/bab33852abfd8b282518d6ed81826833d77c3c882d9ab608add591ccace47a44?s=96&d=mm&r=g\",\"url\":\"https:\\\/\\\/secure.gravatar.com\\\/avatar\\\/bab33852abfd8b282518d6ed81826833d77c3c882d9ab608add591ccace47a44?s=96&d=mm&r=g\",\"contentUrl\":\"https:\\\/\\\/secure.gravatar.com\\\/avatar\\\/bab33852abfd8b282518d6ed81826833d77c3c882d9ab608add591ccace47a44?s=96&d=mm&r=g\",\"caption\":\"Kuzeyin Sesi\"},\"sameAs\":[\"https:\\\/\\\/kuzeyinsesi.org\"],\"url\":\"https:\\\/\\\/kuzeyinsesi.org\\\/index.php\\\/author\\\/guven\\\/\"}]}<\/script>\n<!-- \/ Yoast SEO plugin. -->","yoast_head_json":{"title":"\u0130smet Vehit G\u00fcney\u2019in hayat\u0131n\u0131 ve eserlerini anlatan kitap yay\u0131mland\u0131 - Kuzeyin Sesi","robots":{"index":"index","follow":"follow","max-snippet":"max-snippet:-1","max-image-preview":"max-image-preview:large","max-video-preview":"max-video-preview:-1"},"canonical":"https:\/\/kuzeyinsesi.org\/index.php\/2025\/02\/25\/ismet-vehit-guneyin-hayatini-ve-eserlerini-anlatan-kitap-yayimlandi\/","og_locale":"tr_TR","og_type":"article","og_title":"\u0130smet Vehit G\u00fcney\u2019in hayat\u0131n\u0131 ve eserlerini anlatan kitap yay\u0131mland\u0131 - Kuzeyin Sesi","og_description":"\u00a0\u201cK\u0131br\u0131sl\u0131 bir ressam, \u0130smet Vehit G\u00fcney, hayat\u0131 ve eserleri\u201d isimli kitap I\u015f\u0131k Kitabevi taraf\u0131ndan yay\u0131mland\u0131. K\u0131z\u0131 Nilg\u00fcn G\u00fcney\u2019in kaleme ald\u0131\u011f\u0131, \u0130smet V. G\u00fcney\u2019in ya\u015fad\u0131\u011f\u0131 d\u00f6neme (1923-2009) \u0131\u015f\u0131k tutan kitapla ilgili tan\u0131t\u0131m ve imza gecesi per\u015fembe saat 17.30\u2019da \u0130smet V. G\u00fcney Sanat Merkezi\u2019nde yap\u0131lacak. Konuklar i\u00e7in mini bir \u0130smet G\u00fcney sergisi haz\u0131rlanacak, ayr\u0131ca kitab\u0131n yazar\u0131 Nilg\u00fcn [&hellip;]","og_url":"https:\/\/kuzeyinsesi.org\/index.php\/2025\/02\/25\/ismet-vehit-guneyin-hayatini-ve-eserlerini-anlatan-kitap-yayimlandi\/","og_site_name":"Kuzeyin Sesi","article_publisher":"https:\/\/www.facebook.com\/kuzeyinsesii","article_published_time":"2025-02-25T12:19:13+00:00","og_image":[{"url":"https:\/\/brtk.net\/wp-content\/uploads\/2025\/02\/25\/ISMET-VEHIT-GUNEY1.jpg?ver=d7f0ef40cab96088d1431c3224be2374","type":"","width":"","height":""}],"author":"Kuzeyin Sesi","twitter_card":"summary_large_image","twitter_creator":"@kuzeyinsesii","twitter_site":"@kuzeyinsesii","twitter_misc":{"Yazan:":"Kuzeyin Sesi","Tahmini okuma s\u00fcresi":"1 dakika"},"schema":{"@context":"https:\/\/schema.org","@graph":[{"@type":"Article","@id":"https:\/\/kuzeyinsesi.org\/index.php\/2025\/02\/25\/ismet-vehit-guneyin-hayatini-ve-eserlerini-anlatan-kitap-yayimlandi\/#article","isPartOf":{"@id":"https:\/\/kuzeyinsesi.org\/index.php\/2025\/02\/25\/ismet-vehit-guneyin-hayatini-ve-eserlerini-anlatan-kitap-yayimlandi\/"},"author":{"name":"Kuzeyin Sesi","@id":"https:\/\/kuzeyinsesi.org\/#\/schema\/person\/9f859689cdf01485597712386e37f5aa"},"headline":"\u0130smet Vehit G\u00fcney\u2019in hayat\u0131n\u0131 ve eserlerini anlatan kitap yay\u0131mland\u0131","datePublished":"2025-02-25T12:19:13+00:00","mainEntityOfPage":{"@id":"https:\/\/kuzeyinsesi.org\/index.php\/2025\/02\/25\/ismet-vehit-guneyin-hayatini-ve-eserlerini-anlatan-kitap-yayimlandi\/"},"wordCount":188,"commentCount":0,"image":{"@id":"https:\/\/kuzeyinsesi.org\/index.php\/2025\/02\/25\/ismet-vehit-guneyin-hayatini-ve-eserlerini-anlatan-kitap-yayimlandi\/#primaryimage"},"thumbnailUrl":"https:\/\/kuzeyinsesi.org\/wp-content\/uploads\/2025\/02\/ISMET-VEHIT-GUNEY1.jpg","articleSection":["Ya\u015fam"],"inLanguage":"tr","potentialAction":[{"@type":"CommentAction","name":"Comment","target":["https:\/\/kuzeyinsesi.org\/index.php\/2025\/02\/25\/ismet-vehit-guneyin-hayatini-ve-eserlerini-anlatan-kitap-yayimlandi\/#respond"]}]},{"@type":"WebPage","@id":"https:\/\/kuzeyinsesi.org\/index.php\/2025\/02\/25\/ismet-vehit-guneyin-hayatini-ve-eserlerini-anlatan-kitap-yayimlandi\/","url":"https:\/\/kuzeyinsesi.org\/index.php\/2025\/02\/25\/ismet-vehit-guneyin-hayatini-ve-eserlerini-anlatan-kitap-yayimlandi\/","name":"\u0130smet Vehit G\u00fcney\u2019in hayat\u0131n\u0131 ve eserlerini anlatan kitap yay\u0131mland\u0131 - Kuzeyin Sesi","isPartOf":{"@id":"https:\/\/kuzeyinsesi.org\/#website"},"primaryImageOfPage":{"@id":"https:\/\/kuzeyinsesi.org\/index.php\/2025\/02\/25\/ismet-vehit-guneyin-hayatini-ve-eserlerini-anlatan-kitap-yayimlandi\/#primaryimage"},"image":{"@id":"https:\/\/kuzeyinsesi.org\/index.php\/2025\/02\/25\/ismet-vehit-guneyin-hayatini-ve-eserlerini-anlatan-kitap-yayimlandi\/#primaryimage"},"thumbnailUrl":"https:\/\/kuzeyinsesi.org\/wp-content\/uploads\/2025\/02\/ISMET-VEHIT-GUNEY1.jpg","datePublished":"2025-02-25T12:19:13+00:00","author":{"@id":"https:\/\/kuzeyinsesi.org\/#\/schema\/person\/9f859689cdf01485597712386e37f5aa"},"breadcrumb":{"@id":"https:\/\/kuzeyinsesi.org\/index.php\/2025\/02\/25\/ismet-vehit-guneyin-hayatini-ve-eserlerini-anlatan-kitap-yayimlandi\/#breadcrumb"},"inLanguage":"tr","potentialAction":[{"@type":"ReadAction","target":["https:\/\/kuzeyinsesi.org\/index.php\/2025\/02\/25\/ismet-vehit-guneyin-hayatini-ve-eserlerini-anlatan-kitap-yayimlandi\/"]}]},{"@type":"ImageObject","inLanguage":"tr","@id":"https:\/\/kuzeyinsesi.org\/index.php\/2025\/02\/25\/ismet-vehit-guneyin-hayatini-ve-eserlerini-anlatan-kitap-yayimlandi\/#primaryimage","url":"https:\/\/kuzeyinsesi.org\/wp-content\/uploads\/2025\/02\/ISMET-VEHIT-GUNEY1.jpg","contentUrl":"https:\/\/kuzeyinsesi.org\/wp-content\/uploads\/2025\/02\/ISMET-VEHIT-GUNEY1.jpg","width":870,"height":583},{"@type":"BreadcrumbList","@id":"https:\/\/kuzeyinsesi.org\/index.php\/2025\/02\/25\/ismet-vehit-guneyin-hayatini-ve-eserlerini-anlatan-kitap-yayimlandi\/#breadcrumb","itemListElement":[{"@type":"ListItem","position":1,"name":"Anasayfa","item":"https:\/\/kuzeyinsesi.org\/"},{"@type":"ListItem","position":2,"name":"\u0130smet Vehit G\u00fcney\u2019in hayat\u0131n\u0131 ve eserlerini anlatan kitap yay\u0131mland\u0131"}]},{"@type":"WebSite","@id":"https:\/\/kuzeyinsesi.org\/#website","url":"https:\/\/kuzeyinsesi.org\/","name":"Kuzeyin Sesi","description":"Do\u011fru Haberin Adresi","potentialAction":[{"@type":"SearchAction","target":{"@type":"EntryPoint","urlTemplate":"https:\/\/kuzeyinsesi.org\/?s={search_term_string}"},"query-input":{"@type":"PropertyValueSpecification","valueRequired":true,"valueName":"search_term_string"}}],"inLanguage":"tr"},{"@type":"Person","@id":"https:\/\/kuzeyinsesi.org\/#\/schema\/person\/9f859689cdf01485597712386e37f5aa","name":"Kuzeyin Sesi","image":{"@type":"ImageObject","inLanguage":"tr","@id":"https:\/\/secure.gravatar.com\/avatar\/bab33852abfd8b282518d6ed81826833d77c3c882d9ab608add591ccace47a44?s=96&d=mm&r=g","url":"https:\/\/secure.gravatar.com\/avatar\/bab33852abfd8b282518d6ed81826833d77c3c882d9ab608add591ccace47a44?s=96&d=mm&r=g","contentUrl":"https:\/\/secure.gravatar.com\/avatar\/bab33852abfd8b282518d6ed81826833d77c3c882d9ab608add591ccace47a44?s=96&d=mm&r=g","caption":"Kuzeyin Sesi"},"sameAs":["https:\/\/kuzeyinsesi.org"],"url":"https:\/\/kuzeyinsesi.org\/index.php\/author\/guven\/"}]}},"_links":{"self":[{"href":"https:\/\/kuzeyinsesi.org\/index.php\/wp-json\/wp\/v2\/posts\/19728","targetHints":{"allow":["GET"]}}],"collection":[{"href":"https:\/\/kuzeyinsesi.org\/index.php\/wp-json\/wp\/v2\/posts"}],"about":[{"href":"https:\/\/kuzeyinsesi.org\/index.php\/wp-json\/wp\/v2\/types\/post"}],"author":[{"embeddable":true,"href":"https:\/\/kuzeyinsesi.org\/index.php\/wp-json\/wp\/v2\/users\/1"}],"replies":[{"embeddable":true,"href":"https:\/\/kuzeyinsesi.org\/index.php\/wp-json\/wp\/v2\/comments?post=19728"}],"version-history":[{"count":0,"href":"https:\/\/kuzeyinsesi.org\/index.php\/wp-json\/wp\/v2\/posts\/19728\/revisions"}],"wp:featuredmedia":[{"embeddable":true,"href":"https:\/\/kuzeyinsesi.org\/index.php\/wp-json\/wp\/v2\/media\/19729"}],"wp:attachment":[{"href":"https:\/\/kuzeyinsesi.org\/index.php\/wp-json\/wp\/v2\/media?parent=19728"}],"wp:term":[{"taxonomy":"category","embeddable":true,"href":"https:\/\/kuzeyinsesi.org\/index.php\/wp-json\/wp\/v2\/categories?post=19728"},{"taxonomy":"post_tag","embeddable":true,"href":"https:\/\/kuzeyinsesi.org\/index.php\/wp-json\/wp\/v2\/tags?post=19728"}],"curies":[{"name":"wp","href":"https:\/\/api.w.org\/{rel}","templated":true}]}}