{"id":1972,"date":"2024-05-10T15:08:57","date_gmt":"2024-05-10T12:08:57","guid":{"rendered":"https:\/\/kuzeyinsesi.com\/index.php\/2024\/05\/10\/maliye-bakani-berova-kibris-turk-ortopedik-ozurluler-dernegini-ziyaret-etti\/"},"modified":"2024-05-10T15:08:57","modified_gmt":"2024-05-10T12:08:57","slug":"maliye-bakani-berova-kibris-turk-ortopedik-ozurluler-dernegini-ziyaret-etti","status":"publish","type":"post","link":"https:\/\/kuzeyinsesi.org\/index.php\/2024\/05\/10\/maliye-bakani-berova-kibris-turk-ortopedik-ozurluler-dernegini-ziyaret-etti\/","title":{"rendered":"Maliye Bakan\u0131 Berova, K\u0131br\u0131s T\u00fcrk Ortopedik \u00d6z\u00fcrl\u00fcler Derne\u011fi\u2019ni ziyaret etti"},"content":{"rendered":"<div>\n<div class=\"mariselle-image-container center\">\n                                            <\/div>\n<p>Maliye Bakan\u0131 \u00d6zdemir Berova, \u201c10-16 May\u0131s Engelliler Haftas\u0131\u201d dolay\u0131s\u0131yla, K\u0131br\u0131s T\u00fcrk Ortopedik \u00d6z\u00fcrl\u00fcler Derne\u011fi\u2019ni ziyaret etti.<\/p>\n<p>K\u0131br\u0131s T\u00fcrk Ortopedik \u00d6z\u00fcrl\u00fcler Derne\u011fi Ba\u015fkan\u0131 G\u00fcnay Kibrit, Engelliler Haftas\u0131\u2019n\u0131n ba\u015flang\u0131\u00e7 g\u00fcn\u00fcnde Maliye Bakan\u0131 \u00d6zdemir Berova\u2019n\u0131n derne\u011fi ziyaret etmesinden duydu\u011fu memnuniyeti dile getirerek, bu duyarl\u0131l\u0131\u011f\u0131ndan \u00f6t\u00fcr\u00fc te\u015fekk\u00fcr etti. Kibrit, \u201cBug\u00fcn\u00fc, bu haftay\u0131 \u00f6nemsiyor olman\u0131z bizleri sevindirmi\u015ftir\u201d dedi.<\/p>\n<p>K\u0131br\u0131s T\u00fcrk Ortopedik \u00d6z\u00fcrl\u00fcler Derne\u011fi\u2019nin bir dernekten \u00f6te bir sa\u011fl\u0131k merkezi oldu\u011funa dikkati \u00e7eken Kibrit, \u00fclkedeki engelli vatanda\u015f\u0131n hayat\u0131n\u0131 kolayla\u015ft\u0131rmak, daha kaliteli ve \u00e7ok daha sa\u011fl\u0131kl\u0131 ya\u015fam s\u00fcrmeleri, toplumla i\u00e7 i\u00e7e, e\u015fit bireyler olarak yer almalar\u0131 i\u00e7in \u00e7al\u0131\u015ft\u0131klar\u0131n\u0131n alt\u0131n\u0131 \u00e7izdi.<\/p>\n<p>Kibrit; \u201cTamamen duyarl\u0131 kurum, kurulu\u015f ve vatanda\u015flar\u0131n ba\u011f\u0131\u015flar\u0131yla ayakta duran derne\u011fimizde, yaln\u0131zca 830 \u00fcyeye de\u011fil, ihtiyac\u0131 olanlara koltuk de\u011fne\u011fi, y\u00fcr\u00fcte\u00e7, tekerlekli sandalye gibi t\u0131bbi deste\u011fi de tutanak kar\u015f\u0131l\u0131\u011f\u0131, hi\u00e7bir \u00fccret talep etmeden kullan\u0131mlar\u0131na sunma f\u0131rsat\u0131 veriyoruz\u201d diye konu\u015ftu.<\/p>\n<p>Devletin t\u00fcm organlar\u0131 ve Maliye Bakanl\u0131\u011f\u0131\u2019yla da i\u015f birli\u011fi i\u00e7erisinde, dirsek dirse\u011fe \u00e7al\u0131\u015ft\u0131klar\u0131na vurgu yapan Kibrit, bug\u00fcn Berova\u2019y\u0131 a\u011f\u0131rlad\u0131klar\u0131 toplant\u0131 salonunun da T\u0130KA\u2019n\u0131n deste\u011fiyle hayata ge\u00e7ti\u011finin alt\u0131n\u0131 \u00e7izerek, bu vesileyle derne\u011fe ve \u00fcyelere destek veren t\u00fcm kurum ve kurulu\u015flara te\u015fekk\u00fcr etti.<\/p>\n<p>Dernek olarak, y\u00fcr\u00fctt\u00fckleri \u201cEngelli Bireylerin G\u00fc\u00e7lendirilmesi Projesi\u201d gere\u011fi, engelli bireylerin haklar\u0131n\u0131n korunmas\u0131 ve \u00f6zel sekt\u00f6rde de istihdam\u0131n \u00f6n\u00fcndeki engellerin kald\u0131r\u0131lmas\u0131 amac\u0131yla bilimsel \u00e7al\u0131\u015fmalar yapt\u0131klar\u0131na vurgu yapan Kibrit, bu bilimsel \u00e7al\u0131\u015fmalar\u0131n sonu\u00e7lar\u0131n\u0131 da yine t\u00fcm payda\u015flarla payla\u015facaklar\u0131n\u0131 belirtti.<\/p>\n<p>-Berova<\/p>\n<p>Maliye Bakan\u0131 \u00d6zdemir Berova da, bir doktor, bir bakan ve \u00f6ncesinde de komitelerde g\u00f6rev alan bir milletvekili olarak, Dernekle s\u0131k\u0131 bir i\u015f birli\u011fi i\u00e7erisinde \u00e7al\u0131\u015ft\u0131klar\u0131n\u0131 hat\u0131rlatarak, Derne\u011fin geli\u015fimini yak\u0131ndan takip etme imk\u00e2n\u0131 buldu\u011funu ve bu ilerlemelerden son derece memnuniyet duydu\u011funu s\u00f6yledi. Berova, Dernek y\u00f6netimini tebrik ve takdir ederek; \u201cyapt\u0131\u011f\u0131n\u0131z \u00e7al\u0131\u015fmalar\u0131, emeklerinizi, m\u00fccadelenizi takdirle izliyor ve \u00f6nemsiyoruz\u201d dedi.<\/p>\n<p>\u201cEngelli bireylerimizin, insan hak ve \u00f6zg\u00fcrl\u00fcklerinden tam ve e\u015fit \u015fekilde yararlanmas\u0131, istihdam\u0131n\u0131n desteklenmesi, \u00fcretime kat\u0131l\u0131m\u0131n\u0131 sa\u011flamak, asli g\u00f6revimizdir\u201d diyen Berova, engelli bireylerin \u00f6n\u00fcndeki engelleri kald\u0131rmak, gerek yasalarda, gerekse uygulamalarda yap\u0131lan iyile\u015ftirmelerin de devam edece\u011fini kaydetti ve h\u00fck\u00fcmetin bu konuda hassas ve duyarl\u0131 oldu\u011funu ekledi. <\/p>\n<p>Ziyaret vesilesi ve 10-16 May\u0131s Engelliler Haftas\u0131 dolay\u0131s\u0131yla, toplumsal bir de mesaj veren Berova, \u201cSevgi Her Engelli A\u015far\u201d \u015fiar\u0131yla yola \u00e7\u0131kan toplumun her bir bireyin, engelli vatanda\u015flar\u0131n ya\u015fad\u0131\u011f\u0131 zorlu\u011fu anlamalar\u0131n\u0131, onlara ya\u015f\u0131m\u0131n her alan\u0131nda destek \u00e7\u0131karak, dayan\u0131\u015fma i\u00e7inde daha g\u00fczel bir d\u00fcnya in\u015fa etmelerinin m\u00fcmk\u00fcn oldu\u011funu belirtti.<\/p>\n<p>Berova, Engelli istihdam\u0131n\u0131n \u00f6zel sekt\u00f6rde de desteklenmesi, engelli bireylerin \u00fcretime dahil edilmesi ile engellerin birlikte a\u015f\u0131laca\u011f\u0131n\u0131 s\u00f6yledi.<\/p>\n<p>G\u00f6r\u00fc\u015fmenin sonunda, Kibrit, Berova\u2019ya imzal\u0131 kitab\u0131n\u0131 takdim etti.<\/p>\n<\/p><\/div>\n<p><script async\n                    defer\n                    crossorigin=\"anonymous\"\n                    src=\"https:\/\/connect.facebook.net\/tr_TR\/sdk.js#xfbml=1&#038;version=v3.3\"\n            ><\/script><\/p>\n","protected":false},"excerpt":{"rendered":"<p>Maliye Bakan\u0131 \u00d6zdemir Berova, \u201c10-16 May\u0131s Engelliler Haftas\u0131\u201d dolay\u0131s\u0131yla, K\u0131br\u0131s T\u00fcrk Ortopedik \u00d6z\u00fcrl\u00fcler Derne\u011fi\u2019ni ziyaret etti. K\u0131br\u0131s T\u00fcrk Ortopedik \u00d6z\u00fcrl\u00fcler Derne\u011fi Ba\u015fkan\u0131 G\u00fcnay Kibrit, Engelliler Haftas\u0131\u2019n\u0131n ba\u015flang\u0131\u00e7 g\u00fcn\u00fcnde Maliye Bakan\u0131 \u00d6zdemir Berova\u2019n\u0131n derne\u011fi ziyaret etmesinden duydu\u011fu memnuniyeti dile getirerek, bu duyarl\u0131l\u0131\u011f\u0131ndan \u00f6t\u00fcr\u00fc te\u015fekk\u00fcr etti. Kibrit, \u201cBug\u00fcn\u00fc, bu haftay\u0131 \u00f6nemsiyor olman\u0131z bizleri sevindirmi\u015ftir\u201d dedi. K\u0131br\u0131s T\u00fcrk [&hellip;]<\/p>\n","protected":false},"author":1,"featured_media":1973,"comment_status":"open","ping_status":"open","sticky":false,"template":"","format":"standard","meta":{"jnews-multi-image_gallery":[],"jnews_single_post":[],"jnews_primary_category":[],"jnews_social_meta":[],"jnews_override_counter":[],"footnotes":""},"categories":[1],"tags":[],"class_list":["post-1972","post","type-post","status-publish","format-standard","has-post-thumbnail","hentry","category-kibris"],"yoast_head":"<!-- This site is optimized with the Yoast SEO plugin v27.5 - https:\/\/yoast.com\/product\/yoast-seo-wordpress\/ -->\n<title>Maliye Bakan\u0131 Berova, K\u0131br\u0131s T\u00fcrk Ortopedik \u00d6z\u00fcrl\u00fcler Derne\u011fi\u2019ni ziyaret etti - Kuzeyin Sesi<\/title>\n<meta name=\"robots\" content=\"index, follow, max-snippet:-1, max-image-preview:large, max-video-preview:-1\" \/>\n<link rel=\"canonical\" href=\"https:\/\/kuzeyinsesi.org\/index.php\/2024\/05\/10\/maliye-bakani-berova-kibris-turk-ortopedik-ozurluler-dernegini-ziyaret-etti\/\" \/>\n<meta property=\"og:locale\" content=\"tr_TR\" \/>\n<meta property=\"og:type\" content=\"article\" \/>\n<meta property=\"og:title\" content=\"Maliye Bakan\u0131 Berova, K\u0131br\u0131s T\u00fcrk Ortopedik \u00d6z\u00fcrl\u00fcler Derne\u011fi\u2019ni ziyaret etti - Kuzeyin Sesi\" \/>\n<meta property=\"og:description\" content=\"Maliye Bakan\u0131 \u00d6zdemir Berova, \u201c10-16 May\u0131s Engelliler Haftas\u0131\u201d dolay\u0131s\u0131yla, K\u0131br\u0131s T\u00fcrk Ortopedik \u00d6z\u00fcrl\u00fcler Derne\u011fi\u2019ni ziyaret etti. K\u0131br\u0131s T\u00fcrk Ortopedik \u00d6z\u00fcrl\u00fcler Derne\u011fi Ba\u015fkan\u0131 G\u00fcnay Kibrit, Engelliler Haftas\u0131\u2019n\u0131n ba\u015flang\u0131\u00e7 g\u00fcn\u00fcnde Maliye Bakan\u0131 \u00d6zdemir Berova\u2019n\u0131n derne\u011fi ziyaret etmesinden duydu\u011fu memnuniyeti dile getirerek, bu duyarl\u0131l\u0131\u011f\u0131ndan \u00f6t\u00fcr\u00fc te\u015fekk\u00fcr etti. Kibrit, \u201cBug\u00fcn\u00fc, bu haftay\u0131 \u00f6nemsiyor olman\u0131z bizleri sevindirmi\u015ftir\u201d dedi. K\u0131br\u0131s T\u00fcrk [&hellip;]\" \/>\n<meta property=\"og:url\" content=\"https:\/\/kuzeyinsesi.org\/index.php\/2024\/05\/10\/maliye-bakani-berova-kibris-turk-ortopedik-ozurluler-dernegini-ziyaret-etti\/\" \/>\n<meta property=\"og:site_name\" content=\"Kuzeyin Sesi\" \/>\n<meta property=\"article:publisher\" content=\"https:\/\/www.facebook.com\/kuzeyinsesii\" \/>\n<meta property=\"article:published_time\" content=\"2024-05-10T12:08:57+00:00\" \/>\n<meta property=\"og:image\" content=\"https:\/\/kuzeyinsesi.org\/wp-content\/uploads\/2024\/05\/maliye-bakani-berova-kibris-turk-ortopedik-ozurluler-dernegini-ziyaret-etti-3-.jpeg\" \/>\n\t<meta property=\"og:image:width\" content=\"1024\" \/>\n\t<meta property=\"og:image:height\" content=\"597\" \/>\n\t<meta property=\"og:image:type\" content=\"image\/jpeg\" \/>\n<meta name=\"author\" content=\"Kuzeyin Sesi\" \/>\n<meta name=\"twitter:card\" content=\"summary_large_image\" \/>\n<meta name=\"twitter:creator\" content=\"@kuzeyinsesii\" \/>\n<meta name=\"twitter:site\" content=\"@kuzeyinsesii\" \/>\n<meta name=\"twitter:label1\" content=\"Yazan:\" \/>\n\t<meta name=\"twitter:data1\" content=\"Kuzeyin Sesi\" \/>\n\t<meta name=\"twitter:label2\" content=\"Tahmini okuma s\u00fcresi\" \/>\n\t<meta name=\"twitter:data2\" content=\"3 dakika\" \/>\n<script type=\"application\/ld+json\" class=\"yoast-schema-graph\">{\"@context\":\"https:\\\/\\\/schema.org\",\"@graph\":[{\"@type\":\"Article\",\"@id\":\"https:\\\/\\\/kuzeyinsesi.org\\\/index.php\\\/2024\\\/05\\\/10\\\/maliye-bakani-berova-kibris-turk-ortopedik-ozurluler-dernegini-ziyaret-etti\\\/#article\",\"isPartOf\":{\"@id\":\"https:\\\/\\\/kuzeyinsesi.org\\\/index.php\\\/2024\\\/05\\\/10\\\/maliye-bakani-berova-kibris-turk-ortopedik-ozurluler-dernegini-ziyaret-etti\\\/\"},\"author\":{\"name\":\"Kuzeyin Sesi\",\"@id\":\"https:\\\/\\\/kuzeyinsesi.org\\\/#\\\/schema\\\/person\\\/9f859689cdf01485597712386e37f5aa\"},\"headline\":\"Maliye Bakan\u0131 Berova, K\u0131br\u0131s T\u00fcrk Ortopedik \u00d6z\u00fcrl\u00fcler Derne\u011fi\u2019ni ziyaret etti\",\"datePublished\":\"2024-05-10T12:08:57+00:00\",\"mainEntityOfPage\":{\"@id\":\"https:\\\/\\\/kuzeyinsesi.org\\\/index.php\\\/2024\\\/05\\\/10\\\/maliye-bakani-berova-kibris-turk-ortopedik-ozurluler-dernegini-ziyaret-etti\\\/\"},\"wordCount\":596,\"commentCount\":0,\"image\":{\"@id\":\"https:\\\/\\\/kuzeyinsesi.org\\\/index.php\\\/2024\\\/05\\\/10\\\/maliye-bakani-berova-kibris-turk-ortopedik-ozurluler-dernegini-ziyaret-etti\\\/#primaryimage\"},\"thumbnailUrl\":\"https:\\\/\\\/kuzeyinsesi.org\\\/wp-content\\\/uploads\\\/2024\\\/05\\\/maliye-bakani-berova-kibris-turk-ortopedik-ozurluler-dernegini-ziyaret-etti-3-.jpeg\",\"articleSection\":[\"K\u0131br\u0131s\"],\"inLanguage\":\"tr\",\"potentialAction\":[{\"@type\":\"CommentAction\",\"name\":\"Comment\",\"target\":[\"https:\\\/\\\/kuzeyinsesi.org\\\/index.php\\\/2024\\\/05\\\/10\\\/maliye-bakani-berova-kibris-turk-ortopedik-ozurluler-dernegini-ziyaret-etti\\\/#respond\"]}]},{\"@type\":\"WebPage\",\"@id\":\"https:\\\/\\\/kuzeyinsesi.org\\\/index.php\\\/2024\\\/05\\\/10\\\/maliye-bakani-berova-kibris-turk-ortopedik-ozurluler-dernegini-ziyaret-etti\\\/\",\"url\":\"https:\\\/\\\/kuzeyinsesi.org\\\/index.php\\\/2024\\\/05\\\/10\\\/maliye-bakani-berova-kibris-turk-ortopedik-ozurluler-dernegini-ziyaret-etti\\\/\",\"name\":\"Maliye Bakan\u0131 Berova, K\u0131br\u0131s T\u00fcrk Ortopedik \u00d6z\u00fcrl\u00fcler Derne\u011fi\u2019ni ziyaret etti - Kuzeyin Sesi\",\"isPartOf\":{\"@id\":\"https:\\\/\\\/kuzeyinsesi.org\\\/#website\"},\"primaryImageOfPage\":{\"@id\":\"https:\\\/\\\/kuzeyinsesi.org\\\/index.php\\\/2024\\\/05\\\/10\\\/maliye-bakani-berova-kibris-turk-ortopedik-ozurluler-dernegini-ziyaret-etti\\\/#primaryimage\"},\"image\":{\"@id\":\"https:\\\/\\\/kuzeyinsesi.org\\\/index.php\\\/2024\\\/05\\\/10\\\/maliye-bakani-berova-kibris-turk-ortopedik-ozurluler-dernegini-ziyaret-etti\\\/#primaryimage\"},\"thumbnailUrl\":\"https:\\\/\\\/kuzeyinsesi.org\\\/wp-content\\\/uploads\\\/2024\\\/05\\\/maliye-bakani-berova-kibris-turk-ortopedik-ozurluler-dernegini-ziyaret-etti-3-.jpeg\",\"datePublished\":\"2024-05-10T12:08:57+00:00\",\"author\":{\"@id\":\"https:\\\/\\\/kuzeyinsesi.org\\\/#\\\/schema\\\/person\\\/9f859689cdf01485597712386e37f5aa\"},\"breadcrumb\":{\"@id\":\"https:\\\/\\\/kuzeyinsesi.org\\\/index.php\\\/2024\\\/05\\\/10\\\/maliye-bakani-berova-kibris-turk-ortopedik-ozurluler-dernegini-ziyaret-etti\\\/#breadcrumb\"},\"inLanguage\":\"tr\",\"potentialAction\":[{\"@type\":\"ReadAction\",\"target\":[\"https:\\\/\\\/kuzeyinsesi.org\\\/index.php\\\/2024\\\/05\\\/10\\\/maliye-bakani-berova-kibris-turk-ortopedik-ozurluler-dernegini-ziyaret-etti\\\/\"]}]},{\"@type\":\"ImageObject\",\"inLanguage\":\"tr\",\"@id\":\"https:\\\/\\\/kuzeyinsesi.org\\\/index.php\\\/2024\\\/05\\\/10\\\/maliye-bakani-berova-kibris-turk-ortopedik-ozurluler-dernegini-ziyaret-etti\\\/#primaryimage\",\"url\":\"https:\\\/\\\/kuzeyinsesi.org\\\/wp-content\\\/uploads\\\/2024\\\/05\\\/maliye-bakani-berova-kibris-turk-ortopedik-ozurluler-dernegini-ziyaret-etti-3-.jpeg\",\"contentUrl\":\"https:\\\/\\\/kuzeyinsesi.org\\\/wp-content\\\/uploads\\\/2024\\\/05\\\/maliye-bakani-berova-kibris-turk-ortopedik-ozurluler-dernegini-ziyaret-etti-3-.jpeg\",\"width\":1024,\"height\":597},{\"@type\":\"BreadcrumbList\",\"@id\":\"https:\\\/\\\/kuzeyinsesi.org\\\/index.php\\\/2024\\\/05\\\/10\\\/maliye-bakani-berova-kibris-turk-ortopedik-ozurluler-dernegini-ziyaret-etti\\\/#breadcrumb\",\"itemListElement\":[{\"@type\":\"ListItem\",\"position\":1,\"name\":\"Anasayfa\",\"item\":\"https:\\\/\\\/kuzeyinsesi.org\\\/\"},{\"@type\":\"ListItem\",\"position\":2,\"name\":\"Maliye Bakan\u0131 Berova, K\u0131br\u0131s T\u00fcrk Ortopedik \u00d6z\u00fcrl\u00fcler Derne\u011fi\u2019ni ziyaret etti\"}]},{\"@type\":\"WebSite\",\"@id\":\"https:\\\/\\\/kuzeyinsesi.org\\\/#website\",\"url\":\"https:\\\/\\\/kuzeyinsesi.org\\\/\",\"name\":\"Kuzeyin Sesi\",\"description\":\"Do\u011fru Haberin Adresi\",\"potentialAction\":[{\"@type\":\"SearchAction\",\"target\":{\"@type\":\"EntryPoint\",\"urlTemplate\":\"https:\\\/\\\/kuzeyinsesi.org\\\/?s={search_term_string}\"},\"query-input\":{\"@type\":\"PropertyValueSpecification\",\"valueRequired\":true,\"valueName\":\"search_term_string\"}}],\"inLanguage\":\"tr\"},{\"@type\":\"Person\",\"@id\":\"https:\\\/\\\/kuzeyinsesi.org\\\/#\\\/schema\\\/person\\\/9f859689cdf01485597712386e37f5aa\",\"name\":\"Kuzeyin Sesi\",\"image\":{\"@type\":\"ImageObject\",\"inLanguage\":\"tr\",\"@id\":\"https:\\\/\\\/secure.gravatar.com\\\/avatar\\\/bab33852abfd8b282518d6ed81826833d77c3c882d9ab608add591ccace47a44?s=96&d=mm&r=g\",\"url\":\"https:\\\/\\\/secure.gravatar.com\\\/avatar\\\/bab33852abfd8b282518d6ed81826833d77c3c882d9ab608add591ccace47a44?s=96&d=mm&r=g\",\"contentUrl\":\"https:\\\/\\\/secure.gravatar.com\\\/avatar\\\/bab33852abfd8b282518d6ed81826833d77c3c882d9ab608add591ccace47a44?s=96&d=mm&r=g\",\"caption\":\"Kuzeyin Sesi\"},\"sameAs\":[\"https:\\\/\\\/kuzeyinsesi.org\"],\"url\":\"https:\\\/\\\/kuzeyinsesi.org\\\/index.php\\\/author\\\/guven\\\/\"}]}<\/script>\n<!-- \/ Yoast SEO plugin. -->","yoast_head_json":{"title":"Maliye Bakan\u0131 Berova, K\u0131br\u0131s T\u00fcrk Ortopedik \u00d6z\u00fcrl\u00fcler Derne\u011fi\u2019ni ziyaret etti - Kuzeyin Sesi","robots":{"index":"index","follow":"follow","max-snippet":"max-snippet:-1","max-image-preview":"max-image-preview:large","max-video-preview":"max-video-preview:-1"},"canonical":"https:\/\/kuzeyinsesi.org\/index.php\/2024\/05\/10\/maliye-bakani-berova-kibris-turk-ortopedik-ozurluler-dernegini-ziyaret-etti\/","og_locale":"tr_TR","og_type":"article","og_title":"Maliye Bakan\u0131 Berova, K\u0131br\u0131s T\u00fcrk Ortopedik \u00d6z\u00fcrl\u00fcler Derne\u011fi\u2019ni ziyaret etti - Kuzeyin Sesi","og_description":"Maliye Bakan\u0131 \u00d6zdemir Berova, \u201c10-16 May\u0131s Engelliler Haftas\u0131\u201d dolay\u0131s\u0131yla, K\u0131br\u0131s T\u00fcrk Ortopedik \u00d6z\u00fcrl\u00fcler Derne\u011fi\u2019ni ziyaret etti. K\u0131br\u0131s T\u00fcrk Ortopedik \u00d6z\u00fcrl\u00fcler Derne\u011fi Ba\u015fkan\u0131 G\u00fcnay Kibrit, Engelliler Haftas\u0131\u2019n\u0131n ba\u015flang\u0131\u00e7 g\u00fcn\u00fcnde Maliye Bakan\u0131 \u00d6zdemir Berova\u2019n\u0131n derne\u011fi ziyaret etmesinden duydu\u011fu memnuniyeti dile getirerek, bu duyarl\u0131l\u0131\u011f\u0131ndan \u00f6t\u00fcr\u00fc te\u015fekk\u00fcr etti. Kibrit, \u201cBug\u00fcn\u00fc, bu haftay\u0131 \u00f6nemsiyor olman\u0131z bizleri sevindirmi\u015ftir\u201d dedi. K\u0131br\u0131s T\u00fcrk [&hellip;]","og_url":"https:\/\/kuzeyinsesi.org\/index.php\/2024\/05\/10\/maliye-bakani-berova-kibris-turk-ortopedik-ozurluler-dernegini-ziyaret-etti\/","og_site_name":"Kuzeyin Sesi","article_publisher":"https:\/\/www.facebook.com\/kuzeyinsesii","article_published_time":"2024-05-10T12:08:57+00:00","og_image":[{"width":1024,"height":597,"url":"https:\/\/kuzeyinsesi.org\/wp-content\/uploads\/2024\/05\/maliye-bakani-berova-kibris-turk-ortopedik-ozurluler-dernegini-ziyaret-etti-3-.jpeg","type":"image\/jpeg"}],"author":"Kuzeyin Sesi","twitter_card":"summary_large_image","twitter_creator":"@kuzeyinsesii","twitter_site":"@kuzeyinsesii","twitter_misc":{"Yazan:":"Kuzeyin Sesi","Tahmini okuma s\u00fcresi":"3 dakika"},"schema":{"@context":"https:\/\/schema.org","@graph":[{"@type":"Article","@id":"https:\/\/kuzeyinsesi.org\/index.php\/2024\/05\/10\/maliye-bakani-berova-kibris-turk-ortopedik-ozurluler-dernegini-ziyaret-etti\/#article","isPartOf":{"@id":"https:\/\/kuzeyinsesi.org\/index.php\/2024\/05\/10\/maliye-bakani-berova-kibris-turk-ortopedik-ozurluler-dernegini-ziyaret-etti\/"},"author":{"name":"Kuzeyin Sesi","@id":"https:\/\/kuzeyinsesi.org\/#\/schema\/person\/9f859689cdf01485597712386e37f5aa"},"headline":"Maliye Bakan\u0131 Berova, K\u0131br\u0131s T\u00fcrk Ortopedik \u00d6z\u00fcrl\u00fcler Derne\u011fi\u2019ni ziyaret etti","datePublished":"2024-05-10T12:08:57+00:00","mainEntityOfPage":{"@id":"https:\/\/kuzeyinsesi.org\/index.php\/2024\/05\/10\/maliye-bakani-berova-kibris-turk-ortopedik-ozurluler-dernegini-ziyaret-etti\/"},"wordCount":596,"commentCount":0,"image":{"@id":"https:\/\/kuzeyinsesi.org\/index.php\/2024\/05\/10\/maliye-bakani-berova-kibris-turk-ortopedik-ozurluler-dernegini-ziyaret-etti\/#primaryimage"},"thumbnailUrl":"https:\/\/kuzeyinsesi.org\/wp-content\/uploads\/2024\/05\/maliye-bakani-berova-kibris-turk-ortopedik-ozurluler-dernegini-ziyaret-etti-3-.jpeg","articleSection":["K\u0131br\u0131s"],"inLanguage":"tr","potentialAction":[{"@type":"CommentAction","name":"Comment","target":["https:\/\/kuzeyinsesi.org\/index.php\/2024\/05\/10\/maliye-bakani-berova-kibris-turk-ortopedik-ozurluler-dernegini-ziyaret-etti\/#respond"]}]},{"@type":"WebPage","@id":"https:\/\/kuzeyinsesi.org\/index.php\/2024\/05\/10\/maliye-bakani-berova-kibris-turk-ortopedik-ozurluler-dernegini-ziyaret-etti\/","url":"https:\/\/kuzeyinsesi.org\/index.php\/2024\/05\/10\/maliye-bakani-berova-kibris-turk-ortopedik-ozurluler-dernegini-ziyaret-etti\/","name":"Maliye Bakan\u0131 Berova, K\u0131br\u0131s T\u00fcrk Ortopedik \u00d6z\u00fcrl\u00fcler Derne\u011fi\u2019ni ziyaret etti - Kuzeyin Sesi","isPartOf":{"@id":"https:\/\/kuzeyinsesi.org\/#website"},"primaryImageOfPage":{"@id":"https:\/\/kuzeyinsesi.org\/index.php\/2024\/05\/10\/maliye-bakani-berova-kibris-turk-ortopedik-ozurluler-dernegini-ziyaret-etti\/#primaryimage"},"image":{"@id":"https:\/\/kuzeyinsesi.org\/index.php\/2024\/05\/10\/maliye-bakani-berova-kibris-turk-ortopedik-ozurluler-dernegini-ziyaret-etti\/#primaryimage"},"thumbnailUrl":"https:\/\/kuzeyinsesi.org\/wp-content\/uploads\/2024\/05\/maliye-bakani-berova-kibris-turk-ortopedik-ozurluler-dernegini-ziyaret-etti-3-.jpeg","datePublished":"2024-05-10T12:08:57+00:00","author":{"@id":"https:\/\/kuzeyinsesi.org\/#\/schema\/person\/9f859689cdf01485597712386e37f5aa"},"breadcrumb":{"@id":"https:\/\/kuzeyinsesi.org\/index.php\/2024\/05\/10\/maliye-bakani-berova-kibris-turk-ortopedik-ozurluler-dernegini-ziyaret-etti\/#breadcrumb"},"inLanguage":"tr","potentialAction":[{"@type":"ReadAction","target":["https:\/\/kuzeyinsesi.org\/index.php\/2024\/05\/10\/maliye-bakani-berova-kibris-turk-ortopedik-ozurluler-dernegini-ziyaret-etti\/"]}]},{"@type":"ImageObject","inLanguage":"tr","@id":"https:\/\/kuzeyinsesi.org\/index.php\/2024\/05\/10\/maliye-bakani-berova-kibris-turk-ortopedik-ozurluler-dernegini-ziyaret-etti\/#primaryimage","url":"https:\/\/kuzeyinsesi.org\/wp-content\/uploads\/2024\/05\/maliye-bakani-berova-kibris-turk-ortopedik-ozurluler-dernegini-ziyaret-etti-3-.jpeg","contentUrl":"https:\/\/kuzeyinsesi.org\/wp-content\/uploads\/2024\/05\/maliye-bakani-berova-kibris-turk-ortopedik-ozurluler-dernegini-ziyaret-etti-3-.jpeg","width":1024,"height":597},{"@type":"BreadcrumbList","@id":"https:\/\/kuzeyinsesi.org\/index.php\/2024\/05\/10\/maliye-bakani-berova-kibris-turk-ortopedik-ozurluler-dernegini-ziyaret-etti\/#breadcrumb","itemListElement":[{"@type":"ListItem","position":1,"name":"Anasayfa","item":"https:\/\/kuzeyinsesi.org\/"},{"@type":"ListItem","position":2,"name":"Maliye Bakan\u0131 Berova, K\u0131br\u0131s T\u00fcrk Ortopedik \u00d6z\u00fcrl\u00fcler Derne\u011fi\u2019ni ziyaret etti"}]},{"@type":"WebSite","@id":"https:\/\/kuzeyinsesi.org\/#website","url":"https:\/\/kuzeyinsesi.org\/","name":"Kuzeyin Sesi","description":"Do\u011fru Haberin Adresi","potentialAction":[{"@type":"SearchAction","target":{"@type":"EntryPoint","urlTemplate":"https:\/\/kuzeyinsesi.org\/?s={search_term_string}"},"query-input":{"@type":"PropertyValueSpecification","valueRequired":true,"valueName":"search_term_string"}}],"inLanguage":"tr"},{"@type":"Person","@id":"https:\/\/kuzeyinsesi.org\/#\/schema\/person\/9f859689cdf01485597712386e37f5aa","name":"Kuzeyin Sesi","image":{"@type":"ImageObject","inLanguage":"tr","@id":"https:\/\/secure.gravatar.com\/avatar\/bab33852abfd8b282518d6ed81826833d77c3c882d9ab608add591ccace47a44?s=96&d=mm&r=g","url":"https:\/\/secure.gravatar.com\/avatar\/bab33852abfd8b282518d6ed81826833d77c3c882d9ab608add591ccace47a44?s=96&d=mm&r=g","contentUrl":"https:\/\/secure.gravatar.com\/avatar\/bab33852abfd8b282518d6ed81826833d77c3c882d9ab608add591ccace47a44?s=96&d=mm&r=g","caption":"Kuzeyin Sesi"},"sameAs":["https:\/\/kuzeyinsesi.org"],"url":"https:\/\/kuzeyinsesi.org\/index.php\/author\/guven\/"}]}},"_links":{"self":[{"href":"https:\/\/kuzeyinsesi.org\/index.php\/wp-json\/wp\/v2\/posts\/1972","targetHints":{"allow":["GET"]}}],"collection":[{"href":"https:\/\/kuzeyinsesi.org\/index.php\/wp-json\/wp\/v2\/posts"}],"about":[{"href":"https:\/\/kuzeyinsesi.org\/index.php\/wp-json\/wp\/v2\/types\/post"}],"author":[{"embeddable":true,"href":"https:\/\/kuzeyinsesi.org\/index.php\/wp-json\/wp\/v2\/users\/1"}],"replies":[{"embeddable":true,"href":"https:\/\/kuzeyinsesi.org\/index.php\/wp-json\/wp\/v2\/comments?post=1972"}],"version-history":[{"count":0,"href":"https:\/\/kuzeyinsesi.org\/index.php\/wp-json\/wp\/v2\/posts\/1972\/revisions"}],"wp:featuredmedia":[{"embeddable":true,"href":"https:\/\/kuzeyinsesi.org\/index.php\/wp-json\/wp\/v2\/media\/1973"}],"wp:attachment":[{"href":"https:\/\/kuzeyinsesi.org\/index.php\/wp-json\/wp\/v2\/media?parent=1972"}],"wp:term":[{"taxonomy":"category","embeddable":true,"href":"https:\/\/kuzeyinsesi.org\/index.php\/wp-json\/wp\/v2\/categories?post=1972"},{"taxonomy":"post_tag","embeddable":true,"href":"https:\/\/kuzeyinsesi.org\/index.php\/wp-json\/wp\/v2\/tags?post=1972"}],"curies":[{"name":"wp","href":"https:\/\/api.w.org\/{rel}","templated":true}]}}