{"id":19690,"date":"2025-02-25T07:12:32","date_gmt":"2025-02-25T05:12:32","guid":{"rendered":"https:\/\/kuzeyinsesi.org\/index.php\/2025\/02\/25\/ala-azerbaycanin-ustlendigi-inisiyatif-onemli\/"},"modified":"2025-02-25T07:12:32","modified_gmt":"2025-02-25T05:12:32","slug":"ala-azerbaycanin-ustlendigi-inisiyatif-onemli","status":"publish","type":"post","link":"https:\/\/kuzeyinsesi.org\/index.php\/2025\/02\/25\/ala-azerbaycanin-ustlendigi-inisiyatif-onemli\/","title":{"rendered":"Ala: Azerbaycan\u2019\u0131n \u00fcstlendi\u011fi inisiyatif \u00f6nemli"},"content":{"rendered":"<div>\n<div class=\"mariselle-image-container center\">\n                                            <\/div>\n<p>AK Parti Genel Ba\u015fkanvekili Efkan Ala, Yeni Azerbaycan Partisi Genel Ba\u015fkan Yard\u0131mc\u0131s\u0131 Tahir Budagov ve beraberindeki heyetle g\u00f6r\u00fc\u015ft\u00fc.<\/p>\n<p>AK Parti Genel Merkezi\u2019ndeki g\u00f6r\u00fc\u015fmede konu\u015fan Ala, T\u00fcrkiye-Azerbaycan-Kuzey K\u0131br\u0131s T\u00fcrk Cumhuriyeti ili\u015fkilerine dikkati \u00e7ekti.<\/p>\n<p>Kuzey K\u0131br\u0131s T\u00fcrk Cumhuriyeti\u2019ndeki siyasi partilerle ili\u015fkilerin \u00e7ok ciddi olumlu etkiler olu\u015fturdu\u011funu, Azerbaycan\u2019\u0131n bu s\u00fcre\u00e7te \u00f6nemli bir inisiyatif ald\u0131\u011f\u0131n\u0131 belirten Efkan Ala, bunun KKTC i\u00e7in b\u00fcy\u00fck bir ad\u0131m oldu\u011funu vurgulad\u0131.<\/p>\n<p>AK Parti Genel Ba\u015fkanvekili Ala, \u201cBu \u00fc\u00e7 devletin iktidar partilerinin bir araya gelerek imzalad\u0131\u011f\u0131 mutabakat metninin \u00e7ok \u00f6nemli yank\u0131lar\u0131 oldu. Bunun i\u00e7in te\u015fekk\u00fcr ederim\u201d dedi.<\/p>\n<\/p><\/div>\n<p><script async\n                    defer\n                    crossorigin=\"anonymous\"\n                    src=\"https:\/\/connect.facebook.net\/tr_TR\/sdk.js#xfbml=1&#038;version=v3.3\"\n            ><\/script><\/p>\n","protected":false},"excerpt":{"rendered":"<p>AK Parti Genel Ba\u015fkanvekili Efkan Ala, Yeni Azerbaycan Partisi Genel Ba\u015fkan Yard\u0131mc\u0131s\u0131 Tahir Budagov ve beraberindeki heyetle g\u00f6r\u00fc\u015ft\u00fc. AK Parti Genel Merkezi\u2019ndeki g\u00f6r\u00fc\u015fmede konu\u015fan Ala, T\u00fcrkiye-Azerbaycan-Kuzey K\u0131br\u0131s T\u00fcrk Cumhuriyeti ili\u015fkilerine dikkati \u00e7ekti. Kuzey K\u0131br\u0131s T\u00fcrk Cumhuriyeti\u2019ndeki siyasi partilerle ili\u015fkilerin \u00e7ok ciddi olumlu etkiler olu\u015fturdu\u011funu, Azerbaycan\u2019\u0131n bu s\u00fcre\u00e7te \u00f6nemli bir inisiyatif ald\u0131\u011f\u0131n\u0131 belirten Efkan Ala, bunun [&hellip;]<\/p>\n","protected":false},"author":1,"featured_media":19691,"comment_status":"open","ping_status":"open","sticky":false,"template":"","format":"standard","meta":{"jnews-multi-image_gallery":[],"jnews_single_post":[],"jnews_primary_category":[],"jnews_social_meta":[],"jnews_override_counter":[],"footnotes":""},"categories":[5],"tags":[],"class_list":["post-19690","post","type-post","status-publish","format-standard","has-post-thumbnail","hentry","category-turkiye"],"yoast_head":"<!-- This site is optimized with the Yoast SEO plugin v27.5 - https:\/\/yoast.com\/product\/yoast-seo-wordpress\/ -->\n<title>Ala: Azerbaycan\u2019\u0131n \u00fcstlendi\u011fi inisiyatif \u00f6nemli - Kuzeyin Sesi<\/title>\n<meta name=\"robots\" content=\"index, follow, max-snippet:-1, max-image-preview:large, max-video-preview:-1\" \/>\n<link rel=\"canonical\" href=\"https:\/\/kuzeyinsesi.org\/index.php\/2025\/02\/25\/ala-azerbaycanin-ustlendigi-inisiyatif-onemli\/\" \/>\n<meta property=\"og:locale\" content=\"tr_TR\" \/>\n<meta property=\"og:type\" content=\"article\" \/>\n<meta property=\"og:title\" content=\"Ala: Azerbaycan\u2019\u0131n \u00fcstlendi\u011fi inisiyatif \u00f6nemli - Kuzeyin Sesi\" \/>\n<meta property=\"og:description\" content=\"AK Parti Genel Ba\u015fkanvekili Efkan Ala, Yeni Azerbaycan Partisi Genel Ba\u015fkan Yard\u0131mc\u0131s\u0131 Tahir Budagov ve beraberindeki heyetle g\u00f6r\u00fc\u015ft\u00fc. AK Parti Genel Merkezi\u2019ndeki g\u00f6r\u00fc\u015fmede konu\u015fan Ala, T\u00fcrkiye-Azerbaycan-Kuzey K\u0131br\u0131s T\u00fcrk Cumhuriyeti ili\u015fkilerine dikkati \u00e7ekti. Kuzey K\u0131br\u0131s T\u00fcrk Cumhuriyeti\u2019ndeki siyasi partilerle ili\u015fkilerin \u00e7ok ciddi olumlu etkiler olu\u015fturdu\u011funu, Azerbaycan\u2019\u0131n bu s\u00fcre\u00e7te \u00f6nemli bir inisiyatif ald\u0131\u011f\u0131n\u0131 belirten Efkan Ala, bunun [&hellip;]\" \/>\n<meta property=\"og:url\" content=\"https:\/\/kuzeyinsesi.org\/index.php\/2025\/02\/25\/ala-azerbaycanin-ustlendigi-inisiyatif-onemli\/\" \/>\n<meta property=\"og:site_name\" content=\"Kuzeyin Sesi\" \/>\n<meta property=\"article:publisher\" content=\"https:\/\/www.facebook.com\/kuzeyinsesii\" \/>\n<meta property=\"article:published_time\" content=\"2025-02-25T05:12:32+00:00\" \/>\n<meta property=\"og:image\" content=\"https:\/\/brtk.net\/wp-content\/uploads\/2025\/02\/25\/klrjw.png?ver=c008f080834a8329842de9574d19b31c\" \/>\n<meta name=\"author\" content=\"Kuzeyin Sesi\" \/>\n<meta name=\"twitter:card\" content=\"summary_large_image\" \/>\n<meta name=\"twitter:creator\" content=\"@kuzeyinsesii\" \/>\n<meta name=\"twitter:site\" content=\"@kuzeyinsesii\" \/>\n<meta name=\"twitter:label1\" content=\"Yazan:\" \/>\n\t<meta name=\"twitter:data1\" content=\"Kuzeyin Sesi\" \/>\n\t<meta name=\"twitter:label2\" content=\"Tahmini okuma s\u00fcresi\" \/>\n\t<meta name=\"twitter:data2\" content=\"1 dakika\" \/>\n<script type=\"application\/ld+json\" class=\"yoast-schema-graph\">{\"@context\":\"https:\\\/\\\/schema.org\",\"@graph\":[{\"@type\":\"Article\",\"@id\":\"https:\\\/\\\/kuzeyinsesi.org\\\/index.php\\\/2025\\\/02\\\/25\\\/ala-azerbaycanin-ustlendigi-inisiyatif-onemli\\\/#article\",\"isPartOf\":{\"@id\":\"https:\\\/\\\/kuzeyinsesi.org\\\/index.php\\\/2025\\\/02\\\/25\\\/ala-azerbaycanin-ustlendigi-inisiyatif-onemli\\\/\"},\"author\":{\"name\":\"Kuzeyin Sesi\",\"@id\":\"https:\\\/\\\/kuzeyinsesi.org\\\/#\\\/schema\\\/person\\\/9f859689cdf01485597712386e37f5aa\"},\"headline\":\"Ala: Azerbaycan\u2019\u0131n \u00fcstlendi\u011fi inisiyatif \u00f6nemli\",\"datePublished\":\"2025-02-25T05:12:32+00:00\",\"mainEntityOfPage\":{\"@id\":\"https:\\\/\\\/kuzeyinsesi.org\\\/index.php\\\/2025\\\/02\\\/25\\\/ala-azerbaycanin-ustlendigi-inisiyatif-onemli\\\/\"},\"wordCount\":129,\"commentCount\":0,\"image\":{\"@id\":\"https:\\\/\\\/kuzeyinsesi.org\\\/index.php\\\/2025\\\/02\\\/25\\\/ala-azerbaycanin-ustlendigi-inisiyatif-onemli\\\/#primaryimage\"},\"thumbnailUrl\":\"https:\\\/\\\/kuzeyinsesi.org\\\/wp-content\\\/uploads\\\/2025\\\/02\\\/klrjw.png\",\"articleSection\":[\"T\u00fcrkiye\"],\"inLanguage\":\"tr\",\"potentialAction\":[{\"@type\":\"CommentAction\",\"name\":\"Comment\",\"target\":[\"https:\\\/\\\/kuzeyinsesi.org\\\/index.php\\\/2025\\\/02\\\/25\\\/ala-azerbaycanin-ustlendigi-inisiyatif-onemli\\\/#respond\"]}]},{\"@type\":\"WebPage\",\"@id\":\"https:\\\/\\\/kuzeyinsesi.org\\\/index.php\\\/2025\\\/02\\\/25\\\/ala-azerbaycanin-ustlendigi-inisiyatif-onemli\\\/\",\"url\":\"https:\\\/\\\/kuzeyinsesi.org\\\/index.php\\\/2025\\\/02\\\/25\\\/ala-azerbaycanin-ustlendigi-inisiyatif-onemli\\\/\",\"name\":\"Ala: Azerbaycan\u2019\u0131n \u00fcstlendi\u011fi inisiyatif \u00f6nemli - Kuzeyin Sesi\",\"isPartOf\":{\"@id\":\"https:\\\/\\\/kuzeyinsesi.org\\\/#website\"},\"primaryImageOfPage\":{\"@id\":\"https:\\\/\\\/kuzeyinsesi.org\\\/index.php\\\/2025\\\/02\\\/25\\\/ala-azerbaycanin-ustlendigi-inisiyatif-onemli\\\/#primaryimage\"},\"image\":{\"@id\":\"https:\\\/\\\/kuzeyinsesi.org\\\/index.php\\\/2025\\\/02\\\/25\\\/ala-azerbaycanin-ustlendigi-inisiyatif-onemli\\\/#primaryimage\"},\"thumbnailUrl\":\"https:\\\/\\\/kuzeyinsesi.org\\\/wp-content\\\/uploads\\\/2025\\\/02\\\/klrjw.png\",\"datePublished\":\"2025-02-25T05:12:32+00:00\",\"author\":{\"@id\":\"https:\\\/\\\/kuzeyinsesi.org\\\/#\\\/schema\\\/person\\\/9f859689cdf01485597712386e37f5aa\"},\"breadcrumb\":{\"@id\":\"https:\\\/\\\/kuzeyinsesi.org\\\/index.php\\\/2025\\\/02\\\/25\\\/ala-azerbaycanin-ustlendigi-inisiyatif-onemli\\\/#breadcrumb\"},\"inLanguage\":\"tr\",\"potentialAction\":[{\"@type\":\"ReadAction\",\"target\":[\"https:\\\/\\\/kuzeyinsesi.org\\\/index.php\\\/2025\\\/02\\\/25\\\/ala-azerbaycanin-ustlendigi-inisiyatif-onemli\\\/\"]}]},{\"@type\":\"ImageObject\",\"inLanguage\":\"tr\",\"@id\":\"https:\\\/\\\/kuzeyinsesi.org\\\/index.php\\\/2025\\\/02\\\/25\\\/ala-azerbaycanin-ustlendigi-inisiyatif-onemli\\\/#primaryimage\",\"url\":\"https:\\\/\\\/kuzeyinsesi.org\\\/wp-content\\\/uploads\\\/2025\\\/02\\\/klrjw.png\",\"contentUrl\":\"https:\\\/\\\/kuzeyinsesi.org\\\/wp-content\\\/uploads\\\/2025\\\/02\\\/klrjw.png\",\"width\":1591,\"height\":754},{\"@type\":\"BreadcrumbList\",\"@id\":\"https:\\\/\\\/kuzeyinsesi.org\\\/index.php\\\/2025\\\/02\\\/25\\\/ala-azerbaycanin-ustlendigi-inisiyatif-onemli\\\/#breadcrumb\",\"itemListElement\":[{\"@type\":\"ListItem\",\"position\":1,\"name\":\"Anasayfa\",\"item\":\"https:\\\/\\\/kuzeyinsesi.org\\\/\"},{\"@type\":\"ListItem\",\"position\":2,\"name\":\"Ala: Azerbaycan\u2019\u0131n \u00fcstlendi\u011fi inisiyatif \u00f6nemli\"}]},{\"@type\":\"WebSite\",\"@id\":\"https:\\\/\\\/kuzeyinsesi.org\\\/#website\",\"url\":\"https:\\\/\\\/kuzeyinsesi.org\\\/\",\"name\":\"Kuzeyin Sesi\",\"description\":\"Do\u011fru Haberin Adresi\",\"potentialAction\":[{\"@type\":\"SearchAction\",\"target\":{\"@type\":\"EntryPoint\",\"urlTemplate\":\"https:\\\/\\\/kuzeyinsesi.org\\\/?s={search_term_string}\"},\"query-input\":{\"@type\":\"PropertyValueSpecification\",\"valueRequired\":true,\"valueName\":\"search_term_string\"}}],\"inLanguage\":\"tr\"},{\"@type\":\"Person\",\"@id\":\"https:\\\/\\\/kuzeyinsesi.org\\\/#\\\/schema\\\/person\\\/9f859689cdf01485597712386e37f5aa\",\"name\":\"Kuzeyin Sesi\",\"image\":{\"@type\":\"ImageObject\",\"inLanguage\":\"tr\",\"@id\":\"https:\\\/\\\/secure.gravatar.com\\\/avatar\\\/bab33852abfd8b282518d6ed81826833d77c3c882d9ab608add591ccace47a44?s=96&d=mm&r=g\",\"url\":\"https:\\\/\\\/secure.gravatar.com\\\/avatar\\\/bab33852abfd8b282518d6ed81826833d77c3c882d9ab608add591ccace47a44?s=96&d=mm&r=g\",\"contentUrl\":\"https:\\\/\\\/secure.gravatar.com\\\/avatar\\\/bab33852abfd8b282518d6ed81826833d77c3c882d9ab608add591ccace47a44?s=96&d=mm&r=g\",\"caption\":\"Kuzeyin Sesi\"},\"sameAs\":[\"https:\\\/\\\/kuzeyinsesi.org\"],\"url\":\"https:\\\/\\\/kuzeyinsesi.org\\\/index.php\\\/author\\\/guven\\\/\"}]}<\/script>\n<!-- \/ Yoast SEO plugin. -->","yoast_head_json":{"title":"Ala: Azerbaycan\u2019\u0131n \u00fcstlendi\u011fi inisiyatif \u00f6nemli - Kuzeyin Sesi","robots":{"index":"index","follow":"follow","max-snippet":"max-snippet:-1","max-image-preview":"max-image-preview:large","max-video-preview":"max-video-preview:-1"},"canonical":"https:\/\/kuzeyinsesi.org\/index.php\/2025\/02\/25\/ala-azerbaycanin-ustlendigi-inisiyatif-onemli\/","og_locale":"tr_TR","og_type":"article","og_title":"Ala: Azerbaycan\u2019\u0131n \u00fcstlendi\u011fi inisiyatif \u00f6nemli - Kuzeyin Sesi","og_description":"AK Parti Genel Ba\u015fkanvekili Efkan Ala, Yeni Azerbaycan Partisi Genel Ba\u015fkan Yard\u0131mc\u0131s\u0131 Tahir Budagov ve beraberindeki heyetle g\u00f6r\u00fc\u015ft\u00fc. AK Parti Genel Merkezi\u2019ndeki g\u00f6r\u00fc\u015fmede konu\u015fan Ala, T\u00fcrkiye-Azerbaycan-Kuzey K\u0131br\u0131s T\u00fcrk Cumhuriyeti ili\u015fkilerine dikkati \u00e7ekti. Kuzey K\u0131br\u0131s T\u00fcrk Cumhuriyeti\u2019ndeki siyasi partilerle ili\u015fkilerin \u00e7ok ciddi olumlu etkiler olu\u015fturdu\u011funu, Azerbaycan\u2019\u0131n bu s\u00fcre\u00e7te \u00f6nemli bir inisiyatif ald\u0131\u011f\u0131n\u0131 belirten Efkan Ala, bunun [&hellip;]","og_url":"https:\/\/kuzeyinsesi.org\/index.php\/2025\/02\/25\/ala-azerbaycanin-ustlendigi-inisiyatif-onemli\/","og_site_name":"Kuzeyin Sesi","article_publisher":"https:\/\/www.facebook.com\/kuzeyinsesii","article_published_time":"2025-02-25T05:12:32+00:00","og_image":[{"url":"https:\/\/brtk.net\/wp-content\/uploads\/2025\/02\/25\/klrjw.png?ver=c008f080834a8329842de9574d19b31c","type":"","width":"","height":""}],"author":"Kuzeyin Sesi","twitter_card":"summary_large_image","twitter_creator":"@kuzeyinsesii","twitter_site":"@kuzeyinsesii","twitter_misc":{"Yazan:":"Kuzeyin Sesi","Tahmini okuma s\u00fcresi":"1 dakika"},"schema":{"@context":"https:\/\/schema.org","@graph":[{"@type":"Article","@id":"https:\/\/kuzeyinsesi.org\/index.php\/2025\/02\/25\/ala-azerbaycanin-ustlendigi-inisiyatif-onemli\/#article","isPartOf":{"@id":"https:\/\/kuzeyinsesi.org\/index.php\/2025\/02\/25\/ala-azerbaycanin-ustlendigi-inisiyatif-onemli\/"},"author":{"name":"Kuzeyin Sesi","@id":"https:\/\/kuzeyinsesi.org\/#\/schema\/person\/9f859689cdf01485597712386e37f5aa"},"headline":"Ala: Azerbaycan\u2019\u0131n \u00fcstlendi\u011fi inisiyatif \u00f6nemli","datePublished":"2025-02-25T05:12:32+00:00","mainEntityOfPage":{"@id":"https:\/\/kuzeyinsesi.org\/index.php\/2025\/02\/25\/ala-azerbaycanin-ustlendigi-inisiyatif-onemli\/"},"wordCount":129,"commentCount":0,"image":{"@id":"https:\/\/kuzeyinsesi.org\/index.php\/2025\/02\/25\/ala-azerbaycanin-ustlendigi-inisiyatif-onemli\/#primaryimage"},"thumbnailUrl":"https:\/\/kuzeyinsesi.org\/wp-content\/uploads\/2025\/02\/klrjw.png","articleSection":["T\u00fcrkiye"],"inLanguage":"tr","potentialAction":[{"@type":"CommentAction","name":"Comment","target":["https:\/\/kuzeyinsesi.org\/index.php\/2025\/02\/25\/ala-azerbaycanin-ustlendigi-inisiyatif-onemli\/#respond"]}]},{"@type":"WebPage","@id":"https:\/\/kuzeyinsesi.org\/index.php\/2025\/02\/25\/ala-azerbaycanin-ustlendigi-inisiyatif-onemli\/","url":"https:\/\/kuzeyinsesi.org\/index.php\/2025\/02\/25\/ala-azerbaycanin-ustlendigi-inisiyatif-onemli\/","name":"Ala: Azerbaycan\u2019\u0131n \u00fcstlendi\u011fi inisiyatif \u00f6nemli - Kuzeyin Sesi","isPartOf":{"@id":"https:\/\/kuzeyinsesi.org\/#website"},"primaryImageOfPage":{"@id":"https:\/\/kuzeyinsesi.org\/index.php\/2025\/02\/25\/ala-azerbaycanin-ustlendigi-inisiyatif-onemli\/#primaryimage"},"image":{"@id":"https:\/\/kuzeyinsesi.org\/index.php\/2025\/02\/25\/ala-azerbaycanin-ustlendigi-inisiyatif-onemli\/#primaryimage"},"thumbnailUrl":"https:\/\/kuzeyinsesi.org\/wp-content\/uploads\/2025\/02\/klrjw.png","datePublished":"2025-02-25T05:12:32+00:00","author":{"@id":"https:\/\/kuzeyinsesi.org\/#\/schema\/person\/9f859689cdf01485597712386e37f5aa"},"breadcrumb":{"@id":"https:\/\/kuzeyinsesi.org\/index.php\/2025\/02\/25\/ala-azerbaycanin-ustlendigi-inisiyatif-onemli\/#breadcrumb"},"inLanguage":"tr","potentialAction":[{"@type":"ReadAction","target":["https:\/\/kuzeyinsesi.org\/index.php\/2025\/02\/25\/ala-azerbaycanin-ustlendigi-inisiyatif-onemli\/"]}]},{"@type":"ImageObject","inLanguage":"tr","@id":"https:\/\/kuzeyinsesi.org\/index.php\/2025\/02\/25\/ala-azerbaycanin-ustlendigi-inisiyatif-onemli\/#primaryimage","url":"https:\/\/kuzeyinsesi.org\/wp-content\/uploads\/2025\/02\/klrjw.png","contentUrl":"https:\/\/kuzeyinsesi.org\/wp-content\/uploads\/2025\/02\/klrjw.png","width":1591,"height":754},{"@type":"BreadcrumbList","@id":"https:\/\/kuzeyinsesi.org\/index.php\/2025\/02\/25\/ala-azerbaycanin-ustlendigi-inisiyatif-onemli\/#breadcrumb","itemListElement":[{"@type":"ListItem","position":1,"name":"Anasayfa","item":"https:\/\/kuzeyinsesi.org\/"},{"@type":"ListItem","position":2,"name":"Ala: Azerbaycan\u2019\u0131n \u00fcstlendi\u011fi inisiyatif \u00f6nemli"}]},{"@type":"WebSite","@id":"https:\/\/kuzeyinsesi.org\/#website","url":"https:\/\/kuzeyinsesi.org\/","name":"Kuzeyin Sesi","description":"Do\u011fru Haberin Adresi","potentialAction":[{"@type":"SearchAction","target":{"@type":"EntryPoint","urlTemplate":"https:\/\/kuzeyinsesi.org\/?s={search_term_string}"},"query-input":{"@type":"PropertyValueSpecification","valueRequired":true,"valueName":"search_term_string"}}],"inLanguage":"tr"},{"@type":"Person","@id":"https:\/\/kuzeyinsesi.org\/#\/schema\/person\/9f859689cdf01485597712386e37f5aa","name":"Kuzeyin Sesi","image":{"@type":"ImageObject","inLanguage":"tr","@id":"https:\/\/secure.gravatar.com\/avatar\/bab33852abfd8b282518d6ed81826833d77c3c882d9ab608add591ccace47a44?s=96&d=mm&r=g","url":"https:\/\/secure.gravatar.com\/avatar\/bab33852abfd8b282518d6ed81826833d77c3c882d9ab608add591ccace47a44?s=96&d=mm&r=g","contentUrl":"https:\/\/secure.gravatar.com\/avatar\/bab33852abfd8b282518d6ed81826833d77c3c882d9ab608add591ccace47a44?s=96&d=mm&r=g","caption":"Kuzeyin Sesi"},"sameAs":["https:\/\/kuzeyinsesi.org"],"url":"https:\/\/kuzeyinsesi.org\/index.php\/author\/guven\/"}]}},"_links":{"self":[{"href":"https:\/\/kuzeyinsesi.org\/index.php\/wp-json\/wp\/v2\/posts\/19690","targetHints":{"allow":["GET"]}}],"collection":[{"href":"https:\/\/kuzeyinsesi.org\/index.php\/wp-json\/wp\/v2\/posts"}],"about":[{"href":"https:\/\/kuzeyinsesi.org\/index.php\/wp-json\/wp\/v2\/types\/post"}],"author":[{"embeddable":true,"href":"https:\/\/kuzeyinsesi.org\/index.php\/wp-json\/wp\/v2\/users\/1"}],"replies":[{"embeddable":true,"href":"https:\/\/kuzeyinsesi.org\/index.php\/wp-json\/wp\/v2\/comments?post=19690"}],"version-history":[{"count":0,"href":"https:\/\/kuzeyinsesi.org\/index.php\/wp-json\/wp\/v2\/posts\/19690\/revisions"}],"wp:featuredmedia":[{"embeddable":true,"href":"https:\/\/kuzeyinsesi.org\/index.php\/wp-json\/wp\/v2\/media\/19691"}],"wp:attachment":[{"href":"https:\/\/kuzeyinsesi.org\/index.php\/wp-json\/wp\/v2\/media?parent=19690"}],"wp:term":[{"taxonomy":"category","embeddable":true,"href":"https:\/\/kuzeyinsesi.org\/index.php\/wp-json\/wp\/v2\/categories?post=19690"},{"taxonomy":"post_tag","embeddable":true,"href":"https:\/\/kuzeyinsesi.org\/index.php\/wp-json\/wp\/v2\/tags?post=19690"}],"curies":[{"name":"wp","href":"https:\/\/api.w.org\/{rel}","templated":true}]}}