{"id":19671,"date":"2025-02-24T19:50:20","date_gmt":"2025-02-24T17:50:20","guid":{"rendered":"https:\/\/kuzeyinsesi.org\/index.php\/2025\/02\/24\/gencay-eroglundan-uskupte-diplomatik-ziyaret\/"},"modified":"2025-02-24T19:50:20","modified_gmt":"2025-02-24T17:50:20","slug":"gencay-eroglundan-uskupte-diplomatik-ziyaret","status":"publish","type":"post","link":"https:\/\/kuzeyinsesi.org\/index.php\/2025\/02\/24\/gencay-eroglundan-uskupte-diplomatik-ziyaret\/","title":{"rendered":"Gencay Ero\u011flu\u2019ndan \u00dcsk\u00fcp\u2019te diplomatik ziyaret"},"content":{"rendered":"<div>\n<div class=\"mariselle-image-container center\">\n                                            <\/div>\n<p>Akademi Sanat Derne\u011fi Ba\u015fkan\u0131 Gencay Ero\u011flu, Osmangazi Belediye Ba\u015fkan\u0131 Erkan Ayd\u0131n\u2019\u0131n davetlisi olarak \u00dcsk\u00fcp\u2019te d\u00fczenlenen \u201cKarde\u015fler Bulu\u015fmas\u0131\u201d etkinli\u011fine kat\u0131ld\u0131.<\/p>\n<p>Etkinlik \u00f6ncesinde Osmangazi Belediye Ba\u015fkan\u0131 ve beraberindeki heyetle birlikte T\u00fcrkiye\u2019nin \u00dcsk\u00fcp B\u00fcy\u00fckel\u00e7isi Fatih Ulusoy\u2019u ziyaret eden Ero\u011flu, ger\u00e7ekle\u015ftirilen samimi g\u00f6r\u00fc\u015fme i\u00e7in B\u00fcy\u00fckel\u00e7i Ulusoy\u2019a te\u015fekk\u00fcr etti.<\/p>\n<p>Ziyarette, T\u00fcrkiye, Kuzey K\u0131br\u0131s T\u00fcrk Cumhuriyeti ve Balkan \u00fclkeleri aras\u0131ndaki k\u00fclt\u00fcrel ve sosyal ili\u015fkilerin g\u00fc\u00e7lendirilmesi konusunda fikir al\u0131\u015fveri\u015finde bulunuldu.<\/p>\n<p>Gencay Ero\u011flu, KKTC\u2019yi temsilen kat\u0131ld\u0131\u011f\u0131 \u201cKarde\u015fler Bulu\u015fmas\u0131\u201d etkinli\u011finde sanat, k\u00fclt\u00fcr ve karde\u015flik ba\u011flar\u0131 \u00fczerine \u00f6nemli temaslarda bulundu.<\/p>\n<\/p><\/div>\n<p><script async\n                    defer\n                    crossorigin=\"anonymous\"\n                    src=\"https:\/\/connect.facebook.net\/tr_TR\/sdk.js#xfbml=1&#038;version=v3.3\"\n            ><\/script><\/p>\n","protected":false},"excerpt":{"rendered":"<p>Akademi Sanat Derne\u011fi Ba\u015fkan\u0131 Gencay Ero\u011flu, Osmangazi Belediye Ba\u015fkan\u0131 Erkan Ayd\u0131n\u2019\u0131n davetlisi olarak \u00dcsk\u00fcp\u2019te d\u00fczenlenen \u201cKarde\u015fler Bulu\u015fmas\u0131\u201d etkinli\u011fine kat\u0131ld\u0131. Etkinlik \u00f6ncesinde Osmangazi Belediye Ba\u015fkan\u0131 ve beraberindeki heyetle birlikte T\u00fcrkiye\u2019nin \u00dcsk\u00fcp B\u00fcy\u00fckel\u00e7isi Fatih Ulusoy\u2019u ziyaret eden Ero\u011flu, ger\u00e7ekle\u015ftirilen samimi g\u00f6r\u00fc\u015fme i\u00e7in B\u00fcy\u00fckel\u00e7i Ulusoy\u2019a te\u015fekk\u00fcr etti. Ziyarette, T\u00fcrkiye, Kuzey K\u0131br\u0131s T\u00fcrk Cumhuriyeti ve Balkan \u00fclkeleri aras\u0131ndaki k\u00fclt\u00fcrel [&hellip;]<\/p>\n","protected":false},"author":1,"featured_media":19672,"comment_status":"open","ping_status":"open","sticky":false,"template":"","format":"standard","meta":{"jnews-multi-image_gallery":[],"jnews_single_post":[],"jnews_primary_category":[],"jnews_social_meta":[],"jnews_override_counter":[],"footnotes":""},"categories":[6],"tags":[],"class_list":["post-19671","post","type-post","status-publish","format-standard","has-post-thumbnail","hentry","category-yasam"],"yoast_head":"<!-- This site is optimized with the Yoast SEO plugin v27.4 - https:\/\/yoast.com\/product\/yoast-seo-wordpress\/ -->\n<title>Gencay Ero\u011flu\u2019ndan \u00dcsk\u00fcp\u2019te diplomatik ziyaret - Kuzeyin Sesi<\/title>\n<meta name=\"robots\" content=\"index, follow, max-snippet:-1, max-image-preview:large, max-video-preview:-1\" \/>\n<link rel=\"canonical\" href=\"https:\/\/kuzeyinsesi.org\/index.php\/2025\/02\/24\/gencay-eroglundan-uskupte-diplomatik-ziyaret\/\" \/>\n<meta property=\"og:locale\" content=\"tr_TR\" \/>\n<meta property=\"og:type\" content=\"article\" \/>\n<meta property=\"og:title\" content=\"Gencay Ero\u011flu\u2019ndan \u00dcsk\u00fcp\u2019te diplomatik ziyaret - Kuzeyin Sesi\" \/>\n<meta property=\"og:description\" content=\"Akademi Sanat Derne\u011fi Ba\u015fkan\u0131 Gencay Ero\u011flu, Osmangazi Belediye Ba\u015fkan\u0131 Erkan Ayd\u0131n\u2019\u0131n davetlisi olarak \u00dcsk\u00fcp\u2019te d\u00fczenlenen \u201cKarde\u015fler Bulu\u015fmas\u0131\u201d etkinli\u011fine kat\u0131ld\u0131. Etkinlik \u00f6ncesinde Osmangazi Belediye Ba\u015fkan\u0131 ve beraberindeki heyetle birlikte T\u00fcrkiye\u2019nin \u00dcsk\u00fcp B\u00fcy\u00fckel\u00e7isi Fatih Ulusoy\u2019u ziyaret eden Ero\u011flu, ger\u00e7ekle\u015ftirilen samimi g\u00f6r\u00fc\u015fme i\u00e7in B\u00fcy\u00fckel\u00e7i Ulusoy\u2019a te\u015fekk\u00fcr etti. Ziyarette, T\u00fcrkiye, Kuzey K\u0131br\u0131s T\u00fcrk Cumhuriyeti ve Balkan \u00fclkeleri aras\u0131ndaki k\u00fclt\u00fcrel [&hellip;]\" \/>\n<meta property=\"og:url\" content=\"https:\/\/kuzeyinsesi.org\/index.php\/2025\/02\/24\/gencay-eroglundan-uskupte-diplomatik-ziyaret\/\" \/>\n<meta property=\"og:site_name\" content=\"Kuzeyin Sesi\" \/>\n<meta property=\"article:publisher\" content=\"https:\/\/www.facebook.com\/kuzeyinsesii\" \/>\n<meta property=\"article:published_time\" content=\"2025-02-24T17:50:20+00:00\" \/>\n<meta property=\"og:image\" content=\"https:\/\/brtk.net\/wp-content\/uploads\/2025\/02\/24\/84028.jpg?ver=2f30ac14aa10122d088db11462ae43a6\" \/>\n<meta name=\"author\" content=\"Kuzeyin Sesi\" \/>\n<meta name=\"twitter:card\" content=\"summary_large_image\" \/>\n<meta name=\"twitter:creator\" content=\"@kuzeyinsesii\" \/>\n<meta name=\"twitter:site\" content=\"@kuzeyinsesii\" \/>\n<meta name=\"twitter:label1\" content=\"Yazan:\" \/>\n\t<meta name=\"twitter:data1\" content=\"Kuzeyin Sesi\" \/>\n\t<meta name=\"twitter:label2\" content=\"Tahmini okuma s\u00fcresi\" \/>\n\t<meta name=\"twitter:data2\" content=\"1 dakika\" \/>\n<script type=\"application\/ld+json\" class=\"yoast-schema-graph\">{\"@context\":\"https:\\\/\\\/schema.org\",\"@graph\":[{\"@type\":\"Article\",\"@id\":\"https:\\\/\\\/kuzeyinsesi.org\\\/index.php\\\/2025\\\/02\\\/24\\\/gencay-eroglundan-uskupte-diplomatik-ziyaret\\\/#article\",\"isPartOf\":{\"@id\":\"https:\\\/\\\/kuzeyinsesi.org\\\/index.php\\\/2025\\\/02\\\/24\\\/gencay-eroglundan-uskupte-diplomatik-ziyaret\\\/\"},\"author\":{\"name\":\"Kuzeyin Sesi\",\"@id\":\"https:\\\/\\\/kuzeyinsesi.org\\\/#\\\/schema\\\/person\\\/9f859689cdf01485597712386e37f5aa\"},\"headline\":\"Gencay Ero\u011flu\u2019ndan \u00dcsk\u00fcp\u2019te diplomatik ziyaret\",\"datePublished\":\"2025-02-24T17:50:20+00:00\",\"mainEntityOfPage\":{\"@id\":\"https:\\\/\\\/kuzeyinsesi.org\\\/index.php\\\/2025\\\/02\\\/24\\\/gencay-eroglundan-uskupte-diplomatik-ziyaret\\\/\"},\"wordCount\":143,\"commentCount\":0,\"image\":{\"@id\":\"https:\\\/\\\/kuzeyinsesi.org\\\/index.php\\\/2025\\\/02\\\/24\\\/gencay-eroglundan-uskupte-diplomatik-ziyaret\\\/#primaryimage\"},\"thumbnailUrl\":\"https:\\\/\\\/kuzeyinsesi.org\\\/wp-content\\\/uploads\\\/2025\\\/02\\\/84028.jpg\",\"articleSection\":[\"Ya\u015fam\"],\"inLanguage\":\"tr\",\"potentialAction\":[{\"@type\":\"CommentAction\",\"name\":\"Comment\",\"target\":[\"https:\\\/\\\/kuzeyinsesi.org\\\/index.php\\\/2025\\\/02\\\/24\\\/gencay-eroglundan-uskupte-diplomatik-ziyaret\\\/#respond\"]}]},{\"@type\":\"WebPage\",\"@id\":\"https:\\\/\\\/kuzeyinsesi.org\\\/index.php\\\/2025\\\/02\\\/24\\\/gencay-eroglundan-uskupte-diplomatik-ziyaret\\\/\",\"url\":\"https:\\\/\\\/kuzeyinsesi.org\\\/index.php\\\/2025\\\/02\\\/24\\\/gencay-eroglundan-uskupte-diplomatik-ziyaret\\\/\",\"name\":\"Gencay Ero\u011flu\u2019ndan \u00dcsk\u00fcp\u2019te diplomatik ziyaret - Kuzeyin Sesi\",\"isPartOf\":{\"@id\":\"https:\\\/\\\/kuzeyinsesi.org\\\/#website\"},\"primaryImageOfPage\":{\"@id\":\"https:\\\/\\\/kuzeyinsesi.org\\\/index.php\\\/2025\\\/02\\\/24\\\/gencay-eroglundan-uskupte-diplomatik-ziyaret\\\/#primaryimage\"},\"image\":{\"@id\":\"https:\\\/\\\/kuzeyinsesi.org\\\/index.php\\\/2025\\\/02\\\/24\\\/gencay-eroglundan-uskupte-diplomatik-ziyaret\\\/#primaryimage\"},\"thumbnailUrl\":\"https:\\\/\\\/kuzeyinsesi.org\\\/wp-content\\\/uploads\\\/2025\\\/02\\\/84028.jpg\",\"datePublished\":\"2025-02-24T17:50:20+00:00\",\"author\":{\"@id\":\"https:\\\/\\\/kuzeyinsesi.org\\\/#\\\/schema\\\/person\\\/9f859689cdf01485597712386e37f5aa\"},\"breadcrumb\":{\"@id\":\"https:\\\/\\\/kuzeyinsesi.org\\\/index.php\\\/2025\\\/02\\\/24\\\/gencay-eroglundan-uskupte-diplomatik-ziyaret\\\/#breadcrumb\"},\"inLanguage\":\"tr\",\"potentialAction\":[{\"@type\":\"ReadAction\",\"target\":[\"https:\\\/\\\/kuzeyinsesi.org\\\/index.php\\\/2025\\\/02\\\/24\\\/gencay-eroglundan-uskupte-diplomatik-ziyaret\\\/\"]}]},{\"@type\":\"ImageObject\",\"inLanguage\":\"tr\",\"@id\":\"https:\\\/\\\/kuzeyinsesi.org\\\/index.php\\\/2025\\\/02\\\/24\\\/gencay-eroglundan-uskupte-diplomatik-ziyaret\\\/#primaryimage\",\"url\":\"https:\\\/\\\/kuzeyinsesi.org\\\/wp-content\\\/uploads\\\/2025\\\/02\\\/84028.jpg\",\"contentUrl\":\"https:\\\/\\\/kuzeyinsesi.org\\\/wp-content\\\/uploads\\\/2025\\\/02\\\/84028.jpg\",\"width\":1536,\"height\":852},{\"@type\":\"BreadcrumbList\",\"@id\":\"https:\\\/\\\/kuzeyinsesi.org\\\/index.php\\\/2025\\\/02\\\/24\\\/gencay-eroglundan-uskupte-diplomatik-ziyaret\\\/#breadcrumb\",\"itemListElement\":[{\"@type\":\"ListItem\",\"position\":1,\"name\":\"Anasayfa\",\"item\":\"https:\\\/\\\/kuzeyinsesi.org\\\/\"},{\"@type\":\"ListItem\",\"position\":2,\"name\":\"Gencay Ero\u011flu\u2019ndan \u00dcsk\u00fcp\u2019te diplomatik ziyaret\"}]},{\"@type\":\"WebSite\",\"@id\":\"https:\\\/\\\/kuzeyinsesi.org\\\/#website\",\"url\":\"https:\\\/\\\/kuzeyinsesi.org\\\/\",\"name\":\"Kuzeyin Sesi\",\"description\":\"Do\u011fru Haberin Adresi\",\"potentialAction\":[{\"@type\":\"SearchAction\",\"target\":{\"@type\":\"EntryPoint\",\"urlTemplate\":\"https:\\\/\\\/kuzeyinsesi.org\\\/?s={search_term_string}\"},\"query-input\":{\"@type\":\"PropertyValueSpecification\",\"valueRequired\":true,\"valueName\":\"search_term_string\"}}],\"inLanguage\":\"tr\"},{\"@type\":\"Person\",\"@id\":\"https:\\\/\\\/kuzeyinsesi.org\\\/#\\\/schema\\\/person\\\/9f859689cdf01485597712386e37f5aa\",\"name\":\"Kuzeyin Sesi\",\"image\":{\"@type\":\"ImageObject\",\"inLanguage\":\"tr\",\"@id\":\"https:\\\/\\\/secure.gravatar.com\\\/avatar\\\/bab33852abfd8b282518d6ed81826833d77c3c882d9ab608add591ccace47a44?s=96&d=mm&r=g\",\"url\":\"https:\\\/\\\/secure.gravatar.com\\\/avatar\\\/bab33852abfd8b282518d6ed81826833d77c3c882d9ab608add591ccace47a44?s=96&d=mm&r=g\",\"contentUrl\":\"https:\\\/\\\/secure.gravatar.com\\\/avatar\\\/bab33852abfd8b282518d6ed81826833d77c3c882d9ab608add591ccace47a44?s=96&d=mm&r=g\",\"caption\":\"Kuzeyin Sesi\"},\"sameAs\":[\"https:\\\/\\\/kuzeyinsesi.org\"],\"url\":\"https:\\\/\\\/kuzeyinsesi.org\\\/index.php\\\/author\\\/guven\\\/\"}]}<\/script>\n<!-- \/ Yoast SEO plugin. -->","yoast_head_json":{"title":"Gencay Ero\u011flu\u2019ndan \u00dcsk\u00fcp\u2019te diplomatik ziyaret - Kuzeyin Sesi","robots":{"index":"index","follow":"follow","max-snippet":"max-snippet:-1","max-image-preview":"max-image-preview:large","max-video-preview":"max-video-preview:-1"},"canonical":"https:\/\/kuzeyinsesi.org\/index.php\/2025\/02\/24\/gencay-eroglundan-uskupte-diplomatik-ziyaret\/","og_locale":"tr_TR","og_type":"article","og_title":"Gencay Ero\u011flu\u2019ndan \u00dcsk\u00fcp\u2019te diplomatik ziyaret - Kuzeyin Sesi","og_description":"Akademi Sanat Derne\u011fi Ba\u015fkan\u0131 Gencay Ero\u011flu, Osmangazi Belediye Ba\u015fkan\u0131 Erkan Ayd\u0131n\u2019\u0131n davetlisi olarak \u00dcsk\u00fcp\u2019te d\u00fczenlenen \u201cKarde\u015fler Bulu\u015fmas\u0131\u201d etkinli\u011fine kat\u0131ld\u0131. Etkinlik \u00f6ncesinde Osmangazi Belediye Ba\u015fkan\u0131 ve beraberindeki heyetle birlikte T\u00fcrkiye\u2019nin \u00dcsk\u00fcp B\u00fcy\u00fckel\u00e7isi Fatih Ulusoy\u2019u ziyaret eden Ero\u011flu, ger\u00e7ekle\u015ftirilen samimi g\u00f6r\u00fc\u015fme i\u00e7in B\u00fcy\u00fckel\u00e7i Ulusoy\u2019a te\u015fekk\u00fcr etti. Ziyarette, T\u00fcrkiye, Kuzey K\u0131br\u0131s T\u00fcrk Cumhuriyeti ve Balkan \u00fclkeleri aras\u0131ndaki k\u00fclt\u00fcrel [&hellip;]","og_url":"https:\/\/kuzeyinsesi.org\/index.php\/2025\/02\/24\/gencay-eroglundan-uskupte-diplomatik-ziyaret\/","og_site_name":"Kuzeyin Sesi","article_publisher":"https:\/\/www.facebook.com\/kuzeyinsesii","article_published_time":"2025-02-24T17:50:20+00:00","og_image":[{"url":"https:\/\/brtk.net\/wp-content\/uploads\/2025\/02\/24\/84028.jpg?ver=2f30ac14aa10122d088db11462ae43a6","type":"","width":"","height":""}],"author":"Kuzeyin Sesi","twitter_card":"summary_large_image","twitter_creator":"@kuzeyinsesii","twitter_site":"@kuzeyinsesii","twitter_misc":{"Yazan:":"Kuzeyin Sesi","Tahmini okuma s\u00fcresi":"1 dakika"},"schema":{"@context":"https:\/\/schema.org","@graph":[{"@type":"Article","@id":"https:\/\/kuzeyinsesi.org\/index.php\/2025\/02\/24\/gencay-eroglundan-uskupte-diplomatik-ziyaret\/#article","isPartOf":{"@id":"https:\/\/kuzeyinsesi.org\/index.php\/2025\/02\/24\/gencay-eroglundan-uskupte-diplomatik-ziyaret\/"},"author":{"name":"Kuzeyin Sesi","@id":"https:\/\/kuzeyinsesi.org\/#\/schema\/person\/9f859689cdf01485597712386e37f5aa"},"headline":"Gencay Ero\u011flu\u2019ndan \u00dcsk\u00fcp\u2019te diplomatik ziyaret","datePublished":"2025-02-24T17:50:20+00:00","mainEntityOfPage":{"@id":"https:\/\/kuzeyinsesi.org\/index.php\/2025\/02\/24\/gencay-eroglundan-uskupte-diplomatik-ziyaret\/"},"wordCount":143,"commentCount":0,"image":{"@id":"https:\/\/kuzeyinsesi.org\/index.php\/2025\/02\/24\/gencay-eroglundan-uskupte-diplomatik-ziyaret\/#primaryimage"},"thumbnailUrl":"https:\/\/kuzeyinsesi.org\/wp-content\/uploads\/2025\/02\/84028.jpg","articleSection":["Ya\u015fam"],"inLanguage":"tr","potentialAction":[{"@type":"CommentAction","name":"Comment","target":["https:\/\/kuzeyinsesi.org\/index.php\/2025\/02\/24\/gencay-eroglundan-uskupte-diplomatik-ziyaret\/#respond"]}]},{"@type":"WebPage","@id":"https:\/\/kuzeyinsesi.org\/index.php\/2025\/02\/24\/gencay-eroglundan-uskupte-diplomatik-ziyaret\/","url":"https:\/\/kuzeyinsesi.org\/index.php\/2025\/02\/24\/gencay-eroglundan-uskupte-diplomatik-ziyaret\/","name":"Gencay Ero\u011flu\u2019ndan \u00dcsk\u00fcp\u2019te diplomatik ziyaret - Kuzeyin Sesi","isPartOf":{"@id":"https:\/\/kuzeyinsesi.org\/#website"},"primaryImageOfPage":{"@id":"https:\/\/kuzeyinsesi.org\/index.php\/2025\/02\/24\/gencay-eroglundan-uskupte-diplomatik-ziyaret\/#primaryimage"},"image":{"@id":"https:\/\/kuzeyinsesi.org\/index.php\/2025\/02\/24\/gencay-eroglundan-uskupte-diplomatik-ziyaret\/#primaryimage"},"thumbnailUrl":"https:\/\/kuzeyinsesi.org\/wp-content\/uploads\/2025\/02\/84028.jpg","datePublished":"2025-02-24T17:50:20+00:00","author":{"@id":"https:\/\/kuzeyinsesi.org\/#\/schema\/person\/9f859689cdf01485597712386e37f5aa"},"breadcrumb":{"@id":"https:\/\/kuzeyinsesi.org\/index.php\/2025\/02\/24\/gencay-eroglundan-uskupte-diplomatik-ziyaret\/#breadcrumb"},"inLanguage":"tr","potentialAction":[{"@type":"ReadAction","target":["https:\/\/kuzeyinsesi.org\/index.php\/2025\/02\/24\/gencay-eroglundan-uskupte-diplomatik-ziyaret\/"]}]},{"@type":"ImageObject","inLanguage":"tr","@id":"https:\/\/kuzeyinsesi.org\/index.php\/2025\/02\/24\/gencay-eroglundan-uskupte-diplomatik-ziyaret\/#primaryimage","url":"https:\/\/kuzeyinsesi.org\/wp-content\/uploads\/2025\/02\/84028.jpg","contentUrl":"https:\/\/kuzeyinsesi.org\/wp-content\/uploads\/2025\/02\/84028.jpg","width":1536,"height":852},{"@type":"BreadcrumbList","@id":"https:\/\/kuzeyinsesi.org\/index.php\/2025\/02\/24\/gencay-eroglundan-uskupte-diplomatik-ziyaret\/#breadcrumb","itemListElement":[{"@type":"ListItem","position":1,"name":"Anasayfa","item":"https:\/\/kuzeyinsesi.org\/"},{"@type":"ListItem","position":2,"name":"Gencay Ero\u011flu\u2019ndan \u00dcsk\u00fcp\u2019te diplomatik ziyaret"}]},{"@type":"WebSite","@id":"https:\/\/kuzeyinsesi.org\/#website","url":"https:\/\/kuzeyinsesi.org\/","name":"Kuzeyin Sesi","description":"Do\u011fru Haberin Adresi","potentialAction":[{"@type":"SearchAction","target":{"@type":"EntryPoint","urlTemplate":"https:\/\/kuzeyinsesi.org\/?s={search_term_string}"},"query-input":{"@type":"PropertyValueSpecification","valueRequired":true,"valueName":"search_term_string"}}],"inLanguage":"tr"},{"@type":"Person","@id":"https:\/\/kuzeyinsesi.org\/#\/schema\/person\/9f859689cdf01485597712386e37f5aa","name":"Kuzeyin Sesi","image":{"@type":"ImageObject","inLanguage":"tr","@id":"https:\/\/secure.gravatar.com\/avatar\/bab33852abfd8b282518d6ed81826833d77c3c882d9ab608add591ccace47a44?s=96&d=mm&r=g","url":"https:\/\/secure.gravatar.com\/avatar\/bab33852abfd8b282518d6ed81826833d77c3c882d9ab608add591ccace47a44?s=96&d=mm&r=g","contentUrl":"https:\/\/secure.gravatar.com\/avatar\/bab33852abfd8b282518d6ed81826833d77c3c882d9ab608add591ccace47a44?s=96&d=mm&r=g","caption":"Kuzeyin Sesi"},"sameAs":["https:\/\/kuzeyinsesi.org"],"url":"https:\/\/kuzeyinsesi.org\/index.php\/author\/guven\/"}]}},"_links":{"self":[{"href":"https:\/\/kuzeyinsesi.org\/index.php\/wp-json\/wp\/v2\/posts\/19671","targetHints":{"allow":["GET"]}}],"collection":[{"href":"https:\/\/kuzeyinsesi.org\/index.php\/wp-json\/wp\/v2\/posts"}],"about":[{"href":"https:\/\/kuzeyinsesi.org\/index.php\/wp-json\/wp\/v2\/types\/post"}],"author":[{"embeddable":true,"href":"https:\/\/kuzeyinsesi.org\/index.php\/wp-json\/wp\/v2\/users\/1"}],"replies":[{"embeddable":true,"href":"https:\/\/kuzeyinsesi.org\/index.php\/wp-json\/wp\/v2\/comments?post=19671"}],"version-history":[{"count":0,"href":"https:\/\/kuzeyinsesi.org\/index.php\/wp-json\/wp\/v2\/posts\/19671\/revisions"}],"wp:featuredmedia":[{"embeddable":true,"href":"https:\/\/kuzeyinsesi.org\/index.php\/wp-json\/wp\/v2\/media\/19672"}],"wp:attachment":[{"href":"https:\/\/kuzeyinsesi.org\/index.php\/wp-json\/wp\/v2\/media?parent=19671"}],"wp:term":[{"taxonomy":"category","embeddable":true,"href":"https:\/\/kuzeyinsesi.org\/index.php\/wp-json\/wp\/v2\/categories?post=19671"},{"taxonomy":"post_tag","embeddable":true,"href":"https:\/\/kuzeyinsesi.org\/index.php\/wp-json\/wp\/v2\/tags?post=19671"}],"curies":[{"name":"wp","href":"https:\/\/api.w.org\/{rel}","templated":true}]}}