{"id":19659,"date":"2025-02-24T15:45:07","date_gmt":"2025-02-24T13:45:07","guid":{"rendered":"https:\/\/kuzeyinsesi.org\/index.php\/2025\/02\/24\/direncayin-yeni-yasama-yolculuk-kitabi-cikti\/"},"modified":"2025-02-24T15:45:07","modified_gmt":"2025-02-24T13:45:07","slug":"direncayin-yeni-yasama-yolculuk-kitabi-cikti","status":"publish","type":"post","link":"https:\/\/kuzeyinsesi.org\/index.php\/2025\/02\/24\/direncayin-yeni-yasama-yolculuk-kitabi-cikti\/","title":{"rendered":"Diren\u00e7ay\u2019\u0131n \u201cYeni Ya\u015fama Yolculuk\u201d kitab\u0131 \u00e7\u0131kt\u0131"},"content":{"rendered":"<div>\n<div class=\"mariselle-image-container center\">\n                                            <\/div>\n<p>\u00c7e\u015fitli sivil toplum \u00f6rg\u00fctlerinde g\u00f6rev alm\u0131\u015f, eski M\u00fcste\u015far Levent Diren\u00e7ay\u2019\u0131n \u201cYeni Ya\u015fama Yolculuk\u201d isimli yedinci kitab\u0131 \u00e7\u0131kt\u0131.<\/p>\n<p>Dorlion Yay\u0131nlar\u0131 taraf\u0131ndan bas\u0131lan kitap, \u00fclkedeki ve T\u00fcrkiye\u2019deki kitap\u00e7\u0131larda sat\u0131\u015fa sunuldu.<\/p>\n<p>Kitapta, kanser rahats\u0131zl\u0131\u011f\u0131, sa\u011fl\u0131kl\u0131 ya\u015fama dair bilgi ve d\u00fc\u015f\u00fcnceler, meditasyonlar, \u00e7evre ve do\u011faya ili\u015fkin yaz\u0131lar ile Diren\u00e7ay\u2019\u0131n ya\u015fam\u0131ndan kesitler yer al\u0131yor.<\/p>\n<\/p><\/div>\n<p><script async\n                    defer\n                    crossorigin=\"anonymous\"\n                    src=\"https:\/\/connect.facebook.net\/tr_TR\/sdk.js#xfbml=1&#038;version=v3.3\"\n            ><\/script><\/p>\n","protected":false},"excerpt":{"rendered":"<p>\u00c7e\u015fitli sivil toplum \u00f6rg\u00fctlerinde g\u00f6rev alm\u0131\u015f, eski M\u00fcste\u015far Levent Diren\u00e7ay\u2019\u0131n \u201cYeni Ya\u015fama Yolculuk\u201d isimli yedinci kitab\u0131 \u00e7\u0131kt\u0131. Dorlion Yay\u0131nlar\u0131 taraf\u0131ndan bas\u0131lan kitap, \u00fclkedeki ve T\u00fcrkiye\u2019deki kitap\u00e7\u0131larda sat\u0131\u015fa sunuldu. Kitapta, kanser rahats\u0131zl\u0131\u011f\u0131, sa\u011fl\u0131kl\u0131 ya\u015fama dair bilgi ve d\u00fc\u015f\u00fcnceler, meditasyonlar, \u00e7evre ve do\u011faya ili\u015fkin yaz\u0131lar ile Diren\u00e7ay\u2019\u0131n ya\u015fam\u0131ndan kesitler yer al\u0131yor.<\/p>\n","protected":false},"author":1,"featured_media":19660,"comment_status":"open","ping_status":"open","sticky":false,"template":"","format":"standard","meta":{"jnews-multi-image_gallery":[],"jnews_single_post":[],"jnews_primary_category":[],"jnews_social_meta":[],"jnews_override_counter":[],"footnotes":""},"categories":[6],"tags":[],"class_list":["post-19659","post","type-post","status-publish","format-standard","has-post-thumbnail","hentry","category-yasam"],"yoast_head":"<!-- This site is optimized with the Yoast SEO plugin v27.4 - https:\/\/yoast.com\/product\/yoast-seo-wordpress\/ -->\n<title>Diren\u00e7ay\u2019\u0131n \u201cYeni Ya\u015fama Yolculuk\u201d kitab\u0131 \u00e7\u0131kt\u0131 - Kuzeyin Sesi<\/title>\n<meta name=\"robots\" content=\"index, follow, max-snippet:-1, max-image-preview:large, max-video-preview:-1\" \/>\n<link rel=\"canonical\" href=\"https:\/\/kuzeyinsesi.org\/index.php\/2025\/02\/24\/direncayin-yeni-yasama-yolculuk-kitabi-cikti\/\" \/>\n<meta property=\"og:locale\" content=\"tr_TR\" \/>\n<meta property=\"og:type\" content=\"article\" \/>\n<meta property=\"og:title\" content=\"Diren\u00e7ay\u2019\u0131n \u201cYeni Ya\u015fama Yolculuk\u201d kitab\u0131 \u00e7\u0131kt\u0131 - Kuzeyin Sesi\" \/>\n<meta property=\"og:description\" content=\"\u00c7e\u015fitli sivil toplum \u00f6rg\u00fctlerinde g\u00f6rev alm\u0131\u015f, eski M\u00fcste\u015far Levent Diren\u00e7ay\u2019\u0131n \u201cYeni Ya\u015fama Yolculuk\u201d isimli yedinci kitab\u0131 \u00e7\u0131kt\u0131. Dorlion Yay\u0131nlar\u0131 taraf\u0131ndan bas\u0131lan kitap, \u00fclkedeki ve T\u00fcrkiye\u2019deki kitap\u00e7\u0131larda sat\u0131\u015fa sunuldu. Kitapta, kanser rahats\u0131zl\u0131\u011f\u0131, sa\u011fl\u0131kl\u0131 ya\u015fama dair bilgi ve d\u00fc\u015f\u00fcnceler, meditasyonlar, \u00e7evre ve do\u011faya ili\u015fkin yaz\u0131lar ile Diren\u00e7ay\u2019\u0131n ya\u015fam\u0131ndan kesitler yer al\u0131yor.\" \/>\n<meta property=\"og:url\" content=\"https:\/\/kuzeyinsesi.org\/index.php\/2025\/02\/24\/direncayin-yeni-yasama-yolculuk-kitabi-cikti\/\" \/>\n<meta property=\"og:site_name\" content=\"Kuzeyin Sesi\" \/>\n<meta property=\"article:publisher\" content=\"https:\/\/www.facebook.com\/kuzeyinsesii\" \/>\n<meta property=\"article:published_time\" content=\"2025-02-24T13:45:07+00:00\" \/>\n<meta property=\"og:image\" content=\"https:\/\/brtk.net\/wp-content\/uploads\/2025\/02\/24\/oooooooooooooooooo.jpg?ver=f05faa1c12311e913e477b7b0bd314b4\" \/>\n<meta name=\"author\" content=\"Kuzeyin Sesi\" \/>\n<meta name=\"twitter:card\" content=\"summary_large_image\" \/>\n<meta name=\"twitter:creator\" content=\"@kuzeyinsesii\" \/>\n<meta name=\"twitter:site\" content=\"@kuzeyinsesii\" \/>\n<meta name=\"twitter:label1\" content=\"Yazan:\" \/>\n\t<meta name=\"twitter:data1\" content=\"Kuzeyin Sesi\" \/>\n<script type=\"application\/ld+json\" class=\"yoast-schema-graph\">{\"@context\":\"https:\\\/\\\/schema.org\",\"@graph\":[{\"@type\":\"Article\",\"@id\":\"https:\\\/\\\/kuzeyinsesi.org\\\/index.php\\\/2025\\\/02\\\/24\\\/direncayin-yeni-yasama-yolculuk-kitabi-cikti\\\/#article\",\"isPartOf\":{\"@id\":\"https:\\\/\\\/kuzeyinsesi.org\\\/index.php\\\/2025\\\/02\\\/24\\\/direncayin-yeni-yasama-yolculuk-kitabi-cikti\\\/\"},\"author\":{\"name\":\"Kuzeyin Sesi\",\"@id\":\"https:\\\/\\\/kuzeyinsesi.org\\\/#\\\/schema\\\/person\\\/9f859689cdf01485597712386e37f5aa\"},\"headline\":\"Diren\u00e7ay\u2019\u0131n \u201cYeni Ya\u015fama Yolculuk\u201d kitab\u0131 \u00e7\u0131kt\u0131\",\"datePublished\":\"2025-02-24T13:45:07+00:00\",\"mainEntityOfPage\":{\"@id\":\"https:\\\/\\\/kuzeyinsesi.org\\\/index.php\\\/2025\\\/02\\\/24\\\/direncayin-yeni-yasama-yolculuk-kitabi-cikti\\\/\"},\"wordCount\":86,\"commentCount\":0,\"image\":{\"@id\":\"https:\\\/\\\/kuzeyinsesi.org\\\/index.php\\\/2025\\\/02\\\/24\\\/direncayin-yeni-yasama-yolculuk-kitabi-cikti\\\/#primaryimage\"},\"thumbnailUrl\":\"https:\\\/\\\/kuzeyinsesi.org\\\/wp-content\\\/uploads\\\/2025\\\/02\\\/oooooooooooooooooo.jpg\",\"articleSection\":[\"Ya\u015fam\"],\"inLanguage\":\"tr\",\"potentialAction\":[{\"@type\":\"CommentAction\",\"name\":\"Comment\",\"target\":[\"https:\\\/\\\/kuzeyinsesi.org\\\/index.php\\\/2025\\\/02\\\/24\\\/direncayin-yeni-yasama-yolculuk-kitabi-cikti\\\/#respond\"]}]},{\"@type\":\"WebPage\",\"@id\":\"https:\\\/\\\/kuzeyinsesi.org\\\/index.php\\\/2025\\\/02\\\/24\\\/direncayin-yeni-yasama-yolculuk-kitabi-cikti\\\/\",\"url\":\"https:\\\/\\\/kuzeyinsesi.org\\\/index.php\\\/2025\\\/02\\\/24\\\/direncayin-yeni-yasama-yolculuk-kitabi-cikti\\\/\",\"name\":\"Diren\u00e7ay\u2019\u0131n \u201cYeni Ya\u015fama Yolculuk\u201d kitab\u0131 \u00e7\u0131kt\u0131 - Kuzeyin Sesi\",\"isPartOf\":{\"@id\":\"https:\\\/\\\/kuzeyinsesi.org\\\/#website\"},\"primaryImageOfPage\":{\"@id\":\"https:\\\/\\\/kuzeyinsesi.org\\\/index.php\\\/2025\\\/02\\\/24\\\/direncayin-yeni-yasama-yolculuk-kitabi-cikti\\\/#primaryimage\"},\"image\":{\"@id\":\"https:\\\/\\\/kuzeyinsesi.org\\\/index.php\\\/2025\\\/02\\\/24\\\/direncayin-yeni-yasama-yolculuk-kitabi-cikti\\\/#primaryimage\"},\"thumbnailUrl\":\"https:\\\/\\\/kuzeyinsesi.org\\\/wp-content\\\/uploads\\\/2025\\\/02\\\/oooooooooooooooooo.jpg\",\"datePublished\":\"2025-02-24T13:45:07+00:00\",\"author\":{\"@id\":\"https:\\\/\\\/kuzeyinsesi.org\\\/#\\\/schema\\\/person\\\/9f859689cdf01485597712386e37f5aa\"},\"breadcrumb\":{\"@id\":\"https:\\\/\\\/kuzeyinsesi.org\\\/index.php\\\/2025\\\/02\\\/24\\\/direncayin-yeni-yasama-yolculuk-kitabi-cikti\\\/#breadcrumb\"},\"inLanguage\":\"tr\",\"potentialAction\":[{\"@type\":\"ReadAction\",\"target\":[\"https:\\\/\\\/kuzeyinsesi.org\\\/index.php\\\/2025\\\/02\\\/24\\\/direncayin-yeni-yasama-yolculuk-kitabi-cikti\\\/\"]}]},{\"@type\":\"ImageObject\",\"inLanguage\":\"tr\",\"@id\":\"https:\\\/\\\/kuzeyinsesi.org\\\/index.php\\\/2025\\\/02\\\/24\\\/direncayin-yeni-yasama-yolculuk-kitabi-cikti\\\/#primaryimage\",\"url\":\"https:\\\/\\\/kuzeyinsesi.org\\\/wp-content\\\/uploads\\\/2025\\\/02\\\/oooooooooooooooooo.jpg\",\"contentUrl\":\"https:\\\/\\\/kuzeyinsesi.org\\\/wp-content\\\/uploads\\\/2025\\\/02\\\/oooooooooooooooooo.jpg\",\"width\":852,\"height\":641},{\"@type\":\"BreadcrumbList\",\"@id\":\"https:\\\/\\\/kuzeyinsesi.org\\\/index.php\\\/2025\\\/02\\\/24\\\/direncayin-yeni-yasama-yolculuk-kitabi-cikti\\\/#breadcrumb\",\"itemListElement\":[{\"@type\":\"ListItem\",\"position\":1,\"name\":\"Anasayfa\",\"item\":\"https:\\\/\\\/kuzeyinsesi.org\\\/\"},{\"@type\":\"ListItem\",\"position\":2,\"name\":\"Diren\u00e7ay\u2019\u0131n \u201cYeni Ya\u015fama Yolculuk\u201d kitab\u0131 \u00e7\u0131kt\u0131\"}]},{\"@type\":\"WebSite\",\"@id\":\"https:\\\/\\\/kuzeyinsesi.org\\\/#website\",\"url\":\"https:\\\/\\\/kuzeyinsesi.org\\\/\",\"name\":\"Kuzeyin Sesi\",\"description\":\"Do\u011fru Haberin Adresi\",\"potentialAction\":[{\"@type\":\"SearchAction\",\"target\":{\"@type\":\"EntryPoint\",\"urlTemplate\":\"https:\\\/\\\/kuzeyinsesi.org\\\/?s={search_term_string}\"},\"query-input\":{\"@type\":\"PropertyValueSpecification\",\"valueRequired\":true,\"valueName\":\"search_term_string\"}}],\"inLanguage\":\"tr\"},{\"@type\":\"Person\",\"@id\":\"https:\\\/\\\/kuzeyinsesi.org\\\/#\\\/schema\\\/person\\\/9f859689cdf01485597712386e37f5aa\",\"name\":\"Kuzeyin Sesi\",\"image\":{\"@type\":\"ImageObject\",\"inLanguage\":\"tr\",\"@id\":\"https:\\\/\\\/secure.gravatar.com\\\/avatar\\\/bab33852abfd8b282518d6ed81826833d77c3c882d9ab608add591ccace47a44?s=96&d=mm&r=g\",\"url\":\"https:\\\/\\\/secure.gravatar.com\\\/avatar\\\/bab33852abfd8b282518d6ed81826833d77c3c882d9ab608add591ccace47a44?s=96&d=mm&r=g\",\"contentUrl\":\"https:\\\/\\\/secure.gravatar.com\\\/avatar\\\/bab33852abfd8b282518d6ed81826833d77c3c882d9ab608add591ccace47a44?s=96&d=mm&r=g\",\"caption\":\"Kuzeyin Sesi\"},\"sameAs\":[\"https:\\\/\\\/kuzeyinsesi.org\"],\"url\":\"https:\\\/\\\/kuzeyinsesi.org\\\/index.php\\\/author\\\/guven\\\/\"}]}<\/script>\n<!-- \/ Yoast SEO plugin. -->","yoast_head_json":{"title":"Diren\u00e7ay\u2019\u0131n \u201cYeni Ya\u015fama Yolculuk\u201d kitab\u0131 \u00e7\u0131kt\u0131 - Kuzeyin Sesi","robots":{"index":"index","follow":"follow","max-snippet":"max-snippet:-1","max-image-preview":"max-image-preview:large","max-video-preview":"max-video-preview:-1"},"canonical":"https:\/\/kuzeyinsesi.org\/index.php\/2025\/02\/24\/direncayin-yeni-yasama-yolculuk-kitabi-cikti\/","og_locale":"tr_TR","og_type":"article","og_title":"Diren\u00e7ay\u2019\u0131n \u201cYeni Ya\u015fama Yolculuk\u201d kitab\u0131 \u00e7\u0131kt\u0131 - Kuzeyin Sesi","og_description":"\u00c7e\u015fitli sivil toplum \u00f6rg\u00fctlerinde g\u00f6rev alm\u0131\u015f, eski M\u00fcste\u015far Levent Diren\u00e7ay\u2019\u0131n \u201cYeni Ya\u015fama Yolculuk\u201d isimli yedinci kitab\u0131 \u00e7\u0131kt\u0131. Dorlion Yay\u0131nlar\u0131 taraf\u0131ndan bas\u0131lan kitap, \u00fclkedeki ve T\u00fcrkiye\u2019deki kitap\u00e7\u0131larda sat\u0131\u015fa sunuldu. Kitapta, kanser rahats\u0131zl\u0131\u011f\u0131, sa\u011fl\u0131kl\u0131 ya\u015fama dair bilgi ve d\u00fc\u015f\u00fcnceler, meditasyonlar, \u00e7evre ve do\u011faya ili\u015fkin yaz\u0131lar ile Diren\u00e7ay\u2019\u0131n ya\u015fam\u0131ndan kesitler yer al\u0131yor.","og_url":"https:\/\/kuzeyinsesi.org\/index.php\/2025\/02\/24\/direncayin-yeni-yasama-yolculuk-kitabi-cikti\/","og_site_name":"Kuzeyin Sesi","article_publisher":"https:\/\/www.facebook.com\/kuzeyinsesii","article_published_time":"2025-02-24T13:45:07+00:00","og_image":[{"url":"https:\/\/brtk.net\/wp-content\/uploads\/2025\/02\/24\/oooooooooooooooooo.jpg?ver=f05faa1c12311e913e477b7b0bd314b4","type":"","width":"","height":""}],"author":"Kuzeyin Sesi","twitter_card":"summary_large_image","twitter_creator":"@kuzeyinsesii","twitter_site":"@kuzeyinsesii","twitter_misc":{"Yazan:":"Kuzeyin Sesi"},"schema":{"@context":"https:\/\/schema.org","@graph":[{"@type":"Article","@id":"https:\/\/kuzeyinsesi.org\/index.php\/2025\/02\/24\/direncayin-yeni-yasama-yolculuk-kitabi-cikti\/#article","isPartOf":{"@id":"https:\/\/kuzeyinsesi.org\/index.php\/2025\/02\/24\/direncayin-yeni-yasama-yolculuk-kitabi-cikti\/"},"author":{"name":"Kuzeyin Sesi","@id":"https:\/\/kuzeyinsesi.org\/#\/schema\/person\/9f859689cdf01485597712386e37f5aa"},"headline":"Diren\u00e7ay\u2019\u0131n \u201cYeni Ya\u015fama Yolculuk\u201d kitab\u0131 \u00e7\u0131kt\u0131","datePublished":"2025-02-24T13:45:07+00:00","mainEntityOfPage":{"@id":"https:\/\/kuzeyinsesi.org\/index.php\/2025\/02\/24\/direncayin-yeni-yasama-yolculuk-kitabi-cikti\/"},"wordCount":86,"commentCount":0,"image":{"@id":"https:\/\/kuzeyinsesi.org\/index.php\/2025\/02\/24\/direncayin-yeni-yasama-yolculuk-kitabi-cikti\/#primaryimage"},"thumbnailUrl":"https:\/\/kuzeyinsesi.org\/wp-content\/uploads\/2025\/02\/oooooooooooooooooo.jpg","articleSection":["Ya\u015fam"],"inLanguage":"tr","potentialAction":[{"@type":"CommentAction","name":"Comment","target":["https:\/\/kuzeyinsesi.org\/index.php\/2025\/02\/24\/direncayin-yeni-yasama-yolculuk-kitabi-cikti\/#respond"]}]},{"@type":"WebPage","@id":"https:\/\/kuzeyinsesi.org\/index.php\/2025\/02\/24\/direncayin-yeni-yasama-yolculuk-kitabi-cikti\/","url":"https:\/\/kuzeyinsesi.org\/index.php\/2025\/02\/24\/direncayin-yeni-yasama-yolculuk-kitabi-cikti\/","name":"Diren\u00e7ay\u2019\u0131n \u201cYeni Ya\u015fama Yolculuk\u201d kitab\u0131 \u00e7\u0131kt\u0131 - Kuzeyin Sesi","isPartOf":{"@id":"https:\/\/kuzeyinsesi.org\/#website"},"primaryImageOfPage":{"@id":"https:\/\/kuzeyinsesi.org\/index.php\/2025\/02\/24\/direncayin-yeni-yasama-yolculuk-kitabi-cikti\/#primaryimage"},"image":{"@id":"https:\/\/kuzeyinsesi.org\/index.php\/2025\/02\/24\/direncayin-yeni-yasama-yolculuk-kitabi-cikti\/#primaryimage"},"thumbnailUrl":"https:\/\/kuzeyinsesi.org\/wp-content\/uploads\/2025\/02\/oooooooooooooooooo.jpg","datePublished":"2025-02-24T13:45:07+00:00","author":{"@id":"https:\/\/kuzeyinsesi.org\/#\/schema\/person\/9f859689cdf01485597712386e37f5aa"},"breadcrumb":{"@id":"https:\/\/kuzeyinsesi.org\/index.php\/2025\/02\/24\/direncayin-yeni-yasama-yolculuk-kitabi-cikti\/#breadcrumb"},"inLanguage":"tr","potentialAction":[{"@type":"ReadAction","target":["https:\/\/kuzeyinsesi.org\/index.php\/2025\/02\/24\/direncayin-yeni-yasama-yolculuk-kitabi-cikti\/"]}]},{"@type":"ImageObject","inLanguage":"tr","@id":"https:\/\/kuzeyinsesi.org\/index.php\/2025\/02\/24\/direncayin-yeni-yasama-yolculuk-kitabi-cikti\/#primaryimage","url":"https:\/\/kuzeyinsesi.org\/wp-content\/uploads\/2025\/02\/oooooooooooooooooo.jpg","contentUrl":"https:\/\/kuzeyinsesi.org\/wp-content\/uploads\/2025\/02\/oooooooooooooooooo.jpg","width":852,"height":641},{"@type":"BreadcrumbList","@id":"https:\/\/kuzeyinsesi.org\/index.php\/2025\/02\/24\/direncayin-yeni-yasama-yolculuk-kitabi-cikti\/#breadcrumb","itemListElement":[{"@type":"ListItem","position":1,"name":"Anasayfa","item":"https:\/\/kuzeyinsesi.org\/"},{"@type":"ListItem","position":2,"name":"Diren\u00e7ay\u2019\u0131n \u201cYeni Ya\u015fama Yolculuk\u201d kitab\u0131 \u00e7\u0131kt\u0131"}]},{"@type":"WebSite","@id":"https:\/\/kuzeyinsesi.org\/#website","url":"https:\/\/kuzeyinsesi.org\/","name":"Kuzeyin Sesi","description":"Do\u011fru Haberin Adresi","potentialAction":[{"@type":"SearchAction","target":{"@type":"EntryPoint","urlTemplate":"https:\/\/kuzeyinsesi.org\/?s={search_term_string}"},"query-input":{"@type":"PropertyValueSpecification","valueRequired":true,"valueName":"search_term_string"}}],"inLanguage":"tr"},{"@type":"Person","@id":"https:\/\/kuzeyinsesi.org\/#\/schema\/person\/9f859689cdf01485597712386e37f5aa","name":"Kuzeyin Sesi","image":{"@type":"ImageObject","inLanguage":"tr","@id":"https:\/\/secure.gravatar.com\/avatar\/bab33852abfd8b282518d6ed81826833d77c3c882d9ab608add591ccace47a44?s=96&d=mm&r=g","url":"https:\/\/secure.gravatar.com\/avatar\/bab33852abfd8b282518d6ed81826833d77c3c882d9ab608add591ccace47a44?s=96&d=mm&r=g","contentUrl":"https:\/\/secure.gravatar.com\/avatar\/bab33852abfd8b282518d6ed81826833d77c3c882d9ab608add591ccace47a44?s=96&d=mm&r=g","caption":"Kuzeyin Sesi"},"sameAs":["https:\/\/kuzeyinsesi.org"],"url":"https:\/\/kuzeyinsesi.org\/index.php\/author\/guven\/"}]}},"_links":{"self":[{"href":"https:\/\/kuzeyinsesi.org\/index.php\/wp-json\/wp\/v2\/posts\/19659","targetHints":{"allow":["GET"]}}],"collection":[{"href":"https:\/\/kuzeyinsesi.org\/index.php\/wp-json\/wp\/v2\/posts"}],"about":[{"href":"https:\/\/kuzeyinsesi.org\/index.php\/wp-json\/wp\/v2\/types\/post"}],"author":[{"embeddable":true,"href":"https:\/\/kuzeyinsesi.org\/index.php\/wp-json\/wp\/v2\/users\/1"}],"replies":[{"embeddable":true,"href":"https:\/\/kuzeyinsesi.org\/index.php\/wp-json\/wp\/v2\/comments?post=19659"}],"version-history":[{"count":0,"href":"https:\/\/kuzeyinsesi.org\/index.php\/wp-json\/wp\/v2\/posts\/19659\/revisions"}],"wp:featuredmedia":[{"embeddable":true,"href":"https:\/\/kuzeyinsesi.org\/index.php\/wp-json\/wp\/v2\/media\/19660"}],"wp:attachment":[{"href":"https:\/\/kuzeyinsesi.org\/index.php\/wp-json\/wp\/v2\/media?parent=19659"}],"wp:term":[{"taxonomy":"category","embeddable":true,"href":"https:\/\/kuzeyinsesi.org\/index.php\/wp-json\/wp\/v2\/categories?post=19659"},{"taxonomy":"post_tag","embeddable":true,"href":"https:\/\/kuzeyinsesi.org\/index.php\/wp-json\/wp\/v2\/tags?post=19659"}],"curies":[{"name":"wp","href":"https:\/\/api.w.org\/{rel}","templated":true}]}}