{"id":19651,"date":"2025-02-24T14:43:19","date_gmt":"2025-02-24T12:43:19","guid":{"rendered":"https:\/\/kuzeyinsesi.org\/index.php\/2025\/02\/24\/yarim-canlar-destani-gazimagusada-sahnelendi\/"},"modified":"2025-02-24T14:43:19","modified_gmt":"2025-02-24T12:43:19","slug":"yarim-canlar-destani-gazimagusada-sahnelendi","status":"publish","type":"post","link":"https:\/\/kuzeyinsesi.org\/index.php\/2025\/02\/24\/yarim-canlar-destani-gazimagusada-sahnelendi\/","title":{"rendered":"\u201cYar\u0131m Canlar Destan\u0131\u201d Gazima\u011fusa\u2019da sahnelendi"},"content":{"rendered":"<div>\n<div class=\"mariselle-image-container center\">\n                                            <\/div>\n<p>Girne Tiyatro Su ile Alt\u0131 \u00dcst\u00fc Kabare ortak prod\u00fcksiyonu olan \u201cYar\u0131m Canlar Destan\u0131\u201d Gazima\u011fusa\u2019da Rauf Raif Denkta\u015f K\u00fclt\u00fcr ve Kongre Merkezi\u2019nde (K\u00dcKOM) sahnelendi.<\/p>\n<p>Gazima\u011fusa Belediyesi\u2019nden yap\u0131lan a\u00e7\u0131klamaya g\u00f6re, belediyenin himayesindeki oyun, sanatseverler taraf\u0131ndan ilgi g\u00f6rd\u00fc, ayakta alk\u0131\u015fland\u0131.<\/p>\n<p>Bur\u00e7han G\u00f6ze\u2019nin yaz\u0131p y\u00f6netti\u011fi, \u00d6zge G\u00fcnay G\u00f6ze\u2019nin yard\u0131mc\u0131 y\u00f6netmenli\u011fini \u00fcstlendi\u011fi oyun, Derman Atik\u2019in ya\u015fam\u0131 \u00f6zne olarak se\u00e7ilip, K\u0131br\u0131s\u2019ta ya\u015fananlar\u0131 ve bu ya\u015fananlar s\u0131ras\u0131nda d\u00fcnyan\u0131n ne yapt\u0131\u011f\u0131n\u0131 konu al\u0131yor.<\/p>\n<p>Esel Fatma T\u00fcney\u2019in reji asistan\u0131, Nur\u00e7in T\u00fcney\u2019in sahne amiri olarak g\u00f6rev yapt\u0131\u011f\u0131 oyunda, \u0131\u015f\u0131k uygulamas\u0131n\u0131 ise Mehmet Sayg\u0131er \u00fcstlendi.<\/p>\n<p>Cenk G\u00fcr\u00e7a\u011f, Derman Atik ve \u0130lk\u015fen Varo\u011flu Atik\u2019in rol ald\u0131\u011f\u0131 oyunda, Cemile G\u00fcr\u00e7a\u011f ve \u0130lde Atik de solist olarak yer ald\u0131.<\/p>\n<\/p><\/div>\n<p><script async\n                    defer\n                    crossorigin=\"anonymous\"\n                    src=\"https:\/\/connect.facebook.net\/tr_TR\/sdk.js#xfbml=1&#038;version=v3.3\"\n            ><\/script><\/p>\n","protected":false},"excerpt":{"rendered":"<p>Girne Tiyatro Su ile Alt\u0131 \u00dcst\u00fc Kabare ortak prod\u00fcksiyonu olan \u201cYar\u0131m Canlar Destan\u0131\u201d Gazima\u011fusa\u2019da Rauf Raif Denkta\u015f K\u00fclt\u00fcr ve Kongre Merkezi\u2019nde (K\u00dcKOM) sahnelendi. Gazima\u011fusa Belediyesi\u2019nden yap\u0131lan a\u00e7\u0131klamaya g\u00f6re, belediyenin himayesindeki oyun, sanatseverler taraf\u0131ndan ilgi g\u00f6rd\u00fc, ayakta alk\u0131\u015fland\u0131. Bur\u00e7han G\u00f6ze\u2019nin yaz\u0131p y\u00f6netti\u011fi, \u00d6zge G\u00fcnay G\u00f6ze\u2019nin yard\u0131mc\u0131 y\u00f6netmenli\u011fini \u00fcstlendi\u011fi oyun, Derman Atik\u2019in ya\u015fam\u0131 \u00f6zne olarak se\u00e7ilip, K\u0131br\u0131s\u2019ta [&hellip;]<\/p>\n","protected":false},"author":1,"featured_media":19652,"comment_status":"open","ping_status":"open","sticky":false,"template":"","format":"standard","meta":{"jnews-multi-image_gallery":[],"jnews_single_post":[],"jnews_primary_category":[],"jnews_social_meta":[],"jnews_override_counter":[],"footnotes":""},"categories":[6],"tags":[],"class_list":["post-19651","post","type-post","status-publish","format-standard","has-post-thumbnail","hentry","category-yasam"],"yoast_head":"<!-- This site is optimized with the Yoast SEO plugin v27.4 - https:\/\/yoast.com\/product\/yoast-seo-wordpress\/ -->\n<title>\u201cYar\u0131m Canlar Destan\u0131\u201d Gazima\u011fusa\u2019da sahnelendi - Kuzeyin Sesi<\/title>\n<meta name=\"robots\" content=\"index, follow, max-snippet:-1, max-image-preview:large, max-video-preview:-1\" \/>\n<link rel=\"canonical\" href=\"https:\/\/kuzeyinsesi.org\/index.php\/2025\/02\/24\/yarim-canlar-destani-gazimagusada-sahnelendi\/\" \/>\n<meta property=\"og:locale\" content=\"tr_TR\" \/>\n<meta property=\"og:type\" content=\"article\" \/>\n<meta property=\"og:title\" content=\"\u201cYar\u0131m Canlar Destan\u0131\u201d Gazima\u011fusa\u2019da sahnelendi - Kuzeyin Sesi\" \/>\n<meta property=\"og:description\" content=\"Girne Tiyatro Su ile Alt\u0131 \u00dcst\u00fc Kabare ortak prod\u00fcksiyonu olan \u201cYar\u0131m Canlar Destan\u0131\u201d Gazima\u011fusa\u2019da Rauf Raif Denkta\u015f K\u00fclt\u00fcr ve Kongre Merkezi\u2019nde (K\u00dcKOM) sahnelendi. Gazima\u011fusa Belediyesi\u2019nden yap\u0131lan a\u00e7\u0131klamaya g\u00f6re, belediyenin himayesindeki oyun, sanatseverler taraf\u0131ndan ilgi g\u00f6rd\u00fc, ayakta alk\u0131\u015fland\u0131. Bur\u00e7han G\u00f6ze\u2019nin yaz\u0131p y\u00f6netti\u011fi, \u00d6zge G\u00fcnay G\u00f6ze\u2019nin yard\u0131mc\u0131 y\u00f6netmenli\u011fini \u00fcstlendi\u011fi oyun, Derman Atik\u2019in ya\u015fam\u0131 \u00f6zne olarak se\u00e7ilip, K\u0131br\u0131s\u2019ta [&hellip;]\" \/>\n<meta property=\"og:url\" content=\"https:\/\/kuzeyinsesi.org\/index.php\/2025\/02\/24\/yarim-canlar-destani-gazimagusada-sahnelendi\/\" \/>\n<meta property=\"og:site_name\" content=\"Kuzeyin Sesi\" \/>\n<meta property=\"article:publisher\" content=\"https:\/\/www.facebook.com\/kuzeyinsesii\" \/>\n<meta property=\"article:published_time\" content=\"2025-02-24T12:43:19+00:00\" \/>\n<meta property=\"og:image\" content=\"https:\/\/brtk.net\/wp-content\/uploads\/2025\/02\/24\/80980980.jpeg?ver=dba121a1847a42d62ffe9577b0a17c27\" \/>\n<meta name=\"author\" content=\"Kuzeyin Sesi\" \/>\n<meta name=\"twitter:card\" content=\"summary_large_image\" \/>\n<meta name=\"twitter:creator\" content=\"@kuzeyinsesii\" \/>\n<meta name=\"twitter:site\" content=\"@kuzeyinsesii\" \/>\n<meta name=\"twitter:label1\" content=\"Yazan:\" \/>\n\t<meta name=\"twitter:data1\" content=\"Kuzeyin Sesi\" \/>\n\t<meta name=\"twitter:label2\" content=\"Tahmini okuma s\u00fcresi\" \/>\n\t<meta name=\"twitter:data2\" content=\"1 dakika\" \/>\n<script type=\"application\/ld+json\" class=\"yoast-schema-graph\">{\"@context\":\"https:\\\/\\\/schema.org\",\"@graph\":[{\"@type\":\"Article\",\"@id\":\"https:\\\/\\\/kuzeyinsesi.org\\\/index.php\\\/2025\\\/02\\\/24\\\/yarim-canlar-destani-gazimagusada-sahnelendi\\\/#article\",\"isPartOf\":{\"@id\":\"https:\\\/\\\/kuzeyinsesi.org\\\/index.php\\\/2025\\\/02\\\/24\\\/yarim-canlar-destani-gazimagusada-sahnelendi\\\/\"},\"author\":{\"name\":\"Kuzeyin Sesi\",\"@id\":\"https:\\\/\\\/kuzeyinsesi.org\\\/#\\\/schema\\\/person\\\/9f859689cdf01485597712386e37f5aa\"},\"headline\":\"\u201cYar\u0131m Canlar Destan\u0131\u201d Gazima\u011fusa\u2019da sahnelendi\",\"datePublished\":\"2025-02-24T12:43:19+00:00\",\"mainEntityOfPage\":{\"@id\":\"https:\\\/\\\/kuzeyinsesi.org\\\/index.php\\\/2025\\\/02\\\/24\\\/yarim-canlar-destani-gazimagusada-sahnelendi\\\/\"},\"wordCount\":171,\"commentCount\":0,\"image\":{\"@id\":\"https:\\\/\\\/kuzeyinsesi.org\\\/index.php\\\/2025\\\/02\\\/24\\\/yarim-canlar-destani-gazimagusada-sahnelendi\\\/#primaryimage\"},\"thumbnailUrl\":\"https:\\\/\\\/kuzeyinsesi.org\\\/wp-content\\\/uploads\\\/2025\\\/02\\\/80980980.jpeg\",\"articleSection\":[\"Ya\u015fam\"],\"inLanguage\":\"tr\",\"potentialAction\":[{\"@type\":\"CommentAction\",\"name\":\"Comment\",\"target\":[\"https:\\\/\\\/kuzeyinsesi.org\\\/index.php\\\/2025\\\/02\\\/24\\\/yarim-canlar-destani-gazimagusada-sahnelendi\\\/#respond\"]}]},{\"@type\":\"WebPage\",\"@id\":\"https:\\\/\\\/kuzeyinsesi.org\\\/index.php\\\/2025\\\/02\\\/24\\\/yarim-canlar-destani-gazimagusada-sahnelendi\\\/\",\"url\":\"https:\\\/\\\/kuzeyinsesi.org\\\/index.php\\\/2025\\\/02\\\/24\\\/yarim-canlar-destani-gazimagusada-sahnelendi\\\/\",\"name\":\"\u201cYar\u0131m Canlar Destan\u0131\u201d Gazima\u011fusa\u2019da sahnelendi - Kuzeyin Sesi\",\"isPartOf\":{\"@id\":\"https:\\\/\\\/kuzeyinsesi.org\\\/#website\"},\"primaryImageOfPage\":{\"@id\":\"https:\\\/\\\/kuzeyinsesi.org\\\/index.php\\\/2025\\\/02\\\/24\\\/yarim-canlar-destani-gazimagusada-sahnelendi\\\/#primaryimage\"},\"image\":{\"@id\":\"https:\\\/\\\/kuzeyinsesi.org\\\/index.php\\\/2025\\\/02\\\/24\\\/yarim-canlar-destani-gazimagusada-sahnelendi\\\/#primaryimage\"},\"thumbnailUrl\":\"https:\\\/\\\/kuzeyinsesi.org\\\/wp-content\\\/uploads\\\/2025\\\/02\\\/80980980.jpeg\",\"datePublished\":\"2025-02-24T12:43:19+00:00\",\"author\":{\"@id\":\"https:\\\/\\\/kuzeyinsesi.org\\\/#\\\/schema\\\/person\\\/9f859689cdf01485597712386e37f5aa\"},\"breadcrumb\":{\"@id\":\"https:\\\/\\\/kuzeyinsesi.org\\\/index.php\\\/2025\\\/02\\\/24\\\/yarim-canlar-destani-gazimagusada-sahnelendi\\\/#breadcrumb\"},\"inLanguage\":\"tr\",\"potentialAction\":[{\"@type\":\"ReadAction\",\"target\":[\"https:\\\/\\\/kuzeyinsesi.org\\\/index.php\\\/2025\\\/02\\\/24\\\/yarim-canlar-destani-gazimagusada-sahnelendi\\\/\"]}]},{\"@type\":\"ImageObject\",\"inLanguage\":\"tr\",\"@id\":\"https:\\\/\\\/kuzeyinsesi.org\\\/index.php\\\/2025\\\/02\\\/24\\\/yarim-canlar-destani-gazimagusada-sahnelendi\\\/#primaryimage\",\"url\":\"https:\\\/\\\/kuzeyinsesi.org\\\/wp-content\\\/uploads\\\/2025\\\/02\\\/80980980.jpeg\",\"contentUrl\":\"https:\\\/\\\/kuzeyinsesi.org\\\/wp-content\\\/uploads\\\/2025\\\/02\\\/80980980.jpeg\",\"width\":1600,\"height\":1200},{\"@type\":\"BreadcrumbList\",\"@id\":\"https:\\\/\\\/kuzeyinsesi.org\\\/index.php\\\/2025\\\/02\\\/24\\\/yarim-canlar-destani-gazimagusada-sahnelendi\\\/#breadcrumb\",\"itemListElement\":[{\"@type\":\"ListItem\",\"position\":1,\"name\":\"Anasayfa\",\"item\":\"https:\\\/\\\/kuzeyinsesi.org\\\/\"},{\"@type\":\"ListItem\",\"position\":2,\"name\":\"\u201cYar\u0131m Canlar Destan\u0131\u201d Gazima\u011fusa\u2019da sahnelendi\"}]},{\"@type\":\"WebSite\",\"@id\":\"https:\\\/\\\/kuzeyinsesi.org\\\/#website\",\"url\":\"https:\\\/\\\/kuzeyinsesi.org\\\/\",\"name\":\"Kuzeyin Sesi\",\"description\":\"Do\u011fru Haberin Adresi\",\"potentialAction\":[{\"@type\":\"SearchAction\",\"target\":{\"@type\":\"EntryPoint\",\"urlTemplate\":\"https:\\\/\\\/kuzeyinsesi.org\\\/?s={search_term_string}\"},\"query-input\":{\"@type\":\"PropertyValueSpecification\",\"valueRequired\":true,\"valueName\":\"search_term_string\"}}],\"inLanguage\":\"tr\"},{\"@type\":\"Person\",\"@id\":\"https:\\\/\\\/kuzeyinsesi.org\\\/#\\\/schema\\\/person\\\/9f859689cdf01485597712386e37f5aa\",\"name\":\"Kuzeyin Sesi\",\"image\":{\"@type\":\"ImageObject\",\"inLanguage\":\"tr\",\"@id\":\"https:\\\/\\\/secure.gravatar.com\\\/avatar\\\/bab33852abfd8b282518d6ed81826833d77c3c882d9ab608add591ccace47a44?s=96&d=mm&r=g\",\"url\":\"https:\\\/\\\/secure.gravatar.com\\\/avatar\\\/bab33852abfd8b282518d6ed81826833d77c3c882d9ab608add591ccace47a44?s=96&d=mm&r=g\",\"contentUrl\":\"https:\\\/\\\/secure.gravatar.com\\\/avatar\\\/bab33852abfd8b282518d6ed81826833d77c3c882d9ab608add591ccace47a44?s=96&d=mm&r=g\",\"caption\":\"Kuzeyin Sesi\"},\"sameAs\":[\"https:\\\/\\\/kuzeyinsesi.org\"],\"url\":\"https:\\\/\\\/kuzeyinsesi.org\\\/index.php\\\/author\\\/guven\\\/\"}]}<\/script>\n<!-- \/ Yoast SEO plugin. -->","yoast_head_json":{"title":"\u201cYar\u0131m Canlar Destan\u0131\u201d Gazima\u011fusa\u2019da sahnelendi - Kuzeyin Sesi","robots":{"index":"index","follow":"follow","max-snippet":"max-snippet:-1","max-image-preview":"max-image-preview:large","max-video-preview":"max-video-preview:-1"},"canonical":"https:\/\/kuzeyinsesi.org\/index.php\/2025\/02\/24\/yarim-canlar-destani-gazimagusada-sahnelendi\/","og_locale":"tr_TR","og_type":"article","og_title":"\u201cYar\u0131m Canlar Destan\u0131\u201d Gazima\u011fusa\u2019da sahnelendi - Kuzeyin Sesi","og_description":"Girne Tiyatro Su ile Alt\u0131 \u00dcst\u00fc Kabare ortak prod\u00fcksiyonu olan \u201cYar\u0131m Canlar Destan\u0131\u201d Gazima\u011fusa\u2019da Rauf Raif Denkta\u015f K\u00fclt\u00fcr ve Kongre Merkezi\u2019nde (K\u00dcKOM) sahnelendi. Gazima\u011fusa Belediyesi\u2019nden yap\u0131lan a\u00e7\u0131klamaya g\u00f6re, belediyenin himayesindeki oyun, sanatseverler taraf\u0131ndan ilgi g\u00f6rd\u00fc, ayakta alk\u0131\u015fland\u0131. Bur\u00e7han G\u00f6ze\u2019nin yaz\u0131p y\u00f6netti\u011fi, \u00d6zge G\u00fcnay G\u00f6ze\u2019nin yard\u0131mc\u0131 y\u00f6netmenli\u011fini \u00fcstlendi\u011fi oyun, Derman Atik\u2019in ya\u015fam\u0131 \u00f6zne olarak se\u00e7ilip, K\u0131br\u0131s\u2019ta [&hellip;]","og_url":"https:\/\/kuzeyinsesi.org\/index.php\/2025\/02\/24\/yarim-canlar-destani-gazimagusada-sahnelendi\/","og_site_name":"Kuzeyin Sesi","article_publisher":"https:\/\/www.facebook.com\/kuzeyinsesii","article_published_time":"2025-02-24T12:43:19+00:00","og_image":[{"url":"https:\/\/brtk.net\/wp-content\/uploads\/2025\/02\/24\/80980980.jpeg?ver=dba121a1847a42d62ffe9577b0a17c27","type":"","width":"","height":""}],"author":"Kuzeyin Sesi","twitter_card":"summary_large_image","twitter_creator":"@kuzeyinsesii","twitter_site":"@kuzeyinsesii","twitter_misc":{"Yazan:":"Kuzeyin Sesi","Tahmini okuma s\u00fcresi":"1 dakika"},"schema":{"@context":"https:\/\/schema.org","@graph":[{"@type":"Article","@id":"https:\/\/kuzeyinsesi.org\/index.php\/2025\/02\/24\/yarim-canlar-destani-gazimagusada-sahnelendi\/#article","isPartOf":{"@id":"https:\/\/kuzeyinsesi.org\/index.php\/2025\/02\/24\/yarim-canlar-destani-gazimagusada-sahnelendi\/"},"author":{"name":"Kuzeyin Sesi","@id":"https:\/\/kuzeyinsesi.org\/#\/schema\/person\/9f859689cdf01485597712386e37f5aa"},"headline":"\u201cYar\u0131m Canlar Destan\u0131\u201d Gazima\u011fusa\u2019da sahnelendi","datePublished":"2025-02-24T12:43:19+00:00","mainEntityOfPage":{"@id":"https:\/\/kuzeyinsesi.org\/index.php\/2025\/02\/24\/yarim-canlar-destani-gazimagusada-sahnelendi\/"},"wordCount":171,"commentCount":0,"image":{"@id":"https:\/\/kuzeyinsesi.org\/index.php\/2025\/02\/24\/yarim-canlar-destani-gazimagusada-sahnelendi\/#primaryimage"},"thumbnailUrl":"https:\/\/kuzeyinsesi.org\/wp-content\/uploads\/2025\/02\/80980980.jpeg","articleSection":["Ya\u015fam"],"inLanguage":"tr","potentialAction":[{"@type":"CommentAction","name":"Comment","target":["https:\/\/kuzeyinsesi.org\/index.php\/2025\/02\/24\/yarim-canlar-destani-gazimagusada-sahnelendi\/#respond"]}]},{"@type":"WebPage","@id":"https:\/\/kuzeyinsesi.org\/index.php\/2025\/02\/24\/yarim-canlar-destani-gazimagusada-sahnelendi\/","url":"https:\/\/kuzeyinsesi.org\/index.php\/2025\/02\/24\/yarim-canlar-destani-gazimagusada-sahnelendi\/","name":"\u201cYar\u0131m Canlar Destan\u0131\u201d Gazima\u011fusa\u2019da sahnelendi - Kuzeyin Sesi","isPartOf":{"@id":"https:\/\/kuzeyinsesi.org\/#website"},"primaryImageOfPage":{"@id":"https:\/\/kuzeyinsesi.org\/index.php\/2025\/02\/24\/yarim-canlar-destani-gazimagusada-sahnelendi\/#primaryimage"},"image":{"@id":"https:\/\/kuzeyinsesi.org\/index.php\/2025\/02\/24\/yarim-canlar-destani-gazimagusada-sahnelendi\/#primaryimage"},"thumbnailUrl":"https:\/\/kuzeyinsesi.org\/wp-content\/uploads\/2025\/02\/80980980.jpeg","datePublished":"2025-02-24T12:43:19+00:00","author":{"@id":"https:\/\/kuzeyinsesi.org\/#\/schema\/person\/9f859689cdf01485597712386e37f5aa"},"breadcrumb":{"@id":"https:\/\/kuzeyinsesi.org\/index.php\/2025\/02\/24\/yarim-canlar-destani-gazimagusada-sahnelendi\/#breadcrumb"},"inLanguage":"tr","potentialAction":[{"@type":"ReadAction","target":["https:\/\/kuzeyinsesi.org\/index.php\/2025\/02\/24\/yarim-canlar-destani-gazimagusada-sahnelendi\/"]}]},{"@type":"ImageObject","inLanguage":"tr","@id":"https:\/\/kuzeyinsesi.org\/index.php\/2025\/02\/24\/yarim-canlar-destani-gazimagusada-sahnelendi\/#primaryimage","url":"https:\/\/kuzeyinsesi.org\/wp-content\/uploads\/2025\/02\/80980980.jpeg","contentUrl":"https:\/\/kuzeyinsesi.org\/wp-content\/uploads\/2025\/02\/80980980.jpeg","width":1600,"height":1200},{"@type":"BreadcrumbList","@id":"https:\/\/kuzeyinsesi.org\/index.php\/2025\/02\/24\/yarim-canlar-destani-gazimagusada-sahnelendi\/#breadcrumb","itemListElement":[{"@type":"ListItem","position":1,"name":"Anasayfa","item":"https:\/\/kuzeyinsesi.org\/"},{"@type":"ListItem","position":2,"name":"\u201cYar\u0131m Canlar Destan\u0131\u201d Gazima\u011fusa\u2019da sahnelendi"}]},{"@type":"WebSite","@id":"https:\/\/kuzeyinsesi.org\/#website","url":"https:\/\/kuzeyinsesi.org\/","name":"Kuzeyin Sesi","description":"Do\u011fru Haberin Adresi","potentialAction":[{"@type":"SearchAction","target":{"@type":"EntryPoint","urlTemplate":"https:\/\/kuzeyinsesi.org\/?s={search_term_string}"},"query-input":{"@type":"PropertyValueSpecification","valueRequired":true,"valueName":"search_term_string"}}],"inLanguage":"tr"},{"@type":"Person","@id":"https:\/\/kuzeyinsesi.org\/#\/schema\/person\/9f859689cdf01485597712386e37f5aa","name":"Kuzeyin Sesi","image":{"@type":"ImageObject","inLanguage":"tr","@id":"https:\/\/secure.gravatar.com\/avatar\/bab33852abfd8b282518d6ed81826833d77c3c882d9ab608add591ccace47a44?s=96&d=mm&r=g","url":"https:\/\/secure.gravatar.com\/avatar\/bab33852abfd8b282518d6ed81826833d77c3c882d9ab608add591ccace47a44?s=96&d=mm&r=g","contentUrl":"https:\/\/secure.gravatar.com\/avatar\/bab33852abfd8b282518d6ed81826833d77c3c882d9ab608add591ccace47a44?s=96&d=mm&r=g","caption":"Kuzeyin Sesi"},"sameAs":["https:\/\/kuzeyinsesi.org"],"url":"https:\/\/kuzeyinsesi.org\/index.php\/author\/guven\/"}]}},"_links":{"self":[{"href":"https:\/\/kuzeyinsesi.org\/index.php\/wp-json\/wp\/v2\/posts\/19651","targetHints":{"allow":["GET"]}}],"collection":[{"href":"https:\/\/kuzeyinsesi.org\/index.php\/wp-json\/wp\/v2\/posts"}],"about":[{"href":"https:\/\/kuzeyinsesi.org\/index.php\/wp-json\/wp\/v2\/types\/post"}],"author":[{"embeddable":true,"href":"https:\/\/kuzeyinsesi.org\/index.php\/wp-json\/wp\/v2\/users\/1"}],"replies":[{"embeddable":true,"href":"https:\/\/kuzeyinsesi.org\/index.php\/wp-json\/wp\/v2\/comments?post=19651"}],"version-history":[{"count":0,"href":"https:\/\/kuzeyinsesi.org\/index.php\/wp-json\/wp\/v2\/posts\/19651\/revisions"}],"wp:featuredmedia":[{"embeddable":true,"href":"https:\/\/kuzeyinsesi.org\/index.php\/wp-json\/wp\/v2\/media\/19652"}],"wp:attachment":[{"href":"https:\/\/kuzeyinsesi.org\/index.php\/wp-json\/wp\/v2\/media?parent=19651"}],"wp:term":[{"taxonomy":"category","embeddable":true,"href":"https:\/\/kuzeyinsesi.org\/index.php\/wp-json\/wp\/v2\/categories?post=19651"},{"taxonomy":"post_tag","embeddable":true,"href":"https:\/\/kuzeyinsesi.org\/index.php\/wp-json\/wp\/v2\/tags?post=19651"}],"curies":[{"name":"wp","href":"https:\/\/api.w.org\/{rel}","templated":true}]}}