{"id":19613,"date":"2025-02-23T17:30:07","date_gmt":"2025-02-23T15:30:07","guid":{"rendered":"https:\/\/kuzeyinsesi.org\/index.php\/2025\/02\/23\/ustel-yeniden-ak-parti-genel-baskani-secilen-erdogani-tebrik-etti\/"},"modified":"2025-02-23T17:30:07","modified_gmt":"2025-02-23T15:30:07","slug":"ustel-yeniden-ak-parti-genel-baskani-secilen-erdogani-tebrik-etti","status":"publish","type":"post","link":"https:\/\/kuzeyinsesi.org\/index.php\/2025\/02\/23\/ustel-yeniden-ak-parti-genel-baskani-secilen-erdogani-tebrik-etti\/","title":{"rendered":"\u00dcstel, yeniden AK Parti Genel Ba\u015fkan\u0131 se\u00e7ilen Erdo\u011fan\u2019\u0131 tebrik etti"},"content":{"rendered":"<div>\n<div class=\"mariselle-image-container center\">\n                                            <\/div>\n<p>Ba\u015fbakan \u00dcnal \u00dcstel, yeniden AK Parti Genel Ba\u015fkan\u0131 se\u00e7ilen TC Cumhurba\u015fkan\u0131 Recep Tayyip Erdo\u011fan\u2019\u0131 tebrik etti.<\/p>\n<p>Ba\u015fbakan \u00dcstel, tebrik mesaj\u0131nda \u015funlar\u0131 kaydetti:<br \/>\u201cAK Parti 8. Ola\u011fan B\u00fcy\u00fck Kongresi\u2019nde  yeniden genel ba\u015fkan se\u00e7ilen Anavatan T\u00fcrkiye Cumhuriyeti Cumhurba\u015fkan\u0131 Say\u0131n Recep Tayyip Erdo\u011fan\u2019\u0131, partim, h\u00fck\u00fcmetim ve halk\u0131m ad\u0131na y\u00fcrekten tebrik ediyorum.<\/p>\n<p>Eminim ki, Say\u0131n Erdo\u011fan Liderli\u011findeki AK Parti ve Anavatan T\u00fcrkiye Cumhuriyeti yeni d\u00f6nemde de d\u00fcnyan\u0131n s\u00fcper g\u00fcc\u00fc olma yolundaki g\u00fc\u00e7l\u00fc ve kararl\u0131 ad\u0131mlar\u0131na devam edecektir.<\/p>\n<p>Anavatan T\u00fcrkiyemiz ile KKTC aras\u0131ndaki sars\u0131lmaz birliktelik ve ba\u011flar\u0131n \u00f6n\u00fcm\u00fczdeki d\u00f6nemde daha da g\u00fc\u00e7lenerek devam edece\u011fine olan  inanc\u0131m\u0131 vurgularken, kongrenin T\u00fcrk milletine hay\u0131rl\u0131 olmas\u0131n\u0131 dilerim.\u201d<\/p>\n<\/p><\/div>\n<p><script async\n                    defer\n                    crossorigin=\"anonymous\"\n                    src=\"https:\/\/connect.facebook.net\/tr_TR\/sdk.js#xfbml=1&#038;version=v3.3\"\n            ><\/script><\/p>\n","protected":false},"excerpt":{"rendered":"<p>Ba\u015fbakan \u00dcnal \u00dcstel, yeniden AK Parti Genel Ba\u015fkan\u0131 se\u00e7ilen TC Cumhurba\u015fkan\u0131 Recep Tayyip Erdo\u011fan\u2019\u0131 tebrik etti. Ba\u015fbakan \u00dcstel, tebrik mesaj\u0131nda \u015funlar\u0131 kaydetti:\u201cAK Parti 8. Ola\u011fan B\u00fcy\u00fck Kongresi\u2019nde yeniden genel ba\u015fkan se\u00e7ilen Anavatan T\u00fcrkiye Cumhuriyeti Cumhurba\u015fkan\u0131 Say\u0131n Recep Tayyip Erdo\u011fan\u2019\u0131, partim, h\u00fck\u00fcmetim ve halk\u0131m ad\u0131na y\u00fcrekten tebrik ediyorum. Eminim ki, Say\u0131n Erdo\u011fan Liderli\u011findeki AK Parti ve [&hellip;]<\/p>\n","protected":false},"author":1,"featured_media":19614,"comment_status":"open","ping_status":"open","sticky":false,"template":"","format":"standard","meta":{"jnews-multi-image_gallery":[],"jnews_single_post":[],"jnews_primary_category":[],"jnews_social_meta":[],"jnews_override_counter":[],"footnotes":""},"categories":[5],"tags":[],"class_list":["post-19613","post","type-post","status-publish","format-standard","has-post-thumbnail","hentry","category-turkiye"],"yoast_head":"<!-- This site is optimized with the Yoast SEO plugin v27.5 - https:\/\/yoast.com\/product\/yoast-seo-wordpress\/ -->\n<title>\u00dcstel, yeniden AK Parti Genel Ba\u015fkan\u0131 se\u00e7ilen Erdo\u011fan\u2019\u0131 tebrik etti - Kuzeyin Sesi<\/title>\n<meta name=\"robots\" content=\"index, follow, max-snippet:-1, max-image-preview:large, max-video-preview:-1\" \/>\n<link rel=\"canonical\" href=\"https:\/\/kuzeyinsesi.org\/index.php\/2025\/02\/23\/ustel-yeniden-ak-parti-genel-baskani-secilen-erdogani-tebrik-etti\/\" \/>\n<meta property=\"og:locale\" content=\"tr_TR\" \/>\n<meta property=\"og:type\" content=\"article\" \/>\n<meta property=\"og:title\" content=\"\u00dcstel, yeniden AK Parti Genel Ba\u015fkan\u0131 se\u00e7ilen Erdo\u011fan\u2019\u0131 tebrik etti - Kuzeyin Sesi\" \/>\n<meta property=\"og:description\" content=\"Ba\u015fbakan \u00dcnal \u00dcstel, yeniden AK Parti Genel Ba\u015fkan\u0131 se\u00e7ilen TC Cumhurba\u015fkan\u0131 Recep Tayyip Erdo\u011fan\u2019\u0131 tebrik etti. Ba\u015fbakan \u00dcstel, tebrik mesaj\u0131nda \u015funlar\u0131 kaydetti:\u201cAK Parti 8. Ola\u011fan B\u00fcy\u00fck Kongresi\u2019nde yeniden genel ba\u015fkan se\u00e7ilen Anavatan T\u00fcrkiye Cumhuriyeti Cumhurba\u015fkan\u0131 Say\u0131n Recep Tayyip Erdo\u011fan\u2019\u0131, partim, h\u00fck\u00fcmetim ve halk\u0131m ad\u0131na y\u00fcrekten tebrik ediyorum. Eminim ki, Say\u0131n Erdo\u011fan Liderli\u011findeki AK Parti ve [&hellip;]\" \/>\n<meta property=\"og:url\" content=\"https:\/\/kuzeyinsesi.org\/index.php\/2025\/02\/23\/ustel-yeniden-ak-parti-genel-baskani-secilen-erdogani-tebrik-etti\/\" \/>\n<meta property=\"og:site_name\" content=\"Kuzeyin Sesi\" \/>\n<meta property=\"article:publisher\" content=\"https:\/\/www.facebook.com\/kuzeyinsesii\" \/>\n<meta property=\"article:published_time\" content=\"2025-02-23T15:30:07+00:00\" \/>\n<meta property=\"og:image\" content=\"https:\/\/brtk.net\/wp-content\/uploads\/2025\/02\/23\/FB_IMG_1740321701131.jpg?ver=ee4c283a7a885bd6750a5931d3c93139\" \/>\n<meta name=\"author\" content=\"Kuzeyin Sesi\" \/>\n<meta name=\"twitter:card\" content=\"summary_large_image\" \/>\n<meta name=\"twitter:creator\" content=\"@kuzeyinsesii\" \/>\n<meta name=\"twitter:site\" content=\"@kuzeyinsesii\" \/>\n<meta name=\"twitter:label1\" content=\"Yazan:\" \/>\n\t<meta name=\"twitter:data1\" content=\"Kuzeyin Sesi\" \/>\n\t<meta name=\"twitter:label2\" content=\"Tahmini okuma s\u00fcresi\" \/>\n\t<meta name=\"twitter:data2\" content=\"1 dakika\" \/>\n<script type=\"application\/ld+json\" class=\"yoast-schema-graph\">{\"@context\":\"https:\\\/\\\/schema.org\",\"@graph\":[{\"@type\":\"Article\",\"@id\":\"https:\\\/\\\/kuzeyinsesi.org\\\/index.php\\\/2025\\\/02\\\/23\\\/ustel-yeniden-ak-parti-genel-baskani-secilen-erdogani-tebrik-etti\\\/#article\",\"isPartOf\":{\"@id\":\"https:\\\/\\\/kuzeyinsesi.org\\\/index.php\\\/2025\\\/02\\\/23\\\/ustel-yeniden-ak-parti-genel-baskani-secilen-erdogani-tebrik-etti\\\/\"},\"author\":{\"name\":\"Kuzeyin Sesi\",\"@id\":\"https:\\\/\\\/kuzeyinsesi.org\\\/#\\\/schema\\\/person\\\/9f859689cdf01485597712386e37f5aa\"},\"headline\":\"\u00dcstel, yeniden AK Parti Genel Ba\u015fkan\u0131 se\u00e7ilen Erdo\u011fan\u2019\u0131 tebrik etti\",\"datePublished\":\"2025-02-23T15:30:07+00:00\",\"mainEntityOfPage\":{\"@id\":\"https:\\\/\\\/kuzeyinsesi.org\\\/index.php\\\/2025\\\/02\\\/23\\\/ustel-yeniden-ak-parti-genel-baskani-secilen-erdogani-tebrik-etti\\\/\"},\"wordCount\":158,\"commentCount\":0,\"image\":{\"@id\":\"https:\\\/\\\/kuzeyinsesi.org\\\/index.php\\\/2025\\\/02\\\/23\\\/ustel-yeniden-ak-parti-genel-baskani-secilen-erdogani-tebrik-etti\\\/#primaryimage\"},\"thumbnailUrl\":\"https:\\\/\\\/kuzeyinsesi.org\\\/wp-content\\\/uploads\\\/2025\\\/02\\\/FB_IMG_1740321701131.jpg\",\"articleSection\":[\"T\u00fcrkiye\"],\"inLanguage\":\"tr\",\"potentialAction\":[{\"@type\":\"CommentAction\",\"name\":\"Comment\",\"target\":[\"https:\\\/\\\/kuzeyinsesi.org\\\/index.php\\\/2025\\\/02\\\/23\\\/ustel-yeniden-ak-parti-genel-baskani-secilen-erdogani-tebrik-etti\\\/#respond\"]}]},{\"@type\":\"WebPage\",\"@id\":\"https:\\\/\\\/kuzeyinsesi.org\\\/index.php\\\/2025\\\/02\\\/23\\\/ustel-yeniden-ak-parti-genel-baskani-secilen-erdogani-tebrik-etti\\\/\",\"url\":\"https:\\\/\\\/kuzeyinsesi.org\\\/index.php\\\/2025\\\/02\\\/23\\\/ustel-yeniden-ak-parti-genel-baskani-secilen-erdogani-tebrik-etti\\\/\",\"name\":\"\u00dcstel, yeniden AK Parti Genel Ba\u015fkan\u0131 se\u00e7ilen Erdo\u011fan\u2019\u0131 tebrik etti - Kuzeyin Sesi\",\"isPartOf\":{\"@id\":\"https:\\\/\\\/kuzeyinsesi.org\\\/#website\"},\"primaryImageOfPage\":{\"@id\":\"https:\\\/\\\/kuzeyinsesi.org\\\/index.php\\\/2025\\\/02\\\/23\\\/ustel-yeniden-ak-parti-genel-baskani-secilen-erdogani-tebrik-etti\\\/#primaryimage\"},\"image\":{\"@id\":\"https:\\\/\\\/kuzeyinsesi.org\\\/index.php\\\/2025\\\/02\\\/23\\\/ustel-yeniden-ak-parti-genel-baskani-secilen-erdogani-tebrik-etti\\\/#primaryimage\"},\"thumbnailUrl\":\"https:\\\/\\\/kuzeyinsesi.org\\\/wp-content\\\/uploads\\\/2025\\\/02\\\/FB_IMG_1740321701131.jpg\",\"datePublished\":\"2025-02-23T15:30:07+00:00\",\"author\":{\"@id\":\"https:\\\/\\\/kuzeyinsesi.org\\\/#\\\/schema\\\/person\\\/9f859689cdf01485597712386e37f5aa\"},\"breadcrumb\":{\"@id\":\"https:\\\/\\\/kuzeyinsesi.org\\\/index.php\\\/2025\\\/02\\\/23\\\/ustel-yeniden-ak-parti-genel-baskani-secilen-erdogani-tebrik-etti\\\/#breadcrumb\"},\"inLanguage\":\"tr\",\"potentialAction\":[{\"@type\":\"ReadAction\",\"target\":[\"https:\\\/\\\/kuzeyinsesi.org\\\/index.php\\\/2025\\\/02\\\/23\\\/ustel-yeniden-ak-parti-genel-baskani-secilen-erdogani-tebrik-etti\\\/\"]}]},{\"@type\":\"ImageObject\",\"inLanguage\":\"tr\",\"@id\":\"https:\\\/\\\/kuzeyinsesi.org\\\/index.php\\\/2025\\\/02\\\/23\\\/ustel-yeniden-ak-parti-genel-baskani-secilen-erdogani-tebrik-etti\\\/#primaryimage\",\"url\":\"https:\\\/\\\/kuzeyinsesi.org\\\/wp-content\\\/uploads\\\/2025\\\/02\\\/FB_IMG_1740321701131.jpg\",\"contentUrl\":\"https:\\\/\\\/kuzeyinsesi.org\\\/wp-content\\\/uploads\\\/2025\\\/02\\\/FB_IMG_1740321701131.jpg\",\"width\":1080,\"height\":750},{\"@type\":\"BreadcrumbList\",\"@id\":\"https:\\\/\\\/kuzeyinsesi.org\\\/index.php\\\/2025\\\/02\\\/23\\\/ustel-yeniden-ak-parti-genel-baskani-secilen-erdogani-tebrik-etti\\\/#breadcrumb\",\"itemListElement\":[{\"@type\":\"ListItem\",\"position\":1,\"name\":\"Anasayfa\",\"item\":\"https:\\\/\\\/kuzeyinsesi.org\\\/\"},{\"@type\":\"ListItem\",\"position\":2,\"name\":\"\u00dcstel, yeniden AK Parti Genel Ba\u015fkan\u0131 se\u00e7ilen Erdo\u011fan\u2019\u0131 tebrik etti\"}]},{\"@type\":\"WebSite\",\"@id\":\"https:\\\/\\\/kuzeyinsesi.org\\\/#website\",\"url\":\"https:\\\/\\\/kuzeyinsesi.org\\\/\",\"name\":\"Kuzeyin Sesi\",\"description\":\"Do\u011fru Haberin Adresi\",\"potentialAction\":[{\"@type\":\"SearchAction\",\"target\":{\"@type\":\"EntryPoint\",\"urlTemplate\":\"https:\\\/\\\/kuzeyinsesi.org\\\/?s={search_term_string}\"},\"query-input\":{\"@type\":\"PropertyValueSpecification\",\"valueRequired\":true,\"valueName\":\"search_term_string\"}}],\"inLanguage\":\"tr\"},{\"@type\":\"Person\",\"@id\":\"https:\\\/\\\/kuzeyinsesi.org\\\/#\\\/schema\\\/person\\\/9f859689cdf01485597712386e37f5aa\",\"name\":\"Kuzeyin Sesi\",\"image\":{\"@type\":\"ImageObject\",\"inLanguage\":\"tr\",\"@id\":\"https:\\\/\\\/secure.gravatar.com\\\/avatar\\\/bab33852abfd8b282518d6ed81826833d77c3c882d9ab608add591ccace47a44?s=96&d=mm&r=g\",\"url\":\"https:\\\/\\\/secure.gravatar.com\\\/avatar\\\/bab33852abfd8b282518d6ed81826833d77c3c882d9ab608add591ccace47a44?s=96&d=mm&r=g\",\"contentUrl\":\"https:\\\/\\\/secure.gravatar.com\\\/avatar\\\/bab33852abfd8b282518d6ed81826833d77c3c882d9ab608add591ccace47a44?s=96&d=mm&r=g\",\"caption\":\"Kuzeyin Sesi\"},\"sameAs\":[\"https:\\\/\\\/kuzeyinsesi.org\"],\"url\":\"https:\\\/\\\/kuzeyinsesi.org\\\/index.php\\\/author\\\/guven\\\/\"}]}<\/script>\n<!-- \/ Yoast SEO plugin. -->","yoast_head_json":{"title":"\u00dcstel, yeniden AK Parti Genel Ba\u015fkan\u0131 se\u00e7ilen Erdo\u011fan\u2019\u0131 tebrik etti - Kuzeyin Sesi","robots":{"index":"index","follow":"follow","max-snippet":"max-snippet:-1","max-image-preview":"max-image-preview:large","max-video-preview":"max-video-preview:-1"},"canonical":"https:\/\/kuzeyinsesi.org\/index.php\/2025\/02\/23\/ustel-yeniden-ak-parti-genel-baskani-secilen-erdogani-tebrik-etti\/","og_locale":"tr_TR","og_type":"article","og_title":"\u00dcstel, yeniden AK Parti Genel Ba\u015fkan\u0131 se\u00e7ilen Erdo\u011fan\u2019\u0131 tebrik etti - Kuzeyin Sesi","og_description":"Ba\u015fbakan \u00dcnal \u00dcstel, yeniden AK Parti Genel Ba\u015fkan\u0131 se\u00e7ilen TC Cumhurba\u015fkan\u0131 Recep Tayyip Erdo\u011fan\u2019\u0131 tebrik etti. Ba\u015fbakan \u00dcstel, tebrik mesaj\u0131nda \u015funlar\u0131 kaydetti:\u201cAK Parti 8. Ola\u011fan B\u00fcy\u00fck Kongresi\u2019nde yeniden genel ba\u015fkan se\u00e7ilen Anavatan T\u00fcrkiye Cumhuriyeti Cumhurba\u015fkan\u0131 Say\u0131n Recep Tayyip Erdo\u011fan\u2019\u0131, partim, h\u00fck\u00fcmetim ve halk\u0131m ad\u0131na y\u00fcrekten tebrik ediyorum. Eminim ki, Say\u0131n Erdo\u011fan Liderli\u011findeki AK Parti ve [&hellip;]","og_url":"https:\/\/kuzeyinsesi.org\/index.php\/2025\/02\/23\/ustel-yeniden-ak-parti-genel-baskani-secilen-erdogani-tebrik-etti\/","og_site_name":"Kuzeyin Sesi","article_publisher":"https:\/\/www.facebook.com\/kuzeyinsesii","article_published_time":"2025-02-23T15:30:07+00:00","og_image":[{"url":"https:\/\/brtk.net\/wp-content\/uploads\/2025\/02\/23\/FB_IMG_1740321701131.jpg?ver=ee4c283a7a885bd6750a5931d3c93139","type":"","width":"","height":""}],"author":"Kuzeyin Sesi","twitter_card":"summary_large_image","twitter_creator":"@kuzeyinsesii","twitter_site":"@kuzeyinsesii","twitter_misc":{"Yazan:":"Kuzeyin Sesi","Tahmini okuma s\u00fcresi":"1 dakika"},"schema":{"@context":"https:\/\/schema.org","@graph":[{"@type":"Article","@id":"https:\/\/kuzeyinsesi.org\/index.php\/2025\/02\/23\/ustel-yeniden-ak-parti-genel-baskani-secilen-erdogani-tebrik-etti\/#article","isPartOf":{"@id":"https:\/\/kuzeyinsesi.org\/index.php\/2025\/02\/23\/ustel-yeniden-ak-parti-genel-baskani-secilen-erdogani-tebrik-etti\/"},"author":{"name":"Kuzeyin Sesi","@id":"https:\/\/kuzeyinsesi.org\/#\/schema\/person\/9f859689cdf01485597712386e37f5aa"},"headline":"\u00dcstel, yeniden AK Parti Genel Ba\u015fkan\u0131 se\u00e7ilen Erdo\u011fan\u2019\u0131 tebrik etti","datePublished":"2025-02-23T15:30:07+00:00","mainEntityOfPage":{"@id":"https:\/\/kuzeyinsesi.org\/index.php\/2025\/02\/23\/ustel-yeniden-ak-parti-genel-baskani-secilen-erdogani-tebrik-etti\/"},"wordCount":158,"commentCount":0,"image":{"@id":"https:\/\/kuzeyinsesi.org\/index.php\/2025\/02\/23\/ustel-yeniden-ak-parti-genel-baskani-secilen-erdogani-tebrik-etti\/#primaryimage"},"thumbnailUrl":"https:\/\/kuzeyinsesi.org\/wp-content\/uploads\/2025\/02\/FB_IMG_1740321701131.jpg","articleSection":["T\u00fcrkiye"],"inLanguage":"tr","potentialAction":[{"@type":"CommentAction","name":"Comment","target":["https:\/\/kuzeyinsesi.org\/index.php\/2025\/02\/23\/ustel-yeniden-ak-parti-genel-baskani-secilen-erdogani-tebrik-etti\/#respond"]}]},{"@type":"WebPage","@id":"https:\/\/kuzeyinsesi.org\/index.php\/2025\/02\/23\/ustel-yeniden-ak-parti-genel-baskani-secilen-erdogani-tebrik-etti\/","url":"https:\/\/kuzeyinsesi.org\/index.php\/2025\/02\/23\/ustel-yeniden-ak-parti-genel-baskani-secilen-erdogani-tebrik-etti\/","name":"\u00dcstel, yeniden AK Parti Genel Ba\u015fkan\u0131 se\u00e7ilen Erdo\u011fan\u2019\u0131 tebrik etti - Kuzeyin Sesi","isPartOf":{"@id":"https:\/\/kuzeyinsesi.org\/#website"},"primaryImageOfPage":{"@id":"https:\/\/kuzeyinsesi.org\/index.php\/2025\/02\/23\/ustel-yeniden-ak-parti-genel-baskani-secilen-erdogani-tebrik-etti\/#primaryimage"},"image":{"@id":"https:\/\/kuzeyinsesi.org\/index.php\/2025\/02\/23\/ustel-yeniden-ak-parti-genel-baskani-secilen-erdogani-tebrik-etti\/#primaryimage"},"thumbnailUrl":"https:\/\/kuzeyinsesi.org\/wp-content\/uploads\/2025\/02\/FB_IMG_1740321701131.jpg","datePublished":"2025-02-23T15:30:07+00:00","author":{"@id":"https:\/\/kuzeyinsesi.org\/#\/schema\/person\/9f859689cdf01485597712386e37f5aa"},"breadcrumb":{"@id":"https:\/\/kuzeyinsesi.org\/index.php\/2025\/02\/23\/ustel-yeniden-ak-parti-genel-baskani-secilen-erdogani-tebrik-etti\/#breadcrumb"},"inLanguage":"tr","potentialAction":[{"@type":"ReadAction","target":["https:\/\/kuzeyinsesi.org\/index.php\/2025\/02\/23\/ustel-yeniden-ak-parti-genel-baskani-secilen-erdogani-tebrik-etti\/"]}]},{"@type":"ImageObject","inLanguage":"tr","@id":"https:\/\/kuzeyinsesi.org\/index.php\/2025\/02\/23\/ustel-yeniden-ak-parti-genel-baskani-secilen-erdogani-tebrik-etti\/#primaryimage","url":"https:\/\/kuzeyinsesi.org\/wp-content\/uploads\/2025\/02\/FB_IMG_1740321701131.jpg","contentUrl":"https:\/\/kuzeyinsesi.org\/wp-content\/uploads\/2025\/02\/FB_IMG_1740321701131.jpg","width":1080,"height":750},{"@type":"BreadcrumbList","@id":"https:\/\/kuzeyinsesi.org\/index.php\/2025\/02\/23\/ustel-yeniden-ak-parti-genel-baskani-secilen-erdogani-tebrik-etti\/#breadcrumb","itemListElement":[{"@type":"ListItem","position":1,"name":"Anasayfa","item":"https:\/\/kuzeyinsesi.org\/"},{"@type":"ListItem","position":2,"name":"\u00dcstel, yeniden AK Parti Genel Ba\u015fkan\u0131 se\u00e7ilen Erdo\u011fan\u2019\u0131 tebrik etti"}]},{"@type":"WebSite","@id":"https:\/\/kuzeyinsesi.org\/#website","url":"https:\/\/kuzeyinsesi.org\/","name":"Kuzeyin Sesi","description":"Do\u011fru Haberin Adresi","potentialAction":[{"@type":"SearchAction","target":{"@type":"EntryPoint","urlTemplate":"https:\/\/kuzeyinsesi.org\/?s={search_term_string}"},"query-input":{"@type":"PropertyValueSpecification","valueRequired":true,"valueName":"search_term_string"}}],"inLanguage":"tr"},{"@type":"Person","@id":"https:\/\/kuzeyinsesi.org\/#\/schema\/person\/9f859689cdf01485597712386e37f5aa","name":"Kuzeyin Sesi","image":{"@type":"ImageObject","inLanguage":"tr","@id":"https:\/\/secure.gravatar.com\/avatar\/bab33852abfd8b282518d6ed81826833d77c3c882d9ab608add591ccace47a44?s=96&d=mm&r=g","url":"https:\/\/secure.gravatar.com\/avatar\/bab33852abfd8b282518d6ed81826833d77c3c882d9ab608add591ccace47a44?s=96&d=mm&r=g","contentUrl":"https:\/\/secure.gravatar.com\/avatar\/bab33852abfd8b282518d6ed81826833d77c3c882d9ab608add591ccace47a44?s=96&d=mm&r=g","caption":"Kuzeyin Sesi"},"sameAs":["https:\/\/kuzeyinsesi.org"],"url":"https:\/\/kuzeyinsesi.org\/index.php\/author\/guven\/"}]}},"_links":{"self":[{"href":"https:\/\/kuzeyinsesi.org\/index.php\/wp-json\/wp\/v2\/posts\/19613","targetHints":{"allow":["GET"]}}],"collection":[{"href":"https:\/\/kuzeyinsesi.org\/index.php\/wp-json\/wp\/v2\/posts"}],"about":[{"href":"https:\/\/kuzeyinsesi.org\/index.php\/wp-json\/wp\/v2\/types\/post"}],"author":[{"embeddable":true,"href":"https:\/\/kuzeyinsesi.org\/index.php\/wp-json\/wp\/v2\/users\/1"}],"replies":[{"embeddable":true,"href":"https:\/\/kuzeyinsesi.org\/index.php\/wp-json\/wp\/v2\/comments?post=19613"}],"version-history":[{"count":0,"href":"https:\/\/kuzeyinsesi.org\/index.php\/wp-json\/wp\/v2\/posts\/19613\/revisions"}],"wp:featuredmedia":[{"embeddable":true,"href":"https:\/\/kuzeyinsesi.org\/index.php\/wp-json\/wp\/v2\/media\/19614"}],"wp:attachment":[{"href":"https:\/\/kuzeyinsesi.org\/index.php\/wp-json\/wp\/v2\/media?parent=19613"}],"wp:term":[{"taxonomy":"category","embeddable":true,"href":"https:\/\/kuzeyinsesi.org\/index.php\/wp-json\/wp\/v2\/categories?post=19613"},{"taxonomy":"post_tag","embeddable":true,"href":"https:\/\/kuzeyinsesi.org\/index.php\/wp-json\/wp\/v2\/tags?post=19613"}],"curies":[{"name":"wp","href":"https:\/\/api.w.org\/{rel}","templated":true}]}}