{"id":19591,"date":"2025-02-23T12:02:14","date_gmt":"2025-02-23T10:02:14","guid":{"rendered":"https:\/\/kuzeyinsesi.org\/index.php\/2025\/02\/23\/kibris-turk-fransiz-kultur-derneginin-krep-gunu-etkinligi-sos-ogrencilerinin-katilimiyla-gerceklesti\/"},"modified":"2025-02-23T12:02:14","modified_gmt":"2025-02-23T10:02:14","slug":"kibris-turk-fransiz-kultur-derneginin-krep-gunu-etkinligi-sos-ogrencilerinin-katilimiyla-gerceklesti","status":"publish","type":"post","link":"https:\/\/kuzeyinsesi.org\/index.php\/2025\/02\/23\/kibris-turk-fransiz-kultur-derneginin-krep-gunu-etkinligi-sos-ogrencilerinin-katilimiyla-gerceklesti\/","title":{"rendered":"K\u0131br\u0131s T\u00fcrk Frans\u0131z K\u00fclt\u00fcr Derne\u011fi\u2019nin \u201cKrep G\u00fcn\u00fc Etkinli\u011fi\u201d SOS \u00f6\u011frencilerinin kat\u0131l\u0131m\u0131yla ger\u00e7ekle\u015fti"},"content":{"rendered":"<div>\n<div class=\"mariselle-image-container center\">\n                                            <\/div>\n<p>\nK\u0131br\u0131s T\u00fcrk Frans\u0131z K\u00fclt\u00fcr Derne\u011fi\u2019nin her y\u0131l geleneksel olarak d\u00fczenledi\u011fi \u201cKrep G\u00fcn\u00fc Etkinli\u011fi\u201d bu y\u0131l \u00c7a\u011fda\u015f Drama Derne\u011fi K\u0131br\u0131s i\u015fbirli\u011finde ger\u00e7ekle\u015ftirildi.<\/p>\n<p>K\u0131br\u0131s T\u00fcrk Frans\u0131z Derne\u011fi\u2019nden verilen bilgiye g\u00f6re, SOS \u00f6\u011frencilerinin de davet edildi\u011fi etkinlikte, \u00c7a\u011fda\u015f Drama Derne\u011fi K\u0131br\u0131s at\u00f6lye liderleri \u00d6zlem Aykut ve Burcu Vahit e\u015fli\u011finde \u00f6\u011frencilere \u201cParis\u2019te Gizemli bir Gezi\u201d isimli at\u00f6lye \u00e7al\u0131\u015fmas\u0131 d\u00fczenlendi. At\u00f6lye \u00e7al\u0131\u015fmas\u0131nda \u00f6\u011frenciler, oyunlar, canland\u0131rmalar e\u015fli\u011finde baz\u0131 sanat eserlerini tan\u0131ma, hikayelerini yazma f\u0131rsat\u0131 buldu.<\/p>\n<p>At\u00f6lye \u00e7al\u0131\u015fmas\u0131 \u00f6\u011frencilerin, Fransa\u2019da kutlanan ve Krep Bayram\u0131 g\u00fcn\u00fc olarak bilinen Chandeleur ile ilgili hikaye i\u00e7in yaratt\u0131klar\u0131 afi\u015flerle son buldu.<\/p>\n<\/p><\/div>\n<p><script async\n                    defer\n                    crossorigin=\"anonymous\"\n                    src=\"https:\/\/connect.facebook.net\/tr_TR\/sdk.js#xfbml=1&#038;version=v3.3\"\n            ><\/script><\/p>\n","protected":false},"excerpt":{"rendered":"<p>K\u0131br\u0131s T\u00fcrk Frans\u0131z K\u00fclt\u00fcr Derne\u011fi\u2019nin her y\u0131l geleneksel olarak d\u00fczenledi\u011fi \u201cKrep G\u00fcn\u00fc Etkinli\u011fi\u201d bu y\u0131l \u00c7a\u011fda\u015f Drama Derne\u011fi K\u0131br\u0131s i\u015fbirli\u011finde ger\u00e7ekle\u015ftirildi. K\u0131br\u0131s T\u00fcrk Frans\u0131z Derne\u011fi\u2019nden verilen bilgiye g\u00f6re, SOS \u00f6\u011frencilerinin de davet edildi\u011fi etkinlikte, \u00c7a\u011fda\u015f Drama Derne\u011fi K\u0131br\u0131s at\u00f6lye liderleri \u00d6zlem Aykut ve Burcu Vahit e\u015fli\u011finde \u00f6\u011frencilere \u201cParis\u2019te Gizemli bir Gezi\u201d isimli at\u00f6lye \u00e7al\u0131\u015fmas\u0131 d\u00fczenlendi. [&hellip;]<\/p>\n","protected":false},"author":1,"featured_media":19592,"comment_status":"open","ping_status":"open","sticky":false,"template":"","format":"standard","meta":{"jnews-multi-image_gallery":[],"jnews_single_post":[],"jnews_primary_category":[],"jnews_social_meta":[],"jnews_override_counter":[],"footnotes":""},"categories":[6],"tags":[],"class_list":["post-19591","post","type-post","status-publish","format-standard","has-post-thumbnail","hentry","category-yasam"],"yoast_head":"<!-- This site is optimized with the Yoast SEO plugin v27.4 - https:\/\/yoast.com\/product\/yoast-seo-wordpress\/ -->\n<title>K\u0131br\u0131s T\u00fcrk Frans\u0131z K\u00fclt\u00fcr Derne\u011fi\u2019nin \u201cKrep G\u00fcn\u00fc Etkinli\u011fi\u201d SOS \u00f6\u011frencilerinin kat\u0131l\u0131m\u0131yla ger\u00e7ekle\u015fti - Kuzeyin Sesi<\/title>\n<meta name=\"robots\" content=\"index, follow, max-snippet:-1, max-image-preview:large, max-video-preview:-1\" \/>\n<link rel=\"canonical\" href=\"https:\/\/kuzeyinsesi.org\/index.php\/2025\/02\/23\/kibris-turk-fransiz-kultur-derneginin-krep-gunu-etkinligi-sos-ogrencilerinin-katilimiyla-gerceklesti\/\" \/>\n<meta property=\"og:locale\" content=\"tr_TR\" \/>\n<meta property=\"og:type\" content=\"article\" \/>\n<meta property=\"og:title\" content=\"K\u0131br\u0131s T\u00fcrk Frans\u0131z K\u00fclt\u00fcr Derne\u011fi\u2019nin \u201cKrep G\u00fcn\u00fc Etkinli\u011fi\u201d SOS \u00f6\u011frencilerinin kat\u0131l\u0131m\u0131yla ger\u00e7ekle\u015fti - Kuzeyin Sesi\" \/>\n<meta property=\"og:description\" content=\"K\u0131br\u0131s T\u00fcrk Frans\u0131z K\u00fclt\u00fcr Derne\u011fi\u2019nin her y\u0131l geleneksel olarak d\u00fczenledi\u011fi \u201cKrep G\u00fcn\u00fc Etkinli\u011fi\u201d bu y\u0131l \u00c7a\u011fda\u015f Drama Derne\u011fi K\u0131br\u0131s i\u015fbirli\u011finde ger\u00e7ekle\u015ftirildi. K\u0131br\u0131s T\u00fcrk Frans\u0131z Derne\u011fi\u2019nden verilen bilgiye g\u00f6re, SOS \u00f6\u011frencilerinin de davet edildi\u011fi etkinlikte, \u00c7a\u011fda\u015f Drama Derne\u011fi K\u0131br\u0131s at\u00f6lye liderleri \u00d6zlem Aykut ve Burcu Vahit e\u015fli\u011finde \u00f6\u011frencilere \u201cParis\u2019te Gizemli bir Gezi\u201d isimli at\u00f6lye \u00e7al\u0131\u015fmas\u0131 d\u00fczenlendi. [&hellip;]\" \/>\n<meta property=\"og:url\" content=\"https:\/\/kuzeyinsesi.org\/index.php\/2025\/02\/23\/kibris-turk-fransiz-kultur-derneginin-krep-gunu-etkinligi-sos-ogrencilerinin-katilimiyla-gerceklesti\/\" \/>\n<meta property=\"og:site_name\" content=\"Kuzeyin Sesi\" \/>\n<meta property=\"article:publisher\" content=\"https:\/\/www.facebook.com\/kuzeyinsesii\" \/>\n<meta property=\"article:published_time\" content=\"2025-02-23T10:02:14+00:00\" \/>\n<meta property=\"og:image\" content=\"https:\/\/brtk.net\/wp-content\/uploads\/2025\/02\/23\/1740298823818krep-gunu.jpeg?ver=4491dc920456ebc44edb540ded7f981b\" \/>\n<meta name=\"author\" content=\"Kuzeyin Sesi\" \/>\n<meta name=\"twitter:card\" content=\"summary_large_image\" \/>\n<meta name=\"twitter:creator\" content=\"@kuzeyinsesii\" \/>\n<meta name=\"twitter:site\" content=\"@kuzeyinsesii\" \/>\n<meta name=\"twitter:label1\" content=\"Yazan:\" \/>\n\t<meta name=\"twitter:data1\" content=\"Kuzeyin Sesi\" \/>\n\t<meta name=\"twitter:label2\" content=\"Tahmini okuma s\u00fcresi\" \/>\n\t<meta name=\"twitter:data2\" content=\"1 dakika\" \/>\n<script type=\"application\/ld+json\" class=\"yoast-schema-graph\">{\"@context\":\"https:\\\/\\\/schema.org\",\"@graph\":[{\"@type\":\"Article\",\"@id\":\"https:\\\/\\\/kuzeyinsesi.org\\\/index.php\\\/2025\\\/02\\\/23\\\/kibris-turk-fransiz-kultur-derneginin-krep-gunu-etkinligi-sos-ogrencilerinin-katilimiyla-gerceklesti\\\/#article\",\"isPartOf\":{\"@id\":\"https:\\\/\\\/kuzeyinsesi.org\\\/index.php\\\/2025\\\/02\\\/23\\\/kibris-turk-fransiz-kultur-derneginin-krep-gunu-etkinligi-sos-ogrencilerinin-katilimiyla-gerceklesti\\\/\"},\"author\":{\"name\":\"Kuzeyin Sesi\",\"@id\":\"https:\\\/\\\/kuzeyinsesi.org\\\/#\\\/schema\\\/person\\\/9f859689cdf01485597712386e37f5aa\"},\"headline\":\"K\u0131br\u0131s T\u00fcrk Frans\u0131z K\u00fclt\u00fcr Derne\u011fi\u2019nin \u201cKrep G\u00fcn\u00fc Etkinli\u011fi\u201d SOS \u00f6\u011frencilerinin kat\u0131l\u0131m\u0131yla ger\u00e7ekle\u015fti\",\"datePublished\":\"2025-02-23T10:02:14+00:00\",\"mainEntityOfPage\":{\"@id\":\"https:\\\/\\\/kuzeyinsesi.org\\\/index.php\\\/2025\\\/02\\\/23\\\/kibris-turk-fransiz-kultur-derneginin-krep-gunu-etkinligi-sos-ogrencilerinin-katilimiyla-gerceklesti\\\/\"},\"wordCount\":172,\"commentCount\":0,\"image\":{\"@id\":\"https:\\\/\\\/kuzeyinsesi.org\\\/index.php\\\/2025\\\/02\\\/23\\\/kibris-turk-fransiz-kultur-derneginin-krep-gunu-etkinligi-sos-ogrencilerinin-katilimiyla-gerceklesti\\\/#primaryimage\"},\"thumbnailUrl\":\"https:\\\/\\\/kuzeyinsesi.org\\\/wp-content\\\/uploads\\\/2025\\\/02\\\/1740298823818krep-gunu.jpeg\",\"articleSection\":[\"Ya\u015fam\"],\"inLanguage\":\"tr\",\"potentialAction\":[{\"@type\":\"CommentAction\",\"name\":\"Comment\",\"target\":[\"https:\\\/\\\/kuzeyinsesi.org\\\/index.php\\\/2025\\\/02\\\/23\\\/kibris-turk-fransiz-kultur-derneginin-krep-gunu-etkinligi-sos-ogrencilerinin-katilimiyla-gerceklesti\\\/#respond\"]}]},{\"@type\":\"WebPage\",\"@id\":\"https:\\\/\\\/kuzeyinsesi.org\\\/index.php\\\/2025\\\/02\\\/23\\\/kibris-turk-fransiz-kultur-derneginin-krep-gunu-etkinligi-sos-ogrencilerinin-katilimiyla-gerceklesti\\\/\",\"url\":\"https:\\\/\\\/kuzeyinsesi.org\\\/index.php\\\/2025\\\/02\\\/23\\\/kibris-turk-fransiz-kultur-derneginin-krep-gunu-etkinligi-sos-ogrencilerinin-katilimiyla-gerceklesti\\\/\",\"name\":\"K\u0131br\u0131s T\u00fcrk Frans\u0131z K\u00fclt\u00fcr Derne\u011fi\u2019nin \u201cKrep G\u00fcn\u00fc Etkinli\u011fi\u201d SOS \u00f6\u011frencilerinin kat\u0131l\u0131m\u0131yla ger\u00e7ekle\u015fti - Kuzeyin Sesi\",\"isPartOf\":{\"@id\":\"https:\\\/\\\/kuzeyinsesi.org\\\/#website\"},\"primaryImageOfPage\":{\"@id\":\"https:\\\/\\\/kuzeyinsesi.org\\\/index.php\\\/2025\\\/02\\\/23\\\/kibris-turk-fransiz-kultur-derneginin-krep-gunu-etkinligi-sos-ogrencilerinin-katilimiyla-gerceklesti\\\/#primaryimage\"},\"image\":{\"@id\":\"https:\\\/\\\/kuzeyinsesi.org\\\/index.php\\\/2025\\\/02\\\/23\\\/kibris-turk-fransiz-kultur-derneginin-krep-gunu-etkinligi-sos-ogrencilerinin-katilimiyla-gerceklesti\\\/#primaryimage\"},\"thumbnailUrl\":\"https:\\\/\\\/kuzeyinsesi.org\\\/wp-content\\\/uploads\\\/2025\\\/02\\\/1740298823818krep-gunu.jpeg\",\"datePublished\":\"2025-02-23T10:02:14+00:00\",\"author\":{\"@id\":\"https:\\\/\\\/kuzeyinsesi.org\\\/#\\\/schema\\\/person\\\/9f859689cdf01485597712386e37f5aa\"},\"breadcrumb\":{\"@id\":\"https:\\\/\\\/kuzeyinsesi.org\\\/index.php\\\/2025\\\/02\\\/23\\\/kibris-turk-fransiz-kultur-derneginin-krep-gunu-etkinligi-sos-ogrencilerinin-katilimiyla-gerceklesti\\\/#breadcrumb\"},\"inLanguage\":\"tr\",\"potentialAction\":[{\"@type\":\"ReadAction\",\"target\":[\"https:\\\/\\\/kuzeyinsesi.org\\\/index.php\\\/2025\\\/02\\\/23\\\/kibris-turk-fransiz-kultur-derneginin-krep-gunu-etkinligi-sos-ogrencilerinin-katilimiyla-gerceklesti\\\/\"]}]},{\"@type\":\"ImageObject\",\"inLanguage\":\"tr\",\"@id\":\"https:\\\/\\\/kuzeyinsesi.org\\\/index.php\\\/2025\\\/02\\\/23\\\/kibris-turk-fransiz-kultur-derneginin-krep-gunu-etkinligi-sos-ogrencilerinin-katilimiyla-gerceklesti\\\/#primaryimage\",\"url\":\"https:\\\/\\\/kuzeyinsesi.org\\\/wp-content\\\/uploads\\\/2025\\\/02\\\/1740298823818krep-gunu.jpeg\",\"contentUrl\":\"https:\\\/\\\/kuzeyinsesi.org\\\/wp-content\\\/uploads\\\/2025\\\/02\\\/1740298823818krep-gunu.jpeg\",\"width\":1600,\"height\":1200},{\"@type\":\"BreadcrumbList\",\"@id\":\"https:\\\/\\\/kuzeyinsesi.org\\\/index.php\\\/2025\\\/02\\\/23\\\/kibris-turk-fransiz-kultur-derneginin-krep-gunu-etkinligi-sos-ogrencilerinin-katilimiyla-gerceklesti\\\/#breadcrumb\",\"itemListElement\":[{\"@type\":\"ListItem\",\"position\":1,\"name\":\"Anasayfa\",\"item\":\"https:\\\/\\\/kuzeyinsesi.org\\\/\"},{\"@type\":\"ListItem\",\"position\":2,\"name\":\"K\u0131br\u0131s T\u00fcrk Frans\u0131z K\u00fclt\u00fcr Derne\u011fi\u2019nin \u201cKrep G\u00fcn\u00fc Etkinli\u011fi\u201d SOS \u00f6\u011frencilerinin kat\u0131l\u0131m\u0131yla ger\u00e7ekle\u015fti\"}]},{\"@type\":\"WebSite\",\"@id\":\"https:\\\/\\\/kuzeyinsesi.org\\\/#website\",\"url\":\"https:\\\/\\\/kuzeyinsesi.org\\\/\",\"name\":\"Kuzeyin Sesi\",\"description\":\"Do\u011fru Haberin Adresi\",\"potentialAction\":[{\"@type\":\"SearchAction\",\"target\":{\"@type\":\"EntryPoint\",\"urlTemplate\":\"https:\\\/\\\/kuzeyinsesi.org\\\/?s={search_term_string}\"},\"query-input\":{\"@type\":\"PropertyValueSpecification\",\"valueRequired\":true,\"valueName\":\"search_term_string\"}}],\"inLanguage\":\"tr\"},{\"@type\":\"Person\",\"@id\":\"https:\\\/\\\/kuzeyinsesi.org\\\/#\\\/schema\\\/person\\\/9f859689cdf01485597712386e37f5aa\",\"name\":\"Kuzeyin Sesi\",\"image\":{\"@type\":\"ImageObject\",\"inLanguage\":\"tr\",\"@id\":\"https:\\\/\\\/secure.gravatar.com\\\/avatar\\\/bab33852abfd8b282518d6ed81826833d77c3c882d9ab608add591ccace47a44?s=96&d=mm&r=g\",\"url\":\"https:\\\/\\\/secure.gravatar.com\\\/avatar\\\/bab33852abfd8b282518d6ed81826833d77c3c882d9ab608add591ccace47a44?s=96&d=mm&r=g\",\"contentUrl\":\"https:\\\/\\\/secure.gravatar.com\\\/avatar\\\/bab33852abfd8b282518d6ed81826833d77c3c882d9ab608add591ccace47a44?s=96&d=mm&r=g\",\"caption\":\"Kuzeyin Sesi\"},\"sameAs\":[\"https:\\\/\\\/kuzeyinsesi.org\"],\"url\":\"https:\\\/\\\/kuzeyinsesi.org\\\/index.php\\\/author\\\/guven\\\/\"}]}<\/script>\n<!-- \/ Yoast SEO plugin. -->","yoast_head_json":{"title":"K\u0131br\u0131s T\u00fcrk Frans\u0131z K\u00fclt\u00fcr Derne\u011fi\u2019nin \u201cKrep G\u00fcn\u00fc Etkinli\u011fi\u201d SOS \u00f6\u011frencilerinin kat\u0131l\u0131m\u0131yla ger\u00e7ekle\u015fti - Kuzeyin Sesi","robots":{"index":"index","follow":"follow","max-snippet":"max-snippet:-1","max-image-preview":"max-image-preview:large","max-video-preview":"max-video-preview:-1"},"canonical":"https:\/\/kuzeyinsesi.org\/index.php\/2025\/02\/23\/kibris-turk-fransiz-kultur-derneginin-krep-gunu-etkinligi-sos-ogrencilerinin-katilimiyla-gerceklesti\/","og_locale":"tr_TR","og_type":"article","og_title":"K\u0131br\u0131s T\u00fcrk Frans\u0131z K\u00fclt\u00fcr Derne\u011fi\u2019nin \u201cKrep G\u00fcn\u00fc Etkinli\u011fi\u201d SOS \u00f6\u011frencilerinin kat\u0131l\u0131m\u0131yla ger\u00e7ekle\u015fti - Kuzeyin Sesi","og_description":"K\u0131br\u0131s T\u00fcrk Frans\u0131z K\u00fclt\u00fcr Derne\u011fi\u2019nin her y\u0131l geleneksel olarak d\u00fczenledi\u011fi \u201cKrep G\u00fcn\u00fc Etkinli\u011fi\u201d bu y\u0131l \u00c7a\u011fda\u015f Drama Derne\u011fi K\u0131br\u0131s i\u015fbirli\u011finde ger\u00e7ekle\u015ftirildi. K\u0131br\u0131s T\u00fcrk Frans\u0131z Derne\u011fi\u2019nden verilen bilgiye g\u00f6re, SOS \u00f6\u011frencilerinin de davet edildi\u011fi etkinlikte, \u00c7a\u011fda\u015f Drama Derne\u011fi K\u0131br\u0131s at\u00f6lye liderleri \u00d6zlem Aykut ve Burcu Vahit e\u015fli\u011finde \u00f6\u011frencilere \u201cParis\u2019te Gizemli bir Gezi\u201d isimli at\u00f6lye \u00e7al\u0131\u015fmas\u0131 d\u00fczenlendi. [&hellip;]","og_url":"https:\/\/kuzeyinsesi.org\/index.php\/2025\/02\/23\/kibris-turk-fransiz-kultur-derneginin-krep-gunu-etkinligi-sos-ogrencilerinin-katilimiyla-gerceklesti\/","og_site_name":"Kuzeyin Sesi","article_publisher":"https:\/\/www.facebook.com\/kuzeyinsesii","article_published_time":"2025-02-23T10:02:14+00:00","og_image":[{"url":"https:\/\/brtk.net\/wp-content\/uploads\/2025\/02\/23\/1740298823818krep-gunu.jpeg?ver=4491dc920456ebc44edb540ded7f981b","type":"","width":"","height":""}],"author":"Kuzeyin Sesi","twitter_card":"summary_large_image","twitter_creator":"@kuzeyinsesii","twitter_site":"@kuzeyinsesii","twitter_misc":{"Yazan:":"Kuzeyin Sesi","Tahmini okuma s\u00fcresi":"1 dakika"},"schema":{"@context":"https:\/\/schema.org","@graph":[{"@type":"Article","@id":"https:\/\/kuzeyinsesi.org\/index.php\/2025\/02\/23\/kibris-turk-fransiz-kultur-derneginin-krep-gunu-etkinligi-sos-ogrencilerinin-katilimiyla-gerceklesti\/#article","isPartOf":{"@id":"https:\/\/kuzeyinsesi.org\/index.php\/2025\/02\/23\/kibris-turk-fransiz-kultur-derneginin-krep-gunu-etkinligi-sos-ogrencilerinin-katilimiyla-gerceklesti\/"},"author":{"name":"Kuzeyin Sesi","@id":"https:\/\/kuzeyinsesi.org\/#\/schema\/person\/9f859689cdf01485597712386e37f5aa"},"headline":"K\u0131br\u0131s T\u00fcrk Frans\u0131z K\u00fclt\u00fcr Derne\u011fi\u2019nin \u201cKrep G\u00fcn\u00fc Etkinli\u011fi\u201d SOS \u00f6\u011frencilerinin kat\u0131l\u0131m\u0131yla ger\u00e7ekle\u015fti","datePublished":"2025-02-23T10:02:14+00:00","mainEntityOfPage":{"@id":"https:\/\/kuzeyinsesi.org\/index.php\/2025\/02\/23\/kibris-turk-fransiz-kultur-derneginin-krep-gunu-etkinligi-sos-ogrencilerinin-katilimiyla-gerceklesti\/"},"wordCount":172,"commentCount":0,"image":{"@id":"https:\/\/kuzeyinsesi.org\/index.php\/2025\/02\/23\/kibris-turk-fransiz-kultur-derneginin-krep-gunu-etkinligi-sos-ogrencilerinin-katilimiyla-gerceklesti\/#primaryimage"},"thumbnailUrl":"https:\/\/kuzeyinsesi.org\/wp-content\/uploads\/2025\/02\/1740298823818krep-gunu.jpeg","articleSection":["Ya\u015fam"],"inLanguage":"tr","potentialAction":[{"@type":"CommentAction","name":"Comment","target":["https:\/\/kuzeyinsesi.org\/index.php\/2025\/02\/23\/kibris-turk-fransiz-kultur-derneginin-krep-gunu-etkinligi-sos-ogrencilerinin-katilimiyla-gerceklesti\/#respond"]}]},{"@type":"WebPage","@id":"https:\/\/kuzeyinsesi.org\/index.php\/2025\/02\/23\/kibris-turk-fransiz-kultur-derneginin-krep-gunu-etkinligi-sos-ogrencilerinin-katilimiyla-gerceklesti\/","url":"https:\/\/kuzeyinsesi.org\/index.php\/2025\/02\/23\/kibris-turk-fransiz-kultur-derneginin-krep-gunu-etkinligi-sos-ogrencilerinin-katilimiyla-gerceklesti\/","name":"K\u0131br\u0131s T\u00fcrk Frans\u0131z K\u00fclt\u00fcr Derne\u011fi\u2019nin \u201cKrep G\u00fcn\u00fc Etkinli\u011fi\u201d SOS \u00f6\u011frencilerinin kat\u0131l\u0131m\u0131yla ger\u00e7ekle\u015fti - Kuzeyin Sesi","isPartOf":{"@id":"https:\/\/kuzeyinsesi.org\/#website"},"primaryImageOfPage":{"@id":"https:\/\/kuzeyinsesi.org\/index.php\/2025\/02\/23\/kibris-turk-fransiz-kultur-derneginin-krep-gunu-etkinligi-sos-ogrencilerinin-katilimiyla-gerceklesti\/#primaryimage"},"image":{"@id":"https:\/\/kuzeyinsesi.org\/index.php\/2025\/02\/23\/kibris-turk-fransiz-kultur-derneginin-krep-gunu-etkinligi-sos-ogrencilerinin-katilimiyla-gerceklesti\/#primaryimage"},"thumbnailUrl":"https:\/\/kuzeyinsesi.org\/wp-content\/uploads\/2025\/02\/1740298823818krep-gunu.jpeg","datePublished":"2025-02-23T10:02:14+00:00","author":{"@id":"https:\/\/kuzeyinsesi.org\/#\/schema\/person\/9f859689cdf01485597712386e37f5aa"},"breadcrumb":{"@id":"https:\/\/kuzeyinsesi.org\/index.php\/2025\/02\/23\/kibris-turk-fransiz-kultur-derneginin-krep-gunu-etkinligi-sos-ogrencilerinin-katilimiyla-gerceklesti\/#breadcrumb"},"inLanguage":"tr","potentialAction":[{"@type":"ReadAction","target":["https:\/\/kuzeyinsesi.org\/index.php\/2025\/02\/23\/kibris-turk-fransiz-kultur-derneginin-krep-gunu-etkinligi-sos-ogrencilerinin-katilimiyla-gerceklesti\/"]}]},{"@type":"ImageObject","inLanguage":"tr","@id":"https:\/\/kuzeyinsesi.org\/index.php\/2025\/02\/23\/kibris-turk-fransiz-kultur-derneginin-krep-gunu-etkinligi-sos-ogrencilerinin-katilimiyla-gerceklesti\/#primaryimage","url":"https:\/\/kuzeyinsesi.org\/wp-content\/uploads\/2025\/02\/1740298823818krep-gunu.jpeg","contentUrl":"https:\/\/kuzeyinsesi.org\/wp-content\/uploads\/2025\/02\/1740298823818krep-gunu.jpeg","width":1600,"height":1200},{"@type":"BreadcrumbList","@id":"https:\/\/kuzeyinsesi.org\/index.php\/2025\/02\/23\/kibris-turk-fransiz-kultur-derneginin-krep-gunu-etkinligi-sos-ogrencilerinin-katilimiyla-gerceklesti\/#breadcrumb","itemListElement":[{"@type":"ListItem","position":1,"name":"Anasayfa","item":"https:\/\/kuzeyinsesi.org\/"},{"@type":"ListItem","position":2,"name":"K\u0131br\u0131s T\u00fcrk Frans\u0131z K\u00fclt\u00fcr Derne\u011fi\u2019nin \u201cKrep G\u00fcn\u00fc Etkinli\u011fi\u201d SOS \u00f6\u011frencilerinin kat\u0131l\u0131m\u0131yla ger\u00e7ekle\u015fti"}]},{"@type":"WebSite","@id":"https:\/\/kuzeyinsesi.org\/#website","url":"https:\/\/kuzeyinsesi.org\/","name":"Kuzeyin Sesi","description":"Do\u011fru Haberin Adresi","potentialAction":[{"@type":"SearchAction","target":{"@type":"EntryPoint","urlTemplate":"https:\/\/kuzeyinsesi.org\/?s={search_term_string}"},"query-input":{"@type":"PropertyValueSpecification","valueRequired":true,"valueName":"search_term_string"}}],"inLanguage":"tr"},{"@type":"Person","@id":"https:\/\/kuzeyinsesi.org\/#\/schema\/person\/9f859689cdf01485597712386e37f5aa","name":"Kuzeyin Sesi","image":{"@type":"ImageObject","inLanguage":"tr","@id":"https:\/\/secure.gravatar.com\/avatar\/bab33852abfd8b282518d6ed81826833d77c3c882d9ab608add591ccace47a44?s=96&d=mm&r=g","url":"https:\/\/secure.gravatar.com\/avatar\/bab33852abfd8b282518d6ed81826833d77c3c882d9ab608add591ccace47a44?s=96&d=mm&r=g","contentUrl":"https:\/\/secure.gravatar.com\/avatar\/bab33852abfd8b282518d6ed81826833d77c3c882d9ab608add591ccace47a44?s=96&d=mm&r=g","caption":"Kuzeyin Sesi"},"sameAs":["https:\/\/kuzeyinsesi.org"],"url":"https:\/\/kuzeyinsesi.org\/index.php\/author\/guven\/"}]}},"_links":{"self":[{"href":"https:\/\/kuzeyinsesi.org\/index.php\/wp-json\/wp\/v2\/posts\/19591","targetHints":{"allow":["GET"]}}],"collection":[{"href":"https:\/\/kuzeyinsesi.org\/index.php\/wp-json\/wp\/v2\/posts"}],"about":[{"href":"https:\/\/kuzeyinsesi.org\/index.php\/wp-json\/wp\/v2\/types\/post"}],"author":[{"embeddable":true,"href":"https:\/\/kuzeyinsesi.org\/index.php\/wp-json\/wp\/v2\/users\/1"}],"replies":[{"embeddable":true,"href":"https:\/\/kuzeyinsesi.org\/index.php\/wp-json\/wp\/v2\/comments?post=19591"}],"version-history":[{"count":0,"href":"https:\/\/kuzeyinsesi.org\/index.php\/wp-json\/wp\/v2\/posts\/19591\/revisions"}],"wp:featuredmedia":[{"embeddable":true,"href":"https:\/\/kuzeyinsesi.org\/index.php\/wp-json\/wp\/v2\/media\/19592"}],"wp:attachment":[{"href":"https:\/\/kuzeyinsesi.org\/index.php\/wp-json\/wp\/v2\/media?parent=19591"}],"wp:term":[{"taxonomy":"category","embeddable":true,"href":"https:\/\/kuzeyinsesi.org\/index.php\/wp-json\/wp\/v2\/categories?post=19591"},{"taxonomy":"post_tag","embeddable":true,"href":"https:\/\/kuzeyinsesi.org\/index.php\/wp-json\/wp\/v2\/tags?post=19591"}],"curies":[{"name":"wp","href":"https:\/\/api.w.org\/{rel}","templated":true}]}}