{"id":19570,"date":"2025-02-22T19:23:32","date_gmt":"2025-02-22T17:23:32","guid":{"rendered":"https:\/\/kuzeyinsesi.org\/index.php\/2025\/02\/22\/oksuzoglunun-doganin-goz-yaslari-adli-resim-sergisi-girne-halk-kutuphanesinde-aciliyor\/"},"modified":"2025-02-22T19:23:32","modified_gmt":"2025-02-22T17:23:32","slug":"oksuzoglunun-doganin-goz-yaslari-adli-resim-sergisi-girne-halk-kutuphanesinde-aciliyor","status":"publish","type":"post","link":"https:\/\/kuzeyinsesi.org\/index.php\/2025\/02\/22\/oksuzoglunun-doganin-goz-yaslari-adli-resim-sergisi-girne-halk-kutuphanesinde-aciliyor\/","title":{"rendered":"\u00d6ks\u00fczo\u011flu\u2019nun \u201cDo\u011fan\u0131n G\u00f6z Ya\u015flar\u0131\u201d adl\u0131 resim sergisi Girne Halk K\u00fct\u00fcphanesi\u2019nde a\u00e7\u0131l\u0131yor"},"content":{"rendered":"<div>\n<div class=\"mariselle-image-container center\">\n                                            <\/div>\n<p>T\u00fcrk D\u00fcnyas\u0131 \u015eiir \u00d6d\u00fcl\u00fc sahibi Oktay \u00d6ks\u00fczo\u011flu\u2019nun \u201cDo\u011fan\u0131n G\u00f6z Ya\u015flar\u0131\u201d ad\u0131n\u0131 verdi\u011fi ya\u011fl\u0131 boya resim sergisi K\u00fclt\u00fcr Dairesi\u2019ne ba\u011fl\u0131 Girne Halk K\u00fct\u00fcphanesi\u2019nde a\u00e7\u0131l\u0131yor.<\/p>\n<p>Sergi 25 \u015eubat Sal\u0131 g\u00fcn\u00fc saat 17.00\u2019de K\u00fclt\u00fcr Dairesi M\u00fcd\u00fcr\u00fc \u015eirin Zaima\u011fao\u011flu taraf\u0131ndan a\u00e7\u0131lacak.<\/p>\n<p>Ba\u015fbakan Yard\u0131mc\u0131l\u0131\u011f\u0131 Turizm K\u00fclt\u00fcr Gen\u00e7lik ve \u00c7evre Bakanl\u0131\u011f\u0131\u2019na ba\u011fl\u0131 K\u00fclt\u00fcr Dairesi\u2019nden verilen bilgiye g\u00f6re, sergi 7 Mart Cuma g\u00fcn\u00fcne kadar mesai saatleri aras\u0131nda ziyaret edilebilecek.<\/p>\n<\/p><\/div>\n<p><script async\n                    defer\n                    crossorigin=\"anonymous\"\n                    src=\"https:\/\/connect.facebook.net\/tr_TR\/sdk.js#xfbml=1&#038;version=v3.3\"\n            ><\/script><\/p>\n","protected":false},"excerpt":{"rendered":"<p>T\u00fcrk D\u00fcnyas\u0131 \u015eiir \u00d6d\u00fcl\u00fc sahibi Oktay \u00d6ks\u00fczo\u011flu\u2019nun \u201cDo\u011fan\u0131n G\u00f6z Ya\u015flar\u0131\u201d ad\u0131n\u0131 verdi\u011fi ya\u011fl\u0131 boya resim sergisi K\u00fclt\u00fcr Dairesi\u2019ne ba\u011fl\u0131 Girne Halk K\u00fct\u00fcphanesi\u2019nde a\u00e7\u0131l\u0131yor. Sergi 25 \u015eubat Sal\u0131 g\u00fcn\u00fc saat 17.00\u2019de K\u00fclt\u00fcr Dairesi M\u00fcd\u00fcr\u00fc \u015eirin Zaima\u011fao\u011flu taraf\u0131ndan a\u00e7\u0131lacak. Ba\u015fbakan Yard\u0131mc\u0131l\u0131\u011f\u0131 Turizm K\u00fclt\u00fcr Gen\u00e7lik ve \u00c7evre Bakanl\u0131\u011f\u0131\u2019na ba\u011fl\u0131 K\u00fclt\u00fcr Dairesi\u2019nden verilen bilgiye g\u00f6re, sergi 7 Mart Cuma [&hellip;]<\/p>\n","protected":false},"author":1,"featured_media":19571,"comment_status":"open","ping_status":"open","sticky":false,"template":"","format":"standard","meta":{"jnews-multi-image_gallery":[],"jnews_single_post":[],"jnews_primary_category":[],"jnews_social_meta":[],"jnews_override_counter":[],"footnotes":""},"categories":[6],"tags":[],"class_list":["post-19570","post","type-post","status-publish","format-standard","has-post-thumbnail","hentry","category-yasam"],"yoast_head":"<!-- This site is optimized with the Yoast SEO plugin v27.4 - https:\/\/yoast.com\/product\/yoast-seo-wordpress\/ -->\n<title>\u00d6ks\u00fczo\u011flu\u2019nun \u201cDo\u011fan\u0131n G\u00f6z Ya\u015flar\u0131\u201d adl\u0131 resim sergisi Girne Halk K\u00fct\u00fcphanesi\u2019nde a\u00e7\u0131l\u0131yor - Kuzeyin Sesi<\/title>\n<meta name=\"robots\" content=\"index, follow, max-snippet:-1, max-image-preview:large, max-video-preview:-1\" \/>\n<link rel=\"canonical\" href=\"https:\/\/kuzeyinsesi.org\/index.php\/2025\/02\/22\/oksuzoglunun-doganin-goz-yaslari-adli-resim-sergisi-girne-halk-kutuphanesinde-aciliyor\/\" \/>\n<meta property=\"og:locale\" content=\"tr_TR\" \/>\n<meta property=\"og:type\" content=\"article\" \/>\n<meta property=\"og:title\" content=\"\u00d6ks\u00fczo\u011flu\u2019nun \u201cDo\u011fan\u0131n G\u00f6z Ya\u015flar\u0131\u201d adl\u0131 resim sergisi Girne Halk K\u00fct\u00fcphanesi\u2019nde a\u00e7\u0131l\u0131yor - Kuzeyin Sesi\" \/>\n<meta property=\"og:description\" content=\"T\u00fcrk D\u00fcnyas\u0131 \u015eiir \u00d6d\u00fcl\u00fc sahibi Oktay \u00d6ks\u00fczo\u011flu\u2019nun \u201cDo\u011fan\u0131n G\u00f6z Ya\u015flar\u0131\u201d ad\u0131n\u0131 verdi\u011fi ya\u011fl\u0131 boya resim sergisi K\u00fclt\u00fcr Dairesi\u2019ne ba\u011fl\u0131 Girne Halk K\u00fct\u00fcphanesi\u2019nde a\u00e7\u0131l\u0131yor. Sergi 25 \u015eubat Sal\u0131 g\u00fcn\u00fc saat 17.00\u2019de K\u00fclt\u00fcr Dairesi M\u00fcd\u00fcr\u00fc \u015eirin Zaima\u011fao\u011flu taraf\u0131ndan a\u00e7\u0131lacak. Ba\u015fbakan Yard\u0131mc\u0131l\u0131\u011f\u0131 Turizm K\u00fclt\u00fcr Gen\u00e7lik ve \u00c7evre Bakanl\u0131\u011f\u0131\u2019na ba\u011fl\u0131 K\u00fclt\u00fcr Dairesi\u2019nden verilen bilgiye g\u00f6re, sergi 7 Mart Cuma [&hellip;]\" \/>\n<meta property=\"og:url\" content=\"https:\/\/kuzeyinsesi.org\/index.php\/2025\/02\/22\/oksuzoglunun-doganin-goz-yaslari-adli-resim-sergisi-girne-halk-kutuphanesinde-aciliyor\/\" \/>\n<meta property=\"og:site_name\" content=\"Kuzeyin Sesi\" \/>\n<meta property=\"article:publisher\" content=\"https:\/\/www.facebook.com\/kuzeyinsesii\" \/>\n<meta property=\"article:published_time\" content=\"2025-02-22T17:23:32+00:00\" \/>\n<meta property=\"og:image\" content=\"https:\/\/brtk.net\/wp-content\/uploads\/2025\/02\/22\/gozyasi.jpg?ver=39e75dc374df86a955f42b60d161380e\" \/>\n<meta name=\"author\" content=\"Kuzeyin Sesi\" \/>\n<meta name=\"twitter:card\" content=\"summary_large_image\" \/>\n<meta name=\"twitter:creator\" content=\"@kuzeyinsesii\" \/>\n<meta name=\"twitter:site\" content=\"@kuzeyinsesii\" \/>\n<meta name=\"twitter:label1\" content=\"Yazan:\" \/>\n\t<meta name=\"twitter:data1\" content=\"Kuzeyin Sesi\" \/>\n\t<meta name=\"twitter:label2\" content=\"Tahmini okuma s\u00fcresi\" \/>\n\t<meta name=\"twitter:data2\" content=\"1 dakika\" \/>\n<script type=\"application\/ld+json\" class=\"yoast-schema-graph\">{\"@context\":\"https:\\\/\\\/schema.org\",\"@graph\":[{\"@type\":\"Article\",\"@id\":\"https:\\\/\\\/kuzeyinsesi.org\\\/index.php\\\/2025\\\/02\\\/22\\\/oksuzoglunun-doganin-goz-yaslari-adli-resim-sergisi-girne-halk-kutuphanesinde-aciliyor\\\/#article\",\"isPartOf\":{\"@id\":\"https:\\\/\\\/kuzeyinsesi.org\\\/index.php\\\/2025\\\/02\\\/22\\\/oksuzoglunun-doganin-goz-yaslari-adli-resim-sergisi-girne-halk-kutuphanesinde-aciliyor\\\/\"},\"author\":{\"name\":\"Kuzeyin Sesi\",\"@id\":\"https:\\\/\\\/kuzeyinsesi.org\\\/#\\\/schema\\\/person\\\/9f859689cdf01485597712386e37f5aa\"},\"headline\":\"\u00d6ks\u00fczo\u011flu\u2019nun \u201cDo\u011fan\u0131n G\u00f6z Ya\u015flar\u0131\u201d adl\u0131 resim sergisi Girne Halk K\u00fct\u00fcphanesi\u2019nde a\u00e7\u0131l\u0131yor\",\"datePublished\":\"2025-02-22T17:23:32+00:00\",\"mainEntityOfPage\":{\"@id\":\"https:\\\/\\\/kuzeyinsesi.org\\\/index.php\\\/2025\\\/02\\\/22\\\/oksuzoglunun-doganin-goz-yaslari-adli-resim-sergisi-girne-halk-kutuphanesinde-aciliyor\\\/\"},\"wordCount\":129,\"commentCount\":0,\"image\":{\"@id\":\"https:\\\/\\\/kuzeyinsesi.org\\\/index.php\\\/2025\\\/02\\\/22\\\/oksuzoglunun-doganin-goz-yaslari-adli-resim-sergisi-girne-halk-kutuphanesinde-aciliyor\\\/#primaryimage\"},\"thumbnailUrl\":\"https:\\\/\\\/kuzeyinsesi.org\\\/wp-content\\\/uploads\\\/2025\\\/02\\\/gozyasi.jpg\",\"articleSection\":[\"Ya\u015fam\"],\"inLanguage\":\"tr\",\"potentialAction\":[{\"@type\":\"CommentAction\",\"name\":\"Comment\",\"target\":[\"https:\\\/\\\/kuzeyinsesi.org\\\/index.php\\\/2025\\\/02\\\/22\\\/oksuzoglunun-doganin-goz-yaslari-adli-resim-sergisi-girne-halk-kutuphanesinde-aciliyor\\\/#respond\"]}]},{\"@type\":\"WebPage\",\"@id\":\"https:\\\/\\\/kuzeyinsesi.org\\\/index.php\\\/2025\\\/02\\\/22\\\/oksuzoglunun-doganin-goz-yaslari-adli-resim-sergisi-girne-halk-kutuphanesinde-aciliyor\\\/\",\"url\":\"https:\\\/\\\/kuzeyinsesi.org\\\/index.php\\\/2025\\\/02\\\/22\\\/oksuzoglunun-doganin-goz-yaslari-adli-resim-sergisi-girne-halk-kutuphanesinde-aciliyor\\\/\",\"name\":\"\u00d6ks\u00fczo\u011flu\u2019nun \u201cDo\u011fan\u0131n G\u00f6z Ya\u015flar\u0131\u201d adl\u0131 resim sergisi Girne Halk K\u00fct\u00fcphanesi\u2019nde a\u00e7\u0131l\u0131yor - Kuzeyin Sesi\",\"isPartOf\":{\"@id\":\"https:\\\/\\\/kuzeyinsesi.org\\\/#website\"},\"primaryImageOfPage\":{\"@id\":\"https:\\\/\\\/kuzeyinsesi.org\\\/index.php\\\/2025\\\/02\\\/22\\\/oksuzoglunun-doganin-goz-yaslari-adli-resim-sergisi-girne-halk-kutuphanesinde-aciliyor\\\/#primaryimage\"},\"image\":{\"@id\":\"https:\\\/\\\/kuzeyinsesi.org\\\/index.php\\\/2025\\\/02\\\/22\\\/oksuzoglunun-doganin-goz-yaslari-adli-resim-sergisi-girne-halk-kutuphanesinde-aciliyor\\\/#primaryimage\"},\"thumbnailUrl\":\"https:\\\/\\\/kuzeyinsesi.org\\\/wp-content\\\/uploads\\\/2025\\\/02\\\/gozyasi.jpg\",\"datePublished\":\"2025-02-22T17:23:32+00:00\",\"author\":{\"@id\":\"https:\\\/\\\/kuzeyinsesi.org\\\/#\\\/schema\\\/person\\\/9f859689cdf01485597712386e37f5aa\"},\"breadcrumb\":{\"@id\":\"https:\\\/\\\/kuzeyinsesi.org\\\/index.php\\\/2025\\\/02\\\/22\\\/oksuzoglunun-doganin-goz-yaslari-adli-resim-sergisi-girne-halk-kutuphanesinde-aciliyor\\\/#breadcrumb\"},\"inLanguage\":\"tr\",\"potentialAction\":[{\"@type\":\"ReadAction\",\"target\":[\"https:\\\/\\\/kuzeyinsesi.org\\\/index.php\\\/2025\\\/02\\\/22\\\/oksuzoglunun-doganin-goz-yaslari-adli-resim-sergisi-girne-halk-kutuphanesinde-aciliyor\\\/\"]}]},{\"@type\":\"ImageObject\",\"inLanguage\":\"tr\",\"@id\":\"https:\\\/\\\/kuzeyinsesi.org\\\/index.php\\\/2025\\\/02\\\/22\\\/oksuzoglunun-doganin-goz-yaslari-adli-resim-sergisi-girne-halk-kutuphanesinde-aciliyor\\\/#primaryimage\",\"url\":\"https:\\\/\\\/kuzeyinsesi.org\\\/wp-content\\\/uploads\\\/2025\\\/02\\\/gozyasi.jpg\",\"contentUrl\":\"https:\\\/\\\/kuzeyinsesi.org\\\/wp-content\\\/uploads\\\/2025\\\/02\\\/gozyasi.jpg\",\"width\":913,\"height\":603},{\"@type\":\"BreadcrumbList\",\"@id\":\"https:\\\/\\\/kuzeyinsesi.org\\\/index.php\\\/2025\\\/02\\\/22\\\/oksuzoglunun-doganin-goz-yaslari-adli-resim-sergisi-girne-halk-kutuphanesinde-aciliyor\\\/#breadcrumb\",\"itemListElement\":[{\"@type\":\"ListItem\",\"position\":1,\"name\":\"Anasayfa\",\"item\":\"https:\\\/\\\/kuzeyinsesi.org\\\/\"},{\"@type\":\"ListItem\",\"position\":2,\"name\":\"\u00d6ks\u00fczo\u011flu\u2019nun \u201cDo\u011fan\u0131n G\u00f6z Ya\u015flar\u0131\u201d adl\u0131 resim sergisi Girne Halk K\u00fct\u00fcphanesi\u2019nde a\u00e7\u0131l\u0131yor\"}]},{\"@type\":\"WebSite\",\"@id\":\"https:\\\/\\\/kuzeyinsesi.org\\\/#website\",\"url\":\"https:\\\/\\\/kuzeyinsesi.org\\\/\",\"name\":\"Kuzeyin Sesi\",\"description\":\"Do\u011fru Haberin Adresi\",\"potentialAction\":[{\"@type\":\"SearchAction\",\"target\":{\"@type\":\"EntryPoint\",\"urlTemplate\":\"https:\\\/\\\/kuzeyinsesi.org\\\/?s={search_term_string}\"},\"query-input\":{\"@type\":\"PropertyValueSpecification\",\"valueRequired\":true,\"valueName\":\"search_term_string\"}}],\"inLanguage\":\"tr\"},{\"@type\":\"Person\",\"@id\":\"https:\\\/\\\/kuzeyinsesi.org\\\/#\\\/schema\\\/person\\\/9f859689cdf01485597712386e37f5aa\",\"name\":\"Kuzeyin Sesi\",\"image\":{\"@type\":\"ImageObject\",\"inLanguage\":\"tr\",\"@id\":\"https:\\\/\\\/secure.gravatar.com\\\/avatar\\\/bab33852abfd8b282518d6ed81826833d77c3c882d9ab608add591ccace47a44?s=96&d=mm&r=g\",\"url\":\"https:\\\/\\\/secure.gravatar.com\\\/avatar\\\/bab33852abfd8b282518d6ed81826833d77c3c882d9ab608add591ccace47a44?s=96&d=mm&r=g\",\"contentUrl\":\"https:\\\/\\\/secure.gravatar.com\\\/avatar\\\/bab33852abfd8b282518d6ed81826833d77c3c882d9ab608add591ccace47a44?s=96&d=mm&r=g\",\"caption\":\"Kuzeyin Sesi\"},\"sameAs\":[\"https:\\\/\\\/kuzeyinsesi.org\"],\"url\":\"https:\\\/\\\/kuzeyinsesi.org\\\/index.php\\\/author\\\/guven\\\/\"}]}<\/script>\n<!-- \/ Yoast SEO plugin. -->","yoast_head_json":{"title":"\u00d6ks\u00fczo\u011flu\u2019nun \u201cDo\u011fan\u0131n G\u00f6z Ya\u015flar\u0131\u201d adl\u0131 resim sergisi Girne Halk K\u00fct\u00fcphanesi\u2019nde a\u00e7\u0131l\u0131yor - Kuzeyin Sesi","robots":{"index":"index","follow":"follow","max-snippet":"max-snippet:-1","max-image-preview":"max-image-preview:large","max-video-preview":"max-video-preview:-1"},"canonical":"https:\/\/kuzeyinsesi.org\/index.php\/2025\/02\/22\/oksuzoglunun-doganin-goz-yaslari-adli-resim-sergisi-girne-halk-kutuphanesinde-aciliyor\/","og_locale":"tr_TR","og_type":"article","og_title":"\u00d6ks\u00fczo\u011flu\u2019nun \u201cDo\u011fan\u0131n G\u00f6z Ya\u015flar\u0131\u201d adl\u0131 resim sergisi Girne Halk K\u00fct\u00fcphanesi\u2019nde a\u00e7\u0131l\u0131yor - Kuzeyin Sesi","og_description":"T\u00fcrk D\u00fcnyas\u0131 \u015eiir \u00d6d\u00fcl\u00fc sahibi Oktay \u00d6ks\u00fczo\u011flu\u2019nun \u201cDo\u011fan\u0131n G\u00f6z Ya\u015flar\u0131\u201d ad\u0131n\u0131 verdi\u011fi ya\u011fl\u0131 boya resim sergisi K\u00fclt\u00fcr Dairesi\u2019ne ba\u011fl\u0131 Girne Halk K\u00fct\u00fcphanesi\u2019nde a\u00e7\u0131l\u0131yor. Sergi 25 \u015eubat Sal\u0131 g\u00fcn\u00fc saat 17.00\u2019de K\u00fclt\u00fcr Dairesi M\u00fcd\u00fcr\u00fc \u015eirin Zaima\u011fao\u011flu taraf\u0131ndan a\u00e7\u0131lacak. Ba\u015fbakan Yard\u0131mc\u0131l\u0131\u011f\u0131 Turizm K\u00fclt\u00fcr Gen\u00e7lik ve \u00c7evre Bakanl\u0131\u011f\u0131\u2019na ba\u011fl\u0131 K\u00fclt\u00fcr Dairesi\u2019nden verilen bilgiye g\u00f6re, sergi 7 Mart Cuma [&hellip;]","og_url":"https:\/\/kuzeyinsesi.org\/index.php\/2025\/02\/22\/oksuzoglunun-doganin-goz-yaslari-adli-resim-sergisi-girne-halk-kutuphanesinde-aciliyor\/","og_site_name":"Kuzeyin Sesi","article_publisher":"https:\/\/www.facebook.com\/kuzeyinsesii","article_published_time":"2025-02-22T17:23:32+00:00","og_image":[{"url":"https:\/\/brtk.net\/wp-content\/uploads\/2025\/02\/22\/gozyasi.jpg?ver=39e75dc374df86a955f42b60d161380e","type":"","width":"","height":""}],"author":"Kuzeyin Sesi","twitter_card":"summary_large_image","twitter_creator":"@kuzeyinsesii","twitter_site":"@kuzeyinsesii","twitter_misc":{"Yazan:":"Kuzeyin Sesi","Tahmini okuma s\u00fcresi":"1 dakika"},"schema":{"@context":"https:\/\/schema.org","@graph":[{"@type":"Article","@id":"https:\/\/kuzeyinsesi.org\/index.php\/2025\/02\/22\/oksuzoglunun-doganin-goz-yaslari-adli-resim-sergisi-girne-halk-kutuphanesinde-aciliyor\/#article","isPartOf":{"@id":"https:\/\/kuzeyinsesi.org\/index.php\/2025\/02\/22\/oksuzoglunun-doganin-goz-yaslari-adli-resim-sergisi-girne-halk-kutuphanesinde-aciliyor\/"},"author":{"name":"Kuzeyin Sesi","@id":"https:\/\/kuzeyinsesi.org\/#\/schema\/person\/9f859689cdf01485597712386e37f5aa"},"headline":"\u00d6ks\u00fczo\u011flu\u2019nun \u201cDo\u011fan\u0131n G\u00f6z Ya\u015flar\u0131\u201d adl\u0131 resim sergisi Girne Halk K\u00fct\u00fcphanesi\u2019nde a\u00e7\u0131l\u0131yor","datePublished":"2025-02-22T17:23:32+00:00","mainEntityOfPage":{"@id":"https:\/\/kuzeyinsesi.org\/index.php\/2025\/02\/22\/oksuzoglunun-doganin-goz-yaslari-adli-resim-sergisi-girne-halk-kutuphanesinde-aciliyor\/"},"wordCount":129,"commentCount":0,"image":{"@id":"https:\/\/kuzeyinsesi.org\/index.php\/2025\/02\/22\/oksuzoglunun-doganin-goz-yaslari-adli-resim-sergisi-girne-halk-kutuphanesinde-aciliyor\/#primaryimage"},"thumbnailUrl":"https:\/\/kuzeyinsesi.org\/wp-content\/uploads\/2025\/02\/gozyasi.jpg","articleSection":["Ya\u015fam"],"inLanguage":"tr","potentialAction":[{"@type":"CommentAction","name":"Comment","target":["https:\/\/kuzeyinsesi.org\/index.php\/2025\/02\/22\/oksuzoglunun-doganin-goz-yaslari-adli-resim-sergisi-girne-halk-kutuphanesinde-aciliyor\/#respond"]}]},{"@type":"WebPage","@id":"https:\/\/kuzeyinsesi.org\/index.php\/2025\/02\/22\/oksuzoglunun-doganin-goz-yaslari-adli-resim-sergisi-girne-halk-kutuphanesinde-aciliyor\/","url":"https:\/\/kuzeyinsesi.org\/index.php\/2025\/02\/22\/oksuzoglunun-doganin-goz-yaslari-adli-resim-sergisi-girne-halk-kutuphanesinde-aciliyor\/","name":"\u00d6ks\u00fczo\u011flu\u2019nun \u201cDo\u011fan\u0131n G\u00f6z Ya\u015flar\u0131\u201d adl\u0131 resim sergisi Girne Halk K\u00fct\u00fcphanesi\u2019nde a\u00e7\u0131l\u0131yor - Kuzeyin Sesi","isPartOf":{"@id":"https:\/\/kuzeyinsesi.org\/#website"},"primaryImageOfPage":{"@id":"https:\/\/kuzeyinsesi.org\/index.php\/2025\/02\/22\/oksuzoglunun-doganin-goz-yaslari-adli-resim-sergisi-girne-halk-kutuphanesinde-aciliyor\/#primaryimage"},"image":{"@id":"https:\/\/kuzeyinsesi.org\/index.php\/2025\/02\/22\/oksuzoglunun-doganin-goz-yaslari-adli-resim-sergisi-girne-halk-kutuphanesinde-aciliyor\/#primaryimage"},"thumbnailUrl":"https:\/\/kuzeyinsesi.org\/wp-content\/uploads\/2025\/02\/gozyasi.jpg","datePublished":"2025-02-22T17:23:32+00:00","author":{"@id":"https:\/\/kuzeyinsesi.org\/#\/schema\/person\/9f859689cdf01485597712386e37f5aa"},"breadcrumb":{"@id":"https:\/\/kuzeyinsesi.org\/index.php\/2025\/02\/22\/oksuzoglunun-doganin-goz-yaslari-adli-resim-sergisi-girne-halk-kutuphanesinde-aciliyor\/#breadcrumb"},"inLanguage":"tr","potentialAction":[{"@type":"ReadAction","target":["https:\/\/kuzeyinsesi.org\/index.php\/2025\/02\/22\/oksuzoglunun-doganin-goz-yaslari-adli-resim-sergisi-girne-halk-kutuphanesinde-aciliyor\/"]}]},{"@type":"ImageObject","inLanguage":"tr","@id":"https:\/\/kuzeyinsesi.org\/index.php\/2025\/02\/22\/oksuzoglunun-doganin-goz-yaslari-adli-resim-sergisi-girne-halk-kutuphanesinde-aciliyor\/#primaryimage","url":"https:\/\/kuzeyinsesi.org\/wp-content\/uploads\/2025\/02\/gozyasi.jpg","contentUrl":"https:\/\/kuzeyinsesi.org\/wp-content\/uploads\/2025\/02\/gozyasi.jpg","width":913,"height":603},{"@type":"BreadcrumbList","@id":"https:\/\/kuzeyinsesi.org\/index.php\/2025\/02\/22\/oksuzoglunun-doganin-goz-yaslari-adli-resim-sergisi-girne-halk-kutuphanesinde-aciliyor\/#breadcrumb","itemListElement":[{"@type":"ListItem","position":1,"name":"Anasayfa","item":"https:\/\/kuzeyinsesi.org\/"},{"@type":"ListItem","position":2,"name":"\u00d6ks\u00fczo\u011flu\u2019nun \u201cDo\u011fan\u0131n G\u00f6z Ya\u015flar\u0131\u201d adl\u0131 resim sergisi Girne Halk K\u00fct\u00fcphanesi\u2019nde a\u00e7\u0131l\u0131yor"}]},{"@type":"WebSite","@id":"https:\/\/kuzeyinsesi.org\/#website","url":"https:\/\/kuzeyinsesi.org\/","name":"Kuzeyin Sesi","description":"Do\u011fru Haberin Adresi","potentialAction":[{"@type":"SearchAction","target":{"@type":"EntryPoint","urlTemplate":"https:\/\/kuzeyinsesi.org\/?s={search_term_string}"},"query-input":{"@type":"PropertyValueSpecification","valueRequired":true,"valueName":"search_term_string"}}],"inLanguage":"tr"},{"@type":"Person","@id":"https:\/\/kuzeyinsesi.org\/#\/schema\/person\/9f859689cdf01485597712386e37f5aa","name":"Kuzeyin Sesi","image":{"@type":"ImageObject","inLanguage":"tr","@id":"https:\/\/secure.gravatar.com\/avatar\/bab33852abfd8b282518d6ed81826833d77c3c882d9ab608add591ccace47a44?s=96&d=mm&r=g","url":"https:\/\/secure.gravatar.com\/avatar\/bab33852abfd8b282518d6ed81826833d77c3c882d9ab608add591ccace47a44?s=96&d=mm&r=g","contentUrl":"https:\/\/secure.gravatar.com\/avatar\/bab33852abfd8b282518d6ed81826833d77c3c882d9ab608add591ccace47a44?s=96&d=mm&r=g","caption":"Kuzeyin Sesi"},"sameAs":["https:\/\/kuzeyinsesi.org"],"url":"https:\/\/kuzeyinsesi.org\/index.php\/author\/guven\/"}]}},"_links":{"self":[{"href":"https:\/\/kuzeyinsesi.org\/index.php\/wp-json\/wp\/v2\/posts\/19570","targetHints":{"allow":["GET"]}}],"collection":[{"href":"https:\/\/kuzeyinsesi.org\/index.php\/wp-json\/wp\/v2\/posts"}],"about":[{"href":"https:\/\/kuzeyinsesi.org\/index.php\/wp-json\/wp\/v2\/types\/post"}],"author":[{"embeddable":true,"href":"https:\/\/kuzeyinsesi.org\/index.php\/wp-json\/wp\/v2\/users\/1"}],"replies":[{"embeddable":true,"href":"https:\/\/kuzeyinsesi.org\/index.php\/wp-json\/wp\/v2\/comments?post=19570"}],"version-history":[{"count":0,"href":"https:\/\/kuzeyinsesi.org\/index.php\/wp-json\/wp\/v2\/posts\/19570\/revisions"}],"wp:featuredmedia":[{"embeddable":true,"href":"https:\/\/kuzeyinsesi.org\/index.php\/wp-json\/wp\/v2\/media\/19571"}],"wp:attachment":[{"href":"https:\/\/kuzeyinsesi.org\/index.php\/wp-json\/wp\/v2\/media?parent=19570"}],"wp:term":[{"taxonomy":"category","embeddable":true,"href":"https:\/\/kuzeyinsesi.org\/index.php\/wp-json\/wp\/v2\/categories?post=19570"},{"taxonomy":"post_tag","embeddable":true,"href":"https:\/\/kuzeyinsesi.org\/index.php\/wp-json\/wp\/v2\/tags?post=19570"}],"curies":[{"name":"wp","href":"https:\/\/api.w.org\/{rel}","templated":true}]}}