{"id":19469,"date":"2025-02-21T14:25:45","date_gmt":"2025-02-21T12:25:45","guid":{"rendered":"https:\/\/kuzeyinsesi.org\/index.php\/2025\/02\/21\/kktc-ile-turkiyenin-cevre-alaninda-yaptigi-is-birligi-kapsaminda-bazi-projeler-hayata-gecirilecek\/"},"modified":"2025-02-21T14:25:45","modified_gmt":"2025-02-21T12:25:45","slug":"kktc-ile-turkiyenin-cevre-alaninda-yaptigi-is-birligi-kapsaminda-bazi-projeler-hayata-gecirilecek","status":"publish","type":"post","link":"https:\/\/kuzeyinsesi.org\/index.php\/2025\/02\/21\/kktc-ile-turkiyenin-cevre-alaninda-yaptigi-is-birligi-kapsaminda-bazi-projeler-hayata-gecirilecek\/","title":{"rendered":"KKTC ile T\u00fcrkiye\u2019nin \u00e7evre alan\u0131nda yapt\u0131\u011f\u0131 i\u015f birli\u011fi kapsam\u0131nda baz\u0131 projeler hayata ge\u00e7irilecek"},"content":{"rendered":"<div>\n<div class=\"mariselle-image-container center\">\n                                            <\/div>\n<p> KKTC ile T\u00fcrkiye\u2019nin \u00e7evre alan\u0131nda yapt\u0131\u011f\u0131 i\u015f birli\u011fi kapsam\u0131nda baz\u0131 projeler hayata ge\u00e7iriliyor. T\u00fcrkiye Cumhuriyeti \u00c7evre, \u015eehircilik ve \u0130klim De\u011fi\u015fikli\u011fi Bakanl\u0131\u011f\u0131\u2019n\u0131n teknik destek da sa\u011flayaca\u011f\u0131 kat\u0131 at\u0131klar\u0131n etkin y\u00f6netimi, yeni yerle\u015fim b\u00f6lgelerine kanalizasyon ve at\u0131k su ar\u0131tma altyap\u0131s\u0131 kurulmas\u0131, k\u0131y\u0131lar\u0131n\u0131n temizli\u011fi gibi alanlarda hayata ge\u00e7irilecek projeler aras\u0131nda Mobil \u00c7evre Laboratuvar\u0131\u2019n\u0131n kurulmas\u0131 da var.<\/p>\n<p>Ba\u015fbakan Yard\u0131mc\u0131l\u0131\u011f\u0131 Turizm, K\u00fclt\u00fcr, Gen\u00e7lik ve \u00c7evre Bakanl\u0131\u011f\u0131\u2019ndan verilen bilgiye g\u00f6re, \u00c7evre Koruma Dairesi M\u00fcd\u00fcr\u00fc Abdullah Aktolgal\u0131 ba\u015fkanl\u0131\u011f\u0131ndaki heyet, T\u00fcrkiye Cumhuriyeti \u00c7evre, \u015eehircilik ve \u0130klim De\u011fi\u015fikli\u011fi Bakanl\u0131\u011f\u0131\u2019n\u0131 ziyaret ederek \u00e7evresel i\u015f birli\u011fi projeleri ve s\u00fcrd\u00fcr\u00fclebilir at\u0131k y\u00f6netimi konular\u0131n\u0131 ele ald\u0131.<\/p>\n<p>Toplant\u0131, T\u00fcrkiye \u00c7evre ve \u0130klim De\u011fi\u015fikli\u011fi Bakanl\u0131\u011f\u0131 \u00c7ED, \u0130zin ve Denetim Genel M\u00fcd\u00fcr\u00fc Eyy\u00fcp Karahan, \u00c7evre Y\u00f6netimi Genel M\u00fcd\u00fcr\u00fc Fatih Turan, AB ve D\u0131\u015f \u0130li\u015fkiler Genel M\u00fcd\u00fcr\u00fc \u0130smail T\u00fczgen ve T\u00dc\u00c7A Ba\u015fkan\u0131 Prof. Dr. Ferhat Pirin\u00e7ci\u2019nin kat\u0131l\u0131m\u0131yla yap\u0131ld\u0131.<\/p>\n<p>\u201cT\u00fcrkiye Cumhuriyeti ve Kuzey K\u0131br\u0131s T\u00fcrk Cumhuriyeti \u0130\u015f birli\u011fi \u00c7er\u00e7eve Belgesi Eylem Plan\u0131\u201d kapsam\u0131nda al\u0131nan baz\u0131 kararlar ise \u015funlar:<\/p>\n<p>\u201cKKTC\u2019de s\u00fcrd\u00fcr\u00fclebilir at\u0131k y\u00f6netimi i\u00e7in \u2018S\u0131f\u0131r At\u0131k ve Depozito Sistemi\u2019 hayata ge\u00e7irilecek. Kat\u0131 at\u0131klar\u0131n etkin \u015fekilde y\u00f6netilmesi i\u00e7in ortak projeler geli\u015ftirilecek. KKTC\u2019de \u00e7evresel izleme \u00e7al\u0131\u015fmalar\u0131n\u0131 g\u00fc\u00e7lendirmek i\u00e7in Mobil \u00c7evre Laboratuvar\u0131 kurulacak. \u0130skele ve Lefke belediyesi s\u0131n\u0131rlar\u0131 i\u00e7inde yer alan yeni yerle\u015fim b\u00f6lgelerinin kanalizasyon ve at\u0131k su ar\u0131tma altyap\u0131s\u0131 i\u00e7in teknik destek sa\u011flanacak. KKTC k\u0131y\u0131lar\u0131n\u0131n temizli\u011fi ve korunmas\u0131 amac\u0131yla Deniz \u00c7\u00f6pleri Eylem Plan\u0131 haz\u0131rlanacak ve uygulamaya konulacak. KKTC k\u0131y\u0131 tesislerinde gemilere kesintisiz at\u0131k al\u0131m hizmeti sunulmas\u0131 i\u00e7in fizibilite \u00e7al\u0131\u015fmalar\u0131 yap\u0131lacak ve sistemin kurulmas\u0131 sa\u011flanacak. KKTC\u2019de \u00e7evresel s\u00fcrd\u00fcr\u00fclebilirli\u011fi art\u0131rarak b\u00f6lgesel i\u015f birli\u011fini g\u00fc\u00e7lendirecek.\u201d<\/p>\n<\/p><\/div>\n<p><script async\n                    defer\n                    crossorigin=\"anonymous\"\n                    src=\"https:\/\/connect.facebook.net\/tr_TR\/sdk.js#xfbml=1&#038;version=v3.3\"\n            ><\/script><\/p>\n","protected":false},"excerpt":{"rendered":"<p>KKTC ile T\u00fcrkiye\u2019nin \u00e7evre alan\u0131nda yapt\u0131\u011f\u0131 i\u015f birli\u011fi kapsam\u0131nda baz\u0131 projeler hayata ge\u00e7iriliyor. T\u00fcrkiye Cumhuriyeti \u00c7evre, \u015eehircilik ve \u0130klim De\u011fi\u015fikli\u011fi Bakanl\u0131\u011f\u0131\u2019n\u0131n teknik destek da sa\u011flayaca\u011f\u0131 kat\u0131 at\u0131klar\u0131n etkin y\u00f6netimi, yeni yerle\u015fim b\u00f6lgelerine kanalizasyon ve at\u0131k su ar\u0131tma altyap\u0131s\u0131 kurulmas\u0131, k\u0131y\u0131lar\u0131n\u0131n temizli\u011fi gibi alanlarda hayata ge\u00e7irilecek projeler aras\u0131nda Mobil \u00c7evre Laboratuvar\u0131\u2019n\u0131n kurulmas\u0131 da var. Ba\u015fbakan Yard\u0131mc\u0131l\u0131\u011f\u0131 [&hellip;]<\/p>\n","protected":false},"author":1,"featured_media":19470,"comment_status":"open","ping_status":"open","sticky":false,"template":"","format":"standard","meta":{"jnews-multi-image_gallery":[],"jnews_single_post":[],"jnews_primary_category":[],"jnews_social_meta":[],"jnews_override_counter":[],"footnotes":""},"categories":[5],"tags":[],"class_list":["post-19469","post","type-post","status-publish","format-standard","has-post-thumbnail","hentry","category-turkiye"],"yoast_head":"<!-- This site is optimized with the Yoast SEO plugin v27.5 - https:\/\/yoast.com\/product\/yoast-seo-wordpress\/ -->\n<title>KKTC ile T\u00fcrkiye\u2019nin \u00e7evre alan\u0131nda yapt\u0131\u011f\u0131 i\u015f birli\u011fi kapsam\u0131nda baz\u0131 projeler hayata ge\u00e7irilecek - Kuzeyin Sesi<\/title>\n<meta name=\"robots\" content=\"index, follow, max-snippet:-1, max-image-preview:large, max-video-preview:-1\" \/>\n<link rel=\"canonical\" href=\"https:\/\/kuzeyinsesi.org\/index.php\/2025\/02\/21\/kktc-ile-turkiyenin-cevre-alaninda-yaptigi-is-birligi-kapsaminda-bazi-projeler-hayata-gecirilecek\/\" \/>\n<meta property=\"og:locale\" content=\"tr_TR\" \/>\n<meta property=\"og:type\" content=\"article\" \/>\n<meta property=\"og:title\" content=\"KKTC ile T\u00fcrkiye\u2019nin \u00e7evre alan\u0131nda yapt\u0131\u011f\u0131 i\u015f birli\u011fi kapsam\u0131nda baz\u0131 projeler hayata ge\u00e7irilecek - Kuzeyin Sesi\" \/>\n<meta property=\"og:description\" content=\"KKTC ile T\u00fcrkiye\u2019nin \u00e7evre alan\u0131nda yapt\u0131\u011f\u0131 i\u015f birli\u011fi kapsam\u0131nda baz\u0131 projeler hayata ge\u00e7iriliyor. T\u00fcrkiye Cumhuriyeti \u00c7evre, \u015eehircilik ve \u0130klim De\u011fi\u015fikli\u011fi Bakanl\u0131\u011f\u0131\u2019n\u0131n teknik destek da sa\u011flayaca\u011f\u0131 kat\u0131 at\u0131klar\u0131n etkin y\u00f6netimi, yeni yerle\u015fim b\u00f6lgelerine kanalizasyon ve at\u0131k su ar\u0131tma altyap\u0131s\u0131 kurulmas\u0131, k\u0131y\u0131lar\u0131n\u0131n temizli\u011fi gibi alanlarda hayata ge\u00e7irilecek projeler aras\u0131nda Mobil \u00c7evre Laboratuvar\u0131\u2019n\u0131n kurulmas\u0131 da var. Ba\u015fbakan Yard\u0131mc\u0131l\u0131\u011f\u0131 [&hellip;]\" \/>\n<meta property=\"og:url\" content=\"https:\/\/kuzeyinsesi.org\/index.php\/2025\/02\/21\/kktc-ile-turkiyenin-cevre-alaninda-yaptigi-is-birligi-kapsaminda-bazi-projeler-hayata-gecirilecek\/\" \/>\n<meta property=\"og:site_name\" content=\"Kuzeyin Sesi\" \/>\n<meta property=\"article:publisher\" content=\"https:\/\/www.facebook.com\/kuzeyinsesii\" \/>\n<meta property=\"article:published_time\" content=\"2025-02-21T12:25:45+00:00\" \/>\n<meta property=\"og:image\" content=\"https:\/\/brtk.net\/wp-content\/uploads\/2025\/02\/21\/218502852.jpg?ver=84acf27c13421fc451c9bd45e5b4685c\" \/>\n<meta name=\"author\" content=\"Kuzeyin Sesi\" \/>\n<meta name=\"twitter:card\" content=\"summary_large_image\" \/>\n<meta name=\"twitter:creator\" content=\"@kuzeyinsesii\" \/>\n<meta name=\"twitter:site\" content=\"@kuzeyinsesii\" \/>\n<meta name=\"twitter:label1\" content=\"Yazan:\" \/>\n\t<meta name=\"twitter:data1\" content=\"Kuzeyin Sesi\" \/>\n\t<meta name=\"twitter:label2\" content=\"Tahmini okuma s\u00fcresi\" \/>\n\t<meta name=\"twitter:data2\" content=\"2 dakika\" \/>\n<script type=\"application\/ld+json\" class=\"yoast-schema-graph\">{\"@context\":\"https:\\\/\\\/schema.org\",\"@graph\":[{\"@type\":\"Article\",\"@id\":\"https:\\\/\\\/kuzeyinsesi.org\\\/index.php\\\/2025\\\/02\\\/21\\\/kktc-ile-turkiyenin-cevre-alaninda-yaptigi-is-birligi-kapsaminda-bazi-projeler-hayata-gecirilecek\\\/#article\",\"isPartOf\":{\"@id\":\"https:\\\/\\\/kuzeyinsesi.org\\\/index.php\\\/2025\\\/02\\\/21\\\/kktc-ile-turkiyenin-cevre-alaninda-yaptigi-is-birligi-kapsaminda-bazi-projeler-hayata-gecirilecek\\\/\"},\"author\":{\"name\":\"Kuzeyin Sesi\",\"@id\":\"https:\\\/\\\/kuzeyinsesi.org\\\/#\\\/schema\\\/person\\\/9f859689cdf01485597712386e37f5aa\"},\"headline\":\"KKTC ile T\u00fcrkiye\u2019nin \u00e7evre alan\u0131nda yapt\u0131\u011f\u0131 i\u015f birli\u011fi kapsam\u0131nda baz\u0131 projeler hayata ge\u00e7irilecek\",\"datePublished\":\"2025-02-21T12:25:45+00:00\",\"mainEntityOfPage\":{\"@id\":\"https:\\\/\\\/kuzeyinsesi.org\\\/index.php\\\/2025\\\/02\\\/21\\\/kktc-ile-turkiyenin-cevre-alaninda-yaptigi-is-birligi-kapsaminda-bazi-projeler-hayata-gecirilecek\\\/\"},\"wordCount\":397,\"commentCount\":0,\"image\":{\"@id\":\"https:\\\/\\\/kuzeyinsesi.org\\\/index.php\\\/2025\\\/02\\\/21\\\/kktc-ile-turkiyenin-cevre-alaninda-yaptigi-is-birligi-kapsaminda-bazi-projeler-hayata-gecirilecek\\\/#primaryimage\"},\"thumbnailUrl\":\"https:\\\/\\\/kuzeyinsesi.org\\\/wp-content\\\/uploads\\\/2025\\\/02\\\/218502852.jpg\",\"articleSection\":[\"T\u00fcrkiye\"],\"inLanguage\":\"tr\",\"potentialAction\":[{\"@type\":\"CommentAction\",\"name\":\"Comment\",\"target\":[\"https:\\\/\\\/kuzeyinsesi.org\\\/index.php\\\/2025\\\/02\\\/21\\\/kktc-ile-turkiyenin-cevre-alaninda-yaptigi-is-birligi-kapsaminda-bazi-projeler-hayata-gecirilecek\\\/#respond\"]}]},{\"@type\":\"WebPage\",\"@id\":\"https:\\\/\\\/kuzeyinsesi.org\\\/index.php\\\/2025\\\/02\\\/21\\\/kktc-ile-turkiyenin-cevre-alaninda-yaptigi-is-birligi-kapsaminda-bazi-projeler-hayata-gecirilecek\\\/\",\"url\":\"https:\\\/\\\/kuzeyinsesi.org\\\/index.php\\\/2025\\\/02\\\/21\\\/kktc-ile-turkiyenin-cevre-alaninda-yaptigi-is-birligi-kapsaminda-bazi-projeler-hayata-gecirilecek\\\/\",\"name\":\"KKTC ile T\u00fcrkiye\u2019nin \u00e7evre alan\u0131nda yapt\u0131\u011f\u0131 i\u015f birli\u011fi kapsam\u0131nda baz\u0131 projeler hayata ge\u00e7irilecek - Kuzeyin Sesi\",\"isPartOf\":{\"@id\":\"https:\\\/\\\/kuzeyinsesi.org\\\/#website\"},\"primaryImageOfPage\":{\"@id\":\"https:\\\/\\\/kuzeyinsesi.org\\\/index.php\\\/2025\\\/02\\\/21\\\/kktc-ile-turkiyenin-cevre-alaninda-yaptigi-is-birligi-kapsaminda-bazi-projeler-hayata-gecirilecek\\\/#primaryimage\"},\"image\":{\"@id\":\"https:\\\/\\\/kuzeyinsesi.org\\\/index.php\\\/2025\\\/02\\\/21\\\/kktc-ile-turkiyenin-cevre-alaninda-yaptigi-is-birligi-kapsaminda-bazi-projeler-hayata-gecirilecek\\\/#primaryimage\"},\"thumbnailUrl\":\"https:\\\/\\\/kuzeyinsesi.org\\\/wp-content\\\/uploads\\\/2025\\\/02\\\/218502852.jpg\",\"datePublished\":\"2025-02-21T12:25:45+00:00\",\"author\":{\"@id\":\"https:\\\/\\\/kuzeyinsesi.org\\\/#\\\/schema\\\/person\\\/9f859689cdf01485597712386e37f5aa\"},\"breadcrumb\":{\"@id\":\"https:\\\/\\\/kuzeyinsesi.org\\\/index.php\\\/2025\\\/02\\\/21\\\/kktc-ile-turkiyenin-cevre-alaninda-yaptigi-is-birligi-kapsaminda-bazi-projeler-hayata-gecirilecek\\\/#breadcrumb\"},\"inLanguage\":\"tr\",\"potentialAction\":[{\"@type\":\"ReadAction\",\"target\":[\"https:\\\/\\\/kuzeyinsesi.org\\\/index.php\\\/2025\\\/02\\\/21\\\/kktc-ile-turkiyenin-cevre-alaninda-yaptigi-is-birligi-kapsaminda-bazi-projeler-hayata-gecirilecek\\\/\"]}]},{\"@type\":\"ImageObject\",\"inLanguage\":\"tr\",\"@id\":\"https:\\\/\\\/kuzeyinsesi.org\\\/index.php\\\/2025\\\/02\\\/21\\\/kktc-ile-turkiyenin-cevre-alaninda-yaptigi-is-birligi-kapsaminda-bazi-projeler-hayata-gecirilecek\\\/#primaryimage\",\"url\":\"https:\\\/\\\/kuzeyinsesi.org\\\/wp-content\\\/uploads\\\/2025\\\/02\\\/218502852.jpg\",\"contentUrl\":\"https:\\\/\\\/kuzeyinsesi.org\\\/wp-content\\\/uploads\\\/2025\\\/02\\\/218502852.jpg\",\"width\":1600,\"height\":621},{\"@type\":\"BreadcrumbList\",\"@id\":\"https:\\\/\\\/kuzeyinsesi.org\\\/index.php\\\/2025\\\/02\\\/21\\\/kktc-ile-turkiyenin-cevre-alaninda-yaptigi-is-birligi-kapsaminda-bazi-projeler-hayata-gecirilecek\\\/#breadcrumb\",\"itemListElement\":[{\"@type\":\"ListItem\",\"position\":1,\"name\":\"Anasayfa\",\"item\":\"https:\\\/\\\/kuzeyinsesi.org\\\/\"},{\"@type\":\"ListItem\",\"position\":2,\"name\":\"KKTC ile T\u00fcrkiye\u2019nin \u00e7evre alan\u0131nda yapt\u0131\u011f\u0131 i\u015f birli\u011fi kapsam\u0131nda baz\u0131 projeler hayata ge\u00e7irilecek\"}]},{\"@type\":\"WebSite\",\"@id\":\"https:\\\/\\\/kuzeyinsesi.org\\\/#website\",\"url\":\"https:\\\/\\\/kuzeyinsesi.org\\\/\",\"name\":\"Kuzeyin Sesi\",\"description\":\"Do\u011fru Haberin Adresi\",\"potentialAction\":[{\"@type\":\"SearchAction\",\"target\":{\"@type\":\"EntryPoint\",\"urlTemplate\":\"https:\\\/\\\/kuzeyinsesi.org\\\/?s={search_term_string}\"},\"query-input\":{\"@type\":\"PropertyValueSpecification\",\"valueRequired\":true,\"valueName\":\"search_term_string\"}}],\"inLanguage\":\"tr\"},{\"@type\":\"Person\",\"@id\":\"https:\\\/\\\/kuzeyinsesi.org\\\/#\\\/schema\\\/person\\\/9f859689cdf01485597712386e37f5aa\",\"name\":\"Kuzeyin Sesi\",\"image\":{\"@type\":\"ImageObject\",\"inLanguage\":\"tr\",\"@id\":\"https:\\\/\\\/secure.gravatar.com\\\/avatar\\\/bab33852abfd8b282518d6ed81826833d77c3c882d9ab608add591ccace47a44?s=96&d=mm&r=g\",\"url\":\"https:\\\/\\\/secure.gravatar.com\\\/avatar\\\/bab33852abfd8b282518d6ed81826833d77c3c882d9ab608add591ccace47a44?s=96&d=mm&r=g\",\"contentUrl\":\"https:\\\/\\\/secure.gravatar.com\\\/avatar\\\/bab33852abfd8b282518d6ed81826833d77c3c882d9ab608add591ccace47a44?s=96&d=mm&r=g\",\"caption\":\"Kuzeyin Sesi\"},\"sameAs\":[\"https:\\\/\\\/kuzeyinsesi.org\"],\"url\":\"https:\\\/\\\/kuzeyinsesi.org\\\/index.php\\\/author\\\/guven\\\/\"}]}<\/script>\n<!-- \/ Yoast SEO plugin. -->","yoast_head_json":{"title":"KKTC ile T\u00fcrkiye\u2019nin \u00e7evre alan\u0131nda yapt\u0131\u011f\u0131 i\u015f birli\u011fi kapsam\u0131nda baz\u0131 projeler hayata ge\u00e7irilecek - Kuzeyin Sesi","robots":{"index":"index","follow":"follow","max-snippet":"max-snippet:-1","max-image-preview":"max-image-preview:large","max-video-preview":"max-video-preview:-1"},"canonical":"https:\/\/kuzeyinsesi.org\/index.php\/2025\/02\/21\/kktc-ile-turkiyenin-cevre-alaninda-yaptigi-is-birligi-kapsaminda-bazi-projeler-hayata-gecirilecek\/","og_locale":"tr_TR","og_type":"article","og_title":"KKTC ile T\u00fcrkiye\u2019nin \u00e7evre alan\u0131nda yapt\u0131\u011f\u0131 i\u015f birli\u011fi kapsam\u0131nda baz\u0131 projeler hayata ge\u00e7irilecek - Kuzeyin Sesi","og_description":"KKTC ile T\u00fcrkiye\u2019nin \u00e7evre alan\u0131nda yapt\u0131\u011f\u0131 i\u015f birli\u011fi kapsam\u0131nda baz\u0131 projeler hayata ge\u00e7iriliyor. T\u00fcrkiye Cumhuriyeti \u00c7evre, \u015eehircilik ve \u0130klim De\u011fi\u015fikli\u011fi Bakanl\u0131\u011f\u0131\u2019n\u0131n teknik destek da sa\u011flayaca\u011f\u0131 kat\u0131 at\u0131klar\u0131n etkin y\u00f6netimi, yeni yerle\u015fim b\u00f6lgelerine kanalizasyon ve at\u0131k su ar\u0131tma altyap\u0131s\u0131 kurulmas\u0131, k\u0131y\u0131lar\u0131n\u0131n temizli\u011fi gibi alanlarda hayata ge\u00e7irilecek projeler aras\u0131nda Mobil \u00c7evre Laboratuvar\u0131\u2019n\u0131n kurulmas\u0131 da var. Ba\u015fbakan Yard\u0131mc\u0131l\u0131\u011f\u0131 [&hellip;]","og_url":"https:\/\/kuzeyinsesi.org\/index.php\/2025\/02\/21\/kktc-ile-turkiyenin-cevre-alaninda-yaptigi-is-birligi-kapsaminda-bazi-projeler-hayata-gecirilecek\/","og_site_name":"Kuzeyin Sesi","article_publisher":"https:\/\/www.facebook.com\/kuzeyinsesii","article_published_time":"2025-02-21T12:25:45+00:00","og_image":[{"url":"https:\/\/brtk.net\/wp-content\/uploads\/2025\/02\/21\/218502852.jpg?ver=84acf27c13421fc451c9bd45e5b4685c","type":"","width":"","height":""}],"author":"Kuzeyin Sesi","twitter_card":"summary_large_image","twitter_creator":"@kuzeyinsesii","twitter_site":"@kuzeyinsesii","twitter_misc":{"Yazan:":"Kuzeyin Sesi","Tahmini okuma s\u00fcresi":"2 dakika"},"schema":{"@context":"https:\/\/schema.org","@graph":[{"@type":"Article","@id":"https:\/\/kuzeyinsesi.org\/index.php\/2025\/02\/21\/kktc-ile-turkiyenin-cevre-alaninda-yaptigi-is-birligi-kapsaminda-bazi-projeler-hayata-gecirilecek\/#article","isPartOf":{"@id":"https:\/\/kuzeyinsesi.org\/index.php\/2025\/02\/21\/kktc-ile-turkiyenin-cevre-alaninda-yaptigi-is-birligi-kapsaminda-bazi-projeler-hayata-gecirilecek\/"},"author":{"name":"Kuzeyin Sesi","@id":"https:\/\/kuzeyinsesi.org\/#\/schema\/person\/9f859689cdf01485597712386e37f5aa"},"headline":"KKTC ile T\u00fcrkiye\u2019nin \u00e7evre alan\u0131nda yapt\u0131\u011f\u0131 i\u015f birli\u011fi kapsam\u0131nda baz\u0131 projeler hayata ge\u00e7irilecek","datePublished":"2025-02-21T12:25:45+00:00","mainEntityOfPage":{"@id":"https:\/\/kuzeyinsesi.org\/index.php\/2025\/02\/21\/kktc-ile-turkiyenin-cevre-alaninda-yaptigi-is-birligi-kapsaminda-bazi-projeler-hayata-gecirilecek\/"},"wordCount":397,"commentCount":0,"image":{"@id":"https:\/\/kuzeyinsesi.org\/index.php\/2025\/02\/21\/kktc-ile-turkiyenin-cevre-alaninda-yaptigi-is-birligi-kapsaminda-bazi-projeler-hayata-gecirilecek\/#primaryimage"},"thumbnailUrl":"https:\/\/kuzeyinsesi.org\/wp-content\/uploads\/2025\/02\/218502852.jpg","articleSection":["T\u00fcrkiye"],"inLanguage":"tr","potentialAction":[{"@type":"CommentAction","name":"Comment","target":["https:\/\/kuzeyinsesi.org\/index.php\/2025\/02\/21\/kktc-ile-turkiyenin-cevre-alaninda-yaptigi-is-birligi-kapsaminda-bazi-projeler-hayata-gecirilecek\/#respond"]}]},{"@type":"WebPage","@id":"https:\/\/kuzeyinsesi.org\/index.php\/2025\/02\/21\/kktc-ile-turkiyenin-cevre-alaninda-yaptigi-is-birligi-kapsaminda-bazi-projeler-hayata-gecirilecek\/","url":"https:\/\/kuzeyinsesi.org\/index.php\/2025\/02\/21\/kktc-ile-turkiyenin-cevre-alaninda-yaptigi-is-birligi-kapsaminda-bazi-projeler-hayata-gecirilecek\/","name":"KKTC ile T\u00fcrkiye\u2019nin \u00e7evre alan\u0131nda yapt\u0131\u011f\u0131 i\u015f birli\u011fi kapsam\u0131nda baz\u0131 projeler hayata ge\u00e7irilecek - Kuzeyin Sesi","isPartOf":{"@id":"https:\/\/kuzeyinsesi.org\/#website"},"primaryImageOfPage":{"@id":"https:\/\/kuzeyinsesi.org\/index.php\/2025\/02\/21\/kktc-ile-turkiyenin-cevre-alaninda-yaptigi-is-birligi-kapsaminda-bazi-projeler-hayata-gecirilecek\/#primaryimage"},"image":{"@id":"https:\/\/kuzeyinsesi.org\/index.php\/2025\/02\/21\/kktc-ile-turkiyenin-cevre-alaninda-yaptigi-is-birligi-kapsaminda-bazi-projeler-hayata-gecirilecek\/#primaryimage"},"thumbnailUrl":"https:\/\/kuzeyinsesi.org\/wp-content\/uploads\/2025\/02\/218502852.jpg","datePublished":"2025-02-21T12:25:45+00:00","author":{"@id":"https:\/\/kuzeyinsesi.org\/#\/schema\/person\/9f859689cdf01485597712386e37f5aa"},"breadcrumb":{"@id":"https:\/\/kuzeyinsesi.org\/index.php\/2025\/02\/21\/kktc-ile-turkiyenin-cevre-alaninda-yaptigi-is-birligi-kapsaminda-bazi-projeler-hayata-gecirilecek\/#breadcrumb"},"inLanguage":"tr","potentialAction":[{"@type":"ReadAction","target":["https:\/\/kuzeyinsesi.org\/index.php\/2025\/02\/21\/kktc-ile-turkiyenin-cevre-alaninda-yaptigi-is-birligi-kapsaminda-bazi-projeler-hayata-gecirilecek\/"]}]},{"@type":"ImageObject","inLanguage":"tr","@id":"https:\/\/kuzeyinsesi.org\/index.php\/2025\/02\/21\/kktc-ile-turkiyenin-cevre-alaninda-yaptigi-is-birligi-kapsaminda-bazi-projeler-hayata-gecirilecek\/#primaryimage","url":"https:\/\/kuzeyinsesi.org\/wp-content\/uploads\/2025\/02\/218502852.jpg","contentUrl":"https:\/\/kuzeyinsesi.org\/wp-content\/uploads\/2025\/02\/218502852.jpg","width":1600,"height":621},{"@type":"BreadcrumbList","@id":"https:\/\/kuzeyinsesi.org\/index.php\/2025\/02\/21\/kktc-ile-turkiyenin-cevre-alaninda-yaptigi-is-birligi-kapsaminda-bazi-projeler-hayata-gecirilecek\/#breadcrumb","itemListElement":[{"@type":"ListItem","position":1,"name":"Anasayfa","item":"https:\/\/kuzeyinsesi.org\/"},{"@type":"ListItem","position":2,"name":"KKTC ile T\u00fcrkiye\u2019nin \u00e7evre alan\u0131nda yapt\u0131\u011f\u0131 i\u015f birli\u011fi kapsam\u0131nda baz\u0131 projeler hayata ge\u00e7irilecek"}]},{"@type":"WebSite","@id":"https:\/\/kuzeyinsesi.org\/#website","url":"https:\/\/kuzeyinsesi.org\/","name":"Kuzeyin Sesi","description":"Do\u011fru Haberin Adresi","potentialAction":[{"@type":"SearchAction","target":{"@type":"EntryPoint","urlTemplate":"https:\/\/kuzeyinsesi.org\/?s={search_term_string}"},"query-input":{"@type":"PropertyValueSpecification","valueRequired":true,"valueName":"search_term_string"}}],"inLanguage":"tr"},{"@type":"Person","@id":"https:\/\/kuzeyinsesi.org\/#\/schema\/person\/9f859689cdf01485597712386e37f5aa","name":"Kuzeyin Sesi","image":{"@type":"ImageObject","inLanguage":"tr","@id":"https:\/\/secure.gravatar.com\/avatar\/bab33852abfd8b282518d6ed81826833d77c3c882d9ab608add591ccace47a44?s=96&d=mm&r=g","url":"https:\/\/secure.gravatar.com\/avatar\/bab33852abfd8b282518d6ed81826833d77c3c882d9ab608add591ccace47a44?s=96&d=mm&r=g","contentUrl":"https:\/\/secure.gravatar.com\/avatar\/bab33852abfd8b282518d6ed81826833d77c3c882d9ab608add591ccace47a44?s=96&d=mm&r=g","caption":"Kuzeyin Sesi"},"sameAs":["https:\/\/kuzeyinsesi.org"],"url":"https:\/\/kuzeyinsesi.org\/index.php\/author\/guven\/"}]}},"_links":{"self":[{"href":"https:\/\/kuzeyinsesi.org\/index.php\/wp-json\/wp\/v2\/posts\/19469","targetHints":{"allow":["GET"]}}],"collection":[{"href":"https:\/\/kuzeyinsesi.org\/index.php\/wp-json\/wp\/v2\/posts"}],"about":[{"href":"https:\/\/kuzeyinsesi.org\/index.php\/wp-json\/wp\/v2\/types\/post"}],"author":[{"embeddable":true,"href":"https:\/\/kuzeyinsesi.org\/index.php\/wp-json\/wp\/v2\/users\/1"}],"replies":[{"embeddable":true,"href":"https:\/\/kuzeyinsesi.org\/index.php\/wp-json\/wp\/v2\/comments?post=19469"}],"version-history":[{"count":0,"href":"https:\/\/kuzeyinsesi.org\/index.php\/wp-json\/wp\/v2\/posts\/19469\/revisions"}],"wp:featuredmedia":[{"embeddable":true,"href":"https:\/\/kuzeyinsesi.org\/index.php\/wp-json\/wp\/v2\/media\/19470"}],"wp:attachment":[{"href":"https:\/\/kuzeyinsesi.org\/index.php\/wp-json\/wp\/v2\/media?parent=19469"}],"wp:term":[{"taxonomy":"category","embeddable":true,"href":"https:\/\/kuzeyinsesi.org\/index.php\/wp-json\/wp\/v2\/categories?post=19469"},{"taxonomy":"post_tag","embeddable":true,"href":"https:\/\/kuzeyinsesi.org\/index.php\/wp-json\/wp\/v2\/tags?post=19469"}],"curies":[{"name":"wp","href":"https:\/\/api.w.org\/{rel}","templated":true}]}}