{"id":19453,"date":"2025-02-21T12:28:54","date_gmt":"2025-02-21T10:28:54","guid":{"rendered":"https:\/\/kuzeyinsesi.org\/index.php\/2025\/02\/21\/degirmenlik-akincilar-belediyesi-cocuklar-icin-subat-tatili-programi-duzenledi\/"},"modified":"2025-02-21T12:28:54","modified_gmt":"2025-02-21T10:28:54","slug":"degirmenlik-akincilar-belediyesi-cocuklar-icin-subat-tatili-programi-duzenledi","status":"publish","type":"post","link":"https:\/\/kuzeyinsesi.org\/index.php\/2025\/02\/21\/degirmenlik-akincilar-belediyesi-cocuklar-icin-subat-tatili-programi-duzenledi\/","title":{"rendered":"De\u011firmenlik Ak\u0131nc\u0131lar Belediyesi, \u00e7ocuklar i\u00e7in \u015eubat tatili program\u0131 d\u00fczenledi"},"content":{"rendered":"<div>\n<div class=\"mariselle-image-container center\">\n                                            <\/div>\n<p>De\u011firmenlik Ak\u0131nc\u0131lar Belediyesi \u00d6zle T\u00fcrkel Sosyal Aktiviteler Merkezi (SAM), \u00e7ocuklar\u0131n \u015fubat tatilini hem \u00f6\u011frenerek hem de e\u011flenerek ge\u00e7irmesini sa\u011flamak amac\u0131yla \u201cGel birlikte \u00c7al\u0131\u015fal\u0131m, Birlikte Geli\u015felim\u201d slogan\u0131yla \u015eubat tatili program\u0131 d\u00fczenledi.<\/p>\n<div class=\"mariselle-image-container center\">\n                <img decoding=\"async\" width=\"1600\" height=\"1066\" class=\"lazy-image\" alt=\"\" sizes=\"(max-width: 1600px) 100vw, 1600px\" src=\"https:\/\/brtk.net\/wp-content\/uploads\/2025\/02\/20\/1740056775744DEGIRMENLIK-BLD-SAM-SUBAT-TATILI-ETKINLIKLERI-2.jpeg?ver=9476fb7669ff90303b6da0ba30c800c0\" srcset=\"https:\/\/brtk.net\/wp-content\/uploads\/2025\/02\/20\/1740056775744DEGIRMENLIK-BLD-SAM-SUBAT-TATILI-ETKINLIKLERI-2.jpeg?ver=9476fb7669ff90303b6da0ba30c800c0 1600w, https:\/\/brtk.net\/wp-content\/uploads\/2025\/02\/20\/1740056775744DEGIRMENLIK-BLD-SAM-SUBAT-TATILI-ETKINLIKLERI-2-300x200.jpeg?ver=1219e1a3bfe90869b61812615beed840 300w, https:\/\/brtk.net\/wp-content\/uploads\/2025\/02\/20\/1740056775744DEGIRMENLIK-BLD-SAM-SUBAT-TATILI-ETKINLIKLERI-2-1024x682.jpeg?ver=1219e1a3bfe90869b61812615beed840 1024w, https:\/\/brtk.net\/wp-content\/uploads\/2025\/02\/20\/1740056775744DEGIRMENLIK-BLD-SAM-SUBAT-TATILI-ETKINLIKLERI-2-768x512.jpeg?ver=1219e1a3bfe90869b61812615beed840 768w, https:\/\/brtk.net\/wp-content\/uploads\/2025\/02\/20\/1740056775744DEGIRMENLIK-BLD-SAM-SUBAT-TATILI-ETKINLIKLERI-2-1536x1023.jpeg?ver=edce52da876dc5230cfe4635b8eb438c 1536w\"\/>                            <\/div>\n<p>Belediye\u2019den yap\u0131lan a\u00e7\u0131klamaya g\u00f6re programda \u00e7ocuklar; Kurabiye At\u00f6lyesi, Cupcake At\u00f6lyesi, Bilim At\u00f6lyesi, sinema filmi g\u00f6sterimi (B\u00fcy\u00fcl\u00fc Ailem ve Ferdinand), \u0130zel Seylani\u2019nin yaz\u0131p oynatt\u0131\u011f\u0131 \u201cKarag\u00f6z Gizli Hazine\u201d tiyatro oyunu g\u00f6sterimi, Lefko\u015fa K\u00fclt\u00fcr Gezisi ve kitap okuma etkinli\u011fine kat\u0131ld\u0131.<\/p>\n<p>Lefko\u015fa K\u00fclt\u00fcr Gezisi\u2019nde \u00e7ocuklar, B\u00fcy\u00fck Han, Kumarc\u0131lar Han\u0131, Belediye Pazar\u0131 (Bandabulya), Lokmac\u0131 Kap\u0131s\u0131, Dikili Ta\u015f ve \u00e7ar\u015f\u0131y\u0131 gezdi.<\/p>\n<\/p><\/div>\n<p><script async\n                    defer\n                    crossorigin=\"anonymous\"\n                    src=\"https:\/\/connect.facebook.net\/tr_TR\/sdk.js#xfbml=1&#038;version=v3.3\"\n            ><\/script><\/p>\n","protected":false},"excerpt":{"rendered":"<p>De\u011firmenlik Ak\u0131nc\u0131lar Belediyesi \u00d6zle T\u00fcrkel Sosyal Aktiviteler Merkezi (SAM), \u00e7ocuklar\u0131n \u015fubat tatilini hem \u00f6\u011frenerek hem de e\u011flenerek ge\u00e7irmesini sa\u011flamak amac\u0131yla \u201cGel birlikte \u00c7al\u0131\u015fal\u0131m, Birlikte Geli\u015felim\u201d slogan\u0131yla \u015eubat tatili program\u0131 d\u00fczenledi. Belediye\u2019den yap\u0131lan a\u00e7\u0131klamaya g\u00f6re programda \u00e7ocuklar; Kurabiye At\u00f6lyesi, Cupcake At\u00f6lyesi, Bilim At\u00f6lyesi, sinema filmi g\u00f6sterimi (B\u00fcy\u00fcl\u00fc Ailem ve Ferdinand), \u0130zel Seylani\u2019nin yaz\u0131p oynatt\u0131\u011f\u0131 \u201cKarag\u00f6z Gizli [&hellip;]<\/p>\n","protected":false},"author":1,"featured_media":19454,"comment_status":"open","ping_status":"open","sticky":false,"template":"","format":"standard","meta":{"jnews-multi-image_gallery":[],"jnews_single_post":[],"jnews_primary_category":[],"jnews_social_meta":[],"jnews_override_counter":[],"footnotes":""},"categories":[6],"tags":[],"class_list":["post-19453","post","type-post","status-publish","format-standard","has-post-thumbnail","hentry","category-yasam"],"yoast_head":"<!-- This site is optimized with the Yoast SEO plugin v27.4 - https:\/\/yoast.com\/product\/yoast-seo-wordpress\/ -->\n<title>De\u011firmenlik Ak\u0131nc\u0131lar Belediyesi, \u00e7ocuklar i\u00e7in \u015eubat tatili program\u0131 d\u00fczenledi - Kuzeyin Sesi<\/title>\n<meta name=\"robots\" content=\"index, follow, max-snippet:-1, max-image-preview:large, max-video-preview:-1\" \/>\n<link rel=\"canonical\" href=\"https:\/\/kuzeyinsesi.org\/index.php\/2025\/02\/21\/degirmenlik-akincilar-belediyesi-cocuklar-icin-subat-tatili-programi-duzenledi\/\" \/>\n<meta property=\"og:locale\" content=\"tr_TR\" \/>\n<meta property=\"og:type\" content=\"article\" \/>\n<meta property=\"og:title\" content=\"De\u011firmenlik Ak\u0131nc\u0131lar Belediyesi, \u00e7ocuklar i\u00e7in \u015eubat tatili program\u0131 d\u00fczenledi - Kuzeyin Sesi\" \/>\n<meta property=\"og:description\" content=\"De\u011firmenlik Ak\u0131nc\u0131lar Belediyesi \u00d6zle T\u00fcrkel Sosyal Aktiviteler Merkezi (SAM), \u00e7ocuklar\u0131n \u015fubat tatilini hem \u00f6\u011frenerek hem de e\u011flenerek ge\u00e7irmesini sa\u011flamak amac\u0131yla \u201cGel birlikte \u00c7al\u0131\u015fal\u0131m, Birlikte Geli\u015felim\u201d slogan\u0131yla \u015eubat tatili program\u0131 d\u00fczenledi. Belediye\u2019den yap\u0131lan a\u00e7\u0131klamaya g\u00f6re programda \u00e7ocuklar; Kurabiye At\u00f6lyesi, Cupcake At\u00f6lyesi, Bilim At\u00f6lyesi, sinema filmi g\u00f6sterimi (B\u00fcy\u00fcl\u00fc Ailem ve Ferdinand), \u0130zel Seylani\u2019nin yaz\u0131p oynatt\u0131\u011f\u0131 \u201cKarag\u00f6z Gizli [&hellip;]\" \/>\n<meta property=\"og:url\" content=\"https:\/\/kuzeyinsesi.org\/index.php\/2025\/02\/21\/degirmenlik-akincilar-belediyesi-cocuklar-icin-subat-tatili-programi-duzenledi\/\" \/>\n<meta property=\"og:site_name\" content=\"Kuzeyin Sesi\" \/>\n<meta property=\"article:publisher\" content=\"https:\/\/www.facebook.com\/kuzeyinsesii\" \/>\n<meta property=\"article:published_time\" content=\"2025-02-21T10:28:54+00:00\" \/>\n<meta property=\"og:image\" content=\"https:\/\/brtk.net\/wp-content\/uploads\/2025\/02\/20\/1740056775753DEGIRMENLIK-BLD-SAM-SUBAT-TATILI-ETKINLIKLERI-2.jpg?ver=54b02940fa3a0ac972327b3832ae234f\" \/>\n<meta name=\"author\" content=\"Kuzeyin Sesi\" \/>\n<meta name=\"twitter:card\" content=\"summary_large_image\" \/>\n<meta name=\"twitter:creator\" content=\"@kuzeyinsesii\" \/>\n<meta name=\"twitter:site\" content=\"@kuzeyinsesii\" \/>\n<meta name=\"twitter:label1\" content=\"Yazan:\" \/>\n\t<meta name=\"twitter:data1\" content=\"Kuzeyin Sesi\" \/>\n\t<meta name=\"twitter:label2\" content=\"Tahmini okuma s\u00fcresi\" \/>\n\t<meta name=\"twitter:data2\" content=\"1 dakika\" \/>\n<script type=\"application\/ld+json\" class=\"yoast-schema-graph\">{\"@context\":\"https:\\\/\\\/schema.org\",\"@graph\":[{\"@type\":\"Article\",\"@id\":\"https:\\\/\\\/kuzeyinsesi.org\\\/index.php\\\/2025\\\/02\\\/21\\\/degirmenlik-akincilar-belediyesi-cocuklar-icin-subat-tatili-programi-duzenledi\\\/#article\",\"isPartOf\":{\"@id\":\"https:\\\/\\\/kuzeyinsesi.org\\\/index.php\\\/2025\\\/02\\\/21\\\/degirmenlik-akincilar-belediyesi-cocuklar-icin-subat-tatili-programi-duzenledi\\\/\"},\"author\":{\"name\":\"Kuzeyin Sesi\",\"@id\":\"https:\\\/\\\/kuzeyinsesi.org\\\/#\\\/schema\\\/person\\\/9f859689cdf01485597712386e37f5aa\"},\"headline\":\"De\u011firmenlik Ak\u0131nc\u0131lar Belediyesi, \u00e7ocuklar i\u00e7in \u015eubat tatili program\u0131 d\u00fczenledi\",\"datePublished\":\"2025-02-21T10:28:54+00:00\",\"mainEntityOfPage\":{\"@id\":\"https:\\\/\\\/kuzeyinsesi.org\\\/index.php\\\/2025\\\/02\\\/21\\\/degirmenlik-akincilar-belediyesi-cocuklar-icin-subat-tatili-programi-duzenledi\\\/\"},\"wordCount\":141,\"commentCount\":0,\"image\":{\"@id\":\"https:\\\/\\\/kuzeyinsesi.org\\\/index.php\\\/2025\\\/02\\\/21\\\/degirmenlik-akincilar-belediyesi-cocuklar-icin-subat-tatili-programi-duzenledi\\\/#primaryimage\"},\"thumbnailUrl\":\"https:\\\/\\\/kuzeyinsesi.org\\\/wp-content\\\/uploads\\\/2025\\\/02\\\/1740056775753DEGIRMENLIK-BLD-SAM-SUBAT-TATILI-ETKINLIKLERI-2.jpg\",\"articleSection\":[\"Ya\u015fam\"],\"inLanguage\":\"tr\",\"potentialAction\":[{\"@type\":\"CommentAction\",\"name\":\"Comment\",\"target\":[\"https:\\\/\\\/kuzeyinsesi.org\\\/index.php\\\/2025\\\/02\\\/21\\\/degirmenlik-akincilar-belediyesi-cocuklar-icin-subat-tatili-programi-duzenledi\\\/#respond\"]}]},{\"@type\":\"WebPage\",\"@id\":\"https:\\\/\\\/kuzeyinsesi.org\\\/index.php\\\/2025\\\/02\\\/21\\\/degirmenlik-akincilar-belediyesi-cocuklar-icin-subat-tatili-programi-duzenledi\\\/\",\"url\":\"https:\\\/\\\/kuzeyinsesi.org\\\/index.php\\\/2025\\\/02\\\/21\\\/degirmenlik-akincilar-belediyesi-cocuklar-icin-subat-tatili-programi-duzenledi\\\/\",\"name\":\"De\u011firmenlik Ak\u0131nc\u0131lar Belediyesi, \u00e7ocuklar i\u00e7in \u015eubat tatili program\u0131 d\u00fczenledi - Kuzeyin Sesi\",\"isPartOf\":{\"@id\":\"https:\\\/\\\/kuzeyinsesi.org\\\/#website\"},\"primaryImageOfPage\":{\"@id\":\"https:\\\/\\\/kuzeyinsesi.org\\\/index.php\\\/2025\\\/02\\\/21\\\/degirmenlik-akincilar-belediyesi-cocuklar-icin-subat-tatili-programi-duzenledi\\\/#primaryimage\"},\"image\":{\"@id\":\"https:\\\/\\\/kuzeyinsesi.org\\\/index.php\\\/2025\\\/02\\\/21\\\/degirmenlik-akincilar-belediyesi-cocuklar-icin-subat-tatili-programi-duzenledi\\\/#primaryimage\"},\"thumbnailUrl\":\"https:\\\/\\\/kuzeyinsesi.org\\\/wp-content\\\/uploads\\\/2025\\\/02\\\/1740056775753DEGIRMENLIK-BLD-SAM-SUBAT-TATILI-ETKINLIKLERI-2.jpg\",\"datePublished\":\"2025-02-21T10:28:54+00:00\",\"author\":{\"@id\":\"https:\\\/\\\/kuzeyinsesi.org\\\/#\\\/schema\\\/person\\\/9f859689cdf01485597712386e37f5aa\"},\"breadcrumb\":{\"@id\":\"https:\\\/\\\/kuzeyinsesi.org\\\/index.php\\\/2025\\\/02\\\/21\\\/degirmenlik-akincilar-belediyesi-cocuklar-icin-subat-tatili-programi-duzenledi\\\/#breadcrumb\"},\"inLanguage\":\"tr\",\"potentialAction\":[{\"@type\":\"ReadAction\",\"target\":[\"https:\\\/\\\/kuzeyinsesi.org\\\/index.php\\\/2025\\\/02\\\/21\\\/degirmenlik-akincilar-belediyesi-cocuklar-icin-subat-tatili-programi-duzenledi\\\/\"]}]},{\"@type\":\"ImageObject\",\"inLanguage\":\"tr\",\"@id\":\"https:\\\/\\\/kuzeyinsesi.org\\\/index.php\\\/2025\\\/02\\\/21\\\/degirmenlik-akincilar-belediyesi-cocuklar-icin-subat-tatili-programi-duzenledi\\\/#primaryimage\",\"url\":\"https:\\\/\\\/kuzeyinsesi.org\\\/wp-content\\\/uploads\\\/2025\\\/02\\\/1740056775753DEGIRMENLIK-BLD-SAM-SUBAT-TATILI-ETKINLIKLERI-2.jpg\",\"contentUrl\":\"https:\\\/\\\/kuzeyinsesi.org\\\/wp-content\\\/uploads\\\/2025\\\/02\\\/1740056775753DEGIRMENLIK-BLD-SAM-SUBAT-TATILI-ETKINLIKLERI-2.jpg\",\"width\":960,\"height\":720},{\"@type\":\"BreadcrumbList\",\"@id\":\"https:\\\/\\\/kuzeyinsesi.org\\\/index.php\\\/2025\\\/02\\\/21\\\/degirmenlik-akincilar-belediyesi-cocuklar-icin-subat-tatili-programi-duzenledi\\\/#breadcrumb\",\"itemListElement\":[{\"@type\":\"ListItem\",\"position\":1,\"name\":\"Anasayfa\",\"item\":\"https:\\\/\\\/kuzeyinsesi.org\\\/\"},{\"@type\":\"ListItem\",\"position\":2,\"name\":\"De\u011firmenlik Ak\u0131nc\u0131lar Belediyesi, \u00e7ocuklar i\u00e7in \u015eubat tatili program\u0131 d\u00fczenledi\"}]},{\"@type\":\"WebSite\",\"@id\":\"https:\\\/\\\/kuzeyinsesi.org\\\/#website\",\"url\":\"https:\\\/\\\/kuzeyinsesi.org\\\/\",\"name\":\"Kuzeyin Sesi\",\"description\":\"Do\u011fru Haberin Adresi\",\"potentialAction\":[{\"@type\":\"SearchAction\",\"target\":{\"@type\":\"EntryPoint\",\"urlTemplate\":\"https:\\\/\\\/kuzeyinsesi.org\\\/?s={search_term_string}\"},\"query-input\":{\"@type\":\"PropertyValueSpecification\",\"valueRequired\":true,\"valueName\":\"search_term_string\"}}],\"inLanguage\":\"tr\"},{\"@type\":\"Person\",\"@id\":\"https:\\\/\\\/kuzeyinsesi.org\\\/#\\\/schema\\\/person\\\/9f859689cdf01485597712386e37f5aa\",\"name\":\"Kuzeyin Sesi\",\"image\":{\"@type\":\"ImageObject\",\"inLanguage\":\"tr\",\"@id\":\"https:\\\/\\\/secure.gravatar.com\\\/avatar\\\/bab33852abfd8b282518d6ed81826833d77c3c882d9ab608add591ccace47a44?s=96&d=mm&r=g\",\"url\":\"https:\\\/\\\/secure.gravatar.com\\\/avatar\\\/bab33852abfd8b282518d6ed81826833d77c3c882d9ab608add591ccace47a44?s=96&d=mm&r=g\",\"contentUrl\":\"https:\\\/\\\/secure.gravatar.com\\\/avatar\\\/bab33852abfd8b282518d6ed81826833d77c3c882d9ab608add591ccace47a44?s=96&d=mm&r=g\",\"caption\":\"Kuzeyin Sesi\"},\"sameAs\":[\"https:\\\/\\\/kuzeyinsesi.org\"],\"url\":\"https:\\\/\\\/kuzeyinsesi.org\\\/index.php\\\/author\\\/guven\\\/\"}]}<\/script>\n<!-- \/ Yoast SEO plugin. -->","yoast_head_json":{"title":"De\u011firmenlik Ak\u0131nc\u0131lar Belediyesi, \u00e7ocuklar i\u00e7in \u015eubat tatili program\u0131 d\u00fczenledi - Kuzeyin Sesi","robots":{"index":"index","follow":"follow","max-snippet":"max-snippet:-1","max-image-preview":"max-image-preview:large","max-video-preview":"max-video-preview:-1"},"canonical":"https:\/\/kuzeyinsesi.org\/index.php\/2025\/02\/21\/degirmenlik-akincilar-belediyesi-cocuklar-icin-subat-tatili-programi-duzenledi\/","og_locale":"tr_TR","og_type":"article","og_title":"De\u011firmenlik Ak\u0131nc\u0131lar Belediyesi, \u00e7ocuklar i\u00e7in \u015eubat tatili program\u0131 d\u00fczenledi - Kuzeyin Sesi","og_description":"De\u011firmenlik Ak\u0131nc\u0131lar Belediyesi \u00d6zle T\u00fcrkel Sosyal Aktiviteler Merkezi (SAM), \u00e7ocuklar\u0131n \u015fubat tatilini hem \u00f6\u011frenerek hem de e\u011flenerek ge\u00e7irmesini sa\u011flamak amac\u0131yla \u201cGel birlikte \u00c7al\u0131\u015fal\u0131m, Birlikte Geli\u015felim\u201d slogan\u0131yla \u015eubat tatili program\u0131 d\u00fczenledi. Belediye\u2019den yap\u0131lan a\u00e7\u0131klamaya g\u00f6re programda \u00e7ocuklar; Kurabiye At\u00f6lyesi, Cupcake At\u00f6lyesi, Bilim At\u00f6lyesi, sinema filmi g\u00f6sterimi (B\u00fcy\u00fcl\u00fc Ailem ve Ferdinand), \u0130zel Seylani\u2019nin yaz\u0131p oynatt\u0131\u011f\u0131 \u201cKarag\u00f6z Gizli [&hellip;]","og_url":"https:\/\/kuzeyinsesi.org\/index.php\/2025\/02\/21\/degirmenlik-akincilar-belediyesi-cocuklar-icin-subat-tatili-programi-duzenledi\/","og_site_name":"Kuzeyin Sesi","article_publisher":"https:\/\/www.facebook.com\/kuzeyinsesii","article_published_time":"2025-02-21T10:28:54+00:00","og_image":[{"url":"https:\/\/brtk.net\/wp-content\/uploads\/2025\/02\/20\/1740056775753DEGIRMENLIK-BLD-SAM-SUBAT-TATILI-ETKINLIKLERI-2.jpg?ver=54b02940fa3a0ac972327b3832ae234f","type":"","width":"","height":""}],"author":"Kuzeyin Sesi","twitter_card":"summary_large_image","twitter_creator":"@kuzeyinsesii","twitter_site":"@kuzeyinsesii","twitter_misc":{"Yazan:":"Kuzeyin Sesi","Tahmini okuma s\u00fcresi":"1 dakika"},"schema":{"@context":"https:\/\/schema.org","@graph":[{"@type":"Article","@id":"https:\/\/kuzeyinsesi.org\/index.php\/2025\/02\/21\/degirmenlik-akincilar-belediyesi-cocuklar-icin-subat-tatili-programi-duzenledi\/#article","isPartOf":{"@id":"https:\/\/kuzeyinsesi.org\/index.php\/2025\/02\/21\/degirmenlik-akincilar-belediyesi-cocuklar-icin-subat-tatili-programi-duzenledi\/"},"author":{"name":"Kuzeyin Sesi","@id":"https:\/\/kuzeyinsesi.org\/#\/schema\/person\/9f859689cdf01485597712386e37f5aa"},"headline":"De\u011firmenlik Ak\u0131nc\u0131lar Belediyesi, \u00e7ocuklar i\u00e7in \u015eubat tatili program\u0131 d\u00fczenledi","datePublished":"2025-02-21T10:28:54+00:00","mainEntityOfPage":{"@id":"https:\/\/kuzeyinsesi.org\/index.php\/2025\/02\/21\/degirmenlik-akincilar-belediyesi-cocuklar-icin-subat-tatili-programi-duzenledi\/"},"wordCount":141,"commentCount":0,"image":{"@id":"https:\/\/kuzeyinsesi.org\/index.php\/2025\/02\/21\/degirmenlik-akincilar-belediyesi-cocuklar-icin-subat-tatili-programi-duzenledi\/#primaryimage"},"thumbnailUrl":"https:\/\/kuzeyinsesi.org\/wp-content\/uploads\/2025\/02\/1740056775753DEGIRMENLIK-BLD-SAM-SUBAT-TATILI-ETKINLIKLERI-2.jpg","articleSection":["Ya\u015fam"],"inLanguage":"tr","potentialAction":[{"@type":"CommentAction","name":"Comment","target":["https:\/\/kuzeyinsesi.org\/index.php\/2025\/02\/21\/degirmenlik-akincilar-belediyesi-cocuklar-icin-subat-tatili-programi-duzenledi\/#respond"]}]},{"@type":"WebPage","@id":"https:\/\/kuzeyinsesi.org\/index.php\/2025\/02\/21\/degirmenlik-akincilar-belediyesi-cocuklar-icin-subat-tatili-programi-duzenledi\/","url":"https:\/\/kuzeyinsesi.org\/index.php\/2025\/02\/21\/degirmenlik-akincilar-belediyesi-cocuklar-icin-subat-tatili-programi-duzenledi\/","name":"De\u011firmenlik Ak\u0131nc\u0131lar Belediyesi, \u00e7ocuklar i\u00e7in \u015eubat tatili program\u0131 d\u00fczenledi - Kuzeyin Sesi","isPartOf":{"@id":"https:\/\/kuzeyinsesi.org\/#website"},"primaryImageOfPage":{"@id":"https:\/\/kuzeyinsesi.org\/index.php\/2025\/02\/21\/degirmenlik-akincilar-belediyesi-cocuklar-icin-subat-tatili-programi-duzenledi\/#primaryimage"},"image":{"@id":"https:\/\/kuzeyinsesi.org\/index.php\/2025\/02\/21\/degirmenlik-akincilar-belediyesi-cocuklar-icin-subat-tatili-programi-duzenledi\/#primaryimage"},"thumbnailUrl":"https:\/\/kuzeyinsesi.org\/wp-content\/uploads\/2025\/02\/1740056775753DEGIRMENLIK-BLD-SAM-SUBAT-TATILI-ETKINLIKLERI-2.jpg","datePublished":"2025-02-21T10:28:54+00:00","author":{"@id":"https:\/\/kuzeyinsesi.org\/#\/schema\/person\/9f859689cdf01485597712386e37f5aa"},"breadcrumb":{"@id":"https:\/\/kuzeyinsesi.org\/index.php\/2025\/02\/21\/degirmenlik-akincilar-belediyesi-cocuklar-icin-subat-tatili-programi-duzenledi\/#breadcrumb"},"inLanguage":"tr","potentialAction":[{"@type":"ReadAction","target":["https:\/\/kuzeyinsesi.org\/index.php\/2025\/02\/21\/degirmenlik-akincilar-belediyesi-cocuklar-icin-subat-tatili-programi-duzenledi\/"]}]},{"@type":"ImageObject","inLanguage":"tr","@id":"https:\/\/kuzeyinsesi.org\/index.php\/2025\/02\/21\/degirmenlik-akincilar-belediyesi-cocuklar-icin-subat-tatili-programi-duzenledi\/#primaryimage","url":"https:\/\/kuzeyinsesi.org\/wp-content\/uploads\/2025\/02\/1740056775753DEGIRMENLIK-BLD-SAM-SUBAT-TATILI-ETKINLIKLERI-2.jpg","contentUrl":"https:\/\/kuzeyinsesi.org\/wp-content\/uploads\/2025\/02\/1740056775753DEGIRMENLIK-BLD-SAM-SUBAT-TATILI-ETKINLIKLERI-2.jpg","width":960,"height":720},{"@type":"BreadcrumbList","@id":"https:\/\/kuzeyinsesi.org\/index.php\/2025\/02\/21\/degirmenlik-akincilar-belediyesi-cocuklar-icin-subat-tatili-programi-duzenledi\/#breadcrumb","itemListElement":[{"@type":"ListItem","position":1,"name":"Anasayfa","item":"https:\/\/kuzeyinsesi.org\/"},{"@type":"ListItem","position":2,"name":"De\u011firmenlik Ak\u0131nc\u0131lar Belediyesi, \u00e7ocuklar i\u00e7in \u015eubat tatili program\u0131 d\u00fczenledi"}]},{"@type":"WebSite","@id":"https:\/\/kuzeyinsesi.org\/#website","url":"https:\/\/kuzeyinsesi.org\/","name":"Kuzeyin Sesi","description":"Do\u011fru Haberin Adresi","potentialAction":[{"@type":"SearchAction","target":{"@type":"EntryPoint","urlTemplate":"https:\/\/kuzeyinsesi.org\/?s={search_term_string}"},"query-input":{"@type":"PropertyValueSpecification","valueRequired":true,"valueName":"search_term_string"}}],"inLanguage":"tr"},{"@type":"Person","@id":"https:\/\/kuzeyinsesi.org\/#\/schema\/person\/9f859689cdf01485597712386e37f5aa","name":"Kuzeyin Sesi","image":{"@type":"ImageObject","inLanguage":"tr","@id":"https:\/\/secure.gravatar.com\/avatar\/bab33852abfd8b282518d6ed81826833d77c3c882d9ab608add591ccace47a44?s=96&d=mm&r=g","url":"https:\/\/secure.gravatar.com\/avatar\/bab33852abfd8b282518d6ed81826833d77c3c882d9ab608add591ccace47a44?s=96&d=mm&r=g","contentUrl":"https:\/\/secure.gravatar.com\/avatar\/bab33852abfd8b282518d6ed81826833d77c3c882d9ab608add591ccace47a44?s=96&d=mm&r=g","caption":"Kuzeyin Sesi"},"sameAs":["https:\/\/kuzeyinsesi.org"],"url":"https:\/\/kuzeyinsesi.org\/index.php\/author\/guven\/"}]}},"_links":{"self":[{"href":"https:\/\/kuzeyinsesi.org\/index.php\/wp-json\/wp\/v2\/posts\/19453","targetHints":{"allow":["GET"]}}],"collection":[{"href":"https:\/\/kuzeyinsesi.org\/index.php\/wp-json\/wp\/v2\/posts"}],"about":[{"href":"https:\/\/kuzeyinsesi.org\/index.php\/wp-json\/wp\/v2\/types\/post"}],"author":[{"embeddable":true,"href":"https:\/\/kuzeyinsesi.org\/index.php\/wp-json\/wp\/v2\/users\/1"}],"replies":[{"embeddable":true,"href":"https:\/\/kuzeyinsesi.org\/index.php\/wp-json\/wp\/v2\/comments?post=19453"}],"version-history":[{"count":0,"href":"https:\/\/kuzeyinsesi.org\/index.php\/wp-json\/wp\/v2\/posts\/19453\/revisions"}],"wp:featuredmedia":[{"embeddable":true,"href":"https:\/\/kuzeyinsesi.org\/index.php\/wp-json\/wp\/v2\/media\/19454"}],"wp:attachment":[{"href":"https:\/\/kuzeyinsesi.org\/index.php\/wp-json\/wp\/v2\/media?parent=19453"}],"wp:term":[{"taxonomy":"category","embeddable":true,"href":"https:\/\/kuzeyinsesi.org\/index.php\/wp-json\/wp\/v2\/categories?post=19453"},{"taxonomy":"post_tag","embeddable":true,"href":"https:\/\/kuzeyinsesi.org\/index.php\/wp-json\/wp\/v2\/tags?post=19453"}],"curies":[{"name":"wp","href":"https:\/\/api.w.org\/{rel}","templated":true}]}}