{"id":19443,"date":"2025-02-21T11:36:49","date_gmt":"2025-02-21T09:36:49","guid":{"rendered":"https:\/\/kuzeyinsesi.org\/index.php\/2025\/02\/21\/turkiye-beyaz-ortuyle-kaplandi\/"},"modified":"2025-02-21T11:36:49","modified_gmt":"2025-02-21T09:36:49","slug":"turkiye-beyaz-ortuyle-kaplandi","status":"publish","type":"post","link":"https:\/\/kuzeyinsesi.org\/index.php\/2025\/02\/21\/turkiye-beyaz-ortuyle-kaplandi\/","title":{"rendered":"T\u00fcrkiye beyaz \u00f6rt\u00fcyle kapland\u0131"},"content":{"rendered":"<div>\n<div class=\"mariselle-image-container center\">\n                                            <\/div>\n<p>T\u00fcrkiye, Sibirya k\u00f6kenli so\u011fuk hava dalgas\u0131n\u0131n etkisi alt\u0131nda\u2026<\/p>\n<p>\u0130stanbul ba\u015fta olmak \u00fczere pek \u00e7ok kentte etkisini g\u00f6steren yo\u011fun kar yta\u011f\u0131\u015f\u0131 ya\u015fam\u0131 olumsuz etkiledi.<br \/>Baz\u0131 illerde k\u00f6ylerle kentler aras\u0131ndaki karar ula\u015f\u0131m\u0131 kar nedeniyle durdu. <\/p>\n<p>Yo\u011fun kar ya\u011f\u0131\u015f\u0131na maruz kalan illerde okullar tatil edildi.<br \/>Belediyeler ve merkezi y\u00f6netim yo\u011fun kar ya\u011f\u0131\u015f\u0131n\u0131n g\u00fcndelik ya\u015famda neden olabilece\u011fi olumsuzluklar\u0131 en aza indirmek i\u00e7in tedbirler ald\u0131 <\/p>\n<p>Meteorolojiden baz\u0131 iller i\u00e7in kuvvetli kar ya\u011f\u0131\u015f\u0131 uyar\u0131s\u0131 yap\u0131ld\u0131.<\/p>\n<p>Vatanda\u015flara kar ya\u011f\u0131\u015f\u0131n\u0131n bug\u00fcn etkisini art\u0131raca\u011f\u0131 ve hafta sonu devam edece\u011fi konusunda pe\u015f pe\u015fe uyar\u0131lar yap\u0131ld\u0131.<\/p>\n<p>Megakent \u0130stanbul\u2019da okullar bug\u00fcn de tatil edildi.<\/p>\n<p>\u0130stanbul\u2019un baz\u0131 il\u00e7elerinde etkisini s\u00fcrd\u00fcren kar ya\u011f\u0131\u015f\u0131, ula\u015f\u0131mda da aksamalara neden oldu.<\/p>\n<p>Her t\u00fcrl\u00fc motosiklet arac\u0131 ve kuryelerin trafi\u011fe \u00e7\u0131k\u0131\u015f\u0131 da ikinci bir duyuruya kadar yasakland\u0131.<\/p>\n<p>Meteoroloji taraf\u0131ndan yay\u0131mlanan g\u00fcnl\u00fck raporda ise \u0130stanbul\u2019un t\u00fcm il\u00e7eleri i\u00e7in sar\u0131 kodlu kar ya\u011f\u0131\u015f\u0131 uyar\u0131s\u0131 yap\u0131ld\u0131.<\/p>\n<p>\u0130stanbul\u2019da hava ko\u015fullar\u0131 deniz ula\u015f\u0131m\u0131nda da aksamalara neden oluyor. \u0130stanbul Bo\u011faz\u0131nda gemi trafi\u011fi sis nedeniyle \u00e7ift y\u00f6nl\u00fc olarak ask\u0131ya al\u0131nd\u0131. \u0130stanbul Deniz Otob\u00fcsleri, Bursa Deniz Otob\u00fcsleri ile G\u00f6k\u00e7eada ve Bozcaada\u2019ya yap\u0131lacak bir\u00e7ok sefer iptal oldu.<\/p>\n<p>T\u00fcrkiye\u2019nin b\u00fcy\u00fck bir b\u00f6l\u00fcm\u00fcnde \u00fc\u00e7 g\u00fcn boyunca s\u00fcrecek kuvvetli kar ya\u011f\u0131\u015f\u0131n\u0131n, pazartesi g\u00fcn\u00fc etkisini yitirece\u011fi, sal\u0131 g\u00fcn\u00fc ise sabah saatlerinde \u0130stanbul ve baz\u0131 illerde  buzlanma beklendi\u011fine dikkat \u00e7ekildi.<\/p>\n<\/p><\/div>\n<p><script async\n                    defer\n                    crossorigin=\"anonymous\"\n                    src=\"https:\/\/connect.facebook.net\/tr_TR\/sdk.js#xfbml=1&#038;version=v3.3\"\n            ><\/script><\/p>\n","protected":false},"excerpt":{"rendered":"<p>T\u00fcrkiye, Sibirya k\u00f6kenli so\u011fuk hava dalgas\u0131n\u0131n etkisi alt\u0131nda\u2026 \u0130stanbul ba\u015fta olmak \u00fczere pek \u00e7ok kentte etkisini g\u00f6steren yo\u011fun kar yta\u011f\u0131\u015f\u0131 ya\u015fam\u0131 olumsuz etkiledi.Baz\u0131 illerde k\u00f6ylerle kentler aras\u0131ndaki karar ula\u015f\u0131m\u0131 kar nedeniyle durdu. Yo\u011fun kar ya\u011f\u0131\u015f\u0131na maruz kalan illerde okullar tatil edildi.Belediyeler ve merkezi y\u00f6netim yo\u011fun kar ya\u011f\u0131\u015f\u0131n\u0131n g\u00fcndelik ya\u015famda neden olabilece\u011fi olumsuzluklar\u0131 en aza indirmek [&hellip;]<\/p>\n","protected":false},"author":1,"featured_media":19444,"comment_status":"open","ping_status":"open","sticky":false,"template":"","format":"standard","meta":{"jnews-multi-image_gallery":[],"jnews_single_post":[],"jnews_primary_category":[],"jnews_social_meta":[],"jnews_override_counter":[],"footnotes":""},"categories":[5],"tags":[],"class_list":["post-19443","post","type-post","status-publish","format-standard","has-post-thumbnail","hentry","category-turkiye"],"yoast_head":"<!-- This site is optimized with the Yoast SEO plugin v27.5 - https:\/\/yoast.com\/product\/yoast-seo-wordpress\/ -->\n<title>T\u00fcrkiye beyaz \u00f6rt\u00fcyle kapland\u0131 - Kuzeyin Sesi<\/title>\n<meta name=\"robots\" content=\"index, follow, max-snippet:-1, max-image-preview:large, max-video-preview:-1\" \/>\n<link rel=\"canonical\" href=\"https:\/\/kuzeyinsesi.org\/index.php\/2025\/02\/21\/turkiye-beyaz-ortuyle-kaplandi\/\" \/>\n<meta property=\"og:locale\" content=\"tr_TR\" \/>\n<meta property=\"og:type\" content=\"article\" \/>\n<meta property=\"og:title\" content=\"T\u00fcrkiye beyaz \u00f6rt\u00fcyle kapland\u0131 - Kuzeyin Sesi\" \/>\n<meta property=\"og:description\" content=\"T\u00fcrkiye, Sibirya k\u00f6kenli so\u011fuk hava dalgas\u0131n\u0131n etkisi alt\u0131nda\u2026 \u0130stanbul ba\u015fta olmak \u00fczere pek \u00e7ok kentte etkisini g\u00f6steren yo\u011fun kar yta\u011f\u0131\u015f\u0131 ya\u015fam\u0131 olumsuz etkiledi.Baz\u0131 illerde k\u00f6ylerle kentler aras\u0131ndaki karar ula\u015f\u0131m\u0131 kar nedeniyle durdu. Yo\u011fun kar ya\u011f\u0131\u015f\u0131na maruz kalan illerde okullar tatil edildi.Belediyeler ve merkezi y\u00f6netim yo\u011fun kar ya\u011f\u0131\u015f\u0131n\u0131n g\u00fcndelik ya\u015famda neden olabilece\u011fi olumsuzluklar\u0131 en aza indirmek [&hellip;]\" \/>\n<meta property=\"og:url\" content=\"https:\/\/kuzeyinsesi.org\/index.php\/2025\/02\/21\/turkiye-beyaz-ortuyle-kaplandi\/\" \/>\n<meta property=\"og:site_name\" content=\"Kuzeyin Sesi\" \/>\n<meta property=\"article:publisher\" content=\"https:\/\/www.facebook.com\/kuzeyinsesii\" \/>\n<meta property=\"article:published_time\" content=\"2025-02-21T09:36:49+00:00\" \/>\n<meta property=\"og:image\" content=\"https:\/\/brtk.net\/wp-content\/uploads\/2025\/02\/21\/67b76963b26cd71652e60714.webp?ver=f060b5f447dc578765400aa90931dbcd\" \/>\n<meta name=\"author\" content=\"Kuzeyin Sesi\" \/>\n<meta name=\"twitter:card\" content=\"summary_large_image\" \/>\n<meta name=\"twitter:creator\" content=\"@kuzeyinsesii\" \/>\n<meta name=\"twitter:site\" content=\"@kuzeyinsesii\" \/>\n<meta name=\"twitter:label1\" content=\"Yazan:\" \/>\n\t<meta name=\"twitter:data1\" content=\"Kuzeyin Sesi\" \/>\n\t<meta name=\"twitter:label2\" content=\"Tahmini okuma s\u00fcresi\" \/>\n\t<meta name=\"twitter:data2\" content=\"1 dakika\" \/>\n<script type=\"application\/ld+json\" class=\"yoast-schema-graph\">{\"@context\":\"https:\\\/\\\/schema.org\",\"@graph\":[{\"@type\":\"Article\",\"@id\":\"https:\\\/\\\/kuzeyinsesi.org\\\/index.php\\\/2025\\\/02\\\/21\\\/turkiye-beyaz-ortuyle-kaplandi\\\/#article\",\"isPartOf\":{\"@id\":\"https:\\\/\\\/kuzeyinsesi.org\\\/index.php\\\/2025\\\/02\\\/21\\\/turkiye-beyaz-ortuyle-kaplandi\\\/\"},\"author\":{\"name\":\"Kuzeyin Sesi\",\"@id\":\"https:\\\/\\\/kuzeyinsesi.org\\\/#\\\/schema\\\/person\\\/9f859689cdf01485597712386e37f5aa\"},\"headline\":\"T\u00fcrkiye beyaz \u00f6rt\u00fcyle kapland\u0131\",\"datePublished\":\"2025-02-21T09:36:49+00:00\",\"mainEntityOfPage\":{\"@id\":\"https:\\\/\\\/kuzeyinsesi.org\\\/index.php\\\/2025\\\/02\\\/21\\\/turkiye-beyaz-ortuyle-kaplandi\\\/\"},\"wordCount\":288,\"commentCount\":0,\"image\":{\"@id\":\"https:\\\/\\\/kuzeyinsesi.org\\\/index.php\\\/2025\\\/02\\\/21\\\/turkiye-beyaz-ortuyle-kaplandi\\\/#primaryimage\"},\"thumbnailUrl\":\"https:\\\/\\\/kuzeyinsesi.org\\\/wp-content\\\/uploads\\\/2025\\\/02\\\/67b76963b26cd71652e60714.webp.webp\",\"articleSection\":[\"T\u00fcrkiye\"],\"inLanguage\":\"tr\",\"potentialAction\":[{\"@type\":\"CommentAction\",\"name\":\"Comment\",\"target\":[\"https:\\\/\\\/kuzeyinsesi.org\\\/index.php\\\/2025\\\/02\\\/21\\\/turkiye-beyaz-ortuyle-kaplandi\\\/#respond\"]}]},{\"@type\":\"WebPage\",\"@id\":\"https:\\\/\\\/kuzeyinsesi.org\\\/index.php\\\/2025\\\/02\\\/21\\\/turkiye-beyaz-ortuyle-kaplandi\\\/\",\"url\":\"https:\\\/\\\/kuzeyinsesi.org\\\/index.php\\\/2025\\\/02\\\/21\\\/turkiye-beyaz-ortuyle-kaplandi\\\/\",\"name\":\"T\u00fcrkiye beyaz \u00f6rt\u00fcyle kapland\u0131 - Kuzeyin Sesi\",\"isPartOf\":{\"@id\":\"https:\\\/\\\/kuzeyinsesi.org\\\/#website\"},\"primaryImageOfPage\":{\"@id\":\"https:\\\/\\\/kuzeyinsesi.org\\\/index.php\\\/2025\\\/02\\\/21\\\/turkiye-beyaz-ortuyle-kaplandi\\\/#primaryimage\"},\"image\":{\"@id\":\"https:\\\/\\\/kuzeyinsesi.org\\\/index.php\\\/2025\\\/02\\\/21\\\/turkiye-beyaz-ortuyle-kaplandi\\\/#primaryimage\"},\"thumbnailUrl\":\"https:\\\/\\\/kuzeyinsesi.org\\\/wp-content\\\/uploads\\\/2025\\\/02\\\/67b76963b26cd71652e60714.webp.webp\",\"datePublished\":\"2025-02-21T09:36:49+00:00\",\"author\":{\"@id\":\"https:\\\/\\\/kuzeyinsesi.org\\\/#\\\/schema\\\/person\\\/9f859689cdf01485597712386e37f5aa\"},\"breadcrumb\":{\"@id\":\"https:\\\/\\\/kuzeyinsesi.org\\\/index.php\\\/2025\\\/02\\\/21\\\/turkiye-beyaz-ortuyle-kaplandi\\\/#breadcrumb\"},\"inLanguage\":\"tr\",\"potentialAction\":[{\"@type\":\"ReadAction\",\"target\":[\"https:\\\/\\\/kuzeyinsesi.org\\\/index.php\\\/2025\\\/02\\\/21\\\/turkiye-beyaz-ortuyle-kaplandi\\\/\"]}]},{\"@type\":\"ImageObject\",\"inLanguage\":\"tr\",\"@id\":\"https:\\\/\\\/kuzeyinsesi.org\\\/index.php\\\/2025\\\/02\\\/21\\\/turkiye-beyaz-ortuyle-kaplandi\\\/#primaryimage\",\"url\":\"https:\\\/\\\/kuzeyinsesi.org\\\/wp-content\\\/uploads\\\/2025\\\/02\\\/67b76963b26cd71652e60714.webp.webp\",\"contentUrl\":\"https:\\\/\\\/kuzeyinsesi.org\\\/wp-content\\\/uploads\\\/2025\\\/02\\\/67b76963b26cd71652e60714.webp.webp\",\"width\":750,\"height\":500},{\"@type\":\"BreadcrumbList\",\"@id\":\"https:\\\/\\\/kuzeyinsesi.org\\\/index.php\\\/2025\\\/02\\\/21\\\/turkiye-beyaz-ortuyle-kaplandi\\\/#breadcrumb\",\"itemListElement\":[{\"@type\":\"ListItem\",\"position\":1,\"name\":\"Anasayfa\",\"item\":\"https:\\\/\\\/kuzeyinsesi.org\\\/\"},{\"@type\":\"ListItem\",\"position\":2,\"name\":\"T\u00fcrkiye beyaz \u00f6rt\u00fcyle kapland\u0131\"}]},{\"@type\":\"WebSite\",\"@id\":\"https:\\\/\\\/kuzeyinsesi.org\\\/#website\",\"url\":\"https:\\\/\\\/kuzeyinsesi.org\\\/\",\"name\":\"Kuzeyin Sesi\",\"description\":\"Do\u011fru Haberin Adresi\",\"potentialAction\":[{\"@type\":\"SearchAction\",\"target\":{\"@type\":\"EntryPoint\",\"urlTemplate\":\"https:\\\/\\\/kuzeyinsesi.org\\\/?s={search_term_string}\"},\"query-input\":{\"@type\":\"PropertyValueSpecification\",\"valueRequired\":true,\"valueName\":\"search_term_string\"}}],\"inLanguage\":\"tr\"},{\"@type\":\"Person\",\"@id\":\"https:\\\/\\\/kuzeyinsesi.org\\\/#\\\/schema\\\/person\\\/9f859689cdf01485597712386e37f5aa\",\"name\":\"Kuzeyin Sesi\",\"image\":{\"@type\":\"ImageObject\",\"inLanguage\":\"tr\",\"@id\":\"https:\\\/\\\/secure.gravatar.com\\\/avatar\\\/bab33852abfd8b282518d6ed81826833d77c3c882d9ab608add591ccace47a44?s=96&d=mm&r=g\",\"url\":\"https:\\\/\\\/secure.gravatar.com\\\/avatar\\\/bab33852abfd8b282518d6ed81826833d77c3c882d9ab608add591ccace47a44?s=96&d=mm&r=g\",\"contentUrl\":\"https:\\\/\\\/secure.gravatar.com\\\/avatar\\\/bab33852abfd8b282518d6ed81826833d77c3c882d9ab608add591ccace47a44?s=96&d=mm&r=g\",\"caption\":\"Kuzeyin Sesi\"},\"sameAs\":[\"https:\\\/\\\/kuzeyinsesi.org\"],\"url\":\"https:\\\/\\\/kuzeyinsesi.org\\\/index.php\\\/author\\\/guven\\\/\"}]}<\/script>\n<!-- \/ Yoast SEO plugin. -->","yoast_head_json":{"title":"T\u00fcrkiye beyaz \u00f6rt\u00fcyle kapland\u0131 - Kuzeyin Sesi","robots":{"index":"index","follow":"follow","max-snippet":"max-snippet:-1","max-image-preview":"max-image-preview:large","max-video-preview":"max-video-preview:-1"},"canonical":"https:\/\/kuzeyinsesi.org\/index.php\/2025\/02\/21\/turkiye-beyaz-ortuyle-kaplandi\/","og_locale":"tr_TR","og_type":"article","og_title":"T\u00fcrkiye beyaz \u00f6rt\u00fcyle kapland\u0131 - Kuzeyin Sesi","og_description":"T\u00fcrkiye, Sibirya k\u00f6kenli so\u011fuk hava dalgas\u0131n\u0131n etkisi alt\u0131nda\u2026 \u0130stanbul ba\u015fta olmak \u00fczere pek \u00e7ok kentte etkisini g\u00f6steren yo\u011fun kar yta\u011f\u0131\u015f\u0131 ya\u015fam\u0131 olumsuz etkiledi.Baz\u0131 illerde k\u00f6ylerle kentler aras\u0131ndaki karar ula\u015f\u0131m\u0131 kar nedeniyle durdu. Yo\u011fun kar ya\u011f\u0131\u015f\u0131na maruz kalan illerde okullar tatil edildi.Belediyeler ve merkezi y\u00f6netim yo\u011fun kar ya\u011f\u0131\u015f\u0131n\u0131n g\u00fcndelik ya\u015famda neden olabilece\u011fi olumsuzluklar\u0131 en aza indirmek [&hellip;]","og_url":"https:\/\/kuzeyinsesi.org\/index.php\/2025\/02\/21\/turkiye-beyaz-ortuyle-kaplandi\/","og_site_name":"Kuzeyin Sesi","article_publisher":"https:\/\/www.facebook.com\/kuzeyinsesii","article_published_time":"2025-02-21T09:36:49+00:00","og_image":[{"url":"https:\/\/brtk.net\/wp-content\/uploads\/2025\/02\/21\/67b76963b26cd71652e60714.webp?ver=f060b5f447dc578765400aa90931dbcd","type":"","width":"","height":""}],"author":"Kuzeyin Sesi","twitter_card":"summary_large_image","twitter_creator":"@kuzeyinsesii","twitter_site":"@kuzeyinsesii","twitter_misc":{"Yazan:":"Kuzeyin Sesi","Tahmini okuma s\u00fcresi":"1 dakika"},"schema":{"@context":"https:\/\/schema.org","@graph":[{"@type":"Article","@id":"https:\/\/kuzeyinsesi.org\/index.php\/2025\/02\/21\/turkiye-beyaz-ortuyle-kaplandi\/#article","isPartOf":{"@id":"https:\/\/kuzeyinsesi.org\/index.php\/2025\/02\/21\/turkiye-beyaz-ortuyle-kaplandi\/"},"author":{"name":"Kuzeyin Sesi","@id":"https:\/\/kuzeyinsesi.org\/#\/schema\/person\/9f859689cdf01485597712386e37f5aa"},"headline":"T\u00fcrkiye beyaz \u00f6rt\u00fcyle kapland\u0131","datePublished":"2025-02-21T09:36:49+00:00","mainEntityOfPage":{"@id":"https:\/\/kuzeyinsesi.org\/index.php\/2025\/02\/21\/turkiye-beyaz-ortuyle-kaplandi\/"},"wordCount":288,"commentCount":0,"image":{"@id":"https:\/\/kuzeyinsesi.org\/index.php\/2025\/02\/21\/turkiye-beyaz-ortuyle-kaplandi\/#primaryimage"},"thumbnailUrl":"https:\/\/kuzeyinsesi.org\/wp-content\/uploads\/2025\/02\/67b76963b26cd71652e60714.webp.webp","articleSection":["T\u00fcrkiye"],"inLanguage":"tr","potentialAction":[{"@type":"CommentAction","name":"Comment","target":["https:\/\/kuzeyinsesi.org\/index.php\/2025\/02\/21\/turkiye-beyaz-ortuyle-kaplandi\/#respond"]}]},{"@type":"WebPage","@id":"https:\/\/kuzeyinsesi.org\/index.php\/2025\/02\/21\/turkiye-beyaz-ortuyle-kaplandi\/","url":"https:\/\/kuzeyinsesi.org\/index.php\/2025\/02\/21\/turkiye-beyaz-ortuyle-kaplandi\/","name":"T\u00fcrkiye beyaz \u00f6rt\u00fcyle kapland\u0131 - Kuzeyin Sesi","isPartOf":{"@id":"https:\/\/kuzeyinsesi.org\/#website"},"primaryImageOfPage":{"@id":"https:\/\/kuzeyinsesi.org\/index.php\/2025\/02\/21\/turkiye-beyaz-ortuyle-kaplandi\/#primaryimage"},"image":{"@id":"https:\/\/kuzeyinsesi.org\/index.php\/2025\/02\/21\/turkiye-beyaz-ortuyle-kaplandi\/#primaryimage"},"thumbnailUrl":"https:\/\/kuzeyinsesi.org\/wp-content\/uploads\/2025\/02\/67b76963b26cd71652e60714.webp.webp","datePublished":"2025-02-21T09:36:49+00:00","author":{"@id":"https:\/\/kuzeyinsesi.org\/#\/schema\/person\/9f859689cdf01485597712386e37f5aa"},"breadcrumb":{"@id":"https:\/\/kuzeyinsesi.org\/index.php\/2025\/02\/21\/turkiye-beyaz-ortuyle-kaplandi\/#breadcrumb"},"inLanguage":"tr","potentialAction":[{"@type":"ReadAction","target":["https:\/\/kuzeyinsesi.org\/index.php\/2025\/02\/21\/turkiye-beyaz-ortuyle-kaplandi\/"]}]},{"@type":"ImageObject","inLanguage":"tr","@id":"https:\/\/kuzeyinsesi.org\/index.php\/2025\/02\/21\/turkiye-beyaz-ortuyle-kaplandi\/#primaryimage","url":"https:\/\/kuzeyinsesi.org\/wp-content\/uploads\/2025\/02\/67b76963b26cd71652e60714.webp.webp","contentUrl":"https:\/\/kuzeyinsesi.org\/wp-content\/uploads\/2025\/02\/67b76963b26cd71652e60714.webp.webp","width":750,"height":500},{"@type":"BreadcrumbList","@id":"https:\/\/kuzeyinsesi.org\/index.php\/2025\/02\/21\/turkiye-beyaz-ortuyle-kaplandi\/#breadcrumb","itemListElement":[{"@type":"ListItem","position":1,"name":"Anasayfa","item":"https:\/\/kuzeyinsesi.org\/"},{"@type":"ListItem","position":2,"name":"T\u00fcrkiye beyaz \u00f6rt\u00fcyle kapland\u0131"}]},{"@type":"WebSite","@id":"https:\/\/kuzeyinsesi.org\/#website","url":"https:\/\/kuzeyinsesi.org\/","name":"Kuzeyin Sesi","description":"Do\u011fru Haberin Adresi","potentialAction":[{"@type":"SearchAction","target":{"@type":"EntryPoint","urlTemplate":"https:\/\/kuzeyinsesi.org\/?s={search_term_string}"},"query-input":{"@type":"PropertyValueSpecification","valueRequired":true,"valueName":"search_term_string"}}],"inLanguage":"tr"},{"@type":"Person","@id":"https:\/\/kuzeyinsesi.org\/#\/schema\/person\/9f859689cdf01485597712386e37f5aa","name":"Kuzeyin Sesi","image":{"@type":"ImageObject","inLanguage":"tr","@id":"https:\/\/secure.gravatar.com\/avatar\/bab33852abfd8b282518d6ed81826833d77c3c882d9ab608add591ccace47a44?s=96&d=mm&r=g","url":"https:\/\/secure.gravatar.com\/avatar\/bab33852abfd8b282518d6ed81826833d77c3c882d9ab608add591ccace47a44?s=96&d=mm&r=g","contentUrl":"https:\/\/secure.gravatar.com\/avatar\/bab33852abfd8b282518d6ed81826833d77c3c882d9ab608add591ccace47a44?s=96&d=mm&r=g","caption":"Kuzeyin Sesi"},"sameAs":["https:\/\/kuzeyinsesi.org"],"url":"https:\/\/kuzeyinsesi.org\/index.php\/author\/guven\/"}]}},"_links":{"self":[{"href":"https:\/\/kuzeyinsesi.org\/index.php\/wp-json\/wp\/v2\/posts\/19443","targetHints":{"allow":["GET"]}}],"collection":[{"href":"https:\/\/kuzeyinsesi.org\/index.php\/wp-json\/wp\/v2\/posts"}],"about":[{"href":"https:\/\/kuzeyinsesi.org\/index.php\/wp-json\/wp\/v2\/types\/post"}],"author":[{"embeddable":true,"href":"https:\/\/kuzeyinsesi.org\/index.php\/wp-json\/wp\/v2\/users\/1"}],"replies":[{"embeddable":true,"href":"https:\/\/kuzeyinsesi.org\/index.php\/wp-json\/wp\/v2\/comments?post=19443"}],"version-history":[{"count":0,"href":"https:\/\/kuzeyinsesi.org\/index.php\/wp-json\/wp\/v2\/posts\/19443\/revisions"}],"wp:featuredmedia":[{"embeddable":true,"href":"https:\/\/kuzeyinsesi.org\/index.php\/wp-json\/wp\/v2\/media\/19444"}],"wp:attachment":[{"href":"https:\/\/kuzeyinsesi.org\/index.php\/wp-json\/wp\/v2\/media?parent=19443"}],"wp:term":[{"taxonomy":"category","embeddable":true,"href":"https:\/\/kuzeyinsesi.org\/index.php\/wp-json\/wp\/v2\/categories?post=19443"},{"taxonomy":"post_tag","embeddable":true,"href":"https:\/\/kuzeyinsesi.org\/index.php\/wp-json\/wp\/v2\/tags?post=19443"}],"curies":[{"name":"wp","href":"https:\/\/api.w.org\/{rel}","templated":true}]}}