{"id":1944,"date":"2024-05-10T11:38:56","date_gmt":"2024-05-10T08:38:56","guid":{"rendered":"https:\/\/kuzeyinsesi.com\/index.php\/2024\/05\/10\/eklektik-manifest-lefkosa-bienaline-giris-yarin-basliyor-baskent-diaspora-ana-temasiyla-cagdas-sanatla-bulusacak\/"},"modified":"2024-05-10T11:38:56","modified_gmt":"2024-05-10T08:38:56","slug":"eklektik-manifest-lefkosa-bienaline-giris-yarin-basliyor-baskent-diaspora-ana-temasiyla-cagdas-sanatla-bulusacak","status":"publish","type":"post","link":"https:\/\/kuzeyinsesi.org\/index.php\/2024\/05\/10\/eklektik-manifest-lefkosa-bienaline-giris-yarin-basliyor-baskent-diaspora-ana-temasiyla-cagdas-sanatla-bulusacak\/","title":{"rendered":"Eklektik Manifest-Lefko\u015fa Bienali\u2019ne Giri\u015f yar\u0131n ba\u015fl\u0131yor: Ba\u015fkent diaspora ana temas\u0131yla \u00e7a\u011fda\u015f sanatla bulu\u015facak"},"content":{"rendered":"<div>\n<div class=\"mariselle-image-container none\">\n                                            <\/div>\n<p>Arkhe taraf\u0131ndan bu y\u0131l ilki ger\u00e7ekle\u015ftirilen ve ba\u015fkenti \u201cdiaspora\u201d ana temas\u0131yla \u00e7a\u011fda\u015f sanatla bulu\u015fturmay\u0131 hedefleyen \u201cEklektik Manifest-Lefko\u015fa Bienali\u2019ne Giri\u015f\u201d projesi yar\u0131n (11 May\u0131s 2024, Cumartesi) ba\u015fl\u0131yor.<\/p>\n<p>22 Haziran\u2019a kadar sanatseverleri a\u011f\u0131rlayacak Eklektik Manifest\u2019te, 20 sanat\u00e7\u0131, alt\u0131 istasyon, sekiz sergi, yedi performans ve be\u015f panel yer alacak.<\/p>\n<p>Eklektik Manifest, Arkhe Arabahmet K\u00fclt\u00fcr Evi, Arkhe A\u00e7\u0131k Alan, Eski Frans\u0131z K\u00fclt\u00fcr Derne\u011fi binas\u0131, EMAA binas\u0131, Ercan Havaalan\u0131, Lefkeliler Han\u0131 yan\u0131 s\u0131ra farkl\u0131 kamusal alanlar izleyici ile bulu\u015facak.<\/p>\n<p>Arhke direkt\u00f6r\u00fc Halil Duranay, k\u00fcrat\u00f6rlerden \u00d6zlem \u00dcnsal, diaspora ana temas\u0131nda yer alan sanat\u00e7\u0131lar\u0131ndan Asl\u0131 Bolay\u0131r ve Alev Adil ile gelece\u011fin Lefko\u015fa Bienali\u2019ne giri\u015f niteli\u011findeki Eklektik Manifest hakk\u0131nda konu\u015ftuk.<\/p>\n<p>Etkinlik, Arkhe organizasyonunda, Lefko\u015fa T\u00fcrk Belediyesi himayesi, Vedat Kaner Vakf\u0131 ana sponsorlu\u011fu ve Pasha Group ile T\u00fcrk Hava Yollar\u0131 sponsorlu\u011funda hayata ge\u00e7iriliyor.<\/p>\n<p>\u2013 Halil Duranay: \u201cEklektik Manifest\u2019in bir stratejisi var, bu a\u00e7\u0131dan \u00f6nemli\u201d<\/p>\n<p>Arkhe Direkt\u00f6r\u00fc Halil Duranay, Arkhe olarak gelecek y\u0131l ba\u015fkentti \u00e7a\u011fda\u015f sanat\u0131n sergilenme gelene\u011fi olan bienalle bulu\u015fturmay\u0131 istediklerini ve bienal i\u00e7in bir yol haritas\u0131 \u00fcretmeye \u00e7al\u0131\u015ft\u0131klar\u0131n\u0131 belirterek, \u201cEklektik Manifest bizim kentle bienali nas\u0131l kurgulayabilece\u011fimizin, nas\u0131l y\u00fcr\u00fctebilece\u011fimizin bir ilk egzersizi\u201d dedi.<\/p>\n<p>Duranay, \u201cbirbirinden farkl\u0131 olgu ve eylemlerden se\u00e7ilenlerin ilan\u0131\u201d anlam\u0131n\u0131 ta\u015f\u0131yan Eklektik Manfiest\u2019in ana temas\u0131 olarak \u201cdiasporay\u0131\u201d \u00f6zellikle se\u00e7tiklerini belirterek, devam ediyor:<\/p>\n<p>\u201c\u00c7\u00fcnk\u00fc yurt d\u0131\u015f\u0131ndaki K\u0131br\u0131sl\u0131 sanat\u00e7\u0131lar\u0131 projeye dahil etmek \u00f6nemli bir \u015feydi. Onlar, buraya alternatif bak\u0131\u015f a\u00e7\u0131lar\u0131yla geliyorlar, farkl\u0131 \u00fclkelerde farkl\u0131 dinamiklerle \u00e7al\u0131\u015f\u0131yorlar, d\u00fcnyan\u0131n farkl\u0131 halleri ile konu\u015fuyorlar. Dolay\u0131s\u0131yla, eve geri d\u00f6nd\u00fckleri zaman da, asl\u0131nda bize bir \u015fekilde d\u00fcnyan\u0131n farkl\u0131 alanlar\u0131nda neler tart\u0131\u015f\u0131l\u0131yor, d\u00fcnyan\u0131n farkl\u0131 noktalar\u0131nda hangi sorunlar var; bunlar evdeki aciliyetlerle nas\u0131l kesi\u015fiyor bunu g\u00f6steriyorlar.\u201d<\/p>\n<p>Duranay, ba\u015fkentte daha \u00f6nce ayn\u0131 anda, kente yay\u0131lm\u0131\u015f b\u00fcy\u00fck sanatsal projeler yap\u0131ld\u0131\u011f\u0131n\u0131 ama Eklektik Manifest\u2019in bienallerin \u00f6n haz\u0131rl\u0131klar\u0131 olaca\u011f\u0131n\u0131 ve bunun Arkhe\u2019nin \u00fcretti\u011fi k\u00fclt\u00fcr-sanat politikalar\u0131n\u0131n bir par\u00e7as\u0131 oldu\u011funu s\u00f6yl\u00fcyor. Ayr\u0131ca, \u201cyerel ile k\u00fcresel olan\u0131 birle\u015ftirebilmek i\u00e7in Eklektik Manifest\u2019in ayn\u0131 zamanda kendi ba\u015f\u0131na bir strateji projesi oldu\u011funu\u201d da ekliyor.<\/p>\n<p>Duranay, \u201cEklektik Manifest i\u00e7in \u00fcretilen i\u015flerin b\u00fcy\u00fck \u00e7o\u011funlu\u011fu kentin farkl\u0131 alanlar\u0131ndaki farkl\u0131 bile\u015fenleri; hem demografik hem de k\u00fclt\u00fcrel olarak bir \u015fekilde bir \u00e7a\u011fda\u015f sanat alg\u0131s\u0131 \u00fczerinde bir araya getirebilme gailesi ta\u015f\u0131yor. \u0130\u015flerin b\u00fcy\u00fck \u00e7o\u011funlu\u011fu bu projeye \u00f6zel olarak tasarland\u0131 ve \u00fcretildi\u201d diyor.<\/p>\n<p>\u201cEklektik Manifest\u2019in k\u00fclt\u00fcrel olarak katk\u0131 sa\u011flayaca\u011f\u0131n\u0131, k\u00fclt\u00fcr politikas\u0131 i\u00e7in \u00e7ok \u00f6nemli bir havuz olu\u015fturaca\u011f\u0131n\u0131\u201d belirten Duranay, etkinli\u011fin; Arhke\u2019nin en temel misyonlar\u0131ndan biri olan kent m\u00fczesi olu\u015fturma hedefine de katk\u0131 sa\u011flayacaklar\u0131n\u0131 belirtti ve ekledi: \u201cBurada \u00e7ok enteresan yerle\u015ftirmelerle kar\u015f\u0131la\u015faca\u011f\u0131z ve bunlardan baz\u0131lar\u0131 ar\u015fiv malzemesi olarak ilerde bir kent m\u00fczesinin bir odas\u0131nda sabitle\u015febilirler. Bu a\u00e7\u0131dan ileriki hedeflere y\u00f6nelik de bir kaynak \u00fcretiyoruz.\u201d<\/p>\n<p>Duranay, yedi hafta boyunca, alt\u0131 farkl\u0131 istasyonda yer alacak sergiler d\u0131\u015f\u0131nda, yap\u0131lacak performanslar\u0131n baz\u0131lar\u0131n\u0131n tek sefer yap\u0131laca\u011f\u0131n\u0131, performanslar\u0131n yap\u0131ld\u0131klar\u0131 kamusal alandaki kat\u0131l\u0131mc\u0131larla zenginle\u015fece\u011fini vurgulad\u0131.<\/p>\n<p>Duranay ayr\u0131ca, \u201cbiz asl\u0131nda \u015funu istiyoruz, bu projede Eklektik Manifest\u2019in katalo\u011fu kitap\u00e7\u0131da, kafede de\u011fil de, mahalle kahvesinde, pastanede, mahallenin i\u00e7indeki \u00e7\u00f6rek\u00e7ide ya da bakkalda dursun. O zaman bu projeyi ger\u00e7ekten g\u00fcndelik hayat\u0131n bir par\u00e7as\u0131 haline getirmi\u015f olaca\u011f\u0131z\u201d dedi.<\/p>\n<p>Eklektik Manifest\u2019te diaspora ana temas\u0131nda yer alan sanat\u00e7\u0131lar\u0131n \u201cseyr\u00fcsefer\u201d sanat\u00e7\u0131lar oldu\u011funu belirten Duranay, \u201cS\u00fcrekli mekik dokuyorlar, eve d\u00f6n\u00fcyor, evden ayr\u0131l\u0131yor, ba\u015fka yerde de evleri var, dolay\u0131s\u0131yla evler aras\u0131nda s\u00fcrekli gezen, seyr\u00fcsefer sanat\u00e7\u0131lar. Dolay\u0131s\u0131yla bu sanat\u00e7\u0131lardaki ev fikri birazc\u0131k daha farkl\u0131, daha ak\u0131\u015fkan bir imgesi var kafalar\u0131nda, 40 senedir hi\u00e7 u\u011framad\u0131\u011f\u0131 bir yerdeki her \u015feyi dondurmu\u015f bir diaspora profili de\u011fil. Diasporadaki sorunlar\u0131; kimlik problemi, k\u00fclt\u00fcrel \u00e7at\u0131\u015fma problemleri gibi sorunlara asl\u0131nda daha dinamik cevaplar veriyorlar.\u201d ifadelerini kullan\u0131yor.<\/p>\n<p>\u2013 \u00d6zlem \u00dcnsal: \u201cEklektik Manifest\u2019te \u00e7ok konsantre bir \u015fey var\u2026\u201d<\/p>\n<p>23 y\u0131l yurt d\u0131\u015f\u0131nda ya\u015fad\u0131ktan sonra K\u0131br\u0131s\u2019a d\u00f6nen ve \u015fu an LTB meclis \u00fcyesi ve Arkhe y\u00fcr\u00fctme kurulu \u00fcyesi olan \u00d6zlem \u00dcnsal, projede, \u00fc\u00e7 sanat\u00e7\u0131n\u0131n, Asl\u0131 Bolay\u0131r, Alev Adil ve S\u00fcmer Erek\u2019in i\u015flerinin k\u00fcrat\u00f6r\u00fc olarak \u00e7al\u0131\u015ft\u0131\u011f\u0131n\u0131, i\u015finin b\u00fcy\u00fck bir par\u00e7as\u0131n\u0131n onlar\u0131 dinlemek, \u00fcrettikleri i\u015fleri ve motivasyonlar\u0131n\u0131 anlayabilmek oldu\u011funu belirterek, sanat\u00e7\u0131larla tan\u0131d\u0131k duygular payla\u015ft\u0131\u011f\u0131n\u0131 s\u00f6yl\u00fcyor:<\/p>\n<p>\u201cBenim kendi hareketlilik d\u00f6nemimden de gelen baz\u0131 a\u015fina duygular var: s\u00fcrekli hareket halinde olmak, birden fazla yeri kendine ev bellemek, biraz yersiz yurtsuz olmak ama bir taraftan da bir yerlere g\u00f6n\u00fcl ba\u011f\u0131 ile tutunmak. \u0130\u015fte bunlar\u0131n b\u00f6yle birtak\u0131m farkl\u0131 kal\u0131nt\u0131lar\u0131n\u0131 toplamak, bundan b\u00f6yle bir ki\u015fisel ar\u015fiv olu\u015fturmak, bu ar\u015fivi yarat\u0131c\u0131 y\u00f6ntemlerle sergilenebilir bir fikir haline d\u00f6n\u00fc\u015ft\u00fcrebilmek gibi noktalarda sanat\u00e7\u0131larla bir ba\u011f kurabildi\u011fimi hissediyorum.\u201d<\/p>\n<p>Bu projeden b\u00fcy\u00fck bir heyecan duydu\u011funu belirten \u00dcnsal, \u201cEklektik Manifest\u2019te \u00e7ok konsantre bir \u015fey var, her par\u00e7as\u0131 birbirini, bir fikri tamamlayan, anlaml\u0131 k\u0131lan bir s\u00fcr\u00fc par\u00e7ac\u0131k var ve kentin i\u00e7erisine belli bir \u00f6l\u00e7\u00fcde yay\u0131l\u0131yorlar\u201d dedi.<\/p>\n<p>-Asl\u0131 Bolay\u0131r: \u201cAkl\u0131ma hep nenemin laf\u0131 gelirdi: \u2018Bir g\u00fcne\u015fte uruba guruttuk\u2019\u201d<\/p>\n<p>K\u0131br\u0131s\u2019tan e\u011fitim g\u00f6rmek i\u00e7in gitti\u011fi Marsilya\u2019n\u0131n ard\u0131ndan Barselona\u2019ya yerle\u015ferek 30 y\u0131ldan uzun bir s\u00fcredir ya\u015fam\u0131n\u0131 orada s\u00fcrd\u00fcren Asl\u0131 Bolay\u0131r, \u201cLondra veya Avustralya\u2019da bir diaspora vard\u0131r, yani herkesin ailesinden birileri veya tan\u0131d\u0131klar\u0131 vard\u0131r oralarda ama Barselona\u2019ya gitti\u011fimde K\u0131br\u0131s\u2019tan hi\u00e7 kimse yoktu\u201d diyen Bolay\u0131r, orada zaman i\u00e7inde, ayn\u0131 memleket \u00f6ks\u00fczl\u00fc\u011f\u00fc ya\u015fayan ba\u015fka yabanc\u0131larla kendi diasporas\u0131n\u0131 kurdu\u011funu anlat\u0131yor.<\/p>\n<p>Bolay\u0131r, Eklektik Manifest\u2019teki \u201cBir G\u00fcne\u015fte Uruba Kurutmak\u201d adl\u0131 \u00e7al\u0131\u015fmas\u0131n\u0131n \u00e7\u0131k\u0131\u015f noktas\u0131yla ilgili \u015funlar\u0131 payla\u015ft\u0131:<\/p>\n<p>\u201cDiaspora denince genellikle ba\u015fka bir \u00fclkeye gitme, kendi \u00fclkenizden gelen insanlarla bir araya gelme ve onlarla birlikte kendi k\u00fclt\u00fcr\u00fcn\u00fcz\u00fc koruma d\u00fc\u015f\u00fcncesi gelir akla. Ancak benim durumumda b\u00f6yle bir durum s\u00f6z konusu de\u011fildi, \u00e7\u00fcnk\u00fc Barcelona\u2019da K\u0131br\u0131sl\u0131 T\u00fcrk yoktu, K\u0131br\u0131s\u2019tan hi\u00e7 kimse yoktu\u2026 Akl\u0131ma hep nenemin bir laf\u0131 gelirdi: \u2018Neneme \u2018Sen tan\u0131r m\u0131n bu insan\u0131, senin akrabanm\u0131\u015f diye sorduklar\u0131nda: \u2018Kimdir? Bilmem ama herhalde, bir g\u00fcne\u015fte uruba guruttuk\u2019 derdi. Yani sonu\u00e7ta hepimiz ayn\u0131 yerin insan\u0131y\u0131z. Hepimiz, ayn\u0131 g\u00fcne\u015fin alt\u0131nday\u0131z, ayn\u0131 sevin\u00e7leri ve ac\u0131lar\u0131 payla\u015f\u0131r\u0131z\u2026 \u0130\u015fte benim \u00e7al\u0131\u015fmalar\u0131m\u0131n \u00e7\u0131k\u0131\u015f noktas\u0131 bu oldu.\u201d<\/p>\n<p>-Alev Adil: \u201cHepimizde asl\u0131nda bir diaspora hissi var\u201d<\/p>\n<p>K\u0131br\u0131s\u2019ta do\u011fan ve \u00e7ocuklu\u011fu burada ge\u00e7en ve ard\u0131ndan \u0130ngiltere\u2019ye yerle\u015ferek ya\u015fam\u0131n\u0131 orada s\u00fcrd\u00fcren Alev Adil, \u201cher zaman biraz bir \u00f6tekilik vard\u0131. Annem \u0130ngiliz, o nedenle o k\u00fclt\u00fcr kar\u0131\u015f\u0131m\u0131 ve bir \u00f6tekilik vard\u0131. 1974\u2019ten evvel ben o bir tarafta okula da gidiyordum, o nedenle s\u0131n\u0131r ge\u00e7me s\u0131n\u0131r\u0131n \u00f6tesinde olma beni \u00e7ok etkiledi\u201d diyor.<\/p>\n<p>Alev Adil, Eklektik Manifest\u2019e kat\u0131laca\u011f\u0131 \u201cHarap Ar\u015fiv\u201d adl\u0131 enstalasyon \u00e7al\u0131\u015fmas\u0131ndan \u201c\u015fiirin bir nesne haline gelmesi\u201d diye bahsediyor ve ekliyor: \u201cKimlik, \u00f6tekilik, tarih ve do\u011fa, bunlar benim i\u00e7in ana tema. Bu sergi geli\u015ftik\u00e7e biraz da \u00e7ocukluk y\u0131llar\u0131ma d\u00f6nd\u00fcm, \u00e7\u00fcnk\u00fc 1974\u2019ten sonra ayr\u0131ld\u0131\u011f\u0131m i\u00e7in o \u00e7ocuk olma noktas\u0131\u2026 Diaspora \u00e7ok siyah-beyaz bir \u015fey de\u011fil, gidip-d\u00f6nme var, iki yere ait olma var. Diasporadan bahsetti\u011fimizde hep bir eksiklikten bahsediyoruz ama asl\u0131nda bir \u00e7o\u011falma da var. Bir yeni hayata ba\u015flad\u0131\u011f\u0131nda bir \u015feyleri unutma gibi bir s\u00fcrece ge\u00e7iyorsun, ama asl\u0131nda bir \u015feyleri kapl\u0131yorsun, sanki unuttun, kaybettin gibi ama asl\u0131nda onlar orada kapl\u0131 duruyor\u2026 Ve hepimizde asl\u0131nda bir diaspora hissi var\u2026Sadece mekan\u0131n de\u011fil, zaman\u0131n diasporas\u0131 da var.\u201d<\/p>\n<p><em> \u201cEklektik Manifest Lefko\u015fa Bienali\u2019ne Giri\u015f\u201d projesinin program\u0131 :<\/em><\/p>\n<p>eklektik-manifest-etkinlik-programi<\/p>\n<\/p><\/div>\n<p><script async\n                    defer\n                    crossorigin=\"anonymous\"\n                    src=\"https:\/\/connect.facebook.net\/tr_TR\/sdk.js#xfbml=1&#038;version=v3.3\"\n            ><\/script><\/p>\n","protected":false},"excerpt":{"rendered":"<p>Arkhe taraf\u0131ndan bu y\u0131l ilki ger\u00e7ekle\u015ftirilen ve ba\u015fkenti \u201cdiaspora\u201d ana temas\u0131yla \u00e7a\u011fda\u015f sanatla bulu\u015fturmay\u0131 hedefleyen \u201cEklektik Manifest-Lefko\u015fa Bienali\u2019ne Giri\u015f\u201d projesi yar\u0131n (11 May\u0131s 2024, Cumartesi) ba\u015fl\u0131yor. 22 Haziran\u2019a kadar sanatseverleri a\u011f\u0131rlayacak Eklektik Manifest\u2019te, 20 sanat\u00e7\u0131, alt\u0131 istasyon, sekiz sergi, yedi performans ve be\u015f panel yer alacak. Eklektik Manifest, Arkhe Arabahmet K\u00fclt\u00fcr Evi, Arkhe A\u00e7\u0131k Alan, [&hellip;]<\/p>\n","protected":false},"author":1,"featured_media":1945,"comment_status":"open","ping_status":"open","sticky":false,"template":"","format":"standard","meta":{"jnews-multi-image_gallery":[],"jnews_single_post":[],"jnews_primary_category":[],"jnews_social_meta":[],"jnews_override_counter":[],"footnotes":""},"categories":[6],"tags":[],"class_list":["post-1944","post","type-post","status-publish","format-standard","has-post-thumbnail","hentry","category-yasam"],"yoast_head":"<!-- This site is optimized with the Yoast SEO plugin v27.5 - https:\/\/yoast.com\/product\/yoast-seo-wordpress\/ -->\n<title>Eklektik Manifest-Lefko\u015fa Bienali\u2019ne Giri\u015f yar\u0131n ba\u015fl\u0131yor: Ba\u015fkent diaspora ana temas\u0131yla \u00e7a\u011fda\u015f sanatla bulu\u015facak - Kuzeyin Sesi<\/title>\n<meta name=\"robots\" content=\"index, follow, max-snippet:-1, max-image-preview:large, max-video-preview:-1\" \/>\n<link rel=\"canonical\" href=\"https:\/\/kuzeyinsesi.org\/index.php\/2024\/05\/10\/eklektik-manifest-lefkosa-bienaline-giris-yarin-basliyor-baskent-diaspora-ana-temasiyla-cagdas-sanatla-bulusacak\/\" \/>\n<meta property=\"og:locale\" content=\"tr_TR\" \/>\n<meta property=\"og:type\" content=\"article\" \/>\n<meta property=\"og:title\" content=\"Eklektik Manifest-Lefko\u015fa Bienali\u2019ne Giri\u015f yar\u0131n ba\u015fl\u0131yor: Ba\u015fkent diaspora ana temas\u0131yla \u00e7a\u011fda\u015f sanatla bulu\u015facak - Kuzeyin Sesi\" \/>\n<meta property=\"og:description\" content=\"Arkhe taraf\u0131ndan bu y\u0131l ilki ger\u00e7ekle\u015ftirilen ve ba\u015fkenti \u201cdiaspora\u201d ana temas\u0131yla \u00e7a\u011fda\u015f sanatla bulu\u015fturmay\u0131 hedefleyen \u201cEklektik Manifest-Lefko\u015fa Bienali\u2019ne Giri\u015f\u201d projesi yar\u0131n (11 May\u0131s 2024, Cumartesi) ba\u015fl\u0131yor. 22 Haziran\u2019a kadar sanatseverleri a\u011f\u0131rlayacak Eklektik Manifest\u2019te, 20 sanat\u00e7\u0131, alt\u0131 istasyon, sekiz sergi, yedi performans ve be\u015f panel yer alacak. Eklektik Manifest, Arkhe Arabahmet K\u00fclt\u00fcr Evi, Arkhe A\u00e7\u0131k Alan, [&hellip;]\" \/>\n<meta property=\"og:url\" content=\"https:\/\/kuzeyinsesi.org\/index.php\/2024\/05\/10\/eklektik-manifest-lefkosa-bienaline-giris-yarin-basliyor-baskent-diaspora-ana-temasiyla-cagdas-sanatla-bulusacak\/\" \/>\n<meta property=\"og:site_name\" content=\"Kuzeyin Sesi\" \/>\n<meta property=\"article:publisher\" content=\"https:\/\/www.facebook.com\/kuzeyinsesii\" \/>\n<meta property=\"article:published_time\" content=\"2024-05-10T08:38:56+00:00\" \/>\n<meta property=\"og:image\" content=\"https:\/\/kuzeyinsesi.org\/wp-content\/uploads\/2024\/05\/photo-2024-05-03-13-50-54-ero.jpg\" \/>\n\t<meta property=\"og:image:width\" content=\"1439\" \/>\n\t<meta property=\"og:image:height\" content=\"1004\" \/>\n\t<meta property=\"og:image:type\" content=\"image\/jpeg\" \/>\n<meta name=\"author\" content=\"Kuzeyin Sesi\" \/>\n<meta name=\"twitter:card\" content=\"summary_large_image\" \/>\n<meta name=\"twitter:creator\" content=\"@kuzeyinsesii\" \/>\n<meta name=\"twitter:site\" content=\"@kuzeyinsesii\" \/>\n<meta name=\"twitter:label1\" content=\"Yazan:\" \/>\n\t<meta name=\"twitter:data1\" content=\"Kuzeyin Sesi\" \/>\n\t<meta name=\"twitter:label2\" content=\"Tahmini okuma s\u00fcresi\" \/>\n\t<meta name=\"twitter:data2\" content=\"7 dakika\" \/>\n<script type=\"application\/ld+json\" class=\"yoast-schema-graph\">{\"@context\":\"https:\\\/\\\/schema.org\",\"@graph\":[{\"@type\":\"Article\",\"@id\":\"https:\\\/\\\/kuzeyinsesi.org\\\/index.php\\\/2024\\\/05\\\/10\\\/eklektik-manifest-lefkosa-bienaline-giris-yarin-basliyor-baskent-diaspora-ana-temasiyla-cagdas-sanatla-bulusacak\\\/#article\",\"isPartOf\":{\"@id\":\"https:\\\/\\\/kuzeyinsesi.org\\\/index.php\\\/2024\\\/05\\\/10\\\/eklektik-manifest-lefkosa-bienaline-giris-yarin-basliyor-baskent-diaspora-ana-temasiyla-cagdas-sanatla-bulusacak\\\/\"},\"author\":{\"name\":\"Kuzeyin Sesi\",\"@id\":\"https:\\\/\\\/kuzeyinsesi.org\\\/#\\\/schema\\\/person\\\/9f859689cdf01485597712386e37f5aa\"},\"headline\":\"Eklektik Manifest-Lefko\u015fa Bienali\u2019ne Giri\u015f yar\u0131n ba\u015fl\u0131yor: Ba\u015fkent diaspora ana temas\u0131yla \u00e7a\u011fda\u015f sanatla bulu\u015facak\",\"datePublished\":\"2024-05-10T08:38:56+00:00\",\"mainEntityOfPage\":{\"@id\":\"https:\\\/\\\/kuzeyinsesi.org\\\/index.php\\\/2024\\\/05\\\/10\\\/eklektik-manifest-lefkosa-bienaline-giris-yarin-basliyor-baskent-diaspora-ana-temasiyla-cagdas-sanatla-bulusacak\\\/\"},\"wordCount\":1503,\"commentCount\":0,\"image\":{\"@id\":\"https:\\\/\\\/kuzeyinsesi.org\\\/index.php\\\/2024\\\/05\\\/10\\\/eklektik-manifest-lefkosa-bienaline-giris-yarin-basliyor-baskent-diaspora-ana-temasiyla-cagdas-sanatla-bulusacak\\\/#primaryimage\"},\"thumbnailUrl\":\"https:\\\/\\\/kuzeyinsesi.org\\\/wp-content\\\/uploads\\\/2024\\\/05\\\/photo-2024-05-03-13-50-54-ero.jpg\",\"articleSection\":[\"Ya\u015fam\"],\"inLanguage\":\"tr\",\"potentialAction\":[{\"@type\":\"CommentAction\",\"name\":\"Comment\",\"target\":[\"https:\\\/\\\/kuzeyinsesi.org\\\/index.php\\\/2024\\\/05\\\/10\\\/eklektik-manifest-lefkosa-bienaline-giris-yarin-basliyor-baskent-diaspora-ana-temasiyla-cagdas-sanatla-bulusacak\\\/#respond\"]}]},{\"@type\":\"WebPage\",\"@id\":\"https:\\\/\\\/kuzeyinsesi.org\\\/index.php\\\/2024\\\/05\\\/10\\\/eklektik-manifest-lefkosa-bienaline-giris-yarin-basliyor-baskent-diaspora-ana-temasiyla-cagdas-sanatla-bulusacak\\\/\",\"url\":\"https:\\\/\\\/kuzeyinsesi.org\\\/index.php\\\/2024\\\/05\\\/10\\\/eklektik-manifest-lefkosa-bienaline-giris-yarin-basliyor-baskent-diaspora-ana-temasiyla-cagdas-sanatla-bulusacak\\\/\",\"name\":\"Eklektik Manifest-Lefko\u015fa Bienali\u2019ne Giri\u015f yar\u0131n ba\u015fl\u0131yor: Ba\u015fkent diaspora ana temas\u0131yla \u00e7a\u011fda\u015f sanatla bulu\u015facak - Kuzeyin Sesi\",\"isPartOf\":{\"@id\":\"https:\\\/\\\/kuzeyinsesi.org\\\/#website\"},\"primaryImageOfPage\":{\"@id\":\"https:\\\/\\\/kuzeyinsesi.org\\\/index.php\\\/2024\\\/05\\\/10\\\/eklektik-manifest-lefkosa-bienaline-giris-yarin-basliyor-baskent-diaspora-ana-temasiyla-cagdas-sanatla-bulusacak\\\/#primaryimage\"},\"image\":{\"@id\":\"https:\\\/\\\/kuzeyinsesi.org\\\/index.php\\\/2024\\\/05\\\/10\\\/eklektik-manifest-lefkosa-bienaline-giris-yarin-basliyor-baskent-diaspora-ana-temasiyla-cagdas-sanatla-bulusacak\\\/#primaryimage\"},\"thumbnailUrl\":\"https:\\\/\\\/kuzeyinsesi.org\\\/wp-content\\\/uploads\\\/2024\\\/05\\\/photo-2024-05-03-13-50-54-ero.jpg\",\"datePublished\":\"2024-05-10T08:38:56+00:00\",\"author\":{\"@id\":\"https:\\\/\\\/kuzeyinsesi.org\\\/#\\\/schema\\\/person\\\/9f859689cdf01485597712386e37f5aa\"},\"breadcrumb\":{\"@id\":\"https:\\\/\\\/kuzeyinsesi.org\\\/index.php\\\/2024\\\/05\\\/10\\\/eklektik-manifest-lefkosa-bienaline-giris-yarin-basliyor-baskent-diaspora-ana-temasiyla-cagdas-sanatla-bulusacak\\\/#breadcrumb\"},\"inLanguage\":\"tr\",\"potentialAction\":[{\"@type\":\"ReadAction\",\"target\":[\"https:\\\/\\\/kuzeyinsesi.org\\\/index.php\\\/2024\\\/05\\\/10\\\/eklektik-manifest-lefkosa-bienaline-giris-yarin-basliyor-baskent-diaspora-ana-temasiyla-cagdas-sanatla-bulusacak\\\/\"]}]},{\"@type\":\"ImageObject\",\"inLanguage\":\"tr\",\"@id\":\"https:\\\/\\\/kuzeyinsesi.org\\\/index.php\\\/2024\\\/05\\\/10\\\/eklektik-manifest-lefkosa-bienaline-giris-yarin-basliyor-baskent-diaspora-ana-temasiyla-cagdas-sanatla-bulusacak\\\/#primaryimage\",\"url\":\"https:\\\/\\\/kuzeyinsesi.org\\\/wp-content\\\/uploads\\\/2024\\\/05\\\/photo-2024-05-03-13-50-54-ero.jpg\",\"contentUrl\":\"https:\\\/\\\/kuzeyinsesi.org\\\/wp-content\\\/uploads\\\/2024\\\/05\\\/photo-2024-05-03-13-50-54-ero.jpg\",\"width\":1439,\"height\":1004},{\"@type\":\"BreadcrumbList\",\"@id\":\"https:\\\/\\\/kuzeyinsesi.org\\\/index.php\\\/2024\\\/05\\\/10\\\/eklektik-manifest-lefkosa-bienaline-giris-yarin-basliyor-baskent-diaspora-ana-temasiyla-cagdas-sanatla-bulusacak\\\/#breadcrumb\",\"itemListElement\":[{\"@type\":\"ListItem\",\"position\":1,\"name\":\"Anasayfa\",\"item\":\"https:\\\/\\\/kuzeyinsesi.org\\\/\"},{\"@type\":\"ListItem\",\"position\":2,\"name\":\"Eklektik Manifest-Lefko\u015fa Bienali\u2019ne Giri\u015f yar\u0131n ba\u015fl\u0131yor: Ba\u015fkent diaspora ana temas\u0131yla \u00e7a\u011fda\u015f sanatla bulu\u015facak\"}]},{\"@type\":\"WebSite\",\"@id\":\"https:\\\/\\\/kuzeyinsesi.org\\\/#website\",\"url\":\"https:\\\/\\\/kuzeyinsesi.org\\\/\",\"name\":\"Kuzeyin Sesi\",\"description\":\"Do\u011fru Haberin Adresi\",\"potentialAction\":[{\"@type\":\"SearchAction\",\"target\":{\"@type\":\"EntryPoint\",\"urlTemplate\":\"https:\\\/\\\/kuzeyinsesi.org\\\/?s={search_term_string}\"},\"query-input\":{\"@type\":\"PropertyValueSpecification\",\"valueRequired\":true,\"valueName\":\"search_term_string\"}}],\"inLanguage\":\"tr\"},{\"@type\":\"Person\",\"@id\":\"https:\\\/\\\/kuzeyinsesi.org\\\/#\\\/schema\\\/person\\\/9f859689cdf01485597712386e37f5aa\",\"name\":\"Kuzeyin Sesi\",\"image\":{\"@type\":\"ImageObject\",\"inLanguage\":\"tr\",\"@id\":\"https:\\\/\\\/secure.gravatar.com\\\/avatar\\\/bab33852abfd8b282518d6ed81826833d77c3c882d9ab608add591ccace47a44?s=96&d=mm&r=g\",\"url\":\"https:\\\/\\\/secure.gravatar.com\\\/avatar\\\/bab33852abfd8b282518d6ed81826833d77c3c882d9ab608add591ccace47a44?s=96&d=mm&r=g\",\"contentUrl\":\"https:\\\/\\\/secure.gravatar.com\\\/avatar\\\/bab33852abfd8b282518d6ed81826833d77c3c882d9ab608add591ccace47a44?s=96&d=mm&r=g\",\"caption\":\"Kuzeyin Sesi\"},\"sameAs\":[\"https:\\\/\\\/kuzeyinsesi.org\"],\"url\":\"https:\\\/\\\/kuzeyinsesi.org\\\/index.php\\\/author\\\/guven\\\/\"}]}<\/script>\n<!-- \/ Yoast SEO plugin. -->","yoast_head_json":{"title":"Eklektik Manifest-Lefko\u015fa Bienali\u2019ne Giri\u015f yar\u0131n ba\u015fl\u0131yor: Ba\u015fkent diaspora ana temas\u0131yla \u00e7a\u011fda\u015f sanatla bulu\u015facak - Kuzeyin Sesi","robots":{"index":"index","follow":"follow","max-snippet":"max-snippet:-1","max-image-preview":"max-image-preview:large","max-video-preview":"max-video-preview:-1"},"canonical":"https:\/\/kuzeyinsesi.org\/index.php\/2024\/05\/10\/eklektik-manifest-lefkosa-bienaline-giris-yarin-basliyor-baskent-diaspora-ana-temasiyla-cagdas-sanatla-bulusacak\/","og_locale":"tr_TR","og_type":"article","og_title":"Eklektik Manifest-Lefko\u015fa Bienali\u2019ne Giri\u015f yar\u0131n ba\u015fl\u0131yor: Ba\u015fkent diaspora ana temas\u0131yla \u00e7a\u011fda\u015f sanatla bulu\u015facak - Kuzeyin Sesi","og_description":"Arkhe taraf\u0131ndan bu y\u0131l ilki ger\u00e7ekle\u015ftirilen ve ba\u015fkenti \u201cdiaspora\u201d ana temas\u0131yla \u00e7a\u011fda\u015f sanatla bulu\u015fturmay\u0131 hedefleyen \u201cEklektik Manifest-Lefko\u015fa Bienali\u2019ne Giri\u015f\u201d projesi yar\u0131n (11 May\u0131s 2024, Cumartesi) ba\u015fl\u0131yor. 22 Haziran\u2019a kadar sanatseverleri a\u011f\u0131rlayacak Eklektik Manifest\u2019te, 20 sanat\u00e7\u0131, alt\u0131 istasyon, sekiz sergi, yedi performans ve be\u015f panel yer alacak. Eklektik Manifest, Arkhe Arabahmet K\u00fclt\u00fcr Evi, Arkhe A\u00e7\u0131k Alan, [&hellip;]","og_url":"https:\/\/kuzeyinsesi.org\/index.php\/2024\/05\/10\/eklektik-manifest-lefkosa-bienaline-giris-yarin-basliyor-baskent-diaspora-ana-temasiyla-cagdas-sanatla-bulusacak\/","og_site_name":"Kuzeyin Sesi","article_publisher":"https:\/\/www.facebook.com\/kuzeyinsesii","article_published_time":"2024-05-10T08:38:56+00:00","og_image":[{"width":1439,"height":1004,"url":"https:\/\/kuzeyinsesi.org\/wp-content\/uploads\/2024\/05\/photo-2024-05-03-13-50-54-ero.jpg","type":"image\/jpeg"}],"author":"Kuzeyin Sesi","twitter_card":"summary_large_image","twitter_creator":"@kuzeyinsesii","twitter_site":"@kuzeyinsesii","twitter_misc":{"Yazan:":"Kuzeyin Sesi","Tahmini okuma s\u00fcresi":"7 dakika"},"schema":{"@context":"https:\/\/schema.org","@graph":[{"@type":"Article","@id":"https:\/\/kuzeyinsesi.org\/index.php\/2024\/05\/10\/eklektik-manifest-lefkosa-bienaline-giris-yarin-basliyor-baskent-diaspora-ana-temasiyla-cagdas-sanatla-bulusacak\/#article","isPartOf":{"@id":"https:\/\/kuzeyinsesi.org\/index.php\/2024\/05\/10\/eklektik-manifest-lefkosa-bienaline-giris-yarin-basliyor-baskent-diaspora-ana-temasiyla-cagdas-sanatla-bulusacak\/"},"author":{"name":"Kuzeyin Sesi","@id":"https:\/\/kuzeyinsesi.org\/#\/schema\/person\/9f859689cdf01485597712386e37f5aa"},"headline":"Eklektik Manifest-Lefko\u015fa Bienali\u2019ne Giri\u015f yar\u0131n ba\u015fl\u0131yor: Ba\u015fkent diaspora ana temas\u0131yla \u00e7a\u011fda\u015f sanatla bulu\u015facak","datePublished":"2024-05-10T08:38:56+00:00","mainEntityOfPage":{"@id":"https:\/\/kuzeyinsesi.org\/index.php\/2024\/05\/10\/eklektik-manifest-lefkosa-bienaline-giris-yarin-basliyor-baskent-diaspora-ana-temasiyla-cagdas-sanatla-bulusacak\/"},"wordCount":1503,"commentCount":0,"image":{"@id":"https:\/\/kuzeyinsesi.org\/index.php\/2024\/05\/10\/eklektik-manifest-lefkosa-bienaline-giris-yarin-basliyor-baskent-diaspora-ana-temasiyla-cagdas-sanatla-bulusacak\/#primaryimage"},"thumbnailUrl":"https:\/\/kuzeyinsesi.org\/wp-content\/uploads\/2024\/05\/photo-2024-05-03-13-50-54-ero.jpg","articleSection":["Ya\u015fam"],"inLanguage":"tr","potentialAction":[{"@type":"CommentAction","name":"Comment","target":["https:\/\/kuzeyinsesi.org\/index.php\/2024\/05\/10\/eklektik-manifest-lefkosa-bienaline-giris-yarin-basliyor-baskent-diaspora-ana-temasiyla-cagdas-sanatla-bulusacak\/#respond"]}]},{"@type":"WebPage","@id":"https:\/\/kuzeyinsesi.org\/index.php\/2024\/05\/10\/eklektik-manifest-lefkosa-bienaline-giris-yarin-basliyor-baskent-diaspora-ana-temasiyla-cagdas-sanatla-bulusacak\/","url":"https:\/\/kuzeyinsesi.org\/index.php\/2024\/05\/10\/eklektik-manifest-lefkosa-bienaline-giris-yarin-basliyor-baskent-diaspora-ana-temasiyla-cagdas-sanatla-bulusacak\/","name":"Eklektik Manifest-Lefko\u015fa Bienali\u2019ne Giri\u015f yar\u0131n ba\u015fl\u0131yor: Ba\u015fkent diaspora ana temas\u0131yla \u00e7a\u011fda\u015f sanatla bulu\u015facak - Kuzeyin Sesi","isPartOf":{"@id":"https:\/\/kuzeyinsesi.org\/#website"},"primaryImageOfPage":{"@id":"https:\/\/kuzeyinsesi.org\/index.php\/2024\/05\/10\/eklektik-manifest-lefkosa-bienaline-giris-yarin-basliyor-baskent-diaspora-ana-temasiyla-cagdas-sanatla-bulusacak\/#primaryimage"},"image":{"@id":"https:\/\/kuzeyinsesi.org\/index.php\/2024\/05\/10\/eklektik-manifest-lefkosa-bienaline-giris-yarin-basliyor-baskent-diaspora-ana-temasiyla-cagdas-sanatla-bulusacak\/#primaryimage"},"thumbnailUrl":"https:\/\/kuzeyinsesi.org\/wp-content\/uploads\/2024\/05\/photo-2024-05-03-13-50-54-ero.jpg","datePublished":"2024-05-10T08:38:56+00:00","author":{"@id":"https:\/\/kuzeyinsesi.org\/#\/schema\/person\/9f859689cdf01485597712386e37f5aa"},"breadcrumb":{"@id":"https:\/\/kuzeyinsesi.org\/index.php\/2024\/05\/10\/eklektik-manifest-lefkosa-bienaline-giris-yarin-basliyor-baskent-diaspora-ana-temasiyla-cagdas-sanatla-bulusacak\/#breadcrumb"},"inLanguage":"tr","potentialAction":[{"@type":"ReadAction","target":["https:\/\/kuzeyinsesi.org\/index.php\/2024\/05\/10\/eklektik-manifest-lefkosa-bienaline-giris-yarin-basliyor-baskent-diaspora-ana-temasiyla-cagdas-sanatla-bulusacak\/"]}]},{"@type":"ImageObject","inLanguage":"tr","@id":"https:\/\/kuzeyinsesi.org\/index.php\/2024\/05\/10\/eklektik-manifest-lefkosa-bienaline-giris-yarin-basliyor-baskent-diaspora-ana-temasiyla-cagdas-sanatla-bulusacak\/#primaryimage","url":"https:\/\/kuzeyinsesi.org\/wp-content\/uploads\/2024\/05\/photo-2024-05-03-13-50-54-ero.jpg","contentUrl":"https:\/\/kuzeyinsesi.org\/wp-content\/uploads\/2024\/05\/photo-2024-05-03-13-50-54-ero.jpg","width":1439,"height":1004},{"@type":"BreadcrumbList","@id":"https:\/\/kuzeyinsesi.org\/index.php\/2024\/05\/10\/eklektik-manifest-lefkosa-bienaline-giris-yarin-basliyor-baskent-diaspora-ana-temasiyla-cagdas-sanatla-bulusacak\/#breadcrumb","itemListElement":[{"@type":"ListItem","position":1,"name":"Anasayfa","item":"https:\/\/kuzeyinsesi.org\/"},{"@type":"ListItem","position":2,"name":"Eklektik Manifest-Lefko\u015fa Bienali\u2019ne Giri\u015f yar\u0131n ba\u015fl\u0131yor: Ba\u015fkent diaspora ana temas\u0131yla \u00e7a\u011fda\u015f sanatla bulu\u015facak"}]},{"@type":"WebSite","@id":"https:\/\/kuzeyinsesi.org\/#website","url":"https:\/\/kuzeyinsesi.org\/","name":"Kuzeyin Sesi","description":"Do\u011fru Haberin Adresi","potentialAction":[{"@type":"SearchAction","target":{"@type":"EntryPoint","urlTemplate":"https:\/\/kuzeyinsesi.org\/?s={search_term_string}"},"query-input":{"@type":"PropertyValueSpecification","valueRequired":true,"valueName":"search_term_string"}}],"inLanguage":"tr"},{"@type":"Person","@id":"https:\/\/kuzeyinsesi.org\/#\/schema\/person\/9f859689cdf01485597712386e37f5aa","name":"Kuzeyin Sesi","image":{"@type":"ImageObject","inLanguage":"tr","@id":"https:\/\/secure.gravatar.com\/avatar\/bab33852abfd8b282518d6ed81826833d77c3c882d9ab608add591ccace47a44?s=96&d=mm&r=g","url":"https:\/\/secure.gravatar.com\/avatar\/bab33852abfd8b282518d6ed81826833d77c3c882d9ab608add591ccace47a44?s=96&d=mm&r=g","contentUrl":"https:\/\/secure.gravatar.com\/avatar\/bab33852abfd8b282518d6ed81826833d77c3c882d9ab608add591ccace47a44?s=96&d=mm&r=g","caption":"Kuzeyin Sesi"},"sameAs":["https:\/\/kuzeyinsesi.org"],"url":"https:\/\/kuzeyinsesi.org\/index.php\/author\/guven\/"}]}},"_links":{"self":[{"href":"https:\/\/kuzeyinsesi.org\/index.php\/wp-json\/wp\/v2\/posts\/1944","targetHints":{"allow":["GET"]}}],"collection":[{"href":"https:\/\/kuzeyinsesi.org\/index.php\/wp-json\/wp\/v2\/posts"}],"about":[{"href":"https:\/\/kuzeyinsesi.org\/index.php\/wp-json\/wp\/v2\/types\/post"}],"author":[{"embeddable":true,"href":"https:\/\/kuzeyinsesi.org\/index.php\/wp-json\/wp\/v2\/users\/1"}],"replies":[{"embeddable":true,"href":"https:\/\/kuzeyinsesi.org\/index.php\/wp-json\/wp\/v2\/comments?post=1944"}],"version-history":[{"count":0,"href":"https:\/\/kuzeyinsesi.org\/index.php\/wp-json\/wp\/v2\/posts\/1944\/revisions"}],"wp:featuredmedia":[{"embeddable":true,"href":"https:\/\/kuzeyinsesi.org\/index.php\/wp-json\/wp\/v2\/media\/1945"}],"wp:attachment":[{"href":"https:\/\/kuzeyinsesi.org\/index.php\/wp-json\/wp\/v2\/media?parent=1944"}],"wp:term":[{"taxonomy":"category","embeddable":true,"href":"https:\/\/kuzeyinsesi.org\/index.php\/wp-json\/wp\/v2\/categories?post=1944"},{"taxonomy":"post_tag","embeddable":true,"href":"https:\/\/kuzeyinsesi.org\/index.php\/wp-json\/wp\/v2\/tags?post=1944"}],"curies":[{"name":"wp","href":"https:\/\/api.w.org\/{rel}","templated":true}]}}