{"id":19439,"date":"2025-02-21T11:27:35","date_gmt":"2025-02-21T09:27:35","guid":{"rendered":"https:\/\/kuzeyinsesi.org\/index.php\/2025\/02\/21\/hasderin-kibrisin-yerel-zanaatkarlarini-kesfetme-gezi-serisinin-ucuncu-duragi-pelendri-koyu-oldu\/"},"modified":"2025-02-21T11:27:35","modified_gmt":"2025-02-21T09:27:35","slug":"hasderin-kibrisin-yerel-zanaatkarlarini-kesfetme-gezi-serisinin-ucuncu-duragi-pelendri-koyu-oldu","status":"publish","type":"post","link":"https:\/\/kuzeyinsesi.org\/index.php\/2025\/02\/21\/hasderin-kibrisin-yerel-zanaatkarlarini-kesfetme-gezi-serisinin-ucuncu-duragi-pelendri-koyu-oldu\/","title":{"rendered":"HASDER\u2019in K\u0131br\u0131s\u2019\u0131n yerel zanaatkarlar\u0131n\u0131 ke\u015ffetme gezi serisinin \u00fc\u00e7\u00fcnc\u00fc dura\u011f\u0131 Pelendri k\u00f6y\u00fc oldu"},"content":{"rendered":"<div>\n<div class=\"mariselle-image-container center\">\n                                            <\/div>\n<p> \u201cGen\u00e7lik \u0130\u015f Ba\u015f\u0131nda: K\u00fclt\u00fcr Yoluyla Diyalo\u011fu Geli\u015ftiriyoruz Projesi\u201d kapsam\u0131nda, K\u0131br\u0131s\u2019\u0131n farkl\u0131 b\u00f6lgelerinde yerel zanaatkarlar\u0131 tan\u0131maya y\u00f6nelik gezi serisi kapsam\u0131nda Pelendri k\u00f6y\u00fc ziyaert edildi.<\/p>\n<p>HASDER\u2019den yap\u0131lan yaz\u0131l\u0131 a\u00e7\u0131klamaya g\u00f6re, Avrupa Birli\u011fi taraf\u0131ndan finanse edilen ve K\u0131br\u0131s T\u00fcrk toplumuna y\u00f6nelik Yard\u0131m Program\u0131 ile HASDER (Halk Sanatlar\u0131 Vakf\u0131 ve Derne\u011fi) liderli\u011finde ve Klirou K\u00fclt\u00fcr ve Spor Derne\u011fi (PAOK) i\u015f birli\u011finde y\u00fcr\u00fct\u00fclen \u201cGen\u00e7lik \u0130\u015f Ba\u015f\u0131nda: K\u00fclt\u00fcr Yoluyla Diyalo\u011fu Geli\u015ftiriyoruz Projesi\u201d kapsam\u0131nda, K\u0131br\u0131s\u2019\u0131n farkl\u0131 b\u00f6lgelerinde yerel zanaatkarlar\u0131 tan\u0131maya y\u00f6nelik gezi serisinin \u00fc\u00e7\u00fcnc\u00fc dura\u011f\u0131 Pelendri K\u00f6y\u00fc oldu.<\/p>\n<p>Paravasi Tiyatro ve K\u00fclt\u00fcr Derne\u011fi ile Mehmet\u00e7ik K\u00fclt\u00fcr ve Dayan\u0131\u015fma Derne\u011fi \u00fcyelerinden gen\u00e7ler, k\u00f6y\u00fcn geleneksel el sanatlar\u0131n\u0131 ke\u015ffetmek amac\u0131yla bir araya geldi.<\/p>\n<p>Pelendri, K\u0131br\u0131s\u2019\u0131n geleneksel zanaatlar\u0131n\u0131 ya\u015fatan \u00f6nemli k\u00f6ylerinden biri olarak, kat\u0131l\u0131mc\u0131lara g\u00fcm\u00fc\u015f i\u015fleme sanat\u0131, Lefkara i\u015fi ve geleneksel t\u0131\u011f i\u015fi gibi el sanatlar\u0131n\u0131n inceliklerini yerinde \u00f6\u011frenme f\u0131rsat\u0131 sundu.<\/p>\n<p>Gen\u00e7ler, ustalarla birebir sohbetlerle bu sanatlar\u0131n ge\u00e7mi\u015ften g\u00fcne nas\u0131l aktar\u0131ld\u0131\u011f\u0131n\u0131 ve el eme\u011finin k\u00fclt\u00fcrel mirastaki yerini ke\u015ffetti.<\/p>\n<p>Kat\u0131l\u0131mc\u0131lar geleneksel el yap\u0131m\u0131 u\u00e7urtma at\u00f6lyesine de giderek eskiden \u00e7ocuklar\u0131n kendi elleriyle yapt\u0131\u011f\u0131 u\u00e7urtmalar\u0131n nas\u0131l haz\u0131rland\u0131\u011f\u0131n\u0131 \u00f6\u011frenip, bu nostaljik oyunca\u011f\u0131 kendileri de \u00fcretti.<\/p>\n<p>A\u00e7\u0131klamaya g\u00f6re etkinlik, \u201cK\u0131br\u0131s Zanaatkarlar\u0131 Haritas\u0131\u201d i\u00e7in veri toplama s\u00fcrecinin bir par\u00e7as\u0131 olarak \u00f6nemli bir ad\u0131m oldu.<\/p>\n<p>Kat\u0131l\u0131mc\u0131lar, ustalar\u0131n \u00fcretim s\u00fcre\u00e7lerini belgeleyerek geleneksel sanatlar\u0131n tan\u0131t\u0131m\u0131na katk\u0131da bulundu. Ayr\u0131ca, el sanatlar\u0131n\u0131n korunmas\u0131na y\u00f6nelik fark\u0131ndal\u0131k kazanarak k\u00fclt\u00fcrel miras\u0131n s\u00fcrd\u00fcr\u00fclebilirli\u011fine katk\u0131da bulundu.<\/p>\n<\/p><\/div>\n<p><script async\n                    defer\n                    crossorigin=\"anonymous\"\n                    src=\"https:\/\/connect.facebook.net\/tr_TR\/sdk.js#xfbml=1&#038;version=v3.3\"\n            ><\/script><\/p>\n","protected":false},"excerpt":{"rendered":"<p>\u201cGen\u00e7lik \u0130\u015f Ba\u015f\u0131nda: K\u00fclt\u00fcr Yoluyla Diyalo\u011fu Geli\u015ftiriyoruz Projesi\u201d kapsam\u0131nda, K\u0131br\u0131s\u2019\u0131n farkl\u0131 b\u00f6lgelerinde yerel zanaatkarlar\u0131 tan\u0131maya y\u00f6nelik gezi serisi kapsam\u0131nda Pelendri k\u00f6y\u00fc ziyaert edildi. HASDER\u2019den yap\u0131lan yaz\u0131l\u0131 a\u00e7\u0131klamaya g\u00f6re, Avrupa Birli\u011fi taraf\u0131ndan finanse edilen ve K\u0131br\u0131s T\u00fcrk toplumuna y\u00f6nelik Yard\u0131m Program\u0131 ile HASDER (Halk Sanatlar\u0131 Vakf\u0131 ve Derne\u011fi) liderli\u011finde ve Klirou K\u00fclt\u00fcr ve Spor Derne\u011fi (PAOK) [&hellip;]<\/p>\n","protected":false},"author":1,"featured_media":19440,"comment_status":"open","ping_status":"open","sticky":false,"template":"","format":"standard","meta":{"jnews-multi-image_gallery":[],"jnews_single_post":[],"jnews_primary_category":[],"jnews_social_meta":[],"jnews_override_counter":[],"footnotes":""},"categories":[6],"tags":[],"class_list":["post-19439","post","type-post","status-publish","format-standard","has-post-thumbnail","hentry","category-yasam"],"yoast_head":"<!-- This site is optimized with the Yoast SEO plugin v27.4 - https:\/\/yoast.com\/product\/yoast-seo-wordpress\/ -->\n<title>HASDER\u2019in K\u0131br\u0131s\u2019\u0131n yerel zanaatkarlar\u0131n\u0131 ke\u015ffetme gezi serisinin \u00fc\u00e7\u00fcnc\u00fc dura\u011f\u0131 Pelendri k\u00f6y\u00fc oldu - Kuzeyin Sesi<\/title>\n<meta name=\"robots\" content=\"index, follow, max-snippet:-1, max-image-preview:large, max-video-preview:-1\" \/>\n<link rel=\"canonical\" href=\"https:\/\/kuzeyinsesi.org\/index.php\/2025\/02\/21\/hasderin-kibrisin-yerel-zanaatkarlarini-kesfetme-gezi-serisinin-ucuncu-duragi-pelendri-koyu-oldu\/\" \/>\n<meta property=\"og:locale\" content=\"tr_TR\" \/>\n<meta property=\"og:type\" content=\"article\" \/>\n<meta property=\"og:title\" content=\"HASDER\u2019in K\u0131br\u0131s\u2019\u0131n yerel zanaatkarlar\u0131n\u0131 ke\u015ffetme gezi serisinin \u00fc\u00e7\u00fcnc\u00fc dura\u011f\u0131 Pelendri k\u00f6y\u00fc oldu - Kuzeyin Sesi\" \/>\n<meta property=\"og:description\" content=\"\u201cGen\u00e7lik \u0130\u015f Ba\u015f\u0131nda: K\u00fclt\u00fcr Yoluyla Diyalo\u011fu Geli\u015ftiriyoruz Projesi\u201d kapsam\u0131nda, K\u0131br\u0131s\u2019\u0131n farkl\u0131 b\u00f6lgelerinde yerel zanaatkarlar\u0131 tan\u0131maya y\u00f6nelik gezi serisi kapsam\u0131nda Pelendri k\u00f6y\u00fc ziyaert edildi. HASDER\u2019den yap\u0131lan yaz\u0131l\u0131 a\u00e7\u0131klamaya g\u00f6re, Avrupa Birli\u011fi taraf\u0131ndan finanse edilen ve K\u0131br\u0131s T\u00fcrk toplumuna y\u00f6nelik Yard\u0131m Program\u0131 ile HASDER (Halk Sanatlar\u0131 Vakf\u0131 ve Derne\u011fi) liderli\u011finde ve Klirou K\u00fclt\u00fcr ve Spor Derne\u011fi (PAOK) [&hellip;]\" \/>\n<meta property=\"og:url\" content=\"https:\/\/kuzeyinsesi.org\/index.php\/2025\/02\/21\/hasderin-kibrisin-yerel-zanaatkarlarini-kesfetme-gezi-serisinin-ucuncu-duragi-pelendri-koyu-oldu\/\" \/>\n<meta property=\"og:site_name\" content=\"Kuzeyin Sesi\" \/>\n<meta property=\"article:publisher\" content=\"https:\/\/www.facebook.com\/kuzeyinsesii\" \/>\n<meta property=\"article:published_time\" content=\"2025-02-21T09:27:35+00:00\" \/>\n<meta property=\"og:image\" content=\"https:\/\/brtk.net\/wp-content\/uploads\/2025\/02\/21\/35363-scaled.jpg?ver=05ebb691aff468cf97ccf91b47c47cd0\" \/>\n<meta name=\"author\" content=\"Kuzeyin Sesi\" \/>\n<meta name=\"twitter:card\" content=\"summary_large_image\" \/>\n<meta name=\"twitter:creator\" content=\"@kuzeyinsesii\" \/>\n<meta name=\"twitter:site\" content=\"@kuzeyinsesii\" \/>\n<meta name=\"twitter:label1\" content=\"Yazan:\" \/>\n\t<meta name=\"twitter:data1\" content=\"Kuzeyin Sesi\" \/>\n\t<meta name=\"twitter:label2\" content=\"Tahmini okuma s\u00fcresi\" \/>\n\t<meta name=\"twitter:data2\" content=\"2 dakika\" \/>\n<script type=\"application\/ld+json\" class=\"yoast-schema-graph\">{\"@context\":\"https:\\\/\\\/schema.org\",\"@graph\":[{\"@type\":\"Article\",\"@id\":\"https:\\\/\\\/kuzeyinsesi.org\\\/index.php\\\/2025\\\/02\\\/21\\\/hasderin-kibrisin-yerel-zanaatkarlarini-kesfetme-gezi-serisinin-ucuncu-duragi-pelendri-koyu-oldu\\\/#article\",\"isPartOf\":{\"@id\":\"https:\\\/\\\/kuzeyinsesi.org\\\/index.php\\\/2025\\\/02\\\/21\\\/hasderin-kibrisin-yerel-zanaatkarlarini-kesfetme-gezi-serisinin-ucuncu-duragi-pelendri-koyu-oldu\\\/\"},\"author\":{\"name\":\"Kuzeyin Sesi\",\"@id\":\"https:\\\/\\\/kuzeyinsesi.org\\\/#\\\/schema\\\/person\\\/9f859689cdf01485597712386e37f5aa\"},\"headline\":\"HASDER\u2019in K\u0131br\u0131s\u2019\u0131n yerel zanaatkarlar\u0131n\u0131 ke\u015ffetme gezi serisinin \u00fc\u00e7\u00fcnc\u00fc dura\u011f\u0131 Pelendri k\u00f6y\u00fc oldu\",\"datePublished\":\"2025-02-21T09:27:35+00:00\",\"mainEntityOfPage\":{\"@id\":\"https:\\\/\\\/kuzeyinsesi.org\\\/index.php\\\/2025\\\/02\\\/21\\\/hasderin-kibrisin-yerel-zanaatkarlarini-kesfetme-gezi-serisinin-ucuncu-duragi-pelendri-koyu-oldu\\\/\"},\"wordCount\":364,\"commentCount\":0,\"image\":{\"@id\":\"https:\\\/\\\/kuzeyinsesi.org\\\/index.php\\\/2025\\\/02\\\/21\\\/hasderin-kibrisin-yerel-zanaatkarlarini-kesfetme-gezi-serisinin-ucuncu-duragi-pelendri-koyu-oldu\\\/#primaryimage\"},\"thumbnailUrl\":\"https:\\\/\\\/kuzeyinsesi.org\\\/wp-content\\\/uploads\\\/2025\\\/02\\\/35363-scaled.jpg\",\"articleSection\":[\"Ya\u015fam\"],\"inLanguage\":\"tr\",\"potentialAction\":[{\"@type\":\"CommentAction\",\"name\":\"Comment\",\"target\":[\"https:\\\/\\\/kuzeyinsesi.org\\\/index.php\\\/2025\\\/02\\\/21\\\/hasderin-kibrisin-yerel-zanaatkarlarini-kesfetme-gezi-serisinin-ucuncu-duragi-pelendri-koyu-oldu\\\/#respond\"]}]},{\"@type\":\"WebPage\",\"@id\":\"https:\\\/\\\/kuzeyinsesi.org\\\/index.php\\\/2025\\\/02\\\/21\\\/hasderin-kibrisin-yerel-zanaatkarlarini-kesfetme-gezi-serisinin-ucuncu-duragi-pelendri-koyu-oldu\\\/\",\"url\":\"https:\\\/\\\/kuzeyinsesi.org\\\/index.php\\\/2025\\\/02\\\/21\\\/hasderin-kibrisin-yerel-zanaatkarlarini-kesfetme-gezi-serisinin-ucuncu-duragi-pelendri-koyu-oldu\\\/\",\"name\":\"HASDER\u2019in K\u0131br\u0131s\u2019\u0131n yerel zanaatkarlar\u0131n\u0131 ke\u015ffetme gezi serisinin \u00fc\u00e7\u00fcnc\u00fc dura\u011f\u0131 Pelendri k\u00f6y\u00fc oldu - Kuzeyin Sesi\",\"isPartOf\":{\"@id\":\"https:\\\/\\\/kuzeyinsesi.org\\\/#website\"},\"primaryImageOfPage\":{\"@id\":\"https:\\\/\\\/kuzeyinsesi.org\\\/index.php\\\/2025\\\/02\\\/21\\\/hasderin-kibrisin-yerel-zanaatkarlarini-kesfetme-gezi-serisinin-ucuncu-duragi-pelendri-koyu-oldu\\\/#primaryimage\"},\"image\":{\"@id\":\"https:\\\/\\\/kuzeyinsesi.org\\\/index.php\\\/2025\\\/02\\\/21\\\/hasderin-kibrisin-yerel-zanaatkarlarini-kesfetme-gezi-serisinin-ucuncu-duragi-pelendri-koyu-oldu\\\/#primaryimage\"},\"thumbnailUrl\":\"https:\\\/\\\/kuzeyinsesi.org\\\/wp-content\\\/uploads\\\/2025\\\/02\\\/35363-scaled.jpg\",\"datePublished\":\"2025-02-21T09:27:35+00:00\",\"author\":{\"@id\":\"https:\\\/\\\/kuzeyinsesi.org\\\/#\\\/schema\\\/person\\\/9f859689cdf01485597712386e37f5aa\"},\"breadcrumb\":{\"@id\":\"https:\\\/\\\/kuzeyinsesi.org\\\/index.php\\\/2025\\\/02\\\/21\\\/hasderin-kibrisin-yerel-zanaatkarlarini-kesfetme-gezi-serisinin-ucuncu-duragi-pelendri-koyu-oldu\\\/#breadcrumb\"},\"inLanguage\":\"tr\",\"potentialAction\":[{\"@type\":\"ReadAction\",\"target\":[\"https:\\\/\\\/kuzeyinsesi.org\\\/index.php\\\/2025\\\/02\\\/21\\\/hasderin-kibrisin-yerel-zanaatkarlarini-kesfetme-gezi-serisinin-ucuncu-duragi-pelendri-koyu-oldu\\\/\"]}]},{\"@type\":\"ImageObject\",\"inLanguage\":\"tr\",\"@id\":\"https:\\\/\\\/kuzeyinsesi.org\\\/index.php\\\/2025\\\/02\\\/21\\\/hasderin-kibrisin-yerel-zanaatkarlarini-kesfetme-gezi-serisinin-ucuncu-duragi-pelendri-koyu-oldu\\\/#primaryimage\",\"url\":\"https:\\\/\\\/kuzeyinsesi.org\\\/wp-content\\\/uploads\\\/2025\\\/02\\\/35363-scaled.jpg\",\"contentUrl\":\"https:\\\/\\\/kuzeyinsesi.org\\\/wp-content\\\/uploads\\\/2025\\\/02\\\/35363-scaled.jpg\",\"width\":2560,\"height\":1191},{\"@type\":\"BreadcrumbList\",\"@id\":\"https:\\\/\\\/kuzeyinsesi.org\\\/index.php\\\/2025\\\/02\\\/21\\\/hasderin-kibrisin-yerel-zanaatkarlarini-kesfetme-gezi-serisinin-ucuncu-duragi-pelendri-koyu-oldu\\\/#breadcrumb\",\"itemListElement\":[{\"@type\":\"ListItem\",\"position\":1,\"name\":\"Anasayfa\",\"item\":\"https:\\\/\\\/kuzeyinsesi.org\\\/\"},{\"@type\":\"ListItem\",\"position\":2,\"name\":\"HASDER\u2019in K\u0131br\u0131s\u2019\u0131n yerel zanaatkarlar\u0131n\u0131 ke\u015ffetme gezi serisinin \u00fc\u00e7\u00fcnc\u00fc dura\u011f\u0131 Pelendri k\u00f6y\u00fc oldu\"}]},{\"@type\":\"WebSite\",\"@id\":\"https:\\\/\\\/kuzeyinsesi.org\\\/#website\",\"url\":\"https:\\\/\\\/kuzeyinsesi.org\\\/\",\"name\":\"Kuzeyin Sesi\",\"description\":\"Do\u011fru Haberin Adresi\",\"potentialAction\":[{\"@type\":\"SearchAction\",\"target\":{\"@type\":\"EntryPoint\",\"urlTemplate\":\"https:\\\/\\\/kuzeyinsesi.org\\\/?s={search_term_string}\"},\"query-input\":{\"@type\":\"PropertyValueSpecification\",\"valueRequired\":true,\"valueName\":\"search_term_string\"}}],\"inLanguage\":\"tr\"},{\"@type\":\"Person\",\"@id\":\"https:\\\/\\\/kuzeyinsesi.org\\\/#\\\/schema\\\/person\\\/9f859689cdf01485597712386e37f5aa\",\"name\":\"Kuzeyin Sesi\",\"image\":{\"@type\":\"ImageObject\",\"inLanguage\":\"tr\",\"@id\":\"https:\\\/\\\/secure.gravatar.com\\\/avatar\\\/bab33852abfd8b282518d6ed81826833d77c3c882d9ab608add591ccace47a44?s=96&d=mm&r=g\",\"url\":\"https:\\\/\\\/secure.gravatar.com\\\/avatar\\\/bab33852abfd8b282518d6ed81826833d77c3c882d9ab608add591ccace47a44?s=96&d=mm&r=g\",\"contentUrl\":\"https:\\\/\\\/secure.gravatar.com\\\/avatar\\\/bab33852abfd8b282518d6ed81826833d77c3c882d9ab608add591ccace47a44?s=96&d=mm&r=g\",\"caption\":\"Kuzeyin Sesi\"},\"sameAs\":[\"https:\\\/\\\/kuzeyinsesi.org\"],\"url\":\"https:\\\/\\\/kuzeyinsesi.org\\\/index.php\\\/author\\\/guven\\\/\"}]}<\/script>\n<!-- \/ Yoast SEO plugin. -->","yoast_head_json":{"title":"HASDER\u2019in K\u0131br\u0131s\u2019\u0131n yerel zanaatkarlar\u0131n\u0131 ke\u015ffetme gezi serisinin \u00fc\u00e7\u00fcnc\u00fc dura\u011f\u0131 Pelendri k\u00f6y\u00fc oldu - Kuzeyin Sesi","robots":{"index":"index","follow":"follow","max-snippet":"max-snippet:-1","max-image-preview":"max-image-preview:large","max-video-preview":"max-video-preview:-1"},"canonical":"https:\/\/kuzeyinsesi.org\/index.php\/2025\/02\/21\/hasderin-kibrisin-yerel-zanaatkarlarini-kesfetme-gezi-serisinin-ucuncu-duragi-pelendri-koyu-oldu\/","og_locale":"tr_TR","og_type":"article","og_title":"HASDER\u2019in K\u0131br\u0131s\u2019\u0131n yerel zanaatkarlar\u0131n\u0131 ke\u015ffetme gezi serisinin \u00fc\u00e7\u00fcnc\u00fc dura\u011f\u0131 Pelendri k\u00f6y\u00fc oldu - Kuzeyin Sesi","og_description":"\u201cGen\u00e7lik \u0130\u015f Ba\u015f\u0131nda: K\u00fclt\u00fcr Yoluyla Diyalo\u011fu Geli\u015ftiriyoruz Projesi\u201d kapsam\u0131nda, K\u0131br\u0131s\u2019\u0131n farkl\u0131 b\u00f6lgelerinde yerel zanaatkarlar\u0131 tan\u0131maya y\u00f6nelik gezi serisi kapsam\u0131nda Pelendri k\u00f6y\u00fc ziyaert edildi. HASDER\u2019den yap\u0131lan yaz\u0131l\u0131 a\u00e7\u0131klamaya g\u00f6re, Avrupa Birli\u011fi taraf\u0131ndan finanse edilen ve K\u0131br\u0131s T\u00fcrk toplumuna y\u00f6nelik Yard\u0131m Program\u0131 ile HASDER (Halk Sanatlar\u0131 Vakf\u0131 ve Derne\u011fi) liderli\u011finde ve Klirou K\u00fclt\u00fcr ve Spor Derne\u011fi (PAOK) [&hellip;]","og_url":"https:\/\/kuzeyinsesi.org\/index.php\/2025\/02\/21\/hasderin-kibrisin-yerel-zanaatkarlarini-kesfetme-gezi-serisinin-ucuncu-duragi-pelendri-koyu-oldu\/","og_site_name":"Kuzeyin Sesi","article_publisher":"https:\/\/www.facebook.com\/kuzeyinsesii","article_published_time":"2025-02-21T09:27:35+00:00","og_image":[{"url":"https:\/\/brtk.net\/wp-content\/uploads\/2025\/02\/21\/35363-scaled.jpg?ver=05ebb691aff468cf97ccf91b47c47cd0","type":"","width":"","height":""}],"author":"Kuzeyin Sesi","twitter_card":"summary_large_image","twitter_creator":"@kuzeyinsesii","twitter_site":"@kuzeyinsesii","twitter_misc":{"Yazan:":"Kuzeyin Sesi","Tahmini okuma s\u00fcresi":"2 dakika"},"schema":{"@context":"https:\/\/schema.org","@graph":[{"@type":"Article","@id":"https:\/\/kuzeyinsesi.org\/index.php\/2025\/02\/21\/hasderin-kibrisin-yerel-zanaatkarlarini-kesfetme-gezi-serisinin-ucuncu-duragi-pelendri-koyu-oldu\/#article","isPartOf":{"@id":"https:\/\/kuzeyinsesi.org\/index.php\/2025\/02\/21\/hasderin-kibrisin-yerel-zanaatkarlarini-kesfetme-gezi-serisinin-ucuncu-duragi-pelendri-koyu-oldu\/"},"author":{"name":"Kuzeyin Sesi","@id":"https:\/\/kuzeyinsesi.org\/#\/schema\/person\/9f859689cdf01485597712386e37f5aa"},"headline":"HASDER\u2019in K\u0131br\u0131s\u2019\u0131n yerel zanaatkarlar\u0131n\u0131 ke\u015ffetme gezi serisinin \u00fc\u00e7\u00fcnc\u00fc dura\u011f\u0131 Pelendri k\u00f6y\u00fc oldu","datePublished":"2025-02-21T09:27:35+00:00","mainEntityOfPage":{"@id":"https:\/\/kuzeyinsesi.org\/index.php\/2025\/02\/21\/hasderin-kibrisin-yerel-zanaatkarlarini-kesfetme-gezi-serisinin-ucuncu-duragi-pelendri-koyu-oldu\/"},"wordCount":364,"commentCount":0,"image":{"@id":"https:\/\/kuzeyinsesi.org\/index.php\/2025\/02\/21\/hasderin-kibrisin-yerel-zanaatkarlarini-kesfetme-gezi-serisinin-ucuncu-duragi-pelendri-koyu-oldu\/#primaryimage"},"thumbnailUrl":"https:\/\/kuzeyinsesi.org\/wp-content\/uploads\/2025\/02\/35363-scaled.jpg","articleSection":["Ya\u015fam"],"inLanguage":"tr","potentialAction":[{"@type":"CommentAction","name":"Comment","target":["https:\/\/kuzeyinsesi.org\/index.php\/2025\/02\/21\/hasderin-kibrisin-yerel-zanaatkarlarini-kesfetme-gezi-serisinin-ucuncu-duragi-pelendri-koyu-oldu\/#respond"]}]},{"@type":"WebPage","@id":"https:\/\/kuzeyinsesi.org\/index.php\/2025\/02\/21\/hasderin-kibrisin-yerel-zanaatkarlarini-kesfetme-gezi-serisinin-ucuncu-duragi-pelendri-koyu-oldu\/","url":"https:\/\/kuzeyinsesi.org\/index.php\/2025\/02\/21\/hasderin-kibrisin-yerel-zanaatkarlarini-kesfetme-gezi-serisinin-ucuncu-duragi-pelendri-koyu-oldu\/","name":"HASDER\u2019in K\u0131br\u0131s\u2019\u0131n yerel zanaatkarlar\u0131n\u0131 ke\u015ffetme gezi serisinin \u00fc\u00e7\u00fcnc\u00fc dura\u011f\u0131 Pelendri k\u00f6y\u00fc oldu - Kuzeyin Sesi","isPartOf":{"@id":"https:\/\/kuzeyinsesi.org\/#website"},"primaryImageOfPage":{"@id":"https:\/\/kuzeyinsesi.org\/index.php\/2025\/02\/21\/hasderin-kibrisin-yerel-zanaatkarlarini-kesfetme-gezi-serisinin-ucuncu-duragi-pelendri-koyu-oldu\/#primaryimage"},"image":{"@id":"https:\/\/kuzeyinsesi.org\/index.php\/2025\/02\/21\/hasderin-kibrisin-yerel-zanaatkarlarini-kesfetme-gezi-serisinin-ucuncu-duragi-pelendri-koyu-oldu\/#primaryimage"},"thumbnailUrl":"https:\/\/kuzeyinsesi.org\/wp-content\/uploads\/2025\/02\/35363-scaled.jpg","datePublished":"2025-02-21T09:27:35+00:00","author":{"@id":"https:\/\/kuzeyinsesi.org\/#\/schema\/person\/9f859689cdf01485597712386e37f5aa"},"breadcrumb":{"@id":"https:\/\/kuzeyinsesi.org\/index.php\/2025\/02\/21\/hasderin-kibrisin-yerel-zanaatkarlarini-kesfetme-gezi-serisinin-ucuncu-duragi-pelendri-koyu-oldu\/#breadcrumb"},"inLanguage":"tr","potentialAction":[{"@type":"ReadAction","target":["https:\/\/kuzeyinsesi.org\/index.php\/2025\/02\/21\/hasderin-kibrisin-yerel-zanaatkarlarini-kesfetme-gezi-serisinin-ucuncu-duragi-pelendri-koyu-oldu\/"]}]},{"@type":"ImageObject","inLanguage":"tr","@id":"https:\/\/kuzeyinsesi.org\/index.php\/2025\/02\/21\/hasderin-kibrisin-yerel-zanaatkarlarini-kesfetme-gezi-serisinin-ucuncu-duragi-pelendri-koyu-oldu\/#primaryimage","url":"https:\/\/kuzeyinsesi.org\/wp-content\/uploads\/2025\/02\/35363-scaled.jpg","contentUrl":"https:\/\/kuzeyinsesi.org\/wp-content\/uploads\/2025\/02\/35363-scaled.jpg","width":2560,"height":1191},{"@type":"BreadcrumbList","@id":"https:\/\/kuzeyinsesi.org\/index.php\/2025\/02\/21\/hasderin-kibrisin-yerel-zanaatkarlarini-kesfetme-gezi-serisinin-ucuncu-duragi-pelendri-koyu-oldu\/#breadcrumb","itemListElement":[{"@type":"ListItem","position":1,"name":"Anasayfa","item":"https:\/\/kuzeyinsesi.org\/"},{"@type":"ListItem","position":2,"name":"HASDER\u2019in K\u0131br\u0131s\u2019\u0131n yerel zanaatkarlar\u0131n\u0131 ke\u015ffetme gezi serisinin \u00fc\u00e7\u00fcnc\u00fc dura\u011f\u0131 Pelendri k\u00f6y\u00fc oldu"}]},{"@type":"WebSite","@id":"https:\/\/kuzeyinsesi.org\/#website","url":"https:\/\/kuzeyinsesi.org\/","name":"Kuzeyin Sesi","description":"Do\u011fru Haberin Adresi","potentialAction":[{"@type":"SearchAction","target":{"@type":"EntryPoint","urlTemplate":"https:\/\/kuzeyinsesi.org\/?s={search_term_string}"},"query-input":{"@type":"PropertyValueSpecification","valueRequired":true,"valueName":"search_term_string"}}],"inLanguage":"tr"},{"@type":"Person","@id":"https:\/\/kuzeyinsesi.org\/#\/schema\/person\/9f859689cdf01485597712386e37f5aa","name":"Kuzeyin Sesi","image":{"@type":"ImageObject","inLanguage":"tr","@id":"https:\/\/secure.gravatar.com\/avatar\/bab33852abfd8b282518d6ed81826833d77c3c882d9ab608add591ccace47a44?s=96&d=mm&r=g","url":"https:\/\/secure.gravatar.com\/avatar\/bab33852abfd8b282518d6ed81826833d77c3c882d9ab608add591ccace47a44?s=96&d=mm&r=g","contentUrl":"https:\/\/secure.gravatar.com\/avatar\/bab33852abfd8b282518d6ed81826833d77c3c882d9ab608add591ccace47a44?s=96&d=mm&r=g","caption":"Kuzeyin Sesi"},"sameAs":["https:\/\/kuzeyinsesi.org"],"url":"https:\/\/kuzeyinsesi.org\/index.php\/author\/guven\/"}]}},"_links":{"self":[{"href":"https:\/\/kuzeyinsesi.org\/index.php\/wp-json\/wp\/v2\/posts\/19439","targetHints":{"allow":["GET"]}}],"collection":[{"href":"https:\/\/kuzeyinsesi.org\/index.php\/wp-json\/wp\/v2\/posts"}],"about":[{"href":"https:\/\/kuzeyinsesi.org\/index.php\/wp-json\/wp\/v2\/types\/post"}],"author":[{"embeddable":true,"href":"https:\/\/kuzeyinsesi.org\/index.php\/wp-json\/wp\/v2\/users\/1"}],"replies":[{"embeddable":true,"href":"https:\/\/kuzeyinsesi.org\/index.php\/wp-json\/wp\/v2\/comments?post=19439"}],"version-history":[{"count":0,"href":"https:\/\/kuzeyinsesi.org\/index.php\/wp-json\/wp\/v2\/posts\/19439\/revisions"}],"wp:featuredmedia":[{"embeddable":true,"href":"https:\/\/kuzeyinsesi.org\/index.php\/wp-json\/wp\/v2\/media\/19440"}],"wp:attachment":[{"href":"https:\/\/kuzeyinsesi.org\/index.php\/wp-json\/wp\/v2\/media?parent=19439"}],"wp:term":[{"taxonomy":"category","embeddable":true,"href":"https:\/\/kuzeyinsesi.org\/index.php\/wp-json\/wp\/v2\/categories?post=19439"},{"taxonomy":"post_tag","embeddable":true,"href":"https:\/\/kuzeyinsesi.org\/index.php\/wp-json\/wp\/v2\/tags?post=19439"}],"curies":[{"name":"wp","href":"https:\/\/api.w.org\/{rel}","templated":true}]}}