{"id":19408,"date":"2025-02-20T20:44:34","date_gmt":"2025-02-20T18:44:34","guid":{"rendered":"https:\/\/kuzeyinsesi.org\/index.php\/2025\/02\/20\/turkiyenin-ilk-iklim-kanunu-teklifi-tbmmde\/"},"modified":"2025-02-20T20:44:34","modified_gmt":"2025-02-20T18:44:34","slug":"turkiyenin-ilk-iklim-kanunu-teklifi-tbmmde","status":"publish","type":"post","link":"https:\/\/kuzeyinsesi.org\/index.php\/2025\/02\/20\/turkiyenin-ilk-iklim-kanunu-teklifi-tbmmde\/","title":{"rendered":"T\u00fcrkiye\u2019nin ilk \u201c\u0130klim Kanunu Teklifi\u201d TBMM\u2019de"},"content":{"rendered":"<div>\n<div class=\"mariselle-image-container center\">\n                                            <\/div>\n<p>AK Parti milletvekillerinin imzas\u0131n\u0131 ta\u015f\u0131yan T\u00fcrkiye\u2019nin ilk \u201c\u0130klim Kanunu Teklifi\u201d, TBMM Ba\u015fkanl\u0131\u011f\u0131na sunuldu.<\/p>\n<p>Ye\u015fil b\u00fcy\u00fcme vizyonu ve net s\u0131f\u0131r emisyon hedefi do\u011frultusunda iklim de\u011fi\u015fikli\u011fiyle m\u00fccadeleyi ama\u00e7layan teklif, iklim de\u011fi\u015fikli\u011fi ile m\u00fccadelede esas olan sera gaz\u0131 emisyonlar\u0131n\u0131n azalt\u0131lmas\u0131 ve iklim de\u011fi\u015fikli\u011fine uyum faaliyetlerini, planlama ve uygulama ara\u00e7lar\u0131n\u0131, gelirleri, izin ve denetim ile bunlara ili\u015fkin yasal ve kurumsal \u00e7er\u00e7evenin usul ve esaslar\u0131n\u0131 kaps\u0131yor.<\/p>\n<p>Teklifte, \u201cAdil ge\u00e7i\u015f\u201d, \u201cBirincil piyasa\u201d, \u201cDenkle\u015ftirme\u201d, \u201cEmisyon Ticaret Sistemi (ETS)\u201d, \u201cG\u00f6m\u00fcl\u00fc sera gaz\u0131 emisyonlar\u0131\u201d ile \u201cG\u00f6n\u00fcll\u00fc karbon piyasalar\u0131\u201d, \u201c\u0130klim adaleti\u201d gibi tan\u0131mlar yer al\u0131yor.<\/p>\n<p>\u0130klim de\u011fi\u015fikli\u011fiyle m\u00fccadelede genel ilkelerin belirlendi\u011fi teklife g\u00f6re, iklim de\u011fi\u015fikli\u011fi ile m\u00fccadelede T\u00fcrkiye\u2019nin ortak fakat farkl\u0131la\u015ft\u0131r\u0131lm\u0131\u015f sorumluluklar ve g\u00f6receli kabiliyetler ilkesi dikkate al\u0131narak, e\u015fitlik, iklim adaleti, ihtiyatl\u0131l\u0131k, kat\u0131l\u0131m, entegrasyon, s\u00fcrd\u00fcr\u00fclebilirlik, \u015feffafl\u0131k, adil ge\u00e7i\u015f ve ilerleme yakla\u015f\u0131mlar\u0131 esas al\u0131nacak.<\/p>\n<p>Kamu kurum ve kurulu\u015flar\u0131 ile ger\u00e7ek ve t\u00fczel ki\u015filer, kamu yarar\u0131 g\u00f6zetilerek al\u0131nacak tedbirlere ve d\u00fczenlemelere s\u00fcresinde uymakla ve bunlar\u0131 uygulamakla y\u00fck\u00fcml\u00fc olacak.<\/p>\n<p>Ulusal Katk\u0131 Beyan\u0131nda, net s\u0131f\u0131r emisyon hedefi do\u011frultusunda \u00fclkenin kalk\u0131nma \u00f6ncelikleri ve \u00f6zel ko\u015fullar\u0131 g\u00f6z \u00f6n\u00fcnde bulundurulacak ve bu \u00e7er\u00e7evede \u00f6nlemler al\u0131nacak.<\/p>\n<p>\u2013 \u0130klim De\u011fi\u015fikli\u011fi Ba\u015fkanl\u0131\u011f\u0131<\/p>\n<p>Sera gaz\u0131 emisyonlar\u0131n\u0131n azalt\u0131m\u0131 ve iklim de\u011fi\u015fikli\u011fine uyum faaliyetlerine ili\u015fkin ilerlemeler y\u0131ll\u0131k bazda \u0130klim De\u011fi\u015fikli\u011fi Ba\u015fkanl\u0131\u011f\u0131nca izlenecek.<\/p>\n<p>Gerekli g\u00f6r\u00fclen tedbirlerin al\u0131nmas\u0131 amac\u0131yla g\u00f6rev alan\u0131 dahilinde; kurumlar aras\u0131 koordinasyonu sa\u011flamak, faaliyetleri ve standartlar\u0131 belirlemek, geli\u015fmeleri izlemek, karbon fiyatland\u0131rmas\u0131na ili\u015fkin piyasaya dayal\u0131 mekanizmalar\u0131 d\u00fczenlemekle \u0130klim De\u011fi\u015fikli\u011fi Ba\u015fkanl\u0131\u011f\u0131 yetkili olacak.<\/p>\n<p>Kamu kurum ve kurulu\u015flar\u0131 ile ger\u00e7ek ve t\u00fczel ki\u015filer; kendi yetki ve sorumluluklar\u0131 \u00e7er\u00e7evesinde plan ve projeler yapacak, yapt\u0131racak, uygulayacak, destekleyecek ve i\u015fbirli\u011fi yapacak.<\/p>\n<p>Ki\u015fisel Verilerin Korunmas\u0131 Kanunu h\u00fck\u00fcmleri sakl\u0131 kalmak kayd\u0131yla, \u0130klim De\u011fi\u015fikli\u011fi Ba\u015fkanl\u0131\u011f\u0131; d\u00fczenlemenin uygulanmas\u0131na y\u00f6nelik olarak gerekli g\u00f6rd\u00fc\u011f\u00fc bilgi, belge ve veriyi; kamu kurum ve kurulu\u015flar\u0131 ile ger\u00e7ek ve t\u00fczel ki\u015filerden do\u011frudan istemeye yetkili olacak. Kendilerinden bilgi ve belge talebinde bulunulanlar; bunlar\u0131 istenilen s\u00fcrede bedelsiz olarak Ba\u015fkanl\u0131kla payla\u015facak.<\/p>\n<p>Ba\u015fkanl\u0131k; kendi i\u015f ve i\u015flemleri i\u00e7in ihtiya\u00e7 duydu\u011fu verileri de \u00f6ncelikli olarak Ulusal Co\u011frafi Bilgi Platformundan temin edecek. Temin etti\u011fi veriler ile kendi \u00fcretti\u011fi verileri de kamu kurum ve kurulu\u015flar\u0131 ile payla\u015f\u0131lmak \u00fczere Ulusal Co\u011frafi Bilgi Platformuna aktaracak.<\/p>\n<p>\u0130klim De\u011fi\u015fikli\u011fi Ba\u015fkanl\u0131\u011f\u0131, Ulusal Co\u011frafi Bilgi Platformunda bulunmayan verileri ilgili kamu kurum ve kurulu\u015flar\u0131 ile protokol yaparak temin edebilecek. Milli savunma ve milli g\u00fcvenli\u011fe ili\u015fkin bilgi ve belgelerin payla\u015f\u0131lmas\u0131na dair usul ve esaslar \u00c7evre, \u015eehircilik ve \u0130klim De\u011fi\u015fikli\u011fi Bakanl\u0131\u011f\u0131 ve ilgili bakanl\u0131k taraf\u0131ndan m\u00fc\u015fterek olarak belirlenecek.<\/p>\n<p>\u00c7evre, \u015eehircilik ve \u0130klim De\u011fi\u015fikli\u011fi Bakanl\u0131\u011f\u0131, s\u0131n\u0131rlar\u0131n\u0131 a\u00e7\u0131k\u00e7a belirlemek ve yaz\u0131l\u0131 olmak kayd\u0131yla gerekti\u011finde yetkilerini Ba\u015fkanl\u0131\u011fa devredebilecek.<\/p>\n<p>\u2013 \u0130klim de\u011fi\u015fikli\u011fiyle m\u00fccadele faaliyetleri<\/p>\n<p>Teklifle, iklim de\u011fi\u015fikli\u011fiyle m\u00fccadele faaliyetleri belirleniyor. Buna g\u00f6re, sera gaz\u0131 emisyonlar\u0131, Ulusal Katk\u0131 Beyan\u0131, net s\u0131f\u0131r emisyon hedefi ve \u0130klim De\u011fi\u015fikli\u011fi Ba\u015fkanl\u0131\u011f\u0131 taraf\u0131ndan yay\u0131mlanan veya g\u00fcncellenen strateji ve eylem planlar\u0131 do\u011frultusunda azalt\u0131lacak.<\/p>\n<p>Ulusal Katk\u0131 Beyan\u0131nda sekt\u00f6rel bazda belirtilen sera gaz\u0131 emisyonlar\u0131n\u0131n azalt\u0131m faaliyetleri, ilgili kurum ve kurulu\u015flara mevzuatla verilen g\u00f6rev ve sorumluluklar dahilinde ger\u00e7ekle\u015ftirilecek.<\/p>\n<p>Ulusal Katk\u0131 Beyan\u0131nda yer alan sekt\u00f6rel politikalar\u0131n uygulanmas\u0131 ve hedeflere ula\u015f\u0131lmas\u0131 amac\u0131yla ortaya \u00e7\u0131kan ihtiya\u00e7lar do\u011frultusunda ilgili kurum ve kurulu\u015flar\u0131n mevcut g\u00f6rev ve sorumluluklar\u0131 g\u00f6zden ge\u00e7irilecek. Bu kapsamda Bakanl\u0131\u011f\u0131n ve ilgili kurumlar\u0131n g\u00f6r\u00fc\u015f\u00fc al\u0131narak Ulusal Katk\u0131 Beyan\u0131 ve net s\u0131f\u0131r emisyon hedefi \u00e7er\u00e7evesinde ilgili kamu kurum ve kurulu\u015flar\u0131nca d\u00fczenleme yap\u0131labilecek.<\/p>\n<p>\u0130lgili kamu kurum ve kurulu\u015flar\u0131, orta ve uzun d\u00f6nemli hedeflerini i\u00e7eren planlama ara\u00e7lar\u0131n\u0131 sera gaz\u0131 emisyonlar\u0131n\u0131n azalt\u0131m faaliyetleri \u00e7er\u00e7evesinde uyarlamak, haz\u0131rlamak, uygulamak, izlemek ve g\u00fcncellemekle y\u00fck\u00fcml\u00fc olacak.<\/p>\n<p>Kurum ve kurulu\u015flar, net s\u0131f\u0131r emisyon hedefi ve d\u00f6ng\u00fcsel ekonomi yakla\u015f\u0131m\u0131 ile uyumlu olacak \u015fekilde Ulusal Katk\u0131 Beyan\u0131nda yer alan sekt\u00f6rlerde uygulanmak \u00fczere, enerji, su ve hammadde verimlili\u011fi, kirlili\u011fin kayna\u011f\u0131nda \u00f6nlenmesi, yenilenebilir enerji kullan\u0131m\u0131n\u0131n art\u0131r\u0131lmas\u0131; \u00fcr\u00fcnlerin, i\u015fletmelerin, kurum ve kurulu\u015flar\u0131n karbon ayak izinin azalt\u0131lmas\u0131, alternatif temiz veya d\u00fc\u015f\u00fck karbonlu yak\u0131tlar\u0131n ve ham maddelerin kullan\u0131m\u0131, elektrifikasyonun yayg\u0131nla\u015ft\u0131r\u0131lmas\u0131, temiz teknolojilerin geli\u015ftirilmesi ve kullan\u0131m\u0131n\u0131n art\u0131r\u0131lmas\u0131 gibi azalt\u0131m \u00f6nlemlerinin al\u0131nmas\u0131, bu \u00f6nlemlerin adil ge\u00e7i\u015f gereklilikleri g\u00f6zetilerek uygulanmas\u0131 ile s\u0131f\u0131r at\u0131k sisteminin kurulmas\u0131, uygulanmas\u0131 ve izlenmesiyle y\u00fck\u00fcml\u00fc olacak.<\/p>\n<p>Net s\u0131f\u0131r emisyon hedefinin sa\u011flanmas\u0131na y\u00f6nelik emisyonlar\u0131n dengelenmesi i\u00e7in orman, tar\u0131m, mera ve sulak alanlarda karbon yuta\u011f\u0131 kay\u0131plar\u0131n\u0131 engellemek \u00fczere ilgili kurum ve kurulu\u015flarca tedbirler al\u0131nacak, yutak alanlar\u0131n ve korunan alanlar\u0131n korunarak art\u0131r\u0131lmas\u0131 sa\u011flanacak.<\/p>\n<p>\u2013 \u0130klim de\u011fi\u015fikli\u011fine uyum faaliyetleri<\/p>\n<p>Ulusal Katk\u0131 Beyan\u0131, net s\u0131f\u0131r emisyon hedefi ve \u0130klim De\u011fi\u015fikli\u011fi Ba\u015fkanl\u0131\u011f\u0131 taraf\u0131ndan yay\u0131mlanan veya g\u00fcncellenen strateji ve eylem planlar\u0131 do\u011frultusunda; ilgili kurum ve kurulu\u015flarca iklim de\u011fi\u015fikli\u011fi ile ili\u015fkili mevcut veya olas\u0131 kay\u0131p ve zararlar\u0131 \u00f6nlemeye, riskleri en aza indirmeye veya f\u0131rsatlardan yararlanmaya y\u00f6nelik uyum faaliyetleri ger\u00e7ekle\u015ftirilecek.<\/p>\n<p>Ayr\u0131ca Ulusal Katk\u0131 Beyan\u0131nda yer alan iklim de\u011fi\u015fikli\u011fine uyum faaliyetleri, kurum ve kurulu\u015flara mevzuatla verilen g\u00f6rev ve sorumluluklar\u0131 dahilinde ger\u00e7ekle\u015ftirilecek.<\/p>\n<p>Ulusal Katk\u0131 Beyan\u0131nda yer alan sekt\u00f6rel politikalar\u0131n uygulanmas\u0131 ve hedeflere ula\u015f\u0131lmas\u0131 amac\u0131yla ortaya \u00e7\u0131kan ihtiya\u00e7lar do\u011frultusunda ilgili kurum ve kurulu\u015flar\u0131n mevcut g\u00f6rev ve sorumluluklar\u0131 g\u00f6zden ge\u00e7irilecek. Bu kapsamda Bakanl\u0131\u011f\u0131n ve ilgili kurumlar\u0131n g\u00f6r\u00fc\u015f\u00fc al\u0131narak Ulusal Katk\u0131 Beyan\u0131 ve net s\u0131f\u0131r emisyon hedefi \u00e7er\u00e7evesinde ilgili kamu kurum ve kurulu\u015flarca d\u00fczenleme yap\u0131labilecek.<\/p>\n<p>\u0130lgili kamu kurum ve kurulu\u015flar\u0131, ulusal ve yerel \u00f6l\u00e7ekte iklim de\u011fi\u015fikli\u011fine uyumla ilgili planlama ara\u00e7lar\u0131 ile etkilenebilirlik ve risk analizlerini haz\u0131rlamak, haz\u0131rlatmak, haz\u0131rlanan bu ara\u00e7lar\u0131 ve analizleri yat\u0131r\u0131m ve planlama faaliyetlerinde g\u00f6z \u00f6n\u00fcnde bulundurmak ve bunlar\u0131 uygulamakla y\u00fck\u00fcml\u00fc olacak.<\/p>\n<p>\u0130klim de\u011fi\u015fikli\u011finin etkilerine kar\u015f\u0131 su kaynaklar\u0131n\u0131n etkin y\u00f6netimini sa\u011flamak \u00fczere planlama ara\u00e7lar\u0131, ilgili kamu kurum ve kurulu\u015flar\u0131nca haz\u0131rlanacak ve uygulanacak.<\/p>\n<p>\u0130lgili kamu kurum ve kurulu\u015flar\u0131 taraf\u0131ndan iklim de\u011fi\u015fikli\u011finin ekosistemlere ve biyolojik \u00e7e\u015fitlili\u011fe etkilerinin azalt\u0131lmas\u0131 ve s\u00fcrd\u00fcr\u00fclebilir ekosistem y\u00f6netimi i\u00e7in tedbirler al\u0131nacak, denizel ve karasal korunan alanlar\u0131n muhafazas\u0131 sa\u011flanarak korunan alanlar\u0131n niteli\u011fi ve oran\u0131 y\u00fckseltilecek, iklim de\u011fi\u015fikli\u011finden etkilenen veya etkilenmesi muhtemel alanlarda arazi tahribat\u0131n\u0131n dengelenmesi sa\u011flanacak.<\/p>\n<p>\u00c7\u00f6lle\u015fme ve erozyonla m\u00fccadele ile a\u011fa\u00e7land\u0131rma ve toprak muhafaza kapsam\u0131nda orman d\u0131\u015f\u0131 alanlarda olu\u015fturulan yutak alanlar\u0131n net s\u0131f\u0131r emisyon hedefi do\u011frultusunda s\u00fcrd\u00fcr\u00fclebilir y\u00f6netimi sa\u011flanacak.<\/p>\n<p>\u0130lgili kamu kurum ve kurulu\u015flar\u0131 taraf\u0131ndan; tar\u0131m sekt\u00f6r\u00fcn\u00fcn s\u00fcrd\u00fcr\u00fclebilirli\u011fini teminen iklim de\u011fi\u015fikli\u011fine diren\u00e7li \u00fcr\u00fcn deseni ile g\u0131da g\u00fcvenli\u011finin sa\u011flanmas\u0131 hedefleri do\u011frultusunda; do\u011fal kaynaklar\u0131n, ekosistemlerin ve biyolojik \u00e7e\u015fitlili\u011fin koruma kullanma dengesinin g\u00f6zetilmesi ile ihtiya\u00e7 duyulan tekniklerin ve teknolojilerin yayg\u0131nla\u015ft\u0131r\u0131lmas\u0131 suretiyle, tar\u0131m sekt\u00f6r\u00fcnde ekosistem temelli uyum yakla\u015f\u0131m\u0131n\u0131, do\u011fa temelli \u00e7\u00f6z\u00fcmleri ve su b\u00fct\u00e7esini dikkate alan planlama ara\u00e7lar\u0131 geli\u015ftirilecek ve buna uygun iklim de\u011fi\u015fikli\u011fine diren\u00e7li uygulamalar yayg\u0131nla\u015ft\u0131r\u0131lacak.<\/p>\n<p>\u0130klim de\u011fi\u015fikli\u011fine ba\u011fl\u0131 afetlerin neden oldu\u011fu kay\u0131p ve zararlar\u0131n azalt\u0131lmas\u0131 amac\u0131yla risk de\u011ferlendirme, izleme, bilgilendirme ve erken uyar\u0131 sistemleri; b\u00fct\u00fcnle\u015fik afet y\u00f6netimi esas al\u0131narak geli\u015ftirilecek.<\/p>\n<p>\u2013 Planlama ve uygulama<\/p>\n<p>Kurum ve kurulu\u015flarca haz\u0131rlanan plan, program, strateji, eylem plan\u0131 ve sair politika belgelerinde; ye\u015fil b\u00fcy\u00fcme vizyonu ve net s\u0131f\u0131r emisyon hedefi kapsam\u0131nda iklim de\u011fi\u015fikli\u011fi ile m\u00fccadeleye y\u00f6nelik \u0130klim De\u011fi\u015fikli\u011fi Ba\u015fkanl\u0131\u011f\u0131 taraf\u0131ndan yay\u0131mlanan strateji ve eylem planlar\u0131 ile belirlenen esaslar dikkate al\u0131nacak.<\/p>\n<p>\u0130klim de\u011fi\u015fikli\u011fi strateji ve eylem planlar\u0131; sera gaz\u0131 emisyonlar\u0131n\u0131n azalt\u0131m\u0131 ve iklim de\u011fi\u015fikli\u011fine uyum faaliyetlerinin ger\u00e7ekle\u015ftirilmesi amac\u0131yla \u0130klim De\u011fi\u015fikli\u011fi Ba\u015fkanl\u0131\u011f\u0131 koordinasyonunda, ilgili kurum ve kurulu\u015flar\u0131n i\u015fbirli\u011fi ile d\u00f6nemsel olarak ulusal \u00f6l\u00e7ekte haz\u0131rlanacak, uygulanacak, uygulamas\u0131 izlenecek, de\u011ferlendirilecek ve gerekti\u011finde ulusal veya b\u00f6lgesel \u00f6l\u00e7ekte g\u00fcncellenecek.<\/p>\n<p>\u0130lin \u015fartlar\u0131na uygun olarak strateji, eylem ve uygulama alanlar\u0131n\u0131 belirlemek ve bunlar\u0131n uygulanmas\u0131n\u0131 sa\u011flamak \u00fczere her ilde vali ba\u015fkanl\u0131\u011f\u0131nda, ilgili kurum ve kurulu\u015flar\u0131n varsa il veya b\u00f6lge te\u015fkilat temsilcileri ile yerel y\u00f6netimlerin temsilcilerinden olu\u015fan \u0130l \u0130klim De\u011fi\u015fikli\u011fi Koordinasyon Kurulu kurulacak. Kurulun sekretaryas\u0131n\u0131 \u00c7evre, \u015eehircilik ve \u0130klim De\u011fi\u015fikli\u011fi Bakanl\u0131\u011f\u0131 ta\u015fra te\u015fkilat\u0131 y\u00fcr\u00fctecek, Kurulun \u00e7al\u0131\u015fma usul ve esaslar\u0131 Bakanl\u0131k\u00e7a belirlenecek.<\/p>\n<p>Yerel iklim de\u011fi\u015fikli\u011fi eylem planlar\u0131; sera gaz\u0131 emisyonlar\u0131n\u0131n azalt\u0131m\u0131 ve iklim de\u011fi\u015fikli\u011fine uyum amac\u0131yla her ilin b\u00fct\u00fcnc\u00fcl bir plan\u0131 olacak \u015fekilde vali koordinasyonunda; b\u00fcy\u00fck\u015fehirlerde b\u00fcy\u00fck\u015fehir belediyesi, di\u011fer illerde il belediyesi ve il \u00f6zel idaresi taraf\u0131ndan birlikte, ilgili kurum ve kurulu\u015flar\u0131n kat\u0131l\u0131m\u0131yla haz\u0131rlanacak veya haz\u0131rlat\u0131lacak ve karara ba\u011flanmak \u00fczere \u0130l \u0130klim De\u011fi\u015fikli\u011fi Koordinasyon Kuruluna sunulacak.<\/p>\n<p>Yerel iklim de\u011fi\u015fikli\u011fi eylem planlar\u0131n\u0131n haz\u0131rlanmas\u0131 veya izlenmesi s\u00fcre\u00e7lerinde, ilgili kurum ve kurulu\u015flar kendilerinden talep edilen belge, bilgi ve veriyi ilgili mevzuat h\u00fck\u00fcmleri \u00e7er\u00e7evesinde payla\u015facak.<\/p>\n<p>Sekt\u00f6rel etkilenebilirlik ve risk analizleri; strateji ve eylem planlar\u0131na esas te\u015fkil etmek \u00fczere iklim modelleri kullan\u0131larak d\u00f6nemsel olarak Ba\u015fkanl\u0131k taraf\u0131ndan haz\u0131rlanacak ve g\u00fcncellenecek.<\/p>\n<p>\u2013 Finansal ara\u00e7lara ili\u015fkin esaslar<\/p>\n<p>Kurum ve kurulu\u015flarca iklim de\u011fi\u015fikli\u011fi ile m\u00fccadele amac\u0131yla yap\u0131lacak faaliyetler ve yat\u0131r\u0131mlar i\u00e7in iklim finansman\u0131 ve iklim de\u011fi\u015fikli\u011fiyle m\u00fccadele te\u015fviki kaynaklar\u0131n\u0131n geli\u015ftirilmesi, kullan\u0131lmas\u0131, sigorta ara\u00e7lar\u0131n\u0131n geli\u015ftirilmesi, ye\u015fil ve s\u00fcrd\u00fcr\u00fclebilir sermaye piyasas\u0131 ara\u00e7lar\u0131n\u0131n, banka finansman\u0131n\u0131n ve di\u011fer finansman ara\u00e7lar\u0131n\u0131n te\u015fvik edilmesi esas olacak.<\/p>\n<p>D\u00f6ng\u00fcsel ekonomi hedefleri ve s\u0131f\u0131r at\u0131k uygulamalar\u0131 \u00e7er\u00e7evesinde \u00fcr\u00fcnlerin yeniden kullan\u0131m\u0131, at\u0131klar\u0131n yan \u00fcr\u00fcn, alternatif hammadde olarak kullan\u0131lmas\u0131 ve geri d\u00f6n\u00fc\u015f\u00fcm, geri kazan\u0131m ile elde edilen \u00fcr\u00fcnlerin zorunlu kullan\u0131m oranlar\u0131n\u0131n belirlenmesine y\u00f6nelik \u00e7al\u0131\u015fmalar ilgili bakanl\u0131klarla koordineli olarak \u00c7evre, \u015eehircilik ve \u0130klim De\u011fi\u015fikli\u011fi Bakanl\u0131\u011f\u0131 taraf\u0131ndan yap\u0131lacak ve buna dair destek mekanizmalar\u0131 geli\u015ftirilecek.<\/p>\n<p>\u0130klim De\u011fi\u015fikli\u011fi Ba\u015fkanl\u0131\u011f\u0131, ulusal, sekt\u00f6rel ve tematik raporlar haz\u0131rlayacak; finansal kaynaklar\u0131 iklim de\u011fi\u015fikli\u011fi ile m\u00fccadele yat\u0131r\u0131mlar\u0131na y\u00f6nlendirmeyi kolayla\u015ft\u0131rmak \u00fczere iklim de\u011fi\u015fikli\u011fi te\u015fvik mekanizmalar\u0131 geli\u015ftirecek, T\u00fcrkiye Ye\u015fil Taksonomisini kuracak ve y\u00fcr\u00fctecek.<\/p>\n<p>T\u00fcrkiye G\u00fcmr\u00fck B\u00f6lgesinde ithal edilen mallar\u0131n g\u00f6m\u00fcl\u00fc sera gaz\u0131 emisyonlar\u0131n\u0131 ele almak i\u00e7in S\u0131n\u0131rda Karbon D\u00fczenleme Mekanizmas\u0131 (SKDM) kurulabilecek. SKDM\u2019ye ili\u015fkin raporlama, kapsam, i\u00e7erik, usul ve esaslar ilgili bakanl\u0131klarla koordineli olarak Ticaret Bakanl\u0131\u011f\u0131 taraf\u0131ndan belirlenecek.<\/p>\n<p>\u2013 Teknoloji ara\u00e7lar\u0131na ili\u015fkin esaslar<\/p>\n<p>\u0130lgili kurum ve kurulu\u015flarca haz\u0131rlanan planlama ve uygulama ara\u00e7lar\u0131nda teknolojik \u00f6z yeterlilik kapasitesinin art\u0131r\u0131lmas\u0131 \u00f6ncelikli hedef olarak belirlenerek temiz teknolojilerin geli\u015ftirilmesi ve kullan\u0131m\u0131n\u0131n yayg\u0131nla\u015ft\u0131r\u0131lmas\u0131 esas olacak.<\/p>\n<p>Ba\u015fkanl\u0131k; karbon yakalama ve depolama teknolojileri, hidrojen teknolojisi gibi iklim de\u011fi\u015fikli\u011fi ile m\u00fccadeleye y\u00f6nelik yeni teknolojik geli\u015fmelerin takibi ile bu alanlardaki projelerin geli\u015ftirilmesi i\u00e7in ilgili kurumlarla i\u015fbirli\u011fi yapmaya, kurumlar\u0131n bu alanlarda \u00e7al\u0131\u015fmalar yapmas\u0131n\u0131 y\u00f6nlendirmeye ve ilgili kurumlarla koordinasyon yapmaya yetkili olacak.<\/p>\n<p>Ba\u015fkanl\u0131\u011fa ba\u011fl\u0131 ilgili kurumlarla koordineli olarak enstit\u00fcler ile ara\u015ft\u0131rma ve uygulama merkezleri kurulabilecek.<\/p>\n<p>Kurum ve kurulu\u015flarca; kamuoyu fark\u0131ndal\u0131\u011f\u0131n\u0131n art\u0131r\u0131lmas\u0131 ve toplumun iklim de\u011fi\u015fikli\u011finin etkileri konusunda duyarl\u0131 hale getirilmesi i\u00e7in e\u011fitim, bilin\u00e7lendirme ve kapasite geli\u015ftirme faaliyetleri ger\u00e7ekle\u015ftirilecek.<\/p>\n<p>T\u00fcm e\u011fitim d\u00fczeylerinde m\u00fcfredat ve \u00f6\u011fretim programlar\u0131n\u0131n g\u00fcncellenmesi ve ye\u015fil i\u015f g\u00fcc\u00fcn\u00fcn yeti\u015ftirilmesi i\u00e7in gerekli \u00e7al\u0131\u015fmalar ilgili bakanl\u0131klarla koordineli olarak Milli E\u011fitim Bakanl\u0131\u011f\u0131 ve Y\u00fcksek\u00f6\u011fretim Kurulunca yap\u0131lacak.<\/p>\n<p>Uygulamalar\u0131n usul ve esaslar\u0131, Bakanl\u0131k g\u00f6r\u00fc\u015f\u00fc al\u0131narak Ulusal Katk\u0131 Beyan\u0131, uzun d\u00f6nemli iklim de\u011fi\u015fikli\u011fi politika belgeleri ve belirlenen net s\u0131f\u0131r emisyon hedefi do\u011frultusunda sorumluluklar\u0131 dahilinde ilgili kamu kurum ve kurulu\u015flar\u0131 taraf\u0131ndan belirlenecek.<\/p>\n<\/p><\/div>\n<p><script async\n                    defer\n                    crossorigin=\"anonymous\"\n                    src=\"https:\/\/connect.facebook.net\/tr_TR\/sdk.js#xfbml=1&#038;version=v3.3\"\n            ><\/script><\/p>\n","protected":false},"excerpt":{"rendered":"<p>AK Parti milletvekillerinin imzas\u0131n\u0131 ta\u015f\u0131yan T\u00fcrkiye\u2019nin ilk \u201c\u0130klim Kanunu Teklifi\u201d, TBMM Ba\u015fkanl\u0131\u011f\u0131na sunuldu. Ye\u015fil b\u00fcy\u00fcme vizyonu ve net s\u0131f\u0131r emisyon hedefi do\u011frultusunda iklim de\u011fi\u015fikli\u011fiyle m\u00fccadeleyi ama\u00e7layan teklif, iklim de\u011fi\u015fikli\u011fi ile m\u00fccadelede esas olan sera gaz\u0131 emisyonlar\u0131n\u0131n azalt\u0131lmas\u0131 ve iklim de\u011fi\u015fikli\u011fine uyum faaliyetlerini, planlama ve uygulama ara\u00e7lar\u0131n\u0131, gelirleri, izin ve denetim ile bunlara ili\u015fkin yasal ve [&hellip;]<\/p>\n","protected":false},"author":1,"featured_media":19409,"comment_status":"open","ping_status":"open","sticky":false,"template":"","format":"standard","meta":{"jnews-multi-image_gallery":[],"jnews_single_post":[],"jnews_primary_category":[],"jnews_social_meta":[],"jnews_override_counter":[],"footnotes":""},"categories":[5],"tags":[],"class_list":["post-19408","post","type-post","status-publish","format-standard","has-post-thumbnail","hentry","category-turkiye"],"yoast_head":"<!-- This site is optimized with the Yoast SEO plugin v27.5 - https:\/\/yoast.com\/product\/yoast-seo-wordpress\/ -->\n<title>T\u00fcrkiye\u2019nin ilk \u201c\u0130klim Kanunu Teklifi\u201d TBMM\u2019de - Kuzeyin Sesi<\/title>\n<meta name=\"robots\" content=\"index, follow, max-snippet:-1, max-image-preview:large, max-video-preview:-1\" \/>\n<link rel=\"canonical\" href=\"https:\/\/kuzeyinsesi.org\/index.php\/2025\/02\/20\/turkiyenin-ilk-iklim-kanunu-teklifi-tbmmde\/\" \/>\n<meta property=\"og:locale\" content=\"tr_TR\" \/>\n<meta property=\"og:type\" content=\"article\" \/>\n<meta property=\"og:title\" content=\"T\u00fcrkiye\u2019nin ilk \u201c\u0130klim Kanunu Teklifi\u201d TBMM\u2019de - Kuzeyin Sesi\" \/>\n<meta property=\"og:description\" content=\"AK Parti milletvekillerinin imzas\u0131n\u0131 ta\u015f\u0131yan T\u00fcrkiye\u2019nin ilk \u201c\u0130klim Kanunu Teklifi\u201d, TBMM Ba\u015fkanl\u0131\u011f\u0131na sunuldu. Ye\u015fil b\u00fcy\u00fcme vizyonu ve net s\u0131f\u0131r emisyon hedefi do\u011frultusunda iklim de\u011fi\u015fikli\u011fiyle m\u00fccadeleyi ama\u00e7layan teklif, iklim de\u011fi\u015fikli\u011fi ile m\u00fccadelede esas olan sera gaz\u0131 emisyonlar\u0131n\u0131n azalt\u0131lmas\u0131 ve iklim de\u011fi\u015fikli\u011fine uyum faaliyetlerini, planlama ve uygulama ara\u00e7lar\u0131n\u0131, gelirleri, izin ve denetim ile bunlara ili\u015fkin yasal ve [&hellip;]\" \/>\n<meta property=\"og:url\" content=\"https:\/\/kuzeyinsesi.org\/index.php\/2025\/02\/20\/turkiyenin-ilk-iklim-kanunu-teklifi-tbmmde\/\" \/>\n<meta property=\"og:site_name\" content=\"Kuzeyin Sesi\" \/>\n<meta property=\"article:publisher\" content=\"https:\/\/www.facebook.com\/kuzeyinsesii\" \/>\n<meta property=\"article:published_time\" content=\"2025-02-20T18:44:34+00:00\" \/>\n<meta property=\"og:image\" content=\"https:\/\/brtk.net\/wp-content\/uploads\/2025\/02\/20\/1740064262161thumbs_b_c_6bda5b266558f3024ad08e8b410d4090.jpg?ver=27bc36452eb918f8950f8d69911a3a90\" \/>\n<meta name=\"author\" content=\"Kuzeyin Sesi\" \/>\n<meta name=\"twitter:card\" content=\"summary_large_image\" \/>\n<meta name=\"twitter:creator\" content=\"@kuzeyinsesii\" \/>\n<meta name=\"twitter:site\" content=\"@kuzeyinsesii\" \/>\n<meta name=\"twitter:label1\" content=\"Yazan:\" \/>\n\t<meta name=\"twitter:data1\" content=\"Kuzeyin Sesi\" \/>\n\t<meta name=\"twitter:label2\" content=\"Tahmini okuma s\u00fcresi\" \/>\n\t<meta name=\"twitter:data2\" content=\"12 dakika\" \/>\n<script type=\"application\/ld+json\" class=\"yoast-schema-graph\">{\"@context\":\"https:\\\/\\\/schema.org\",\"@graph\":[{\"@type\":\"Article\",\"@id\":\"https:\\\/\\\/kuzeyinsesi.org\\\/index.php\\\/2025\\\/02\\\/20\\\/turkiyenin-ilk-iklim-kanunu-teklifi-tbmmde\\\/#article\",\"isPartOf\":{\"@id\":\"https:\\\/\\\/kuzeyinsesi.org\\\/index.php\\\/2025\\\/02\\\/20\\\/turkiyenin-ilk-iklim-kanunu-teklifi-tbmmde\\\/\"},\"author\":{\"name\":\"Kuzeyin Sesi\",\"@id\":\"https:\\\/\\\/kuzeyinsesi.org\\\/#\\\/schema\\\/person\\\/9f859689cdf01485597712386e37f5aa\"},\"headline\":\"T\u00fcrkiye\u2019nin ilk \u201c\u0130klim Kanunu Teklifi\u201d TBMM\u2019de\",\"datePublished\":\"2025-02-20T18:44:34+00:00\",\"mainEntityOfPage\":{\"@id\":\"https:\\\/\\\/kuzeyinsesi.org\\\/index.php\\\/2025\\\/02\\\/20\\\/turkiyenin-ilk-iklim-kanunu-teklifi-tbmmde\\\/\"},\"wordCount\":2395,\"commentCount\":0,\"image\":{\"@id\":\"https:\\\/\\\/kuzeyinsesi.org\\\/index.php\\\/2025\\\/02\\\/20\\\/turkiyenin-ilk-iklim-kanunu-teklifi-tbmmde\\\/#primaryimage\"},\"thumbnailUrl\":\"https:\\\/\\\/kuzeyinsesi.org\\\/wp-content\\\/uploads\\\/2025\\\/02\\\/1740064262161thumbs_b_c_6bda5b266558f3024ad08e8b410d4090.jpg\",\"articleSection\":[\"T\u00fcrkiye\"],\"inLanguage\":\"tr\",\"potentialAction\":[{\"@type\":\"CommentAction\",\"name\":\"Comment\",\"target\":[\"https:\\\/\\\/kuzeyinsesi.org\\\/index.php\\\/2025\\\/02\\\/20\\\/turkiyenin-ilk-iklim-kanunu-teklifi-tbmmde\\\/#respond\"]}]},{\"@type\":\"WebPage\",\"@id\":\"https:\\\/\\\/kuzeyinsesi.org\\\/index.php\\\/2025\\\/02\\\/20\\\/turkiyenin-ilk-iklim-kanunu-teklifi-tbmmde\\\/\",\"url\":\"https:\\\/\\\/kuzeyinsesi.org\\\/index.php\\\/2025\\\/02\\\/20\\\/turkiyenin-ilk-iklim-kanunu-teklifi-tbmmde\\\/\",\"name\":\"T\u00fcrkiye\u2019nin ilk \u201c\u0130klim Kanunu Teklifi\u201d TBMM\u2019de - Kuzeyin Sesi\",\"isPartOf\":{\"@id\":\"https:\\\/\\\/kuzeyinsesi.org\\\/#website\"},\"primaryImageOfPage\":{\"@id\":\"https:\\\/\\\/kuzeyinsesi.org\\\/index.php\\\/2025\\\/02\\\/20\\\/turkiyenin-ilk-iklim-kanunu-teklifi-tbmmde\\\/#primaryimage\"},\"image\":{\"@id\":\"https:\\\/\\\/kuzeyinsesi.org\\\/index.php\\\/2025\\\/02\\\/20\\\/turkiyenin-ilk-iklim-kanunu-teklifi-tbmmde\\\/#primaryimage\"},\"thumbnailUrl\":\"https:\\\/\\\/kuzeyinsesi.org\\\/wp-content\\\/uploads\\\/2025\\\/02\\\/1740064262161thumbs_b_c_6bda5b266558f3024ad08e8b410d4090.jpg\",\"datePublished\":\"2025-02-20T18:44:34+00:00\",\"author\":{\"@id\":\"https:\\\/\\\/kuzeyinsesi.org\\\/#\\\/schema\\\/person\\\/9f859689cdf01485597712386e37f5aa\"},\"breadcrumb\":{\"@id\":\"https:\\\/\\\/kuzeyinsesi.org\\\/index.php\\\/2025\\\/02\\\/20\\\/turkiyenin-ilk-iklim-kanunu-teklifi-tbmmde\\\/#breadcrumb\"},\"inLanguage\":\"tr\",\"potentialAction\":[{\"@type\":\"ReadAction\",\"target\":[\"https:\\\/\\\/kuzeyinsesi.org\\\/index.php\\\/2025\\\/02\\\/20\\\/turkiyenin-ilk-iklim-kanunu-teklifi-tbmmde\\\/\"]}]},{\"@type\":\"ImageObject\",\"inLanguage\":\"tr\",\"@id\":\"https:\\\/\\\/kuzeyinsesi.org\\\/index.php\\\/2025\\\/02\\\/20\\\/turkiyenin-ilk-iklim-kanunu-teklifi-tbmmde\\\/#primaryimage\",\"url\":\"https:\\\/\\\/kuzeyinsesi.org\\\/wp-content\\\/uploads\\\/2025\\\/02\\\/1740064262161thumbs_b_c_6bda5b266558f3024ad08e8b410d4090.jpg\",\"contentUrl\":\"https:\\\/\\\/kuzeyinsesi.org\\\/wp-content\\\/uploads\\\/2025\\\/02\\\/1740064262161thumbs_b_c_6bda5b266558f3024ad08e8b410d4090.jpg\",\"width\":864,\"height\":486},{\"@type\":\"BreadcrumbList\",\"@id\":\"https:\\\/\\\/kuzeyinsesi.org\\\/index.php\\\/2025\\\/02\\\/20\\\/turkiyenin-ilk-iklim-kanunu-teklifi-tbmmde\\\/#breadcrumb\",\"itemListElement\":[{\"@type\":\"ListItem\",\"position\":1,\"name\":\"Anasayfa\",\"item\":\"https:\\\/\\\/kuzeyinsesi.org\\\/\"},{\"@type\":\"ListItem\",\"position\":2,\"name\":\"T\u00fcrkiye\u2019nin ilk \u201c\u0130klim Kanunu Teklifi\u201d TBMM\u2019de\"}]},{\"@type\":\"WebSite\",\"@id\":\"https:\\\/\\\/kuzeyinsesi.org\\\/#website\",\"url\":\"https:\\\/\\\/kuzeyinsesi.org\\\/\",\"name\":\"Kuzeyin Sesi\",\"description\":\"Do\u011fru Haberin Adresi\",\"potentialAction\":[{\"@type\":\"SearchAction\",\"target\":{\"@type\":\"EntryPoint\",\"urlTemplate\":\"https:\\\/\\\/kuzeyinsesi.org\\\/?s={search_term_string}\"},\"query-input\":{\"@type\":\"PropertyValueSpecification\",\"valueRequired\":true,\"valueName\":\"search_term_string\"}}],\"inLanguage\":\"tr\"},{\"@type\":\"Person\",\"@id\":\"https:\\\/\\\/kuzeyinsesi.org\\\/#\\\/schema\\\/person\\\/9f859689cdf01485597712386e37f5aa\",\"name\":\"Kuzeyin Sesi\",\"image\":{\"@type\":\"ImageObject\",\"inLanguage\":\"tr\",\"@id\":\"https:\\\/\\\/secure.gravatar.com\\\/avatar\\\/bab33852abfd8b282518d6ed81826833d77c3c882d9ab608add591ccace47a44?s=96&d=mm&r=g\",\"url\":\"https:\\\/\\\/secure.gravatar.com\\\/avatar\\\/bab33852abfd8b282518d6ed81826833d77c3c882d9ab608add591ccace47a44?s=96&d=mm&r=g\",\"contentUrl\":\"https:\\\/\\\/secure.gravatar.com\\\/avatar\\\/bab33852abfd8b282518d6ed81826833d77c3c882d9ab608add591ccace47a44?s=96&d=mm&r=g\",\"caption\":\"Kuzeyin Sesi\"},\"sameAs\":[\"https:\\\/\\\/kuzeyinsesi.org\"],\"url\":\"https:\\\/\\\/kuzeyinsesi.org\\\/index.php\\\/author\\\/guven\\\/\"}]}<\/script>\n<!-- \/ Yoast SEO plugin. -->","yoast_head_json":{"title":"T\u00fcrkiye\u2019nin ilk \u201c\u0130klim Kanunu Teklifi\u201d TBMM\u2019de - Kuzeyin Sesi","robots":{"index":"index","follow":"follow","max-snippet":"max-snippet:-1","max-image-preview":"max-image-preview:large","max-video-preview":"max-video-preview:-1"},"canonical":"https:\/\/kuzeyinsesi.org\/index.php\/2025\/02\/20\/turkiyenin-ilk-iklim-kanunu-teklifi-tbmmde\/","og_locale":"tr_TR","og_type":"article","og_title":"T\u00fcrkiye\u2019nin ilk \u201c\u0130klim Kanunu Teklifi\u201d TBMM\u2019de - Kuzeyin Sesi","og_description":"AK Parti milletvekillerinin imzas\u0131n\u0131 ta\u015f\u0131yan T\u00fcrkiye\u2019nin ilk \u201c\u0130klim Kanunu Teklifi\u201d, TBMM Ba\u015fkanl\u0131\u011f\u0131na sunuldu. Ye\u015fil b\u00fcy\u00fcme vizyonu ve net s\u0131f\u0131r emisyon hedefi do\u011frultusunda iklim de\u011fi\u015fikli\u011fiyle m\u00fccadeleyi ama\u00e7layan teklif, iklim de\u011fi\u015fikli\u011fi ile m\u00fccadelede esas olan sera gaz\u0131 emisyonlar\u0131n\u0131n azalt\u0131lmas\u0131 ve iklim de\u011fi\u015fikli\u011fine uyum faaliyetlerini, planlama ve uygulama ara\u00e7lar\u0131n\u0131, gelirleri, izin ve denetim ile bunlara ili\u015fkin yasal ve [&hellip;]","og_url":"https:\/\/kuzeyinsesi.org\/index.php\/2025\/02\/20\/turkiyenin-ilk-iklim-kanunu-teklifi-tbmmde\/","og_site_name":"Kuzeyin Sesi","article_publisher":"https:\/\/www.facebook.com\/kuzeyinsesii","article_published_time":"2025-02-20T18:44:34+00:00","og_image":[{"url":"https:\/\/brtk.net\/wp-content\/uploads\/2025\/02\/20\/1740064262161thumbs_b_c_6bda5b266558f3024ad08e8b410d4090.jpg?ver=27bc36452eb918f8950f8d69911a3a90","type":"","width":"","height":""}],"author":"Kuzeyin Sesi","twitter_card":"summary_large_image","twitter_creator":"@kuzeyinsesii","twitter_site":"@kuzeyinsesii","twitter_misc":{"Yazan:":"Kuzeyin Sesi","Tahmini okuma s\u00fcresi":"12 dakika"},"schema":{"@context":"https:\/\/schema.org","@graph":[{"@type":"Article","@id":"https:\/\/kuzeyinsesi.org\/index.php\/2025\/02\/20\/turkiyenin-ilk-iklim-kanunu-teklifi-tbmmde\/#article","isPartOf":{"@id":"https:\/\/kuzeyinsesi.org\/index.php\/2025\/02\/20\/turkiyenin-ilk-iklim-kanunu-teklifi-tbmmde\/"},"author":{"name":"Kuzeyin Sesi","@id":"https:\/\/kuzeyinsesi.org\/#\/schema\/person\/9f859689cdf01485597712386e37f5aa"},"headline":"T\u00fcrkiye\u2019nin ilk \u201c\u0130klim Kanunu Teklifi\u201d TBMM\u2019de","datePublished":"2025-02-20T18:44:34+00:00","mainEntityOfPage":{"@id":"https:\/\/kuzeyinsesi.org\/index.php\/2025\/02\/20\/turkiyenin-ilk-iklim-kanunu-teklifi-tbmmde\/"},"wordCount":2395,"commentCount":0,"image":{"@id":"https:\/\/kuzeyinsesi.org\/index.php\/2025\/02\/20\/turkiyenin-ilk-iklim-kanunu-teklifi-tbmmde\/#primaryimage"},"thumbnailUrl":"https:\/\/kuzeyinsesi.org\/wp-content\/uploads\/2025\/02\/1740064262161thumbs_b_c_6bda5b266558f3024ad08e8b410d4090.jpg","articleSection":["T\u00fcrkiye"],"inLanguage":"tr","potentialAction":[{"@type":"CommentAction","name":"Comment","target":["https:\/\/kuzeyinsesi.org\/index.php\/2025\/02\/20\/turkiyenin-ilk-iklim-kanunu-teklifi-tbmmde\/#respond"]}]},{"@type":"WebPage","@id":"https:\/\/kuzeyinsesi.org\/index.php\/2025\/02\/20\/turkiyenin-ilk-iklim-kanunu-teklifi-tbmmde\/","url":"https:\/\/kuzeyinsesi.org\/index.php\/2025\/02\/20\/turkiyenin-ilk-iklim-kanunu-teklifi-tbmmde\/","name":"T\u00fcrkiye\u2019nin ilk \u201c\u0130klim Kanunu Teklifi\u201d TBMM\u2019de - Kuzeyin Sesi","isPartOf":{"@id":"https:\/\/kuzeyinsesi.org\/#website"},"primaryImageOfPage":{"@id":"https:\/\/kuzeyinsesi.org\/index.php\/2025\/02\/20\/turkiyenin-ilk-iklim-kanunu-teklifi-tbmmde\/#primaryimage"},"image":{"@id":"https:\/\/kuzeyinsesi.org\/index.php\/2025\/02\/20\/turkiyenin-ilk-iklim-kanunu-teklifi-tbmmde\/#primaryimage"},"thumbnailUrl":"https:\/\/kuzeyinsesi.org\/wp-content\/uploads\/2025\/02\/1740064262161thumbs_b_c_6bda5b266558f3024ad08e8b410d4090.jpg","datePublished":"2025-02-20T18:44:34+00:00","author":{"@id":"https:\/\/kuzeyinsesi.org\/#\/schema\/person\/9f859689cdf01485597712386e37f5aa"},"breadcrumb":{"@id":"https:\/\/kuzeyinsesi.org\/index.php\/2025\/02\/20\/turkiyenin-ilk-iklim-kanunu-teklifi-tbmmde\/#breadcrumb"},"inLanguage":"tr","potentialAction":[{"@type":"ReadAction","target":["https:\/\/kuzeyinsesi.org\/index.php\/2025\/02\/20\/turkiyenin-ilk-iklim-kanunu-teklifi-tbmmde\/"]}]},{"@type":"ImageObject","inLanguage":"tr","@id":"https:\/\/kuzeyinsesi.org\/index.php\/2025\/02\/20\/turkiyenin-ilk-iklim-kanunu-teklifi-tbmmde\/#primaryimage","url":"https:\/\/kuzeyinsesi.org\/wp-content\/uploads\/2025\/02\/1740064262161thumbs_b_c_6bda5b266558f3024ad08e8b410d4090.jpg","contentUrl":"https:\/\/kuzeyinsesi.org\/wp-content\/uploads\/2025\/02\/1740064262161thumbs_b_c_6bda5b266558f3024ad08e8b410d4090.jpg","width":864,"height":486},{"@type":"BreadcrumbList","@id":"https:\/\/kuzeyinsesi.org\/index.php\/2025\/02\/20\/turkiyenin-ilk-iklim-kanunu-teklifi-tbmmde\/#breadcrumb","itemListElement":[{"@type":"ListItem","position":1,"name":"Anasayfa","item":"https:\/\/kuzeyinsesi.org\/"},{"@type":"ListItem","position":2,"name":"T\u00fcrkiye\u2019nin ilk \u201c\u0130klim Kanunu Teklifi\u201d TBMM\u2019de"}]},{"@type":"WebSite","@id":"https:\/\/kuzeyinsesi.org\/#website","url":"https:\/\/kuzeyinsesi.org\/","name":"Kuzeyin Sesi","description":"Do\u011fru Haberin Adresi","potentialAction":[{"@type":"SearchAction","target":{"@type":"EntryPoint","urlTemplate":"https:\/\/kuzeyinsesi.org\/?s={search_term_string}"},"query-input":{"@type":"PropertyValueSpecification","valueRequired":true,"valueName":"search_term_string"}}],"inLanguage":"tr"},{"@type":"Person","@id":"https:\/\/kuzeyinsesi.org\/#\/schema\/person\/9f859689cdf01485597712386e37f5aa","name":"Kuzeyin Sesi","image":{"@type":"ImageObject","inLanguage":"tr","@id":"https:\/\/secure.gravatar.com\/avatar\/bab33852abfd8b282518d6ed81826833d77c3c882d9ab608add591ccace47a44?s=96&d=mm&r=g","url":"https:\/\/secure.gravatar.com\/avatar\/bab33852abfd8b282518d6ed81826833d77c3c882d9ab608add591ccace47a44?s=96&d=mm&r=g","contentUrl":"https:\/\/secure.gravatar.com\/avatar\/bab33852abfd8b282518d6ed81826833d77c3c882d9ab608add591ccace47a44?s=96&d=mm&r=g","caption":"Kuzeyin Sesi"},"sameAs":["https:\/\/kuzeyinsesi.org"],"url":"https:\/\/kuzeyinsesi.org\/index.php\/author\/guven\/"}]}},"_links":{"self":[{"href":"https:\/\/kuzeyinsesi.org\/index.php\/wp-json\/wp\/v2\/posts\/19408","targetHints":{"allow":["GET"]}}],"collection":[{"href":"https:\/\/kuzeyinsesi.org\/index.php\/wp-json\/wp\/v2\/posts"}],"about":[{"href":"https:\/\/kuzeyinsesi.org\/index.php\/wp-json\/wp\/v2\/types\/post"}],"author":[{"embeddable":true,"href":"https:\/\/kuzeyinsesi.org\/index.php\/wp-json\/wp\/v2\/users\/1"}],"replies":[{"embeddable":true,"href":"https:\/\/kuzeyinsesi.org\/index.php\/wp-json\/wp\/v2\/comments?post=19408"}],"version-history":[{"count":0,"href":"https:\/\/kuzeyinsesi.org\/index.php\/wp-json\/wp\/v2\/posts\/19408\/revisions"}],"wp:featuredmedia":[{"embeddable":true,"href":"https:\/\/kuzeyinsesi.org\/index.php\/wp-json\/wp\/v2\/media\/19409"}],"wp:attachment":[{"href":"https:\/\/kuzeyinsesi.org\/index.php\/wp-json\/wp\/v2\/media?parent=19408"}],"wp:term":[{"taxonomy":"category","embeddable":true,"href":"https:\/\/kuzeyinsesi.org\/index.php\/wp-json\/wp\/v2\/categories?post=19408"},{"taxonomy":"post_tag","embeddable":true,"href":"https:\/\/kuzeyinsesi.org\/index.php\/wp-json\/wp\/v2\/tags?post=19408"}],"curies":[{"name":"wp","href":"https:\/\/api.w.org\/{rel}","templated":true}]}}