{"id":19406,"date":"2025-02-20T20:33:49","date_gmt":"2025-02-20T18:33:49","guid":{"rendered":"https:\/\/kuzeyinsesi.org\/index.php\/2025\/02\/20\/tatar-egitim-yoneticileri-ve-uzmanlari-dernegini-kabul-etti\/"},"modified":"2025-02-20T20:33:49","modified_gmt":"2025-02-20T18:33:49","slug":"tatar-egitim-yoneticileri-ve-uzmanlari-dernegini-kabul-etti","status":"publish","type":"post","link":"https:\/\/kuzeyinsesi.org\/index.php\/2025\/02\/20\/tatar-egitim-yoneticileri-ve-uzmanlari-dernegini-kabul-etti\/","title":{"rendered":"Tatar, E\u011fitim Y\u00f6neticileri ve Uzmanlar\u0131 Derne\u011fi\u2019ni kabul etti"},"content":{"rendered":"<div>\n<div class=\"mariselle-image-container center\">\n                                            <\/div>\n<p>Cumhurba\u015fkan\u0131 Ersin Tatar, T\u00fcrkiye\u2019den gelen E\u011fitim Y\u00f6neticileri ve Uzmanlar\u0131 Derne\u011fi (EYUDER) heyetini kabul etti.<\/p>\n<p>Cumhurba\u015fkanl\u0131\u011f\u0131\u2019nda ger\u00e7ekle\u015fen kabulde, Tatar, heyete ziyaretleri i\u00e7in te\u015fekk\u00fcr ederek EYUDER\u2019in \u00e7al\u0131\u015fmalar\u0131 hakk\u0131nda bilgi ald\u0131.<\/p>\n<p>Tatar, T\u00fcrk D\u00fcnyas\u0131 ile ili\u015fkilerin son y\u0131llarda giderek g\u00fc\u00e7lendi\u011fine dikkat \u00e7ekerek, \u00f6n\u00fcm\u00fczdeki s\u00fcre\u00e7te dil ve k\u00fclt\u00fcr birli\u011finin yan\u0131 s\u0131ra e\u011fitim anlay\u0131\u015f\u0131n\u0131n da b\u00fct\u00fcnle\u015fti\u011fi, devletlerin potansiyellerini i\u015f birli\u011fi i\u00e7in kulland\u0131\u011f\u0131 bir yap\u0131 olu\u015fmas\u0131n\u0131 temenni etti.<\/p>\n<p>E\u011fitim alan\u0131ndaki \u00e7al\u0131\u015fmalara b\u00fcy\u00fck \u00f6nem verdi\u011fini vurgulayan Tatar, KKTC\u2019nin Milli E\u011fitim Bakanl\u0131\u011f\u0131 d\u00fczeyinde EYUDER\u2019in d\u00fczenleyece\u011fi uluslararas\u0131 kongrede temsil edilmesinin b\u00fcy\u00fck katk\u0131 sa\u011flayaca\u011f\u0131n\u0131 ifade etti.<\/p>\n<p>\u0130leti\u015fim \u00e7a\u011f\u0131nda devletlerin birbirleriyle \u00e7ok daha yak\u0131n ili\u015fkiler kurabildi\u011fini s\u00f6yleyen Tatar, T\u00fcrkiye\u2019nin T\u00fcrk devletleri aras\u0131nda en b\u00fcy\u00fck ve en g\u00fc\u00e7l\u00fc \u00fclke olarak bu s\u00fcre\u00e7lerin merkezinde yer ald\u0131\u011f\u0131n\u0131, ayn\u0131 zamanda T\u00fcrk toplumlar\u0131n\u0131n sesi ve umudu oldu\u011funu dile getirdi.<\/p>\n<p><em>\u2013 EYUDER Genel Ba\u015fkan\u0131 \u00c7ilek\u2019ten davet<\/em><\/p>\n<p>EYUDER Genel Ba\u015fkan\u0131 Adem \u00c7ilek ise, dernek ve faaliyetleri hakk\u0131nda bilgi vererek, Cumhurba\u015fkan\u0131 Ersin Tatar\u2019\u0131 bu y\u0131l 16\u2019nc\u0131s\u0131 d\u00fczenlenecek Uluslararas\u0131 E\u011fitim Y\u00f6netimi Forumu\u2019na (EYFOR) davet etti.<\/p>\n<p>\u00c7ilek, 30 Nisan\u2019da Antalya\u2019da ger\u00e7ekle\u015ftirilecek kongreye T\u00fcrk d\u00fcnyas\u0131ndan e\u011fitimcilerin, b\u00fcrokratlar\u0131n ve akademisyenlerin kat\u0131laca\u011f\u0131n\u0131 belirtti. \u00c7ilek, T\u00fcrk Devletleri ve T\u00fcrkiye Cumhuriyeti\u2019nden yakla\u015f\u0131k 700 ki\u015filik bir kat\u0131l\u0131m beklendi\u011fini s\u00f6yledi.<\/p>\n<p>T\u00fcrk D\u00fcnyas\u0131\u2019nda e\u011fitim birli\u011finin sa\u011flanmas\u0131 a\u00e7\u0131s\u0131ndan bu kongrenin b\u00fcy\u00fck \u00f6nem ta\u015f\u0131d\u0131\u011f\u0131n\u0131 vurgulayan \u00c7ilek, KKTC\u2019nin kongrede temsil edilmesinin, \u00fclkenin g\u00f6r\u00fcn\u00fcrl\u00fc\u011f\u00fcn\u00fc art\u0131rma a\u00e7\u0131s\u0131ndan da de\u011ferli olaca\u011f\u0131n\u0131 ifade etti.<\/p>\n<p>Cumhurba\u015fkan\u0131 Tatar\u2019a misafirperverli\u011fi i\u00e7in te\u015fekk\u00fcr eden \u00c7ilek, kabulde Tatar\u2019a hediye takdim etti.<\/p>\n<\/p><\/div>\n<p><script async\n                    defer\n                    crossorigin=\"anonymous\"\n                    src=\"https:\/\/connect.facebook.net\/tr_TR\/sdk.js#xfbml=1&#038;version=v3.3\"\n            ><\/script><\/p>\n","protected":false},"excerpt":{"rendered":"<p>Cumhurba\u015fkan\u0131 Ersin Tatar, T\u00fcrkiye\u2019den gelen E\u011fitim Y\u00f6neticileri ve Uzmanlar\u0131 Derne\u011fi (EYUDER) heyetini kabul etti. Cumhurba\u015fkanl\u0131\u011f\u0131\u2019nda ger\u00e7ekle\u015fen kabulde, Tatar, heyete ziyaretleri i\u00e7in te\u015fekk\u00fcr ederek EYUDER\u2019in \u00e7al\u0131\u015fmalar\u0131 hakk\u0131nda bilgi ald\u0131. Tatar, T\u00fcrk D\u00fcnyas\u0131 ile ili\u015fkilerin son y\u0131llarda giderek g\u00fc\u00e7lendi\u011fine dikkat \u00e7ekerek, \u00f6n\u00fcm\u00fczdeki s\u00fcre\u00e7te dil ve k\u00fclt\u00fcr birli\u011finin yan\u0131 s\u0131ra e\u011fitim anlay\u0131\u015f\u0131n\u0131n da b\u00fct\u00fcnle\u015fti\u011fi, devletlerin potansiyellerini i\u015f birli\u011fi [&hellip;]<\/p>\n","protected":false},"author":1,"featured_media":19407,"comment_status":"open","ping_status":"open","sticky":false,"template":"","format":"standard","meta":{"jnews-multi-image_gallery":[],"jnews_single_post":[],"jnews_primary_category":[],"jnews_social_meta":[],"jnews_override_counter":[],"footnotes":""},"categories":[5],"tags":[],"class_list":["post-19406","post","type-post","status-publish","format-standard","has-post-thumbnail","hentry","category-turkiye"],"yoast_head":"<!-- This site is optimized with the Yoast SEO plugin v27.5 - https:\/\/yoast.com\/product\/yoast-seo-wordpress\/ -->\n<title>Tatar, E\u011fitim Y\u00f6neticileri ve Uzmanlar\u0131 Derne\u011fi\u2019ni kabul etti - Kuzeyin Sesi<\/title>\n<meta name=\"robots\" content=\"index, follow, max-snippet:-1, max-image-preview:large, max-video-preview:-1\" \/>\n<link rel=\"canonical\" href=\"https:\/\/kuzeyinsesi.org\/index.php\/2025\/02\/20\/tatar-egitim-yoneticileri-ve-uzmanlari-dernegini-kabul-etti\/\" \/>\n<meta property=\"og:locale\" content=\"tr_TR\" \/>\n<meta property=\"og:type\" content=\"article\" \/>\n<meta property=\"og:title\" content=\"Tatar, E\u011fitim Y\u00f6neticileri ve Uzmanlar\u0131 Derne\u011fi\u2019ni kabul etti - Kuzeyin Sesi\" \/>\n<meta property=\"og:description\" content=\"Cumhurba\u015fkan\u0131 Ersin Tatar, T\u00fcrkiye\u2019den gelen E\u011fitim Y\u00f6neticileri ve Uzmanlar\u0131 Derne\u011fi (EYUDER) heyetini kabul etti. Cumhurba\u015fkanl\u0131\u011f\u0131\u2019nda ger\u00e7ekle\u015fen kabulde, Tatar, heyete ziyaretleri i\u00e7in te\u015fekk\u00fcr ederek EYUDER\u2019in \u00e7al\u0131\u015fmalar\u0131 hakk\u0131nda bilgi ald\u0131. Tatar, T\u00fcrk D\u00fcnyas\u0131 ile ili\u015fkilerin son y\u0131llarda giderek g\u00fc\u00e7lendi\u011fine dikkat \u00e7ekerek, \u00f6n\u00fcm\u00fczdeki s\u00fcre\u00e7te dil ve k\u00fclt\u00fcr birli\u011finin yan\u0131 s\u0131ra e\u011fitim anlay\u0131\u015f\u0131n\u0131n da b\u00fct\u00fcnle\u015fti\u011fi, devletlerin potansiyellerini i\u015f birli\u011fi [&hellip;]\" \/>\n<meta property=\"og:url\" content=\"https:\/\/kuzeyinsesi.org\/index.php\/2025\/02\/20\/tatar-egitim-yoneticileri-ve-uzmanlari-dernegini-kabul-etti\/\" \/>\n<meta property=\"og:site_name\" content=\"Kuzeyin Sesi\" \/>\n<meta property=\"article:publisher\" content=\"https:\/\/www.facebook.com\/kuzeyinsesii\" \/>\n<meta property=\"article:published_time\" content=\"2025-02-20T18:33:49+00:00\" \/>\n<meta property=\"og:image\" content=\"https:\/\/brtk.net\/wp-content\/uploads\/2025\/02\/20\/1740071518997WhatsApp-Image-2025-02-20-at-16.54.12.jpeg?ver=de2a658f2a04e50e46f920bde6ab3eff\" \/>\n<meta name=\"author\" content=\"Kuzeyin Sesi\" \/>\n<meta name=\"twitter:card\" content=\"summary_large_image\" \/>\n<meta name=\"twitter:creator\" content=\"@kuzeyinsesii\" \/>\n<meta name=\"twitter:site\" content=\"@kuzeyinsesii\" \/>\n<meta name=\"twitter:label1\" content=\"Yazan:\" \/>\n\t<meta name=\"twitter:data1\" content=\"Kuzeyin Sesi\" \/>\n\t<meta name=\"twitter:label2\" content=\"Tahmini okuma s\u00fcresi\" \/>\n\t<meta name=\"twitter:data2\" content=\"2 dakika\" \/>\n<script type=\"application\/ld+json\" class=\"yoast-schema-graph\">{\"@context\":\"https:\\\/\\\/schema.org\",\"@graph\":[{\"@type\":\"Article\",\"@id\":\"https:\\\/\\\/kuzeyinsesi.org\\\/index.php\\\/2025\\\/02\\\/20\\\/tatar-egitim-yoneticileri-ve-uzmanlari-dernegini-kabul-etti\\\/#article\",\"isPartOf\":{\"@id\":\"https:\\\/\\\/kuzeyinsesi.org\\\/index.php\\\/2025\\\/02\\\/20\\\/tatar-egitim-yoneticileri-ve-uzmanlari-dernegini-kabul-etti\\\/\"},\"author\":{\"name\":\"Kuzeyin Sesi\",\"@id\":\"https:\\\/\\\/kuzeyinsesi.org\\\/#\\\/schema\\\/person\\\/9f859689cdf01485597712386e37f5aa\"},\"headline\":\"Tatar, E\u011fitim Y\u00f6neticileri ve Uzmanlar\u0131 Derne\u011fi\u2019ni kabul etti\",\"datePublished\":\"2025-02-20T18:33:49+00:00\",\"mainEntityOfPage\":{\"@id\":\"https:\\\/\\\/kuzeyinsesi.org\\\/index.php\\\/2025\\\/02\\\/20\\\/tatar-egitim-yoneticileri-ve-uzmanlari-dernegini-kabul-etti\\\/\"},\"wordCount\":367,\"commentCount\":0,\"image\":{\"@id\":\"https:\\\/\\\/kuzeyinsesi.org\\\/index.php\\\/2025\\\/02\\\/20\\\/tatar-egitim-yoneticileri-ve-uzmanlari-dernegini-kabul-etti\\\/#primaryimage\"},\"thumbnailUrl\":\"https:\\\/\\\/kuzeyinsesi.org\\\/wp-content\\\/uploads\\\/2025\\\/02\\\/1740071518997WhatsApp-Image-2025-02-20-at-16.54.12.jpeg\",\"articleSection\":[\"T\u00fcrkiye\"],\"inLanguage\":\"tr\",\"potentialAction\":[{\"@type\":\"CommentAction\",\"name\":\"Comment\",\"target\":[\"https:\\\/\\\/kuzeyinsesi.org\\\/index.php\\\/2025\\\/02\\\/20\\\/tatar-egitim-yoneticileri-ve-uzmanlari-dernegini-kabul-etti\\\/#respond\"]}]},{\"@type\":\"WebPage\",\"@id\":\"https:\\\/\\\/kuzeyinsesi.org\\\/index.php\\\/2025\\\/02\\\/20\\\/tatar-egitim-yoneticileri-ve-uzmanlari-dernegini-kabul-etti\\\/\",\"url\":\"https:\\\/\\\/kuzeyinsesi.org\\\/index.php\\\/2025\\\/02\\\/20\\\/tatar-egitim-yoneticileri-ve-uzmanlari-dernegini-kabul-etti\\\/\",\"name\":\"Tatar, E\u011fitim Y\u00f6neticileri ve Uzmanlar\u0131 Derne\u011fi\u2019ni kabul etti - Kuzeyin Sesi\",\"isPartOf\":{\"@id\":\"https:\\\/\\\/kuzeyinsesi.org\\\/#website\"},\"primaryImageOfPage\":{\"@id\":\"https:\\\/\\\/kuzeyinsesi.org\\\/index.php\\\/2025\\\/02\\\/20\\\/tatar-egitim-yoneticileri-ve-uzmanlari-dernegini-kabul-etti\\\/#primaryimage\"},\"image\":{\"@id\":\"https:\\\/\\\/kuzeyinsesi.org\\\/index.php\\\/2025\\\/02\\\/20\\\/tatar-egitim-yoneticileri-ve-uzmanlari-dernegini-kabul-etti\\\/#primaryimage\"},\"thumbnailUrl\":\"https:\\\/\\\/kuzeyinsesi.org\\\/wp-content\\\/uploads\\\/2025\\\/02\\\/1740071518997WhatsApp-Image-2025-02-20-at-16.54.12.jpeg\",\"datePublished\":\"2025-02-20T18:33:49+00:00\",\"author\":{\"@id\":\"https:\\\/\\\/kuzeyinsesi.org\\\/#\\\/schema\\\/person\\\/9f859689cdf01485597712386e37f5aa\"},\"breadcrumb\":{\"@id\":\"https:\\\/\\\/kuzeyinsesi.org\\\/index.php\\\/2025\\\/02\\\/20\\\/tatar-egitim-yoneticileri-ve-uzmanlari-dernegini-kabul-etti\\\/#breadcrumb\"},\"inLanguage\":\"tr\",\"potentialAction\":[{\"@type\":\"ReadAction\",\"target\":[\"https:\\\/\\\/kuzeyinsesi.org\\\/index.php\\\/2025\\\/02\\\/20\\\/tatar-egitim-yoneticileri-ve-uzmanlari-dernegini-kabul-etti\\\/\"]}]},{\"@type\":\"ImageObject\",\"inLanguage\":\"tr\",\"@id\":\"https:\\\/\\\/kuzeyinsesi.org\\\/index.php\\\/2025\\\/02\\\/20\\\/tatar-egitim-yoneticileri-ve-uzmanlari-dernegini-kabul-etti\\\/#primaryimage\",\"url\":\"https:\\\/\\\/kuzeyinsesi.org\\\/wp-content\\\/uploads\\\/2025\\\/02\\\/1740071518997WhatsApp-Image-2025-02-20-at-16.54.12.jpeg\",\"contentUrl\":\"https:\\\/\\\/kuzeyinsesi.org\\\/wp-content\\\/uploads\\\/2025\\\/02\\\/1740071518997WhatsApp-Image-2025-02-20-at-16.54.12.jpeg\",\"width\":1600,\"height\":1066},{\"@type\":\"BreadcrumbList\",\"@id\":\"https:\\\/\\\/kuzeyinsesi.org\\\/index.php\\\/2025\\\/02\\\/20\\\/tatar-egitim-yoneticileri-ve-uzmanlari-dernegini-kabul-etti\\\/#breadcrumb\",\"itemListElement\":[{\"@type\":\"ListItem\",\"position\":1,\"name\":\"Anasayfa\",\"item\":\"https:\\\/\\\/kuzeyinsesi.org\\\/\"},{\"@type\":\"ListItem\",\"position\":2,\"name\":\"Tatar, E\u011fitim Y\u00f6neticileri ve Uzmanlar\u0131 Derne\u011fi\u2019ni kabul etti\"}]},{\"@type\":\"WebSite\",\"@id\":\"https:\\\/\\\/kuzeyinsesi.org\\\/#website\",\"url\":\"https:\\\/\\\/kuzeyinsesi.org\\\/\",\"name\":\"Kuzeyin Sesi\",\"description\":\"Do\u011fru Haberin Adresi\",\"potentialAction\":[{\"@type\":\"SearchAction\",\"target\":{\"@type\":\"EntryPoint\",\"urlTemplate\":\"https:\\\/\\\/kuzeyinsesi.org\\\/?s={search_term_string}\"},\"query-input\":{\"@type\":\"PropertyValueSpecification\",\"valueRequired\":true,\"valueName\":\"search_term_string\"}}],\"inLanguage\":\"tr\"},{\"@type\":\"Person\",\"@id\":\"https:\\\/\\\/kuzeyinsesi.org\\\/#\\\/schema\\\/person\\\/9f859689cdf01485597712386e37f5aa\",\"name\":\"Kuzeyin Sesi\",\"image\":{\"@type\":\"ImageObject\",\"inLanguage\":\"tr\",\"@id\":\"https:\\\/\\\/secure.gravatar.com\\\/avatar\\\/bab33852abfd8b282518d6ed81826833d77c3c882d9ab608add591ccace47a44?s=96&d=mm&r=g\",\"url\":\"https:\\\/\\\/secure.gravatar.com\\\/avatar\\\/bab33852abfd8b282518d6ed81826833d77c3c882d9ab608add591ccace47a44?s=96&d=mm&r=g\",\"contentUrl\":\"https:\\\/\\\/secure.gravatar.com\\\/avatar\\\/bab33852abfd8b282518d6ed81826833d77c3c882d9ab608add591ccace47a44?s=96&d=mm&r=g\",\"caption\":\"Kuzeyin Sesi\"},\"sameAs\":[\"https:\\\/\\\/kuzeyinsesi.org\"],\"url\":\"https:\\\/\\\/kuzeyinsesi.org\\\/index.php\\\/author\\\/guven\\\/\"}]}<\/script>\n<!-- \/ Yoast SEO plugin. -->","yoast_head_json":{"title":"Tatar, E\u011fitim Y\u00f6neticileri ve Uzmanlar\u0131 Derne\u011fi\u2019ni kabul etti - Kuzeyin Sesi","robots":{"index":"index","follow":"follow","max-snippet":"max-snippet:-1","max-image-preview":"max-image-preview:large","max-video-preview":"max-video-preview:-1"},"canonical":"https:\/\/kuzeyinsesi.org\/index.php\/2025\/02\/20\/tatar-egitim-yoneticileri-ve-uzmanlari-dernegini-kabul-etti\/","og_locale":"tr_TR","og_type":"article","og_title":"Tatar, E\u011fitim Y\u00f6neticileri ve Uzmanlar\u0131 Derne\u011fi\u2019ni kabul etti - Kuzeyin Sesi","og_description":"Cumhurba\u015fkan\u0131 Ersin Tatar, T\u00fcrkiye\u2019den gelen E\u011fitim Y\u00f6neticileri ve Uzmanlar\u0131 Derne\u011fi (EYUDER) heyetini kabul etti. Cumhurba\u015fkanl\u0131\u011f\u0131\u2019nda ger\u00e7ekle\u015fen kabulde, Tatar, heyete ziyaretleri i\u00e7in te\u015fekk\u00fcr ederek EYUDER\u2019in \u00e7al\u0131\u015fmalar\u0131 hakk\u0131nda bilgi ald\u0131. Tatar, T\u00fcrk D\u00fcnyas\u0131 ile ili\u015fkilerin son y\u0131llarda giderek g\u00fc\u00e7lendi\u011fine dikkat \u00e7ekerek, \u00f6n\u00fcm\u00fczdeki s\u00fcre\u00e7te dil ve k\u00fclt\u00fcr birli\u011finin yan\u0131 s\u0131ra e\u011fitim anlay\u0131\u015f\u0131n\u0131n da b\u00fct\u00fcnle\u015fti\u011fi, devletlerin potansiyellerini i\u015f birli\u011fi [&hellip;]","og_url":"https:\/\/kuzeyinsesi.org\/index.php\/2025\/02\/20\/tatar-egitim-yoneticileri-ve-uzmanlari-dernegini-kabul-etti\/","og_site_name":"Kuzeyin Sesi","article_publisher":"https:\/\/www.facebook.com\/kuzeyinsesii","article_published_time":"2025-02-20T18:33:49+00:00","og_image":[{"url":"https:\/\/brtk.net\/wp-content\/uploads\/2025\/02\/20\/1740071518997WhatsApp-Image-2025-02-20-at-16.54.12.jpeg?ver=de2a658f2a04e50e46f920bde6ab3eff","type":"","width":"","height":""}],"author":"Kuzeyin Sesi","twitter_card":"summary_large_image","twitter_creator":"@kuzeyinsesii","twitter_site":"@kuzeyinsesii","twitter_misc":{"Yazan:":"Kuzeyin Sesi","Tahmini okuma s\u00fcresi":"2 dakika"},"schema":{"@context":"https:\/\/schema.org","@graph":[{"@type":"Article","@id":"https:\/\/kuzeyinsesi.org\/index.php\/2025\/02\/20\/tatar-egitim-yoneticileri-ve-uzmanlari-dernegini-kabul-etti\/#article","isPartOf":{"@id":"https:\/\/kuzeyinsesi.org\/index.php\/2025\/02\/20\/tatar-egitim-yoneticileri-ve-uzmanlari-dernegini-kabul-etti\/"},"author":{"name":"Kuzeyin Sesi","@id":"https:\/\/kuzeyinsesi.org\/#\/schema\/person\/9f859689cdf01485597712386e37f5aa"},"headline":"Tatar, E\u011fitim Y\u00f6neticileri ve Uzmanlar\u0131 Derne\u011fi\u2019ni kabul etti","datePublished":"2025-02-20T18:33:49+00:00","mainEntityOfPage":{"@id":"https:\/\/kuzeyinsesi.org\/index.php\/2025\/02\/20\/tatar-egitim-yoneticileri-ve-uzmanlari-dernegini-kabul-etti\/"},"wordCount":367,"commentCount":0,"image":{"@id":"https:\/\/kuzeyinsesi.org\/index.php\/2025\/02\/20\/tatar-egitim-yoneticileri-ve-uzmanlari-dernegini-kabul-etti\/#primaryimage"},"thumbnailUrl":"https:\/\/kuzeyinsesi.org\/wp-content\/uploads\/2025\/02\/1740071518997WhatsApp-Image-2025-02-20-at-16.54.12.jpeg","articleSection":["T\u00fcrkiye"],"inLanguage":"tr","potentialAction":[{"@type":"CommentAction","name":"Comment","target":["https:\/\/kuzeyinsesi.org\/index.php\/2025\/02\/20\/tatar-egitim-yoneticileri-ve-uzmanlari-dernegini-kabul-etti\/#respond"]}]},{"@type":"WebPage","@id":"https:\/\/kuzeyinsesi.org\/index.php\/2025\/02\/20\/tatar-egitim-yoneticileri-ve-uzmanlari-dernegini-kabul-etti\/","url":"https:\/\/kuzeyinsesi.org\/index.php\/2025\/02\/20\/tatar-egitim-yoneticileri-ve-uzmanlari-dernegini-kabul-etti\/","name":"Tatar, E\u011fitim Y\u00f6neticileri ve Uzmanlar\u0131 Derne\u011fi\u2019ni kabul etti - Kuzeyin Sesi","isPartOf":{"@id":"https:\/\/kuzeyinsesi.org\/#website"},"primaryImageOfPage":{"@id":"https:\/\/kuzeyinsesi.org\/index.php\/2025\/02\/20\/tatar-egitim-yoneticileri-ve-uzmanlari-dernegini-kabul-etti\/#primaryimage"},"image":{"@id":"https:\/\/kuzeyinsesi.org\/index.php\/2025\/02\/20\/tatar-egitim-yoneticileri-ve-uzmanlari-dernegini-kabul-etti\/#primaryimage"},"thumbnailUrl":"https:\/\/kuzeyinsesi.org\/wp-content\/uploads\/2025\/02\/1740071518997WhatsApp-Image-2025-02-20-at-16.54.12.jpeg","datePublished":"2025-02-20T18:33:49+00:00","author":{"@id":"https:\/\/kuzeyinsesi.org\/#\/schema\/person\/9f859689cdf01485597712386e37f5aa"},"breadcrumb":{"@id":"https:\/\/kuzeyinsesi.org\/index.php\/2025\/02\/20\/tatar-egitim-yoneticileri-ve-uzmanlari-dernegini-kabul-etti\/#breadcrumb"},"inLanguage":"tr","potentialAction":[{"@type":"ReadAction","target":["https:\/\/kuzeyinsesi.org\/index.php\/2025\/02\/20\/tatar-egitim-yoneticileri-ve-uzmanlari-dernegini-kabul-etti\/"]}]},{"@type":"ImageObject","inLanguage":"tr","@id":"https:\/\/kuzeyinsesi.org\/index.php\/2025\/02\/20\/tatar-egitim-yoneticileri-ve-uzmanlari-dernegini-kabul-etti\/#primaryimage","url":"https:\/\/kuzeyinsesi.org\/wp-content\/uploads\/2025\/02\/1740071518997WhatsApp-Image-2025-02-20-at-16.54.12.jpeg","contentUrl":"https:\/\/kuzeyinsesi.org\/wp-content\/uploads\/2025\/02\/1740071518997WhatsApp-Image-2025-02-20-at-16.54.12.jpeg","width":1600,"height":1066},{"@type":"BreadcrumbList","@id":"https:\/\/kuzeyinsesi.org\/index.php\/2025\/02\/20\/tatar-egitim-yoneticileri-ve-uzmanlari-dernegini-kabul-etti\/#breadcrumb","itemListElement":[{"@type":"ListItem","position":1,"name":"Anasayfa","item":"https:\/\/kuzeyinsesi.org\/"},{"@type":"ListItem","position":2,"name":"Tatar, E\u011fitim Y\u00f6neticileri ve Uzmanlar\u0131 Derne\u011fi\u2019ni kabul etti"}]},{"@type":"WebSite","@id":"https:\/\/kuzeyinsesi.org\/#website","url":"https:\/\/kuzeyinsesi.org\/","name":"Kuzeyin Sesi","description":"Do\u011fru Haberin Adresi","potentialAction":[{"@type":"SearchAction","target":{"@type":"EntryPoint","urlTemplate":"https:\/\/kuzeyinsesi.org\/?s={search_term_string}"},"query-input":{"@type":"PropertyValueSpecification","valueRequired":true,"valueName":"search_term_string"}}],"inLanguage":"tr"},{"@type":"Person","@id":"https:\/\/kuzeyinsesi.org\/#\/schema\/person\/9f859689cdf01485597712386e37f5aa","name":"Kuzeyin Sesi","image":{"@type":"ImageObject","inLanguage":"tr","@id":"https:\/\/secure.gravatar.com\/avatar\/bab33852abfd8b282518d6ed81826833d77c3c882d9ab608add591ccace47a44?s=96&d=mm&r=g","url":"https:\/\/secure.gravatar.com\/avatar\/bab33852abfd8b282518d6ed81826833d77c3c882d9ab608add591ccace47a44?s=96&d=mm&r=g","contentUrl":"https:\/\/secure.gravatar.com\/avatar\/bab33852abfd8b282518d6ed81826833d77c3c882d9ab608add591ccace47a44?s=96&d=mm&r=g","caption":"Kuzeyin Sesi"},"sameAs":["https:\/\/kuzeyinsesi.org"],"url":"https:\/\/kuzeyinsesi.org\/index.php\/author\/guven\/"}]}},"_links":{"self":[{"href":"https:\/\/kuzeyinsesi.org\/index.php\/wp-json\/wp\/v2\/posts\/19406","targetHints":{"allow":["GET"]}}],"collection":[{"href":"https:\/\/kuzeyinsesi.org\/index.php\/wp-json\/wp\/v2\/posts"}],"about":[{"href":"https:\/\/kuzeyinsesi.org\/index.php\/wp-json\/wp\/v2\/types\/post"}],"author":[{"embeddable":true,"href":"https:\/\/kuzeyinsesi.org\/index.php\/wp-json\/wp\/v2\/users\/1"}],"replies":[{"embeddable":true,"href":"https:\/\/kuzeyinsesi.org\/index.php\/wp-json\/wp\/v2\/comments?post=19406"}],"version-history":[{"count":0,"href":"https:\/\/kuzeyinsesi.org\/index.php\/wp-json\/wp\/v2\/posts\/19406\/revisions"}],"wp:featuredmedia":[{"embeddable":true,"href":"https:\/\/kuzeyinsesi.org\/index.php\/wp-json\/wp\/v2\/media\/19407"}],"wp:attachment":[{"href":"https:\/\/kuzeyinsesi.org\/index.php\/wp-json\/wp\/v2\/media?parent=19406"}],"wp:term":[{"taxonomy":"category","embeddable":true,"href":"https:\/\/kuzeyinsesi.org\/index.php\/wp-json\/wp\/v2\/categories?post=19406"},{"taxonomy":"post_tag","embeddable":true,"href":"https:\/\/kuzeyinsesi.org\/index.php\/wp-json\/wp\/v2\/tags?post=19406"}],"curies":[{"name":"wp","href":"https:\/\/api.w.org\/{rel}","templated":true}]}}