{"id":19370,"date":"2025-02-20T13:30:01","date_gmt":"2025-02-20T11:30:01","guid":{"rendered":"https:\/\/kuzeyinsesi.org\/index.php\/2025\/02\/20\/ercan-istanbul-arasindaki-bazi-karsilikli-seferler-iptal-edildi\/"},"modified":"2025-02-20T13:30:01","modified_gmt":"2025-02-20T11:30:01","slug":"ercan-istanbul-arasindaki-bazi-karsilikli-seferler-iptal-edildi","status":"publish","type":"post","link":"https:\/\/kuzeyinsesi.org\/index.php\/2025\/02\/20\/ercan-istanbul-arasindaki-bazi-karsilikli-seferler-iptal-edildi\/","title":{"rendered":"Ercan-\u0130stanbul aras\u0131ndaki baz\u0131 kar\u015f\u0131l\u0131kl\u0131 seferler iptal edildi"},"content":{"rendered":"<div>\n<div class=\"mariselle-image-container center\">\n                                            <\/div>\n<p>\u0130stanbul\u2019da bir haftad\u0131r beklenen kar ya\u011f\u0131\u015f\u0131 d\u00fcnden bu yana aral\u0131klarla etkili oluyor. <\/p>\n<p>Kar ya\u011f\u0131\u015f\u0131n\u0131n etkisiyle \u0130stanbul Havaliman\u0131 ve Sabiha G\u00f6k\u00e7en\u2019de Ercan ba\u011flant\u0131l\u0131 baz\u0131 seferler iptal edildi.<\/p>\n<p>Ercan Sivil Havac\u0131l\u0131k Dairesi M\u00fcd\u00fcr Vekili Naciye \u0130lkman,T\u00fcrk Hava Yollar\u0131\u2019n\u0131n d\u00fcn kar\u015f\u0131l\u0131kl\u0131 2 seferinin, bug\u00fcn 1 seferinin, yar\u0131n da 1 seferinin iptal edildi\u011fini, Pegasus\u2019un ise yar\u0131n planlanan 2 seferinin iptal edildi\u011fini s\u00f6yledi.<\/p>\n<div class=\"mariselle-image-container center\">\n                <img decoding=\"async\" width=\"752\" height=\"423\" class=\"lazy-image\" alt=\"\" sizes=\"(max-width: 752px) 100vw, 752px\" src=\"https:\/\/brtk.net\/wp-content\/uploads\/2025\/02\/20\/iptak.webp?ver=d07f104d9fbdd25d1ffd222bf19b489f\" srcset=\"https:\/\/brtk.net\/wp-content\/uploads\/2025\/02\/20\/iptak.webp?ver=d07f104d9fbdd25d1ffd222bf19b489f 752w, https:\/\/brtk.net\/wp-content\/uploads\/2025\/02\/20\/iptak-300x169.webp?ver=d07f104d9fbdd25d1ffd222bf19b489f 300w\"\/>                            <\/div>\n<p>\u0130stanbul\u2019da d\u00fcn ba\u015flayan ve aral\u0131klarla devam eden kar ya\u011f\u0131\u015f\u0131n\u0131n bug\u00fcn ve yar\u0131n daha da \u015fiddetlenmesi, pazar g\u00fcn\u00fc de etkisini s\u00fcrd\u00fcrmesi bekleniyor. Kentin y\u00fckseklerinde kar kal\u0131nl\u0131\u011f\u0131n\u0131n 40 santimetreyi bulabilece\u011fi tahmin ediliyor.<\/p>\n<p>Ya\u011f\u0131\u015f\u0131n etkisiyle \u0130stanbul Havaliman\u0131 ve Sabiha G\u00f6k\u00e7en\u2019de iptal edilen seferlerde art\u0131\u015fa gidildi.<\/p>\n<p>\u0130stanbul\u2019un, KKTC i\u00e7in en \u00f6nemli destinasyonlardan biri olmas\u0131, \u015fiddetli kar ya\u011f\u0131\u015f\u0131n\u0131n bizleri de yak\u0131ndan ilgilendirmesine neden oluyor.<\/p>\n<p>\u00d6zellikle \u0130stanbul-Ercan aras\u0131ndaki hava trafi\u011finde ya\u015fanan kar\u015f\u0131l\u0131kl\u0131 iptallerin yolcular\u0131 etkileyece\u011fi belirtiliyor.<\/p>\n<p>Ercan Sivil Havac\u0131l\u0131k Dairesi M\u00fcd\u00fcr Vekili Naciye \u0130lkman, d\u00fcnden itibaren baz\u0131 seferlerin hava \u015fartlar\u0131ndan dolay\u0131 iptal edildi\u011fini a\u00e7\u0131klad\u0131.<\/p>\n<p>\u0130lkman, T\u00fcrk Hava Yollar\u0131\u2019n\u0131n d\u00fcn kar\u015f\u0131l\u0131kl\u0131 2 seferinin, bug\u00fcn 1 seferinin, yar\u0131n da 1 seferinin iptal edildi\u011fini s\u00f6yledi.<\/p>\n<p>Naciye \u0130lkman, \u0130stanbul Sabiha G\u00f6k\u00e7en Havaliman\u0131\u2019na ini\u015f yapan Pegasus Havayollar\u0131\u2019n\u0131n ise yar\u0131n planlanan 2 seferinin iptal edildi\u011fini belirtti.<\/p>\n<\/p><\/div>\n<p><script async\n                    defer\n                    crossorigin=\"anonymous\"\n                    src=\"https:\/\/connect.facebook.net\/tr_TR\/sdk.js#xfbml=1&#038;version=v3.3\"\n            ><\/script><\/p>\n","protected":false},"excerpt":{"rendered":"<p>\u0130stanbul\u2019da bir haftad\u0131r beklenen kar ya\u011f\u0131\u015f\u0131 d\u00fcnden bu yana aral\u0131klarla etkili oluyor. Kar ya\u011f\u0131\u015f\u0131n\u0131n etkisiyle \u0130stanbul Havaliman\u0131 ve Sabiha G\u00f6k\u00e7en\u2019de Ercan ba\u011flant\u0131l\u0131 baz\u0131 seferler iptal edildi. Ercan Sivil Havac\u0131l\u0131k Dairesi M\u00fcd\u00fcr Vekili Naciye \u0130lkman,T\u00fcrk Hava Yollar\u0131\u2019n\u0131n d\u00fcn kar\u015f\u0131l\u0131kl\u0131 2 seferinin, bug\u00fcn 1 seferinin, yar\u0131n da 1 seferinin iptal edildi\u011fini, Pegasus\u2019un ise yar\u0131n planlanan 2 seferinin [&hellip;]<\/p>\n","protected":false},"author":1,"featured_media":19371,"comment_status":"open","ping_status":"open","sticky":false,"template":"","format":"standard","meta":{"jnews-multi-image_gallery":[],"jnews_single_post":[],"jnews_primary_category":[],"jnews_social_meta":[],"jnews_override_counter":[],"footnotes":""},"categories":[5],"tags":[],"class_list":["post-19370","post","type-post","status-publish","format-standard","has-post-thumbnail","hentry","category-turkiye"],"yoast_head":"<!-- This site is optimized with the Yoast SEO plugin v27.5 - https:\/\/yoast.com\/product\/yoast-seo-wordpress\/ -->\n<title>Ercan-\u0130stanbul aras\u0131ndaki baz\u0131 kar\u015f\u0131l\u0131kl\u0131 seferler iptal edildi - Kuzeyin Sesi<\/title>\n<meta name=\"robots\" content=\"index, follow, max-snippet:-1, max-image-preview:large, max-video-preview:-1\" \/>\n<link rel=\"canonical\" href=\"https:\/\/kuzeyinsesi.org\/index.php\/2025\/02\/20\/ercan-istanbul-arasindaki-bazi-karsilikli-seferler-iptal-edildi\/\" \/>\n<meta property=\"og:locale\" content=\"tr_TR\" \/>\n<meta property=\"og:type\" content=\"article\" \/>\n<meta property=\"og:title\" content=\"Ercan-\u0130stanbul aras\u0131ndaki baz\u0131 kar\u015f\u0131l\u0131kl\u0131 seferler iptal edildi - Kuzeyin Sesi\" \/>\n<meta property=\"og:description\" content=\"\u0130stanbul\u2019da bir haftad\u0131r beklenen kar ya\u011f\u0131\u015f\u0131 d\u00fcnden bu yana aral\u0131klarla etkili oluyor. Kar ya\u011f\u0131\u015f\u0131n\u0131n etkisiyle \u0130stanbul Havaliman\u0131 ve Sabiha G\u00f6k\u00e7en\u2019de Ercan ba\u011flant\u0131l\u0131 baz\u0131 seferler iptal edildi. Ercan Sivil Havac\u0131l\u0131k Dairesi M\u00fcd\u00fcr Vekili Naciye \u0130lkman,T\u00fcrk Hava Yollar\u0131\u2019n\u0131n d\u00fcn kar\u015f\u0131l\u0131kl\u0131 2 seferinin, bug\u00fcn 1 seferinin, yar\u0131n da 1 seferinin iptal edildi\u011fini, Pegasus\u2019un ise yar\u0131n planlanan 2 seferinin [&hellip;]\" \/>\n<meta property=\"og:url\" content=\"https:\/\/kuzeyinsesi.org\/index.php\/2025\/02\/20\/ercan-istanbul-arasindaki-bazi-karsilikli-seferler-iptal-edildi\/\" \/>\n<meta property=\"og:site_name\" content=\"Kuzeyin Sesi\" \/>\n<meta property=\"article:publisher\" content=\"https:\/\/www.facebook.com\/kuzeyinsesii\" \/>\n<meta property=\"article:published_time\" content=\"2025-02-20T11:30:01+00:00\" \/>\n<meta property=\"og:image\" content=\"https:\/\/brtk.net\/wp-content\/uploads\/2025\/02\/20\/1740042191885AA-20250219-37100137-37100136-ISTANBULUN_BAZI_BOLGELERINDE_KAR_YAGISI_ETKISINI_ARTIRDI-1-scaled.jpg?ver=6773ffaad7b437943ac2489c6f84144e\" \/>\n<meta name=\"author\" content=\"Kuzeyin Sesi\" \/>\n<meta name=\"twitter:card\" content=\"summary_large_image\" \/>\n<meta name=\"twitter:creator\" content=\"@kuzeyinsesii\" \/>\n<meta name=\"twitter:site\" content=\"@kuzeyinsesii\" \/>\n<meta name=\"twitter:label1\" content=\"Yazan:\" \/>\n\t<meta name=\"twitter:data1\" content=\"Kuzeyin Sesi\" \/>\n\t<meta name=\"twitter:label2\" content=\"Tahmini okuma s\u00fcresi\" \/>\n\t<meta name=\"twitter:data2\" content=\"1 dakika\" \/>\n<script type=\"application\/ld+json\" class=\"yoast-schema-graph\">{\"@context\":\"https:\\\/\\\/schema.org\",\"@graph\":[{\"@type\":\"Article\",\"@id\":\"https:\\\/\\\/kuzeyinsesi.org\\\/index.php\\\/2025\\\/02\\\/20\\\/ercan-istanbul-arasindaki-bazi-karsilikli-seferler-iptal-edildi\\\/#article\",\"isPartOf\":{\"@id\":\"https:\\\/\\\/kuzeyinsesi.org\\\/index.php\\\/2025\\\/02\\\/20\\\/ercan-istanbul-arasindaki-bazi-karsilikli-seferler-iptal-edildi\\\/\"},\"author\":{\"name\":\"Kuzeyin Sesi\",\"@id\":\"https:\\\/\\\/kuzeyinsesi.org\\\/#\\\/schema\\\/person\\\/9f859689cdf01485597712386e37f5aa\"},\"headline\":\"Ercan-\u0130stanbul aras\u0131ndaki baz\u0131 kar\u015f\u0131l\u0131kl\u0131 seferler iptal edildi\",\"datePublished\":\"2025-02-20T11:30:01+00:00\",\"mainEntityOfPage\":{\"@id\":\"https:\\\/\\\/kuzeyinsesi.org\\\/index.php\\\/2025\\\/02\\\/20\\\/ercan-istanbul-arasindaki-bazi-karsilikli-seferler-iptal-edildi\\\/\"},\"wordCount\":270,\"commentCount\":0,\"image\":{\"@id\":\"https:\\\/\\\/kuzeyinsesi.org\\\/index.php\\\/2025\\\/02\\\/20\\\/ercan-istanbul-arasindaki-bazi-karsilikli-seferler-iptal-edildi\\\/#primaryimage\"},\"thumbnailUrl\":\"https:\\\/\\\/kuzeyinsesi.org\\\/wp-content\\\/uploads\\\/2025\\\/02\\\/iptak.webp.webp\",\"articleSection\":[\"T\u00fcrkiye\"],\"inLanguage\":\"tr\",\"potentialAction\":[{\"@type\":\"CommentAction\",\"name\":\"Comment\",\"target\":[\"https:\\\/\\\/kuzeyinsesi.org\\\/index.php\\\/2025\\\/02\\\/20\\\/ercan-istanbul-arasindaki-bazi-karsilikli-seferler-iptal-edildi\\\/#respond\"]}]},{\"@type\":\"WebPage\",\"@id\":\"https:\\\/\\\/kuzeyinsesi.org\\\/index.php\\\/2025\\\/02\\\/20\\\/ercan-istanbul-arasindaki-bazi-karsilikli-seferler-iptal-edildi\\\/\",\"url\":\"https:\\\/\\\/kuzeyinsesi.org\\\/index.php\\\/2025\\\/02\\\/20\\\/ercan-istanbul-arasindaki-bazi-karsilikli-seferler-iptal-edildi\\\/\",\"name\":\"Ercan-\u0130stanbul aras\u0131ndaki baz\u0131 kar\u015f\u0131l\u0131kl\u0131 seferler iptal edildi - Kuzeyin Sesi\",\"isPartOf\":{\"@id\":\"https:\\\/\\\/kuzeyinsesi.org\\\/#website\"},\"primaryImageOfPage\":{\"@id\":\"https:\\\/\\\/kuzeyinsesi.org\\\/index.php\\\/2025\\\/02\\\/20\\\/ercan-istanbul-arasindaki-bazi-karsilikli-seferler-iptal-edildi\\\/#primaryimage\"},\"image\":{\"@id\":\"https:\\\/\\\/kuzeyinsesi.org\\\/index.php\\\/2025\\\/02\\\/20\\\/ercan-istanbul-arasindaki-bazi-karsilikli-seferler-iptal-edildi\\\/#primaryimage\"},\"thumbnailUrl\":\"https:\\\/\\\/kuzeyinsesi.org\\\/wp-content\\\/uploads\\\/2025\\\/02\\\/iptak.webp.webp\",\"datePublished\":\"2025-02-20T11:30:01+00:00\",\"author\":{\"@id\":\"https:\\\/\\\/kuzeyinsesi.org\\\/#\\\/schema\\\/person\\\/9f859689cdf01485597712386e37f5aa\"},\"breadcrumb\":{\"@id\":\"https:\\\/\\\/kuzeyinsesi.org\\\/index.php\\\/2025\\\/02\\\/20\\\/ercan-istanbul-arasindaki-bazi-karsilikli-seferler-iptal-edildi\\\/#breadcrumb\"},\"inLanguage\":\"tr\",\"potentialAction\":[{\"@type\":\"ReadAction\",\"target\":[\"https:\\\/\\\/kuzeyinsesi.org\\\/index.php\\\/2025\\\/02\\\/20\\\/ercan-istanbul-arasindaki-bazi-karsilikli-seferler-iptal-edildi\\\/\"]}]},{\"@type\":\"ImageObject\",\"inLanguage\":\"tr\",\"@id\":\"https:\\\/\\\/kuzeyinsesi.org\\\/index.php\\\/2025\\\/02\\\/20\\\/ercan-istanbul-arasindaki-bazi-karsilikli-seferler-iptal-edildi\\\/#primaryimage\",\"url\":\"https:\\\/\\\/kuzeyinsesi.org\\\/wp-content\\\/uploads\\\/2025\\\/02\\\/iptak.webp.webp\",\"contentUrl\":\"https:\\\/\\\/kuzeyinsesi.org\\\/wp-content\\\/uploads\\\/2025\\\/02\\\/iptak.webp.webp\",\"width\":752,\"height\":423},{\"@type\":\"BreadcrumbList\",\"@id\":\"https:\\\/\\\/kuzeyinsesi.org\\\/index.php\\\/2025\\\/02\\\/20\\\/ercan-istanbul-arasindaki-bazi-karsilikli-seferler-iptal-edildi\\\/#breadcrumb\",\"itemListElement\":[{\"@type\":\"ListItem\",\"position\":1,\"name\":\"Anasayfa\",\"item\":\"https:\\\/\\\/kuzeyinsesi.org\\\/\"},{\"@type\":\"ListItem\",\"position\":2,\"name\":\"Ercan-\u0130stanbul aras\u0131ndaki baz\u0131 kar\u015f\u0131l\u0131kl\u0131 seferler iptal edildi\"}]},{\"@type\":\"WebSite\",\"@id\":\"https:\\\/\\\/kuzeyinsesi.org\\\/#website\",\"url\":\"https:\\\/\\\/kuzeyinsesi.org\\\/\",\"name\":\"Kuzeyin Sesi\",\"description\":\"Do\u011fru Haberin Adresi\",\"potentialAction\":[{\"@type\":\"SearchAction\",\"target\":{\"@type\":\"EntryPoint\",\"urlTemplate\":\"https:\\\/\\\/kuzeyinsesi.org\\\/?s={search_term_string}\"},\"query-input\":{\"@type\":\"PropertyValueSpecification\",\"valueRequired\":true,\"valueName\":\"search_term_string\"}}],\"inLanguage\":\"tr\"},{\"@type\":\"Person\",\"@id\":\"https:\\\/\\\/kuzeyinsesi.org\\\/#\\\/schema\\\/person\\\/9f859689cdf01485597712386e37f5aa\",\"name\":\"Kuzeyin Sesi\",\"image\":{\"@type\":\"ImageObject\",\"inLanguage\":\"tr\",\"@id\":\"https:\\\/\\\/secure.gravatar.com\\\/avatar\\\/bab33852abfd8b282518d6ed81826833d77c3c882d9ab608add591ccace47a44?s=96&d=mm&r=g\",\"url\":\"https:\\\/\\\/secure.gravatar.com\\\/avatar\\\/bab33852abfd8b282518d6ed81826833d77c3c882d9ab608add591ccace47a44?s=96&d=mm&r=g\",\"contentUrl\":\"https:\\\/\\\/secure.gravatar.com\\\/avatar\\\/bab33852abfd8b282518d6ed81826833d77c3c882d9ab608add591ccace47a44?s=96&d=mm&r=g\",\"caption\":\"Kuzeyin Sesi\"},\"sameAs\":[\"https:\\\/\\\/kuzeyinsesi.org\"],\"url\":\"https:\\\/\\\/kuzeyinsesi.org\\\/index.php\\\/author\\\/guven\\\/\"}]}<\/script>\n<!-- \/ Yoast SEO plugin. -->","yoast_head_json":{"title":"Ercan-\u0130stanbul aras\u0131ndaki baz\u0131 kar\u015f\u0131l\u0131kl\u0131 seferler iptal edildi - Kuzeyin Sesi","robots":{"index":"index","follow":"follow","max-snippet":"max-snippet:-1","max-image-preview":"max-image-preview:large","max-video-preview":"max-video-preview:-1"},"canonical":"https:\/\/kuzeyinsesi.org\/index.php\/2025\/02\/20\/ercan-istanbul-arasindaki-bazi-karsilikli-seferler-iptal-edildi\/","og_locale":"tr_TR","og_type":"article","og_title":"Ercan-\u0130stanbul aras\u0131ndaki baz\u0131 kar\u015f\u0131l\u0131kl\u0131 seferler iptal edildi - Kuzeyin Sesi","og_description":"\u0130stanbul\u2019da bir haftad\u0131r beklenen kar ya\u011f\u0131\u015f\u0131 d\u00fcnden bu yana aral\u0131klarla etkili oluyor. Kar ya\u011f\u0131\u015f\u0131n\u0131n etkisiyle \u0130stanbul Havaliman\u0131 ve Sabiha G\u00f6k\u00e7en\u2019de Ercan ba\u011flant\u0131l\u0131 baz\u0131 seferler iptal edildi. Ercan Sivil Havac\u0131l\u0131k Dairesi M\u00fcd\u00fcr Vekili Naciye \u0130lkman,T\u00fcrk Hava Yollar\u0131\u2019n\u0131n d\u00fcn kar\u015f\u0131l\u0131kl\u0131 2 seferinin, bug\u00fcn 1 seferinin, yar\u0131n da 1 seferinin iptal edildi\u011fini, Pegasus\u2019un ise yar\u0131n planlanan 2 seferinin [&hellip;]","og_url":"https:\/\/kuzeyinsesi.org\/index.php\/2025\/02\/20\/ercan-istanbul-arasindaki-bazi-karsilikli-seferler-iptal-edildi\/","og_site_name":"Kuzeyin Sesi","article_publisher":"https:\/\/www.facebook.com\/kuzeyinsesii","article_published_time":"2025-02-20T11:30:01+00:00","og_image":[{"url":"https:\/\/brtk.net\/wp-content\/uploads\/2025\/02\/20\/1740042191885AA-20250219-37100137-37100136-ISTANBULUN_BAZI_BOLGELERINDE_KAR_YAGISI_ETKISINI_ARTIRDI-1-scaled.jpg?ver=6773ffaad7b437943ac2489c6f84144e","type":"","width":"","height":""}],"author":"Kuzeyin Sesi","twitter_card":"summary_large_image","twitter_creator":"@kuzeyinsesii","twitter_site":"@kuzeyinsesii","twitter_misc":{"Yazan:":"Kuzeyin Sesi","Tahmini okuma s\u00fcresi":"1 dakika"},"schema":{"@context":"https:\/\/schema.org","@graph":[{"@type":"Article","@id":"https:\/\/kuzeyinsesi.org\/index.php\/2025\/02\/20\/ercan-istanbul-arasindaki-bazi-karsilikli-seferler-iptal-edildi\/#article","isPartOf":{"@id":"https:\/\/kuzeyinsesi.org\/index.php\/2025\/02\/20\/ercan-istanbul-arasindaki-bazi-karsilikli-seferler-iptal-edildi\/"},"author":{"name":"Kuzeyin Sesi","@id":"https:\/\/kuzeyinsesi.org\/#\/schema\/person\/9f859689cdf01485597712386e37f5aa"},"headline":"Ercan-\u0130stanbul aras\u0131ndaki baz\u0131 kar\u015f\u0131l\u0131kl\u0131 seferler iptal edildi","datePublished":"2025-02-20T11:30:01+00:00","mainEntityOfPage":{"@id":"https:\/\/kuzeyinsesi.org\/index.php\/2025\/02\/20\/ercan-istanbul-arasindaki-bazi-karsilikli-seferler-iptal-edildi\/"},"wordCount":270,"commentCount":0,"image":{"@id":"https:\/\/kuzeyinsesi.org\/index.php\/2025\/02\/20\/ercan-istanbul-arasindaki-bazi-karsilikli-seferler-iptal-edildi\/#primaryimage"},"thumbnailUrl":"https:\/\/kuzeyinsesi.org\/wp-content\/uploads\/2025\/02\/iptak.webp.webp","articleSection":["T\u00fcrkiye"],"inLanguage":"tr","potentialAction":[{"@type":"CommentAction","name":"Comment","target":["https:\/\/kuzeyinsesi.org\/index.php\/2025\/02\/20\/ercan-istanbul-arasindaki-bazi-karsilikli-seferler-iptal-edildi\/#respond"]}]},{"@type":"WebPage","@id":"https:\/\/kuzeyinsesi.org\/index.php\/2025\/02\/20\/ercan-istanbul-arasindaki-bazi-karsilikli-seferler-iptal-edildi\/","url":"https:\/\/kuzeyinsesi.org\/index.php\/2025\/02\/20\/ercan-istanbul-arasindaki-bazi-karsilikli-seferler-iptal-edildi\/","name":"Ercan-\u0130stanbul aras\u0131ndaki baz\u0131 kar\u015f\u0131l\u0131kl\u0131 seferler iptal edildi - Kuzeyin Sesi","isPartOf":{"@id":"https:\/\/kuzeyinsesi.org\/#website"},"primaryImageOfPage":{"@id":"https:\/\/kuzeyinsesi.org\/index.php\/2025\/02\/20\/ercan-istanbul-arasindaki-bazi-karsilikli-seferler-iptal-edildi\/#primaryimage"},"image":{"@id":"https:\/\/kuzeyinsesi.org\/index.php\/2025\/02\/20\/ercan-istanbul-arasindaki-bazi-karsilikli-seferler-iptal-edildi\/#primaryimage"},"thumbnailUrl":"https:\/\/kuzeyinsesi.org\/wp-content\/uploads\/2025\/02\/iptak.webp.webp","datePublished":"2025-02-20T11:30:01+00:00","author":{"@id":"https:\/\/kuzeyinsesi.org\/#\/schema\/person\/9f859689cdf01485597712386e37f5aa"},"breadcrumb":{"@id":"https:\/\/kuzeyinsesi.org\/index.php\/2025\/02\/20\/ercan-istanbul-arasindaki-bazi-karsilikli-seferler-iptal-edildi\/#breadcrumb"},"inLanguage":"tr","potentialAction":[{"@type":"ReadAction","target":["https:\/\/kuzeyinsesi.org\/index.php\/2025\/02\/20\/ercan-istanbul-arasindaki-bazi-karsilikli-seferler-iptal-edildi\/"]}]},{"@type":"ImageObject","inLanguage":"tr","@id":"https:\/\/kuzeyinsesi.org\/index.php\/2025\/02\/20\/ercan-istanbul-arasindaki-bazi-karsilikli-seferler-iptal-edildi\/#primaryimage","url":"https:\/\/kuzeyinsesi.org\/wp-content\/uploads\/2025\/02\/iptak.webp.webp","contentUrl":"https:\/\/kuzeyinsesi.org\/wp-content\/uploads\/2025\/02\/iptak.webp.webp","width":752,"height":423},{"@type":"BreadcrumbList","@id":"https:\/\/kuzeyinsesi.org\/index.php\/2025\/02\/20\/ercan-istanbul-arasindaki-bazi-karsilikli-seferler-iptal-edildi\/#breadcrumb","itemListElement":[{"@type":"ListItem","position":1,"name":"Anasayfa","item":"https:\/\/kuzeyinsesi.org\/"},{"@type":"ListItem","position":2,"name":"Ercan-\u0130stanbul aras\u0131ndaki baz\u0131 kar\u015f\u0131l\u0131kl\u0131 seferler iptal edildi"}]},{"@type":"WebSite","@id":"https:\/\/kuzeyinsesi.org\/#website","url":"https:\/\/kuzeyinsesi.org\/","name":"Kuzeyin Sesi","description":"Do\u011fru Haberin Adresi","potentialAction":[{"@type":"SearchAction","target":{"@type":"EntryPoint","urlTemplate":"https:\/\/kuzeyinsesi.org\/?s={search_term_string}"},"query-input":{"@type":"PropertyValueSpecification","valueRequired":true,"valueName":"search_term_string"}}],"inLanguage":"tr"},{"@type":"Person","@id":"https:\/\/kuzeyinsesi.org\/#\/schema\/person\/9f859689cdf01485597712386e37f5aa","name":"Kuzeyin Sesi","image":{"@type":"ImageObject","inLanguage":"tr","@id":"https:\/\/secure.gravatar.com\/avatar\/bab33852abfd8b282518d6ed81826833d77c3c882d9ab608add591ccace47a44?s=96&d=mm&r=g","url":"https:\/\/secure.gravatar.com\/avatar\/bab33852abfd8b282518d6ed81826833d77c3c882d9ab608add591ccace47a44?s=96&d=mm&r=g","contentUrl":"https:\/\/secure.gravatar.com\/avatar\/bab33852abfd8b282518d6ed81826833d77c3c882d9ab608add591ccace47a44?s=96&d=mm&r=g","caption":"Kuzeyin Sesi"},"sameAs":["https:\/\/kuzeyinsesi.org"],"url":"https:\/\/kuzeyinsesi.org\/index.php\/author\/guven\/"}]}},"_links":{"self":[{"href":"https:\/\/kuzeyinsesi.org\/index.php\/wp-json\/wp\/v2\/posts\/19370","targetHints":{"allow":["GET"]}}],"collection":[{"href":"https:\/\/kuzeyinsesi.org\/index.php\/wp-json\/wp\/v2\/posts"}],"about":[{"href":"https:\/\/kuzeyinsesi.org\/index.php\/wp-json\/wp\/v2\/types\/post"}],"author":[{"embeddable":true,"href":"https:\/\/kuzeyinsesi.org\/index.php\/wp-json\/wp\/v2\/users\/1"}],"replies":[{"embeddable":true,"href":"https:\/\/kuzeyinsesi.org\/index.php\/wp-json\/wp\/v2\/comments?post=19370"}],"version-history":[{"count":0,"href":"https:\/\/kuzeyinsesi.org\/index.php\/wp-json\/wp\/v2\/posts\/19370\/revisions"}],"wp:featuredmedia":[{"embeddable":true,"href":"https:\/\/kuzeyinsesi.org\/index.php\/wp-json\/wp\/v2\/media\/19371"}],"wp:attachment":[{"href":"https:\/\/kuzeyinsesi.org\/index.php\/wp-json\/wp\/v2\/media?parent=19370"}],"wp:term":[{"taxonomy":"category","embeddable":true,"href":"https:\/\/kuzeyinsesi.org\/index.php\/wp-json\/wp\/v2\/categories?post=19370"},{"taxonomy":"post_tag","embeddable":true,"href":"https:\/\/kuzeyinsesi.org\/index.php\/wp-json\/wp\/v2\/tags?post=19370"}],"curies":[{"name":"wp","href":"https:\/\/api.w.org\/{rel}","templated":true}]}}