{"id":19335,"date":"2025-02-19T15:14:50","date_gmt":"2025-02-19T13:14:50","guid":{"rendered":"https:\/\/kuzeyinsesi.org\/index.php\/2025\/02\/19\/cumhurbaskani-tatar-vadili-kultur-dernegi-turk-sanat-muzigi-korosunun-konserini-izledi\/"},"modified":"2025-02-19T15:14:50","modified_gmt":"2025-02-19T13:14:50","slug":"cumhurbaskani-tatar-vadili-kultur-dernegi-turk-sanat-muzigi-korosunun-konserini-izledi","status":"publish","type":"post","link":"https:\/\/kuzeyinsesi.org\/index.php\/2025\/02\/19\/cumhurbaskani-tatar-vadili-kultur-dernegi-turk-sanat-muzigi-korosunun-konserini-izledi\/","title":{"rendered":"Cumhurba\u015fkan\u0131 Tatar, Vadili K\u00fclt\u00fcr Derne\u011fi T\u00fcrk Sanat M\u00fczi\u011fi Korosu\u2019nun konserini izledi"},"content":{"rendered":"<div>\n<div class=\"mariselle-image-container none\">\n                                            <\/div>\n<p>Cumhurba\u015fkan\u0131 Ersin Tatar, ses sanat\u00e7\u0131s\u0131 ve koro \u015fefi Cem Kafkas y\u00f6netiminde d\u00fczenlenen Vadili K\u00fclt\u00fcr Derne\u011fi T\u00fcrk Sanat M\u00fczi\u011fi Korosu\u2019nun konserini izledi.<\/p>\n<p>Cumhurba\u015fkanl\u0131\u011f\u0131\u2019ndan verilen bilgiye g\u00f6re, Cumhurba\u015fkan\u0131 Ersin Tatar, Beyarmudu\u2019nda yer alan konserde yapt\u0131\u011f\u0131 konu\u015fmada, konseri izlemekten dolay\u0131 duydu\u011fu memnuniyeti dile getirdi ve konserin d\u00fczenlenmesinde eme\u011fi ge\u00e7enleri kutlad\u0131.<\/p>\n<p>Sanat\u00e7\u0131 Cem Kafkas ile K\u0131br\u0131s T\u00fcrk k\u00fclt\u00fcr ve sanat\u0131n\u0131 T\u00fcrkiye\u2019ye tan\u0131tma \u00e7al\u0131\u015fmalar\u0131n\u0131 y\u00fcr\u00fctt\u00fcklerini kaydeden Cumhurba\u015fkan\u0131 Tatar, K\u0131br\u0131s T\u00fcrk k\u00fclt\u00fcr\u00fcn\u00fc, sanat\u0131n\u0131, k\u0131yafetini ve m\u00fczi\u011fini d\u00fcnyaya tan\u0131tmaya devam edeceklerini kaydetti.<\/p>\n<p>Cumhurba\u015fkan\u0131 Tatar, k\u00fclt\u00fcr ve sanata yapt\u0131\u011f\u0131 katk\u0131lardan dolay\u0131 Cem Kafkas\u2019a te\u015fekk\u00fcr etti.<\/p>\n<\/p><\/div>\n<p><script async\n                    defer\n                    crossorigin=\"anonymous\"\n                    src=\"https:\/\/connect.facebook.net\/tr_TR\/sdk.js#xfbml=1&#038;version=v3.3\"\n            ><\/script><\/p>\n","protected":false},"excerpt":{"rendered":"<p>Cumhurba\u015fkan\u0131 Ersin Tatar, ses sanat\u00e7\u0131s\u0131 ve koro \u015fefi Cem Kafkas y\u00f6netiminde d\u00fczenlenen Vadili K\u00fclt\u00fcr Derne\u011fi T\u00fcrk Sanat M\u00fczi\u011fi Korosu\u2019nun konserini izledi. Cumhurba\u015fkanl\u0131\u011f\u0131\u2019ndan verilen bilgiye g\u00f6re, Cumhurba\u015fkan\u0131 Ersin Tatar, Beyarmudu\u2019nda yer alan konserde yapt\u0131\u011f\u0131 konu\u015fmada, konseri izlemekten dolay\u0131 duydu\u011fu memnuniyeti dile getirdi ve konserin d\u00fczenlenmesinde eme\u011fi ge\u00e7enleri kutlad\u0131. Sanat\u00e7\u0131 Cem Kafkas ile K\u0131br\u0131s T\u00fcrk k\u00fclt\u00fcr ve [&hellip;]<\/p>\n","protected":false},"author":1,"featured_media":19336,"comment_status":"open","ping_status":"open","sticky":false,"template":"","format":"standard","meta":{"jnews-multi-image_gallery":[],"jnews_single_post":[],"jnews_primary_category":[],"jnews_social_meta":[],"jnews_override_counter":[],"footnotes":""},"categories":[6],"tags":[],"class_list":["post-19335","post","type-post","status-publish","format-standard","has-post-thumbnail","hentry","category-yasam"],"yoast_head":"<!-- This site is optimized with the Yoast SEO plugin v27.4 - https:\/\/yoast.com\/product\/yoast-seo-wordpress\/ -->\n<title>Cumhurba\u015fkan\u0131 Tatar, Vadili K\u00fclt\u00fcr Derne\u011fi T\u00fcrk Sanat M\u00fczi\u011fi Korosu\u2019nun konserini izledi - Kuzeyin Sesi<\/title>\n<meta name=\"robots\" content=\"index, follow, max-snippet:-1, max-image-preview:large, max-video-preview:-1\" \/>\n<link rel=\"canonical\" href=\"https:\/\/kuzeyinsesi.org\/index.php\/2025\/02\/19\/cumhurbaskani-tatar-vadili-kultur-dernegi-turk-sanat-muzigi-korosunun-konserini-izledi\/\" \/>\n<meta property=\"og:locale\" content=\"tr_TR\" \/>\n<meta property=\"og:type\" content=\"article\" \/>\n<meta property=\"og:title\" content=\"Cumhurba\u015fkan\u0131 Tatar, Vadili K\u00fclt\u00fcr Derne\u011fi T\u00fcrk Sanat M\u00fczi\u011fi Korosu\u2019nun konserini izledi - Kuzeyin Sesi\" \/>\n<meta property=\"og:description\" content=\"Cumhurba\u015fkan\u0131 Ersin Tatar, ses sanat\u00e7\u0131s\u0131 ve koro \u015fefi Cem Kafkas y\u00f6netiminde d\u00fczenlenen Vadili K\u00fclt\u00fcr Derne\u011fi T\u00fcrk Sanat M\u00fczi\u011fi Korosu\u2019nun konserini izledi. Cumhurba\u015fkanl\u0131\u011f\u0131\u2019ndan verilen bilgiye g\u00f6re, Cumhurba\u015fkan\u0131 Ersin Tatar, Beyarmudu\u2019nda yer alan konserde yapt\u0131\u011f\u0131 konu\u015fmada, konseri izlemekten dolay\u0131 duydu\u011fu memnuniyeti dile getirdi ve konserin d\u00fczenlenmesinde eme\u011fi ge\u00e7enleri kutlad\u0131. Sanat\u00e7\u0131 Cem Kafkas ile K\u0131br\u0131s T\u00fcrk k\u00fclt\u00fcr ve [&hellip;]\" \/>\n<meta property=\"og:url\" content=\"https:\/\/kuzeyinsesi.org\/index.php\/2025\/02\/19\/cumhurbaskani-tatar-vadili-kultur-dernegi-turk-sanat-muzigi-korosunun-konserini-izledi\/\" \/>\n<meta property=\"og:site_name\" content=\"Kuzeyin Sesi\" \/>\n<meta property=\"article:publisher\" content=\"https:\/\/www.facebook.com\/kuzeyinsesii\" \/>\n<meta property=\"article:published_time\" content=\"2025-02-19T13:14:50+00:00\" \/>\n<meta property=\"og:image\" content=\"https:\/\/brtk.net\/wp-content\/uploads\/2025\/02\/19\/1739963585318_Cumhurbaskan-Ersin-Tatar-Vadili-Kultur-Dernegi-Turk-Sanat-Muzigi-Korosu-Konserini-izledi-8.jpeg?ver=272739b8f8e2453493a5fd2fbf164867\" \/>\n<meta name=\"author\" content=\"Kuzeyin Sesi\" \/>\n<meta name=\"twitter:card\" content=\"summary_large_image\" \/>\n<meta name=\"twitter:creator\" content=\"@kuzeyinsesii\" \/>\n<meta name=\"twitter:site\" content=\"@kuzeyinsesii\" \/>\n<meta name=\"twitter:label1\" content=\"Yazan:\" \/>\n\t<meta name=\"twitter:data1\" content=\"Kuzeyin Sesi\" \/>\n\t<meta name=\"twitter:label2\" content=\"Tahmini okuma s\u00fcresi\" \/>\n\t<meta name=\"twitter:data2\" content=\"1 dakika\" \/>\n<script type=\"application\/ld+json\" class=\"yoast-schema-graph\">{\"@context\":\"https:\\\/\\\/schema.org\",\"@graph\":[{\"@type\":\"Article\",\"@id\":\"https:\\\/\\\/kuzeyinsesi.org\\\/index.php\\\/2025\\\/02\\\/19\\\/cumhurbaskani-tatar-vadili-kultur-dernegi-turk-sanat-muzigi-korosunun-konserini-izledi\\\/#article\",\"isPartOf\":{\"@id\":\"https:\\\/\\\/kuzeyinsesi.org\\\/index.php\\\/2025\\\/02\\\/19\\\/cumhurbaskani-tatar-vadili-kultur-dernegi-turk-sanat-muzigi-korosunun-konserini-izledi\\\/\"},\"author\":{\"name\":\"Kuzeyin Sesi\",\"@id\":\"https:\\\/\\\/kuzeyinsesi.org\\\/#\\\/schema\\\/person\\\/9f859689cdf01485597712386e37f5aa\"},\"headline\":\"Cumhurba\u015fkan\u0131 Tatar, Vadili K\u00fclt\u00fcr Derne\u011fi T\u00fcrk Sanat M\u00fczi\u011fi Korosu\u2019nun konserini izledi\",\"datePublished\":\"2025-02-19T13:14:50+00:00\",\"mainEntityOfPage\":{\"@id\":\"https:\\\/\\\/kuzeyinsesi.org\\\/index.php\\\/2025\\\/02\\\/19\\\/cumhurbaskani-tatar-vadili-kultur-dernegi-turk-sanat-muzigi-korosunun-konserini-izledi\\\/\"},\"wordCount\":161,\"commentCount\":0,\"image\":{\"@id\":\"https:\\\/\\\/kuzeyinsesi.org\\\/index.php\\\/2025\\\/02\\\/19\\\/cumhurbaskani-tatar-vadili-kultur-dernegi-turk-sanat-muzigi-korosunun-konserini-izledi\\\/#primaryimage\"},\"thumbnailUrl\":\"https:\\\/\\\/kuzeyinsesi.org\\\/wp-content\\\/uploads\\\/2025\\\/02\\\/1739963585318_Cumhurbaskan-Ersin-Tatar-Vadili-Kultur-Dernegi-Turk-Sanat-Muzigi-Korosu-Konserini-izle.jpeg\",\"articleSection\":[\"Ya\u015fam\"],\"inLanguage\":\"tr\",\"potentialAction\":[{\"@type\":\"CommentAction\",\"name\":\"Comment\",\"target\":[\"https:\\\/\\\/kuzeyinsesi.org\\\/index.php\\\/2025\\\/02\\\/19\\\/cumhurbaskani-tatar-vadili-kultur-dernegi-turk-sanat-muzigi-korosunun-konserini-izledi\\\/#respond\"]}]},{\"@type\":\"WebPage\",\"@id\":\"https:\\\/\\\/kuzeyinsesi.org\\\/index.php\\\/2025\\\/02\\\/19\\\/cumhurbaskani-tatar-vadili-kultur-dernegi-turk-sanat-muzigi-korosunun-konserini-izledi\\\/\",\"url\":\"https:\\\/\\\/kuzeyinsesi.org\\\/index.php\\\/2025\\\/02\\\/19\\\/cumhurbaskani-tatar-vadili-kultur-dernegi-turk-sanat-muzigi-korosunun-konserini-izledi\\\/\",\"name\":\"Cumhurba\u015fkan\u0131 Tatar, Vadili K\u00fclt\u00fcr Derne\u011fi T\u00fcrk Sanat M\u00fczi\u011fi Korosu\u2019nun konserini izledi - Kuzeyin Sesi\",\"isPartOf\":{\"@id\":\"https:\\\/\\\/kuzeyinsesi.org\\\/#website\"},\"primaryImageOfPage\":{\"@id\":\"https:\\\/\\\/kuzeyinsesi.org\\\/index.php\\\/2025\\\/02\\\/19\\\/cumhurbaskani-tatar-vadili-kultur-dernegi-turk-sanat-muzigi-korosunun-konserini-izledi\\\/#primaryimage\"},\"image\":{\"@id\":\"https:\\\/\\\/kuzeyinsesi.org\\\/index.php\\\/2025\\\/02\\\/19\\\/cumhurbaskani-tatar-vadili-kultur-dernegi-turk-sanat-muzigi-korosunun-konserini-izledi\\\/#primaryimage\"},\"thumbnailUrl\":\"https:\\\/\\\/kuzeyinsesi.org\\\/wp-content\\\/uploads\\\/2025\\\/02\\\/1739963585318_Cumhurbaskan-Ersin-Tatar-Vadili-Kultur-Dernegi-Turk-Sanat-Muzigi-Korosu-Konserini-izle.jpeg\",\"datePublished\":\"2025-02-19T13:14:50+00:00\",\"author\":{\"@id\":\"https:\\\/\\\/kuzeyinsesi.org\\\/#\\\/schema\\\/person\\\/9f859689cdf01485597712386e37f5aa\"},\"breadcrumb\":{\"@id\":\"https:\\\/\\\/kuzeyinsesi.org\\\/index.php\\\/2025\\\/02\\\/19\\\/cumhurbaskani-tatar-vadili-kultur-dernegi-turk-sanat-muzigi-korosunun-konserini-izledi\\\/#breadcrumb\"},\"inLanguage\":\"tr\",\"potentialAction\":[{\"@type\":\"ReadAction\",\"target\":[\"https:\\\/\\\/kuzeyinsesi.org\\\/index.php\\\/2025\\\/02\\\/19\\\/cumhurbaskani-tatar-vadili-kultur-dernegi-turk-sanat-muzigi-korosunun-konserini-izledi\\\/\"]}]},{\"@type\":\"ImageObject\",\"inLanguage\":\"tr\",\"@id\":\"https:\\\/\\\/kuzeyinsesi.org\\\/index.php\\\/2025\\\/02\\\/19\\\/cumhurbaskani-tatar-vadili-kultur-dernegi-turk-sanat-muzigi-korosunun-konserini-izledi\\\/#primaryimage\",\"url\":\"https:\\\/\\\/kuzeyinsesi.org\\\/wp-content\\\/uploads\\\/2025\\\/02\\\/1739963585318_Cumhurbaskan-Ersin-Tatar-Vadili-Kultur-Dernegi-Turk-Sanat-Muzigi-Korosu-Konserini-izle.jpeg\",\"contentUrl\":\"https:\\\/\\\/kuzeyinsesi.org\\\/wp-content\\\/uploads\\\/2025\\\/02\\\/1739963585318_Cumhurbaskan-Ersin-Tatar-Vadili-Kultur-Dernegi-Turk-Sanat-Muzigi-Korosu-Konserini-izle.jpeg\",\"width\":927,\"height\":421},{\"@type\":\"BreadcrumbList\",\"@id\":\"https:\\\/\\\/kuzeyinsesi.org\\\/index.php\\\/2025\\\/02\\\/19\\\/cumhurbaskani-tatar-vadili-kultur-dernegi-turk-sanat-muzigi-korosunun-konserini-izledi\\\/#breadcrumb\",\"itemListElement\":[{\"@type\":\"ListItem\",\"position\":1,\"name\":\"Anasayfa\",\"item\":\"https:\\\/\\\/kuzeyinsesi.org\\\/\"},{\"@type\":\"ListItem\",\"position\":2,\"name\":\"Cumhurba\u015fkan\u0131 Tatar, Vadili K\u00fclt\u00fcr Derne\u011fi T\u00fcrk Sanat M\u00fczi\u011fi Korosu\u2019nun konserini izledi\"}]},{\"@type\":\"WebSite\",\"@id\":\"https:\\\/\\\/kuzeyinsesi.org\\\/#website\",\"url\":\"https:\\\/\\\/kuzeyinsesi.org\\\/\",\"name\":\"Kuzeyin Sesi\",\"description\":\"Do\u011fru Haberin Adresi\",\"potentialAction\":[{\"@type\":\"SearchAction\",\"target\":{\"@type\":\"EntryPoint\",\"urlTemplate\":\"https:\\\/\\\/kuzeyinsesi.org\\\/?s={search_term_string}\"},\"query-input\":{\"@type\":\"PropertyValueSpecification\",\"valueRequired\":true,\"valueName\":\"search_term_string\"}}],\"inLanguage\":\"tr\"},{\"@type\":\"Person\",\"@id\":\"https:\\\/\\\/kuzeyinsesi.org\\\/#\\\/schema\\\/person\\\/9f859689cdf01485597712386e37f5aa\",\"name\":\"Kuzeyin Sesi\",\"image\":{\"@type\":\"ImageObject\",\"inLanguage\":\"tr\",\"@id\":\"https:\\\/\\\/secure.gravatar.com\\\/avatar\\\/bab33852abfd8b282518d6ed81826833d77c3c882d9ab608add591ccace47a44?s=96&d=mm&r=g\",\"url\":\"https:\\\/\\\/secure.gravatar.com\\\/avatar\\\/bab33852abfd8b282518d6ed81826833d77c3c882d9ab608add591ccace47a44?s=96&d=mm&r=g\",\"contentUrl\":\"https:\\\/\\\/secure.gravatar.com\\\/avatar\\\/bab33852abfd8b282518d6ed81826833d77c3c882d9ab608add591ccace47a44?s=96&d=mm&r=g\",\"caption\":\"Kuzeyin Sesi\"},\"sameAs\":[\"https:\\\/\\\/kuzeyinsesi.org\"],\"url\":\"https:\\\/\\\/kuzeyinsesi.org\\\/index.php\\\/author\\\/guven\\\/\"}]}<\/script>\n<!-- \/ Yoast SEO plugin. -->","yoast_head_json":{"title":"Cumhurba\u015fkan\u0131 Tatar, Vadili K\u00fclt\u00fcr Derne\u011fi T\u00fcrk Sanat M\u00fczi\u011fi Korosu\u2019nun konserini izledi - Kuzeyin Sesi","robots":{"index":"index","follow":"follow","max-snippet":"max-snippet:-1","max-image-preview":"max-image-preview:large","max-video-preview":"max-video-preview:-1"},"canonical":"https:\/\/kuzeyinsesi.org\/index.php\/2025\/02\/19\/cumhurbaskani-tatar-vadili-kultur-dernegi-turk-sanat-muzigi-korosunun-konserini-izledi\/","og_locale":"tr_TR","og_type":"article","og_title":"Cumhurba\u015fkan\u0131 Tatar, Vadili K\u00fclt\u00fcr Derne\u011fi T\u00fcrk Sanat M\u00fczi\u011fi Korosu\u2019nun konserini izledi - Kuzeyin Sesi","og_description":"Cumhurba\u015fkan\u0131 Ersin Tatar, ses sanat\u00e7\u0131s\u0131 ve koro \u015fefi Cem Kafkas y\u00f6netiminde d\u00fczenlenen Vadili K\u00fclt\u00fcr Derne\u011fi T\u00fcrk Sanat M\u00fczi\u011fi Korosu\u2019nun konserini izledi. Cumhurba\u015fkanl\u0131\u011f\u0131\u2019ndan verilen bilgiye g\u00f6re, Cumhurba\u015fkan\u0131 Ersin Tatar, Beyarmudu\u2019nda yer alan konserde yapt\u0131\u011f\u0131 konu\u015fmada, konseri izlemekten dolay\u0131 duydu\u011fu memnuniyeti dile getirdi ve konserin d\u00fczenlenmesinde eme\u011fi ge\u00e7enleri kutlad\u0131. Sanat\u00e7\u0131 Cem Kafkas ile K\u0131br\u0131s T\u00fcrk k\u00fclt\u00fcr ve [&hellip;]","og_url":"https:\/\/kuzeyinsesi.org\/index.php\/2025\/02\/19\/cumhurbaskani-tatar-vadili-kultur-dernegi-turk-sanat-muzigi-korosunun-konserini-izledi\/","og_site_name":"Kuzeyin Sesi","article_publisher":"https:\/\/www.facebook.com\/kuzeyinsesii","article_published_time":"2025-02-19T13:14:50+00:00","og_image":[{"url":"https:\/\/brtk.net\/wp-content\/uploads\/2025\/02\/19\/1739963585318_Cumhurbaskan-Ersin-Tatar-Vadili-Kultur-Dernegi-Turk-Sanat-Muzigi-Korosu-Konserini-izledi-8.jpeg?ver=272739b8f8e2453493a5fd2fbf164867","type":"","width":"","height":""}],"author":"Kuzeyin Sesi","twitter_card":"summary_large_image","twitter_creator":"@kuzeyinsesii","twitter_site":"@kuzeyinsesii","twitter_misc":{"Yazan:":"Kuzeyin Sesi","Tahmini okuma s\u00fcresi":"1 dakika"},"schema":{"@context":"https:\/\/schema.org","@graph":[{"@type":"Article","@id":"https:\/\/kuzeyinsesi.org\/index.php\/2025\/02\/19\/cumhurbaskani-tatar-vadili-kultur-dernegi-turk-sanat-muzigi-korosunun-konserini-izledi\/#article","isPartOf":{"@id":"https:\/\/kuzeyinsesi.org\/index.php\/2025\/02\/19\/cumhurbaskani-tatar-vadili-kultur-dernegi-turk-sanat-muzigi-korosunun-konserini-izledi\/"},"author":{"name":"Kuzeyin Sesi","@id":"https:\/\/kuzeyinsesi.org\/#\/schema\/person\/9f859689cdf01485597712386e37f5aa"},"headline":"Cumhurba\u015fkan\u0131 Tatar, Vadili K\u00fclt\u00fcr Derne\u011fi T\u00fcrk Sanat M\u00fczi\u011fi Korosu\u2019nun konserini izledi","datePublished":"2025-02-19T13:14:50+00:00","mainEntityOfPage":{"@id":"https:\/\/kuzeyinsesi.org\/index.php\/2025\/02\/19\/cumhurbaskani-tatar-vadili-kultur-dernegi-turk-sanat-muzigi-korosunun-konserini-izledi\/"},"wordCount":161,"commentCount":0,"image":{"@id":"https:\/\/kuzeyinsesi.org\/index.php\/2025\/02\/19\/cumhurbaskani-tatar-vadili-kultur-dernegi-turk-sanat-muzigi-korosunun-konserini-izledi\/#primaryimage"},"thumbnailUrl":"https:\/\/kuzeyinsesi.org\/wp-content\/uploads\/2025\/02\/1739963585318_Cumhurbaskan-Ersin-Tatar-Vadili-Kultur-Dernegi-Turk-Sanat-Muzigi-Korosu-Konserini-izle.jpeg","articleSection":["Ya\u015fam"],"inLanguage":"tr","potentialAction":[{"@type":"CommentAction","name":"Comment","target":["https:\/\/kuzeyinsesi.org\/index.php\/2025\/02\/19\/cumhurbaskani-tatar-vadili-kultur-dernegi-turk-sanat-muzigi-korosunun-konserini-izledi\/#respond"]}]},{"@type":"WebPage","@id":"https:\/\/kuzeyinsesi.org\/index.php\/2025\/02\/19\/cumhurbaskani-tatar-vadili-kultur-dernegi-turk-sanat-muzigi-korosunun-konserini-izledi\/","url":"https:\/\/kuzeyinsesi.org\/index.php\/2025\/02\/19\/cumhurbaskani-tatar-vadili-kultur-dernegi-turk-sanat-muzigi-korosunun-konserini-izledi\/","name":"Cumhurba\u015fkan\u0131 Tatar, Vadili K\u00fclt\u00fcr Derne\u011fi T\u00fcrk Sanat M\u00fczi\u011fi Korosu\u2019nun konserini izledi - Kuzeyin Sesi","isPartOf":{"@id":"https:\/\/kuzeyinsesi.org\/#website"},"primaryImageOfPage":{"@id":"https:\/\/kuzeyinsesi.org\/index.php\/2025\/02\/19\/cumhurbaskani-tatar-vadili-kultur-dernegi-turk-sanat-muzigi-korosunun-konserini-izledi\/#primaryimage"},"image":{"@id":"https:\/\/kuzeyinsesi.org\/index.php\/2025\/02\/19\/cumhurbaskani-tatar-vadili-kultur-dernegi-turk-sanat-muzigi-korosunun-konserini-izledi\/#primaryimage"},"thumbnailUrl":"https:\/\/kuzeyinsesi.org\/wp-content\/uploads\/2025\/02\/1739963585318_Cumhurbaskan-Ersin-Tatar-Vadili-Kultur-Dernegi-Turk-Sanat-Muzigi-Korosu-Konserini-izle.jpeg","datePublished":"2025-02-19T13:14:50+00:00","author":{"@id":"https:\/\/kuzeyinsesi.org\/#\/schema\/person\/9f859689cdf01485597712386e37f5aa"},"breadcrumb":{"@id":"https:\/\/kuzeyinsesi.org\/index.php\/2025\/02\/19\/cumhurbaskani-tatar-vadili-kultur-dernegi-turk-sanat-muzigi-korosunun-konserini-izledi\/#breadcrumb"},"inLanguage":"tr","potentialAction":[{"@type":"ReadAction","target":["https:\/\/kuzeyinsesi.org\/index.php\/2025\/02\/19\/cumhurbaskani-tatar-vadili-kultur-dernegi-turk-sanat-muzigi-korosunun-konserini-izledi\/"]}]},{"@type":"ImageObject","inLanguage":"tr","@id":"https:\/\/kuzeyinsesi.org\/index.php\/2025\/02\/19\/cumhurbaskani-tatar-vadili-kultur-dernegi-turk-sanat-muzigi-korosunun-konserini-izledi\/#primaryimage","url":"https:\/\/kuzeyinsesi.org\/wp-content\/uploads\/2025\/02\/1739963585318_Cumhurbaskan-Ersin-Tatar-Vadili-Kultur-Dernegi-Turk-Sanat-Muzigi-Korosu-Konserini-izle.jpeg","contentUrl":"https:\/\/kuzeyinsesi.org\/wp-content\/uploads\/2025\/02\/1739963585318_Cumhurbaskan-Ersin-Tatar-Vadili-Kultur-Dernegi-Turk-Sanat-Muzigi-Korosu-Konserini-izle.jpeg","width":927,"height":421},{"@type":"BreadcrumbList","@id":"https:\/\/kuzeyinsesi.org\/index.php\/2025\/02\/19\/cumhurbaskani-tatar-vadili-kultur-dernegi-turk-sanat-muzigi-korosunun-konserini-izledi\/#breadcrumb","itemListElement":[{"@type":"ListItem","position":1,"name":"Anasayfa","item":"https:\/\/kuzeyinsesi.org\/"},{"@type":"ListItem","position":2,"name":"Cumhurba\u015fkan\u0131 Tatar, Vadili K\u00fclt\u00fcr Derne\u011fi T\u00fcrk Sanat M\u00fczi\u011fi Korosu\u2019nun konserini izledi"}]},{"@type":"WebSite","@id":"https:\/\/kuzeyinsesi.org\/#website","url":"https:\/\/kuzeyinsesi.org\/","name":"Kuzeyin Sesi","description":"Do\u011fru Haberin Adresi","potentialAction":[{"@type":"SearchAction","target":{"@type":"EntryPoint","urlTemplate":"https:\/\/kuzeyinsesi.org\/?s={search_term_string}"},"query-input":{"@type":"PropertyValueSpecification","valueRequired":true,"valueName":"search_term_string"}}],"inLanguage":"tr"},{"@type":"Person","@id":"https:\/\/kuzeyinsesi.org\/#\/schema\/person\/9f859689cdf01485597712386e37f5aa","name":"Kuzeyin Sesi","image":{"@type":"ImageObject","inLanguage":"tr","@id":"https:\/\/secure.gravatar.com\/avatar\/bab33852abfd8b282518d6ed81826833d77c3c882d9ab608add591ccace47a44?s=96&d=mm&r=g","url":"https:\/\/secure.gravatar.com\/avatar\/bab33852abfd8b282518d6ed81826833d77c3c882d9ab608add591ccace47a44?s=96&d=mm&r=g","contentUrl":"https:\/\/secure.gravatar.com\/avatar\/bab33852abfd8b282518d6ed81826833d77c3c882d9ab608add591ccace47a44?s=96&d=mm&r=g","caption":"Kuzeyin Sesi"},"sameAs":["https:\/\/kuzeyinsesi.org"],"url":"https:\/\/kuzeyinsesi.org\/index.php\/author\/guven\/"}]}},"_links":{"self":[{"href":"https:\/\/kuzeyinsesi.org\/index.php\/wp-json\/wp\/v2\/posts\/19335","targetHints":{"allow":["GET"]}}],"collection":[{"href":"https:\/\/kuzeyinsesi.org\/index.php\/wp-json\/wp\/v2\/posts"}],"about":[{"href":"https:\/\/kuzeyinsesi.org\/index.php\/wp-json\/wp\/v2\/types\/post"}],"author":[{"embeddable":true,"href":"https:\/\/kuzeyinsesi.org\/index.php\/wp-json\/wp\/v2\/users\/1"}],"replies":[{"embeddable":true,"href":"https:\/\/kuzeyinsesi.org\/index.php\/wp-json\/wp\/v2\/comments?post=19335"}],"version-history":[{"count":0,"href":"https:\/\/kuzeyinsesi.org\/index.php\/wp-json\/wp\/v2\/posts\/19335\/revisions"}],"wp:featuredmedia":[{"embeddable":true,"href":"https:\/\/kuzeyinsesi.org\/index.php\/wp-json\/wp\/v2\/media\/19336"}],"wp:attachment":[{"href":"https:\/\/kuzeyinsesi.org\/index.php\/wp-json\/wp\/v2\/media?parent=19335"}],"wp:term":[{"taxonomy":"category","embeddable":true,"href":"https:\/\/kuzeyinsesi.org\/index.php\/wp-json\/wp\/v2\/categories?post=19335"},{"taxonomy":"post_tag","embeddable":true,"href":"https:\/\/kuzeyinsesi.org\/index.php\/wp-json\/wp\/v2\/tags?post=19335"}],"curies":[{"name":"wp","href":"https:\/\/api.w.org\/{rel}","templated":true}]}}