{"id":19325,"date":"2025-02-19T13:12:01","date_gmt":"2025-02-19T11:12:01","guid":{"rendered":"https:\/\/kuzeyinsesi.org\/index.php\/2025\/02\/19\/kibrisli-bir-ressam-ismet-vehit-guney-hayati-ve-eserleri-isimli-kitap-yayimlandi\/"},"modified":"2025-02-19T13:12:01","modified_gmt":"2025-02-19T11:12:01","slug":"kibrisli-bir-ressam-ismet-vehit-guney-hayati-ve-eserleri-isimli-kitap-yayimlandi","status":"publish","type":"post","link":"https:\/\/kuzeyinsesi.org\/index.php\/2025\/02\/19\/kibrisli-bir-ressam-ismet-vehit-guney-hayati-ve-eserleri-isimli-kitap-yayimlandi\/","title":{"rendered":"\u201cK\u0131br\u0131sl\u0131 bir ressam, \u0130smet Vehit G\u00fcney, Hayat\u0131 ve Eserleri\u201d isimli kitap yay\u0131mland\u0131"},"content":{"rendered":"<div>\n<div class=\"mariselle-image-container none\">\n                                            <\/div>\n<p>\u201cK\u0131br\u0131sl\u0131 bir ressam, \u0130smet Vehit G\u00fcney, Hayat\u0131 ve Eserleri\u201d isimli kitap, I\u015f\u0131k Kitabevi taraf\u0131ndan yay\u0131mland\u0131.<\/p>\n<p>\u0130smet Vehit G\u00fcney\u2019in k\u0131z\u0131 Nilg\u00fcn G\u00fcney\u2019in kaleme ald\u0131\u011f\u0131 kitab\u0131n tan\u0131t\u0131m ve imza gecesi, 27 \u015eubat\u2019ta \u0130smet V. G\u00fcney Sanat Merkezi\u2019nde yap\u0131lacak. Mini bir \u0130smet G\u00fcney Sergisi\u2019nin de yer alaca\u011f\u0131 gecede, \u00a0kitab\u0131n yazar\u0131 Nilg\u00fcn G\u00fcney k\u0131sa bir sunum yapacak.<\/p>\n<p>Kitapta, G\u00fcney\u2019in hayat\u0131, gazete haberleri, s\u00f6yle\u015filer, baz\u0131 belgelerle anlat\u0131l\u0131rken; G\u00fcney\u2019in ya\u015fad\u0131\u011f\u0131 y\u0131llardaki K\u0131br\u0131s\u2019a ve K\u0131br\u0131s insan\u0131na genel bir bak\u0131\u015f da sunuluyor.<\/p>\n<\/p><\/div>\n<p><script async\n                    defer\n                    crossorigin=\"anonymous\"\n                    src=\"https:\/\/connect.facebook.net\/tr_TR\/sdk.js#xfbml=1&#038;version=v3.3\"\n            ><\/script><\/p>\n","protected":false},"excerpt":{"rendered":"<p>\u201cK\u0131br\u0131sl\u0131 bir ressam, \u0130smet Vehit G\u00fcney, Hayat\u0131 ve Eserleri\u201d isimli kitap, I\u015f\u0131k Kitabevi taraf\u0131ndan yay\u0131mland\u0131. \u0130smet Vehit G\u00fcney\u2019in k\u0131z\u0131 Nilg\u00fcn G\u00fcney\u2019in kaleme ald\u0131\u011f\u0131 kitab\u0131n tan\u0131t\u0131m ve imza gecesi, 27 \u015eubat\u2019ta \u0130smet V. G\u00fcney Sanat Merkezi\u2019nde yap\u0131lacak. Mini bir \u0130smet G\u00fcney Sergisi\u2019nin de yer alaca\u011f\u0131 gecede, \u00a0kitab\u0131n yazar\u0131 Nilg\u00fcn G\u00fcney k\u0131sa bir sunum yapacak. Kitapta, G\u00fcney\u2019in [&hellip;]<\/p>\n","protected":false},"author":1,"featured_media":19326,"comment_status":"open","ping_status":"open","sticky":false,"template":"","format":"standard","meta":{"jnews-multi-image_gallery":[],"jnews_single_post":[],"jnews_primary_category":[],"jnews_social_meta":[],"jnews_override_counter":[],"footnotes":""},"categories":[6],"tags":[],"class_list":["post-19325","post","type-post","status-publish","format-standard","has-post-thumbnail","hentry","category-yasam"],"yoast_head":"<!-- This site is optimized with the Yoast SEO plugin v27.4 - https:\/\/yoast.com\/product\/yoast-seo-wordpress\/ -->\n<title>\u201cK\u0131br\u0131sl\u0131 bir ressam, \u0130smet Vehit G\u00fcney, Hayat\u0131 ve Eserleri\u201d isimli kitap yay\u0131mland\u0131 - Kuzeyin Sesi<\/title>\n<meta name=\"robots\" content=\"index, follow, max-snippet:-1, max-image-preview:large, max-video-preview:-1\" \/>\n<link rel=\"canonical\" href=\"https:\/\/kuzeyinsesi.org\/index.php\/2025\/02\/19\/kibrisli-bir-ressam-ismet-vehit-guney-hayati-ve-eserleri-isimli-kitap-yayimlandi\/\" \/>\n<meta property=\"og:locale\" content=\"tr_TR\" \/>\n<meta property=\"og:type\" content=\"article\" \/>\n<meta property=\"og:title\" content=\"\u201cK\u0131br\u0131sl\u0131 bir ressam, \u0130smet Vehit G\u00fcney, Hayat\u0131 ve Eserleri\u201d isimli kitap yay\u0131mland\u0131 - Kuzeyin Sesi\" \/>\n<meta property=\"og:description\" content=\"\u201cK\u0131br\u0131sl\u0131 bir ressam, \u0130smet Vehit G\u00fcney, Hayat\u0131 ve Eserleri\u201d isimli kitap, I\u015f\u0131k Kitabevi taraf\u0131ndan yay\u0131mland\u0131. \u0130smet Vehit G\u00fcney\u2019in k\u0131z\u0131 Nilg\u00fcn G\u00fcney\u2019in kaleme ald\u0131\u011f\u0131 kitab\u0131n tan\u0131t\u0131m ve imza gecesi, 27 \u015eubat\u2019ta \u0130smet V. G\u00fcney Sanat Merkezi\u2019nde yap\u0131lacak. Mini bir \u0130smet G\u00fcney Sergisi\u2019nin de yer alaca\u011f\u0131 gecede, \u00a0kitab\u0131n yazar\u0131 Nilg\u00fcn G\u00fcney k\u0131sa bir sunum yapacak. Kitapta, G\u00fcney\u2019in [&hellip;]\" \/>\n<meta property=\"og:url\" content=\"https:\/\/kuzeyinsesi.org\/index.php\/2025\/02\/19\/kibrisli-bir-ressam-ismet-vehit-guney-hayati-ve-eserleri-isimli-kitap-yayimlandi\/\" \/>\n<meta property=\"og:site_name\" content=\"Kuzeyin Sesi\" \/>\n<meta property=\"article:publisher\" content=\"https:\/\/www.facebook.com\/kuzeyinsesii\" \/>\n<meta property=\"article:published_time\" content=\"2025-02-19T11:12:01+00:00\" \/>\n<meta property=\"og:image\" content=\"https:\/\/brtk.net\/wp-content\/uploads\/2025\/02\/19\/ISIK-KITABEVI-ISMET-VEHIT-GUNEY-1.jpg?ver=e05d392e0ae7867612d8d820421d27aa\" \/>\n<meta name=\"author\" content=\"Kuzeyin Sesi\" \/>\n<meta name=\"twitter:card\" content=\"summary_large_image\" \/>\n<meta name=\"twitter:creator\" content=\"@kuzeyinsesii\" \/>\n<meta name=\"twitter:site\" content=\"@kuzeyinsesii\" \/>\n<meta name=\"twitter:label1\" content=\"Yazan:\" \/>\n\t<meta name=\"twitter:data1\" content=\"Kuzeyin Sesi\" \/>\n\t<meta name=\"twitter:label2\" content=\"Tahmini okuma s\u00fcresi\" \/>\n\t<meta name=\"twitter:data2\" content=\"1 dakika\" \/>\n<script type=\"application\/ld+json\" class=\"yoast-schema-graph\">{\"@context\":\"https:\\\/\\\/schema.org\",\"@graph\":[{\"@type\":\"Article\",\"@id\":\"https:\\\/\\\/kuzeyinsesi.org\\\/index.php\\\/2025\\\/02\\\/19\\\/kibrisli-bir-ressam-ismet-vehit-guney-hayati-ve-eserleri-isimli-kitap-yayimlandi\\\/#article\",\"isPartOf\":{\"@id\":\"https:\\\/\\\/kuzeyinsesi.org\\\/index.php\\\/2025\\\/02\\\/19\\\/kibrisli-bir-ressam-ismet-vehit-guney-hayati-ve-eserleri-isimli-kitap-yayimlandi\\\/\"},\"author\":{\"name\":\"Kuzeyin Sesi\",\"@id\":\"https:\\\/\\\/kuzeyinsesi.org\\\/#\\\/schema\\\/person\\\/9f859689cdf01485597712386e37f5aa\"},\"headline\":\"\u201cK\u0131br\u0131sl\u0131 bir ressam, \u0130smet Vehit G\u00fcney, Hayat\u0131 ve Eserleri\u201d isimli kitap yay\u0131mland\u0131\",\"datePublished\":\"2025-02-19T11:12:01+00:00\",\"mainEntityOfPage\":{\"@id\":\"https:\\\/\\\/kuzeyinsesi.org\\\/index.php\\\/2025\\\/02\\\/19\\\/kibrisli-bir-ressam-ismet-vehit-guney-hayati-ve-eserleri-isimli-kitap-yayimlandi\\\/\"},\"wordCount\":130,\"commentCount\":0,\"image\":{\"@id\":\"https:\\\/\\\/kuzeyinsesi.org\\\/index.php\\\/2025\\\/02\\\/19\\\/kibrisli-bir-ressam-ismet-vehit-guney-hayati-ve-eserleri-isimli-kitap-yayimlandi\\\/#primaryimage\"},\"thumbnailUrl\":\"https:\\\/\\\/kuzeyinsesi.org\\\/wp-content\\\/uploads\\\/2025\\\/02\\\/ISIK-KITABEVI-ISMET-VEHIT-GUNEY-1.jpg\",\"articleSection\":[\"Ya\u015fam\"],\"inLanguage\":\"tr\",\"potentialAction\":[{\"@type\":\"CommentAction\",\"name\":\"Comment\",\"target\":[\"https:\\\/\\\/kuzeyinsesi.org\\\/index.php\\\/2025\\\/02\\\/19\\\/kibrisli-bir-ressam-ismet-vehit-guney-hayati-ve-eserleri-isimli-kitap-yayimlandi\\\/#respond\"]}]},{\"@type\":\"WebPage\",\"@id\":\"https:\\\/\\\/kuzeyinsesi.org\\\/index.php\\\/2025\\\/02\\\/19\\\/kibrisli-bir-ressam-ismet-vehit-guney-hayati-ve-eserleri-isimli-kitap-yayimlandi\\\/\",\"url\":\"https:\\\/\\\/kuzeyinsesi.org\\\/index.php\\\/2025\\\/02\\\/19\\\/kibrisli-bir-ressam-ismet-vehit-guney-hayati-ve-eserleri-isimli-kitap-yayimlandi\\\/\",\"name\":\"\u201cK\u0131br\u0131sl\u0131 bir ressam, \u0130smet Vehit G\u00fcney, Hayat\u0131 ve Eserleri\u201d isimli kitap yay\u0131mland\u0131 - Kuzeyin Sesi\",\"isPartOf\":{\"@id\":\"https:\\\/\\\/kuzeyinsesi.org\\\/#website\"},\"primaryImageOfPage\":{\"@id\":\"https:\\\/\\\/kuzeyinsesi.org\\\/index.php\\\/2025\\\/02\\\/19\\\/kibrisli-bir-ressam-ismet-vehit-guney-hayati-ve-eserleri-isimli-kitap-yayimlandi\\\/#primaryimage\"},\"image\":{\"@id\":\"https:\\\/\\\/kuzeyinsesi.org\\\/index.php\\\/2025\\\/02\\\/19\\\/kibrisli-bir-ressam-ismet-vehit-guney-hayati-ve-eserleri-isimli-kitap-yayimlandi\\\/#primaryimage\"},\"thumbnailUrl\":\"https:\\\/\\\/kuzeyinsesi.org\\\/wp-content\\\/uploads\\\/2025\\\/02\\\/ISIK-KITABEVI-ISMET-VEHIT-GUNEY-1.jpg\",\"datePublished\":\"2025-02-19T11:12:01+00:00\",\"author\":{\"@id\":\"https:\\\/\\\/kuzeyinsesi.org\\\/#\\\/schema\\\/person\\\/9f859689cdf01485597712386e37f5aa\"},\"breadcrumb\":{\"@id\":\"https:\\\/\\\/kuzeyinsesi.org\\\/index.php\\\/2025\\\/02\\\/19\\\/kibrisli-bir-ressam-ismet-vehit-guney-hayati-ve-eserleri-isimli-kitap-yayimlandi\\\/#breadcrumb\"},\"inLanguage\":\"tr\",\"potentialAction\":[{\"@type\":\"ReadAction\",\"target\":[\"https:\\\/\\\/kuzeyinsesi.org\\\/index.php\\\/2025\\\/02\\\/19\\\/kibrisli-bir-ressam-ismet-vehit-guney-hayati-ve-eserleri-isimli-kitap-yayimlandi\\\/\"]}]},{\"@type\":\"ImageObject\",\"inLanguage\":\"tr\",\"@id\":\"https:\\\/\\\/kuzeyinsesi.org\\\/index.php\\\/2025\\\/02\\\/19\\\/kibrisli-bir-ressam-ismet-vehit-guney-hayati-ve-eserleri-isimli-kitap-yayimlandi\\\/#primaryimage\",\"url\":\"https:\\\/\\\/kuzeyinsesi.org\\\/wp-content\\\/uploads\\\/2025\\\/02\\\/ISIK-KITABEVI-ISMET-VEHIT-GUNEY-1.jpg\",\"contentUrl\":\"https:\\\/\\\/kuzeyinsesi.org\\\/wp-content\\\/uploads\\\/2025\\\/02\\\/ISIK-KITABEVI-ISMET-VEHIT-GUNEY-1.jpg\",\"width\":930,\"height\":410},{\"@type\":\"BreadcrumbList\",\"@id\":\"https:\\\/\\\/kuzeyinsesi.org\\\/index.php\\\/2025\\\/02\\\/19\\\/kibrisli-bir-ressam-ismet-vehit-guney-hayati-ve-eserleri-isimli-kitap-yayimlandi\\\/#breadcrumb\",\"itemListElement\":[{\"@type\":\"ListItem\",\"position\":1,\"name\":\"Anasayfa\",\"item\":\"https:\\\/\\\/kuzeyinsesi.org\\\/\"},{\"@type\":\"ListItem\",\"position\":2,\"name\":\"\u201cK\u0131br\u0131sl\u0131 bir ressam, \u0130smet Vehit G\u00fcney, Hayat\u0131 ve Eserleri\u201d isimli kitap yay\u0131mland\u0131\"}]},{\"@type\":\"WebSite\",\"@id\":\"https:\\\/\\\/kuzeyinsesi.org\\\/#website\",\"url\":\"https:\\\/\\\/kuzeyinsesi.org\\\/\",\"name\":\"Kuzeyin Sesi\",\"description\":\"Do\u011fru Haberin Adresi\",\"potentialAction\":[{\"@type\":\"SearchAction\",\"target\":{\"@type\":\"EntryPoint\",\"urlTemplate\":\"https:\\\/\\\/kuzeyinsesi.org\\\/?s={search_term_string}\"},\"query-input\":{\"@type\":\"PropertyValueSpecification\",\"valueRequired\":true,\"valueName\":\"search_term_string\"}}],\"inLanguage\":\"tr\"},{\"@type\":\"Person\",\"@id\":\"https:\\\/\\\/kuzeyinsesi.org\\\/#\\\/schema\\\/person\\\/9f859689cdf01485597712386e37f5aa\",\"name\":\"Kuzeyin Sesi\",\"image\":{\"@type\":\"ImageObject\",\"inLanguage\":\"tr\",\"@id\":\"https:\\\/\\\/secure.gravatar.com\\\/avatar\\\/bab33852abfd8b282518d6ed81826833d77c3c882d9ab608add591ccace47a44?s=96&d=mm&r=g\",\"url\":\"https:\\\/\\\/secure.gravatar.com\\\/avatar\\\/bab33852abfd8b282518d6ed81826833d77c3c882d9ab608add591ccace47a44?s=96&d=mm&r=g\",\"contentUrl\":\"https:\\\/\\\/secure.gravatar.com\\\/avatar\\\/bab33852abfd8b282518d6ed81826833d77c3c882d9ab608add591ccace47a44?s=96&d=mm&r=g\",\"caption\":\"Kuzeyin Sesi\"},\"sameAs\":[\"https:\\\/\\\/kuzeyinsesi.org\"],\"url\":\"https:\\\/\\\/kuzeyinsesi.org\\\/index.php\\\/author\\\/guven\\\/\"}]}<\/script>\n<!-- \/ Yoast SEO plugin. -->","yoast_head_json":{"title":"\u201cK\u0131br\u0131sl\u0131 bir ressam, \u0130smet Vehit G\u00fcney, Hayat\u0131 ve Eserleri\u201d isimli kitap yay\u0131mland\u0131 - Kuzeyin Sesi","robots":{"index":"index","follow":"follow","max-snippet":"max-snippet:-1","max-image-preview":"max-image-preview:large","max-video-preview":"max-video-preview:-1"},"canonical":"https:\/\/kuzeyinsesi.org\/index.php\/2025\/02\/19\/kibrisli-bir-ressam-ismet-vehit-guney-hayati-ve-eserleri-isimli-kitap-yayimlandi\/","og_locale":"tr_TR","og_type":"article","og_title":"\u201cK\u0131br\u0131sl\u0131 bir ressam, \u0130smet Vehit G\u00fcney, Hayat\u0131 ve Eserleri\u201d isimli kitap yay\u0131mland\u0131 - Kuzeyin Sesi","og_description":"\u201cK\u0131br\u0131sl\u0131 bir ressam, \u0130smet Vehit G\u00fcney, Hayat\u0131 ve Eserleri\u201d isimli kitap, I\u015f\u0131k Kitabevi taraf\u0131ndan yay\u0131mland\u0131. \u0130smet Vehit G\u00fcney\u2019in k\u0131z\u0131 Nilg\u00fcn G\u00fcney\u2019in kaleme ald\u0131\u011f\u0131 kitab\u0131n tan\u0131t\u0131m ve imza gecesi, 27 \u015eubat\u2019ta \u0130smet V. G\u00fcney Sanat Merkezi\u2019nde yap\u0131lacak. Mini bir \u0130smet G\u00fcney Sergisi\u2019nin de yer alaca\u011f\u0131 gecede, \u00a0kitab\u0131n yazar\u0131 Nilg\u00fcn G\u00fcney k\u0131sa bir sunum yapacak. Kitapta, G\u00fcney\u2019in [&hellip;]","og_url":"https:\/\/kuzeyinsesi.org\/index.php\/2025\/02\/19\/kibrisli-bir-ressam-ismet-vehit-guney-hayati-ve-eserleri-isimli-kitap-yayimlandi\/","og_site_name":"Kuzeyin Sesi","article_publisher":"https:\/\/www.facebook.com\/kuzeyinsesii","article_published_time":"2025-02-19T11:12:01+00:00","og_image":[{"url":"https:\/\/brtk.net\/wp-content\/uploads\/2025\/02\/19\/ISIK-KITABEVI-ISMET-VEHIT-GUNEY-1.jpg?ver=e05d392e0ae7867612d8d820421d27aa","type":"","width":"","height":""}],"author":"Kuzeyin Sesi","twitter_card":"summary_large_image","twitter_creator":"@kuzeyinsesii","twitter_site":"@kuzeyinsesii","twitter_misc":{"Yazan:":"Kuzeyin Sesi","Tahmini okuma s\u00fcresi":"1 dakika"},"schema":{"@context":"https:\/\/schema.org","@graph":[{"@type":"Article","@id":"https:\/\/kuzeyinsesi.org\/index.php\/2025\/02\/19\/kibrisli-bir-ressam-ismet-vehit-guney-hayati-ve-eserleri-isimli-kitap-yayimlandi\/#article","isPartOf":{"@id":"https:\/\/kuzeyinsesi.org\/index.php\/2025\/02\/19\/kibrisli-bir-ressam-ismet-vehit-guney-hayati-ve-eserleri-isimli-kitap-yayimlandi\/"},"author":{"name":"Kuzeyin Sesi","@id":"https:\/\/kuzeyinsesi.org\/#\/schema\/person\/9f859689cdf01485597712386e37f5aa"},"headline":"\u201cK\u0131br\u0131sl\u0131 bir ressam, \u0130smet Vehit G\u00fcney, Hayat\u0131 ve Eserleri\u201d isimli kitap yay\u0131mland\u0131","datePublished":"2025-02-19T11:12:01+00:00","mainEntityOfPage":{"@id":"https:\/\/kuzeyinsesi.org\/index.php\/2025\/02\/19\/kibrisli-bir-ressam-ismet-vehit-guney-hayati-ve-eserleri-isimli-kitap-yayimlandi\/"},"wordCount":130,"commentCount":0,"image":{"@id":"https:\/\/kuzeyinsesi.org\/index.php\/2025\/02\/19\/kibrisli-bir-ressam-ismet-vehit-guney-hayati-ve-eserleri-isimli-kitap-yayimlandi\/#primaryimage"},"thumbnailUrl":"https:\/\/kuzeyinsesi.org\/wp-content\/uploads\/2025\/02\/ISIK-KITABEVI-ISMET-VEHIT-GUNEY-1.jpg","articleSection":["Ya\u015fam"],"inLanguage":"tr","potentialAction":[{"@type":"CommentAction","name":"Comment","target":["https:\/\/kuzeyinsesi.org\/index.php\/2025\/02\/19\/kibrisli-bir-ressam-ismet-vehit-guney-hayati-ve-eserleri-isimli-kitap-yayimlandi\/#respond"]}]},{"@type":"WebPage","@id":"https:\/\/kuzeyinsesi.org\/index.php\/2025\/02\/19\/kibrisli-bir-ressam-ismet-vehit-guney-hayati-ve-eserleri-isimli-kitap-yayimlandi\/","url":"https:\/\/kuzeyinsesi.org\/index.php\/2025\/02\/19\/kibrisli-bir-ressam-ismet-vehit-guney-hayati-ve-eserleri-isimli-kitap-yayimlandi\/","name":"\u201cK\u0131br\u0131sl\u0131 bir ressam, \u0130smet Vehit G\u00fcney, Hayat\u0131 ve Eserleri\u201d isimli kitap yay\u0131mland\u0131 - Kuzeyin Sesi","isPartOf":{"@id":"https:\/\/kuzeyinsesi.org\/#website"},"primaryImageOfPage":{"@id":"https:\/\/kuzeyinsesi.org\/index.php\/2025\/02\/19\/kibrisli-bir-ressam-ismet-vehit-guney-hayati-ve-eserleri-isimli-kitap-yayimlandi\/#primaryimage"},"image":{"@id":"https:\/\/kuzeyinsesi.org\/index.php\/2025\/02\/19\/kibrisli-bir-ressam-ismet-vehit-guney-hayati-ve-eserleri-isimli-kitap-yayimlandi\/#primaryimage"},"thumbnailUrl":"https:\/\/kuzeyinsesi.org\/wp-content\/uploads\/2025\/02\/ISIK-KITABEVI-ISMET-VEHIT-GUNEY-1.jpg","datePublished":"2025-02-19T11:12:01+00:00","author":{"@id":"https:\/\/kuzeyinsesi.org\/#\/schema\/person\/9f859689cdf01485597712386e37f5aa"},"breadcrumb":{"@id":"https:\/\/kuzeyinsesi.org\/index.php\/2025\/02\/19\/kibrisli-bir-ressam-ismet-vehit-guney-hayati-ve-eserleri-isimli-kitap-yayimlandi\/#breadcrumb"},"inLanguage":"tr","potentialAction":[{"@type":"ReadAction","target":["https:\/\/kuzeyinsesi.org\/index.php\/2025\/02\/19\/kibrisli-bir-ressam-ismet-vehit-guney-hayati-ve-eserleri-isimli-kitap-yayimlandi\/"]}]},{"@type":"ImageObject","inLanguage":"tr","@id":"https:\/\/kuzeyinsesi.org\/index.php\/2025\/02\/19\/kibrisli-bir-ressam-ismet-vehit-guney-hayati-ve-eserleri-isimli-kitap-yayimlandi\/#primaryimage","url":"https:\/\/kuzeyinsesi.org\/wp-content\/uploads\/2025\/02\/ISIK-KITABEVI-ISMET-VEHIT-GUNEY-1.jpg","contentUrl":"https:\/\/kuzeyinsesi.org\/wp-content\/uploads\/2025\/02\/ISIK-KITABEVI-ISMET-VEHIT-GUNEY-1.jpg","width":930,"height":410},{"@type":"BreadcrumbList","@id":"https:\/\/kuzeyinsesi.org\/index.php\/2025\/02\/19\/kibrisli-bir-ressam-ismet-vehit-guney-hayati-ve-eserleri-isimli-kitap-yayimlandi\/#breadcrumb","itemListElement":[{"@type":"ListItem","position":1,"name":"Anasayfa","item":"https:\/\/kuzeyinsesi.org\/"},{"@type":"ListItem","position":2,"name":"\u201cK\u0131br\u0131sl\u0131 bir ressam, \u0130smet Vehit G\u00fcney, Hayat\u0131 ve Eserleri\u201d isimli kitap yay\u0131mland\u0131"}]},{"@type":"WebSite","@id":"https:\/\/kuzeyinsesi.org\/#website","url":"https:\/\/kuzeyinsesi.org\/","name":"Kuzeyin Sesi","description":"Do\u011fru Haberin Adresi","potentialAction":[{"@type":"SearchAction","target":{"@type":"EntryPoint","urlTemplate":"https:\/\/kuzeyinsesi.org\/?s={search_term_string}"},"query-input":{"@type":"PropertyValueSpecification","valueRequired":true,"valueName":"search_term_string"}}],"inLanguage":"tr"},{"@type":"Person","@id":"https:\/\/kuzeyinsesi.org\/#\/schema\/person\/9f859689cdf01485597712386e37f5aa","name":"Kuzeyin Sesi","image":{"@type":"ImageObject","inLanguage":"tr","@id":"https:\/\/secure.gravatar.com\/avatar\/bab33852abfd8b282518d6ed81826833d77c3c882d9ab608add591ccace47a44?s=96&d=mm&r=g","url":"https:\/\/secure.gravatar.com\/avatar\/bab33852abfd8b282518d6ed81826833d77c3c882d9ab608add591ccace47a44?s=96&d=mm&r=g","contentUrl":"https:\/\/secure.gravatar.com\/avatar\/bab33852abfd8b282518d6ed81826833d77c3c882d9ab608add591ccace47a44?s=96&d=mm&r=g","caption":"Kuzeyin Sesi"},"sameAs":["https:\/\/kuzeyinsesi.org"],"url":"https:\/\/kuzeyinsesi.org\/index.php\/author\/guven\/"}]}},"_links":{"self":[{"href":"https:\/\/kuzeyinsesi.org\/index.php\/wp-json\/wp\/v2\/posts\/19325","targetHints":{"allow":["GET"]}}],"collection":[{"href":"https:\/\/kuzeyinsesi.org\/index.php\/wp-json\/wp\/v2\/posts"}],"about":[{"href":"https:\/\/kuzeyinsesi.org\/index.php\/wp-json\/wp\/v2\/types\/post"}],"author":[{"embeddable":true,"href":"https:\/\/kuzeyinsesi.org\/index.php\/wp-json\/wp\/v2\/users\/1"}],"replies":[{"embeddable":true,"href":"https:\/\/kuzeyinsesi.org\/index.php\/wp-json\/wp\/v2\/comments?post=19325"}],"version-history":[{"count":0,"href":"https:\/\/kuzeyinsesi.org\/index.php\/wp-json\/wp\/v2\/posts\/19325\/revisions"}],"wp:featuredmedia":[{"embeddable":true,"href":"https:\/\/kuzeyinsesi.org\/index.php\/wp-json\/wp\/v2\/media\/19326"}],"wp:attachment":[{"href":"https:\/\/kuzeyinsesi.org\/index.php\/wp-json\/wp\/v2\/media?parent=19325"}],"wp:term":[{"taxonomy":"category","embeddable":true,"href":"https:\/\/kuzeyinsesi.org\/index.php\/wp-json\/wp\/v2\/categories?post=19325"},{"taxonomy":"post_tag","embeddable":true,"href":"https:\/\/kuzeyinsesi.org\/index.php\/wp-json\/wp\/v2\/tags?post=19325"}],"curies":[{"name":"wp","href":"https:\/\/api.w.org\/{rel}","templated":true}]}}