{"id":19271,"date":"2025-02-18T15:34:26","date_gmt":"2025-02-18T13:34:26","guid":{"rendered":"https:\/\/kuzeyinsesi.org\/index.php\/2025\/02\/18\/bir-usta-ve-turk-ezgileri-adli-soylesili-konser-27-subat-persembe-gunu-gazimagusada-duzenlenecek\/"},"modified":"2025-02-18T15:34:26","modified_gmt":"2025-02-18T13:34:26","slug":"bir-usta-ve-turk-ezgileri-adli-soylesili-konser-27-subat-persembe-gunu-gazimagusada-duzenlenecek","status":"publish","type":"post","link":"https:\/\/kuzeyinsesi.org\/index.php\/2025\/02\/18\/bir-usta-ve-turk-ezgileri-adli-soylesili-konser-27-subat-persembe-gunu-gazimagusada-duzenlenecek\/","title":{"rendered":"\u201cBir Usta ve T\u00fcrk Ezgileri\u201d adl\u0131 s\u00f6yle\u015fili konser 27 \u015eubat Per\u015fembe g\u00fcn\u00fc Gazima\u011fusa\u2019da d\u00fczenlenecek"},"content":{"rendered":"<div>\n<div class=\"mariselle-image-container center\">\n                                            <\/div>\n<p>Ba\u015fbakan Yard\u0131mc\u0131l\u0131\u011f\u0131, Turizm, K\u00fclt\u00fcr, Gen\u00e7lik ve \u00c7evre Bakanl\u0131\u011f\u0131\u2019na ba\u011fl\u0131 Devlet Opera ve Bale Koordinasyon Merkezi (KKTCDOB), 27 \u015eubat Per\u015fembe g\u00fcn\u00fc Gazima\u011fusa Rauf Raif Denkta\u015f K\u00fclt\u00fcr ve Kongre Saray\u0131\u2019nda s\u00f6yle\u015fili konser d\u00fczenleyecek.<\/p>\n<p>Merkezden verilen bilgiye g\u00f6re, \u201cBir Usta ve T\u00fcrk Ezgileri\u201d adl\u0131 s\u00f6yle\u015fili konser saat 20.00\u2019de ba\u015flayacak. Usta bir bestecinin eserlerini besteleme s\u00fcreci, T\u00fcrk eserleri ve daha pek \u00e7ok konunun ele al\u0131naca\u011f\u0131 etkinlikte, T\u00fcrk bestecilerin se\u00e7kin eserlerinden \u00f6rnekler dinlenecek.<\/p>\n<p>Usta T\u00fcrk bestecilerinden Turgay Erdener\u2019in s\u00f6yle\u015fi konu\u011fu olaca\u011f\u0131 etkinlikte, Ankara Devlet Opera ve Balesi solistlerinden, \u00fcnl\u00fc sanat\u00e7\u0131 Selva Erdener\u2019in yan\u0131 s\u0131ra, Soprano Sermin Dikmen T\u00f6re ve Bariton Tu\u011frul Enver T\u00f6re solist olarak sahne alacak.<\/p>\n<p>Piyanist Esra Poyrazo\u011flu Alpan\u2019\u0131n e\u015flik edece\u011fi s\u00f6yle\u015fili konserin moderat\u00f6rl\u00fc\u011f\u00fcn\u00fc ise orkestra \u015fefi Murat Menket \u00fcstlenecek.<\/p>\n<p><strong>-\u0130zleyicilere \u00fccretsiz olarak sunulacak<\/strong><\/p>\n<p>Devlet Opera ve Bale Koordinasyon Merkezi\u2019nin haz\u0131rlad\u0131\u011f\u0131, Telsim\u2019in ileti\u015fim deste\u011fi sa\u011flad\u0131\u011f\u0131 konser izleyicilere \u00fccretsiz olarak sunulacak.<\/p>\n<\/p><\/div>\n<p><script async\n                    defer\n                    crossorigin=\"anonymous\"\n                    src=\"https:\/\/connect.facebook.net\/tr_TR\/sdk.js#xfbml=1&#038;version=v3.3\"\n            ><\/script><\/p>\n","protected":false},"excerpt":{"rendered":"<p>Ba\u015fbakan Yard\u0131mc\u0131l\u0131\u011f\u0131, Turizm, K\u00fclt\u00fcr, Gen\u00e7lik ve \u00c7evre Bakanl\u0131\u011f\u0131\u2019na ba\u011fl\u0131 Devlet Opera ve Bale Koordinasyon Merkezi (KKTCDOB), 27 \u015eubat Per\u015fembe g\u00fcn\u00fc Gazima\u011fusa Rauf Raif Denkta\u015f K\u00fclt\u00fcr ve Kongre Saray\u0131\u2019nda s\u00f6yle\u015fili konser d\u00fczenleyecek. Merkezden verilen bilgiye g\u00f6re, \u201cBir Usta ve T\u00fcrk Ezgileri\u201d adl\u0131 s\u00f6yle\u015fili konser saat 20.00\u2019de ba\u015flayacak. Usta bir bestecinin eserlerini besteleme s\u00fcreci, T\u00fcrk eserleri ve [&hellip;]<\/p>\n","protected":false},"author":1,"featured_media":19272,"comment_status":"open","ping_status":"open","sticky":false,"template":"","format":"standard","meta":{"jnews-multi-image_gallery":[],"jnews_single_post":[],"jnews_primary_category":[],"jnews_social_meta":[],"jnews_override_counter":[],"footnotes":""},"categories":[6],"tags":[],"class_list":["post-19271","post","type-post","status-publish","format-standard","has-post-thumbnail","hentry","category-yasam"],"yoast_head":"<!-- This site is optimized with the Yoast SEO plugin v27.4 - https:\/\/yoast.com\/product\/yoast-seo-wordpress\/ -->\n<title>\u201cBir Usta ve T\u00fcrk Ezgileri\u201d adl\u0131 s\u00f6yle\u015fili konser 27 \u015eubat Per\u015fembe g\u00fcn\u00fc Gazima\u011fusa\u2019da d\u00fczenlenecek - Kuzeyin Sesi<\/title>\n<meta name=\"robots\" content=\"index, follow, max-snippet:-1, max-image-preview:large, max-video-preview:-1\" \/>\n<link rel=\"canonical\" href=\"https:\/\/kuzeyinsesi.org\/index.php\/2025\/02\/18\/bir-usta-ve-turk-ezgileri-adli-soylesili-konser-27-subat-persembe-gunu-gazimagusada-duzenlenecek\/\" \/>\n<meta property=\"og:locale\" content=\"tr_TR\" \/>\n<meta property=\"og:type\" content=\"article\" \/>\n<meta property=\"og:title\" content=\"\u201cBir Usta ve T\u00fcrk Ezgileri\u201d adl\u0131 s\u00f6yle\u015fili konser 27 \u015eubat Per\u015fembe g\u00fcn\u00fc Gazima\u011fusa\u2019da d\u00fczenlenecek - Kuzeyin Sesi\" \/>\n<meta property=\"og:description\" content=\"Ba\u015fbakan Yard\u0131mc\u0131l\u0131\u011f\u0131, Turizm, K\u00fclt\u00fcr, Gen\u00e7lik ve \u00c7evre Bakanl\u0131\u011f\u0131\u2019na ba\u011fl\u0131 Devlet Opera ve Bale Koordinasyon Merkezi (KKTCDOB), 27 \u015eubat Per\u015fembe g\u00fcn\u00fc Gazima\u011fusa Rauf Raif Denkta\u015f K\u00fclt\u00fcr ve Kongre Saray\u0131\u2019nda s\u00f6yle\u015fili konser d\u00fczenleyecek. Merkezden verilen bilgiye g\u00f6re, \u201cBir Usta ve T\u00fcrk Ezgileri\u201d adl\u0131 s\u00f6yle\u015fili konser saat 20.00\u2019de ba\u015flayacak. Usta bir bestecinin eserlerini besteleme s\u00fcreci, T\u00fcrk eserleri ve [&hellip;]\" \/>\n<meta property=\"og:url\" content=\"https:\/\/kuzeyinsesi.org\/index.php\/2025\/02\/18\/bir-usta-ve-turk-ezgileri-adli-soylesili-konser-27-subat-persembe-gunu-gazimagusada-duzenlenecek\/\" \/>\n<meta property=\"og:site_name\" content=\"Kuzeyin Sesi\" \/>\n<meta property=\"article:publisher\" content=\"https:\/\/www.facebook.com\/kuzeyinsesii\" \/>\n<meta property=\"article:published_time\" content=\"2025-02-18T13:34:26+00:00\" \/>\n<meta property=\"og:image\" content=\"https:\/\/brtk.net\/wp-content\/uploads\/2025\/02\/18\/usta.jpg?ver=4038202791653f2a2d259858dc3f2ef9\" \/>\n<meta name=\"author\" content=\"Kuzeyin Sesi\" \/>\n<meta name=\"twitter:card\" content=\"summary_large_image\" \/>\n<meta name=\"twitter:creator\" content=\"@kuzeyinsesii\" \/>\n<meta name=\"twitter:site\" content=\"@kuzeyinsesii\" \/>\n<meta name=\"twitter:label1\" content=\"Yazan:\" \/>\n\t<meta name=\"twitter:data1\" content=\"Kuzeyin Sesi\" \/>\n\t<meta name=\"twitter:label2\" content=\"Tahmini okuma s\u00fcresi\" \/>\n\t<meta name=\"twitter:data2\" content=\"1 dakika\" \/>\n<script type=\"application\/ld+json\" class=\"yoast-schema-graph\">{\"@context\":\"https:\\\/\\\/schema.org\",\"@graph\":[{\"@type\":\"Article\",\"@id\":\"https:\\\/\\\/kuzeyinsesi.org\\\/index.php\\\/2025\\\/02\\\/18\\\/bir-usta-ve-turk-ezgileri-adli-soylesili-konser-27-subat-persembe-gunu-gazimagusada-duzenlenecek\\\/#article\",\"isPartOf\":{\"@id\":\"https:\\\/\\\/kuzeyinsesi.org\\\/index.php\\\/2025\\\/02\\\/18\\\/bir-usta-ve-turk-ezgileri-adli-soylesili-konser-27-subat-persembe-gunu-gazimagusada-duzenlenecek\\\/\"},\"author\":{\"name\":\"Kuzeyin Sesi\",\"@id\":\"https:\\\/\\\/kuzeyinsesi.org\\\/#\\\/schema\\\/person\\\/9f859689cdf01485597712386e37f5aa\"},\"headline\":\"\u201cBir Usta ve T\u00fcrk Ezgileri\u201d adl\u0131 s\u00f6yle\u015fili konser 27 \u015eubat Per\u015fembe g\u00fcn\u00fc Gazima\u011fusa\u2019da d\u00fczenlenecek\",\"datePublished\":\"2025-02-18T13:34:26+00:00\",\"mainEntityOfPage\":{\"@id\":\"https:\\\/\\\/kuzeyinsesi.org\\\/index.php\\\/2025\\\/02\\\/18\\\/bir-usta-ve-turk-ezgileri-adli-soylesili-konser-27-subat-persembe-gunu-gazimagusada-duzenlenecek\\\/\"},\"wordCount\":209,\"commentCount\":0,\"image\":{\"@id\":\"https:\\\/\\\/kuzeyinsesi.org\\\/index.php\\\/2025\\\/02\\\/18\\\/bir-usta-ve-turk-ezgileri-adli-soylesili-konser-27-subat-persembe-gunu-gazimagusada-duzenlenecek\\\/#primaryimage\"},\"thumbnailUrl\":\"https:\\\/\\\/kuzeyinsesi.org\\\/wp-content\\\/uploads\\\/2025\\\/02\\\/usta.jpg\",\"articleSection\":[\"Ya\u015fam\"],\"inLanguage\":\"tr\",\"potentialAction\":[{\"@type\":\"CommentAction\",\"name\":\"Comment\",\"target\":[\"https:\\\/\\\/kuzeyinsesi.org\\\/index.php\\\/2025\\\/02\\\/18\\\/bir-usta-ve-turk-ezgileri-adli-soylesili-konser-27-subat-persembe-gunu-gazimagusada-duzenlenecek\\\/#respond\"]}]},{\"@type\":\"WebPage\",\"@id\":\"https:\\\/\\\/kuzeyinsesi.org\\\/index.php\\\/2025\\\/02\\\/18\\\/bir-usta-ve-turk-ezgileri-adli-soylesili-konser-27-subat-persembe-gunu-gazimagusada-duzenlenecek\\\/\",\"url\":\"https:\\\/\\\/kuzeyinsesi.org\\\/index.php\\\/2025\\\/02\\\/18\\\/bir-usta-ve-turk-ezgileri-adli-soylesili-konser-27-subat-persembe-gunu-gazimagusada-duzenlenecek\\\/\",\"name\":\"\u201cBir Usta ve T\u00fcrk Ezgileri\u201d adl\u0131 s\u00f6yle\u015fili konser 27 \u015eubat Per\u015fembe g\u00fcn\u00fc Gazima\u011fusa\u2019da d\u00fczenlenecek - Kuzeyin Sesi\",\"isPartOf\":{\"@id\":\"https:\\\/\\\/kuzeyinsesi.org\\\/#website\"},\"primaryImageOfPage\":{\"@id\":\"https:\\\/\\\/kuzeyinsesi.org\\\/index.php\\\/2025\\\/02\\\/18\\\/bir-usta-ve-turk-ezgileri-adli-soylesili-konser-27-subat-persembe-gunu-gazimagusada-duzenlenecek\\\/#primaryimage\"},\"image\":{\"@id\":\"https:\\\/\\\/kuzeyinsesi.org\\\/index.php\\\/2025\\\/02\\\/18\\\/bir-usta-ve-turk-ezgileri-adli-soylesili-konser-27-subat-persembe-gunu-gazimagusada-duzenlenecek\\\/#primaryimage\"},\"thumbnailUrl\":\"https:\\\/\\\/kuzeyinsesi.org\\\/wp-content\\\/uploads\\\/2025\\\/02\\\/usta.jpg\",\"datePublished\":\"2025-02-18T13:34:26+00:00\",\"author\":{\"@id\":\"https:\\\/\\\/kuzeyinsesi.org\\\/#\\\/schema\\\/person\\\/9f859689cdf01485597712386e37f5aa\"},\"breadcrumb\":{\"@id\":\"https:\\\/\\\/kuzeyinsesi.org\\\/index.php\\\/2025\\\/02\\\/18\\\/bir-usta-ve-turk-ezgileri-adli-soylesili-konser-27-subat-persembe-gunu-gazimagusada-duzenlenecek\\\/#breadcrumb\"},\"inLanguage\":\"tr\",\"potentialAction\":[{\"@type\":\"ReadAction\",\"target\":[\"https:\\\/\\\/kuzeyinsesi.org\\\/index.php\\\/2025\\\/02\\\/18\\\/bir-usta-ve-turk-ezgileri-adli-soylesili-konser-27-subat-persembe-gunu-gazimagusada-duzenlenecek\\\/\"]}]},{\"@type\":\"ImageObject\",\"inLanguage\":\"tr\",\"@id\":\"https:\\\/\\\/kuzeyinsesi.org\\\/index.php\\\/2025\\\/02\\\/18\\\/bir-usta-ve-turk-ezgileri-adli-soylesili-konser-27-subat-persembe-gunu-gazimagusada-duzenlenecek\\\/#primaryimage\",\"url\":\"https:\\\/\\\/kuzeyinsesi.org\\\/wp-content\\\/uploads\\\/2025\\\/02\\\/usta.jpg\",\"contentUrl\":\"https:\\\/\\\/kuzeyinsesi.org\\\/wp-content\\\/uploads\\\/2025\\\/02\\\/usta.jpg\",\"width\":620,\"height\":350},{\"@type\":\"BreadcrumbList\",\"@id\":\"https:\\\/\\\/kuzeyinsesi.org\\\/index.php\\\/2025\\\/02\\\/18\\\/bir-usta-ve-turk-ezgileri-adli-soylesili-konser-27-subat-persembe-gunu-gazimagusada-duzenlenecek\\\/#breadcrumb\",\"itemListElement\":[{\"@type\":\"ListItem\",\"position\":1,\"name\":\"Anasayfa\",\"item\":\"https:\\\/\\\/kuzeyinsesi.org\\\/\"},{\"@type\":\"ListItem\",\"position\":2,\"name\":\"\u201cBir Usta ve T\u00fcrk Ezgileri\u201d adl\u0131 s\u00f6yle\u015fili konser 27 \u015eubat Per\u015fembe g\u00fcn\u00fc Gazima\u011fusa\u2019da d\u00fczenlenecek\"}]},{\"@type\":\"WebSite\",\"@id\":\"https:\\\/\\\/kuzeyinsesi.org\\\/#website\",\"url\":\"https:\\\/\\\/kuzeyinsesi.org\\\/\",\"name\":\"Kuzeyin Sesi\",\"description\":\"Do\u011fru Haberin Adresi\",\"potentialAction\":[{\"@type\":\"SearchAction\",\"target\":{\"@type\":\"EntryPoint\",\"urlTemplate\":\"https:\\\/\\\/kuzeyinsesi.org\\\/?s={search_term_string}\"},\"query-input\":{\"@type\":\"PropertyValueSpecification\",\"valueRequired\":true,\"valueName\":\"search_term_string\"}}],\"inLanguage\":\"tr\"},{\"@type\":\"Person\",\"@id\":\"https:\\\/\\\/kuzeyinsesi.org\\\/#\\\/schema\\\/person\\\/9f859689cdf01485597712386e37f5aa\",\"name\":\"Kuzeyin Sesi\",\"image\":{\"@type\":\"ImageObject\",\"inLanguage\":\"tr\",\"@id\":\"https:\\\/\\\/secure.gravatar.com\\\/avatar\\\/bab33852abfd8b282518d6ed81826833d77c3c882d9ab608add591ccace47a44?s=96&d=mm&r=g\",\"url\":\"https:\\\/\\\/secure.gravatar.com\\\/avatar\\\/bab33852abfd8b282518d6ed81826833d77c3c882d9ab608add591ccace47a44?s=96&d=mm&r=g\",\"contentUrl\":\"https:\\\/\\\/secure.gravatar.com\\\/avatar\\\/bab33852abfd8b282518d6ed81826833d77c3c882d9ab608add591ccace47a44?s=96&d=mm&r=g\",\"caption\":\"Kuzeyin Sesi\"},\"sameAs\":[\"https:\\\/\\\/kuzeyinsesi.org\"],\"url\":\"https:\\\/\\\/kuzeyinsesi.org\\\/index.php\\\/author\\\/guven\\\/\"}]}<\/script>\n<!-- \/ Yoast SEO plugin. -->","yoast_head_json":{"title":"\u201cBir Usta ve T\u00fcrk Ezgileri\u201d adl\u0131 s\u00f6yle\u015fili konser 27 \u015eubat Per\u015fembe g\u00fcn\u00fc Gazima\u011fusa\u2019da d\u00fczenlenecek - Kuzeyin Sesi","robots":{"index":"index","follow":"follow","max-snippet":"max-snippet:-1","max-image-preview":"max-image-preview:large","max-video-preview":"max-video-preview:-1"},"canonical":"https:\/\/kuzeyinsesi.org\/index.php\/2025\/02\/18\/bir-usta-ve-turk-ezgileri-adli-soylesili-konser-27-subat-persembe-gunu-gazimagusada-duzenlenecek\/","og_locale":"tr_TR","og_type":"article","og_title":"\u201cBir Usta ve T\u00fcrk Ezgileri\u201d adl\u0131 s\u00f6yle\u015fili konser 27 \u015eubat Per\u015fembe g\u00fcn\u00fc Gazima\u011fusa\u2019da d\u00fczenlenecek - Kuzeyin Sesi","og_description":"Ba\u015fbakan Yard\u0131mc\u0131l\u0131\u011f\u0131, Turizm, K\u00fclt\u00fcr, Gen\u00e7lik ve \u00c7evre Bakanl\u0131\u011f\u0131\u2019na ba\u011fl\u0131 Devlet Opera ve Bale Koordinasyon Merkezi (KKTCDOB), 27 \u015eubat Per\u015fembe g\u00fcn\u00fc Gazima\u011fusa Rauf Raif Denkta\u015f K\u00fclt\u00fcr ve Kongre Saray\u0131\u2019nda s\u00f6yle\u015fili konser d\u00fczenleyecek. Merkezden verilen bilgiye g\u00f6re, \u201cBir Usta ve T\u00fcrk Ezgileri\u201d adl\u0131 s\u00f6yle\u015fili konser saat 20.00\u2019de ba\u015flayacak. Usta bir bestecinin eserlerini besteleme s\u00fcreci, T\u00fcrk eserleri ve [&hellip;]","og_url":"https:\/\/kuzeyinsesi.org\/index.php\/2025\/02\/18\/bir-usta-ve-turk-ezgileri-adli-soylesili-konser-27-subat-persembe-gunu-gazimagusada-duzenlenecek\/","og_site_name":"Kuzeyin Sesi","article_publisher":"https:\/\/www.facebook.com\/kuzeyinsesii","article_published_time":"2025-02-18T13:34:26+00:00","og_image":[{"url":"https:\/\/brtk.net\/wp-content\/uploads\/2025\/02\/18\/usta.jpg?ver=4038202791653f2a2d259858dc3f2ef9","type":"","width":"","height":""}],"author":"Kuzeyin Sesi","twitter_card":"summary_large_image","twitter_creator":"@kuzeyinsesii","twitter_site":"@kuzeyinsesii","twitter_misc":{"Yazan:":"Kuzeyin Sesi","Tahmini okuma s\u00fcresi":"1 dakika"},"schema":{"@context":"https:\/\/schema.org","@graph":[{"@type":"Article","@id":"https:\/\/kuzeyinsesi.org\/index.php\/2025\/02\/18\/bir-usta-ve-turk-ezgileri-adli-soylesili-konser-27-subat-persembe-gunu-gazimagusada-duzenlenecek\/#article","isPartOf":{"@id":"https:\/\/kuzeyinsesi.org\/index.php\/2025\/02\/18\/bir-usta-ve-turk-ezgileri-adli-soylesili-konser-27-subat-persembe-gunu-gazimagusada-duzenlenecek\/"},"author":{"name":"Kuzeyin Sesi","@id":"https:\/\/kuzeyinsesi.org\/#\/schema\/person\/9f859689cdf01485597712386e37f5aa"},"headline":"\u201cBir Usta ve T\u00fcrk Ezgileri\u201d adl\u0131 s\u00f6yle\u015fili konser 27 \u015eubat Per\u015fembe g\u00fcn\u00fc Gazima\u011fusa\u2019da d\u00fczenlenecek","datePublished":"2025-02-18T13:34:26+00:00","mainEntityOfPage":{"@id":"https:\/\/kuzeyinsesi.org\/index.php\/2025\/02\/18\/bir-usta-ve-turk-ezgileri-adli-soylesili-konser-27-subat-persembe-gunu-gazimagusada-duzenlenecek\/"},"wordCount":209,"commentCount":0,"image":{"@id":"https:\/\/kuzeyinsesi.org\/index.php\/2025\/02\/18\/bir-usta-ve-turk-ezgileri-adli-soylesili-konser-27-subat-persembe-gunu-gazimagusada-duzenlenecek\/#primaryimage"},"thumbnailUrl":"https:\/\/kuzeyinsesi.org\/wp-content\/uploads\/2025\/02\/usta.jpg","articleSection":["Ya\u015fam"],"inLanguage":"tr","potentialAction":[{"@type":"CommentAction","name":"Comment","target":["https:\/\/kuzeyinsesi.org\/index.php\/2025\/02\/18\/bir-usta-ve-turk-ezgileri-adli-soylesili-konser-27-subat-persembe-gunu-gazimagusada-duzenlenecek\/#respond"]}]},{"@type":"WebPage","@id":"https:\/\/kuzeyinsesi.org\/index.php\/2025\/02\/18\/bir-usta-ve-turk-ezgileri-adli-soylesili-konser-27-subat-persembe-gunu-gazimagusada-duzenlenecek\/","url":"https:\/\/kuzeyinsesi.org\/index.php\/2025\/02\/18\/bir-usta-ve-turk-ezgileri-adli-soylesili-konser-27-subat-persembe-gunu-gazimagusada-duzenlenecek\/","name":"\u201cBir Usta ve T\u00fcrk Ezgileri\u201d adl\u0131 s\u00f6yle\u015fili konser 27 \u015eubat Per\u015fembe g\u00fcn\u00fc Gazima\u011fusa\u2019da d\u00fczenlenecek - Kuzeyin Sesi","isPartOf":{"@id":"https:\/\/kuzeyinsesi.org\/#website"},"primaryImageOfPage":{"@id":"https:\/\/kuzeyinsesi.org\/index.php\/2025\/02\/18\/bir-usta-ve-turk-ezgileri-adli-soylesili-konser-27-subat-persembe-gunu-gazimagusada-duzenlenecek\/#primaryimage"},"image":{"@id":"https:\/\/kuzeyinsesi.org\/index.php\/2025\/02\/18\/bir-usta-ve-turk-ezgileri-adli-soylesili-konser-27-subat-persembe-gunu-gazimagusada-duzenlenecek\/#primaryimage"},"thumbnailUrl":"https:\/\/kuzeyinsesi.org\/wp-content\/uploads\/2025\/02\/usta.jpg","datePublished":"2025-02-18T13:34:26+00:00","author":{"@id":"https:\/\/kuzeyinsesi.org\/#\/schema\/person\/9f859689cdf01485597712386e37f5aa"},"breadcrumb":{"@id":"https:\/\/kuzeyinsesi.org\/index.php\/2025\/02\/18\/bir-usta-ve-turk-ezgileri-adli-soylesili-konser-27-subat-persembe-gunu-gazimagusada-duzenlenecek\/#breadcrumb"},"inLanguage":"tr","potentialAction":[{"@type":"ReadAction","target":["https:\/\/kuzeyinsesi.org\/index.php\/2025\/02\/18\/bir-usta-ve-turk-ezgileri-adli-soylesili-konser-27-subat-persembe-gunu-gazimagusada-duzenlenecek\/"]}]},{"@type":"ImageObject","inLanguage":"tr","@id":"https:\/\/kuzeyinsesi.org\/index.php\/2025\/02\/18\/bir-usta-ve-turk-ezgileri-adli-soylesili-konser-27-subat-persembe-gunu-gazimagusada-duzenlenecek\/#primaryimage","url":"https:\/\/kuzeyinsesi.org\/wp-content\/uploads\/2025\/02\/usta.jpg","contentUrl":"https:\/\/kuzeyinsesi.org\/wp-content\/uploads\/2025\/02\/usta.jpg","width":620,"height":350},{"@type":"BreadcrumbList","@id":"https:\/\/kuzeyinsesi.org\/index.php\/2025\/02\/18\/bir-usta-ve-turk-ezgileri-adli-soylesili-konser-27-subat-persembe-gunu-gazimagusada-duzenlenecek\/#breadcrumb","itemListElement":[{"@type":"ListItem","position":1,"name":"Anasayfa","item":"https:\/\/kuzeyinsesi.org\/"},{"@type":"ListItem","position":2,"name":"\u201cBir Usta ve T\u00fcrk Ezgileri\u201d adl\u0131 s\u00f6yle\u015fili konser 27 \u015eubat Per\u015fembe g\u00fcn\u00fc Gazima\u011fusa\u2019da d\u00fczenlenecek"}]},{"@type":"WebSite","@id":"https:\/\/kuzeyinsesi.org\/#website","url":"https:\/\/kuzeyinsesi.org\/","name":"Kuzeyin Sesi","description":"Do\u011fru Haberin Adresi","potentialAction":[{"@type":"SearchAction","target":{"@type":"EntryPoint","urlTemplate":"https:\/\/kuzeyinsesi.org\/?s={search_term_string}"},"query-input":{"@type":"PropertyValueSpecification","valueRequired":true,"valueName":"search_term_string"}}],"inLanguage":"tr"},{"@type":"Person","@id":"https:\/\/kuzeyinsesi.org\/#\/schema\/person\/9f859689cdf01485597712386e37f5aa","name":"Kuzeyin Sesi","image":{"@type":"ImageObject","inLanguage":"tr","@id":"https:\/\/secure.gravatar.com\/avatar\/bab33852abfd8b282518d6ed81826833d77c3c882d9ab608add591ccace47a44?s=96&d=mm&r=g","url":"https:\/\/secure.gravatar.com\/avatar\/bab33852abfd8b282518d6ed81826833d77c3c882d9ab608add591ccace47a44?s=96&d=mm&r=g","contentUrl":"https:\/\/secure.gravatar.com\/avatar\/bab33852abfd8b282518d6ed81826833d77c3c882d9ab608add591ccace47a44?s=96&d=mm&r=g","caption":"Kuzeyin Sesi"},"sameAs":["https:\/\/kuzeyinsesi.org"],"url":"https:\/\/kuzeyinsesi.org\/index.php\/author\/guven\/"}]}},"_links":{"self":[{"href":"https:\/\/kuzeyinsesi.org\/index.php\/wp-json\/wp\/v2\/posts\/19271","targetHints":{"allow":["GET"]}}],"collection":[{"href":"https:\/\/kuzeyinsesi.org\/index.php\/wp-json\/wp\/v2\/posts"}],"about":[{"href":"https:\/\/kuzeyinsesi.org\/index.php\/wp-json\/wp\/v2\/types\/post"}],"author":[{"embeddable":true,"href":"https:\/\/kuzeyinsesi.org\/index.php\/wp-json\/wp\/v2\/users\/1"}],"replies":[{"embeddable":true,"href":"https:\/\/kuzeyinsesi.org\/index.php\/wp-json\/wp\/v2\/comments?post=19271"}],"version-history":[{"count":0,"href":"https:\/\/kuzeyinsesi.org\/index.php\/wp-json\/wp\/v2\/posts\/19271\/revisions"}],"wp:featuredmedia":[{"embeddable":true,"href":"https:\/\/kuzeyinsesi.org\/index.php\/wp-json\/wp\/v2\/media\/19272"}],"wp:attachment":[{"href":"https:\/\/kuzeyinsesi.org\/index.php\/wp-json\/wp\/v2\/media?parent=19271"}],"wp:term":[{"taxonomy":"category","embeddable":true,"href":"https:\/\/kuzeyinsesi.org\/index.php\/wp-json\/wp\/v2\/categories?post=19271"},{"taxonomy":"post_tag","embeddable":true,"href":"https:\/\/kuzeyinsesi.org\/index.php\/wp-json\/wp\/v2\/tags?post=19271"}],"curies":[{"name":"wp","href":"https:\/\/api.w.org\/{rel}","templated":true}]}}