{"id":19245,"date":"2025-02-18T11:29:01","date_gmt":"2025-02-18T09:29:01","guid":{"rendered":"https:\/\/kuzeyinsesi.org\/index.php\/2025\/02\/18\/gazeteci-yazar-basaran-duzgunden-yeni-kitap-pembe-boyali-oda\/"},"modified":"2025-02-18T11:29:01","modified_gmt":"2025-02-18T09:29:01","slug":"gazeteci-yazar-basaran-duzgunden-yeni-kitap-pembe-boyali-oda","status":"publish","type":"post","link":"https:\/\/kuzeyinsesi.org\/index.php\/2025\/02\/18\/gazeteci-yazar-basaran-duzgunden-yeni-kitap-pembe-boyali-oda\/","title":{"rendered":"Gazeteci-Yazar Ba\u015faran D\u00fczg\u00fcn\u2019den yeni kitap: \u201cPembe Boyal\u0131 Oda\u2026\u201d"},"content":{"rendered":"<div>\n<div class=\"mariselle-image-container center\">\n                                            <\/div>\n<p>Gazeteci-Yazar Ba\u015faran D\u00fczg\u00fcn\u2019\u00fcn alt\u0131nc\u0131 kitab\u0131 ve ikinci roman\u0131 \u201cPembe Boyal\u0131 Oda\u201d yay\u0131nland\u0131. Ayn\u0131 anda T\u00fcrkiye ve K\u0131br\u0131s\u2019ta piyasaya \u00e7\u0131kan \u201cPembe Boyal\u0131 Oda\u201d isimli roman, \u201czor ko\u015fullarda hayatta kalma ve var olma m\u00fccadelesi veren insanlar\u0131n hikayelerini yarat\u0131c\u0131 ger\u00e7eklik tarz\u0131nda\u201d ele al\u0131yor. K\u0131br\u0131s, T\u00fcrkiye ve Londra\u2019da tarihsel bir kesitteki olaylar\u0131 konu alan roman, toplumlar\u0131n ola\u011fan\u00fcst\u00fc zamanlarda ya\u015fad\u0131\u011f\u0131 sosyolojik de\u011fi\u015fimi anlatman\u0131n yan\u0131nda bireyin tekam\u00fcl ser\u00fcvenini de ortaya koyuyor. Pembe Boyal\u0131 Oda, K\u0131br\u0131s\u2019\u0131n T\u00fcrkiye ve \u0130ngiltere ile kader kesi\u015fmesinde ezberlenen yanl\u0131\u015flar\u0131 da sorguluyor. Romanla ilgili \u201cac\u0131kl\u0131 bir a\u015fk (memleket) hikayesi\u201d nitelemesi yap\u0131l\u0131yor.<\/p>\n<p>Yay\u0131n Y\u00f6netmenli\u011fini Bahar \u00c7elik, edit\u00f6rl\u00fc\u011f\u00fcn\u00fc Nurper Moreket, kapak tasar\u0131m\u0131n\u0131 Tahir Gazi\u2019nin yapt\u0131\u011f\u0131 358 sayfa roman, Ekinoks yay\u0131nlar\u0131 taraf\u0131ndan bas\u0131ld\u0131 ve t\u00fcm kitap\u00e7\u0131larda sat\u0131\u015fa sunuldu.<\/p>\n<p>Ba\u015faran D\u00fczg\u00fcn romanla ilgili \u015fu de\u011ferlendirmede bulundu:<\/p>\n<p>\u201cK\u00fclt\u00fcrel ve sosyal kodlar\u0131na ac\u0131kl\u0131 a\u015fk hikayeleri nak\u015fedilen, her santimetre karesi ac\u0131yla parsellenmi\u015f, ac\u0131yla var olup direnmeye \u00e7al\u0131\u015fan bir memleketin yazg\u0131s\u0131d\u0131r bu roman. Kan ve \u00f6l\u00fcmle s\u0131nanan ve savrulan hayatlar\u0131n her defas\u0131nda kendi k\u00fcllerinden do\u011fmaya \u00e7al\u0131\u015fmas\u0131, farkl\u0131 co\u011frafyalarda yeniden tutunma ve k\u00f6k salma u\u011fra\u015f\u0131. A\u015fk ile \u00e7o\u011falma gailesi\u2026\u201d<\/p>\n<p><strong>Ba\u015faran D\u00fczg\u00fcn kimdir?<\/strong><\/p>\n<p>Ba\u015faran D\u00fczg\u00fcn 1964 y\u0131l\u0131nda Ma\u011fusa\u2019da do\u011fdu. \u0130lk ve orta \u00f6\u011frenimini K\u0131br\u0131s\u2019ta tamamlad\u0131. 1988 y\u0131l\u0131nda Gazi \u00dcniversitesi, Bas\u0131n Yay\u0131n Y\u00fcksek Okulu, Gazetecilik ve Halkla \u0130li\u015fkiler b\u00f6l\u00fcm\u00fcnden mezun oldu. \u00d6\u011frencilik y\u0131llar\u0131nda Devrimci Gen\u00e7lik Derne\u011fi, \u00dcniversite Temsilciler Konseyi \u00f6rg\u00fctlerinde y\u00f6neticilik yapt\u0131, Gen\u00e7lik ve Gen\u00e7 K\u0131br\u0131sl\u0131 dergilerinin yay\u0131nc\u0131lar\u0131 aras\u0131nda yer ald\u0131.  \u00c7e\u015fitli k\u00fclt\u00fcrel faaliyetlerin organizasyonunda bulundu, \u201cBir Halk D\u00fc\u015fman\u0131\u201d, \u201c\u00c7\u00fcr\u00fck Elma\u201d gibi tiyatro eserlerinin sahnesinde rol ald\u0131. \u00dcniversite y\u0131llar\u0131nda yazd\u0131\u011f\u0131 \u00f6yk\u00fclerini \u201cBu\u011fday Topra\u011fa D\u00fc\u015ft\u00fc\u201d kitab\u0131nda toplad\u0131. 1990 y\u0131l\u0131nda Yenid\u00fczen gazetesinde ba\u015flad\u0131\u011f\u0131 muhabirli\u011fi 1994 y\u0131l\u0131nda K\u0131br\u0131s gazetesinde s\u00fcrd\u00fcrd\u00fc. K\u0131br\u0131s T\u00fcrk Gazeteciler Birli\u011fi, Bas\u0131n Emek\u00e7ileri Sendikas\u0131 ve T\u00fcrk Ajans\u0131 K\u0131br\u0131s\u2019ta y\u00f6netim kurullar\u0131nda yer ald\u0131. Ayn\u0131 d\u00f6nem, Ara\u015ft\u0131rmac\u0131-Yazar Ha\u015fmet G\u00fcrkan ile birlikte \u201cLambousa Krall\u0131\u011f\u0131n\u0131n Yeniden Do\u011fu\u015fu\u201d kitab\u0131n\u0131 haz\u0131rlad\u0131. 1996 y\u0131l\u0131nda Yenid\u00fczen Gazetesi Yaz\u0131 \u0130\u015fleri M\u00fcd\u00fcr\u00fc, 1997 y\u0131l\u0131nda K\u0131br\u0131s Gazetesi Yaz\u0131 \u0130\u015fleri M\u00fcd\u00fcr\u00fc oldu. Yakla\u015f\u0131k 2 bin makalesi aras\u0131ndan derledi\u011fi se\u00e7me yaz\u0131lar\u0131ndan olu\u015fan \u201c\u00c7ak\u0131l Ta\u015flar\u0131\u201d kitab\u0131n\u0131 yay\u0131nlad\u0131. Radikal gazetesi, T\u00fcrkiye\u2019nin Sesi Radyosu, Agence France Presse\u2019in K\u0131br\u0131s temsilcili\u011fini yapt\u0131. Ankara, \u0130stanbul, \u0130skenderiye, Br\u00fcksel, Londra, Washington ve New York\u2019ta \u00e7e\u015fitli konferanslarda konu\u015fmac\u0131 olarak yer ald\u0131. DA\u00dc, LA\u00dc ve \u0130stanbul \u00d6zg\u00fcr \u00dcniversite\u2019de dersler verdi.  \u0130svi\u00e7re-B\u00fcrgenstock\u2019ta yap\u0131lan K\u0131br\u0131s zirvesini izledi. Zirve sonras\u0131 Annan Plan\u0131 referandumunu da kapsayan geli\u015fmelerin yer ald\u0131\u011f\u0131 \u201cPilatus\u2019un G\u00f6lgesinde\u201d kitab\u0131n\u0131 yay\u0131nlad\u0131. 2009 y\u0131l\u0131nda Havadis Gazetesini, Radyo Havadis ve Havadis Web TV\u2019yi kurdu. Havadis Medya Grubu ile Fileleftheros Grubun i\u015f birli\u011fi yapmas\u0131na \u00f6nc\u00fcl\u00fck etti. Havadis Yay\u0131nlar\u0131nda \u00e7ok say\u0131da kitab\u0131n bas\u0131m\u0131n\u0131 sa\u011flad\u0131. Yazd\u0131klar\u0131ndan dolay\u0131 10 y\u0131l hapislik istemiyle yarg\u0131land\u0131, bombal\u0131 sald\u0131r\u0131ya maruz kald\u0131, T\u00fcrkiye\u2019ye giri\u015fi yasakland\u0131. Aral\u0131k 2023\u2019te yay\u0131nlanan \u00d6ks\u00fcz Atlar \u00dclkesinde roman\u0131 K\u0131br\u0131s\u2019ta uzun s\u00fcre en \u00e7ok satanlar listesinde yer ald\u0131, T\u00fcrkiye\u2019de edebiyat \u00e7evrelerinde ilgiyle kar\u015f\u0131land\u0131.<\/p>\n<\/p><\/div>\n<p><script async\n                    defer\n                    crossorigin=\"anonymous\"\n                    src=\"https:\/\/connect.facebook.net\/tr_TR\/sdk.js#xfbml=1&#038;version=v3.3\"\n            ><\/script><\/p>\n","protected":false},"excerpt":{"rendered":"<p>Gazeteci-Yazar Ba\u015faran D\u00fczg\u00fcn\u2019\u00fcn alt\u0131nc\u0131 kitab\u0131 ve ikinci roman\u0131 \u201cPembe Boyal\u0131 Oda\u201d yay\u0131nland\u0131. Ayn\u0131 anda T\u00fcrkiye ve K\u0131br\u0131s\u2019ta piyasaya \u00e7\u0131kan \u201cPembe Boyal\u0131 Oda\u201d isimli roman, \u201czor ko\u015fullarda hayatta kalma ve var olma m\u00fccadelesi veren insanlar\u0131n hikayelerini yarat\u0131c\u0131 ger\u00e7eklik tarz\u0131nda\u201d ele al\u0131yor. K\u0131br\u0131s, T\u00fcrkiye ve Londra\u2019da tarihsel bir kesitteki olaylar\u0131 konu alan roman, toplumlar\u0131n ola\u011fan\u00fcst\u00fc zamanlarda ya\u015fad\u0131\u011f\u0131 [&hellip;]<\/p>\n","protected":false},"author":1,"featured_media":19246,"comment_status":"open","ping_status":"open","sticky":false,"template":"","format":"standard","meta":{"jnews-multi-image_gallery":[],"jnews_single_post":[],"jnews_primary_category":[],"jnews_social_meta":[],"jnews_override_counter":[],"footnotes":""},"categories":[6],"tags":[],"class_list":["post-19245","post","type-post","status-publish","format-standard","has-post-thumbnail","hentry","category-yasam"],"yoast_head":"<!-- This site is optimized with the Yoast SEO plugin v27.4 - https:\/\/yoast.com\/product\/yoast-seo-wordpress\/ -->\n<title>Gazeteci-Yazar Ba\u015faran D\u00fczg\u00fcn\u2019den yeni kitap: \u201cPembe Boyal\u0131 Oda\u2026\u201d - Kuzeyin Sesi<\/title>\n<meta name=\"robots\" content=\"index, follow, max-snippet:-1, max-image-preview:large, max-video-preview:-1\" \/>\n<link rel=\"canonical\" href=\"https:\/\/kuzeyinsesi.org\/index.php\/2025\/02\/18\/gazeteci-yazar-basaran-duzgunden-yeni-kitap-pembe-boyali-oda\/\" \/>\n<meta property=\"og:locale\" content=\"tr_TR\" \/>\n<meta property=\"og:type\" content=\"article\" \/>\n<meta property=\"og:title\" content=\"Gazeteci-Yazar Ba\u015faran D\u00fczg\u00fcn\u2019den yeni kitap: \u201cPembe Boyal\u0131 Oda\u2026\u201d - Kuzeyin Sesi\" \/>\n<meta property=\"og:description\" content=\"Gazeteci-Yazar Ba\u015faran D\u00fczg\u00fcn\u2019\u00fcn alt\u0131nc\u0131 kitab\u0131 ve ikinci roman\u0131 \u201cPembe Boyal\u0131 Oda\u201d yay\u0131nland\u0131. Ayn\u0131 anda T\u00fcrkiye ve K\u0131br\u0131s\u2019ta piyasaya \u00e7\u0131kan \u201cPembe Boyal\u0131 Oda\u201d isimli roman, \u201czor ko\u015fullarda hayatta kalma ve var olma m\u00fccadelesi veren insanlar\u0131n hikayelerini yarat\u0131c\u0131 ger\u00e7eklik tarz\u0131nda\u201d ele al\u0131yor. K\u0131br\u0131s, T\u00fcrkiye ve Londra\u2019da tarihsel bir kesitteki olaylar\u0131 konu alan roman, toplumlar\u0131n ola\u011fan\u00fcst\u00fc zamanlarda ya\u015fad\u0131\u011f\u0131 [&hellip;]\" \/>\n<meta property=\"og:url\" content=\"https:\/\/kuzeyinsesi.org\/index.php\/2025\/02\/18\/gazeteci-yazar-basaran-duzgunden-yeni-kitap-pembe-boyali-oda\/\" \/>\n<meta property=\"og:site_name\" content=\"Kuzeyin Sesi\" \/>\n<meta property=\"article:publisher\" content=\"https:\/\/www.facebook.com\/kuzeyinsesii\" \/>\n<meta property=\"article:published_time\" content=\"2025-02-18T09:29:01+00:00\" \/>\n<meta property=\"og:image\" content=\"https:\/\/brtk.net\/wp-content\/uploads\/2025\/02\/18\/pembee.jpg?ver=51ebf38513097c29c8b68b489cd78d50\" \/>\n<meta name=\"author\" content=\"Kuzeyin Sesi\" \/>\n<meta name=\"twitter:card\" content=\"summary_large_image\" \/>\n<meta name=\"twitter:creator\" content=\"@kuzeyinsesii\" \/>\n<meta name=\"twitter:site\" content=\"@kuzeyinsesii\" \/>\n<meta name=\"twitter:label1\" content=\"Yazan:\" \/>\n\t<meta name=\"twitter:data1\" content=\"Kuzeyin Sesi\" \/>\n\t<meta name=\"twitter:label2\" content=\"Tahmini okuma s\u00fcresi\" \/>\n\t<meta name=\"twitter:data2\" content=\"3 dakika\" \/>\n<script type=\"application\/ld+json\" class=\"yoast-schema-graph\">{\"@context\":\"https:\\\/\\\/schema.org\",\"@graph\":[{\"@type\":\"Article\",\"@id\":\"https:\\\/\\\/kuzeyinsesi.org\\\/index.php\\\/2025\\\/02\\\/18\\\/gazeteci-yazar-basaran-duzgunden-yeni-kitap-pembe-boyali-oda\\\/#article\",\"isPartOf\":{\"@id\":\"https:\\\/\\\/kuzeyinsesi.org\\\/index.php\\\/2025\\\/02\\\/18\\\/gazeteci-yazar-basaran-duzgunden-yeni-kitap-pembe-boyali-oda\\\/\"},\"author\":{\"name\":\"Kuzeyin Sesi\",\"@id\":\"https:\\\/\\\/kuzeyinsesi.org\\\/#\\\/schema\\\/person\\\/9f859689cdf01485597712386e37f5aa\"},\"headline\":\"Gazeteci-Yazar Ba\u015faran D\u00fczg\u00fcn\u2019den yeni kitap: \u201cPembe Boyal\u0131 Oda\u2026\u201d\",\"datePublished\":\"2025-02-18T09:29:01+00:00\",\"mainEntityOfPage\":{\"@id\":\"https:\\\/\\\/kuzeyinsesi.org\\\/index.php\\\/2025\\\/02\\\/18\\\/gazeteci-yazar-basaran-duzgunden-yeni-kitap-pembe-boyali-oda\\\/\"},\"wordCount\":671,\"commentCount\":0,\"image\":{\"@id\":\"https:\\\/\\\/kuzeyinsesi.org\\\/index.php\\\/2025\\\/02\\\/18\\\/gazeteci-yazar-basaran-duzgunden-yeni-kitap-pembe-boyali-oda\\\/#primaryimage\"},\"thumbnailUrl\":\"https:\\\/\\\/kuzeyinsesi.org\\\/wp-content\\\/uploads\\\/2025\\\/02\\\/pembee.jpg\",\"articleSection\":[\"Ya\u015fam\"],\"inLanguage\":\"tr\",\"potentialAction\":[{\"@type\":\"CommentAction\",\"name\":\"Comment\",\"target\":[\"https:\\\/\\\/kuzeyinsesi.org\\\/index.php\\\/2025\\\/02\\\/18\\\/gazeteci-yazar-basaran-duzgunden-yeni-kitap-pembe-boyali-oda\\\/#respond\"]}]},{\"@type\":\"WebPage\",\"@id\":\"https:\\\/\\\/kuzeyinsesi.org\\\/index.php\\\/2025\\\/02\\\/18\\\/gazeteci-yazar-basaran-duzgunden-yeni-kitap-pembe-boyali-oda\\\/\",\"url\":\"https:\\\/\\\/kuzeyinsesi.org\\\/index.php\\\/2025\\\/02\\\/18\\\/gazeteci-yazar-basaran-duzgunden-yeni-kitap-pembe-boyali-oda\\\/\",\"name\":\"Gazeteci-Yazar Ba\u015faran D\u00fczg\u00fcn\u2019den yeni kitap: \u201cPembe Boyal\u0131 Oda\u2026\u201d - Kuzeyin Sesi\",\"isPartOf\":{\"@id\":\"https:\\\/\\\/kuzeyinsesi.org\\\/#website\"},\"primaryImageOfPage\":{\"@id\":\"https:\\\/\\\/kuzeyinsesi.org\\\/index.php\\\/2025\\\/02\\\/18\\\/gazeteci-yazar-basaran-duzgunden-yeni-kitap-pembe-boyali-oda\\\/#primaryimage\"},\"image\":{\"@id\":\"https:\\\/\\\/kuzeyinsesi.org\\\/index.php\\\/2025\\\/02\\\/18\\\/gazeteci-yazar-basaran-duzgunden-yeni-kitap-pembe-boyali-oda\\\/#primaryimage\"},\"thumbnailUrl\":\"https:\\\/\\\/kuzeyinsesi.org\\\/wp-content\\\/uploads\\\/2025\\\/02\\\/pembee.jpg\",\"datePublished\":\"2025-02-18T09:29:01+00:00\",\"author\":{\"@id\":\"https:\\\/\\\/kuzeyinsesi.org\\\/#\\\/schema\\\/person\\\/9f859689cdf01485597712386e37f5aa\"},\"breadcrumb\":{\"@id\":\"https:\\\/\\\/kuzeyinsesi.org\\\/index.php\\\/2025\\\/02\\\/18\\\/gazeteci-yazar-basaran-duzgunden-yeni-kitap-pembe-boyali-oda\\\/#breadcrumb\"},\"inLanguage\":\"tr\",\"potentialAction\":[{\"@type\":\"ReadAction\",\"target\":[\"https:\\\/\\\/kuzeyinsesi.org\\\/index.php\\\/2025\\\/02\\\/18\\\/gazeteci-yazar-basaran-duzgunden-yeni-kitap-pembe-boyali-oda\\\/\"]}]},{\"@type\":\"ImageObject\",\"inLanguage\":\"tr\",\"@id\":\"https:\\\/\\\/kuzeyinsesi.org\\\/index.php\\\/2025\\\/02\\\/18\\\/gazeteci-yazar-basaran-duzgunden-yeni-kitap-pembe-boyali-oda\\\/#primaryimage\",\"url\":\"https:\\\/\\\/kuzeyinsesi.org\\\/wp-content\\\/uploads\\\/2025\\\/02\\\/pembee.jpg\",\"contentUrl\":\"https:\\\/\\\/kuzeyinsesi.org\\\/wp-content\\\/uploads\\\/2025\\\/02\\\/pembee.jpg\",\"width\":971,\"height\":551},{\"@type\":\"BreadcrumbList\",\"@id\":\"https:\\\/\\\/kuzeyinsesi.org\\\/index.php\\\/2025\\\/02\\\/18\\\/gazeteci-yazar-basaran-duzgunden-yeni-kitap-pembe-boyali-oda\\\/#breadcrumb\",\"itemListElement\":[{\"@type\":\"ListItem\",\"position\":1,\"name\":\"Anasayfa\",\"item\":\"https:\\\/\\\/kuzeyinsesi.org\\\/\"},{\"@type\":\"ListItem\",\"position\":2,\"name\":\"Gazeteci-Yazar Ba\u015faran D\u00fczg\u00fcn\u2019den yeni kitap: \u201cPembe Boyal\u0131 Oda\u2026\u201d\"}]},{\"@type\":\"WebSite\",\"@id\":\"https:\\\/\\\/kuzeyinsesi.org\\\/#website\",\"url\":\"https:\\\/\\\/kuzeyinsesi.org\\\/\",\"name\":\"Kuzeyin Sesi\",\"description\":\"Do\u011fru Haberin Adresi\",\"potentialAction\":[{\"@type\":\"SearchAction\",\"target\":{\"@type\":\"EntryPoint\",\"urlTemplate\":\"https:\\\/\\\/kuzeyinsesi.org\\\/?s={search_term_string}\"},\"query-input\":{\"@type\":\"PropertyValueSpecification\",\"valueRequired\":true,\"valueName\":\"search_term_string\"}}],\"inLanguage\":\"tr\"},{\"@type\":\"Person\",\"@id\":\"https:\\\/\\\/kuzeyinsesi.org\\\/#\\\/schema\\\/person\\\/9f859689cdf01485597712386e37f5aa\",\"name\":\"Kuzeyin Sesi\",\"image\":{\"@type\":\"ImageObject\",\"inLanguage\":\"tr\",\"@id\":\"https:\\\/\\\/secure.gravatar.com\\\/avatar\\\/bab33852abfd8b282518d6ed81826833d77c3c882d9ab608add591ccace47a44?s=96&d=mm&r=g\",\"url\":\"https:\\\/\\\/secure.gravatar.com\\\/avatar\\\/bab33852abfd8b282518d6ed81826833d77c3c882d9ab608add591ccace47a44?s=96&d=mm&r=g\",\"contentUrl\":\"https:\\\/\\\/secure.gravatar.com\\\/avatar\\\/bab33852abfd8b282518d6ed81826833d77c3c882d9ab608add591ccace47a44?s=96&d=mm&r=g\",\"caption\":\"Kuzeyin Sesi\"},\"sameAs\":[\"https:\\\/\\\/kuzeyinsesi.org\"],\"url\":\"https:\\\/\\\/kuzeyinsesi.org\\\/index.php\\\/author\\\/guven\\\/\"}]}<\/script>\n<!-- \/ Yoast SEO plugin. -->","yoast_head_json":{"title":"Gazeteci-Yazar Ba\u015faran D\u00fczg\u00fcn\u2019den yeni kitap: \u201cPembe Boyal\u0131 Oda\u2026\u201d - Kuzeyin Sesi","robots":{"index":"index","follow":"follow","max-snippet":"max-snippet:-1","max-image-preview":"max-image-preview:large","max-video-preview":"max-video-preview:-1"},"canonical":"https:\/\/kuzeyinsesi.org\/index.php\/2025\/02\/18\/gazeteci-yazar-basaran-duzgunden-yeni-kitap-pembe-boyali-oda\/","og_locale":"tr_TR","og_type":"article","og_title":"Gazeteci-Yazar Ba\u015faran D\u00fczg\u00fcn\u2019den yeni kitap: \u201cPembe Boyal\u0131 Oda\u2026\u201d - Kuzeyin Sesi","og_description":"Gazeteci-Yazar Ba\u015faran D\u00fczg\u00fcn\u2019\u00fcn alt\u0131nc\u0131 kitab\u0131 ve ikinci roman\u0131 \u201cPembe Boyal\u0131 Oda\u201d yay\u0131nland\u0131. Ayn\u0131 anda T\u00fcrkiye ve K\u0131br\u0131s\u2019ta piyasaya \u00e7\u0131kan \u201cPembe Boyal\u0131 Oda\u201d isimli roman, \u201czor ko\u015fullarda hayatta kalma ve var olma m\u00fccadelesi veren insanlar\u0131n hikayelerini yarat\u0131c\u0131 ger\u00e7eklik tarz\u0131nda\u201d ele al\u0131yor. K\u0131br\u0131s, T\u00fcrkiye ve Londra\u2019da tarihsel bir kesitteki olaylar\u0131 konu alan roman, toplumlar\u0131n ola\u011fan\u00fcst\u00fc zamanlarda ya\u015fad\u0131\u011f\u0131 [&hellip;]","og_url":"https:\/\/kuzeyinsesi.org\/index.php\/2025\/02\/18\/gazeteci-yazar-basaran-duzgunden-yeni-kitap-pembe-boyali-oda\/","og_site_name":"Kuzeyin Sesi","article_publisher":"https:\/\/www.facebook.com\/kuzeyinsesii","article_published_time":"2025-02-18T09:29:01+00:00","og_image":[{"url":"https:\/\/brtk.net\/wp-content\/uploads\/2025\/02\/18\/pembee.jpg?ver=51ebf38513097c29c8b68b489cd78d50","type":"","width":"","height":""}],"author":"Kuzeyin Sesi","twitter_card":"summary_large_image","twitter_creator":"@kuzeyinsesii","twitter_site":"@kuzeyinsesii","twitter_misc":{"Yazan:":"Kuzeyin Sesi","Tahmini okuma s\u00fcresi":"3 dakika"},"schema":{"@context":"https:\/\/schema.org","@graph":[{"@type":"Article","@id":"https:\/\/kuzeyinsesi.org\/index.php\/2025\/02\/18\/gazeteci-yazar-basaran-duzgunden-yeni-kitap-pembe-boyali-oda\/#article","isPartOf":{"@id":"https:\/\/kuzeyinsesi.org\/index.php\/2025\/02\/18\/gazeteci-yazar-basaran-duzgunden-yeni-kitap-pembe-boyali-oda\/"},"author":{"name":"Kuzeyin Sesi","@id":"https:\/\/kuzeyinsesi.org\/#\/schema\/person\/9f859689cdf01485597712386e37f5aa"},"headline":"Gazeteci-Yazar Ba\u015faran D\u00fczg\u00fcn\u2019den yeni kitap: \u201cPembe Boyal\u0131 Oda\u2026\u201d","datePublished":"2025-02-18T09:29:01+00:00","mainEntityOfPage":{"@id":"https:\/\/kuzeyinsesi.org\/index.php\/2025\/02\/18\/gazeteci-yazar-basaran-duzgunden-yeni-kitap-pembe-boyali-oda\/"},"wordCount":671,"commentCount":0,"image":{"@id":"https:\/\/kuzeyinsesi.org\/index.php\/2025\/02\/18\/gazeteci-yazar-basaran-duzgunden-yeni-kitap-pembe-boyali-oda\/#primaryimage"},"thumbnailUrl":"https:\/\/kuzeyinsesi.org\/wp-content\/uploads\/2025\/02\/pembee.jpg","articleSection":["Ya\u015fam"],"inLanguage":"tr","potentialAction":[{"@type":"CommentAction","name":"Comment","target":["https:\/\/kuzeyinsesi.org\/index.php\/2025\/02\/18\/gazeteci-yazar-basaran-duzgunden-yeni-kitap-pembe-boyali-oda\/#respond"]}]},{"@type":"WebPage","@id":"https:\/\/kuzeyinsesi.org\/index.php\/2025\/02\/18\/gazeteci-yazar-basaran-duzgunden-yeni-kitap-pembe-boyali-oda\/","url":"https:\/\/kuzeyinsesi.org\/index.php\/2025\/02\/18\/gazeteci-yazar-basaran-duzgunden-yeni-kitap-pembe-boyali-oda\/","name":"Gazeteci-Yazar Ba\u015faran D\u00fczg\u00fcn\u2019den yeni kitap: \u201cPembe Boyal\u0131 Oda\u2026\u201d - Kuzeyin Sesi","isPartOf":{"@id":"https:\/\/kuzeyinsesi.org\/#website"},"primaryImageOfPage":{"@id":"https:\/\/kuzeyinsesi.org\/index.php\/2025\/02\/18\/gazeteci-yazar-basaran-duzgunden-yeni-kitap-pembe-boyali-oda\/#primaryimage"},"image":{"@id":"https:\/\/kuzeyinsesi.org\/index.php\/2025\/02\/18\/gazeteci-yazar-basaran-duzgunden-yeni-kitap-pembe-boyali-oda\/#primaryimage"},"thumbnailUrl":"https:\/\/kuzeyinsesi.org\/wp-content\/uploads\/2025\/02\/pembee.jpg","datePublished":"2025-02-18T09:29:01+00:00","author":{"@id":"https:\/\/kuzeyinsesi.org\/#\/schema\/person\/9f859689cdf01485597712386e37f5aa"},"breadcrumb":{"@id":"https:\/\/kuzeyinsesi.org\/index.php\/2025\/02\/18\/gazeteci-yazar-basaran-duzgunden-yeni-kitap-pembe-boyali-oda\/#breadcrumb"},"inLanguage":"tr","potentialAction":[{"@type":"ReadAction","target":["https:\/\/kuzeyinsesi.org\/index.php\/2025\/02\/18\/gazeteci-yazar-basaran-duzgunden-yeni-kitap-pembe-boyali-oda\/"]}]},{"@type":"ImageObject","inLanguage":"tr","@id":"https:\/\/kuzeyinsesi.org\/index.php\/2025\/02\/18\/gazeteci-yazar-basaran-duzgunden-yeni-kitap-pembe-boyali-oda\/#primaryimage","url":"https:\/\/kuzeyinsesi.org\/wp-content\/uploads\/2025\/02\/pembee.jpg","contentUrl":"https:\/\/kuzeyinsesi.org\/wp-content\/uploads\/2025\/02\/pembee.jpg","width":971,"height":551},{"@type":"BreadcrumbList","@id":"https:\/\/kuzeyinsesi.org\/index.php\/2025\/02\/18\/gazeteci-yazar-basaran-duzgunden-yeni-kitap-pembe-boyali-oda\/#breadcrumb","itemListElement":[{"@type":"ListItem","position":1,"name":"Anasayfa","item":"https:\/\/kuzeyinsesi.org\/"},{"@type":"ListItem","position":2,"name":"Gazeteci-Yazar Ba\u015faran D\u00fczg\u00fcn\u2019den yeni kitap: \u201cPembe Boyal\u0131 Oda\u2026\u201d"}]},{"@type":"WebSite","@id":"https:\/\/kuzeyinsesi.org\/#website","url":"https:\/\/kuzeyinsesi.org\/","name":"Kuzeyin Sesi","description":"Do\u011fru Haberin Adresi","potentialAction":[{"@type":"SearchAction","target":{"@type":"EntryPoint","urlTemplate":"https:\/\/kuzeyinsesi.org\/?s={search_term_string}"},"query-input":{"@type":"PropertyValueSpecification","valueRequired":true,"valueName":"search_term_string"}}],"inLanguage":"tr"},{"@type":"Person","@id":"https:\/\/kuzeyinsesi.org\/#\/schema\/person\/9f859689cdf01485597712386e37f5aa","name":"Kuzeyin Sesi","image":{"@type":"ImageObject","inLanguage":"tr","@id":"https:\/\/secure.gravatar.com\/avatar\/bab33852abfd8b282518d6ed81826833d77c3c882d9ab608add591ccace47a44?s=96&d=mm&r=g","url":"https:\/\/secure.gravatar.com\/avatar\/bab33852abfd8b282518d6ed81826833d77c3c882d9ab608add591ccace47a44?s=96&d=mm&r=g","contentUrl":"https:\/\/secure.gravatar.com\/avatar\/bab33852abfd8b282518d6ed81826833d77c3c882d9ab608add591ccace47a44?s=96&d=mm&r=g","caption":"Kuzeyin Sesi"},"sameAs":["https:\/\/kuzeyinsesi.org"],"url":"https:\/\/kuzeyinsesi.org\/index.php\/author\/guven\/"}]}},"_links":{"self":[{"href":"https:\/\/kuzeyinsesi.org\/index.php\/wp-json\/wp\/v2\/posts\/19245","targetHints":{"allow":["GET"]}}],"collection":[{"href":"https:\/\/kuzeyinsesi.org\/index.php\/wp-json\/wp\/v2\/posts"}],"about":[{"href":"https:\/\/kuzeyinsesi.org\/index.php\/wp-json\/wp\/v2\/types\/post"}],"author":[{"embeddable":true,"href":"https:\/\/kuzeyinsesi.org\/index.php\/wp-json\/wp\/v2\/users\/1"}],"replies":[{"embeddable":true,"href":"https:\/\/kuzeyinsesi.org\/index.php\/wp-json\/wp\/v2\/comments?post=19245"}],"version-history":[{"count":0,"href":"https:\/\/kuzeyinsesi.org\/index.php\/wp-json\/wp\/v2\/posts\/19245\/revisions"}],"wp:featuredmedia":[{"embeddable":true,"href":"https:\/\/kuzeyinsesi.org\/index.php\/wp-json\/wp\/v2\/media\/19246"}],"wp:attachment":[{"href":"https:\/\/kuzeyinsesi.org\/index.php\/wp-json\/wp\/v2\/media?parent=19245"}],"wp:term":[{"taxonomy":"category","embeddable":true,"href":"https:\/\/kuzeyinsesi.org\/index.php\/wp-json\/wp\/v2\/categories?post=19245"},{"taxonomy":"post_tag","embeddable":true,"href":"https:\/\/kuzeyinsesi.org\/index.php\/wp-json\/wp\/v2\/tags?post=19245"}],"curies":[{"name":"wp","href":"https:\/\/api.w.org\/{rel}","templated":true}]}}