{"id":19219,"date":"2025-02-17T19:52:19","date_gmt":"2025-02-17T17:52:19","guid":{"rendered":"https:\/\/kuzeyinsesi.org\/index.php\/2025\/02\/17\/ankarada-birlesik-metal-is-sendikasinda-silahli-saldiri\/"},"modified":"2025-02-17T19:52:19","modified_gmt":"2025-02-17T17:52:19","slug":"ankarada-birlesik-metal-is-sendikasinda-silahli-saldiri","status":"publish","type":"post","link":"https:\/\/kuzeyinsesi.org\/index.php\/2025\/02\/17\/ankarada-birlesik-metal-is-sendikasinda-silahli-saldiri\/","title":{"rendered":"Ankara\u2019da Birle\u015fik Metal \u0130\u015f Sendikas\u0131\u2019nda silahl\u0131 sald\u0131r\u0131"},"content":{"rendered":"<div>\n<div class=\"mariselle-image-container center\">\n                                            <\/div>\n<p>Ankara\u2019da bir sendikan\u0131n \u015fube ba\u015fkan\u0131, tart\u0131\u015ft\u0131\u011f\u0131 \u015fube sekreterini tabancayla vurarak \u00f6ld\u00fcrd\u00fc.<\/p>\n<p>\u0130ddiaya g\u00f6re, \u00c7ankaya il\u00e7esinde Birle\u015fik Metal \u0130\u015f Sendikas\u0131 Anadolu \u015eube Ba\u015fkan\u0131 Deniz Ilgan ile \u015eube Sekreteri Erdin\u00e7 Ko\u00e7 aras\u0131nda hen\u00fcz belirlenemeyen nedenle tart\u0131\u015fma \u00e7\u0131kt\u0131.<\/p>\n<p>Kavgaya d\u00f6n\u00fc\u015fen olayda Ilgan, yan\u0131ndaki tabancayla Ko\u00e7\u2019a ate\u015f etti.<\/p>\n<p>Ilgan, daha sonra tabancas\u0131yla intihar giri\u015fiminde bulundu.<\/p>\n<p>\u0130hbar \u00fczerine olay yerine \u00e7ok say\u0131da polis ve sa\u011fl\u0131k ekibi sevk edildi.<\/p>\n<p>Sa\u011fl\u0131k ekipleri, Ko\u00e7\u2019un olay yerinde hayat\u0131n\u0131 kaybetti\u011fini belirledi, a\u011f\u0131r yaralanan Ilgan ise hastaneye kald\u0131r\u0131ld\u0131.<\/p>\n<\/p><\/div>\n<p><script async\n                    defer\n                    crossorigin=\"anonymous\"\n                    src=\"https:\/\/connect.facebook.net\/tr_TR\/sdk.js#xfbml=1&#038;version=v3.3\"\n            ><\/script><\/p>\n","protected":false},"excerpt":{"rendered":"<p>Ankara\u2019da bir sendikan\u0131n \u015fube ba\u015fkan\u0131, tart\u0131\u015ft\u0131\u011f\u0131 \u015fube sekreterini tabancayla vurarak \u00f6ld\u00fcrd\u00fc. \u0130ddiaya g\u00f6re, \u00c7ankaya il\u00e7esinde Birle\u015fik Metal \u0130\u015f Sendikas\u0131 Anadolu \u015eube Ba\u015fkan\u0131 Deniz Ilgan ile \u015eube Sekreteri Erdin\u00e7 Ko\u00e7 aras\u0131nda hen\u00fcz belirlenemeyen nedenle tart\u0131\u015fma \u00e7\u0131kt\u0131. Kavgaya d\u00f6n\u00fc\u015fen olayda Ilgan, yan\u0131ndaki tabancayla Ko\u00e7\u2019a ate\u015f etti. Ilgan, daha sonra tabancas\u0131yla intihar giri\u015fiminde bulundu. \u0130hbar \u00fczerine olay yerine [&hellip;]<\/p>\n","protected":false},"author":1,"featured_media":19220,"comment_status":"open","ping_status":"open","sticky":false,"template":"","format":"standard","meta":{"jnews-multi-image_gallery":[],"jnews_single_post":[],"jnews_primary_category":[],"jnews_social_meta":[],"jnews_override_counter":[],"footnotes":""},"categories":[5],"tags":[],"class_list":["post-19219","post","type-post","status-publish","format-standard","has-post-thumbnail","hentry","category-turkiye"],"yoast_head":"<!-- This site is optimized with the Yoast SEO plugin v27.5 - https:\/\/yoast.com\/product\/yoast-seo-wordpress\/ -->\n<title>Ankara\u2019da Birle\u015fik Metal \u0130\u015f Sendikas\u0131\u2019nda silahl\u0131 sald\u0131r\u0131 - Kuzeyin Sesi<\/title>\n<meta name=\"robots\" content=\"index, follow, max-snippet:-1, max-image-preview:large, max-video-preview:-1\" \/>\n<link rel=\"canonical\" href=\"https:\/\/kuzeyinsesi.org\/index.php\/2025\/02\/17\/ankarada-birlesik-metal-is-sendikasinda-silahli-saldiri\/\" \/>\n<meta property=\"og:locale\" content=\"tr_TR\" \/>\n<meta property=\"og:type\" content=\"article\" \/>\n<meta property=\"og:title\" content=\"Ankara\u2019da Birle\u015fik Metal \u0130\u015f Sendikas\u0131\u2019nda silahl\u0131 sald\u0131r\u0131 - Kuzeyin Sesi\" \/>\n<meta property=\"og:description\" content=\"Ankara\u2019da bir sendikan\u0131n \u015fube ba\u015fkan\u0131, tart\u0131\u015ft\u0131\u011f\u0131 \u015fube sekreterini tabancayla vurarak \u00f6ld\u00fcrd\u00fc. \u0130ddiaya g\u00f6re, \u00c7ankaya il\u00e7esinde Birle\u015fik Metal \u0130\u015f Sendikas\u0131 Anadolu \u015eube Ba\u015fkan\u0131 Deniz Ilgan ile \u015eube Sekreteri Erdin\u00e7 Ko\u00e7 aras\u0131nda hen\u00fcz belirlenemeyen nedenle tart\u0131\u015fma \u00e7\u0131kt\u0131. Kavgaya d\u00f6n\u00fc\u015fen olayda Ilgan, yan\u0131ndaki tabancayla Ko\u00e7\u2019a ate\u015f etti. Ilgan, daha sonra tabancas\u0131yla intihar giri\u015fiminde bulundu. \u0130hbar \u00fczerine olay yerine [&hellip;]\" \/>\n<meta property=\"og:url\" content=\"https:\/\/kuzeyinsesi.org\/index.php\/2025\/02\/17\/ankarada-birlesik-metal-is-sendikasinda-silahli-saldiri\/\" \/>\n<meta property=\"og:site_name\" content=\"Kuzeyin Sesi\" \/>\n<meta property=\"article:publisher\" content=\"https:\/\/www.facebook.com\/kuzeyinsesii\" \/>\n<meta property=\"article:published_time\" content=\"2025-02-17T17:52:19+00:00\" \/>\n<meta property=\"og:image\" content=\"https:\/\/brtk.net\/wp-content\/uploads\/2025\/02\/17\/1739807789593AA-20250217-37080727-37080720-ANKARADA_BIR_SENDIKANIN_SUBE_BASKANI_TARTISTIGI_SUBE_SEKRETERINI_OLDURDU-scaled.jpg?ver=054c2ad21a7567ff784fac4d5650f687\" \/>\n<meta name=\"author\" content=\"Kuzeyin Sesi\" \/>\n<meta name=\"twitter:card\" content=\"summary_large_image\" \/>\n<meta name=\"twitter:creator\" content=\"@kuzeyinsesii\" \/>\n<meta name=\"twitter:site\" content=\"@kuzeyinsesii\" \/>\n<meta name=\"twitter:label1\" content=\"Yazan:\" \/>\n\t<meta name=\"twitter:data1\" content=\"Kuzeyin Sesi\" \/>\n\t<meta name=\"twitter:label2\" content=\"Tahmini okuma s\u00fcresi\" \/>\n\t<meta name=\"twitter:data2\" content=\"1 dakika\" \/>\n<script type=\"application\/ld+json\" class=\"yoast-schema-graph\">{\"@context\":\"https:\\\/\\\/schema.org\",\"@graph\":[{\"@type\":\"Article\",\"@id\":\"https:\\\/\\\/kuzeyinsesi.org\\\/index.php\\\/2025\\\/02\\\/17\\\/ankarada-birlesik-metal-is-sendikasinda-silahli-saldiri\\\/#article\",\"isPartOf\":{\"@id\":\"https:\\\/\\\/kuzeyinsesi.org\\\/index.php\\\/2025\\\/02\\\/17\\\/ankarada-birlesik-metal-is-sendikasinda-silahli-saldiri\\\/\"},\"author\":{\"name\":\"Kuzeyin Sesi\",\"@id\":\"https:\\\/\\\/kuzeyinsesi.org\\\/#\\\/schema\\\/person\\\/9f859689cdf01485597712386e37f5aa\"},\"headline\":\"Ankara\u2019da Birle\u015fik Metal \u0130\u015f Sendikas\u0131\u2019nda silahl\u0131 sald\u0131r\u0131\",\"datePublished\":\"2025-02-17T17:52:19+00:00\",\"mainEntityOfPage\":{\"@id\":\"https:\\\/\\\/kuzeyinsesi.org\\\/index.php\\\/2025\\\/02\\\/17\\\/ankarada-birlesik-metal-is-sendikasinda-silahli-saldiri\\\/\"},\"wordCount\":115,\"commentCount\":0,\"image\":{\"@id\":\"https:\\\/\\\/kuzeyinsesi.org\\\/index.php\\\/2025\\\/02\\\/17\\\/ankarada-birlesik-metal-is-sendikasinda-silahli-saldiri\\\/#primaryimage\"},\"thumbnailUrl\":\"https:\\\/\\\/kuzeyinsesi.org\\\/wp-content\\\/uploads\\\/2025\\\/02\\\/1739807789593AA-20250217-37080727-37080720-ANKARADA_BIR_SENDIKANIN_SUBE_BASKANI_TARTISTIGI_SUBE_SEKR.jpeg\",\"articleSection\":[\"T\u00fcrkiye\"],\"inLanguage\":\"tr\",\"potentialAction\":[{\"@type\":\"CommentAction\",\"name\":\"Comment\",\"target\":[\"https:\\\/\\\/kuzeyinsesi.org\\\/index.php\\\/2025\\\/02\\\/17\\\/ankarada-birlesik-metal-is-sendikasinda-silahli-saldiri\\\/#respond\"]}]},{\"@type\":\"WebPage\",\"@id\":\"https:\\\/\\\/kuzeyinsesi.org\\\/index.php\\\/2025\\\/02\\\/17\\\/ankarada-birlesik-metal-is-sendikasinda-silahli-saldiri\\\/\",\"url\":\"https:\\\/\\\/kuzeyinsesi.org\\\/index.php\\\/2025\\\/02\\\/17\\\/ankarada-birlesik-metal-is-sendikasinda-silahli-saldiri\\\/\",\"name\":\"Ankara\u2019da Birle\u015fik Metal \u0130\u015f Sendikas\u0131\u2019nda silahl\u0131 sald\u0131r\u0131 - Kuzeyin Sesi\",\"isPartOf\":{\"@id\":\"https:\\\/\\\/kuzeyinsesi.org\\\/#website\"},\"primaryImageOfPage\":{\"@id\":\"https:\\\/\\\/kuzeyinsesi.org\\\/index.php\\\/2025\\\/02\\\/17\\\/ankarada-birlesik-metal-is-sendikasinda-silahli-saldiri\\\/#primaryimage\"},\"image\":{\"@id\":\"https:\\\/\\\/kuzeyinsesi.org\\\/index.php\\\/2025\\\/02\\\/17\\\/ankarada-birlesik-metal-is-sendikasinda-silahli-saldiri\\\/#primaryimage\"},\"thumbnailUrl\":\"https:\\\/\\\/kuzeyinsesi.org\\\/wp-content\\\/uploads\\\/2025\\\/02\\\/1739807789593AA-20250217-37080727-37080720-ANKARADA_BIR_SENDIKANIN_SUBE_BASKANI_TARTISTIGI_SUBE_SEKR.jpeg\",\"datePublished\":\"2025-02-17T17:52:19+00:00\",\"author\":{\"@id\":\"https:\\\/\\\/kuzeyinsesi.org\\\/#\\\/schema\\\/person\\\/9f859689cdf01485597712386e37f5aa\"},\"breadcrumb\":{\"@id\":\"https:\\\/\\\/kuzeyinsesi.org\\\/index.php\\\/2025\\\/02\\\/17\\\/ankarada-birlesik-metal-is-sendikasinda-silahli-saldiri\\\/#breadcrumb\"},\"inLanguage\":\"tr\",\"potentialAction\":[{\"@type\":\"ReadAction\",\"target\":[\"https:\\\/\\\/kuzeyinsesi.org\\\/index.php\\\/2025\\\/02\\\/17\\\/ankarada-birlesik-metal-is-sendikasinda-silahli-saldiri\\\/\"]}]},{\"@type\":\"ImageObject\",\"inLanguage\":\"tr\",\"@id\":\"https:\\\/\\\/kuzeyinsesi.org\\\/index.php\\\/2025\\\/02\\\/17\\\/ankarada-birlesik-metal-is-sendikasinda-silahli-saldiri\\\/#primaryimage\",\"url\":\"https:\\\/\\\/kuzeyinsesi.org\\\/wp-content\\\/uploads\\\/2025\\\/02\\\/1739807789593AA-20250217-37080727-37080720-ANKARADA_BIR_SENDIKANIN_SUBE_BASKANI_TARTISTIGI_SUBE_SEKR.jpeg\",\"contentUrl\":\"https:\\\/\\\/kuzeyinsesi.org\\\/wp-content\\\/uploads\\\/2025\\\/02\\\/1739807789593AA-20250217-37080727-37080720-ANKARADA_BIR_SENDIKANIN_SUBE_BASKANI_TARTISTIGI_SUBE_SEKR.jpeg\",\"width\":2560,\"height\":1707},{\"@type\":\"BreadcrumbList\",\"@id\":\"https:\\\/\\\/kuzeyinsesi.org\\\/index.php\\\/2025\\\/02\\\/17\\\/ankarada-birlesik-metal-is-sendikasinda-silahli-saldiri\\\/#breadcrumb\",\"itemListElement\":[{\"@type\":\"ListItem\",\"position\":1,\"name\":\"Anasayfa\",\"item\":\"https:\\\/\\\/kuzeyinsesi.org\\\/\"},{\"@type\":\"ListItem\",\"position\":2,\"name\":\"Ankara\u2019da Birle\u015fik Metal \u0130\u015f Sendikas\u0131\u2019nda silahl\u0131 sald\u0131r\u0131\"}]},{\"@type\":\"WebSite\",\"@id\":\"https:\\\/\\\/kuzeyinsesi.org\\\/#website\",\"url\":\"https:\\\/\\\/kuzeyinsesi.org\\\/\",\"name\":\"Kuzeyin Sesi\",\"description\":\"Do\u011fru Haberin Adresi\",\"potentialAction\":[{\"@type\":\"SearchAction\",\"target\":{\"@type\":\"EntryPoint\",\"urlTemplate\":\"https:\\\/\\\/kuzeyinsesi.org\\\/?s={search_term_string}\"},\"query-input\":{\"@type\":\"PropertyValueSpecification\",\"valueRequired\":true,\"valueName\":\"search_term_string\"}}],\"inLanguage\":\"tr\"},{\"@type\":\"Person\",\"@id\":\"https:\\\/\\\/kuzeyinsesi.org\\\/#\\\/schema\\\/person\\\/9f859689cdf01485597712386e37f5aa\",\"name\":\"Kuzeyin Sesi\",\"image\":{\"@type\":\"ImageObject\",\"inLanguage\":\"tr\",\"@id\":\"https:\\\/\\\/secure.gravatar.com\\\/avatar\\\/bab33852abfd8b282518d6ed81826833d77c3c882d9ab608add591ccace47a44?s=96&d=mm&r=g\",\"url\":\"https:\\\/\\\/secure.gravatar.com\\\/avatar\\\/bab33852abfd8b282518d6ed81826833d77c3c882d9ab608add591ccace47a44?s=96&d=mm&r=g\",\"contentUrl\":\"https:\\\/\\\/secure.gravatar.com\\\/avatar\\\/bab33852abfd8b282518d6ed81826833d77c3c882d9ab608add591ccace47a44?s=96&d=mm&r=g\",\"caption\":\"Kuzeyin Sesi\"},\"sameAs\":[\"https:\\\/\\\/kuzeyinsesi.org\"],\"url\":\"https:\\\/\\\/kuzeyinsesi.org\\\/index.php\\\/author\\\/guven\\\/\"}]}<\/script>\n<!-- \/ Yoast SEO plugin. -->","yoast_head_json":{"title":"Ankara\u2019da Birle\u015fik Metal \u0130\u015f Sendikas\u0131\u2019nda silahl\u0131 sald\u0131r\u0131 - Kuzeyin Sesi","robots":{"index":"index","follow":"follow","max-snippet":"max-snippet:-1","max-image-preview":"max-image-preview:large","max-video-preview":"max-video-preview:-1"},"canonical":"https:\/\/kuzeyinsesi.org\/index.php\/2025\/02\/17\/ankarada-birlesik-metal-is-sendikasinda-silahli-saldiri\/","og_locale":"tr_TR","og_type":"article","og_title":"Ankara\u2019da Birle\u015fik Metal \u0130\u015f Sendikas\u0131\u2019nda silahl\u0131 sald\u0131r\u0131 - Kuzeyin Sesi","og_description":"Ankara\u2019da bir sendikan\u0131n \u015fube ba\u015fkan\u0131, tart\u0131\u015ft\u0131\u011f\u0131 \u015fube sekreterini tabancayla vurarak \u00f6ld\u00fcrd\u00fc. \u0130ddiaya g\u00f6re, \u00c7ankaya il\u00e7esinde Birle\u015fik Metal \u0130\u015f Sendikas\u0131 Anadolu \u015eube Ba\u015fkan\u0131 Deniz Ilgan ile \u015eube Sekreteri Erdin\u00e7 Ko\u00e7 aras\u0131nda hen\u00fcz belirlenemeyen nedenle tart\u0131\u015fma \u00e7\u0131kt\u0131. Kavgaya d\u00f6n\u00fc\u015fen olayda Ilgan, yan\u0131ndaki tabancayla Ko\u00e7\u2019a ate\u015f etti. Ilgan, daha sonra tabancas\u0131yla intihar giri\u015fiminde bulundu. \u0130hbar \u00fczerine olay yerine [&hellip;]","og_url":"https:\/\/kuzeyinsesi.org\/index.php\/2025\/02\/17\/ankarada-birlesik-metal-is-sendikasinda-silahli-saldiri\/","og_site_name":"Kuzeyin Sesi","article_publisher":"https:\/\/www.facebook.com\/kuzeyinsesii","article_published_time":"2025-02-17T17:52:19+00:00","og_image":[{"url":"https:\/\/brtk.net\/wp-content\/uploads\/2025\/02\/17\/1739807789593AA-20250217-37080727-37080720-ANKARADA_BIR_SENDIKANIN_SUBE_BASKANI_TARTISTIGI_SUBE_SEKRETERINI_OLDURDU-scaled.jpg?ver=054c2ad21a7567ff784fac4d5650f687","type":"","width":"","height":""}],"author":"Kuzeyin Sesi","twitter_card":"summary_large_image","twitter_creator":"@kuzeyinsesii","twitter_site":"@kuzeyinsesii","twitter_misc":{"Yazan:":"Kuzeyin Sesi","Tahmini okuma s\u00fcresi":"1 dakika"},"schema":{"@context":"https:\/\/schema.org","@graph":[{"@type":"Article","@id":"https:\/\/kuzeyinsesi.org\/index.php\/2025\/02\/17\/ankarada-birlesik-metal-is-sendikasinda-silahli-saldiri\/#article","isPartOf":{"@id":"https:\/\/kuzeyinsesi.org\/index.php\/2025\/02\/17\/ankarada-birlesik-metal-is-sendikasinda-silahli-saldiri\/"},"author":{"name":"Kuzeyin Sesi","@id":"https:\/\/kuzeyinsesi.org\/#\/schema\/person\/9f859689cdf01485597712386e37f5aa"},"headline":"Ankara\u2019da Birle\u015fik Metal \u0130\u015f Sendikas\u0131\u2019nda silahl\u0131 sald\u0131r\u0131","datePublished":"2025-02-17T17:52:19+00:00","mainEntityOfPage":{"@id":"https:\/\/kuzeyinsesi.org\/index.php\/2025\/02\/17\/ankarada-birlesik-metal-is-sendikasinda-silahli-saldiri\/"},"wordCount":115,"commentCount":0,"image":{"@id":"https:\/\/kuzeyinsesi.org\/index.php\/2025\/02\/17\/ankarada-birlesik-metal-is-sendikasinda-silahli-saldiri\/#primaryimage"},"thumbnailUrl":"https:\/\/kuzeyinsesi.org\/wp-content\/uploads\/2025\/02\/1739807789593AA-20250217-37080727-37080720-ANKARADA_BIR_SENDIKANIN_SUBE_BASKANI_TARTISTIGI_SUBE_SEKR.jpeg","articleSection":["T\u00fcrkiye"],"inLanguage":"tr","potentialAction":[{"@type":"CommentAction","name":"Comment","target":["https:\/\/kuzeyinsesi.org\/index.php\/2025\/02\/17\/ankarada-birlesik-metal-is-sendikasinda-silahli-saldiri\/#respond"]}]},{"@type":"WebPage","@id":"https:\/\/kuzeyinsesi.org\/index.php\/2025\/02\/17\/ankarada-birlesik-metal-is-sendikasinda-silahli-saldiri\/","url":"https:\/\/kuzeyinsesi.org\/index.php\/2025\/02\/17\/ankarada-birlesik-metal-is-sendikasinda-silahli-saldiri\/","name":"Ankara\u2019da Birle\u015fik Metal \u0130\u015f Sendikas\u0131\u2019nda silahl\u0131 sald\u0131r\u0131 - Kuzeyin Sesi","isPartOf":{"@id":"https:\/\/kuzeyinsesi.org\/#website"},"primaryImageOfPage":{"@id":"https:\/\/kuzeyinsesi.org\/index.php\/2025\/02\/17\/ankarada-birlesik-metal-is-sendikasinda-silahli-saldiri\/#primaryimage"},"image":{"@id":"https:\/\/kuzeyinsesi.org\/index.php\/2025\/02\/17\/ankarada-birlesik-metal-is-sendikasinda-silahli-saldiri\/#primaryimage"},"thumbnailUrl":"https:\/\/kuzeyinsesi.org\/wp-content\/uploads\/2025\/02\/1739807789593AA-20250217-37080727-37080720-ANKARADA_BIR_SENDIKANIN_SUBE_BASKANI_TARTISTIGI_SUBE_SEKR.jpeg","datePublished":"2025-02-17T17:52:19+00:00","author":{"@id":"https:\/\/kuzeyinsesi.org\/#\/schema\/person\/9f859689cdf01485597712386e37f5aa"},"breadcrumb":{"@id":"https:\/\/kuzeyinsesi.org\/index.php\/2025\/02\/17\/ankarada-birlesik-metal-is-sendikasinda-silahli-saldiri\/#breadcrumb"},"inLanguage":"tr","potentialAction":[{"@type":"ReadAction","target":["https:\/\/kuzeyinsesi.org\/index.php\/2025\/02\/17\/ankarada-birlesik-metal-is-sendikasinda-silahli-saldiri\/"]}]},{"@type":"ImageObject","inLanguage":"tr","@id":"https:\/\/kuzeyinsesi.org\/index.php\/2025\/02\/17\/ankarada-birlesik-metal-is-sendikasinda-silahli-saldiri\/#primaryimage","url":"https:\/\/kuzeyinsesi.org\/wp-content\/uploads\/2025\/02\/1739807789593AA-20250217-37080727-37080720-ANKARADA_BIR_SENDIKANIN_SUBE_BASKANI_TARTISTIGI_SUBE_SEKR.jpeg","contentUrl":"https:\/\/kuzeyinsesi.org\/wp-content\/uploads\/2025\/02\/1739807789593AA-20250217-37080727-37080720-ANKARADA_BIR_SENDIKANIN_SUBE_BASKANI_TARTISTIGI_SUBE_SEKR.jpeg","width":2560,"height":1707},{"@type":"BreadcrumbList","@id":"https:\/\/kuzeyinsesi.org\/index.php\/2025\/02\/17\/ankarada-birlesik-metal-is-sendikasinda-silahli-saldiri\/#breadcrumb","itemListElement":[{"@type":"ListItem","position":1,"name":"Anasayfa","item":"https:\/\/kuzeyinsesi.org\/"},{"@type":"ListItem","position":2,"name":"Ankara\u2019da Birle\u015fik Metal \u0130\u015f Sendikas\u0131\u2019nda silahl\u0131 sald\u0131r\u0131"}]},{"@type":"WebSite","@id":"https:\/\/kuzeyinsesi.org\/#website","url":"https:\/\/kuzeyinsesi.org\/","name":"Kuzeyin Sesi","description":"Do\u011fru Haberin Adresi","potentialAction":[{"@type":"SearchAction","target":{"@type":"EntryPoint","urlTemplate":"https:\/\/kuzeyinsesi.org\/?s={search_term_string}"},"query-input":{"@type":"PropertyValueSpecification","valueRequired":true,"valueName":"search_term_string"}}],"inLanguage":"tr"},{"@type":"Person","@id":"https:\/\/kuzeyinsesi.org\/#\/schema\/person\/9f859689cdf01485597712386e37f5aa","name":"Kuzeyin Sesi","image":{"@type":"ImageObject","inLanguage":"tr","@id":"https:\/\/secure.gravatar.com\/avatar\/bab33852abfd8b282518d6ed81826833d77c3c882d9ab608add591ccace47a44?s=96&d=mm&r=g","url":"https:\/\/secure.gravatar.com\/avatar\/bab33852abfd8b282518d6ed81826833d77c3c882d9ab608add591ccace47a44?s=96&d=mm&r=g","contentUrl":"https:\/\/secure.gravatar.com\/avatar\/bab33852abfd8b282518d6ed81826833d77c3c882d9ab608add591ccace47a44?s=96&d=mm&r=g","caption":"Kuzeyin Sesi"},"sameAs":["https:\/\/kuzeyinsesi.org"],"url":"https:\/\/kuzeyinsesi.org\/index.php\/author\/guven\/"}]}},"_links":{"self":[{"href":"https:\/\/kuzeyinsesi.org\/index.php\/wp-json\/wp\/v2\/posts\/19219","targetHints":{"allow":["GET"]}}],"collection":[{"href":"https:\/\/kuzeyinsesi.org\/index.php\/wp-json\/wp\/v2\/posts"}],"about":[{"href":"https:\/\/kuzeyinsesi.org\/index.php\/wp-json\/wp\/v2\/types\/post"}],"author":[{"embeddable":true,"href":"https:\/\/kuzeyinsesi.org\/index.php\/wp-json\/wp\/v2\/users\/1"}],"replies":[{"embeddable":true,"href":"https:\/\/kuzeyinsesi.org\/index.php\/wp-json\/wp\/v2\/comments?post=19219"}],"version-history":[{"count":0,"href":"https:\/\/kuzeyinsesi.org\/index.php\/wp-json\/wp\/v2\/posts\/19219\/revisions"}],"wp:featuredmedia":[{"embeddable":true,"href":"https:\/\/kuzeyinsesi.org\/index.php\/wp-json\/wp\/v2\/media\/19220"}],"wp:attachment":[{"href":"https:\/\/kuzeyinsesi.org\/index.php\/wp-json\/wp\/v2\/media?parent=19219"}],"wp:term":[{"taxonomy":"category","embeddable":true,"href":"https:\/\/kuzeyinsesi.org\/index.php\/wp-json\/wp\/v2\/categories?post=19219"},{"taxonomy":"post_tag","embeddable":true,"href":"https:\/\/kuzeyinsesi.org\/index.php\/wp-json\/wp\/v2\/tags?post=19219"}],"curies":[{"name":"wp","href":"https:\/\/api.w.org\/{rel}","templated":true}]}}