{"id":19173,"date":"2025-02-17T10:55:43","date_gmt":"2025-02-17T08:55:43","guid":{"rendered":"https:\/\/kuzeyinsesi.org\/index.php\/2025\/02\/17\/cagdas-muzik-dernegi-bursa-ve-budapestede-sahne-aldi\/"},"modified":"2025-02-17T10:55:43","modified_gmt":"2025-02-17T08:55:43","slug":"cagdas-muzik-dernegi-bursa-ve-budapestede-sahne-aldi","status":"publish","type":"post","link":"https:\/\/kuzeyinsesi.org\/index.php\/2025\/02\/17\/cagdas-muzik-dernegi-bursa-ve-budapestede-sahne-aldi\/","title":{"rendered":"\u00c7a\u011fda\u015f M\u00fczik Derne\u011fi Bursa ve Budape\u015fte\u2019de sahne ald\u0131"},"content":{"rendered":"<div>\n<div class=\"mariselle-image-container center\">\n                                            <\/div>\n<p>\u00c7a\u011fda\u015f M\u00fczik Derne\u011fi T\u00fcrk Sanat M\u00fczi\u011fi (TSM) Korosu, Bursa ve Budape\u015fte\u2019de d\u00fczenlenen konserlerde sahne ald\u0131.<\/p>\n<p>Dernekten yap\u0131lan a\u00e7\u0131klamaya g\u00f6re, TSM Korosu 10-11 \u015eubat\u2019ta Bursa\u2019da, Konservatuvar Mezunlar\u0131 Derne\u011fi Korosu ve Fatih Erko\u00e7 Sanat Akademisi TSM Korosu ile \u201cSevgiyle El Ele\u201d konseptiyle m\u00fczikseverlerle bulu\u015ftu.<\/p>\n<p>Konserler \u00f6ncesinde, Dernek Ba\u015fkan\u0131 Ersin T\u00fcnay, Osmangazi Belediye Ba\u015fkan Yard\u0131mc\u0131s\u0131 Mutlu Esendemir\u2019i ziyaret ederek plaket takdim etti.<\/p>\n<p>Ard\u0131ndan, 12 \u015eubat tarihinde Macaristan\u2019\u0131n ba\u015fkenti Budape\u015fte\u2019ye giden koro, 14 \u015eubat Sevgililer G\u00fcn\u00fc \u00d6zel Konseri ile Macar ve T\u00fcrk sanatseverlerin kar\u015f\u0131s\u0131na \u00e7\u0131kt\u0131. Elli ki\u015filik ekibiyle b\u00fcy\u00fck be\u011feni toplayan koro, izleyiciler taraf\u0131ndan ayakta alk\u0131\u015fland\u0131.<\/p>\n<p>Budape\u015fte konseri \u00f6ncesinde Dernek Ba\u015fkan\u0131 Ersin T\u00fcnay, T\u00fcrkiye Cumhuriyeti Budape\u015fte B\u00fcy\u00fckel\u00e7ili\u011fi ve Kuzey K\u0131br\u0131s T\u00fcrk Cumhuriyeti Budape\u015fte Temsilcili\u011fi\u2019ni ziyaret etti.<\/p>\n<\/p><\/div>\n<p><script async\n                    defer\n                    crossorigin=\"anonymous\"\n                    src=\"https:\/\/connect.facebook.net\/tr_TR\/sdk.js#xfbml=1&#038;version=v3.3\"\n            ><\/script><\/p>\n","protected":false},"excerpt":{"rendered":"<p>\u00c7a\u011fda\u015f M\u00fczik Derne\u011fi T\u00fcrk Sanat M\u00fczi\u011fi (TSM) Korosu, Bursa ve Budape\u015fte\u2019de d\u00fczenlenen konserlerde sahne ald\u0131. Dernekten yap\u0131lan a\u00e7\u0131klamaya g\u00f6re, TSM Korosu 10-11 \u015eubat\u2019ta Bursa\u2019da, Konservatuvar Mezunlar\u0131 Derne\u011fi Korosu ve Fatih Erko\u00e7 Sanat Akademisi TSM Korosu ile \u201cSevgiyle El Ele\u201d konseptiyle m\u00fczikseverlerle bulu\u015ftu. Konserler \u00f6ncesinde, Dernek Ba\u015fkan\u0131 Ersin T\u00fcnay, Osmangazi Belediye Ba\u015fkan Yard\u0131mc\u0131s\u0131 Mutlu Esendemir\u2019i ziyaret [&hellip;]<\/p>\n","protected":false},"author":1,"featured_media":19174,"comment_status":"open","ping_status":"open","sticky":false,"template":"","format":"standard","meta":{"jnews-multi-image_gallery":[],"jnews_single_post":[],"jnews_primary_category":[],"jnews_social_meta":[],"jnews_override_counter":[],"footnotes":""},"categories":[6],"tags":[],"class_list":["post-19173","post","type-post","status-publish","format-standard","has-post-thumbnail","hentry","category-yasam"],"yoast_head":"<!-- This site is optimized with the Yoast SEO plugin v27.4 - https:\/\/yoast.com\/product\/yoast-seo-wordpress\/ -->\n<title>\u00c7a\u011fda\u015f M\u00fczik Derne\u011fi Bursa ve Budape\u015fte\u2019de sahne ald\u0131 - Kuzeyin Sesi<\/title>\n<meta name=\"robots\" content=\"index, follow, max-snippet:-1, max-image-preview:large, max-video-preview:-1\" \/>\n<link rel=\"canonical\" href=\"https:\/\/kuzeyinsesi.org\/index.php\/2025\/02\/17\/cagdas-muzik-dernegi-bursa-ve-budapestede-sahne-aldi\/\" \/>\n<meta property=\"og:locale\" content=\"tr_TR\" \/>\n<meta property=\"og:type\" content=\"article\" \/>\n<meta property=\"og:title\" content=\"\u00c7a\u011fda\u015f M\u00fczik Derne\u011fi Bursa ve Budape\u015fte\u2019de sahne ald\u0131 - Kuzeyin Sesi\" \/>\n<meta property=\"og:description\" content=\"\u00c7a\u011fda\u015f M\u00fczik Derne\u011fi T\u00fcrk Sanat M\u00fczi\u011fi (TSM) Korosu, Bursa ve Budape\u015fte\u2019de d\u00fczenlenen konserlerde sahne ald\u0131. Dernekten yap\u0131lan a\u00e7\u0131klamaya g\u00f6re, TSM Korosu 10-11 \u015eubat\u2019ta Bursa\u2019da, Konservatuvar Mezunlar\u0131 Derne\u011fi Korosu ve Fatih Erko\u00e7 Sanat Akademisi TSM Korosu ile \u201cSevgiyle El Ele\u201d konseptiyle m\u00fczikseverlerle bulu\u015ftu. Konserler \u00f6ncesinde, Dernek Ba\u015fkan\u0131 Ersin T\u00fcnay, Osmangazi Belediye Ba\u015fkan Yard\u0131mc\u0131s\u0131 Mutlu Esendemir\u2019i ziyaret [&hellip;]\" \/>\n<meta property=\"og:url\" content=\"https:\/\/kuzeyinsesi.org\/index.php\/2025\/02\/17\/cagdas-muzik-dernegi-bursa-ve-budapestede-sahne-aldi\/\" \/>\n<meta property=\"og:site_name\" content=\"Kuzeyin Sesi\" \/>\n<meta property=\"article:publisher\" content=\"https:\/\/www.facebook.com\/kuzeyinsesii\" \/>\n<meta property=\"article:published_time\" content=\"2025-02-17T08:55:43+00:00\" \/>\n<meta property=\"og:image\" content=\"https:\/\/brtk.net\/wp-content\/uploads\/2025\/02\/17\/99999999999999999999999999999999999.jpeg?ver=78a2f04949d2b868fb6fd30ce6d0ca38\" \/>\n<meta name=\"author\" content=\"Kuzeyin Sesi\" \/>\n<meta name=\"twitter:card\" content=\"summary_large_image\" \/>\n<meta name=\"twitter:creator\" content=\"@kuzeyinsesii\" \/>\n<meta name=\"twitter:site\" content=\"@kuzeyinsesii\" \/>\n<meta name=\"twitter:label1\" content=\"Yazan:\" \/>\n\t<meta name=\"twitter:data1\" content=\"Kuzeyin Sesi\" \/>\n\t<meta name=\"twitter:label2\" content=\"Tahmini okuma s\u00fcresi\" \/>\n\t<meta name=\"twitter:data2\" content=\"1 dakika\" \/>\n<script type=\"application\/ld+json\" class=\"yoast-schema-graph\">{\"@context\":\"https:\\\/\\\/schema.org\",\"@graph\":[{\"@type\":\"Article\",\"@id\":\"https:\\\/\\\/kuzeyinsesi.org\\\/index.php\\\/2025\\\/02\\\/17\\\/cagdas-muzik-dernegi-bursa-ve-budapestede-sahne-aldi\\\/#article\",\"isPartOf\":{\"@id\":\"https:\\\/\\\/kuzeyinsesi.org\\\/index.php\\\/2025\\\/02\\\/17\\\/cagdas-muzik-dernegi-bursa-ve-budapestede-sahne-aldi\\\/\"},\"author\":{\"name\":\"Kuzeyin Sesi\",\"@id\":\"https:\\\/\\\/kuzeyinsesi.org\\\/#\\\/schema\\\/person\\\/9f859689cdf01485597712386e37f5aa\"},\"headline\":\"\u00c7a\u011fda\u015f M\u00fczik Derne\u011fi Bursa ve Budape\u015fte\u2019de sahne ald\u0131\",\"datePublished\":\"2025-02-17T08:55:43+00:00\",\"mainEntityOfPage\":{\"@id\":\"https:\\\/\\\/kuzeyinsesi.org\\\/index.php\\\/2025\\\/02\\\/17\\\/cagdas-muzik-dernegi-bursa-ve-budapestede-sahne-aldi\\\/\"},\"wordCount\":176,\"commentCount\":0,\"image\":{\"@id\":\"https:\\\/\\\/kuzeyinsesi.org\\\/index.php\\\/2025\\\/02\\\/17\\\/cagdas-muzik-dernegi-bursa-ve-budapestede-sahne-aldi\\\/#primaryimage\"},\"thumbnailUrl\":\"https:\\\/\\\/kuzeyinsesi.org\\\/wp-content\\\/uploads\\\/2025\\\/02\\\/99999999999999999999999999999999999.jpeg\",\"articleSection\":[\"Ya\u015fam\"],\"inLanguage\":\"tr\",\"potentialAction\":[{\"@type\":\"CommentAction\",\"name\":\"Comment\",\"target\":[\"https:\\\/\\\/kuzeyinsesi.org\\\/index.php\\\/2025\\\/02\\\/17\\\/cagdas-muzik-dernegi-bursa-ve-budapestede-sahne-aldi\\\/#respond\"]}]},{\"@type\":\"WebPage\",\"@id\":\"https:\\\/\\\/kuzeyinsesi.org\\\/index.php\\\/2025\\\/02\\\/17\\\/cagdas-muzik-dernegi-bursa-ve-budapestede-sahne-aldi\\\/\",\"url\":\"https:\\\/\\\/kuzeyinsesi.org\\\/index.php\\\/2025\\\/02\\\/17\\\/cagdas-muzik-dernegi-bursa-ve-budapestede-sahne-aldi\\\/\",\"name\":\"\u00c7a\u011fda\u015f M\u00fczik Derne\u011fi Bursa ve Budape\u015fte\u2019de sahne ald\u0131 - Kuzeyin Sesi\",\"isPartOf\":{\"@id\":\"https:\\\/\\\/kuzeyinsesi.org\\\/#website\"},\"primaryImageOfPage\":{\"@id\":\"https:\\\/\\\/kuzeyinsesi.org\\\/index.php\\\/2025\\\/02\\\/17\\\/cagdas-muzik-dernegi-bursa-ve-budapestede-sahne-aldi\\\/#primaryimage\"},\"image\":{\"@id\":\"https:\\\/\\\/kuzeyinsesi.org\\\/index.php\\\/2025\\\/02\\\/17\\\/cagdas-muzik-dernegi-bursa-ve-budapestede-sahne-aldi\\\/#primaryimage\"},\"thumbnailUrl\":\"https:\\\/\\\/kuzeyinsesi.org\\\/wp-content\\\/uploads\\\/2025\\\/02\\\/99999999999999999999999999999999999.jpeg\",\"datePublished\":\"2025-02-17T08:55:43+00:00\",\"author\":{\"@id\":\"https:\\\/\\\/kuzeyinsesi.org\\\/#\\\/schema\\\/person\\\/9f859689cdf01485597712386e37f5aa\"},\"breadcrumb\":{\"@id\":\"https:\\\/\\\/kuzeyinsesi.org\\\/index.php\\\/2025\\\/02\\\/17\\\/cagdas-muzik-dernegi-bursa-ve-budapestede-sahne-aldi\\\/#breadcrumb\"},\"inLanguage\":\"tr\",\"potentialAction\":[{\"@type\":\"ReadAction\",\"target\":[\"https:\\\/\\\/kuzeyinsesi.org\\\/index.php\\\/2025\\\/02\\\/17\\\/cagdas-muzik-dernegi-bursa-ve-budapestede-sahne-aldi\\\/\"]}]},{\"@type\":\"ImageObject\",\"inLanguage\":\"tr\",\"@id\":\"https:\\\/\\\/kuzeyinsesi.org\\\/index.php\\\/2025\\\/02\\\/17\\\/cagdas-muzik-dernegi-bursa-ve-budapestede-sahne-aldi\\\/#primaryimage\",\"url\":\"https:\\\/\\\/kuzeyinsesi.org\\\/wp-content\\\/uploads\\\/2025\\\/02\\\/99999999999999999999999999999999999.jpeg\",\"contentUrl\":\"https:\\\/\\\/kuzeyinsesi.org\\\/wp-content\\\/uploads\\\/2025\\\/02\\\/99999999999999999999999999999999999.jpeg\",\"width\":2048,\"height\":1365},{\"@type\":\"BreadcrumbList\",\"@id\":\"https:\\\/\\\/kuzeyinsesi.org\\\/index.php\\\/2025\\\/02\\\/17\\\/cagdas-muzik-dernegi-bursa-ve-budapestede-sahne-aldi\\\/#breadcrumb\",\"itemListElement\":[{\"@type\":\"ListItem\",\"position\":1,\"name\":\"Anasayfa\",\"item\":\"https:\\\/\\\/kuzeyinsesi.org\\\/\"},{\"@type\":\"ListItem\",\"position\":2,\"name\":\"\u00c7a\u011fda\u015f M\u00fczik Derne\u011fi Bursa ve Budape\u015fte\u2019de sahne ald\u0131\"}]},{\"@type\":\"WebSite\",\"@id\":\"https:\\\/\\\/kuzeyinsesi.org\\\/#website\",\"url\":\"https:\\\/\\\/kuzeyinsesi.org\\\/\",\"name\":\"Kuzeyin Sesi\",\"description\":\"Do\u011fru Haberin Adresi\",\"potentialAction\":[{\"@type\":\"SearchAction\",\"target\":{\"@type\":\"EntryPoint\",\"urlTemplate\":\"https:\\\/\\\/kuzeyinsesi.org\\\/?s={search_term_string}\"},\"query-input\":{\"@type\":\"PropertyValueSpecification\",\"valueRequired\":true,\"valueName\":\"search_term_string\"}}],\"inLanguage\":\"tr\"},{\"@type\":\"Person\",\"@id\":\"https:\\\/\\\/kuzeyinsesi.org\\\/#\\\/schema\\\/person\\\/9f859689cdf01485597712386e37f5aa\",\"name\":\"Kuzeyin Sesi\",\"image\":{\"@type\":\"ImageObject\",\"inLanguage\":\"tr\",\"@id\":\"https:\\\/\\\/secure.gravatar.com\\\/avatar\\\/bab33852abfd8b282518d6ed81826833d77c3c882d9ab608add591ccace47a44?s=96&d=mm&r=g\",\"url\":\"https:\\\/\\\/secure.gravatar.com\\\/avatar\\\/bab33852abfd8b282518d6ed81826833d77c3c882d9ab608add591ccace47a44?s=96&d=mm&r=g\",\"contentUrl\":\"https:\\\/\\\/secure.gravatar.com\\\/avatar\\\/bab33852abfd8b282518d6ed81826833d77c3c882d9ab608add591ccace47a44?s=96&d=mm&r=g\",\"caption\":\"Kuzeyin Sesi\"},\"sameAs\":[\"https:\\\/\\\/kuzeyinsesi.org\"],\"url\":\"https:\\\/\\\/kuzeyinsesi.org\\\/index.php\\\/author\\\/guven\\\/\"}]}<\/script>\n<!-- \/ Yoast SEO plugin. -->","yoast_head_json":{"title":"\u00c7a\u011fda\u015f M\u00fczik Derne\u011fi Bursa ve Budape\u015fte\u2019de sahne ald\u0131 - Kuzeyin Sesi","robots":{"index":"index","follow":"follow","max-snippet":"max-snippet:-1","max-image-preview":"max-image-preview:large","max-video-preview":"max-video-preview:-1"},"canonical":"https:\/\/kuzeyinsesi.org\/index.php\/2025\/02\/17\/cagdas-muzik-dernegi-bursa-ve-budapestede-sahne-aldi\/","og_locale":"tr_TR","og_type":"article","og_title":"\u00c7a\u011fda\u015f M\u00fczik Derne\u011fi Bursa ve Budape\u015fte\u2019de sahne ald\u0131 - Kuzeyin Sesi","og_description":"\u00c7a\u011fda\u015f M\u00fczik Derne\u011fi T\u00fcrk Sanat M\u00fczi\u011fi (TSM) Korosu, Bursa ve Budape\u015fte\u2019de d\u00fczenlenen konserlerde sahne ald\u0131. Dernekten yap\u0131lan a\u00e7\u0131klamaya g\u00f6re, TSM Korosu 10-11 \u015eubat\u2019ta Bursa\u2019da, Konservatuvar Mezunlar\u0131 Derne\u011fi Korosu ve Fatih Erko\u00e7 Sanat Akademisi TSM Korosu ile \u201cSevgiyle El Ele\u201d konseptiyle m\u00fczikseverlerle bulu\u015ftu. Konserler \u00f6ncesinde, Dernek Ba\u015fkan\u0131 Ersin T\u00fcnay, Osmangazi Belediye Ba\u015fkan Yard\u0131mc\u0131s\u0131 Mutlu Esendemir\u2019i ziyaret [&hellip;]","og_url":"https:\/\/kuzeyinsesi.org\/index.php\/2025\/02\/17\/cagdas-muzik-dernegi-bursa-ve-budapestede-sahne-aldi\/","og_site_name":"Kuzeyin Sesi","article_publisher":"https:\/\/www.facebook.com\/kuzeyinsesii","article_published_time":"2025-02-17T08:55:43+00:00","og_image":[{"url":"https:\/\/brtk.net\/wp-content\/uploads\/2025\/02\/17\/99999999999999999999999999999999999.jpeg?ver=78a2f04949d2b868fb6fd30ce6d0ca38","type":"","width":"","height":""}],"author":"Kuzeyin Sesi","twitter_card":"summary_large_image","twitter_creator":"@kuzeyinsesii","twitter_site":"@kuzeyinsesii","twitter_misc":{"Yazan:":"Kuzeyin Sesi","Tahmini okuma s\u00fcresi":"1 dakika"},"schema":{"@context":"https:\/\/schema.org","@graph":[{"@type":"Article","@id":"https:\/\/kuzeyinsesi.org\/index.php\/2025\/02\/17\/cagdas-muzik-dernegi-bursa-ve-budapestede-sahne-aldi\/#article","isPartOf":{"@id":"https:\/\/kuzeyinsesi.org\/index.php\/2025\/02\/17\/cagdas-muzik-dernegi-bursa-ve-budapestede-sahne-aldi\/"},"author":{"name":"Kuzeyin Sesi","@id":"https:\/\/kuzeyinsesi.org\/#\/schema\/person\/9f859689cdf01485597712386e37f5aa"},"headline":"\u00c7a\u011fda\u015f M\u00fczik Derne\u011fi Bursa ve Budape\u015fte\u2019de sahne ald\u0131","datePublished":"2025-02-17T08:55:43+00:00","mainEntityOfPage":{"@id":"https:\/\/kuzeyinsesi.org\/index.php\/2025\/02\/17\/cagdas-muzik-dernegi-bursa-ve-budapestede-sahne-aldi\/"},"wordCount":176,"commentCount":0,"image":{"@id":"https:\/\/kuzeyinsesi.org\/index.php\/2025\/02\/17\/cagdas-muzik-dernegi-bursa-ve-budapestede-sahne-aldi\/#primaryimage"},"thumbnailUrl":"https:\/\/kuzeyinsesi.org\/wp-content\/uploads\/2025\/02\/99999999999999999999999999999999999.jpeg","articleSection":["Ya\u015fam"],"inLanguage":"tr","potentialAction":[{"@type":"CommentAction","name":"Comment","target":["https:\/\/kuzeyinsesi.org\/index.php\/2025\/02\/17\/cagdas-muzik-dernegi-bursa-ve-budapestede-sahne-aldi\/#respond"]}]},{"@type":"WebPage","@id":"https:\/\/kuzeyinsesi.org\/index.php\/2025\/02\/17\/cagdas-muzik-dernegi-bursa-ve-budapestede-sahne-aldi\/","url":"https:\/\/kuzeyinsesi.org\/index.php\/2025\/02\/17\/cagdas-muzik-dernegi-bursa-ve-budapestede-sahne-aldi\/","name":"\u00c7a\u011fda\u015f M\u00fczik Derne\u011fi Bursa ve Budape\u015fte\u2019de sahne ald\u0131 - Kuzeyin Sesi","isPartOf":{"@id":"https:\/\/kuzeyinsesi.org\/#website"},"primaryImageOfPage":{"@id":"https:\/\/kuzeyinsesi.org\/index.php\/2025\/02\/17\/cagdas-muzik-dernegi-bursa-ve-budapestede-sahne-aldi\/#primaryimage"},"image":{"@id":"https:\/\/kuzeyinsesi.org\/index.php\/2025\/02\/17\/cagdas-muzik-dernegi-bursa-ve-budapestede-sahne-aldi\/#primaryimage"},"thumbnailUrl":"https:\/\/kuzeyinsesi.org\/wp-content\/uploads\/2025\/02\/99999999999999999999999999999999999.jpeg","datePublished":"2025-02-17T08:55:43+00:00","author":{"@id":"https:\/\/kuzeyinsesi.org\/#\/schema\/person\/9f859689cdf01485597712386e37f5aa"},"breadcrumb":{"@id":"https:\/\/kuzeyinsesi.org\/index.php\/2025\/02\/17\/cagdas-muzik-dernegi-bursa-ve-budapestede-sahne-aldi\/#breadcrumb"},"inLanguage":"tr","potentialAction":[{"@type":"ReadAction","target":["https:\/\/kuzeyinsesi.org\/index.php\/2025\/02\/17\/cagdas-muzik-dernegi-bursa-ve-budapestede-sahne-aldi\/"]}]},{"@type":"ImageObject","inLanguage":"tr","@id":"https:\/\/kuzeyinsesi.org\/index.php\/2025\/02\/17\/cagdas-muzik-dernegi-bursa-ve-budapestede-sahne-aldi\/#primaryimage","url":"https:\/\/kuzeyinsesi.org\/wp-content\/uploads\/2025\/02\/99999999999999999999999999999999999.jpeg","contentUrl":"https:\/\/kuzeyinsesi.org\/wp-content\/uploads\/2025\/02\/99999999999999999999999999999999999.jpeg","width":2048,"height":1365},{"@type":"BreadcrumbList","@id":"https:\/\/kuzeyinsesi.org\/index.php\/2025\/02\/17\/cagdas-muzik-dernegi-bursa-ve-budapestede-sahne-aldi\/#breadcrumb","itemListElement":[{"@type":"ListItem","position":1,"name":"Anasayfa","item":"https:\/\/kuzeyinsesi.org\/"},{"@type":"ListItem","position":2,"name":"\u00c7a\u011fda\u015f M\u00fczik Derne\u011fi Bursa ve Budape\u015fte\u2019de sahne ald\u0131"}]},{"@type":"WebSite","@id":"https:\/\/kuzeyinsesi.org\/#website","url":"https:\/\/kuzeyinsesi.org\/","name":"Kuzeyin Sesi","description":"Do\u011fru Haberin Adresi","potentialAction":[{"@type":"SearchAction","target":{"@type":"EntryPoint","urlTemplate":"https:\/\/kuzeyinsesi.org\/?s={search_term_string}"},"query-input":{"@type":"PropertyValueSpecification","valueRequired":true,"valueName":"search_term_string"}}],"inLanguage":"tr"},{"@type":"Person","@id":"https:\/\/kuzeyinsesi.org\/#\/schema\/person\/9f859689cdf01485597712386e37f5aa","name":"Kuzeyin Sesi","image":{"@type":"ImageObject","inLanguage":"tr","@id":"https:\/\/secure.gravatar.com\/avatar\/bab33852abfd8b282518d6ed81826833d77c3c882d9ab608add591ccace47a44?s=96&d=mm&r=g","url":"https:\/\/secure.gravatar.com\/avatar\/bab33852abfd8b282518d6ed81826833d77c3c882d9ab608add591ccace47a44?s=96&d=mm&r=g","contentUrl":"https:\/\/secure.gravatar.com\/avatar\/bab33852abfd8b282518d6ed81826833d77c3c882d9ab608add591ccace47a44?s=96&d=mm&r=g","caption":"Kuzeyin Sesi"},"sameAs":["https:\/\/kuzeyinsesi.org"],"url":"https:\/\/kuzeyinsesi.org\/index.php\/author\/guven\/"}]}},"_links":{"self":[{"href":"https:\/\/kuzeyinsesi.org\/index.php\/wp-json\/wp\/v2\/posts\/19173","targetHints":{"allow":["GET"]}}],"collection":[{"href":"https:\/\/kuzeyinsesi.org\/index.php\/wp-json\/wp\/v2\/posts"}],"about":[{"href":"https:\/\/kuzeyinsesi.org\/index.php\/wp-json\/wp\/v2\/types\/post"}],"author":[{"embeddable":true,"href":"https:\/\/kuzeyinsesi.org\/index.php\/wp-json\/wp\/v2\/users\/1"}],"replies":[{"embeddable":true,"href":"https:\/\/kuzeyinsesi.org\/index.php\/wp-json\/wp\/v2\/comments?post=19173"}],"version-history":[{"count":0,"href":"https:\/\/kuzeyinsesi.org\/index.php\/wp-json\/wp\/v2\/posts\/19173\/revisions"}],"wp:featuredmedia":[{"embeddable":true,"href":"https:\/\/kuzeyinsesi.org\/index.php\/wp-json\/wp\/v2\/media\/19174"}],"wp:attachment":[{"href":"https:\/\/kuzeyinsesi.org\/index.php\/wp-json\/wp\/v2\/media?parent=19173"}],"wp:term":[{"taxonomy":"category","embeddable":true,"href":"https:\/\/kuzeyinsesi.org\/index.php\/wp-json\/wp\/v2\/categories?post=19173"},{"taxonomy":"post_tag","embeddable":true,"href":"https:\/\/kuzeyinsesi.org\/index.php\/wp-json\/wp\/v2\/tags?post=19173"}],"curies":[{"name":"wp","href":"https:\/\/api.w.org\/{rel}","templated":true}]}}