{"id":19151,"date":"2025-02-16T14:26:33","date_gmt":"2025-02-16T12:26:33","guid":{"rendered":"https:\/\/kuzeyinsesi.org\/index.php\/2025\/02\/16\/prof-dr-halis-dokgoz-kusursuz-cinayet-kitabi-imza-gunu-ve-karikatur-sergisi-nisan-ayinda-kktcde-yapilacak\/"},"modified":"2025-02-16T14:26:33","modified_gmt":"2025-02-16T12:26:33","slug":"prof-dr-halis-dokgoz-kusursuz-cinayet-kitabi-imza-gunu-ve-karikatur-sergisi-nisan-ayinda-kktcde-yapilacak","status":"publish","type":"post","link":"https:\/\/kuzeyinsesi.org\/index.php\/2025\/02\/16\/prof-dr-halis-dokgoz-kusursuz-cinayet-kitabi-imza-gunu-ve-karikatur-sergisi-nisan-ayinda-kktcde-yapilacak\/","title":{"rendered":"Prof. Dr. Halis Dokg\u00f6z \u201cKusursuz Cinayet\u201d kitab\u0131 imza g\u00fcn\u00fc ve karikat\u00fcr sergisi nisan ay\u0131nda KKTC\u2019de yap\u0131lacak"},"content":{"rendered":"<div>\n<div class=\"mariselle-image-container none\">\n                                            <\/div>\n<p>T\u00fcrkiyeli Adli T\u0131p Uzman\u0131 ve karikat\u00fcrist Prof. Dr. Halis Dokg\u00f6z, \u201cKusursuz Cinayet\u201d kitab\u0131n\u0131 ve ayn\u0131 ad\u0131 ta\u015f\u0131yan karikat\u00fcr sergisini nisan ay\u0131nda KKTC\u2019ye ta\u015f\u0131yor.<\/p>\n<p>Dokg\u00f6z, 22 Nisan\u2019da Girne\u2019de sergi a\u00e7acak; 24 Nisan\u2019da ise\u00a0Lefko\u015fa\u2019da R\u00fcstem Kitabevi\u2019nde imza g\u00fcn\u00fc ve s\u00f6yle\u015fi d\u00fczenleyecek.<\/p>\n<p>Sergi k\u00fcrat\u00f6r\u00fc Luna T\u00fclay Okan\u2019\u0131n yapt\u0131\u011f\u0131 a\u00e7\u0131klamaya g\u00f6re, adli t\u0131p alan\u0131nda 28 y\u0131ll\u0131k deneyimiyle tan\u0131nan Prof. Dr. Halis\u00a0Dokg\u00f6z\u2019un \u201cKusursuz Cinayet\u201d adl\u0131 kitab\u0131, adli t\u0131p ve adli bilimler alanlar\u0131nda bilimsel veriler ve tarihsel perspektif \u0131\u015f\u0131\u011f\u0131nda su\u00e7 ve adli olaylar\u0131n incelenmesini konu al\u0131yor.<\/p>\n<p>20 b\u00f6l\u00fcmden olu\u015fan kitab\u0131n imza g\u00fcn\u00fc ve s\u00f6yle\u015fisi, 24 Nisan Per\u015fembe g\u00fcn\u00fc saat 19.00\u2019da R\u00fcstem Kitabevi\u2019nde ger\u00e7ekle\u015fecek.<\/p>\n<p><strong>\u2013 Karikat\u00fcr sergisi 22-25 Nisan tarihlerinde sanatseverlerle bulu\u015facak<\/strong><\/p>\n<p>\u201c\u0130zah\u0131 olmayan \u015feylerin mizah\u0131 olur\u201d anlay\u0131\u015f\u0131yla haz\u0131rlanan Prof. Dr. Halis Dokg\u00f6z\u2019un karikat\u00fcr sergisi ise, Luna T\u00fclay Okan\u2019\u0131n k\u00fcrat\u00f6rl\u00fc\u011f\u00fcnde 22 Nisan Sal\u0131 g\u00fcn\u00fc saat 14.00\u2019te Girne Belediyesi Kurumsal Alan Sergi Salonu\u2019nda ziyaret\u00e7ilere kap\u0131lar\u0131n\u0131 a\u00e7acak.<\/p>\n<p>Sergi, 22-25 Nisan tarihleri aras\u0131nda mesai saatleri i\u00e7inde gezilebilecek.<\/p>\n<\/p><\/div>\n<p><script async\n                    defer\n                    crossorigin=\"anonymous\"\n                    src=\"https:\/\/connect.facebook.net\/tr_TR\/sdk.js#xfbml=1&#038;version=v3.3\"\n            ><\/script><\/p>\n","protected":false},"excerpt":{"rendered":"<p>T\u00fcrkiyeli Adli T\u0131p Uzman\u0131 ve karikat\u00fcrist Prof. Dr. Halis Dokg\u00f6z, \u201cKusursuz Cinayet\u201d kitab\u0131n\u0131 ve ayn\u0131 ad\u0131 ta\u015f\u0131yan karikat\u00fcr sergisini nisan ay\u0131nda KKTC\u2019ye ta\u015f\u0131yor. Dokg\u00f6z, 22 Nisan\u2019da Girne\u2019de sergi a\u00e7acak; 24 Nisan\u2019da ise\u00a0Lefko\u015fa\u2019da R\u00fcstem Kitabevi\u2019nde imza g\u00fcn\u00fc ve s\u00f6yle\u015fi d\u00fczenleyecek. Sergi k\u00fcrat\u00f6r\u00fc Luna T\u00fclay Okan\u2019\u0131n yapt\u0131\u011f\u0131 a\u00e7\u0131klamaya g\u00f6re, adli t\u0131p alan\u0131nda 28 y\u0131ll\u0131k deneyimiyle tan\u0131nan Prof. [&hellip;]<\/p>\n","protected":false},"author":1,"featured_media":19152,"comment_status":"open","ping_status":"open","sticky":false,"template":"","format":"standard","meta":{"jnews-multi-image_gallery":[],"jnews_single_post":[],"jnews_primary_category":[],"jnews_social_meta":[],"jnews_override_counter":[],"footnotes":""},"categories":[6],"tags":[],"class_list":["post-19151","post","type-post","status-publish","format-standard","has-post-thumbnail","hentry","category-yasam"],"yoast_head":"<!-- This site is optimized with the Yoast SEO plugin v27.4 - https:\/\/yoast.com\/product\/yoast-seo-wordpress\/ -->\n<title>Prof. Dr. Halis Dokg\u00f6z \u201cKusursuz Cinayet\u201d kitab\u0131 imza g\u00fcn\u00fc ve karikat\u00fcr sergisi nisan ay\u0131nda KKTC\u2019de yap\u0131lacak - Kuzeyin Sesi<\/title>\n<meta name=\"robots\" content=\"index, follow, max-snippet:-1, max-image-preview:large, max-video-preview:-1\" \/>\n<link rel=\"canonical\" href=\"https:\/\/kuzeyinsesi.org\/index.php\/2025\/02\/16\/prof-dr-halis-dokgoz-kusursuz-cinayet-kitabi-imza-gunu-ve-karikatur-sergisi-nisan-ayinda-kktcde-yapilacak\/\" \/>\n<meta property=\"og:locale\" content=\"tr_TR\" \/>\n<meta property=\"og:type\" content=\"article\" \/>\n<meta property=\"og:title\" content=\"Prof. Dr. Halis Dokg\u00f6z \u201cKusursuz Cinayet\u201d kitab\u0131 imza g\u00fcn\u00fc ve karikat\u00fcr sergisi nisan ay\u0131nda KKTC\u2019de yap\u0131lacak - Kuzeyin Sesi\" \/>\n<meta property=\"og:description\" content=\"T\u00fcrkiyeli Adli T\u0131p Uzman\u0131 ve karikat\u00fcrist Prof. Dr. Halis Dokg\u00f6z, \u201cKusursuz Cinayet\u201d kitab\u0131n\u0131 ve ayn\u0131 ad\u0131 ta\u015f\u0131yan karikat\u00fcr sergisini nisan ay\u0131nda KKTC\u2019ye ta\u015f\u0131yor. Dokg\u00f6z, 22 Nisan\u2019da Girne\u2019de sergi a\u00e7acak; 24 Nisan\u2019da ise\u00a0Lefko\u015fa\u2019da R\u00fcstem Kitabevi\u2019nde imza g\u00fcn\u00fc ve s\u00f6yle\u015fi d\u00fczenleyecek. Sergi k\u00fcrat\u00f6r\u00fc Luna T\u00fclay Okan\u2019\u0131n yapt\u0131\u011f\u0131 a\u00e7\u0131klamaya g\u00f6re, adli t\u0131p alan\u0131nda 28 y\u0131ll\u0131k deneyimiyle tan\u0131nan Prof. [&hellip;]\" \/>\n<meta property=\"og:url\" content=\"https:\/\/kuzeyinsesi.org\/index.php\/2025\/02\/16\/prof-dr-halis-dokgoz-kusursuz-cinayet-kitabi-imza-gunu-ve-karikatur-sergisi-nisan-ayinda-kktcde-yapilacak\/\" \/>\n<meta property=\"og:site_name\" content=\"Kuzeyin Sesi\" \/>\n<meta property=\"article:publisher\" content=\"https:\/\/www.facebook.com\/kuzeyinsesii\" \/>\n<meta property=\"article:published_time\" content=\"2025-02-16T12:26:33+00:00\" \/>\n<meta property=\"og:image\" content=\"https:\/\/brtk.net\/wp-content\/uploads\/2025\/02\/16\/1739699796529DAVETIYE.jpeg?ver=d82ea9349d182f880983fdb596fb8ddd\" \/>\n<meta name=\"author\" content=\"Kuzeyin Sesi\" \/>\n<meta name=\"twitter:card\" content=\"summary_large_image\" \/>\n<meta name=\"twitter:creator\" content=\"@kuzeyinsesii\" \/>\n<meta name=\"twitter:site\" content=\"@kuzeyinsesii\" \/>\n<meta name=\"twitter:label1\" content=\"Yazan:\" \/>\n\t<meta name=\"twitter:data1\" content=\"Kuzeyin Sesi\" \/>\n\t<meta name=\"twitter:label2\" content=\"Tahmini okuma s\u00fcresi\" \/>\n\t<meta name=\"twitter:data2\" content=\"1 dakika\" \/>\n<script type=\"application\/ld+json\" class=\"yoast-schema-graph\">{\"@context\":\"https:\\\/\\\/schema.org\",\"@graph\":[{\"@type\":\"Article\",\"@id\":\"https:\\\/\\\/kuzeyinsesi.org\\\/index.php\\\/2025\\\/02\\\/16\\\/prof-dr-halis-dokgoz-kusursuz-cinayet-kitabi-imza-gunu-ve-karikatur-sergisi-nisan-ayinda-kktcde-yapilacak\\\/#article\",\"isPartOf\":{\"@id\":\"https:\\\/\\\/kuzeyinsesi.org\\\/index.php\\\/2025\\\/02\\\/16\\\/prof-dr-halis-dokgoz-kusursuz-cinayet-kitabi-imza-gunu-ve-karikatur-sergisi-nisan-ayinda-kktcde-yapilacak\\\/\"},\"author\":{\"name\":\"Kuzeyin Sesi\",\"@id\":\"https:\\\/\\\/kuzeyinsesi.org\\\/#\\\/schema\\\/person\\\/9f859689cdf01485597712386e37f5aa\"},\"headline\":\"Prof. Dr. Halis Dokg\u00f6z \u201cKusursuz Cinayet\u201d kitab\u0131 imza g\u00fcn\u00fc ve karikat\u00fcr sergisi nisan ay\u0131nda KKTC\u2019de yap\u0131lacak\",\"datePublished\":\"2025-02-16T12:26:33+00:00\",\"mainEntityOfPage\":{\"@id\":\"https:\\\/\\\/kuzeyinsesi.org\\\/index.php\\\/2025\\\/02\\\/16\\\/prof-dr-halis-dokgoz-kusursuz-cinayet-kitabi-imza-gunu-ve-karikatur-sergisi-nisan-ayinda-kktcde-yapilacak\\\/\"},\"wordCount\":237,\"commentCount\":0,\"image\":{\"@id\":\"https:\\\/\\\/kuzeyinsesi.org\\\/index.php\\\/2025\\\/02\\\/16\\\/prof-dr-halis-dokgoz-kusursuz-cinayet-kitabi-imza-gunu-ve-karikatur-sergisi-nisan-ayinda-kktcde-yapilacak\\\/#primaryimage\"},\"thumbnailUrl\":\"https:\\\/\\\/kuzeyinsesi.org\\\/wp-content\\\/uploads\\\/2025\\\/02\\\/1739699796529DAVETIYE.jpeg\",\"articleSection\":[\"Ya\u015fam\"],\"inLanguage\":\"tr\",\"potentialAction\":[{\"@type\":\"CommentAction\",\"name\":\"Comment\",\"target\":[\"https:\\\/\\\/kuzeyinsesi.org\\\/index.php\\\/2025\\\/02\\\/16\\\/prof-dr-halis-dokgoz-kusursuz-cinayet-kitabi-imza-gunu-ve-karikatur-sergisi-nisan-ayinda-kktcde-yapilacak\\\/#respond\"]}]},{\"@type\":\"WebPage\",\"@id\":\"https:\\\/\\\/kuzeyinsesi.org\\\/index.php\\\/2025\\\/02\\\/16\\\/prof-dr-halis-dokgoz-kusursuz-cinayet-kitabi-imza-gunu-ve-karikatur-sergisi-nisan-ayinda-kktcde-yapilacak\\\/\",\"url\":\"https:\\\/\\\/kuzeyinsesi.org\\\/index.php\\\/2025\\\/02\\\/16\\\/prof-dr-halis-dokgoz-kusursuz-cinayet-kitabi-imza-gunu-ve-karikatur-sergisi-nisan-ayinda-kktcde-yapilacak\\\/\",\"name\":\"Prof. Dr. Halis Dokg\u00f6z \u201cKusursuz Cinayet\u201d kitab\u0131 imza g\u00fcn\u00fc ve karikat\u00fcr sergisi nisan ay\u0131nda KKTC\u2019de yap\u0131lacak - Kuzeyin Sesi\",\"isPartOf\":{\"@id\":\"https:\\\/\\\/kuzeyinsesi.org\\\/#website\"},\"primaryImageOfPage\":{\"@id\":\"https:\\\/\\\/kuzeyinsesi.org\\\/index.php\\\/2025\\\/02\\\/16\\\/prof-dr-halis-dokgoz-kusursuz-cinayet-kitabi-imza-gunu-ve-karikatur-sergisi-nisan-ayinda-kktcde-yapilacak\\\/#primaryimage\"},\"image\":{\"@id\":\"https:\\\/\\\/kuzeyinsesi.org\\\/index.php\\\/2025\\\/02\\\/16\\\/prof-dr-halis-dokgoz-kusursuz-cinayet-kitabi-imza-gunu-ve-karikatur-sergisi-nisan-ayinda-kktcde-yapilacak\\\/#primaryimage\"},\"thumbnailUrl\":\"https:\\\/\\\/kuzeyinsesi.org\\\/wp-content\\\/uploads\\\/2025\\\/02\\\/1739699796529DAVETIYE.jpeg\",\"datePublished\":\"2025-02-16T12:26:33+00:00\",\"author\":{\"@id\":\"https:\\\/\\\/kuzeyinsesi.org\\\/#\\\/schema\\\/person\\\/9f859689cdf01485597712386e37f5aa\"},\"breadcrumb\":{\"@id\":\"https:\\\/\\\/kuzeyinsesi.org\\\/index.php\\\/2025\\\/02\\\/16\\\/prof-dr-halis-dokgoz-kusursuz-cinayet-kitabi-imza-gunu-ve-karikatur-sergisi-nisan-ayinda-kktcde-yapilacak\\\/#breadcrumb\"},\"inLanguage\":\"tr\",\"potentialAction\":[{\"@type\":\"ReadAction\",\"target\":[\"https:\\\/\\\/kuzeyinsesi.org\\\/index.php\\\/2025\\\/02\\\/16\\\/prof-dr-halis-dokgoz-kusursuz-cinayet-kitabi-imza-gunu-ve-karikatur-sergisi-nisan-ayinda-kktcde-yapilacak\\\/\"]}]},{\"@type\":\"ImageObject\",\"inLanguage\":\"tr\",\"@id\":\"https:\\\/\\\/kuzeyinsesi.org\\\/index.php\\\/2025\\\/02\\\/16\\\/prof-dr-halis-dokgoz-kusursuz-cinayet-kitabi-imza-gunu-ve-karikatur-sergisi-nisan-ayinda-kktcde-yapilacak\\\/#primaryimage\",\"url\":\"https:\\\/\\\/kuzeyinsesi.org\\\/wp-content\\\/uploads\\\/2025\\\/02\\\/1739699796529DAVETIYE.jpeg\",\"contentUrl\":\"https:\\\/\\\/kuzeyinsesi.org\\\/wp-content\\\/uploads\\\/2025\\\/02\\\/1739699796529DAVETIYE.jpeg\",\"width\":930,\"height\":414},{\"@type\":\"BreadcrumbList\",\"@id\":\"https:\\\/\\\/kuzeyinsesi.org\\\/index.php\\\/2025\\\/02\\\/16\\\/prof-dr-halis-dokgoz-kusursuz-cinayet-kitabi-imza-gunu-ve-karikatur-sergisi-nisan-ayinda-kktcde-yapilacak\\\/#breadcrumb\",\"itemListElement\":[{\"@type\":\"ListItem\",\"position\":1,\"name\":\"Anasayfa\",\"item\":\"https:\\\/\\\/kuzeyinsesi.org\\\/\"},{\"@type\":\"ListItem\",\"position\":2,\"name\":\"Prof. Dr. Halis Dokg\u00f6z \u201cKusursuz Cinayet\u201d kitab\u0131 imza g\u00fcn\u00fc ve karikat\u00fcr sergisi nisan ay\u0131nda KKTC\u2019de yap\u0131lacak\"}]},{\"@type\":\"WebSite\",\"@id\":\"https:\\\/\\\/kuzeyinsesi.org\\\/#website\",\"url\":\"https:\\\/\\\/kuzeyinsesi.org\\\/\",\"name\":\"Kuzeyin Sesi\",\"description\":\"Do\u011fru Haberin Adresi\",\"potentialAction\":[{\"@type\":\"SearchAction\",\"target\":{\"@type\":\"EntryPoint\",\"urlTemplate\":\"https:\\\/\\\/kuzeyinsesi.org\\\/?s={search_term_string}\"},\"query-input\":{\"@type\":\"PropertyValueSpecification\",\"valueRequired\":true,\"valueName\":\"search_term_string\"}}],\"inLanguage\":\"tr\"},{\"@type\":\"Person\",\"@id\":\"https:\\\/\\\/kuzeyinsesi.org\\\/#\\\/schema\\\/person\\\/9f859689cdf01485597712386e37f5aa\",\"name\":\"Kuzeyin Sesi\",\"image\":{\"@type\":\"ImageObject\",\"inLanguage\":\"tr\",\"@id\":\"https:\\\/\\\/secure.gravatar.com\\\/avatar\\\/bab33852abfd8b282518d6ed81826833d77c3c882d9ab608add591ccace47a44?s=96&d=mm&r=g\",\"url\":\"https:\\\/\\\/secure.gravatar.com\\\/avatar\\\/bab33852abfd8b282518d6ed81826833d77c3c882d9ab608add591ccace47a44?s=96&d=mm&r=g\",\"contentUrl\":\"https:\\\/\\\/secure.gravatar.com\\\/avatar\\\/bab33852abfd8b282518d6ed81826833d77c3c882d9ab608add591ccace47a44?s=96&d=mm&r=g\",\"caption\":\"Kuzeyin Sesi\"},\"sameAs\":[\"https:\\\/\\\/kuzeyinsesi.org\"],\"url\":\"https:\\\/\\\/kuzeyinsesi.org\\\/index.php\\\/author\\\/guven\\\/\"}]}<\/script>\n<!-- \/ Yoast SEO plugin. -->","yoast_head_json":{"title":"Prof. Dr. Halis Dokg\u00f6z \u201cKusursuz Cinayet\u201d kitab\u0131 imza g\u00fcn\u00fc ve karikat\u00fcr sergisi nisan ay\u0131nda KKTC\u2019de yap\u0131lacak - Kuzeyin Sesi","robots":{"index":"index","follow":"follow","max-snippet":"max-snippet:-1","max-image-preview":"max-image-preview:large","max-video-preview":"max-video-preview:-1"},"canonical":"https:\/\/kuzeyinsesi.org\/index.php\/2025\/02\/16\/prof-dr-halis-dokgoz-kusursuz-cinayet-kitabi-imza-gunu-ve-karikatur-sergisi-nisan-ayinda-kktcde-yapilacak\/","og_locale":"tr_TR","og_type":"article","og_title":"Prof. Dr. Halis Dokg\u00f6z \u201cKusursuz Cinayet\u201d kitab\u0131 imza g\u00fcn\u00fc ve karikat\u00fcr sergisi nisan ay\u0131nda KKTC\u2019de yap\u0131lacak - Kuzeyin Sesi","og_description":"T\u00fcrkiyeli Adli T\u0131p Uzman\u0131 ve karikat\u00fcrist Prof. Dr. Halis Dokg\u00f6z, \u201cKusursuz Cinayet\u201d kitab\u0131n\u0131 ve ayn\u0131 ad\u0131 ta\u015f\u0131yan karikat\u00fcr sergisini nisan ay\u0131nda KKTC\u2019ye ta\u015f\u0131yor. Dokg\u00f6z, 22 Nisan\u2019da Girne\u2019de sergi a\u00e7acak; 24 Nisan\u2019da ise\u00a0Lefko\u015fa\u2019da R\u00fcstem Kitabevi\u2019nde imza g\u00fcn\u00fc ve s\u00f6yle\u015fi d\u00fczenleyecek. Sergi k\u00fcrat\u00f6r\u00fc Luna T\u00fclay Okan\u2019\u0131n yapt\u0131\u011f\u0131 a\u00e7\u0131klamaya g\u00f6re, adli t\u0131p alan\u0131nda 28 y\u0131ll\u0131k deneyimiyle tan\u0131nan Prof. [&hellip;]","og_url":"https:\/\/kuzeyinsesi.org\/index.php\/2025\/02\/16\/prof-dr-halis-dokgoz-kusursuz-cinayet-kitabi-imza-gunu-ve-karikatur-sergisi-nisan-ayinda-kktcde-yapilacak\/","og_site_name":"Kuzeyin Sesi","article_publisher":"https:\/\/www.facebook.com\/kuzeyinsesii","article_published_time":"2025-02-16T12:26:33+00:00","og_image":[{"url":"https:\/\/brtk.net\/wp-content\/uploads\/2025\/02\/16\/1739699796529DAVETIYE.jpeg?ver=d82ea9349d182f880983fdb596fb8ddd","type":"","width":"","height":""}],"author":"Kuzeyin Sesi","twitter_card":"summary_large_image","twitter_creator":"@kuzeyinsesii","twitter_site":"@kuzeyinsesii","twitter_misc":{"Yazan:":"Kuzeyin Sesi","Tahmini okuma s\u00fcresi":"1 dakika"},"schema":{"@context":"https:\/\/schema.org","@graph":[{"@type":"Article","@id":"https:\/\/kuzeyinsesi.org\/index.php\/2025\/02\/16\/prof-dr-halis-dokgoz-kusursuz-cinayet-kitabi-imza-gunu-ve-karikatur-sergisi-nisan-ayinda-kktcde-yapilacak\/#article","isPartOf":{"@id":"https:\/\/kuzeyinsesi.org\/index.php\/2025\/02\/16\/prof-dr-halis-dokgoz-kusursuz-cinayet-kitabi-imza-gunu-ve-karikatur-sergisi-nisan-ayinda-kktcde-yapilacak\/"},"author":{"name":"Kuzeyin Sesi","@id":"https:\/\/kuzeyinsesi.org\/#\/schema\/person\/9f859689cdf01485597712386e37f5aa"},"headline":"Prof. Dr. Halis Dokg\u00f6z \u201cKusursuz Cinayet\u201d kitab\u0131 imza g\u00fcn\u00fc ve karikat\u00fcr sergisi nisan ay\u0131nda KKTC\u2019de yap\u0131lacak","datePublished":"2025-02-16T12:26:33+00:00","mainEntityOfPage":{"@id":"https:\/\/kuzeyinsesi.org\/index.php\/2025\/02\/16\/prof-dr-halis-dokgoz-kusursuz-cinayet-kitabi-imza-gunu-ve-karikatur-sergisi-nisan-ayinda-kktcde-yapilacak\/"},"wordCount":237,"commentCount":0,"image":{"@id":"https:\/\/kuzeyinsesi.org\/index.php\/2025\/02\/16\/prof-dr-halis-dokgoz-kusursuz-cinayet-kitabi-imza-gunu-ve-karikatur-sergisi-nisan-ayinda-kktcde-yapilacak\/#primaryimage"},"thumbnailUrl":"https:\/\/kuzeyinsesi.org\/wp-content\/uploads\/2025\/02\/1739699796529DAVETIYE.jpeg","articleSection":["Ya\u015fam"],"inLanguage":"tr","potentialAction":[{"@type":"CommentAction","name":"Comment","target":["https:\/\/kuzeyinsesi.org\/index.php\/2025\/02\/16\/prof-dr-halis-dokgoz-kusursuz-cinayet-kitabi-imza-gunu-ve-karikatur-sergisi-nisan-ayinda-kktcde-yapilacak\/#respond"]}]},{"@type":"WebPage","@id":"https:\/\/kuzeyinsesi.org\/index.php\/2025\/02\/16\/prof-dr-halis-dokgoz-kusursuz-cinayet-kitabi-imza-gunu-ve-karikatur-sergisi-nisan-ayinda-kktcde-yapilacak\/","url":"https:\/\/kuzeyinsesi.org\/index.php\/2025\/02\/16\/prof-dr-halis-dokgoz-kusursuz-cinayet-kitabi-imza-gunu-ve-karikatur-sergisi-nisan-ayinda-kktcde-yapilacak\/","name":"Prof. Dr. Halis Dokg\u00f6z \u201cKusursuz Cinayet\u201d kitab\u0131 imza g\u00fcn\u00fc ve karikat\u00fcr sergisi nisan ay\u0131nda KKTC\u2019de yap\u0131lacak - Kuzeyin Sesi","isPartOf":{"@id":"https:\/\/kuzeyinsesi.org\/#website"},"primaryImageOfPage":{"@id":"https:\/\/kuzeyinsesi.org\/index.php\/2025\/02\/16\/prof-dr-halis-dokgoz-kusursuz-cinayet-kitabi-imza-gunu-ve-karikatur-sergisi-nisan-ayinda-kktcde-yapilacak\/#primaryimage"},"image":{"@id":"https:\/\/kuzeyinsesi.org\/index.php\/2025\/02\/16\/prof-dr-halis-dokgoz-kusursuz-cinayet-kitabi-imza-gunu-ve-karikatur-sergisi-nisan-ayinda-kktcde-yapilacak\/#primaryimage"},"thumbnailUrl":"https:\/\/kuzeyinsesi.org\/wp-content\/uploads\/2025\/02\/1739699796529DAVETIYE.jpeg","datePublished":"2025-02-16T12:26:33+00:00","author":{"@id":"https:\/\/kuzeyinsesi.org\/#\/schema\/person\/9f859689cdf01485597712386e37f5aa"},"breadcrumb":{"@id":"https:\/\/kuzeyinsesi.org\/index.php\/2025\/02\/16\/prof-dr-halis-dokgoz-kusursuz-cinayet-kitabi-imza-gunu-ve-karikatur-sergisi-nisan-ayinda-kktcde-yapilacak\/#breadcrumb"},"inLanguage":"tr","potentialAction":[{"@type":"ReadAction","target":["https:\/\/kuzeyinsesi.org\/index.php\/2025\/02\/16\/prof-dr-halis-dokgoz-kusursuz-cinayet-kitabi-imza-gunu-ve-karikatur-sergisi-nisan-ayinda-kktcde-yapilacak\/"]}]},{"@type":"ImageObject","inLanguage":"tr","@id":"https:\/\/kuzeyinsesi.org\/index.php\/2025\/02\/16\/prof-dr-halis-dokgoz-kusursuz-cinayet-kitabi-imza-gunu-ve-karikatur-sergisi-nisan-ayinda-kktcde-yapilacak\/#primaryimage","url":"https:\/\/kuzeyinsesi.org\/wp-content\/uploads\/2025\/02\/1739699796529DAVETIYE.jpeg","contentUrl":"https:\/\/kuzeyinsesi.org\/wp-content\/uploads\/2025\/02\/1739699796529DAVETIYE.jpeg","width":930,"height":414},{"@type":"BreadcrumbList","@id":"https:\/\/kuzeyinsesi.org\/index.php\/2025\/02\/16\/prof-dr-halis-dokgoz-kusursuz-cinayet-kitabi-imza-gunu-ve-karikatur-sergisi-nisan-ayinda-kktcde-yapilacak\/#breadcrumb","itemListElement":[{"@type":"ListItem","position":1,"name":"Anasayfa","item":"https:\/\/kuzeyinsesi.org\/"},{"@type":"ListItem","position":2,"name":"Prof. Dr. Halis Dokg\u00f6z \u201cKusursuz Cinayet\u201d kitab\u0131 imza g\u00fcn\u00fc ve karikat\u00fcr sergisi nisan ay\u0131nda KKTC\u2019de yap\u0131lacak"}]},{"@type":"WebSite","@id":"https:\/\/kuzeyinsesi.org\/#website","url":"https:\/\/kuzeyinsesi.org\/","name":"Kuzeyin Sesi","description":"Do\u011fru Haberin Adresi","potentialAction":[{"@type":"SearchAction","target":{"@type":"EntryPoint","urlTemplate":"https:\/\/kuzeyinsesi.org\/?s={search_term_string}"},"query-input":{"@type":"PropertyValueSpecification","valueRequired":true,"valueName":"search_term_string"}}],"inLanguage":"tr"},{"@type":"Person","@id":"https:\/\/kuzeyinsesi.org\/#\/schema\/person\/9f859689cdf01485597712386e37f5aa","name":"Kuzeyin Sesi","image":{"@type":"ImageObject","inLanguage":"tr","@id":"https:\/\/secure.gravatar.com\/avatar\/bab33852abfd8b282518d6ed81826833d77c3c882d9ab608add591ccace47a44?s=96&d=mm&r=g","url":"https:\/\/secure.gravatar.com\/avatar\/bab33852abfd8b282518d6ed81826833d77c3c882d9ab608add591ccace47a44?s=96&d=mm&r=g","contentUrl":"https:\/\/secure.gravatar.com\/avatar\/bab33852abfd8b282518d6ed81826833d77c3c882d9ab608add591ccace47a44?s=96&d=mm&r=g","caption":"Kuzeyin Sesi"},"sameAs":["https:\/\/kuzeyinsesi.org"],"url":"https:\/\/kuzeyinsesi.org\/index.php\/author\/guven\/"}]}},"_links":{"self":[{"href":"https:\/\/kuzeyinsesi.org\/index.php\/wp-json\/wp\/v2\/posts\/19151","targetHints":{"allow":["GET"]}}],"collection":[{"href":"https:\/\/kuzeyinsesi.org\/index.php\/wp-json\/wp\/v2\/posts"}],"about":[{"href":"https:\/\/kuzeyinsesi.org\/index.php\/wp-json\/wp\/v2\/types\/post"}],"author":[{"embeddable":true,"href":"https:\/\/kuzeyinsesi.org\/index.php\/wp-json\/wp\/v2\/users\/1"}],"replies":[{"embeddable":true,"href":"https:\/\/kuzeyinsesi.org\/index.php\/wp-json\/wp\/v2\/comments?post=19151"}],"version-history":[{"count":0,"href":"https:\/\/kuzeyinsesi.org\/index.php\/wp-json\/wp\/v2\/posts\/19151\/revisions"}],"wp:featuredmedia":[{"embeddable":true,"href":"https:\/\/kuzeyinsesi.org\/index.php\/wp-json\/wp\/v2\/media\/19152"}],"wp:attachment":[{"href":"https:\/\/kuzeyinsesi.org\/index.php\/wp-json\/wp\/v2\/media?parent=19151"}],"wp:term":[{"taxonomy":"category","embeddable":true,"href":"https:\/\/kuzeyinsesi.org\/index.php\/wp-json\/wp\/v2\/categories?post=19151"},{"taxonomy":"post_tag","embeddable":true,"href":"https:\/\/kuzeyinsesi.org\/index.php\/wp-json\/wp\/v2\/tags?post=19151"}],"curies":[{"name":"wp","href":"https:\/\/api.w.org\/{rel}","templated":true}]}}