{"id":19117,"date":"2025-02-15T12:21:58","date_gmt":"2025-02-15T10:21:58","guid":{"rendered":"https:\/\/kuzeyinsesi.org\/index.php\/2025\/02\/15\/palandokende-kayakcilara-kapali-olan-alana-cig-dustu\/"},"modified":"2025-02-15T12:21:58","modified_gmt":"2025-02-15T10:21:58","slug":"palandokende-kayakcilara-kapali-olan-alana-cig-dustu","status":"publish","type":"post","link":"https:\/\/kuzeyinsesi.org\/index.php\/2025\/02\/15\/palandokende-kayakcilara-kapali-olan-alana-cig-dustu\/","title":{"rendered":"Paland\u00f6ken\u2019de kayak\u00e7\u0131lara kapal\u0131 olan alana \u00e7\u0131\u011f d\u00fc\u015ft\u00fc"},"content":{"rendered":"<div>\n<div class=\"mariselle-image-container center\">\n                                            <\/div>\n<p>Erzurum Paland\u00f6ken Da\u011f\u0131\u2019nda kayak\u00e7\u0131lara kapal\u0131 olan Yusufun Deresi mevkiinde \u00e7\u0131\u011f d\u00fc\u015ft\u00fc. Yaralanma ve can kayb\u0131n\u0131n olmad\u0131\u011f\u0131 b\u00f6lgede her ihtimale kar\u015f\u0131n alan taramas\u0131 yap\u0131l\u0131yor.<\/p>\n<p>Paland\u00f6ken Da\u011f\u0131\u2019nda \u201cYusufun Deresi\u201d mevkisi diye tabir edilen b\u00f6lgeden \u00e7\u0131\u011f d\u00fc\u015ft\u00fc.<\/p>\n<p>Yama\u00e7tan kopan \u00e7\u0131\u011f\u0131n bir k\u0131sm\u0131, kayak merkezinin kuzey pistindeki bir alana akt\u0131.<\/p>\n<p>Vali Mustafa \u00c7ift\u00e7i, Paland\u00f6ken Da\u011f\u0131\u2019ndaki Yusufun Deresi mevkisinde d\u00fc\u015fen \u00e7\u0131\u011f\u0131n kuzey pistine akt\u0131\u011f\u0131n\u0131, olayda ilk tespitlere g\u00f6re \u00f6len ya da yaralanan\u0131n olmad\u0131\u011f\u0131n\u0131 bildirdi.<\/p>\n<p>\u00c7ift\u00e7i, Paland\u00f6ken\u2019de konu\u015fland\u0131r\u0131lan ekiplerin de ihbar\u0131n hemen ard\u0131ndan b\u00f6lgeye intikal ederek \u00e7al\u0131\u015fmalara ba\u015flad\u0131\u011f\u0131n\u0131 s\u00f6yledi.<\/p>\n<\/p><\/div>\n<p><script async\n                    defer\n                    crossorigin=\"anonymous\"\n                    src=\"https:\/\/connect.facebook.net\/tr_TR\/sdk.js#xfbml=1&#038;version=v3.3\"\n            ><\/script><\/p>\n","protected":false},"excerpt":{"rendered":"<p>Erzurum Paland\u00f6ken Da\u011f\u0131\u2019nda kayak\u00e7\u0131lara kapal\u0131 olan Yusufun Deresi mevkiinde \u00e7\u0131\u011f d\u00fc\u015ft\u00fc. Yaralanma ve can kayb\u0131n\u0131n olmad\u0131\u011f\u0131 b\u00f6lgede her ihtimale kar\u015f\u0131n alan taramas\u0131 yap\u0131l\u0131yor. Paland\u00f6ken Da\u011f\u0131\u2019nda \u201cYusufun Deresi\u201d mevkisi diye tabir edilen b\u00f6lgeden \u00e7\u0131\u011f d\u00fc\u015ft\u00fc. Yama\u00e7tan kopan \u00e7\u0131\u011f\u0131n bir k\u0131sm\u0131, kayak merkezinin kuzey pistindeki bir alana akt\u0131. Vali Mustafa \u00c7ift\u00e7i, Paland\u00f6ken Da\u011f\u0131\u2019ndaki Yusufun Deresi mevkisinde d\u00fc\u015fen [&hellip;]<\/p>\n","protected":false},"author":1,"featured_media":19118,"comment_status":"open","ping_status":"open","sticky":false,"template":"","format":"standard","meta":{"jnews-multi-image_gallery":[],"jnews_single_post":[],"jnews_primary_category":[],"jnews_social_meta":[],"jnews_override_counter":[],"footnotes":""},"categories":[5],"tags":[],"class_list":["post-19117","post","type-post","status-publish","format-standard","has-post-thumbnail","hentry","category-turkiye"],"yoast_head":"<!-- This site is optimized with the Yoast SEO plugin v27.5 - https:\/\/yoast.com\/product\/yoast-seo-wordpress\/ -->\n<title>Paland\u00f6ken\u2019de kayak\u00e7\u0131lara kapal\u0131 olan alana \u00e7\u0131\u011f d\u00fc\u015ft\u00fc - Kuzeyin Sesi<\/title>\n<meta name=\"robots\" content=\"index, follow, max-snippet:-1, max-image-preview:large, max-video-preview:-1\" \/>\n<link rel=\"canonical\" href=\"https:\/\/kuzeyinsesi.org\/index.php\/2025\/02\/15\/palandokende-kayakcilara-kapali-olan-alana-cig-dustu\/\" \/>\n<meta property=\"og:locale\" content=\"tr_TR\" \/>\n<meta property=\"og:type\" content=\"article\" \/>\n<meta property=\"og:title\" content=\"Paland\u00f6ken\u2019de kayak\u00e7\u0131lara kapal\u0131 olan alana \u00e7\u0131\u011f d\u00fc\u015ft\u00fc - Kuzeyin Sesi\" \/>\n<meta property=\"og:description\" content=\"Erzurum Paland\u00f6ken Da\u011f\u0131\u2019nda kayak\u00e7\u0131lara kapal\u0131 olan Yusufun Deresi mevkiinde \u00e7\u0131\u011f d\u00fc\u015ft\u00fc. Yaralanma ve can kayb\u0131n\u0131n olmad\u0131\u011f\u0131 b\u00f6lgede her ihtimale kar\u015f\u0131n alan taramas\u0131 yap\u0131l\u0131yor. Paland\u00f6ken Da\u011f\u0131\u2019nda \u201cYusufun Deresi\u201d mevkisi diye tabir edilen b\u00f6lgeden \u00e7\u0131\u011f d\u00fc\u015ft\u00fc. Yama\u00e7tan kopan \u00e7\u0131\u011f\u0131n bir k\u0131sm\u0131, kayak merkezinin kuzey pistindeki bir alana akt\u0131. Vali Mustafa \u00c7ift\u00e7i, Paland\u00f6ken Da\u011f\u0131\u2019ndaki Yusufun Deresi mevkisinde d\u00fc\u015fen [&hellip;]\" \/>\n<meta property=\"og:url\" content=\"https:\/\/kuzeyinsesi.org\/index.php\/2025\/02\/15\/palandokende-kayakcilara-kapali-olan-alana-cig-dustu\/\" \/>\n<meta property=\"og:site_name\" content=\"Kuzeyin Sesi\" \/>\n<meta property=\"article:publisher\" content=\"https:\/\/www.facebook.com\/kuzeyinsesii\" \/>\n<meta property=\"article:published_time\" content=\"2025-02-15T10:21:58+00:00\" \/>\n<meta property=\"og:image\" content=\"https:\/\/brtk.net\/wp-content\/uploads\/2025\/02\/15\/tKkiQK2o40GW45lBCMdLXQ.webp?ver=a1b06f73087bf4ffe7e92eb2c647974c\" \/>\n<meta name=\"author\" content=\"Kuzeyin Sesi\" \/>\n<meta name=\"twitter:card\" content=\"summary_large_image\" \/>\n<meta name=\"twitter:creator\" content=\"@kuzeyinsesii\" \/>\n<meta name=\"twitter:site\" content=\"@kuzeyinsesii\" \/>\n<meta name=\"twitter:label1\" content=\"Yazan:\" \/>\n\t<meta name=\"twitter:data1\" content=\"Kuzeyin Sesi\" \/>\n\t<meta name=\"twitter:label2\" content=\"Tahmini okuma s\u00fcresi\" \/>\n\t<meta name=\"twitter:data2\" content=\"1 dakika\" \/>\n<script type=\"application\/ld+json\" class=\"yoast-schema-graph\">{\"@context\":\"https:\\\/\\\/schema.org\",\"@graph\":[{\"@type\":\"Article\",\"@id\":\"https:\\\/\\\/kuzeyinsesi.org\\\/index.php\\\/2025\\\/02\\\/15\\\/palandokende-kayakcilara-kapali-olan-alana-cig-dustu\\\/#article\",\"isPartOf\":{\"@id\":\"https:\\\/\\\/kuzeyinsesi.org\\\/index.php\\\/2025\\\/02\\\/15\\\/palandokende-kayakcilara-kapali-olan-alana-cig-dustu\\\/\"},\"author\":{\"name\":\"Kuzeyin Sesi\",\"@id\":\"https:\\\/\\\/kuzeyinsesi.org\\\/#\\\/schema\\\/person\\\/9f859689cdf01485597712386e37f5aa\"},\"headline\":\"Paland\u00f6ken\u2019de kayak\u00e7\u0131lara kapal\u0131 olan alana \u00e7\u0131\u011f d\u00fc\u015ft\u00fc\",\"datePublished\":\"2025-02-15T10:21:58+00:00\",\"mainEntityOfPage\":{\"@id\":\"https:\\\/\\\/kuzeyinsesi.org\\\/index.php\\\/2025\\\/02\\\/15\\\/palandokende-kayakcilara-kapali-olan-alana-cig-dustu\\\/\"},\"wordCount\":128,\"commentCount\":0,\"image\":{\"@id\":\"https:\\\/\\\/kuzeyinsesi.org\\\/index.php\\\/2025\\\/02\\\/15\\\/palandokende-kayakcilara-kapali-olan-alana-cig-dustu\\\/#primaryimage\"},\"thumbnailUrl\":\"https:\\\/\\\/kuzeyinsesi.org\\\/wp-content\\\/uploads\\\/2025\\\/02\\\/tKkiQK2o40GW45lBCMdLXQ.webp.webp\",\"articleSection\":[\"T\u00fcrkiye\"],\"inLanguage\":\"tr\",\"potentialAction\":[{\"@type\":\"CommentAction\",\"name\":\"Comment\",\"target\":[\"https:\\\/\\\/kuzeyinsesi.org\\\/index.php\\\/2025\\\/02\\\/15\\\/palandokende-kayakcilara-kapali-olan-alana-cig-dustu\\\/#respond\"]}]},{\"@type\":\"WebPage\",\"@id\":\"https:\\\/\\\/kuzeyinsesi.org\\\/index.php\\\/2025\\\/02\\\/15\\\/palandokende-kayakcilara-kapali-olan-alana-cig-dustu\\\/\",\"url\":\"https:\\\/\\\/kuzeyinsesi.org\\\/index.php\\\/2025\\\/02\\\/15\\\/palandokende-kayakcilara-kapali-olan-alana-cig-dustu\\\/\",\"name\":\"Paland\u00f6ken\u2019de kayak\u00e7\u0131lara kapal\u0131 olan alana \u00e7\u0131\u011f d\u00fc\u015ft\u00fc - Kuzeyin Sesi\",\"isPartOf\":{\"@id\":\"https:\\\/\\\/kuzeyinsesi.org\\\/#website\"},\"primaryImageOfPage\":{\"@id\":\"https:\\\/\\\/kuzeyinsesi.org\\\/index.php\\\/2025\\\/02\\\/15\\\/palandokende-kayakcilara-kapali-olan-alana-cig-dustu\\\/#primaryimage\"},\"image\":{\"@id\":\"https:\\\/\\\/kuzeyinsesi.org\\\/index.php\\\/2025\\\/02\\\/15\\\/palandokende-kayakcilara-kapali-olan-alana-cig-dustu\\\/#primaryimage\"},\"thumbnailUrl\":\"https:\\\/\\\/kuzeyinsesi.org\\\/wp-content\\\/uploads\\\/2025\\\/02\\\/tKkiQK2o40GW45lBCMdLXQ.webp.webp\",\"datePublished\":\"2025-02-15T10:21:58+00:00\",\"author\":{\"@id\":\"https:\\\/\\\/kuzeyinsesi.org\\\/#\\\/schema\\\/person\\\/9f859689cdf01485597712386e37f5aa\"},\"breadcrumb\":{\"@id\":\"https:\\\/\\\/kuzeyinsesi.org\\\/index.php\\\/2025\\\/02\\\/15\\\/palandokende-kayakcilara-kapali-olan-alana-cig-dustu\\\/#breadcrumb\"},\"inLanguage\":\"tr\",\"potentialAction\":[{\"@type\":\"ReadAction\",\"target\":[\"https:\\\/\\\/kuzeyinsesi.org\\\/index.php\\\/2025\\\/02\\\/15\\\/palandokende-kayakcilara-kapali-olan-alana-cig-dustu\\\/\"]}]},{\"@type\":\"ImageObject\",\"inLanguage\":\"tr\",\"@id\":\"https:\\\/\\\/kuzeyinsesi.org\\\/index.php\\\/2025\\\/02\\\/15\\\/palandokende-kayakcilara-kapali-olan-alana-cig-dustu\\\/#primaryimage\",\"url\":\"https:\\\/\\\/kuzeyinsesi.org\\\/wp-content\\\/uploads\\\/2025\\\/02\\\/tKkiQK2o40GW45lBCMdLXQ.webp.webp\",\"contentUrl\":\"https:\\\/\\\/kuzeyinsesi.org\\\/wp-content\\\/uploads\\\/2025\\\/02\\\/tKkiQK2o40GW45lBCMdLXQ.webp.webp\",\"width\":660,\"height\":375},{\"@type\":\"BreadcrumbList\",\"@id\":\"https:\\\/\\\/kuzeyinsesi.org\\\/index.php\\\/2025\\\/02\\\/15\\\/palandokende-kayakcilara-kapali-olan-alana-cig-dustu\\\/#breadcrumb\",\"itemListElement\":[{\"@type\":\"ListItem\",\"position\":1,\"name\":\"Anasayfa\",\"item\":\"https:\\\/\\\/kuzeyinsesi.org\\\/\"},{\"@type\":\"ListItem\",\"position\":2,\"name\":\"Paland\u00f6ken\u2019de kayak\u00e7\u0131lara kapal\u0131 olan alana \u00e7\u0131\u011f d\u00fc\u015ft\u00fc\"}]},{\"@type\":\"WebSite\",\"@id\":\"https:\\\/\\\/kuzeyinsesi.org\\\/#website\",\"url\":\"https:\\\/\\\/kuzeyinsesi.org\\\/\",\"name\":\"Kuzeyin Sesi\",\"description\":\"Do\u011fru Haberin Adresi\",\"potentialAction\":[{\"@type\":\"SearchAction\",\"target\":{\"@type\":\"EntryPoint\",\"urlTemplate\":\"https:\\\/\\\/kuzeyinsesi.org\\\/?s={search_term_string}\"},\"query-input\":{\"@type\":\"PropertyValueSpecification\",\"valueRequired\":true,\"valueName\":\"search_term_string\"}}],\"inLanguage\":\"tr\"},{\"@type\":\"Person\",\"@id\":\"https:\\\/\\\/kuzeyinsesi.org\\\/#\\\/schema\\\/person\\\/9f859689cdf01485597712386e37f5aa\",\"name\":\"Kuzeyin Sesi\",\"image\":{\"@type\":\"ImageObject\",\"inLanguage\":\"tr\",\"@id\":\"https:\\\/\\\/secure.gravatar.com\\\/avatar\\\/bab33852abfd8b282518d6ed81826833d77c3c882d9ab608add591ccace47a44?s=96&d=mm&r=g\",\"url\":\"https:\\\/\\\/secure.gravatar.com\\\/avatar\\\/bab33852abfd8b282518d6ed81826833d77c3c882d9ab608add591ccace47a44?s=96&d=mm&r=g\",\"contentUrl\":\"https:\\\/\\\/secure.gravatar.com\\\/avatar\\\/bab33852abfd8b282518d6ed81826833d77c3c882d9ab608add591ccace47a44?s=96&d=mm&r=g\",\"caption\":\"Kuzeyin Sesi\"},\"sameAs\":[\"https:\\\/\\\/kuzeyinsesi.org\"],\"url\":\"https:\\\/\\\/kuzeyinsesi.org\\\/index.php\\\/author\\\/guven\\\/\"}]}<\/script>\n<!-- \/ Yoast SEO plugin. -->","yoast_head_json":{"title":"Paland\u00f6ken\u2019de kayak\u00e7\u0131lara kapal\u0131 olan alana \u00e7\u0131\u011f d\u00fc\u015ft\u00fc - Kuzeyin Sesi","robots":{"index":"index","follow":"follow","max-snippet":"max-snippet:-1","max-image-preview":"max-image-preview:large","max-video-preview":"max-video-preview:-1"},"canonical":"https:\/\/kuzeyinsesi.org\/index.php\/2025\/02\/15\/palandokende-kayakcilara-kapali-olan-alana-cig-dustu\/","og_locale":"tr_TR","og_type":"article","og_title":"Paland\u00f6ken\u2019de kayak\u00e7\u0131lara kapal\u0131 olan alana \u00e7\u0131\u011f d\u00fc\u015ft\u00fc - Kuzeyin Sesi","og_description":"Erzurum Paland\u00f6ken Da\u011f\u0131\u2019nda kayak\u00e7\u0131lara kapal\u0131 olan Yusufun Deresi mevkiinde \u00e7\u0131\u011f d\u00fc\u015ft\u00fc. Yaralanma ve can kayb\u0131n\u0131n olmad\u0131\u011f\u0131 b\u00f6lgede her ihtimale kar\u015f\u0131n alan taramas\u0131 yap\u0131l\u0131yor. Paland\u00f6ken Da\u011f\u0131\u2019nda \u201cYusufun Deresi\u201d mevkisi diye tabir edilen b\u00f6lgeden \u00e7\u0131\u011f d\u00fc\u015ft\u00fc. Yama\u00e7tan kopan \u00e7\u0131\u011f\u0131n bir k\u0131sm\u0131, kayak merkezinin kuzey pistindeki bir alana akt\u0131. Vali Mustafa \u00c7ift\u00e7i, Paland\u00f6ken Da\u011f\u0131\u2019ndaki Yusufun Deresi mevkisinde d\u00fc\u015fen [&hellip;]","og_url":"https:\/\/kuzeyinsesi.org\/index.php\/2025\/02\/15\/palandokende-kayakcilara-kapali-olan-alana-cig-dustu\/","og_site_name":"Kuzeyin Sesi","article_publisher":"https:\/\/www.facebook.com\/kuzeyinsesii","article_published_time":"2025-02-15T10:21:58+00:00","og_image":[{"url":"https:\/\/brtk.net\/wp-content\/uploads\/2025\/02\/15\/tKkiQK2o40GW45lBCMdLXQ.webp?ver=a1b06f73087bf4ffe7e92eb2c647974c","type":"","width":"","height":""}],"author":"Kuzeyin Sesi","twitter_card":"summary_large_image","twitter_creator":"@kuzeyinsesii","twitter_site":"@kuzeyinsesii","twitter_misc":{"Yazan:":"Kuzeyin Sesi","Tahmini okuma s\u00fcresi":"1 dakika"},"schema":{"@context":"https:\/\/schema.org","@graph":[{"@type":"Article","@id":"https:\/\/kuzeyinsesi.org\/index.php\/2025\/02\/15\/palandokende-kayakcilara-kapali-olan-alana-cig-dustu\/#article","isPartOf":{"@id":"https:\/\/kuzeyinsesi.org\/index.php\/2025\/02\/15\/palandokende-kayakcilara-kapali-olan-alana-cig-dustu\/"},"author":{"name":"Kuzeyin Sesi","@id":"https:\/\/kuzeyinsesi.org\/#\/schema\/person\/9f859689cdf01485597712386e37f5aa"},"headline":"Paland\u00f6ken\u2019de kayak\u00e7\u0131lara kapal\u0131 olan alana \u00e7\u0131\u011f d\u00fc\u015ft\u00fc","datePublished":"2025-02-15T10:21:58+00:00","mainEntityOfPage":{"@id":"https:\/\/kuzeyinsesi.org\/index.php\/2025\/02\/15\/palandokende-kayakcilara-kapali-olan-alana-cig-dustu\/"},"wordCount":128,"commentCount":0,"image":{"@id":"https:\/\/kuzeyinsesi.org\/index.php\/2025\/02\/15\/palandokende-kayakcilara-kapali-olan-alana-cig-dustu\/#primaryimage"},"thumbnailUrl":"https:\/\/kuzeyinsesi.org\/wp-content\/uploads\/2025\/02\/tKkiQK2o40GW45lBCMdLXQ.webp.webp","articleSection":["T\u00fcrkiye"],"inLanguage":"tr","potentialAction":[{"@type":"CommentAction","name":"Comment","target":["https:\/\/kuzeyinsesi.org\/index.php\/2025\/02\/15\/palandokende-kayakcilara-kapali-olan-alana-cig-dustu\/#respond"]}]},{"@type":"WebPage","@id":"https:\/\/kuzeyinsesi.org\/index.php\/2025\/02\/15\/palandokende-kayakcilara-kapali-olan-alana-cig-dustu\/","url":"https:\/\/kuzeyinsesi.org\/index.php\/2025\/02\/15\/palandokende-kayakcilara-kapali-olan-alana-cig-dustu\/","name":"Paland\u00f6ken\u2019de kayak\u00e7\u0131lara kapal\u0131 olan alana \u00e7\u0131\u011f d\u00fc\u015ft\u00fc - Kuzeyin Sesi","isPartOf":{"@id":"https:\/\/kuzeyinsesi.org\/#website"},"primaryImageOfPage":{"@id":"https:\/\/kuzeyinsesi.org\/index.php\/2025\/02\/15\/palandokende-kayakcilara-kapali-olan-alana-cig-dustu\/#primaryimage"},"image":{"@id":"https:\/\/kuzeyinsesi.org\/index.php\/2025\/02\/15\/palandokende-kayakcilara-kapali-olan-alana-cig-dustu\/#primaryimage"},"thumbnailUrl":"https:\/\/kuzeyinsesi.org\/wp-content\/uploads\/2025\/02\/tKkiQK2o40GW45lBCMdLXQ.webp.webp","datePublished":"2025-02-15T10:21:58+00:00","author":{"@id":"https:\/\/kuzeyinsesi.org\/#\/schema\/person\/9f859689cdf01485597712386e37f5aa"},"breadcrumb":{"@id":"https:\/\/kuzeyinsesi.org\/index.php\/2025\/02\/15\/palandokende-kayakcilara-kapali-olan-alana-cig-dustu\/#breadcrumb"},"inLanguage":"tr","potentialAction":[{"@type":"ReadAction","target":["https:\/\/kuzeyinsesi.org\/index.php\/2025\/02\/15\/palandokende-kayakcilara-kapali-olan-alana-cig-dustu\/"]}]},{"@type":"ImageObject","inLanguage":"tr","@id":"https:\/\/kuzeyinsesi.org\/index.php\/2025\/02\/15\/palandokende-kayakcilara-kapali-olan-alana-cig-dustu\/#primaryimage","url":"https:\/\/kuzeyinsesi.org\/wp-content\/uploads\/2025\/02\/tKkiQK2o40GW45lBCMdLXQ.webp.webp","contentUrl":"https:\/\/kuzeyinsesi.org\/wp-content\/uploads\/2025\/02\/tKkiQK2o40GW45lBCMdLXQ.webp.webp","width":660,"height":375},{"@type":"BreadcrumbList","@id":"https:\/\/kuzeyinsesi.org\/index.php\/2025\/02\/15\/palandokende-kayakcilara-kapali-olan-alana-cig-dustu\/#breadcrumb","itemListElement":[{"@type":"ListItem","position":1,"name":"Anasayfa","item":"https:\/\/kuzeyinsesi.org\/"},{"@type":"ListItem","position":2,"name":"Paland\u00f6ken\u2019de kayak\u00e7\u0131lara kapal\u0131 olan alana \u00e7\u0131\u011f d\u00fc\u015ft\u00fc"}]},{"@type":"WebSite","@id":"https:\/\/kuzeyinsesi.org\/#website","url":"https:\/\/kuzeyinsesi.org\/","name":"Kuzeyin Sesi","description":"Do\u011fru Haberin Adresi","potentialAction":[{"@type":"SearchAction","target":{"@type":"EntryPoint","urlTemplate":"https:\/\/kuzeyinsesi.org\/?s={search_term_string}"},"query-input":{"@type":"PropertyValueSpecification","valueRequired":true,"valueName":"search_term_string"}}],"inLanguage":"tr"},{"@type":"Person","@id":"https:\/\/kuzeyinsesi.org\/#\/schema\/person\/9f859689cdf01485597712386e37f5aa","name":"Kuzeyin Sesi","image":{"@type":"ImageObject","inLanguage":"tr","@id":"https:\/\/secure.gravatar.com\/avatar\/bab33852abfd8b282518d6ed81826833d77c3c882d9ab608add591ccace47a44?s=96&d=mm&r=g","url":"https:\/\/secure.gravatar.com\/avatar\/bab33852abfd8b282518d6ed81826833d77c3c882d9ab608add591ccace47a44?s=96&d=mm&r=g","contentUrl":"https:\/\/secure.gravatar.com\/avatar\/bab33852abfd8b282518d6ed81826833d77c3c882d9ab608add591ccace47a44?s=96&d=mm&r=g","caption":"Kuzeyin Sesi"},"sameAs":["https:\/\/kuzeyinsesi.org"],"url":"https:\/\/kuzeyinsesi.org\/index.php\/author\/guven\/"}]}},"_links":{"self":[{"href":"https:\/\/kuzeyinsesi.org\/index.php\/wp-json\/wp\/v2\/posts\/19117","targetHints":{"allow":["GET"]}}],"collection":[{"href":"https:\/\/kuzeyinsesi.org\/index.php\/wp-json\/wp\/v2\/posts"}],"about":[{"href":"https:\/\/kuzeyinsesi.org\/index.php\/wp-json\/wp\/v2\/types\/post"}],"author":[{"embeddable":true,"href":"https:\/\/kuzeyinsesi.org\/index.php\/wp-json\/wp\/v2\/users\/1"}],"replies":[{"embeddable":true,"href":"https:\/\/kuzeyinsesi.org\/index.php\/wp-json\/wp\/v2\/comments?post=19117"}],"version-history":[{"count":0,"href":"https:\/\/kuzeyinsesi.org\/index.php\/wp-json\/wp\/v2\/posts\/19117\/revisions"}],"wp:featuredmedia":[{"embeddable":true,"href":"https:\/\/kuzeyinsesi.org\/index.php\/wp-json\/wp\/v2\/media\/19118"}],"wp:attachment":[{"href":"https:\/\/kuzeyinsesi.org\/index.php\/wp-json\/wp\/v2\/media?parent=19117"}],"wp:term":[{"taxonomy":"category","embeddable":true,"href":"https:\/\/kuzeyinsesi.org\/index.php\/wp-json\/wp\/v2\/categories?post=19117"},{"taxonomy":"post_tag","embeddable":true,"href":"https:\/\/kuzeyinsesi.org\/index.php\/wp-json\/wp\/v2\/tags?post=19117"}],"curies":[{"name":"wp","href":"https:\/\/api.w.org\/{rel}","templated":true}]}}