{"id":19097,"date":"2025-02-14T17:19:09","date_gmt":"2025-02-14T15:19:09","guid":{"rendered":"https:\/\/kuzeyinsesi.org\/index.php\/2025\/02\/14\/sanatci-bahar-gokhan-ilk-solo-konseriyle-6-martta-bakude-muzikseverlerle-bulusacak\/"},"modified":"2025-02-14T17:19:09","modified_gmt":"2025-02-14T15:19:09","slug":"sanatci-bahar-gokhan-ilk-solo-konseriyle-6-martta-bakude-muzikseverlerle-bulusacak","status":"publish","type":"post","link":"https:\/\/kuzeyinsesi.org\/index.php\/2025\/02\/14\/sanatci-bahar-gokhan-ilk-solo-konseriyle-6-martta-bakude-muzikseverlerle-bulusacak\/","title":{"rendered":"Sanat\u00e7\u0131 Bahar G\u00f6khan, ilk solo konseriyle 6 Mart\u2019ta Bak\u00fc\u2019de m\u00fczikseverlerle bulu\u015facak"},"content":{"rendered":"<div>\n<div class=\"mariselle-image-container none\">\n                                            <\/div>\n<p style=\"font-weight: 300;\"><span style=\"font-weight: 300 !important;\">Yurt i\u00e7i ve yurt d\u0131\u015f\u0131nda \u00e7e\u015fitli platformlarda konserler veren<\/span><span style=\"font-weight: 300 !important;\">\u00a0Bahar G\u00f6khan, ilk solo konseriyle\u00a0<\/span><span style=\"font-weight: 300 !important;\">6 Mart\u2019ta<\/span><span style=\"font-weight: 300 !important;\">\u00a0<\/span><span style=\"font-weight: 300 !important;\">Bak\u00fc\u2019de Azerbaycanl\u0131 m\u00fczikseverlerle bulu\u015facak.<\/span><\/p>\n<p style=\"font-weight: 300;\">Verilen bilgiye g\u00f6re, KKTC Bak\u00fc Temsilcili\u011fi, Azerbaycan Uluslararas\u0131 Mu\u011fam Merkezi ve Azerbaycan Kad\u0131n Geli\u015ftirme Derne\u011fi katk\u0131lar\u0131yla yap\u0131lacak konserde, sanat\u00e7\u0131ya \u00dcnl\u00fc Azeri Piyanist Nargiz Aliyeva y\u00f6netimindeki orkestra da e\u015flik edecek.<\/p>\n<p style=\"font-weight: 300;\">T\u00fcrk\u00e7e ve Azeri par\u00e7alar\u0131n seslendirilece\u011fi gecede ayr\u0131ca, sanat\u00e7\u0131n\u0131n Azeri koristlerle d\u00fcetleri de olacak.<\/p>\n<p style=\"font-weight: 300;\">Sanat\u00e7\u0131 Bahar G\u00f6khan, b\u00f6ylesine bir organizasyonda yer almaktan b\u00fcy\u00fck heyecan ve mutluluk duydu\u011funu belirtti. G\u00f6khan, ayn\u0131 zamanda \u2018\u201d\u00dc\u00e7 Devlet Bir Millet\u201d ruhunu geli\u015ftirmeye ve KKTC\u2019yi k\u00fclt\u00fcr ve sanat yoluyla tan\u0131tmaya devam edece\u011fini ifade etti.<\/p>\n<p>\u00a0<\/p>\n<p>\u00a0<\/p>\n<\/p><\/div>\n<p><script async\n                    defer\n                    crossorigin=\"anonymous\"\n                    src=\"https:\/\/connect.facebook.net\/tr_TR\/sdk.js#xfbml=1&#038;version=v3.3\"\n            ><\/script><\/p>\n","protected":false},"excerpt":{"rendered":"<p>Yurt i\u00e7i ve yurt d\u0131\u015f\u0131nda \u00e7e\u015fitli platformlarda konserler veren\u00a0Bahar G\u00f6khan, ilk solo konseriyle\u00a06 Mart\u2019ta\u00a0Bak\u00fc\u2019de Azerbaycanl\u0131 m\u00fczikseverlerle bulu\u015facak. Verilen bilgiye g\u00f6re, KKTC Bak\u00fc Temsilcili\u011fi, Azerbaycan Uluslararas\u0131 Mu\u011fam Merkezi ve Azerbaycan Kad\u0131n Geli\u015ftirme Derne\u011fi katk\u0131lar\u0131yla yap\u0131lacak konserde, sanat\u00e7\u0131ya \u00dcnl\u00fc Azeri Piyanist Nargiz Aliyeva y\u00f6netimindeki orkestra da e\u015flik edecek. T\u00fcrk\u00e7e ve Azeri par\u00e7alar\u0131n seslendirilece\u011fi gecede ayr\u0131ca, sanat\u00e7\u0131n\u0131n Azeri [&hellip;]<\/p>\n","protected":false},"author":1,"featured_media":19098,"comment_status":"open","ping_status":"open","sticky":false,"template":"","format":"standard","meta":{"jnews-multi-image_gallery":[],"jnews_single_post":[],"jnews_primary_category":[],"jnews_social_meta":[],"jnews_override_counter":[],"footnotes":""},"categories":[6],"tags":[],"class_list":["post-19097","post","type-post","status-publish","format-standard","has-post-thumbnail","hentry","category-yasam"],"yoast_head":"<!-- This site is optimized with the Yoast SEO plugin v27.4 - https:\/\/yoast.com\/product\/yoast-seo-wordpress\/ -->\n<title>Sanat\u00e7\u0131 Bahar G\u00f6khan, ilk solo konseriyle 6 Mart\u2019ta Bak\u00fc\u2019de m\u00fczikseverlerle bulu\u015facak - Kuzeyin Sesi<\/title>\n<meta name=\"robots\" content=\"index, follow, max-snippet:-1, max-image-preview:large, max-video-preview:-1\" \/>\n<link rel=\"canonical\" href=\"https:\/\/kuzeyinsesi.org\/index.php\/2025\/02\/14\/sanatci-bahar-gokhan-ilk-solo-konseriyle-6-martta-bakude-muzikseverlerle-bulusacak\/\" \/>\n<meta property=\"og:locale\" content=\"tr_TR\" \/>\n<meta property=\"og:type\" content=\"article\" \/>\n<meta property=\"og:title\" content=\"Sanat\u00e7\u0131 Bahar G\u00f6khan, ilk solo konseriyle 6 Mart\u2019ta Bak\u00fc\u2019de m\u00fczikseverlerle bulu\u015facak - Kuzeyin Sesi\" \/>\n<meta property=\"og:description\" content=\"Yurt i\u00e7i ve yurt d\u0131\u015f\u0131nda \u00e7e\u015fitli platformlarda konserler veren\u00a0Bahar G\u00f6khan, ilk solo konseriyle\u00a06 Mart\u2019ta\u00a0Bak\u00fc\u2019de Azerbaycanl\u0131 m\u00fczikseverlerle bulu\u015facak. Verilen bilgiye g\u00f6re, KKTC Bak\u00fc Temsilcili\u011fi, Azerbaycan Uluslararas\u0131 Mu\u011fam Merkezi ve Azerbaycan Kad\u0131n Geli\u015ftirme Derne\u011fi katk\u0131lar\u0131yla yap\u0131lacak konserde, sanat\u00e7\u0131ya \u00dcnl\u00fc Azeri Piyanist Nargiz Aliyeva y\u00f6netimindeki orkestra da e\u015flik edecek. T\u00fcrk\u00e7e ve Azeri par\u00e7alar\u0131n seslendirilece\u011fi gecede ayr\u0131ca, sanat\u00e7\u0131n\u0131n Azeri [&hellip;]\" \/>\n<meta property=\"og:url\" content=\"https:\/\/kuzeyinsesi.org\/index.php\/2025\/02\/14\/sanatci-bahar-gokhan-ilk-solo-konseriyle-6-martta-bakude-muzikseverlerle-bulusacak\/\" \/>\n<meta property=\"og:site_name\" content=\"Kuzeyin Sesi\" \/>\n<meta property=\"article:publisher\" content=\"https:\/\/www.facebook.com\/kuzeyinsesii\" \/>\n<meta property=\"article:published_time\" content=\"2025-02-14T15:19:09+00:00\" \/>\n<meta property=\"og:image\" content=\"https:\/\/brtk.net\/wp-content\/uploads\/2025\/02\/14\/1739538472091BAHAR-GOKHAN-BAKU.jpg?ver=8433f9688900821df56daf8e0264cc53\" \/>\n<meta name=\"author\" content=\"Kuzeyin Sesi\" \/>\n<meta name=\"twitter:card\" content=\"summary_large_image\" \/>\n<meta name=\"twitter:creator\" content=\"@kuzeyinsesii\" \/>\n<meta name=\"twitter:site\" content=\"@kuzeyinsesii\" \/>\n<meta name=\"twitter:label1\" content=\"Yazan:\" \/>\n\t<meta name=\"twitter:data1\" content=\"Kuzeyin Sesi\" \/>\n\t<meta name=\"twitter:label2\" content=\"Tahmini okuma s\u00fcresi\" \/>\n\t<meta name=\"twitter:data2\" content=\"1 dakika\" \/>\n<script type=\"application\/ld+json\" class=\"yoast-schema-graph\">{\"@context\":\"https:\\\/\\\/schema.org\",\"@graph\":[{\"@type\":\"Article\",\"@id\":\"https:\\\/\\\/kuzeyinsesi.org\\\/index.php\\\/2025\\\/02\\\/14\\\/sanatci-bahar-gokhan-ilk-solo-konseriyle-6-martta-bakude-muzikseverlerle-bulusacak\\\/#article\",\"isPartOf\":{\"@id\":\"https:\\\/\\\/kuzeyinsesi.org\\\/index.php\\\/2025\\\/02\\\/14\\\/sanatci-bahar-gokhan-ilk-solo-konseriyle-6-martta-bakude-muzikseverlerle-bulusacak\\\/\"},\"author\":{\"name\":\"Kuzeyin Sesi\",\"@id\":\"https:\\\/\\\/kuzeyinsesi.org\\\/#\\\/schema\\\/person\\\/9f859689cdf01485597712386e37f5aa\"},\"headline\":\"Sanat\u00e7\u0131 Bahar G\u00f6khan, ilk solo konseriyle 6 Mart\u2019ta Bak\u00fc\u2019de m\u00fczikseverlerle bulu\u015facak\",\"datePublished\":\"2025-02-14T15:19:09+00:00\",\"mainEntityOfPage\":{\"@id\":\"https:\\\/\\\/kuzeyinsesi.org\\\/index.php\\\/2025\\\/02\\\/14\\\/sanatci-bahar-gokhan-ilk-solo-konseriyle-6-martta-bakude-muzikseverlerle-bulusacak\\\/\"},\"wordCount\":150,\"commentCount\":0,\"image\":{\"@id\":\"https:\\\/\\\/kuzeyinsesi.org\\\/index.php\\\/2025\\\/02\\\/14\\\/sanatci-bahar-gokhan-ilk-solo-konseriyle-6-martta-bakude-muzikseverlerle-bulusacak\\\/#primaryimage\"},\"thumbnailUrl\":\"https:\\\/\\\/kuzeyinsesi.org\\\/wp-content\\\/uploads\\\/2025\\\/02\\\/1739538472091BAHAR-GOKHAN-BAKU.jpg\",\"articleSection\":[\"Ya\u015fam\"],\"inLanguage\":\"tr\",\"potentialAction\":[{\"@type\":\"CommentAction\",\"name\":\"Comment\",\"target\":[\"https:\\\/\\\/kuzeyinsesi.org\\\/index.php\\\/2025\\\/02\\\/14\\\/sanatci-bahar-gokhan-ilk-solo-konseriyle-6-martta-bakude-muzikseverlerle-bulusacak\\\/#respond\"]}]},{\"@type\":\"WebPage\",\"@id\":\"https:\\\/\\\/kuzeyinsesi.org\\\/index.php\\\/2025\\\/02\\\/14\\\/sanatci-bahar-gokhan-ilk-solo-konseriyle-6-martta-bakude-muzikseverlerle-bulusacak\\\/\",\"url\":\"https:\\\/\\\/kuzeyinsesi.org\\\/index.php\\\/2025\\\/02\\\/14\\\/sanatci-bahar-gokhan-ilk-solo-konseriyle-6-martta-bakude-muzikseverlerle-bulusacak\\\/\",\"name\":\"Sanat\u00e7\u0131 Bahar G\u00f6khan, ilk solo konseriyle 6 Mart\u2019ta Bak\u00fc\u2019de m\u00fczikseverlerle bulu\u015facak - Kuzeyin Sesi\",\"isPartOf\":{\"@id\":\"https:\\\/\\\/kuzeyinsesi.org\\\/#website\"},\"primaryImageOfPage\":{\"@id\":\"https:\\\/\\\/kuzeyinsesi.org\\\/index.php\\\/2025\\\/02\\\/14\\\/sanatci-bahar-gokhan-ilk-solo-konseriyle-6-martta-bakude-muzikseverlerle-bulusacak\\\/#primaryimage\"},\"image\":{\"@id\":\"https:\\\/\\\/kuzeyinsesi.org\\\/index.php\\\/2025\\\/02\\\/14\\\/sanatci-bahar-gokhan-ilk-solo-konseriyle-6-martta-bakude-muzikseverlerle-bulusacak\\\/#primaryimage\"},\"thumbnailUrl\":\"https:\\\/\\\/kuzeyinsesi.org\\\/wp-content\\\/uploads\\\/2025\\\/02\\\/1739538472091BAHAR-GOKHAN-BAKU.jpg\",\"datePublished\":\"2025-02-14T15:19:09+00:00\",\"author\":{\"@id\":\"https:\\\/\\\/kuzeyinsesi.org\\\/#\\\/schema\\\/person\\\/9f859689cdf01485597712386e37f5aa\"},\"breadcrumb\":{\"@id\":\"https:\\\/\\\/kuzeyinsesi.org\\\/index.php\\\/2025\\\/02\\\/14\\\/sanatci-bahar-gokhan-ilk-solo-konseriyle-6-martta-bakude-muzikseverlerle-bulusacak\\\/#breadcrumb\"},\"inLanguage\":\"tr\",\"potentialAction\":[{\"@type\":\"ReadAction\",\"target\":[\"https:\\\/\\\/kuzeyinsesi.org\\\/index.php\\\/2025\\\/02\\\/14\\\/sanatci-bahar-gokhan-ilk-solo-konseriyle-6-martta-bakude-muzikseverlerle-bulusacak\\\/\"]}]},{\"@type\":\"ImageObject\",\"inLanguage\":\"tr\",\"@id\":\"https:\\\/\\\/kuzeyinsesi.org\\\/index.php\\\/2025\\\/02\\\/14\\\/sanatci-bahar-gokhan-ilk-solo-konseriyle-6-martta-bakude-muzikseverlerle-bulusacak\\\/#primaryimage\",\"url\":\"https:\\\/\\\/kuzeyinsesi.org\\\/wp-content\\\/uploads\\\/2025\\\/02\\\/1739538472091BAHAR-GOKHAN-BAKU.jpg\",\"contentUrl\":\"https:\\\/\\\/kuzeyinsesi.org\\\/wp-content\\\/uploads\\\/2025\\\/02\\\/1739538472091BAHAR-GOKHAN-BAKU.jpg\",\"width\":930,\"height\":410},{\"@type\":\"BreadcrumbList\",\"@id\":\"https:\\\/\\\/kuzeyinsesi.org\\\/index.php\\\/2025\\\/02\\\/14\\\/sanatci-bahar-gokhan-ilk-solo-konseriyle-6-martta-bakude-muzikseverlerle-bulusacak\\\/#breadcrumb\",\"itemListElement\":[{\"@type\":\"ListItem\",\"position\":1,\"name\":\"Anasayfa\",\"item\":\"https:\\\/\\\/kuzeyinsesi.org\\\/\"},{\"@type\":\"ListItem\",\"position\":2,\"name\":\"Sanat\u00e7\u0131 Bahar G\u00f6khan, ilk solo konseriyle 6 Mart\u2019ta Bak\u00fc\u2019de m\u00fczikseverlerle bulu\u015facak\"}]},{\"@type\":\"WebSite\",\"@id\":\"https:\\\/\\\/kuzeyinsesi.org\\\/#website\",\"url\":\"https:\\\/\\\/kuzeyinsesi.org\\\/\",\"name\":\"Kuzeyin Sesi\",\"description\":\"Do\u011fru Haberin Adresi\",\"potentialAction\":[{\"@type\":\"SearchAction\",\"target\":{\"@type\":\"EntryPoint\",\"urlTemplate\":\"https:\\\/\\\/kuzeyinsesi.org\\\/?s={search_term_string}\"},\"query-input\":{\"@type\":\"PropertyValueSpecification\",\"valueRequired\":true,\"valueName\":\"search_term_string\"}}],\"inLanguage\":\"tr\"},{\"@type\":\"Person\",\"@id\":\"https:\\\/\\\/kuzeyinsesi.org\\\/#\\\/schema\\\/person\\\/9f859689cdf01485597712386e37f5aa\",\"name\":\"Kuzeyin Sesi\",\"image\":{\"@type\":\"ImageObject\",\"inLanguage\":\"tr\",\"@id\":\"https:\\\/\\\/secure.gravatar.com\\\/avatar\\\/bab33852abfd8b282518d6ed81826833d77c3c882d9ab608add591ccace47a44?s=96&d=mm&r=g\",\"url\":\"https:\\\/\\\/secure.gravatar.com\\\/avatar\\\/bab33852abfd8b282518d6ed81826833d77c3c882d9ab608add591ccace47a44?s=96&d=mm&r=g\",\"contentUrl\":\"https:\\\/\\\/secure.gravatar.com\\\/avatar\\\/bab33852abfd8b282518d6ed81826833d77c3c882d9ab608add591ccace47a44?s=96&d=mm&r=g\",\"caption\":\"Kuzeyin Sesi\"},\"sameAs\":[\"https:\\\/\\\/kuzeyinsesi.org\"],\"url\":\"https:\\\/\\\/kuzeyinsesi.org\\\/index.php\\\/author\\\/guven\\\/\"}]}<\/script>\n<!-- \/ Yoast SEO plugin. -->","yoast_head_json":{"title":"Sanat\u00e7\u0131 Bahar G\u00f6khan, ilk solo konseriyle 6 Mart\u2019ta Bak\u00fc\u2019de m\u00fczikseverlerle bulu\u015facak - Kuzeyin Sesi","robots":{"index":"index","follow":"follow","max-snippet":"max-snippet:-1","max-image-preview":"max-image-preview:large","max-video-preview":"max-video-preview:-1"},"canonical":"https:\/\/kuzeyinsesi.org\/index.php\/2025\/02\/14\/sanatci-bahar-gokhan-ilk-solo-konseriyle-6-martta-bakude-muzikseverlerle-bulusacak\/","og_locale":"tr_TR","og_type":"article","og_title":"Sanat\u00e7\u0131 Bahar G\u00f6khan, ilk solo konseriyle 6 Mart\u2019ta Bak\u00fc\u2019de m\u00fczikseverlerle bulu\u015facak - Kuzeyin Sesi","og_description":"Yurt i\u00e7i ve yurt d\u0131\u015f\u0131nda \u00e7e\u015fitli platformlarda konserler veren\u00a0Bahar G\u00f6khan, ilk solo konseriyle\u00a06 Mart\u2019ta\u00a0Bak\u00fc\u2019de Azerbaycanl\u0131 m\u00fczikseverlerle bulu\u015facak. Verilen bilgiye g\u00f6re, KKTC Bak\u00fc Temsilcili\u011fi, Azerbaycan Uluslararas\u0131 Mu\u011fam Merkezi ve Azerbaycan Kad\u0131n Geli\u015ftirme Derne\u011fi katk\u0131lar\u0131yla yap\u0131lacak konserde, sanat\u00e7\u0131ya \u00dcnl\u00fc Azeri Piyanist Nargiz Aliyeva y\u00f6netimindeki orkestra da e\u015flik edecek. T\u00fcrk\u00e7e ve Azeri par\u00e7alar\u0131n seslendirilece\u011fi gecede ayr\u0131ca, sanat\u00e7\u0131n\u0131n Azeri [&hellip;]","og_url":"https:\/\/kuzeyinsesi.org\/index.php\/2025\/02\/14\/sanatci-bahar-gokhan-ilk-solo-konseriyle-6-martta-bakude-muzikseverlerle-bulusacak\/","og_site_name":"Kuzeyin Sesi","article_publisher":"https:\/\/www.facebook.com\/kuzeyinsesii","article_published_time":"2025-02-14T15:19:09+00:00","og_image":[{"url":"https:\/\/brtk.net\/wp-content\/uploads\/2025\/02\/14\/1739538472091BAHAR-GOKHAN-BAKU.jpg?ver=8433f9688900821df56daf8e0264cc53","type":"","width":"","height":""}],"author":"Kuzeyin Sesi","twitter_card":"summary_large_image","twitter_creator":"@kuzeyinsesii","twitter_site":"@kuzeyinsesii","twitter_misc":{"Yazan:":"Kuzeyin Sesi","Tahmini okuma s\u00fcresi":"1 dakika"},"schema":{"@context":"https:\/\/schema.org","@graph":[{"@type":"Article","@id":"https:\/\/kuzeyinsesi.org\/index.php\/2025\/02\/14\/sanatci-bahar-gokhan-ilk-solo-konseriyle-6-martta-bakude-muzikseverlerle-bulusacak\/#article","isPartOf":{"@id":"https:\/\/kuzeyinsesi.org\/index.php\/2025\/02\/14\/sanatci-bahar-gokhan-ilk-solo-konseriyle-6-martta-bakude-muzikseverlerle-bulusacak\/"},"author":{"name":"Kuzeyin Sesi","@id":"https:\/\/kuzeyinsesi.org\/#\/schema\/person\/9f859689cdf01485597712386e37f5aa"},"headline":"Sanat\u00e7\u0131 Bahar G\u00f6khan, ilk solo konseriyle 6 Mart\u2019ta Bak\u00fc\u2019de m\u00fczikseverlerle bulu\u015facak","datePublished":"2025-02-14T15:19:09+00:00","mainEntityOfPage":{"@id":"https:\/\/kuzeyinsesi.org\/index.php\/2025\/02\/14\/sanatci-bahar-gokhan-ilk-solo-konseriyle-6-martta-bakude-muzikseverlerle-bulusacak\/"},"wordCount":150,"commentCount":0,"image":{"@id":"https:\/\/kuzeyinsesi.org\/index.php\/2025\/02\/14\/sanatci-bahar-gokhan-ilk-solo-konseriyle-6-martta-bakude-muzikseverlerle-bulusacak\/#primaryimage"},"thumbnailUrl":"https:\/\/kuzeyinsesi.org\/wp-content\/uploads\/2025\/02\/1739538472091BAHAR-GOKHAN-BAKU.jpg","articleSection":["Ya\u015fam"],"inLanguage":"tr","potentialAction":[{"@type":"CommentAction","name":"Comment","target":["https:\/\/kuzeyinsesi.org\/index.php\/2025\/02\/14\/sanatci-bahar-gokhan-ilk-solo-konseriyle-6-martta-bakude-muzikseverlerle-bulusacak\/#respond"]}]},{"@type":"WebPage","@id":"https:\/\/kuzeyinsesi.org\/index.php\/2025\/02\/14\/sanatci-bahar-gokhan-ilk-solo-konseriyle-6-martta-bakude-muzikseverlerle-bulusacak\/","url":"https:\/\/kuzeyinsesi.org\/index.php\/2025\/02\/14\/sanatci-bahar-gokhan-ilk-solo-konseriyle-6-martta-bakude-muzikseverlerle-bulusacak\/","name":"Sanat\u00e7\u0131 Bahar G\u00f6khan, ilk solo konseriyle 6 Mart\u2019ta Bak\u00fc\u2019de m\u00fczikseverlerle bulu\u015facak - Kuzeyin Sesi","isPartOf":{"@id":"https:\/\/kuzeyinsesi.org\/#website"},"primaryImageOfPage":{"@id":"https:\/\/kuzeyinsesi.org\/index.php\/2025\/02\/14\/sanatci-bahar-gokhan-ilk-solo-konseriyle-6-martta-bakude-muzikseverlerle-bulusacak\/#primaryimage"},"image":{"@id":"https:\/\/kuzeyinsesi.org\/index.php\/2025\/02\/14\/sanatci-bahar-gokhan-ilk-solo-konseriyle-6-martta-bakude-muzikseverlerle-bulusacak\/#primaryimage"},"thumbnailUrl":"https:\/\/kuzeyinsesi.org\/wp-content\/uploads\/2025\/02\/1739538472091BAHAR-GOKHAN-BAKU.jpg","datePublished":"2025-02-14T15:19:09+00:00","author":{"@id":"https:\/\/kuzeyinsesi.org\/#\/schema\/person\/9f859689cdf01485597712386e37f5aa"},"breadcrumb":{"@id":"https:\/\/kuzeyinsesi.org\/index.php\/2025\/02\/14\/sanatci-bahar-gokhan-ilk-solo-konseriyle-6-martta-bakude-muzikseverlerle-bulusacak\/#breadcrumb"},"inLanguage":"tr","potentialAction":[{"@type":"ReadAction","target":["https:\/\/kuzeyinsesi.org\/index.php\/2025\/02\/14\/sanatci-bahar-gokhan-ilk-solo-konseriyle-6-martta-bakude-muzikseverlerle-bulusacak\/"]}]},{"@type":"ImageObject","inLanguage":"tr","@id":"https:\/\/kuzeyinsesi.org\/index.php\/2025\/02\/14\/sanatci-bahar-gokhan-ilk-solo-konseriyle-6-martta-bakude-muzikseverlerle-bulusacak\/#primaryimage","url":"https:\/\/kuzeyinsesi.org\/wp-content\/uploads\/2025\/02\/1739538472091BAHAR-GOKHAN-BAKU.jpg","contentUrl":"https:\/\/kuzeyinsesi.org\/wp-content\/uploads\/2025\/02\/1739538472091BAHAR-GOKHAN-BAKU.jpg","width":930,"height":410},{"@type":"BreadcrumbList","@id":"https:\/\/kuzeyinsesi.org\/index.php\/2025\/02\/14\/sanatci-bahar-gokhan-ilk-solo-konseriyle-6-martta-bakude-muzikseverlerle-bulusacak\/#breadcrumb","itemListElement":[{"@type":"ListItem","position":1,"name":"Anasayfa","item":"https:\/\/kuzeyinsesi.org\/"},{"@type":"ListItem","position":2,"name":"Sanat\u00e7\u0131 Bahar G\u00f6khan, ilk solo konseriyle 6 Mart\u2019ta Bak\u00fc\u2019de m\u00fczikseverlerle bulu\u015facak"}]},{"@type":"WebSite","@id":"https:\/\/kuzeyinsesi.org\/#website","url":"https:\/\/kuzeyinsesi.org\/","name":"Kuzeyin Sesi","description":"Do\u011fru Haberin Adresi","potentialAction":[{"@type":"SearchAction","target":{"@type":"EntryPoint","urlTemplate":"https:\/\/kuzeyinsesi.org\/?s={search_term_string}"},"query-input":{"@type":"PropertyValueSpecification","valueRequired":true,"valueName":"search_term_string"}}],"inLanguage":"tr"},{"@type":"Person","@id":"https:\/\/kuzeyinsesi.org\/#\/schema\/person\/9f859689cdf01485597712386e37f5aa","name":"Kuzeyin Sesi","image":{"@type":"ImageObject","inLanguage":"tr","@id":"https:\/\/secure.gravatar.com\/avatar\/bab33852abfd8b282518d6ed81826833d77c3c882d9ab608add591ccace47a44?s=96&d=mm&r=g","url":"https:\/\/secure.gravatar.com\/avatar\/bab33852abfd8b282518d6ed81826833d77c3c882d9ab608add591ccace47a44?s=96&d=mm&r=g","contentUrl":"https:\/\/secure.gravatar.com\/avatar\/bab33852abfd8b282518d6ed81826833d77c3c882d9ab608add591ccace47a44?s=96&d=mm&r=g","caption":"Kuzeyin Sesi"},"sameAs":["https:\/\/kuzeyinsesi.org"],"url":"https:\/\/kuzeyinsesi.org\/index.php\/author\/guven\/"}]}},"_links":{"self":[{"href":"https:\/\/kuzeyinsesi.org\/index.php\/wp-json\/wp\/v2\/posts\/19097","targetHints":{"allow":["GET"]}}],"collection":[{"href":"https:\/\/kuzeyinsesi.org\/index.php\/wp-json\/wp\/v2\/posts"}],"about":[{"href":"https:\/\/kuzeyinsesi.org\/index.php\/wp-json\/wp\/v2\/types\/post"}],"author":[{"embeddable":true,"href":"https:\/\/kuzeyinsesi.org\/index.php\/wp-json\/wp\/v2\/users\/1"}],"replies":[{"embeddable":true,"href":"https:\/\/kuzeyinsesi.org\/index.php\/wp-json\/wp\/v2\/comments?post=19097"}],"version-history":[{"count":0,"href":"https:\/\/kuzeyinsesi.org\/index.php\/wp-json\/wp\/v2\/posts\/19097\/revisions"}],"wp:featuredmedia":[{"embeddable":true,"href":"https:\/\/kuzeyinsesi.org\/index.php\/wp-json\/wp\/v2\/media\/19098"}],"wp:attachment":[{"href":"https:\/\/kuzeyinsesi.org\/index.php\/wp-json\/wp\/v2\/media?parent=19097"}],"wp:term":[{"taxonomy":"category","embeddable":true,"href":"https:\/\/kuzeyinsesi.org\/index.php\/wp-json\/wp\/v2\/categories?post=19097"},{"taxonomy":"post_tag","embeddable":true,"href":"https:\/\/kuzeyinsesi.org\/index.php\/wp-json\/wp\/v2\/tags?post=19097"}],"curies":[{"name":"wp","href":"https:\/\/api.w.org\/{rel}","templated":true}]}}