{"id":19095,"date":"2025-02-14T16:18:11","date_gmt":"2025-02-14T14:18:11","guid":{"rendered":"https:\/\/kuzeyinsesi.org\/index.php\/2025\/02\/14\/cumhurbaskani-tatar-ruya-tanerin-piyano-resitalini-izledi\/"},"modified":"2025-02-14T16:18:11","modified_gmt":"2025-02-14T14:18:11","slug":"cumhurbaskani-tatar-ruya-tanerin-piyano-resitalini-izledi","status":"publish","type":"post","link":"https:\/\/kuzeyinsesi.org\/index.php\/2025\/02\/14\/cumhurbaskani-tatar-ruya-tanerin-piyano-resitalini-izledi\/","title":{"rendered":"Cumhurba\u015fkan\u0131 Tatar, R\u00fcya Taner\u2019in piyano resitalini izledi"},"content":{"rendered":"<div>\n<div class=\"mariselle-image-container center\">\n                                            <\/div>\n<p>Cumhurba\u015fkan\u0131 Ersin Tatar, R\u00fcya Taner\u2019in piyano resitalini izledi<\/p>\n<p>Cumhurba\u015fkan\u0131 Ersin Tatar, \u201cAsya\u2019n\u0131n Tatl\u0131 Sular\u0131\u201d adl\u0131 yeni projesi kapsam\u0131nda sahneye \u00e7\u0131kan piyanist R\u00fcya Taner\u2019in icra etti\u011fi piyano resitalini izledi.<\/p>\n<p>Lefko\u015fa\u2019daki Naci Talat Vakf\u0131\u2019nda ger\u00e7ekle\u015fen resitalde R\u00fcya Taner, T\u00fcrkiye ve Asya ba\u015fta olmak \u00fczere farkl\u0131 b\u00f6lgelerin bestecilerinin eserlerini icra etti.<\/p>\n<\/p><\/div>\n<p><script async\n                    defer\n                    crossorigin=\"anonymous\"\n                    src=\"https:\/\/connect.facebook.net\/tr_TR\/sdk.js#xfbml=1&#038;version=v3.3\"\n            ><\/script><\/p>\n","protected":false},"excerpt":{"rendered":"<p>Cumhurba\u015fkan\u0131 Ersin Tatar, R\u00fcya Taner\u2019in piyano resitalini izledi Cumhurba\u015fkan\u0131 Ersin Tatar, \u201cAsya\u2019n\u0131n Tatl\u0131 Sular\u0131\u201d adl\u0131 yeni projesi kapsam\u0131nda sahneye \u00e7\u0131kan piyanist R\u00fcya Taner\u2019in icra etti\u011fi piyano resitalini izledi. Lefko\u015fa\u2019daki Naci Talat Vakf\u0131\u2019nda ger\u00e7ekle\u015fen resitalde R\u00fcya Taner, T\u00fcrkiye ve Asya ba\u015fta olmak \u00fczere farkl\u0131 b\u00f6lgelerin bestecilerinin eserlerini icra etti.<\/p>\n","protected":false},"author":1,"featured_media":19096,"comment_status":"open","ping_status":"open","sticky":false,"template":"","format":"standard","meta":{"jnews-multi-image_gallery":[],"jnews_single_post":[],"jnews_primary_category":[],"jnews_social_meta":[],"jnews_override_counter":[],"footnotes":""},"categories":[6],"tags":[],"class_list":["post-19095","post","type-post","status-publish","format-standard","has-post-thumbnail","hentry","category-yasam"],"yoast_head":"<!-- This site is optimized with the Yoast SEO plugin v27.4 - https:\/\/yoast.com\/product\/yoast-seo-wordpress\/ -->\n<title>Cumhurba\u015fkan\u0131 Tatar, R\u00fcya Taner\u2019in piyano resitalini izledi - Kuzeyin Sesi<\/title>\n<meta name=\"robots\" content=\"index, follow, max-snippet:-1, max-image-preview:large, max-video-preview:-1\" \/>\n<link rel=\"canonical\" href=\"https:\/\/kuzeyinsesi.org\/index.php\/2025\/02\/14\/cumhurbaskani-tatar-ruya-tanerin-piyano-resitalini-izledi\/\" \/>\n<meta property=\"og:locale\" content=\"tr_TR\" \/>\n<meta property=\"og:type\" content=\"article\" \/>\n<meta property=\"og:title\" content=\"Cumhurba\u015fkan\u0131 Tatar, R\u00fcya Taner\u2019in piyano resitalini izledi - Kuzeyin Sesi\" \/>\n<meta property=\"og:description\" content=\"Cumhurba\u015fkan\u0131 Ersin Tatar, R\u00fcya Taner\u2019in piyano resitalini izledi Cumhurba\u015fkan\u0131 Ersin Tatar, \u201cAsya\u2019n\u0131n Tatl\u0131 Sular\u0131\u201d adl\u0131 yeni projesi kapsam\u0131nda sahneye \u00e7\u0131kan piyanist R\u00fcya Taner\u2019in icra etti\u011fi piyano resitalini izledi. Lefko\u015fa\u2019daki Naci Talat Vakf\u0131\u2019nda ger\u00e7ekle\u015fen resitalde R\u00fcya Taner, T\u00fcrkiye ve Asya ba\u015fta olmak \u00fczere farkl\u0131 b\u00f6lgelerin bestecilerinin eserlerini icra etti.\" \/>\n<meta property=\"og:url\" content=\"https:\/\/kuzeyinsesi.org\/index.php\/2025\/02\/14\/cumhurbaskani-tatar-ruya-tanerin-piyano-resitalini-izledi\/\" \/>\n<meta property=\"og:site_name\" content=\"Kuzeyin Sesi\" \/>\n<meta property=\"article:publisher\" content=\"https:\/\/www.facebook.com\/kuzeyinsesii\" \/>\n<meta property=\"article:published_time\" content=\"2025-02-14T14:18:11+00:00\" \/>\n<meta property=\"og:image\" content=\"https:\/\/brtk.net\/wp-content\/uploads\/2025\/02\/14\/Screenshot_20250214_161234_X.jpg?ver=b28fdae748664cb767a16f87a2c552da\" \/>\n<meta name=\"author\" content=\"Kuzeyin Sesi\" \/>\n<meta name=\"twitter:card\" content=\"summary_large_image\" \/>\n<meta name=\"twitter:creator\" content=\"@kuzeyinsesii\" \/>\n<meta name=\"twitter:site\" content=\"@kuzeyinsesii\" \/>\n<meta name=\"twitter:label1\" content=\"Yazan:\" \/>\n\t<meta name=\"twitter:data1\" content=\"Kuzeyin Sesi\" \/>\n<script type=\"application\/ld+json\" class=\"yoast-schema-graph\">{\"@context\":\"https:\\\/\\\/schema.org\",\"@graph\":[{\"@type\":\"Article\",\"@id\":\"https:\\\/\\\/kuzeyinsesi.org\\\/index.php\\\/2025\\\/02\\\/14\\\/cumhurbaskani-tatar-ruya-tanerin-piyano-resitalini-izledi\\\/#article\",\"isPartOf\":{\"@id\":\"https:\\\/\\\/kuzeyinsesi.org\\\/index.php\\\/2025\\\/02\\\/14\\\/cumhurbaskani-tatar-ruya-tanerin-piyano-resitalini-izledi\\\/\"},\"author\":{\"name\":\"Kuzeyin Sesi\",\"@id\":\"https:\\\/\\\/kuzeyinsesi.org\\\/#\\\/schema\\\/person\\\/9f859689cdf01485597712386e37f5aa\"},\"headline\":\"Cumhurba\u015fkan\u0131 Tatar, R\u00fcya Taner\u2019in piyano resitalini izledi\",\"datePublished\":\"2025-02-14T14:18:11+00:00\",\"mainEntityOfPage\":{\"@id\":\"https:\\\/\\\/kuzeyinsesi.org\\\/index.php\\\/2025\\\/02\\\/14\\\/cumhurbaskani-tatar-ruya-tanerin-piyano-resitalini-izledi\\\/\"},\"wordCount\":77,\"commentCount\":0,\"image\":{\"@id\":\"https:\\\/\\\/kuzeyinsesi.org\\\/index.php\\\/2025\\\/02\\\/14\\\/cumhurbaskani-tatar-ruya-tanerin-piyano-resitalini-izledi\\\/#primaryimage\"},\"thumbnailUrl\":\"https:\\\/\\\/kuzeyinsesi.org\\\/wp-content\\\/uploads\\\/2025\\\/02\\\/Screenshot_20250214_161234_X.jpg\",\"articleSection\":[\"Ya\u015fam\"],\"inLanguage\":\"tr\",\"potentialAction\":[{\"@type\":\"CommentAction\",\"name\":\"Comment\",\"target\":[\"https:\\\/\\\/kuzeyinsesi.org\\\/index.php\\\/2025\\\/02\\\/14\\\/cumhurbaskani-tatar-ruya-tanerin-piyano-resitalini-izledi\\\/#respond\"]}]},{\"@type\":\"WebPage\",\"@id\":\"https:\\\/\\\/kuzeyinsesi.org\\\/index.php\\\/2025\\\/02\\\/14\\\/cumhurbaskani-tatar-ruya-tanerin-piyano-resitalini-izledi\\\/\",\"url\":\"https:\\\/\\\/kuzeyinsesi.org\\\/index.php\\\/2025\\\/02\\\/14\\\/cumhurbaskani-tatar-ruya-tanerin-piyano-resitalini-izledi\\\/\",\"name\":\"Cumhurba\u015fkan\u0131 Tatar, R\u00fcya Taner\u2019in piyano resitalini izledi - Kuzeyin Sesi\",\"isPartOf\":{\"@id\":\"https:\\\/\\\/kuzeyinsesi.org\\\/#website\"},\"primaryImageOfPage\":{\"@id\":\"https:\\\/\\\/kuzeyinsesi.org\\\/index.php\\\/2025\\\/02\\\/14\\\/cumhurbaskani-tatar-ruya-tanerin-piyano-resitalini-izledi\\\/#primaryimage\"},\"image\":{\"@id\":\"https:\\\/\\\/kuzeyinsesi.org\\\/index.php\\\/2025\\\/02\\\/14\\\/cumhurbaskani-tatar-ruya-tanerin-piyano-resitalini-izledi\\\/#primaryimage\"},\"thumbnailUrl\":\"https:\\\/\\\/kuzeyinsesi.org\\\/wp-content\\\/uploads\\\/2025\\\/02\\\/Screenshot_20250214_161234_X.jpg\",\"datePublished\":\"2025-02-14T14:18:11+00:00\",\"author\":{\"@id\":\"https:\\\/\\\/kuzeyinsesi.org\\\/#\\\/schema\\\/person\\\/9f859689cdf01485597712386e37f5aa\"},\"breadcrumb\":{\"@id\":\"https:\\\/\\\/kuzeyinsesi.org\\\/index.php\\\/2025\\\/02\\\/14\\\/cumhurbaskani-tatar-ruya-tanerin-piyano-resitalini-izledi\\\/#breadcrumb\"},\"inLanguage\":\"tr\",\"potentialAction\":[{\"@type\":\"ReadAction\",\"target\":[\"https:\\\/\\\/kuzeyinsesi.org\\\/index.php\\\/2025\\\/02\\\/14\\\/cumhurbaskani-tatar-ruya-tanerin-piyano-resitalini-izledi\\\/\"]}]},{\"@type\":\"ImageObject\",\"inLanguage\":\"tr\",\"@id\":\"https:\\\/\\\/kuzeyinsesi.org\\\/index.php\\\/2025\\\/02\\\/14\\\/cumhurbaskani-tatar-ruya-tanerin-piyano-resitalini-izledi\\\/#primaryimage\",\"url\":\"https:\\\/\\\/kuzeyinsesi.org\\\/wp-content\\\/uploads\\\/2025\\\/02\\\/Screenshot_20250214_161234_X.jpg\",\"contentUrl\":\"https:\\\/\\\/kuzeyinsesi.org\\\/wp-content\\\/uploads\\\/2025\\\/02\\\/Screenshot_20250214_161234_X.jpg\",\"width\":1006,\"height\":562},{\"@type\":\"BreadcrumbList\",\"@id\":\"https:\\\/\\\/kuzeyinsesi.org\\\/index.php\\\/2025\\\/02\\\/14\\\/cumhurbaskani-tatar-ruya-tanerin-piyano-resitalini-izledi\\\/#breadcrumb\",\"itemListElement\":[{\"@type\":\"ListItem\",\"position\":1,\"name\":\"Anasayfa\",\"item\":\"https:\\\/\\\/kuzeyinsesi.org\\\/\"},{\"@type\":\"ListItem\",\"position\":2,\"name\":\"Cumhurba\u015fkan\u0131 Tatar, R\u00fcya Taner\u2019in piyano resitalini izledi\"}]},{\"@type\":\"WebSite\",\"@id\":\"https:\\\/\\\/kuzeyinsesi.org\\\/#website\",\"url\":\"https:\\\/\\\/kuzeyinsesi.org\\\/\",\"name\":\"Kuzeyin Sesi\",\"description\":\"Do\u011fru Haberin Adresi\",\"potentialAction\":[{\"@type\":\"SearchAction\",\"target\":{\"@type\":\"EntryPoint\",\"urlTemplate\":\"https:\\\/\\\/kuzeyinsesi.org\\\/?s={search_term_string}\"},\"query-input\":{\"@type\":\"PropertyValueSpecification\",\"valueRequired\":true,\"valueName\":\"search_term_string\"}}],\"inLanguage\":\"tr\"},{\"@type\":\"Person\",\"@id\":\"https:\\\/\\\/kuzeyinsesi.org\\\/#\\\/schema\\\/person\\\/9f859689cdf01485597712386e37f5aa\",\"name\":\"Kuzeyin Sesi\",\"image\":{\"@type\":\"ImageObject\",\"inLanguage\":\"tr\",\"@id\":\"https:\\\/\\\/secure.gravatar.com\\\/avatar\\\/bab33852abfd8b282518d6ed81826833d77c3c882d9ab608add591ccace47a44?s=96&d=mm&r=g\",\"url\":\"https:\\\/\\\/secure.gravatar.com\\\/avatar\\\/bab33852abfd8b282518d6ed81826833d77c3c882d9ab608add591ccace47a44?s=96&d=mm&r=g\",\"contentUrl\":\"https:\\\/\\\/secure.gravatar.com\\\/avatar\\\/bab33852abfd8b282518d6ed81826833d77c3c882d9ab608add591ccace47a44?s=96&d=mm&r=g\",\"caption\":\"Kuzeyin Sesi\"},\"sameAs\":[\"https:\\\/\\\/kuzeyinsesi.org\"],\"url\":\"https:\\\/\\\/kuzeyinsesi.org\\\/index.php\\\/author\\\/guven\\\/\"}]}<\/script>\n<!-- \/ Yoast SEO plugin. -->","yoast_head_json":{"title":"Cumhurba\u015fkan\u0131 Tatar, R\u00fcya Taner\u2019in piyano resitalini izledi - Kuzeyin Sesi","robots":{"index":"index","follow":"follow","max-snippet":"max-snippet:-1","max-image-preview":"max-image-preview:large","max-video-preview":"max-video-preview:-1"},"canonical":"https:\/\/kuzeyinsesi.org\/index.php\/2025\/02\/14\/cumhurbaskani-tatar-ruya-tanerin-piyano-resitalini-izledi\/","og_locale":"tr_TR","og_type":"article","og_title":"Cumhurba\u015fkan\u0131 Tatar, R\u00fcya Taner\u2019in piyano resitalini izledi - Kuzeyin Sesi","og_description":"Cumhurba\u015fkan\u0131 Ersin Tatar, R\u00fcya Taner\u2019in piyano resitalini izledi Cumhurba\u015fkan\u0131 Ersin Tatar, \u201cAsya\u2019n\u0131n Tatl\u0131 Sular\u0131\u201d adl\u0131 yeni projesi kapsam\u0131nda sahneye \u00e7\u0131kan piyanist R\u00fcya Taner\u2019in icra etti\u011fi piyano resitalini izledi. Lefko\u015fa\u2019daki Naci Talat Vakf\u0131\u2019nda ger\u00e7ekle\u015fen resitalde R\u00fcya Taner, T\u00fcrkiye ve Asya ba\u015fta olmak \u00fczere farkl\u0131 b\u00f6lgelerin bestecilerinin eserlerini icra etti.","og_url":"https:\/\/kuzeyinsesi.org\/index.php\/2025\/02\/14\/cumhurbaskani-tatar-ruya-tanerin-piyano-resitalini-izledi\/","og_site_name":"Kuzeyin Sesi","article_publisher":"https:\/\/www.facebook.com\/kuzeyinsesii","article_published_time":"2025-02-14T14:18:11+00:00","og_image":[{"url":"https:\/\/brtk.net\/wp-content\/uploads\/2025\/02\/14\/Screenshot_20250214_161234_X.jpg?ver=b28fdae748664cb767a16f87a2c552da","type":"","width":"","height":""}],"author":"Kuzeyin Sesi","twitter_card":"summary_large_image","twitter_creator":"@kuzeyinsesii","twitter_site":"@kuzeyinsesii","twitter_misc":{"Yazan:":"Kuzeyin Sesi"},"schema":{"@context":"https:\/\/schema.org","@graph":[{"@type":"Article","@id":"https:\/\/kuzeyinsesi.org\/index.php\/2025\/02\/14\/cumhurbaskani-tatar-ruya-tanerin-piyano-resitalini-izledi\/#article","isPartOf":{"@id":"https:\/\/kuzeyinsesi.org\/index.php\/2025\/02\/14\/cumhurbaskani-tatar-ruya-tanerin-piyano-resitalini-izledi\/"},"author":{"name":"Kuzeyin Sesi","@id":"https:\/\/kuzeyinsesi.org\/#\/schema\/person\/9f859689cdf01485597712386e37f5aa"},"headline":"Cumhurba\u015fkan\u0131 Tatar, R\u00fcya Taner\u2019in piyano resitalini izledi","datePublished":"2025-02-14T14:18:11+00:00","mainEntityOfPage":{"@id":"https:\/\/kuzeyinsesi.org\/index.php\/2025\/02\/14\/cumhurbaskani-tatar-ruya-tanerin-piyano-resitalini-izledi\/"},"wordCount":77,"commentCount":0,"image":{"@id":"https:\/\/kuzeyinsesi.org\/index.php\/2025\/02\/14\/cumhurbaskani-tatar-ruya-tanerin-piyano-resitalini-izledi\/#primaryimage"},"thumbnailUrl":"https:\/\/kuzeyinsesi.org\/wp-content\/uploads\/2025\/02\/Screenshot_20250214_161234_X.jpg","articleSection":["Ya\u015fam"],"inLanguage":"tr","potentialAction":[{"@type":"CommentAction","name":"Comment","target":["https:\/\/kuzeyinsesi.org\/index.php\/2025\/02\/14\/cumhurbaskani-tatar-ruya-tanerin-piyano-resitalini-izledi\/#respond"]}]},{"@type":"WebPage","@id":"https:\/\/kuzeyinsesi.org\/index.php\/2025\/02\/14\/cumhurbaskani-tatar-ruya-tanerin-piyano-resitalini-izledi\/","url":"https:\/\/kuzeyinsesi.org\/index.php\/2025\/02\/14\/cumhurbaskani-tatar-ruya-tanerin-piyano-resitalini-izledi\/","name":"Cumhurba\u015fkan\u0131 Tatar, R\u00fcya Taner\u2019in piyano resitalini izledi - Kuzeyin Sesi","isPartOf":{"@id":"https:\/\/kuzeyinsesi.org\/#website"},"primaryImageOfPage":{"@id":"https:\/\/kuzeyinsesi.org\/index.php\/2025\/02\/14\/cumhurbaskani-tatar-ruya-tanerin-piyano-resitalini-izledi\/#primaryimage"},"image":{"@id":"https:\/\/kuzeyinsesi.org\/index.php\/2025\/02\/14\/cumhurbaskani-tatar-ruya-tanerin-piyano-resitalini-izledi\/#primaryimage"},"thumbnailUrl":"https:\/\/kuzeyinsesi.org\/wp-content\/uploads\/2025\/02\/Screenshot_20250214_161234_X.jpg","datePublished":"2025-02-14T14:18:11+00:00","author":{"@id":"https:\/\/kuzeyinsesi.org\/#\/schema\/person\/9f859689cdf01485597712386e37f5aa"},"breadcrumb":{"@id":"https:\/\/kuzeyinsesi.org\/index.php\/2025\/02\/14\/cumhurbaskani-tatar-ruya-tanerin-piyano-resitalini-izledi\/#breadcrumb"},"inLanguage":"tr","potentialAction":[{"@type":"ReadAction","target":["https:\/\/kuzeyinsesi.org\/index.php\/2025\/02\/14\/cumhurbaskani-tatar-ruya-tanerin-piyano-resitalini-izledi\/"]}]},{"@type":"ImageObject","inLanguage":"tr","@id":"https:\/\/kuzeyinsesi.org\/index.php\/2025\/02\/14\/cumhurbaskani-tatar-ruya-tanerin-piyano-resitalini-izledi\/#primaryimage","url":"https:\/\/kuzeyinsesi.org\/wp-content\/uploads\/2025\/02\/Screenshot_20250214_161234_X.jpg","contentUrl":"https:\/\/kuzeyinsesi.org\/wp-content\/uploads\/2025\/02\/Screenshot_20250214_161234_X.jpg","width":1006,"height":562},{"@type":"BreadcrumbList","@id":"https:\/\/kuzeyinsesi.org\/index.php\/2025\/02\/14\/cumhurbaskani-tatar-ruya-tanerin-piyano-resitalini-izledi\/#breadcrumb","itemListElement":[{"@type":"ListItem","position":1,"name":"Anasayfa","item":"https:\/\/kuzeyinsesi.org\/"},{"@type":"ListItem","position":2,"name":"Cumhurba\u015fkan\u0131 Tatar, R\u00fcya Taner\u2019in piyano resitalini izledi"}]},{"@type":"WebSite","@id":"https:\/\/kuzeyinsesi.org\/#website","url":"https:\/\/kuzeyinsesi.org\/","name":"Kuzeyin Sesi","description":"Do\u011fru Haberin Adresi","potentialAction":[{"@type":"SearchAction","target":{"@type":"EntryPoint","urlTemplate":"https:\/\/kuzeyinsesi.org\/?s={search_term_string}"},"query-input":{"@type":"PropertyValueSpecification","valueRequired":true,"valueName":"search_term_string"}}],"inLanguage":"tr"},{"@type":"Person","@id":"https:\/\/kuzeyinsesi.org\/#\/schema\/person\/9f859689cdf01485597712386e37f5aa","name":"Kuzeyin Sesi","image":{"@type":"ImageObject","inLanguage":"tr","@id":"https:\/\/secure.gravatar.com\/avatar\/bab33852abfd8b282518d6ed81826833d77c3c882d9ab608add591ccace47a44?s=96&d=mm&r=g","url":"https:\/\/secure.gravatar.com\/avatar\/bab33852abfd8b282518d6ed81826833d77c3c882d9ab608add591ccace47a44?s=96&d=mm&r=g","contentUrl":"https:\/\/secure.gravatar.com\/avatar\/bab33852abfd8b282518d6ed81826833d77c3c882d9ab608add591ccace47a44?s=96&d=mm&r=g","caption":"Kuzeyin Sesi"},"sameAs":["https:\/\/kuzeyinsesi.org"],"url":"https:\/\/kuzeyinsesi.org\/index.php\/author\/guven\/"}]}},"_links":{"self":[{"href":"https:\/\/kuzeyinsesi.org\/index.php\/wp-json\/wp\/v2\/posts\/19095","targetHints":{"allow":["GET"]}}],"collection":[{"href":"https:\/\/kuzeyinsesi.org\/index.php\/wp-json\/wp\/v2\/posts"}],"about":[{"href":"https:\/\/kuzeyinsesi.org\/index.php\/wp-json\/wp\/v2\/types\/post"}],"author":[{"embeddable":true,"href":"https:\/\/kuzeyinsesi.org\/index.php\/wp-json\/wp\/v2\/users\/1"}],"replies":[{"embeddable":true,"href":"https:\/\/kuzeyinsesi.org\/index.php\/wp-json\/wp\/v2\/comments?post=19095"}],"version-history":[{"count":0,"href":"https:\/\/kuzeyinsesi.org\/index.php\/wp-json\/wp\/v2\/posts\/19095\/revisions"}],"wp:featuredmedia":[{"embeddable":true,"href":"https:\/\/kuzeyinsesi.org\/index.php\/wp-json\/wp\/v2\/media\/19096"}],"wp:attachment":[{"href":"https:\/\/kuzeyinsesi.org\/index.php\/wp-json\/wp\/v2\/media?parent=19095"}],"wp:term":[{"taxonomy":"category","embeddable":true,"href":"https:\/\/kuzeyinsesi.org\/index.php\/wp-json\/wp\/v2\/categories?post=19095"},{"taxonomy":"post_tag","embeddable":true,"href":"https:\/\/kuzeyinsesi.org\/index.php\/wp-json\/wp\/v2\/tags?post=19095"}],"curies":[{"name":"wp","href":"https:\/\/api.w.org\/{rel}","templated":true}]}}