{"id":1904,"date":"2024-05-10T01:16:57","date_gmt":"2024-05-09T22:16:57","guid":{"rendered":"https:\/\/kuzeyinsesi.com\/index.php\/2024\/05\/10\/israilliler-sokaklarda-hukumetten-ateskes-anlasmasini-imzalamasini-talep-etti\/"},"modified":"2024-05-10T01:16:57","modified_gmt":"2024-05-09T22:16:57","slug":"israilliler-sokaklarda-hukumetten-ateskes-anlasmasini-imzalamasini-talep-etti","status":"publish","type":"post","link":"https:\/\/kuzeyinsesi.org\/index.php\/2024\/05\/10\/israilliler-sokaklarda-hukumetten-ateskes-anlasmasini-imzalamasini-talep-etti\/","title":{"rendered":"\u0130srailliler sokaklarda h\u00fck\u00fcmetten ate\u015fkes anla\u015fmas\u0131n\u0131 imzalamas\u0131n\u0131 talep etti"},"content":{"rendered":"<p><\/p>\n<div>\n<p>&#13;<br \/>\n\t<a href=\"https:\/\/www.trthaber.com\/etiket\/israil\/\" target=\"_blank\" rel=\"noopener\">\u0130srail<\/a> ve Filistinlilerin bir araya geldi\u011fi &#8220;Beraber Duruyoruz&#8221; isimli sivil toplum \u00f6rg\u00fct\u00fcn\u00fcn \u00e7a\u011fr\u0131s\u0131yla yakla\u015f\u0131k 1500 ki\u015filik grup Tel Aviv&#8217;in merkezindeki Habima Meydan\u0131&#8217;nda topland\u0131.<\/p>\n<p>&#13;<br \/>\n\tG\u00f6stericiler, &#8220;Refah&#8217;takiler de \u0130srail&#8217;dekiler de \u00e7ocuk&#8221;, &#8220;\u00c7ocuklar\u0131n \u00f6l\u00fcm\u00fcne yeter&#8221;, &#8220;Anla\u015fma hemen&#8221;, &#8220;Esirleri evine getirin&#8221;, &#8220;Hemen \u015fimdi&#8221;, &#8220;Sadece bar\u0131\u015fla g\u00fcvenlik gelir&#8221;, &#8220;Yar\u0131m y\u0131ll\u0131k cehennem art\u0131k bitsin&#8221; yaz\u0131l\u0131 pankart, afi\u015f ve d\u00f6vizler ta\u015f\u0131d\u0131.<\/p>\n<p>&#13;<br \/>\n\tKurulan sahnede Filistin as\u0131ll\u0131 \u0130srail Milletvekili Ahmed T\u0131ybi, yapt\u0131\u011f\u0131 konu\u015fmada, Ba\u015fbakan Binyamin Netanyahu&#8217;yu koltu\u011funu kaybetme korkusuyla ate\u015fkese yana\u015fmamakla su\u00e7lad\u0131.<\/p>\n<p><\/p>\n<h2>&#13;<br \/>\n\tEsir yak\u0131nlar\u0131 yol kapatt\u0131<\/h2>\n<p>&#13;<br \/>\n\t<a href=\"https:\/\/www.trthaber.com\/etiket\/gazze\/\" target=\"_blank\" rel=\"noopener\">Gazze<\/a> \u015eeridi&#8217;ndeki \u0130srailli esirlerin yak\u0131nlar\u0131 ve onlar\u0131n destek\u00e7ileri ak\u015fam saatlerinde, Tel Aviv&#8217;deki Savunma Bakanl\u0131\u011f\u0131 binas\u0131 \u00f6n\u00fcndeki Menahem Begin Caddesi&#8217;nde topland\u0131.<\/p>\n<p>&#13;<br \/>\n\tY\u00fczlerce ki\u015filik \u0130srailli grup, &#8220;Katiller&#8221;, &#8220;Hi\u00e7bir bedel esirler i\u00e7in \u00e7ok de\u011fildir&#8221;, &#8220;Art\u0131k yeter&#8221;, &#8220;Refah&#8217;a sald\u0131r\u0131=esirleri \u00f6ld\u00fcrmek&#8221; yaz\u0131l\u0131 pankart ile afi\u015f, d\u00f6viz ve Gazze \u015eeridi&#8217;ndeki \u0130srailli esirlerin resimlerini ta\u015f\u0131d\u0131.<\/p>\n<p>&#13;<br \/>\n\t\u0130srailliler, &#8220;Hepsini getirin&#8221;, &#8220;Anla\u015fma \u015fimdi&#8221;, &#8220;Anla\u015fma masada hadi imzala&#8221; diye slogan att\u0131.<\/p>\n<p>&#13;<br \/>\n\t\u0130srail polisi, Menachem Begin Caddesi&#8217;ni trafi\u011fe kapatt\u0131. \u0130srailli esir yak\u0131nlar\u0131, Begin Caddesi&#8217;nden Kaplan Caddesi&#8217;ne do\u011fru y\u00fcr\u00fcd\u00fc\u011f\u00fcnde <a href=\"https:\/\/www.trthaber.com\/etiket\/polis\/\" target=\"_blank\" rel=\"noopener\">polis<\/a> engeliyle kar\u015f\u0131la\u015ft\u0131. \u0130srail polisi ve g\u00f6stericiler aras\u0131nda arbede ya\u015fand\u0131. G\u00f6stericiler Kaplan Caddesi&#8217;ni bir s\u00fcre tek y\u00f6nl\u00fc trafi\u011fe kapatt\u0131, uzun ara\u00e7 kuyruklar\u0131 olu\u015ftu.<\/p>\n<p><img decoding=\"async\" alt=\"\u0130srailliler sokaklarda h\u00fck\u00fcmetten ate\u015fkes anla\u015fmas\u0131n\u0131 imzalamas\u0131n\u0131 talep etti\" src=\"https:\/\/www.trthaber.com\/dosyalar\/images\/4_20240509_2_63779429_100686173.jpg\"\/><\/p>\n<p>&#13;<br \/>\n\t\u0130srailliler, Savunma Bakanl\u0131\u011f\u0131 binas\u0131n\u0131n \u00e7evresinde y\u00fcr\u00fcy\u00fc\u015f yapt\u0131.<\/p>\n<p>&#13;<br \/>\n\tG\u00f6sterici Ron Hantman, Gazze \u015eeridi&#8217;ndeki 130 kadar esirin geri getirilmesi i\u00e7in protestoya kat\u0131ld\u0131\u011f\u0131n\u0131 belirterek, Kahire&#8217;de bir anla\u015fma varken \u0130srail&#8217;in Refah&#8217;a sald\u0131rmas\u0131n\u0131n &#8220;ak\u0131ldan ziyade bir g\u00fc\u00e7 hamlesi oldu\u011funu&#8221; belirtti.<\/p>\n<p>&#13;<br \/>\n\t\u0130srail&#8217;in Gazze&#8217;deki esirleri geri getirmek i\u00e7in her \u015feyi yapmas\u0131 gerekti\u011fini savunan Hantman, ordunun Gazze&#8217;de kald\u0131\u011f\u0131 s\u00fcrenin giderek daha uzayaca\u011f\u0131n\u0131 ve sonucun yine kendileri ad\u0131na kay\u0131p olaca\u011f\u0131n\u0131 belirtti.<\/p>\n<p>&#13;<br \/>\n\t\u00d6te yandan \u0130srailli esir yak\u0131nlar\u0131, Bat\u0131 Kud\u00fcs&#8217;teki \u0130srail Y\u00fcksek Mahkemesi&#8217;nden Meclis binas\u0131na y\u00fcr\u00fcd\u00fc.<\/p>\n<p>&#13;<br \/>\n\tG\u00f6stericiler, Gazze \u015eeridi&#8217;nde devam eden \u00e7at\u0131\u015fmalarda \u00f6len ve hen\u00fcz g\u00f6m\u00fclmemi\u015f yak\u0131nlar\u0131n\u0131 temsilen bo\u015f bir tabut ta\u015f\u0131d\u0131.<\/p>\n<p>&#13;<br \/>\n\t\u00a0<\/p>\n<p><img decoding=\"async\" alt=\"\u0130srailliler sokaklarda h\u00fck\u00fcmetten ate\u015fkes anla\u015fmas\u0131n\u0131 imzalamas\u0131n\u0131 talep etti\" src=\"https:\/\/www.trthaber.com\/dosyalar\/images\/4_20240509_2_63779429_100686178.jpg\"\/><\/p>\n<p>&#13;<br \/>\n\trbest b\u0131rak\u0131lmas\u0131 \u00e7a\u011fr\u0131s\u0131yla pankart ta\u015f\u0131yan g\u00f6stericiler, &#8220;Hepsi hayata d\u00f6nene, iyile\u015fene veya \u0130srail mezarlar\u0131na g\u00f6m\u00fclene kadar dinlenmeyece\u011fiz&#8221; slogan\u0131 att\u0131.<\/p>\n<p>&#13;<br \/>\n\t\u0130srail polisinin zaman zaman g\u00f6stericilere m\u00fcdahale etmesiyle arbede ya\u015fand\u0131. Polis, iki ki\u015fiyi g\u00f6zalt\u0131na ald\u0131.<\/p>\n<h2>&#13;<br \/>\n\t<a href=\"https:\/\/www.trthaber.com\/etiket\/hamas\/\" target=\"_blank\" rel=\"noopener\">Hamas<\/a> ate\u015fkes \u00f6nerisine onay vermi\u015fti<\/h2>\n<p>&#13;<br \/>\n\tHamas Hareketi Siyasi B\u00fcro Ba\u015fkan\u0131 \u0130smail Heniyye, <a href=\"https:\/\/www.trthaber.com\/etiket\/katar\/\" target=\"_blank\" rel=\"noopener\">Katar<\/a> ve M\u0131s\u0131r&#8217;a, Gazze \u015eeridi&#8217;nde ate\u015fkes anla\u015fmas\u0131na ili\u015fkin \u00f6nerilerini onaylad\u0131\u011f\u0131n\u0131 bildirmi\u015fti.<\/p>\n<p>&#13;<br \/>\n\tHamas&#8217;\u0131n Katar ve <a href=\"https:\/\/www.trthaber.com\/etiket\/misir\/\" target=\"_blank\" rel=\"noopener\">M\u0131s\u0131r<\/a> taraf\u0131ndan iletilen &#8220;ate\u015fkes \u00f6nerilerine&#8221; onay verdi\u011fini duyurmas\u0131n\u0131n ard\u0131ndan \u0130srail <a href=\"https:\/\/www.trthaber.com\/etiket\/savas\/\" target=\"_blank\" rel=\"noopener\">Sava\u015f<\/a> Kabinesi, Refah&#8217;ta sald\u0131r\u0131lara devam karar\u0131 alm\u0131\u015ft\u0131.<\/p>\n<p>&#13;<br \/>\n\t\u0130srail ordusu, 7 May\u0131s&#8217;ta Refah&#8217;\u0131n do\u011fusuna kara sald\u0131r\u0131s\u0131 ba\u015flatm\u0131\u015f M\u0131s\u0131r&#8217;a a\u00e7\u0131lan s\u0131n\u0131r kap\u0131s\u0131 Refah&#8217;\u0131n Filistin taraf\u0131nda kontrol\u00fc ele ge\u00e7irmi\u015fti.<\/p>\n<p>&#13;<br \/>\n\t\u0130srail ordusunun i\u015fgal etti\u011fi b\u00f6lge Gazze&#8217;ye insani yard\u0131mlar\u0131n giri\u015finde ana ge\u00e7i\u015f noktas\u0131 olan ve Gazze \u015eeridi&#8217;ndeki Filistinlilerin yurt d\u0131\u015f\u0131na seyahat etmek i\u00e7in kulland\u0131klar\u0131 tek ge\u00e7i\u015f noktas\u0131 M\u0131s\u0131r s\u0131n\u0131r\u0131ndaki Refah S\u0131n\u0131r Kap\u0131s\u0131&#8217;n\u0131 da i\u00e7eriyor.<\/p>\n<p>&#13;<br \/>\n\t\u0130srail&#8217;in 7 Ekim&#8217;den bu yana Gazze \u015eeridi&#8217;ne d\u00fczenledi\u011fi sald\u0131r\u0131larda 15 bin kadar\u0131 \u00e7ocuk, 10 bini kad\u0131n olmak \u00fczere 35 bine yak\u0131n Filistinli \u00f6ld\u00fcr\u00fcld\u00fc, en az 78 bin Filistinli yaraland\u0131.<\/p>\n<p>&#13;<br \/>\n\tEnkaz alt\u0131nda halen binlerce \u00f6l\u00fc oldu\u011fu bildirilirken, halk\u0131n s\u0131\u011f\u0131nd\u0131\u011f\u0131 hastane ve <a href=\"https:\/\/www.trthaber.com\/etiket\/egitim\/\" target=\"_blank\" rel=\"noopener\">e\u011fitim<\/a> kurumlar\u0131 hedef al\u0131narak sivil altyap\u0131 da tahrip ediliyor.<\/p>\n<\/p><\/div>\n","protected":false},"excerpt":{"rendered":"<p>&#13; \u0130srail ve Filistinlilerin bir araya geldi\u011fi &#8220;Beraber Duruyoruz&#8221; isimli sivil toplum \u00f6rg\u00fct\u00fcn\u00fcn \u00e7a\u011fr\u0131s\u0131yla yakla\u015f\u0131k 1500 ki\u015filik grup Tel Aviv&#8217;in merkezindeki Habima Meydan\u0131&#8217;nda topland\u0131. &#13; G\u00f6stericiler, &#8220;Refah&#8217;takiler de \u0130srail&#8217;dekiler de \u00e7ocuk&#8221;, &#8220;\u00c7ocuklar\u0131n \u00f6l\u00fcm\u00fcne yeter&#8221;, &#8220;Anla\u015fma hemen&#8221;, &#8220;Esirleri evine getirin&#8221;, &#8220;Hemen \u015fimdi&#8221;, &#8220;Sadece bar\u0131\u015fla g\u00fcvenlik gelir&#8221;, &#8220;Yar\u0131m y\u0131ll\u0131k cehennem art\u0131k bitsin&#8221; yaz\u0131l\u0131 pankart, afi\u015f ve d\u00f6vizler [&hellip;]<\/p>\n","protected":false},"author":1,"featured_media":1905,"comment_status":"open","ping_status":"open","sticky":false,"template":"","format":"standard","meta":{"jnews-multi-image_gallery":[],"jnews_single_post":[],"jnews_primary_category":[],"jnews_social_meta":[],"jnews_override_counter":[],"footnotes":""},"categories":[2],"tags":[],"class_list":["post-1904","post","type-post","status-publish","format-standard","has-post-thumbnail","hentry","category-dunya"],"yoast_head":"<!-- This site is optimized with the Yoast SEO plugin v27.5 - https:\/\/yoast.com\/product\/yoast-seo-wordpress\/ -->\n<title>\u0130srailliler sokaklarda h\u00fck\u00fcmetten ate\u015fkes anla\u015fmas\u0131n\u0131 imzalamas\u0131n\u0131 talep etti - Kuzeyin Sesi<\/title>\n<meta name=\"robots\" content=\"index, follow, max-snippet:-1, max-image-preview:large, max-video-preview:-1\" \/>\n<link rel=\"canonical\" href=\"https:\/\/kuzeyinsesi.org\/index.php\/2024\/05\/10\/israilliler-sokaklarda-hukumetten-ateskes-anlasmasini-imzalamasini-talep-etti\/\" \/>\n<meta property=\"og:locale\" content=\"tr_TR\" \/>\n<meta property=\"og:type\" content=\"article\" \/>\n<meta property=\"og:title\" content=\"\u0130srailliler sokaklarda h\u00fck\u00fcmetten ate\u015fkes anla\u015fmas\u0131n\u0131 imzalamas\u0131n\u0131 talep etti - Kuzeyin Sesi\" \/>\n<meta property=\"og:description\" content=\"&#013; \u0130srail ve Filistinlilerin bir araya geldi\u011fi &#8220;Beraber Duruyoruz&#8221; isimli sivil toplum \u00f6rg\u00fct\u00fcn\u00fcn \u00e7a\u011fr\u0131s\u0131yla yakla\u015f\u0131k 1500 ki\u015filik grup Tel Aviv&#8217;in merkezindeki Habima Meydan\u0131&#8217;nda topland\u0131. &#013; G\u00f6stericiler, &#8220;Refah&#8217;takiler de \u0130srail&#8217;dekiler de \u00e7ocuk&#8221;, &#8220;\u00c7ocuklar\u0131n \u00f6l\u00fcm\u00fcne yeter&#8221;, &#8220;Anla\u015fma hemen&#8221;, &#8220;Esirleri evine getirin&#8221;, &#8220;Hemen \u015fimdi&#8221;, &#8220;Sadece bar\u0131\u015fla g\u00fcvenlik gelir&#8221;, &#8220;Yar\u0131m y\u0131ll\u0131k cehennem art\u0131k bitsin&#8221; yaz\u0131l\u0131 pankart, afi\u015f ve d\u00f6vizler [&hellip;]\" \/>\n<meta property=\"og:url\" content=\"https:\/\/kuzeyinsesi.org\/index.php\/2024\/05\/10\/israilliler-sokaklarda-hukumetten-ateskes-anlasmasini-imzalamasini-talep-etti\/\" \/>\n<meta property=\"og:site_name\" content=\"Kuzeyin Sesi\" \/>\n<meta property=\"article:publisher\" content=\"https:\/\/www.facebook.com\/kuzeyinsesii\" \/>\n<meta property=\"article:published_time\" content=\"2024-05-09T22:16:57+00:00\" \/>\n<meta property=\"og:image\" content=\"https:\/\/kuzeyinsesi.org\/wp-content\/uploads\/2024\/05\/israil-sokak-2227069.jpg\" \/>\n\t<meta property=\"og:image:width\" content=\"1280\" \/>\n\t<meta property=\"og:image:height\" content=\"720\" \/>\n\t<meta property=\"og:image:type\" content=\"image\/jpeg\" \/>\n<meta name=\"author\" content=\"Kuzeyin Sesi\" \/>\n<meta name=\"twitter:card\" content=\"summary_large_image\" \/>\n<meta name=\"twitter:creator\" content=\"@kuzeyinsesii\" \/>\n<meta name=\"twitter:site\" content=\"@kuzeyinsesii\" \/>\n<meta name=\"twitter:label1\" content=\"Yazan:\" \/>\n\t<meta name=\"twitter:data1\" content=\"Kuzeyin Sesi\" \/>\n\t<meta name=\"twitter:label2\" content=\"Tahmini okuma s\u00fcresi\" \/>\n\t<meta name=\"twitter:data2\" content=\"3 dakika\" \/>\n<script type=\"application\/ld+json\" class=\"yoast-schema-graph\">{\"@context\":\"https:\\\/\\\/schema.org\",\"@graph\":[{\"@type\":\"Article\",\"@id\":\"https:\\\/\\\/kuzeyinsesi.org\\\/index.php\\\/2024\\\/05\\\/10\\\/israilliler-sokaklarda-hukumetten-ateskes-anlasmasini-imzalamasini-talep-etti\\\/#article\",\"isPartOf\":{\"@id\":\"https:\\\/\\\/kuzeyinsesi.org\\\/index.php\\\/2024\\\/05\\\/10\\\/israilliler-sokaklarda-hukumetten-ateskes-anlasmasini-imzalamasini-talep-etti\\\/\"},\"author\":{\"name\":\"Kuzeyin Sesi\",\"@id\":\"https:\\\/\\\/kuzeyinsesi.org\\\/#\\\/schema\\\/person\\\/9f859689cdf01485597712386e37f5aa\"},\"headline\":\"\u0130srailliler sokaklarda h\u00fck\u00fcmetten ate\u015fkes anla\u015fmas\u0131n\u0131 imzalamas\u0131n\u0131 talep etti\",\"datePublished\":\"2024-05-09T22:16:57+00:00\",\"mainEntityOfPage\":{\"@id\":\"https:\\\/\\\/kuzeyinsesi.org\\\/index.php\\\/2024\\\/05\\\/10\\\/israilliler-sokaklarda-hukumetten-ateskes-anlasmasini-imzalamasini-talep-etti\\\/\"},\"wordCount\":679,\"commentCount\":0,\"image\":{\"@id\":\"https:\\\/\\\/kuzeyinsesi.org\\\/index.php\\\/2024\\\/05\\\/10\\\/israilliler-sokaklarda-hukumetten-ateskes-anlasmasini-imzalamasini-talep-etti\\\/#primaryimage\"},\"thumbnailUrl\":\"https:\\\/\\\/kuzeyinsesi.org\\\/wp-content\\\/uploads\\\/2024\\\/05\\\/israil-sokak-2227069.jpg\",\"articleSection\":[\"D\u00fcnya\"],\"inLanguage\":\"tr\",\"potentialAction\":[{\"@type\":\"CommentAction\",\"name\":\"Comment\",\"target\":[\"https:\\\/\\\/kuzeyinsesi.org\\\/index.php\\\/2024\\\/05\\\/10\\\/israilliler-sokaklarda-hukumetten-ateskes-anlasmasini-imzalamasini-talep-etti\\\/#respond\"]}]},{\"@type\":\"WebPage\",\"@id\":\"https:\\\/\\\/kuzeyinsesi.org\\\/index.php\\\/2024\\\/05\\\/10\\\/israilliler-sokaklarda-hukumetten-ateskes-anlasmasini-imzalamasini-talep-etti\\\/\",\"url\":\"https:\\\/\\\/kuzeyinsesi.org\\\/index.php\\\/2024\\\/05\\\/10\\\/israilliler-sokaklarda-hukumetten-ateskes-anlasmasini-imzalamasini-talep-etti\\\/\",\"name\":\"\u0130srailliler sokaklarda h\u00fck\u00fcmetten ate\u015fkes anla\u015fmas\u0131n\u0131 imzalamas\u0131n\u0131 talep etti - Kuzeyin Sesi\",\"isPartOf\":{\"@id\":\"https:\\\/\\\/kuzeyinsesi.org\\\/#website\"},\"primaryImageOfPage\":{\"@id\":\"https:\\\/\\\/kuzeyinsesi.org\\\/index.php\\\/2024\\\/05\\\/10\\\/israilliler-sokaklarda-hukumetten-ateskes-anlasmasini-imzalamasini-talep-etti\\\/#primaryimage\"},\"image\":{\"@id\":\"https:\\\/\\\/kuzeyinsesi.org\\\/index.php\\\/2024\\\/05\\\/10\\\/israilliler-sokaklarda-hukumetten-ateskes-anlasmasini-imzalamasini-talep-etti\\\/#primaryimage\"},\"thumbnailUrl\":\"https:\\\/\\\/kuzeyinsesi.org\\\/wp-content\\\/uploads\\\/2024\\\/05\\\/israil-sokak-2227069.jpg\",\"datePublished\":\"2024-05-09T22:16:57+00:00\",\"author\":{\"@id\":\"https:\\\/\\\/kuzeyinsesi.org\\\/#\\\/schema\\\/person\\\/9f859689cdf01485597712386e37f5aa\"},\"breadcrumb\":{\"@id\":\"https:\\\/\\\/kuzeyinsesi.org\\\/index.php\\\/2024\\\/05\\\/10\\\/israilliler-sokaklarda-hukumetten-ateskes-anlasmasini-imzalamasini-talep-etti\\\/#breadcrumb\"},\"inLanguage\":\"tr\",\"potentialAction\":[{\"@type\":\"ReadAction\",\"target\":[\"https:\\\/\\\/kuzeyinsesi.org\\\/index.php\\\/2024\\\/05\\\/10\\\/israilliler-sokaklarda-hukumetten-ateskes-anlasmasini-imzalamasini-talep-etti\\\/\"]}]},{\"@type\":\"ImageObject\",\"inLanguage\":\"tr\",\"@id\":\"https:\\\/\\\/kuzeyinsesi.org\\\/index.php\\\/2024\\\/05\\\/10\\\/israilliler-sokaklarda-hukumetten-ateskes-anlasmasini-imzalamasini-talep-etti\\\/#primaryimage\",\"url\":\"https:\\\/\\\/kuzeyinsesi.org\\\/wp-content\\\/uploads\\\/2024\\\/05\\\/israil-sokak-2227069.jpg\",\"contentUrl\":\"https:\\\/\\\/kuzeyinsesi.org\\\/wp-content\\\/uploads\\\/2024\\\/05\\\/israil-sokak-2227069.jpg\",\"width\":1280,\"height\":720},{\"@type\":\"BreadcrumbList\",\"@id\":\"https:\\\/\\\/kuzeyinsesi.org\\\/index.php\\\/2024\\\/05\\\/10\\\/israilliler-sokaklarda-hukumetten-ateskes-anlasmasini-imzalamasini-talep-etti\\\/#breadcrumb\",\"itemListElement\":[{\"@type\":\"ListItem\",\"position\":1,\"name\":\"Anasayfa\",\"item\":\"https:\\\/\\\/kuzeyinsesi.org\\\/\"},{\"@type\":\"ListItem\",\"position\":2,\"name\":\"\u0130srailliler sokaklarda h\u00fck\u00fcmetten ate\u015fkes anla\u015fmas\u0131n\u0131 imzalamas\u0131n\u0131 talep etti\"}]},{\"@type\":\"WebSite\",\"@id\":\"https:\\\/\\\/kuzeyinsesi.org\\\/#website\",\"url\":\"https:\\\/\\\/kuzeyinsesi.org\\\/\",\"name\":\"Kuzeyin Sesi\",\"description\":\"Do\u011fru Haberin Adresi\",\"potentialAction\":[{\"@type\":\"SearchAction\",\"target\":{\"@type\":\"EntryPoint\",\"urlTemplate\":\"https:\\\/\\\/kuzeyinsesi.org\\\/?s={search_term_string}\"},\"query-input\":{\"@type\":\"PropertyValueSpecification\",\"valueRequired\":true,\"valueName\":\"search_term_string\"}}],\"inLanguage\":\"tr\"},{\"@type\":\"Person\",\"@id\":\"https:\\\/\\\/kuzeyinsesi.org\\\/#\\\/schema\\\/person\\\/9f859689cdf01485597712386e37f5aa\",\"name\":\"Kuzeyin Sesi\",\"image\":{\"@type\":\"ImageObject\",\"inLanguage\":\"tr\",\"@id\":\"https:\\\/\\\/secure.gravatar.com\\\/avatar\\\/bab33852abfd8b282518d6ed81826833d77c3c882d9ab608add591ccace47a44?s=96&d=mm&r=g\",\"url\":\"https:\\\/\\\/secure.gravatar.com\\\/avatar\\\/bab33852abfd8b282518d6ed81826833d77c3c882d9ab608add591ccace47a44?s=96&d=mm&r=g\",\"contentUrl\":\"https:\\\/\\\/secure.gravatar.com\\\/avatar\\\/bab33852abfd8b282518d6ed81826833d77c3c882d9ab608add591ccace47a44?s=96&d=mm&r=g\",\"caption\":\"Kuzeyin Sesi\"},\"sameAs\":[\"https:\\\/\\\/kuzeyinsesi.org\"],\"url\":\"https:\\\/\\\/kuzeyinsesi.org\\\/index.php\\\/author\\\/guven\\\/\"}]}<\/script>\n<!-- \/ Yoast SEO plugin. -->","yoast_head_json":{"title":"\u0130srailliler sokaklarda h\u00fck\u00fcmetten ate\u015fkes anla\u015fmas\u0131n\u0131 imzalamas\u0131n\u0131 talep etti - Kuzeyin Sesi","robots":{"index":"index","follow":"follow","max-snippet":"max-snippet:-1","max-image-preview":"max-image-preview:large","max-video-preview":"max-video-preview:-1"},"canonical":"https:\/\/kuzeyinsesi.org\/index.php\/2024\/05\/10\/israilliler-sokaklarda-hukumetten-ateskes-anlasmasini-imzalamasini-talep-etti\/","og_locale":"tr_TR","og_type":"article","og_title":"\u0130srailliler sokaklarda h\u00fck\u00fcmetten ate\u015fkes anla\u015fmas\u0131n\u0131 imzalamas\u0131n\u0131 talep etti - Kuzeyin Sesi","og_description":"&#13; \u0130srail ve Filistinlilerin bir araya geldi\u011fi &#8220;Beraber Duruyoruz&#8221; isimli sivil toplum \u00f6rg\u00fct\u00fcn\u00fcn \u00e7a\u011fr\u0131s\u0131yla yakla\u015f\u0131k 1500 ki\u015filik grup Tel Aviv&#8217;in merkezindeki Habima Meydan\u0131&#8217;nda topland\u0131. &#13; G\u00f6stericiler, &#8220;Refah&#8217;takiler de \u0130srail&#8217;dekiler de \u00e7ocuk&#8221;, &#8220;\u00c7ocuklar\u0131n \u00f6l\u00fcm\u00fcne yeter&#8221;, &#8220;Anla\u015fma hemen&#8221;, &#8220;Esirleri evine getirin&#8221;, &#8220;Hemen \u015fimdi&#8221;, &#8220;Sadece bar\u0131\u015fla g\u00fcvenlik gelir&#8221;, &#8220;Yar\u0131m y\u0131ll\u0131k cehennem art\u0131k bitsin&#8221; yaz\u0131l\u0131 pankart, afi\u015f ve d\u00f6vizler [&hellip;]","og_url":"https:\/\/kuzeyinsesi.org\/index.php\/2024\/05\/10\/israilliler-sokaklarda-hukumetten-ateskes-anlasmasini-imzalamasini-talep-etti\/","og_site_name":"Kuzeyin Sesi","article_publisher":"https:\/\/www.facebook.com\/kuzeyinsesii","article_published_time":"2024-05-09T22:16:57+00:00","og_image":[{"width":1280,"height":720,"url":"https:\/\/kuzeyinsesi.org\/wp-content\/uploads\/2024\/05\/israil-sokak-2227069.jpg","type":"image\/jpeg"}],"author":"Kuzeyin Sesi","twitter_card":"summary_large_image","twitter_creator":"@kuzeyinsesii","twitter_site":"@kuzeyinsesii","twitter_misc":{"Yazan:":"Kuzeyin Sesi","Tahmini okuma s\u00fcresi":"3 dakika"},"schema":{"@context":"https:\/\/schema.org","@graph":[{"@type":"Article","@id":"https:\/\/kuzeyinsesi.org\/index.php\/2024\/05\/10\/israilliler-sokaklarda-hukumetten-ateskes-anlasmasini-imzalamasini-talep-etti\/#article","isPartOf":{"@id":"https:\/\/kuzeyinsesi.org\/index.php\/2024\/05\/10\/israilliler-sokaklarda-hukumetten-ateskes-anlasmasini-imzalamasini-talep-etti\/"},"author":{"name":"Kuzeyin Sesi","@id":"https:\/\/kuzeyinsesi.org\/#\/schema\/person\/9f859689cdf01485597712386e37f5aa"},"headline":"\u0130srailliler sokaklarda h\u00fck\u00fcmetten ate\u015fkes anla\u015fmas\u0131n\u0131 imzalamas\u0131n\u0131 talep etti","datePublished":"2024-05-09T22:16:57+00:00","mainEntityOfPage":{"@id":"https:\/\/kuzeyinsesi.org\/index.php\/2024\/05\/10\/israilliler-sokaklarda-hukumetten-ateskes-anlasmasini-imzalamasini-talep-etti\/"},"wordCount":679,"commentCount":0,"image":{"@id":"https:\/\/kuzeyinsesi.org\/index.php\/2024\/05\/10\/israilliler-sokaklarda-hukumetten-ateskes-anlasmasini-imzalamasini-talep-etti\/#primaryimage"},"thumbnailUrl":"https:\/\/kuzeyinsesi.org\/wp-content\/uploads\/2024\/05\/israil-sokak-2227069.jpg","articleSection":["D\u00fcnya"],"inLanguage":"tr","potentialAction":[{"@type":"CommentAction","name":"Comment","target":["https:\/\/kuzeyinsesi.org\/index.php\/2024\/05\/10\/israilliler-sokaklarda-hukumetten-ateskes-anlasmasini-imzalamasini-talep-etti\/#respond"]}]},{"@type":"WebPage","@id":"https:\/\/kuzeyinsesi.org\/index.php\/2024\/05\/10\/israilliler-sokaklarda-hukumetten-ateskes-anlasmasini-imzalamasini-talep-etti\/","url":"https:\/\/kuzeyinsesi.org\/index.php\/2024\/05\/10\/israilliler-sokaklarda-hukumetten-ateskes-anlasmasini-imzalamasini-talep-etti\/","name":"\u0130srailliler sokaklarda h\u00fck\u00fcmetten ate\u015fkes anla\u015fmas\u0131n\u0131 imzalamas\u0131n\u0131 talep etti - Kuzeyin Sesi","isPartOf":{"@id":"https:\/\/kuzeyinsesi.org\/#website"},"primaryImageOfPage":{"@id":"https:\/\/kuzeyinsesi.org\/index.php\/2024\/05\/10\/israilliler-sokaklarda-hukumetten-ateskes-anlasmasini-imzalamasini-talep-etti\/#primaryimage"},"image":{"@id":"https:\/\/kuzeyinsesi.org\/index.php\/2024\/05\/10\/israilliler-sokaklarda-hukumetten-ateskes-anlasmasini-imzalamasini-talep-etti\/#primaryimage"},"thumbnailUrl":"https:\/\/kuzeyinsesi.org\/wp-content\/uploads\/2024\/05\/israil-sokak-2227069.jpg","datePublished":"2024-05-09T22:16:57+00:00","author":{"@id":"https:\/\/kuzeyinsesi.org\/#\/schema\/person\/9f859689cdf01485597712386e37f5aa"},"breadcrumb":{"@id":"https:\/\/kuzeyinsesi.org\/index.php\/2024\/05\/10\/israilliler-sokaklarda-hukumetten-ateskes-anlasmasini-imzalamasini-talep-etti\/#breadcrumb"},"inLanguage":"tr","potentialAction":[{"@type":"ReadAction","target":["https:\/\/kuzeyinsesi.org\/index.php\/2024\/05\/10\/israilliler-sokaklarda-hukumetten-ateskes-anlasmasini-imzalamasini-talep-etti\/"]}]},{"@type":"ImageObject","inLanguage":"tr","@id":"https:\/\/kuzeyinsesi.org\/index.php\/2024\/05\/10\/israilliler-sokaklarda-hukumetten-ateskes-anlasmasini-imzalamasini-talep-etti\/#primaryimage","url":"https:\/\/kuzeyinsesi.org\/wp-content\/uploads\/2024\/05\/israil-sokak-2227069.jpg","contentUrl":"https:\/\/kuzeyinsesi.org\/wp-content\/uploads\/2024\/05\/israil-sokak-2227069.jpg","width":1280,"height":720},{"@type":"BreadcrumbList","@id":"https:\/\/kuzeyinsesi.org\/index.php\/2024\/05\/10\/israilliler-sokaklarda-hukumetten-ateskes-anlasmasini-imzalamasini-talep-etti\/#breadcrumb","itemListElement":[{"@type":"ListItem","position":1,"name":"Anasayfa","item":"https:\/\/kuzeyinsesi.org\/"},{"@type":"ListItem","position":2,"name":"\u0130srailliler sokaklarda h\u00fck\u00fcmetten ate\u015fkes anla\u015fmas\u0131n\u0131 imzalamas\u0131n\u0131 talep etti"}]},{"@type":"WebSite","@id":"https:\/\/kuzeyinsesi.org\/#website","url":"https:\/\/kuzeyinsesi.org\/","name":"Kuzeyin Sesi","description":"Do\u011fru Haberin Adresi","potentialAction":[{"@type":"SearchAction","target":{"@type":"EntryPoint","urlTemplate":"https:\/\/kuzeyinsesi.org\/?s={search_term_string}"},"query-input":{"@type":"PropertyValueSpecification","valueRequired":true,"valueName":"search_term_string"}}],"inLanguage":"tr"},{"@type":"Person","@id":"https:\/\/kuzeyinsesi.org\/#\/schema\/person\/9f859689cdf01485597712386e37f5aa","name":"Kuzeyin Sesi","image":{"@type":"ImageObject","inLanguage":"tr","@id":"https:\/\/secure.gravatar.com\/avatar\/bab33852abfd8b282518d6ed81826833d77c3c882d9ab608add591ccace47a44?s=96&d=mm&r=g","url":"https:\/\/secure.gravatar.com\/avatar\/bab33852abfd8b282518d6ed81826833d77c3c882d9ab608add591ccace47a44?s=96&d=mm&r=g","contentUrl":"https:\/\/secure.gravatar.com\/avatar\/bab33852abfd8b282518d6ed81826833d77c3c882d9ab608add591ccace47a44?s=96&d=mm&r=g","caption":"Kuzeyin Sesi"},"sameAs":["https:\/\/kuzeyinsesi.org"],"url":"https:\/\/kuzeyinsesi.org\/index.php\/author\/guven\/"}]}},"_links":{"self":[{"href":"https:\/\/kuzeyinsesi.org\/index.php\/wp-json\/wp\/v2\/posts\/1904","targetHints":{"allow":["GET"]}}],"collection":[{"href":"https:\/\/kuzeyinsesi.org\/index.php\/wp-json\/wp\/v2\/posts"}],"about":[{"href":"https:\/\/kuzeyinsesi.org\/index.php\/wp-json\/wp\/v2\/types\/post"}],"author":[{"embeddable":true,"href":"https:\/\/kuzeyinsesi.org\/index.php\/wp-json\/wp\/v2\/users\/1"}],"replies":[{"embeddable":true,"href":"https:\/\/kuzeyinsesi.org\/index.php\/wp-json\/wp\/v2\/comments?post=1904"}],"version-history":[{"count":0,"href":"https:\/\/kuzeyinsesi.org\/index.php\/wp-json\/wp\/v2\/posts\/1904\/revisions"}],"wp:featuredmedia":[{"embeddable":true,"href":"https:\/\/kuzeyinsesi.org\/index.php\/wp-json\/wp\/v2\/media\/1905"}],"wp:attachment":[{"href":"https:\/\/kuzeyinsesi.org\/index.php\/wp-json\/wp\/v2\/media?parent=1904"}],"wp:term":[{"taxonomy":"category","embeddable":true,"href":"https:\/\/kuzeyinsesi.org\/index.php\/wp-json\/wp\/v2\/categories?post=1904"},{"taxonomy":"post_tag","embeddable":true,"href":"https:\/\/kuzeyinsesi.org\/index.php\/wp-json\/wp\/v2\/tags?post=1904"}],"curies":[{"name":"wp","href":"https:\/\/api.w.org\/{rel}","templated":true}]}}