{"id":19038,"date":"2025-02-13T20:04:32","date_gmt":"2025-02-13T18:04:32","guid":{"rendered":"https:\/\/kuzeyinsesi.org\/index.php\/2025\/02\/13\/t-c-diyanet-isleri-baskan-yardimcisi-doc-dr-burhan-isliyen-din-gorevlileriyle-bulustu\/"},"modified":"2025-02-13T20:04:32","modified_gmt":"2025-02-13T18:04:32","slug":"t-c-diyanet-isleri-baskan-yardimcisi-doc-dr-burhan-isliyen-din-gorevlileriyle-bulustu","status":"publish","type":"post","link":"https:\/\/kuzeyinsesi.org\/index.php\/2025\/02\/13\/t-c-diyanet-isleri-baskan-yardimcisi-doc-dr-burhan-isliyen-din-gorevlileriyle-bulustu\/","title":{"rendered":"T.C. Diyanet \u0130\u015fleri Ba\u015fkan Yard\u0131mc\u0131s\u0131 Do\u00e7. Dr. Burhan \u0130\u015fliyen din g\u00f6revlileriyle bulu\u015ftu"},"content":{"rendered":"<div>\n<div class=\"mariselle-image-container center\">\n                                            <\/div>\n<p>Bir dizi temaslarda bulunmak \u00fczere KKTC\u2019ye gelen T.C. Diyanet \u0130\u015fleri Ba\u015fkan Yard\u0131mc\u0131s\u0131 Do\u00e7.  Dr. Burhan \u0130\u015fliyen, bug\u00fcn Hala Sultan Cami Konferans Salonu\u2019nda din g\u00f6revlileriyle bir araya geldi.<\/p>\n<p>Din \u0130\u015fleri Ba\u015fkanl\u0131\u011f\u0131\u2019ndan yap\u0131lan a\u00e7\u0131klamaya g\u00f6re, Hala Sultan Cami Konferans Salonu\u2019nda \u201cBerat Kandili\u2019ni \u0130drak ve Ramazana Haz\u0131rl\u0131k Program\u0131 da yap\u0131ld\u0131.<\/p>\n<p>Arabahmet Cami \u0130mam Hatibi Mustafa \u00c7akar\u2019\u0131n Kur\u2019an-\u0131 Kerim tilavetiyle ba\u015flayan Berat Kandilini \u0130drak ve Ramazan\u2019a Haz\u0131rl\u0131k Program\u0131,  Din Hizmetleri M\u00fc\u015faviri Abdul Kadir Bo\u015fal\u2019\u0131n a\u00e7\u0131l\u0131\u015f konu\u015fmas\u0131n\u0131n ard\u0131ndan T.C. Diyanet \u0130\u015fleri Ba\u015fkanl\u0131\u011f\u0131 Cami Hizmetleri Daire Ba\u015fkan\u0131 Turgut Erhan\u2019\u0131n selamlama konu\u015fmas\u0131yla devam etti.<\/p>\n<p>Cami Hizmetleri Daire Ba\u015fkan\u0131 Erhan\u2019\u0131n selama konu\u015fmas\u0131n\u0131n ard\u0131ndan k\u00fcrs\u00fcye \u00e7\u0131kan Din \u0130\u015fleri Ba\u015fkan\u0131 Hakan Moral, \u201cYakla\u015fmakta olan on bir ay\u0131n -sultan\u0131 ramazan ay\u0131 \u00f6ncesi g\u00fczel bir s\u00fcrpriz yaparak \u00fclkemize te\u015frif eden  Diyanet \u0130\u015fleri Ba\u015fkan Yard\u0131mc\u0131s\u0131 Burhan \u0130\u015fliyen Hoca\u2019ma ve Cami Hizmetleri Daire M\u00fcd\u00fcr\u00fc  Turgut Erhan Hoca\u2019ma \u015f\u00fckranlar\u0131m\u0131 sunuyorum. Programa kat\u0131l\u0131m g\u00f6steren herbiri ayr\u0131 ayr\u0131 k\u0131ymetli olan g\u00f6revlilerimizede te\u015fekk\u00fcr ediyorum.\u201d ifadelerine yer verip, Berat Kandili\u2019ni kutlad\u0131.<\/p>\n<p>\u201cBerat Kandilini \u0130drak ve Ramazan\u2019a Haz\u0131rl\u0131k\u201d konulu konferans veren Diyanet \u0130\u015fleri Ba\u015fkan Yard\u0131mc\u0131s\u0131 \u0130\u015fliyen, konu\u015fmas\u0131n\u0131n ard\u0131ndan din g\u00f6revlileriyle  sahada ya\u015fan\u0131lan olumlu ve olumsuz durumlar hakk\u0131nda fikir al\u0131\u015fveri\u015finde bulundu.<\/p>\n<\/p><\/div>\n<p><script async\n                    defer\n                    crossorigin=\"anonymous\"\n                    src=\"https:\/\/connect.facebook.net\/tr_TR\/sdk.js#xfbml=1&#038;version=v3.3\"\n            ><\/script><\/p>\n","protected":false},"excerpt":{"rendered":"<p>Bir dizi temaslarda bulunmak \u00fczere KKTC\u2019ye gelen T.C. Diyanet \u0130\u015fleri Ba\u015fkan Yard\u0131mc\u0131s\u0131 Do\u00e7. Dr. Burhan \u0130\u015fliyen, bug\u00fcn Hala Sultan Cami Konferans Salonu\u2019nda din g\u00f6revlileriyle bir araya geldi. Din \u0130\u015fleri Ba\u015fkanl\u0131\u011f\u0131\u2019ndan yap\u0131lan a\u00e7\u0131klamaya g\u00f6re, Hala Sultan Cami Konferans Salonu\u2019nda \u201cBerat Kandili\u2019ni \u0130drak ve Ramazana Haz\u0131rl\u0131k Program\u0131 da yap\u0131ld\u0131. Arabahmet Cami \u0130mam Hatibi Mustafa \u00c7akar\u2019\u0131n Kur\u2019an-\u0131 Kerim [&hellip;]<\/p>\n","protected":false},"author":1,"featured_media":19039,"comment_status":"open","ping_status":"open","sticky":false,"template":"","format":"standard","meta":{"jnews-multi-image_gallery":[],"jnews_single_post":[],"jnews_primary_category":[],"jnews_social_meta":[],"jnews_override_counter":[],"footnotes":""},"categories":[5],"tags":[],"class_list":["post-19038","post","type-post","status-publish","format-standard","has-post-thumbnail","hentry","category-turkiye"],"yoast_head":"<!-- This site is optimized with the Yoast SEO plugin v27.5 - https:\/\/yoast.com\/product\/yoast-seo-wordpress\/ -->\n<title>T.C. Diyanet \u0130\u015fleri Ba\u015fkan Yard\u0131mc\u0131s\u0131 Do\u00e7. Dr. Burhan \u0130\u015fliyen din g\u00f6revlileriyle bulu\u015ftu - Kuzeyin Sesi<\/title>\n<meta name=\"robots\" content=\"index, follow, max-snippet:-1, max-image-preview:large, max-video-preview:-1\" \/>\n<link rel=\"canonical\" href=\"https:\/\/kuzeyinsesi.org\/index.php\/2025\/02\/13\/t-c-diyanet-isleri-baskan-yardimcisi-doc-dr-burhan-isliyen-din-gorevlileriyle-bulustu\/\" \/>\n<meta property=\"og:locale\" content=\"tr_TR\" \/>\n<meta property=\"og:type\" content=\"article\" \/>\n<meta property=\"og:title\" content=\"T.C. Diyanet \u0130\u015fleri Ba\u015fkan Yard\u0131mc\u0131s\u0131 Do\u00e7. Dr. Burhan \u0130\u015fliyen din g\u00f6revlileriyle bulu\u015ftu - Kuzeyin Sesi\" \/>\n<meta property=\"og:description\" content=\"Bir dizi temaslarda bulunmak \u00fczere KKTC\u2019ye gelen T.C. Diyanet \u0130\u015fleri Ba\u015fkan Yard\u0131mc\u0131s\u0131 Do\u00e7. Dr. Burhan \u0130\u015fliyen, bug\u00fcn Hala Sultan Cami Konferans Salonu\u2019nda din g\u00f6revlileriyle bir araya geldi. Din \u0130\u015fleri Ba\u015fkanl\u0131\u011f\u0131\u2019ndan yap\u0131lan a\u00e7\u0131klamaya g\u00f6re, Hala Sultan Cami Konferans Salonu\u2019nda \u201cBerat Kandili\u2019ni \u0130drak ve Ramazana Haz\u0131rl\u0131k Program\u0131 da yap\u0131ld\u0131. Arabahmet Cami \u0130mam Hatibi Mustafa \u00c7akar\u2019\u0131n Kur\u2019an-\u0131 Kerim [&hellip;]\" \/>\n<meta property=\"og:url\" content=\"https:\/\/kuzeyinsesi.org\/index.php\/2025\/02\/13\/t-c-diyanet-isleri-baskan-yardimcisi-doc-dr-burhan-isliyen-din-gorevlileriyle-bulustu\/\" \/>\n<meta property=\"og:site_name\" content=\"Kuzeyin Sesi\" \/>\n<meta property=\"article:publisher\" content=\"https:\/\/www.facebook.com\/kuzeyinsesii\" \/>\n<meta property=\"article:published_time\" content=\"2025-02-13T18:04:32+00:00\" \/>\n<meta property=\"og:image\" content=\"https:\/\/brtk.net\/wp-content\/uploads\/2025\/02\/13\/83409230492.jpg?ver=5f33e0aa813de94632018bbf78795c95\" \/>\n<meta name=\"author\" content=\"Kuzeyin Sesi\" \/>\n<meta name=\"twitter:card\" content=\"summary_large_image\" \/>\n<meta name=\"twitter:creator\" content=\"@kuzeyinsesii\" \/>\n<meta name=\"twitter:site\" content=\"@kuzeyinsesii\" \/>\n<meta name=\"twitter:label1\" content=\"Yazan:\" \/>\n\t<meta name=\"twitter:data1\" content=\"Kuzeyin Sesi\" \/>\n\t<meta name=\"twitter:label2\" content=\"Tahmini okuma s\u00fcresi\" \/>\n\t<meta name=\"twitter:data2\" content=\"1 dakika\" \/>\n<script type=\"application\/ld+json\" class=\"yoast-schema-graph\">{\"@context\":\"https:\\\/\\\/schema.org\",\"@graph\":[{\"@type\":\"Article\",\"@id\":\"https:\\\/\\\/kuzeyinsesi.org\\\/index.php\\\/2025\\\/02\\\/13\\\/t-c-diyanet-isleri-baskan-yardimcisi-doc-dr-burhan-isliyen-din-gorevlileriyle-bulustu\\\/#article\",\"isPartOf\":{\"@id\":\"https:\\\/\\\/kuzeyinsesi.org\\\/index.php\\\/2025\\\/02\\\/13\\\/t-c-diyanet-isleri-baskan-yardimcisi-doc-dr-burhan-isliyen-din-gorevlileriyle-bulustu\\\/\"},\"author\":{\"name\":\"Kuzeyin Sesi\",\"@id\":\"https:\\\/\\\/kuzeyinsesi.org\\\/#\\\/schema\\\/person\\\/9f859689cdf01485597712386e37f5aa\"},\"headline\":\"T.C. Diyanet \u0130\u015fleri Ba\u015fkan Yard\u0131mc\u0131s\u0131 Do\u00e7. Dr. Burhan \u0130\u015fliyen din g\u00f6revlileriyle bulu\u015ftu\",\"datePublished\":\"2025-02-13T18:04:32+00:00\",\"mainEntityOfPage\":{\"@id\":\"https:\\\/\\\/kuzeyinsesi.org\\\/index.php\\\/2025\\\/02\\\/13\\\/t-c-diyanet-isleri-baskan-yardimcisi-doc-dr-burhan-isliyen-din-gorevlileriyle-bulustu\\\/\"},\"wordCount\":282,\"commentCount\":0,\"image\":{\"@id\":\"https:\\\/\\\/kuzeyinsesi.org\\\/index.php\\\/2025\\\/02\\\/13\\\/t-c-diyanet-isleri-baskan-yardimcisi-doc-dr-burhan-isliyen-din-gorevlileriyle-bulustu\\\/#primaryimage\"},\"thumbnailUrl\":\"https:\\\/\\\/kuzeyinsesi.org\\\/wp-content\\\/uploads\\\/2025\\\/02\\\/83409230492-1.jpg\",\"articleSection\":[\"T\u00fcrkiye\"],\"inLanguage\":\"tr\",\"potentialAction\":[{\"@type\":\"CommentAction\",\"name\":\"Comment\",\"target\":[\"https:\\\/\\\/kuzeyinsesi.org\\\/index.php\\\/2025\\\/02\\\/13\\\/t-c-diyanet-isleri-baskan-yardimcisi-doc-dr-burhan-isliyen-din-gorevlileriyle-bulustu\\\/#respond\"]}]},{\"@type\":\"WebPage\",\"@id\":\"https:\\\/\\\/kuzeyinsesi.org\\\/index.php\\\/2025\\\/02\\\/13\\\/t-c-diyanet-isleri-baskan-yardimcisi-doc-dr-burhan-isliyen-din-gorevlileriyle-bulustu\\\/\",\"url\":\"https:\\\/\\\/kuzeyinsesi.org\\\/index.php\\\/2025\\\/02\\\/13\\\/t-c-diyanet-isleri-baskan-yardimcisi-doc-dr-burhan-isliyen-din-gorevlileriyle-bulustu\\\/\",\"name\":\"T.C. Diyanet \u0130\u015fleri Ba\u015fkan Yard\u0131mc\u0131s\u0131 Do\u00e7. Dr. Burhan \u0130\u015fliyen din g\u00f6revlileriyle bulu\u015ftu - Kuzeyin Sesi\",\"isPartOf\":{\"@id\":\"https:\\\/\\\/kuzeyinsesi.org\\\/#website\"},\"primaryImageOfPage\":{\"@id\":\"https:\\\/\\\/kuzeyinsesi.org\\\/index.php\\\/2025\\\/02\\\/13\\\/t-c-diyanet-isleri-baskan-yardimcisi-doc-dr-burhan-isliyen-din-gorevlileriyle-bulustu\\\/#primaryimage\"},\"image\":{\"@id\":\"https:\\\/\\\/kuzeyinsesi.org\\\/index.php\\\/2025\\\/02\\\/13\\\/t-c-diyanet-isleri-baskan-yardimcisi-doc-dr-burhan-isliyen-din-gorevlileriyle-bulustu\\\/#primaryimage\"},\"thumbnailUrl\":\"https:\\\/\\\/kuzeyinsesi.org\\\/wp-content\\\/uploads\\\/2025\\\/02\\\/83409230492-1.jpg\",\"datePublished\":\"2025-02-13T18:04:32+00:00\",\"author\":{\"@id\":\"https:\\\/\\\/kuzeyinsesi.org\\\/#\\\/schema\\\/person\\\/9f859689cdf01485597712386e37f5aa\"},\"breadcrumb\":{\"@id\":\"https:\\\/\\\/kuzeyinsesi.org\\\/index.php\\\/2025\\\/02\\\/13\\\/t-c-diyanet-isleri-baskan-yardimcisi-doc-dr-burhan-isliyen-din-gorevlileriyle-bulustu\\\/#breadcrumb\"},\"inLanguage\":\"tr\",\"potentialAction\":[{\"@type\":\"ReadAction\",\"target\":[\"https:\\\/\\\/kuzeyinsesi.org\\\/index.php\\\/2025\\\/02\\\/13\\\/t-c-diyanet-isleri-baskan-yardimcisi-doc-dr-burhan-isliyen-din-gorevlileriyle-bulustu\\\/\"]}]},{\"@type\":\"ImageObject\",\"inLanguage\":\"tr\",\"@id\":\"https:\\\/\\\/kuzeyinsesi.org\\\/index.php\\\/2025\\\/02\\\/13\\\/t-c-diyanet-isleri-baskan-yardimcisi-doc-dr-burhan-isliyen-din-gorevlileriyle-bulustu\\\/#primaryimage\",\"url\":\"https:\\\/\\\/kuzeyinsesi.org\\\/wp-content\\\/uploads\\\/2025\\\/02\\\/83409230492-1.jpg\",\"contentUrl\":\"https:\\\/\\\/kuzeyinsesi.org\\\/wp-content\\\/uploads\\\/2025\\\/02\\\/83409230492-1.jpg\",\"width\":1600,\"height\":900},{\"@type\":\"BreadcrumbList\",\"@id\":\"https:\\\/\\\/kuzeyinsesi.org\\\/index.php\\\/2025\\\/02\\\/13\\\/t-c-diyanet-isleri-baskan-yardimcisi-doc-dr-burhan-isliyen-din-gorevlileriyle-bulustu\\\/#breadcrumb\",\"itemListElement\":[{\"@type\":\"ListItem\",\"position\":1,\"name\":\"Anasayfa\",\"item\":\"https:\\\/\\\/kuzeyinsesi.org\\\/\"},{\"@type\":\"ListItem\",\"position\":2,\"name\":\"T.C. Diyanet \u0130\u015fleri Ba\u015fkan Yard\u0131mc\u0131s\u0131 Do\u00e7. Dr. Burhan \u0130\u015fliyen din g\u00f6revlileriyle bulu\u015ftu\"}]},{\"@type\":\"WebSite\",\"@id\":\"https:\\\/\\\/kuzeyinsesi.org\\\/#website\",\"url\":\"https:\\\/\\\/kuzeyinsesi.org\\\/\",\"name\":\"Kuzeyin Sesi\",\"description\":\"Do\u011fru Haberin Adresi\",\"potentialAction\":[{\"@type\":\"SearchAction\",\"target\":{\"@type\":\"EntryPoint\",\"urlTemplate\":\"https:\\\/\\\/kuzeyinsesi.org\\\/?s={search_term_string}\"},\"query-input\":{\"@type\":\"PropertyValueSpecification\",\"valueRequired\":true,\"valueName\":\"search_term_string\"}}],\"inLanguage\":\"tr\"},{\"@type\":\"Person\",\"@id\":\"https:\\\/\\\/kuzeyinsesi.org\\\/#\\\/schema\\\/person\\\/9f859689cdf01485597712386e37f5aa\",\"name\":\"Kuzeyin Sesi\",\"image\":{\"@type\":\"ImageObject\",\"inLanguage\":\"tr\",\"@id\":\"https:\\\/\\\/secure.gravatar.com\\\/avatar\\\/bab33852abfd8b282518d6ed81826833d77c3c882d9ab608add591ccace47a44?s=96&d=mm&r=g\",\"url\":\"https:\\\/\\\/secure.gravatar.com\\\/avatar\\\/bab33852abfd8b282518d6ed81826833d77c3c882d9ab608add591ccace47a44?s=96&d=mm&r=g\",\"contentUrl\":\"https:\\\/\\\/secure.gravatar.com\\\/avatar\\\/bab33852abfd8b282518d6ed81826833d77c3c882d9ab608add591ccace47a44?s=96&d=mm&r=g\",\"caption\":\"Kuzeyin Sesi\"},\"sameAs\":[\"https:\\\/\\\/kuzeyinsesi.org\"],\"url\":\"https:\\\/\\\/kuzeyinsesi.org\\\/index.php\\\/author\\\/guven\\\/\"}]}<\/script>\n<!-- \/ Yoast SEO plugin. -->","yoast_head_json":{"title":"T.C. Diyanet \u0130\u015fleri Ba\u015fkan Yard\u0131mc\u0131s\u0131 Do\u00e7. Dr. Burhan \u0130\u015fliyen din g\u00f6revlileriyle bulu\u015ftu - Kuzeyin Sesi","robots":{"index":"index","follow":"follow","max-snippet":"max-snippet:-1","max-image-preview":"max-image-preview:large","max-video-preview":"max-video-preview:-1"},"canonical":"https:\/\/kuzeyinsesi.org\/index.php\/2025\/02\/13\/t-c-diyanet-isleri-baskan-yardimcisi-doc-dr-burhan-isliyen-din-gorevlileriyle-bulustu\/","og_locale":"tr_TR","og_type":"article","og_title":"T.C. Diyanet \u0130\u015fleri Ba\u015fkan Yard\u0131mc\u0131s\u0131 Do\u00e7. Dr. Burhan \u0130\u015fliyen din g\u00f6revlileriyle bulu\u015ftu - Kuzeyin Sesi","og_description":"Bir dizi temaslarda bulunmak \u00fczere KKTC\u2019ye gelen T.C. Diyanet \u0130\u015fleri Ba\u015fkan Yard\u0131mc\u0131s\u0131 Do\u00e7. Dr. Burhan \u0130\u015fliyen, bug\u00fcn Hala Sultan Cami Konferans Salonu\u2019nda din g\u00f6revlileriyle bir araya geldi. Din \u0130\u015fleri Ba\u015fkanl\u0131\u011f\u0131\u2019ndan yap\u0131lan a\u00e7\u0131klamaya g\u00f6re, Hala Sultan Cami Konferans Salonu\u2019nda \u201cBerat Kandili\u2019ni \u0130drak ve Ramazana Haz\u0131rl\u0131k Program\u0131 da yap\u0131ld\u0131. Arabahmet Cami \u0130mam Hatibi Mustafa \u00c7akar\u2019\u0131n Kur\u2019an-\u0131 Kerim [&hellip;]","og_url":"https:\/\/kuzeyinsesi.org\/index.php\/2025\/02\/13\/t-c-diyanet-isleri-baskan-yardimcisi-doc-dr-burhan-isliyen-din-gorevlileriyle-bulustu\/","og_site_name":"Kuzeyin Sesi","article_publisher":"https:\/\/www.facebook.com\/kuzeyinsesii","article_published_time":"2025-02-13T18:04:32+00:00","og_image":[{"url":"https:\/\/brtk.net\/wp-content\/uploads\/2025\/02\/13\/83409230492.jpg?ver=5f33e0aa813de94632018bbf78795c95","type":"","width":"","height":""}],"author":"Kuzeyin Sesi","twitter_card":"summary_large_image","twitter_creator":"@kuzeyinsesii","twitter_site":"@kuzeyinsesii","twitter_misc":{"Yazan:":"Kuzeyin Sesi","Tahmini okuma s\u00fcresi":"1 dakika"},"schema":{"@context":"https:\/\/schema.org","@graph":[{"@type":"Article","@id":"https:\/\/kuzeyinsesi.org\/index.php\/2025\/02\/13\/t-c-diyanet-isleri-baskan-yardimcisi-doc-dr-burhan-isliyen-din-gorevlileriyle-bulustu\/#article","isPartOf":{"@id":"https:\/\/kuzeyinsesi.org\/index.php\/2025\/02\/13\/t-c-diyanet-isleri-baskan-yardimcisi-doc-dr-burhan-isliyen-din-gorevlileriyle-bulustu\/"},"author":{"name":"Kuzeyin Sesi","@id":"https:\/\/kuzeyinsesi.org\/#\/schema\/person\/9f859689cdf01485597712386e37f5aa"},"headline":"T.C. Diyanet \u0130\u015fleri Ba\u015fkan Yard\u0131mc\u0131s\u0131 Do\u00e7. Dr. Burhan \u0130\u015fliyen din g\u00f6revlileriyle bulu\u015ftu","datePublished":"2025-02-13T18:04:32+00:00","mainEntityOfPage":{"@id":"https:\/\/kuzeyinsesi.org\/index.php\/2025\/02\/13\/t-c-diyanet-isleri-baskan-yardimcisi-doc-dr-burhan-isliyen-din-gorevlileriyle-bulustu\/"},"wordCount":282,"commentCount":0,"image":{"@id":"https:\/\/kuzeyinsesi.org\/index.php\/2025\/02\/13\/t-c-diyanet-isleri-baskan-yardimcisi-doc-dr-burhan-isliyen-din-gorevlileriyle-bulustu\/#primaryimage"},"thumbnailUrl":"https:\/\/kuzeyinsesi.org\/wp-content\/uploads\/2025\/02\/83409230492-1.jpg","articleSection":["T\u00fcrkiye"],"inLanguage":"tr","potentialAction":[{"@type":"CommentAction","name":"Comment","target":["https:\/\/kuzeyinsesi.org\/index.php\/2025\/02\/13\/t-c-diyanet-isleri-baskan-yardimcisi-doc-dr-burhan-isliyen-din-gorevlileriyle-bulustu\/#respond"]}]},{"@type":"WebPage","@id":"https:\/\/kuzeyinsesi.org\/index.php\/2025\/02\/13\/t-c-diyanet-isleri-baskan-yardimcisi-doc-dr-burhan-isliyen-din-gorevlileriyle-bulustu\/","url":"https:\/\/kuzeyinsesi.org\/index.php\/2025\/02\/13\/t-c-diyanet-isleri-baskan-yardimcisi-doc-dr-burhan-isliyen-din-gorevlileriyle-bulustu\/","name":"T.C. Diyanet \u0130\u015fleri Ba\u015fkan Yard\u0131mc\u0131s\u0131 Do\u00e7. Dr. Burhan \u0130\u015fliyen din g\u00f6revlileriyle bulu\u015ftu - Kuzeyin Sesi","isPartOf":{"@id":"https:\/\/kuzeyinsesi.org\/#website"},"primaryImageOfPage":{"@id":"https:\/\/kuzeyinsesi.org\/index.php\/2025\/02\/13\/t-c-diyanet-isleri-baskan-yardimcisi-doc-dr-burhan-isliyen-din-gorevlileriyle-bulustu\/#primaryimage"},"image":{"@id":"https:\/\/kuzeyinsesi.org\/index.php\/2025\/02\/13\/t-c-diyanet-isleri-baskan-yardimcisi-doc-dr-burhan-isliyen-din-gorevlileriyle-bulustu\/#primaryimage"},"thumbnailUrl":"https:\/\/kuzeyinsesi.org\/wp-content\/uploads\/2025\/02\/83409230492-1.jpg","datePublished":"2025-02-13T18:04:32+00:00","author":{"@id":"https:\/\/kuzeyinsesi.org\/#\/schema\/person\/9f859689cdf01485597712386e37f5aa"},"breadcrumb":{"@id":"https:\/\/kuzeyinsesi.org\/index.php\/2025\/02\/13\/t-c-diyanet-isleri-baskan-yardimcisi-doc-dr-burhan-isliyen-din-gorevlileriyle-bulustu\/#breadcrumb"},"inLanguage":"tr","potentialAction":[{"@type":"ReadAction","target":["https:\/\/kuzeyinsesi.org\/index.php\/2025\/02\/13\/t-c-diyanet-isleri-baskan-yardimcisi-doc-dr-burhan-isliyen-din-gorevlileriyle-bulustu\/"]}]},{"@type":"ImageObject","inLanguage":"tr","@id":"https:\/\/kuzeyinsesi.org\/index.php\/2025\/02\/13\/t-c-diyanet-isleri-baskan-yardimcisi-doc-dr-burhan-isliyen-din-gorevlileriyle-bulustu\/#primaryimage","url":"https:\/\/kuzeyinsesi.org\/wp-content\/uploads\/2025\/02\/83409230492-1.jpg","contentUrl":"https:\/\/kuzeyinsesi.org\/wp-content\/uploads\/2025\/02\/83409230492-1.jpg","width":1600,"height":900},{"@type":"BreadcrumbList","@id":"https:\/\/kuzeyinsesi.org\/index.php\/2025\/02\/13\/t-c-diyanet-isleri-baskan-yardimcisi-doc-dr-burhan-isliyen-din-gorevlileriyle-bulustu\/#breadcrumb","itemListElement":[{"@type":"ListItem","position":1,"name":"Anasayfa","item":"https:\/\/kuzeyinsesi.org\/"},{"@type":"ListItem","position":2,"name":"T.C. Diyanet \u0130\u015fleri Ba\u015fkan Yard\u0131mc\u0131s\u0131 Do\u00e7. Dr. Burhan \u0130\u015fliyen din g\u00f6revlileriyle bulu\u015ftu"}]},{"@type":"WebSite","@id":"https:\/\/kuzeyinsesi.org\/#website","url":"https:\/\/kuzeyinsesi.org\/","name":"Kuzeyin Sesi","description":"Do\u011fru Haberin Adresi","potentialAction":[{"@type":"SearchAction","target":{"@type":"EntryPoint","urlTemplate":"https:\/\/kuzeyinsesi.org\/?s={search_term_string}"},"query-input":{"@type":"PropertyValueSpecification","valueRequired":true,"valueName":"search_term_string"}}],"inLanguage":"tr"},{"@type":"Person","@id":"https:\/\/kuzeyinsesi.org\/#\/schema\/person\/9f859689cdf01485597712386e37f5aa","name":"Kuzeyin Sesi","image":{"@type":"ImageObject","inLanguage":"tr","@id":"https:\/\/secure.gravatar.com\/avatar\/bab33852abfd8b282518d6ed81826833d77c3c882d9ab608add591ccace47a44?s=96&d=mm&r=g","url":"https:\/\/secure.gravatar.com\/avatar\/bab33852abfd8b282518d6ed81826833d77c3c882d9ab608add591ccace47a44?s=96&d=mm&r=g","contentUrl":"https:\/\/secure.gravatar.com\/avatar\/bab33852abfd8b282518d6ed81826833d77c3c882d9ab608add591ccace47a44?s=96&d=mm&r=g","caption":"Kuzeyin Sesi"},"sameAs":["https:\/\/kuzeyinsesi.org"],"url":"https:\/\/kuzeyinsesi.org\/index.php\/author\/guven\/"}]}},"_links":{"self":[{"href":"https:\/\/kuzeyinsesi.org\/index.php\/wp-json\/wp\/v2\/posts\/19038","targetHints":{"allow":["GET"]}}],"collection":[{"href":"https:\/\/kuzeyinsesi.org\/index.php\/wp-json\/wp\/v2\/posts"}],"about":[{"href":"https:\/\/kuzeyinsesi.org\/index.php\/wp-json\/wp\/v2\/types\/post"}],"author":[{"embeddable":true,"href":"https:\/\/kuzeyinsesi.org\/index.php\/wp-json\/wp\/v2\/users\/1"}],"replies":[{"embeddable":true,"href":"https:\/\/kuzeyinsesi.org\/index.php\/wp-json\/wp\/v2\/comments?post=19038"}],"version-history":[{"count":0,"href":"https:\/\/kuzeyinsesi.org\/index.php\/wp-json\/wp\/v2\/posts\/19038\/revisions"}],"wp:featuredmedia":[{"embeddable":true,"href":"https:\/\/kuzeyinsesi.org\/index.php\/wp-json\/wp\/v2\/media\/19039"}],"wp:attachment":[{"href":"https:\/\/kuzeyinsesi.org\/index.php\/wp-json\/wp\/v2\/media?parent=19038"}],"wp:term":[{"taxonomy":"category","embeddable":true,"href":"https:\/\/kuzeyinsesi.org\/index.php\/wp-json\/wp\/v2\/categories?post=19038"},{"taxonomy":"post_tag","embeddable":true,"href":"https:\/\/kuzeyinsesi.org\/index.php\/wp-json\/wp\/v2\/tags?post=19038"}],"curies":[{"name":"wp","href":"https:\/\/api.w.org\/{rel}","templated":true}]}}