{"id":19020,"date":"2025-02-13T14:57:45","date_gmt":"2025-02-13T12:57:45","guid":{"rendered":"https:\/\/kuzeyinsesi.org\/index.php\/2025\/02\/13\/turkiyenin-baku-buyukelcisi-akgun-kktc-baku-temsilciligini-ziyaret-etti\/"},"modified":"2025-02-13T14:57:45","modified_gmt":"2025-02-13T12:57:45","slug":"turkiyenin-baku-buyukelcisi-akgun-kktc-baku-temsilciligini-ziyaret-etti","status":"publish","type":"post","link":"https:\/\/kuzeyinsesi.org\/index.php\/2025\/02\/13\/turkiyenin-baku-buyukelcisi-akgun-kktc-baku-temsilciligini-ziyaret-etti\/","title":{"rendered":"T\u00fcrkiye\u2019nin Bak\u00fc B\u00fcy\u00fckel\u00e7isi Akg\u00fcn, KKTC Bak\u00fc Temsilcili\u011fini ziyaret etti"},"content":{"rendered":"<div>\n<div class=\"mariselle-image-container center\">\n                                            <\/div>\n<p>\u00a0<\/p>\n<p>T\u00fcrkiye\u2019nin Bak\u00fc B\u00fcy\u00fckel\u00e7isi Birol Akg\u00fcn, KKTC Bak\u00fc Temsilcili\u011fini ziyaret etti.<\/p>\n<p>B\u00fcy\u00fckel\u00e7i Akg\u00fcn, Azerbaycan Cumhurba\u015fkan\u0131 \u0130lham Aliyev\u2019e g\u00fcven mektubunu sunmas\u0131n\u0131n ard\u0131ndan KKTC Bak\u00fc Temsilcili\u011fine ziyarette bulundu.<\/p>\n<p>KKTC Bak\u00fc Temsilcisi B\u00fcy\u00fckel\u00e7i Ufuk Turganer\u2019le bir araya gelen Akg\u00fcn, temsilcili\u011fin faaliyetleri konusunda bilgi ald\u0131.<\/p>\n<p>Akg\u00fcn, T\u00fcrk Devletleri Te\u015fkilat\u0131 (TDT) \u00fcyelerinin KKTC\u2019yi kendi \u00fclkelerinde kabul etmeye y\u00f6nelik kritik ad\u0131mlar\u0131n\u0131 yak\u0131ndan takip ettiklerini s\u00f6yledi.<\/p>\n<p>KKTC\u2019nin TDT i\u00e7erisindeki g\u00f6zlemci stat\u00fcs\u00fcndeki \u00e7abalar\u0131n\u0131 hem desteklediklerini hem de \u00f6nemli bulduklar\u0131n\u0131 vurgulayan Akg\u00fcn, \u015fu ifadeleri kulland\u0131:<\/p>\n<p>\u201cKKTC\u2019nin uluslararas\u0131 alanda hak etti\u011fi yeri almas\u0131n\u0131 umuyorum. TDT ba\u015fta olmak \u00fczere ba\u015fka pek \u00e7ok uluslararas\u0131 kurumda birlikte g\u00f6rev yapal\u0131m. Bu, bizim i\u00e7in b\u00fcy\u00fck onurdur.\u201d<\/p>\n<p>B\u00fcy\u00fckel\u00e7i Turganer de Akg\u00fcn\u2019\u00fc Bak\u00fc B\u00fcy\u00fckel\u00e7isi atanmas\u0131 nedeniyle kutlad\u0131 ve ba\u015far\u0131lar diledi.<\/p>\n<p>Akg\u00fcn\u2019\u00fcn devrald\u0131\u011f\u0131 bayra\u011f\u0131 daha da ileri ta\u015f\u0131yaca\u011f\u0131na \u015f\u00fcphe duymad\u0131\u011f\u0131n\u0131 vurgulayan Turganer, T\u00fcrkiye\u2019ye ve Azerbaycan\u2019a KKTC\u2019ye verdikleri destekler i\u00e7in te\u015fekk\u00fcr etti.<\/p>\n<p>Turganer, Akg\u00fcn\u2019\u00fcn g\u00fcven mektubunu sunmas\u0131n\u0131n akabinde KKTC Bak\u00fc Temsilcili\u011fini ziyaret etmesinden b\u00fcy\u00fck onur duyduklar\u0131n\u0131 kaydetti.<\/p>\n<\/p><\/div>\n<p><script async\n                    defer\n                    crossorigin=\"anonymous\"\n                    src=\"https:\/\/connect.facebook.net\/tr_TR\/sdk.js#xfbml=1&#038;version=v3.3\"\n            ><\/script><\/p>\n","protected":false},"excerpt":{"rendered":"<p>\u00a0 T\u00fcrkiye\u2019nin Bak\u00fc B\u00fcy\u00fckel\u00e7isi Birol Akg\u00fcn, KKTC Bak\u00fc Temsilcili\u011fini ziyaret etti. B\u00fcy\u00fckel\u00e7i Akg\u00fcn, Azerbaycan Cumhurba\u015fkan\u0131 \u0130lham Aliyev\u2019e g\u00fcven mektubunu sunmas\u0131n\u0131n ard\u0131ndan KKTC Bak\u00fc Temsilcili\u011fine ziyarette bulundu. KKTC Bak\u00fc Temsilcisi B\u00fcy\u00fckel\u00e7i Ufuk Turganer\u2019le bir araya gelen Akg\u00fcn, temsilcili\u011fin faaliyetleri konusunda bilgi ald\u0131. Akg\u00fcn, T\u00fcrk Devletleri Te\u015fkilat\u0131 (TDT) \u00fcyelerinin KKTC\u2019yi kendi \u00fclkelerinde kabul etmeye y\u00f6nelik kritik ad\u0131mlar\u0131n\u0131 [&hellip;]<\/p>\n","protected":false},"author":1,"featured_media":19021,"comment_status":"open","ping_status":"open","sticky":false,"template":"","format":"standard","meta":{"jnews-multi-image_gallery":[],"jnews_single_post":[],"jnews_primary_category":[],"jnews_social_meta":[],"jnews_override_counter":[],"footnotes":""},"categories":[5],"tags":[],"class_list":["post-19020","post","type-post","status-publish","format-standard","has-post-thumbnail","hentry","category-turkiye"],"yoast_head":"<!-- This site is optimized with the Yoast SEO plugin v27.5 - https:\/\/yoast.com\/product\/yoast-seo-wordpress\/ -->\n<title>T\u00fcrkiye\u2019nin Bak\u00fc B\u00fcy\u00fckel\u00e7isi Akg\u00fcn, KKTC Bak\u00fc Temsilcili\u011fini ziyaret etti - Kuzeyin Sesi<\/title>\n<meta name=\"robots\" content=\"index, follow, max-snippet:-1, max-image-preview:large, max-video-preview:-1\" \/>\n<link rel=\"canonical\" href=\"https:\/\/kuzeyinsesi.org\/index.php\/2025\/02\/13\/turkiyenin-baku-buyukelcisi-akgun-kktc-baku-temsilciligini-ziyaret-etti\/\" \/>\n<meta property=\"og:locale\" content=\"tr_TR\" \/>\n<meta property=\"og:type\" content=\"article\" \/>\n<meta property=\"og:title\" content=\"T\u00fcrkiye\u2019nin Bak\u00fc B\u00fcy\u00fckel\u00e7isi Akg\u00fcn, KKTC Bak\u00fc Temsilcili\u011fini ziyaret etti - Kuzeyin Sesi\" \/>\n<meta property=\"og:description\" content=\"\u00a0 T\u00fcrkiye\u2019nin Bak\u00fc B\u00fcy\u00fckel\u00e7isi Birol Akg\u00fcn, KKTC Bak\u00fc Temsilcili\u011fini ziyaret etti. B\u00fcy\u00fckel\u00e7i Akg\u00fcn, Azerbaycan Cumhurba\u015fkan\u0131 \u0130lham Aliyev\u2019e g\u00fcven mektubunu sunmas\u0131n\u0131n ard\u0131ndan KKTC Bak\u00fc Temsilcili\u011fine ziyarette bulundu. KKTC Bak\u00fc Temsilcisi B\u00fcy\u00fckel\u00e7i Ufuk Turganer\u2019le bir araya gelen Akg\u00fcn, temsilcili\u011fin faaliyetleri konusunda bilgi ald\u0131. Akg\u00fcn, T\u00fcrk Devletleri Te\u015fkilat\u0131 (TDT) \u00fcyelerinin KKTC\u2019yi kendi \u00fclkelerinde kabul etmeye y\u00f6nelik kritik ad\u0131mlar\u0131n\u0131 [&hellip;]\" \/>\n<meta property=\"og:url\" content=\"https:\/\/kuzeyinsesi.org\/index.php\/2025\/02\/13\/turkiyenin-baku-buyukelcisi-akgun-kktc-baku-temsilciligini-ziyaret-etti\/\" \/>\n<meta property=\"og:site_name\" content=\"Kuzeyin Sesi\" \/>\n<meta property=\"article:publisher\" content=\"https:\/\/www.facebook.com\/kuzeyinsesii\" \/>\n<meta property=\"article:published_time\" content=\"2025-02-13T12:57:45+00:00\" \/>\n<meta property=\"og:image\" content=\"https:\/\/brtk.net\/wp-content\/uploads\/2025\/02\/13\/989898-scaled.jpg?ver=2dd6bfc0b28ceb92ecfc259fc4508068\" \/>\n<meta name=\"author\" content=\"Kuzeyin Sesi\" \/>\n<meta name=\"twitter:card\" content=\"summary_large_image\" \/>\n<meta name=\"twitter:creator\" content=\"@kuzeyinsesii\" \/>\n<meta name=\"twitter:site\" content=\"@kuzeyinsesii\" \/>\n<meta name=\"twitter:label1\" content=\"Yazan:\" \/>\n\t<meta name=\"twitter:data1\" content=\"Kuzeyin Sesi\" \/>\n\t<meta name=\"twitter:label2\" content=\"Tahmini okuma s\u00fcresi\" \/>\n\t<meta name=\"twitter:data2\" content=\"1 dakika\" \/>\n<script type=\"application\/ld+json\" class=\"yoast-schema-graph\">{\"@context\":\"https:\\\/\\\/schema.org\",\"@graph\":[{\"@type\":\"Article\",\"@id\":\"https:\\\/\\\/kuzeyinsesi.org\\\/index.php\\\/2025\\\/02\\\/13\\\/turkiyenin-baku-buyukelcisi-akgun-kktc-baku-temsilciligini-ziyaret-etti\\\/#article\",\"isPartOf\":{\"@id\":\"https:\\\/\\\/kuzeyinsesi.org\\\/index.php\\\/2025\\\/02\\\/13\\\/turkiyenin-baku-buyukelcisi-akgun-kktc-baku-temsilciligini-ziyaret-etti\\\/\"},\"author\":{\"name\":\"Kuzeyin Sesi\",\"@id\":\"https:\\\/\\\/kuzeyinsesi.org\\\/#\\\/schema\\\/person\\\/9f859689cdf01485597712386e37f5aa\"},\"headline\":\"T\u00fcrkiye\u2019nin Bak\u00fc B\u00fcy\u00fckel\u00e7isi Akg\u00fcn, KKTC Bak\u00fc Temsilcili\u011fini ziyaret etti\",\"datePublished\":\"2025-02-13T12:57:45+00:00\",\"mainEntityOfPage\":{\"@id\":\"https:\\\/\\\/kuzeyinsesi.org\\\/index.php\\\/2025\\\/02\\\/13\\\/turkiyenin-baku-buyukelcisi-akgun-kktc-baku-temsilciligini-ziyaret-etti\\\/\"},\"wordCount\":244,\"commentCount\":0,\"image\":{\"@id\":\"https:\\\/\\\/kuzeyinsesi.org\\\/index.php\\\/2025\\\/02\\\/13\\\/turkiyenin-baku-buyukelcisi-akgun-kktc-baku-temsilciligini-ziyaret-etti\\\/#primaryimage\"},\"thumbnailUrl\":\"https:\\\/\\\/kuzeyinsesi.org\\\/wp-content\\\/uploads\\\/2025\\\/02\\\/989898-scaled.jpg\",\"articleSection\":[\"T\u00fcrkiye\"],\"inLanguage\":\"tr\",\"potentialAction\":[{\"@type\":\"CommentAction\",\"name\":\"Comment\",\"target\":[\"https:\\\/\\\/kuzeyinsesi.org\\\/index.php\\\/2025\\\/02\\\/13\\\/turkiyenin-baku-buyukelcisi-akgun-kktc-baku-temsilciligini-ziyaret-etti\\\/#respond\"]}]},{\"@type\":\"WebPage\",\"@id\":\"https:\\\/\\\/kuzeyinsesi.org\\\/index.php\\\/2025\\\/02\\\/13\\\/turkiyenin-baku-buyukelcisi-akgun-kktc-baku-temsilciligini-ziyaret-etti\\\/\",\"url\":\"https:\\\/\\\/kuzeyinsesi.org\\\/index.php\\\/2025\\\/02\\\/13\\\/turkiyenin-baku-buyukelcisi-akgun-kktc-baku-temsilciligini-ziyaret-etti\\\/\",\"name\":\"T\u00fcrkiye\u2019nin Bak\u00fc B\u00fcy\u00fckel\u00e7isi Akg\u00fcn, KKTC Bak\u00fc Temsilcili\u011fini ziyaret etti - Kuzeyin Sesi\",\"isPartOf\":{\"@id\":\"https:\\\/\\\/kuzeyinsesi.org\\\/#website\"},\"primaryImageOfPage\":{\"@id\":\"https:\\\/\\\/kuzeyinsesi.org\\\/index.php\\\/2025\\\/02\\\/13\\\/turkiyenin-baku-buyukelcisi-akgun-kktc-baku-temsilciligini-ziyaret-etti\\\/#primaryimage\"},\"image\":{\"@id\":\"https:\\\/\\\/kuzeyinsesi.org\\\/index.php\\\/2025\\\/02\\\/13\\\/turkiyenin-baku-buyukelcisi-akgun-kktc-baku-temsilciligini-ziyaret-etti\\\/#primaryimage\"},\"thumbnailUrl\":\"https:\\\/\\\/kuzeyinsesi.org\\\/wp-content\\\/uploads\\\/2025\\\/02\\\/989898-scaled.jpg\",\"datePublished\":\"2025-02-13T12:57:45+00:00\",\"author\":{\"@id\":\"https:\\\/\\\/kuzeyinsesi.org\\\/#\\\/schema\\\/person\\\/9f859689cdf01485597712386e37f5aa\"},\"breadcrumb\":{\"@id\":\"https:\\\/\\\/kuzeyinsesi.org\\\/index.php\\\/2025\\\/02\\\/13\\\/turkiyenin-baku-buyukelcisi-akgun-kktc-baku-temsilciligini-ziyaret-etti\\\/#breadcrumb\"},\"inLanguage\":\"tr\",\"potentialAction\":[{\"@type\":\"ReadAction\",\"target\":[\"https:\\\/\\\/kuzeyinsesi.org\\\/index.php\\\/2025\\\/02\\\/13\\\/turkiyenin-baku-buyukelcisi-akgun-kktc-baku-temsilciligini-ziyaret-etti\\\/\"]}]},{\"@type\":\"ImageObject\",\"inLanguage\":\"tr\",\"@id\":\"https:\\\/\\\/kuzeyinsesi.org\\\/index.php\\\/2025\\\/02\\\/13\\\/turkiyenin-baku-buyukelcisi-akgun-kktc-baku-temsilciligini-ziyaret-etti\\\/#primaryimage\",\"url\":\"https:\\\/\\\/kuzeyinsesi.org\\\/wp-content\\\/uploads\\\/2025\\\/02\\\/989898-scaled.jpg\",\"contentUrl\":\"https:\\\/\\\/kuzeyinsesi.org\\\/wp-content\\\/uploads\\\/2025\\\/02\\\/989898-scaled.jpg\",\"width\":2560,\"height\":1707},{\"@type\":\"BreadcrumbList\",\"@id\":\"https:\\\/\\\/kuzeyinsesi.org\\\/index.php\\\/2025\\\/02\\\/13\\\/turkiyenin-baku-buyukelcisi-akgun-kktc-baku-temsilciligini-ziyaret-etti\\\/#breadcrumb\",\"itemListElement\":[{\"@type\":\"ListItem\",\"position\":1,\"name\":\"Anasayfa\",\"item\":\"https:\\\/\\\/kuzeyinsesi.org\\\/\"},{\"@type\":\"ListItem\",\"position\":2,\"name\":\"T\u00fcrkiye\u2019nin Bak\u00fc B\u00fcy\u00fckel\u00e7isi Akg\u00fcn, KKTC Bak\u00fc Temsilcili\u011fini ziyaret etti\"}]},{\"@type\":\"WebSite\",\"@id\":\"https:\\\/\\\/kuzeyinsesi.org\\\/#website\",\"url\":\"https:\\\/\\\/kuzeyinsesi.org\\\/\",\"name\":\"Kuzeyin Sesi\",\"description\":\"Do\u011fru Haberin Adresi\",\"potentialAction\":[{\"@type\":\"SearchAction\",\"target\":{\"@type\":\"EntryPoint\",\"urlTemplate\":\"https:\\\/\\\/kuzeyinsesi.org\\\/?s={search_term_string}\"},\"query-input\":{\"@type\":\"PropertyValueSpecification\",\"valueRequired\":true,\"valueName\":\"search_term_string\"}}],\"inLanguage\":\"tr\"},{\"@type\":\"Person\",\"@id\":\"https:\\\/\\\/kuzeyinsesi.org\\\/#\\\/schema\\\/person\\\/9f859689cdf01485597712386e37f5aa\",\"name\":\"Kuzeyin Sesi\",\"image\":{\"@type\":\"ImageObject\",\"inLanguage\":\"tr\",\"@id\":\"https:\\\/\\\/secure.gravatar.com\\\/avatar\\\/bab33852abfd8b282518d6ed81826833d77c3c882d9ab608add591ccace47a44?s=96&d=mm&r=g\",\"url\":\"https:\\\/\\\/secure.gravatar.com\\\/avatar\\\/bab33852abfd8b282518d6ed81826833d77c3c882d9ab608add591ccace47a44?s=96&d=mm&r=g\",\"contentUrl\":\"https:\\\/\\\/secure.gravatar.com\\\/avatar\\\/bab33852abfd8b282518d6ed81826833d77c3c882d9ab608add591ccace47a44?s=96&d=mm&r=g\",\"caption\":\"Kuzeyin Sesi\"},\"sameAs\":[\"https:\\\/\\\/kuzeyinsesi.org\"],\"url\":\"https:\\\/\\\/kuzeyinsesi.org\\\/index.php\\\/author\\\/guven\\\/\"}]}<\/script>\n<!-- \/ Yoast SEO plugin. -->","yoast_head_json":{"title":"T\u00fcrkiye\u2019nin Bak\u00fc B\u00fcy\u00fckel\u00e7isi Akg\u00fcn, KKTC Bak\u00fc Temsilcili\u011fini ziyaret etti - Kuzeyin Sesi","robots":{"index":"index","follow":"follow","max-snippet":"max-snippet:-1","max-image-preview":"max-image-preview:large","max-video-preview":"max-video-preview:-1"},"canonical":"https:\/\/kuzeyinsesi.org\/index.php\/2025\/02\/13\/turkiyenin-baku-buyukelcisi-akgun-kktc-baku-temsilciligini-ziyaret-etti\/","og_locale":"tr_TR","og_type":"article","og_title":"T\u00fcrkiye\u2019nin Bak\u00fc B\u00fcy\u00fckel\u00e7isi Akg\u00fcn, KKTC Bak\u00fc Temsilcili\u011fini ziyaret etti - Kuzeyin Sesi","og_description":"\u00a0 T\u00fcrkiye\u2019nin Bak\u00fc B\u00fcy\u00fckel\u00e7isi Birol Akg\u00fcn, KKTC Bak\u00fc Temsilcili\u011fini ziyaret etti. B\u00fcy\u00fckel\u00e7i Akg\u00fcn, Azerbaycan Cumhurba\u015fkan\u0131 \u0130lham Aliyev\u2019e g\u00fcven mektubunu sunmas\u0131n\u0131n ard\u0131ndan KKTC Bak\u00fc Temsilcili\u011fine ziyarette bulundu. KKTC Bak\u00fc Temsilcisi B\u00fcy\u00fckel\u00e7i Ufuk Turganer\u2019le bir araya gelen Akg\u00fcn, temsilcili\u011fin faaliyetleri konusunda bilgi ald\u0131. Akg\u00fcn, T\u00fcrk Devletleri Te\u015fkilat\u0131 (TDT) \u00fcyelerinin KKTC\u2019yi kendi \u00fclkelerinde kabul etmeye y\u00f6nelik kritik ad\u0131mlar\u0131n\u0131 [&hellip;]","og_url":"https:\/\/kuzeyinsesi.org\/index.php\/2025\/02\/13\/turkiyenin-baku-buyukelcisi-akgun-kktc-baku-temsilciligini-ziyaret-etti\/","og_site_name":"Kuzeyin Sesi","article_publisher":"https:\/\/www.facebook.com\/kuzeyinsesii","article_published_time":"2025-02-13T12:57:45+00:00","og_image":[{"url":"https:\/\/brtk.net\/wp-content\/uploads\/2025\/02\/13\/989898-scaled.jpg?ver=2dd6bfc0b28ceb92ecfc259fc4508068","type":"","width":"","height":""}],"author":"Kuzeyin Sesi","twitter_card":"summary_large_image","twitter_creator":"@kuzeyinsesii","twitter_site":"@kuzeyinsesii","twitter_misc":{"Yazan:":"Kuzeyin Sesi","Tahmini okuma s\u00fcresi":"1 dakika"},"schema":{"@context":"https:\/\/schema.org","@graph":[{"@type":"Article","@id":"https:\/\/kuzeyinsesi.org\/index.php\/2025\/02\/13\/turkiyenin-baku-buyukelcisi-akgun-kktc-baku-temsilciligini-ziyaret-etti\/#article","isPartOf":{"@id":"https:\/\/kuzeyinsesi.org\/index.php\/2025\/02\/13\/turkiyenin-baku-buyukelcisi-akgun-kktc-baku-temsilciligini-ziyaret-etti\/"},"author":{"name":"Kuzeyin Sesi","@id":"https:\/\/kuzeyinsesi.org\/#\/schema\/person\/9f859689cdf01485597712386e37f5aa"},"headline":"T\u00fcrkiye\u2019nin Bak\u00fc B\u00fcy\u00fckel\u00e7isi Akg\u00fcn, KKTC Bak\u00fc Temsilcili\u011fini ziyaret etti","datePublished":"2025-02-13T12:57:45+00:00","mainEntityOfPage":{"@id":"https:\/\/kuzeyinsesi.org\/index.php\/2025\/02\/13\/turkiyenin-baku-buyukelcisi-akgun-kktc-baku-temsilciligini-ziyaret-etti\/"},"wordCount":244,"commentCount":0,"image":{"@id":"https:\/\/kuzeyinsesi.org\/index.php\/2025\/02\/13\/turkiyenin-baku-buyukelcisi-akgun-kktc-baku-temsilciligini-ziyaret-etti\/#primaryimage"},"thumbnailUrl":"https:\/\/kuzeyinsesi.org\/wp-content\/uploads\/2025\/02\/989898-scaled.jpg","articleSection":["T\u00fcrkiye"],"inLanguage":"tr","potentialAction":[{"@type":"CommentAction","name":"Comment","target":["https:\/\/kuzeyinsesi.org\/index.php\/2025\/02\/13\/turkiyenin-baku-buyukelcisi-akgun-kktc-baku-temsilciligini-ziyaret-etti\/#respond"]}]},{"@type":"WebPage","@id":"https:\/\/kuzeyinsesi.org\/index.php\/2025\/02\/13\/turkiyenin-baku-buyukelcisi-akgun-kktc-baku-temsilciligini-ziyaret-etti\/","url":"https:\/\/kuzeyinsesi.org\/index.php\/2025\/02\/13\/turkiyenin-baku-buyukelcisi-akgun-kktc-baku-temsilciligini-ziyaret-etti\/","name":"T\u00fcrkiye\u2019nin Bak\u00fc B\u00fcy\u00fckel\u00e7isi Akg\u00fcn, KKTC Bak\u00fc Temsilcili\u011fini ziyaret etti - Kuzeyin Sesi","isPartOf":{"@id":"https:\/\/kuzeyinsesi.org\/#website"},"primaryImageOfPage":{"@id":"https:\/\/kuzeyinsesi.org\/index.php\/2025\/02\/13\/turkiyenin-baku-buyukelcisi-akgun-kktc-baku-temsilciligini-ziyaret-etti\/#primaryimage"},"image":{"@id":"https:\/\/kuzeyinsesi.org\/index.php\/2025\/02\/13\/turkiyenin-baku-buyukelcisi-akgun-kktc-baku-temsilciligini-ziyaret-etti\/#primaryimage"},"thumbnailUrl":"https:\/\/kuzeyinsesi.org\/wp-content\/uploads\/2025\/02\/989898-scaled.jpg","datePublished":"2025-02-13T12:57:45+00:00","author":{"@id":"https:\/\/kuzeyinsesi.org\/#\/schema\/person\/9f859689cdf01485597712386e37f5aa"},"breadcrumb":{"@id":"https:\/\/kuzeyinsesi.org\/index.php\/2025\/02\/13\/turkiyenin-baku-buyukelcisi-akgun-kktc-baku-temsilciligini-ziyaret-etti\/#breadcrumb"},"inLanguage":"tr","potentialAction":[{"@type":"ReadAction","target":["https:\/\/kuzeyinsesi.org\/index.php\/2025\/02\/13\/turkiyenin-baku-buyukelcisi-akgun-kktc-baku-temsilciligini-ziyaret-etti\/"]}]},{"@type":"ImageObject","inLanguage":"tr","@id":"https:\/\/kuzeyinsesi.org\/index.php\/2025\/02\/13\/turkiyenin-baku-buyukelcisi-akgun-kktc-baku-temsilciligini-ziyaret-etti\/#primaryimage","url":"https:\/\/kuzeyinsesi.org\/wp-content\/uploads\/2025\/02\/989898-scaled.jpg","contentUrl":"https:\/\/kuzeyinsesi.org\/wp-content\/uploads\/2025\/02\/989898-scaled.jpg","width":2560,"height":1707},{"@type":"BreadcrumbList","@id":"https:\/\/kuzeyinsesi.org\/index.php\/2025\/02\/13\/turkiyenin-baku-buyukelcisi-akgun-kktc-baku-temsilciligini-ziyaret-etti\/#breadcrumb","itemListElement":[{"@type":"ListItem","position":1,"name":"Anasayfa","item":"https:\/\/kuzeyinsesi.org\/"},{"@type":"ListItem","position":2,"name":"T\u00fcrkiye\u2019nin Bak\u00fc B\u00fcy\u00fckel\u00e7isi Akg\u00fcn, KKTC Bak\u00fc Temsilcili\u011fini ziyaret etti"}]},{"@type":"WebSite","@id":"https:\/\/kuzeyinsesi.org\/#website","url":"https:\/\/kuzeyinsesi.org\/","name":"Kuzeyin Sesi","description":"Do\u011fru Haberin Adresi","potentialAction":[{"@type":"SearchAction","target":{"@type":"EntryPoint","urlTemplate":"https:\/\/kuzeyinsesi.org\/?s={search_term_string}"},"query-input":{"@type":"PropertyValueSpecification","valueRequired":true,"valueName":"search_term_string"}}],"inLanguage":"tr"},{"@type":"Person","@id":"https:\/\/kuzeyinsesi.org\/#\/schema\/person\/9f859689cdf01485597712386e37f5aa","name":"Kuzeyin Sesi","image":{"@type":"ImageObject","inLanguage":"tr","@id":"https:\/\/secure.gravatar.com\/avatar\/bab33852abfd8b282518d6ed81826833d77c3c882d9ab608add591ccace47a44?s=96&d=mm&r=g","url":"https:\/\/secure.gravatar.com\/avatar\/bab33852abfd8b282518d6ed81826833d77c3c882d9ab608add591ccace47a44?s=96&d=mm&r=g","contentUrl":"https:\/\/secure.gravatar.com\/avatar\/bab33852abfd8b282518d6ed81826833d77c3c882d9ab608add591ccace47a44?s=96&d=mm&r=g","caption":"Kuzeyin Sesi"},"sameAs":["https:\/\/kuzeyinsesi.org"],"url":"https:\/\/kuzeyinsesi.org\/index.php\/author\/guven\/"}]}},"_links":{"self":[{"href":"https:\/\/kuzeyinsesi.org\/index.php\/wp-json\/wp\/v2\/posts\/19020","targetHints":{"allow":["GET"]}}],"collection":[{"href":"https:\/\/kuzeyinsesi.org\/index.php\/wp-json\/wp\/v2\/posts"}],"about":[{"href":"https:\/\/kuzeyinsesi.org\/index.php\/wp-json\/wp\/v2\/types\/post"}],"author":[{"embeddable":true,"href":"https:\/\/kuzeyinsesi.org\/index.php\/wp-json\/wp\/v2\/users\/1"}],"replies":[{"embeddable":true,"href":"https:\/\/kuzeyinsesi.org\/index.php\/wp-json\/wp\/v2\/comments?post=19020"}],"version-history":[{"count":0,"href":"https:\/\/kuzeyinsesi.org\/index.php\/wp-json\/wp\/v2\/posts\/19020\/revisions"}],"wp:featuredmedia":[{"embeddable":true,"href":"https:\/\/kuzeyinsesi.org\/index.php\/wp-json\/wp\/v2\/media\/19021"}],"wp:attachment":[{"href":"https:\/\/kuzeyinsesi.org\/index.php\/wp-json\/wp\/v2\/media?parent=19020"}],"wp:term":[{"taxonomy":"category","embeddable":true,"href":"https:\/\/kuzeyinsesi.org\/index.php\/wp-json\/wp\/v2\/categories?post=19020"},{"taxonomy":"post_tag","embeddable":true,"href":"https:\/\/kuzeyinsesi.org\/index.php\/wp-json\/wp\/v2\/tags?post=19020"}],"curies":[{"name":"wp","href":"https:\/\/api.w.org\/{rel}","templated":true}]}}