{"id":19008,"date":"2025-02-13T13:33:50","date_gmt":"2025-02-13T11:33:50","guid":{"rendered":"https:\/\/kuzeyinsesi.org\/index.php\/2025\/02\/13\/tc-cumhurbaskani-erdogan-pakistan-basbakani-sahbaz-serif-ile-gorus-erdogan-pakistanin-kibris-turkunun-hakli-davasina-destegi-bizim-icin-son-derece-anlamli\/"},"modified":"2025-02-13T13:33:50","modified_gmt":"2025-02-13T11:33:50","slug":"tc-cumhurbaskani-erdogan-pakistan-basbakani-sahbaz-serif-ile-gorus-erdogan-pakistanin-kibris-turkunun-hakli-davasina-destegi-bizim-icin-son-derece-anlamli","status":"publish","type":"post","link":"https:\/\/kuzeyinsesi.org\/index.php\/2025\/02\/13\/tc-cumhurbaskani-erdogan-pakistan-basbakani-sahbaz-serif-ile-gorus-erdogan-pakistanin-kibris-turkunun-hakli-davasina-destegi-bizim-icin-son-derece-anlamli\/","title":{"rendered":"TC Cumhurba\u015fkan\u0131\u00a0Erdo\u011fan, Pakistan Ba\u015fbakan\u0131\u00a0\u015eahbaz \u015eerif\u00a0ile g\u00f6r\u00fc\u015f\u2026 Erdo\u011fan: Pakistan\u2019\u0131n K\u0131br\u0131s T\u00fcrk\u00fc\u2019n\u00fcn hakl\u0131 davas\u0131na deste\u011fi bizim i\u00e7in son derece anlaml\u0131"},"content":{"rendered":"<div>\n<div class=\"mariselle-image-container center\">\n                                            <\/div>\n<p>T\u00fcrkiye Cumhurba\u015fkan\u0131\u00a0Recep Tayyip Erdo\u011fan, resmi temaslarda bulunmak \u00fczere\u00a0gitti\u011fi Pakistan\u2019da Ba\u015fbakan\u00a0\u015eahbaz \u015eerif\u00a0ile bir araya geldi.<\/p>\n<p>\t\u0130ki \u00fclke aras\u0131ndaki ili\u015fkiler, ter\u00f6rle m\u00fccadele ve b\u00f6lgesel konular\u0131n ele ald\u0131n\u0131d\u011f\u0131 g\u00f6r\u00fc\u015fmenin ard\u0131ndan iki lider ortak bas\u0131n toplant\u0131s\u0131 d\u00fczenledi.<\/p>\n<p>Bas\u0131n toplant\u0131s\u0131nda konu\u015fan Pakistan Ba\u015fbak\u0131an\u0131 \u015eahbaz \u015eerif,  Cumhurba\u015fkan\u0131 Erdo\u011fan\u2019\u0131n i\u015fgal alt\u0131ndaki Cammu-Ke\u015fmir b\u00f6lgesiyle ilgili duru\u015funu net bir bi\u00e7imde ortaya koydunu belirterek, \u00fclkesinin de benzer bir \u015fekilde T\u00fcrkiye\u2019nin Kuzey\u00a0K\u0131br\u0131s\u00a0T\u00fcrk Cumhuriyeti ile ilgili pozisyonuna ili\u015fkin, \u00e7ok net bir duru\u015f sergiledi\u011fini ve her zaman T\u00fcrkiye\u2019nin yan\u0131nda olmaya devam ettiklerini vurgulad\u0131.<\/p>\n<p>Cumhurba\u015fkan\u0131 Erdo\u011fan ise Pakistan\u2019\u0131n K\u0131br\u0131s T\u00fcrk\u00fcn\u00fcn hakl\u0131 davas\u0131na olan deste\u011finin kendileri i\u00e7in son derece anlaml\u0131 oldu\u011funu s\u00f6yledi.<\/p>\n<\/p><\/div>\n<p><script async\n                    defer\n                    crossorigin=\"anonymous\"\n                    src=\"https:\/\/connect.facebook.net\/tr_TR\/sdk.js#xfbml=1&#038;version=v3.3\"\n            ><\/script><\/p>\n","protected":false},"excerpt":{"rendered":"<p>T\u00fcrkiye Cumhurba\u015fkan\u0131\u00a0Recep Tayyip Erdo\u011fan, resmi temaslarda bulunmak \u00fczere\u00a0gitti\u011fi Pakistan\u2019da Ba\u015fbakan\u00a0\u015eahbaz \u015eerif\u00a0ile bir araya geldi. \u0130ki \u00fclke aras\u0131ndaki ili\u015fkiler, ter\u00f6rle m\u00fccadele ve b\u00f6lgesel konular\u0131n ele ald\u0131n\u0131d\u011f\u0131 g\u00f6r\u00fc\u015fmenin ard\u0131ndan iki lider ortak bas\u0131n toplant\u0131s\u0131 d\u00fczenledi. Bas\u0131n toplant\u0131s\u0131nda konu\u015fan Pakistan Ba\u015fbak\u0131an\u0131 \u015eahbaz \u015eerif, Cumhurba\u015fkan\u0131 Erdo\u011fan\u2019\u0131n i\u015fgal alt\u0131ndaki Cammu-Ke\u015fmir b\u00f6lgesiyle ilgili duru\u015funu net bir bi\u00e7imde ortaya koydunu belirterek, \u00fclkesinin [&hellip;]<\/p>\n","protected":false},"author":1,"featured_media":19009,"comment_status":"open","ping_status":"open","sticky":false,"template":"","format":"standard","meta":{"jnews-multi-image_gallery":[],"jnews_single_post":[],"jnews_primary_category":[],"jnews_social_meta":[],"jnews_override_counter":[],"footnotes":""},"categories":[5],"tags":[],"class_list":["post-19008","post","type-post","status-publish","format-standard","has-post-thumbnail","hentry","category-turkiye"],"yoast_head":"<!-- This site is optimized with the Yoast SEO plugin v27.5 - https:\/\/yoast.com\/product\/yoast-seo-wordpress\/ -->\n<title>TC Cumhurba\u015fkan\u0131\u00a0Erdo\u011fan, Pakistan Ba\u015fbakan\u0131\u00a0\u015eahbaz \u015eerif\u00a0ile g\u00f6r\u00fc\u015f\u2026 Erdo\u011fan: Pakistan\u2019\u0131n K\u0131br\u0131s T\u00fcrk\u00fc\u2019n\u00fcn hakl\u0131 davas\u0131na deste\u011fi bizim i\u00e7in son derece anlaml\u0131 - Kuzeyin Sesi<\/title>\n<meta name=\"robots\" content=\"index, follow, max-snippet:-1, max-image-preview:large, max-video-preview:-1\" \/>\n<link rel=\"canonical\" href=\"https:\/\/kuzeyinsesi.org\/index.php\/2025\/02\/13\/tc-cumhurbaskani-erdogan-pakistan-basbakani-sahbaz-serif-ile-gorus-erdogan-pakistanin-kibris-turkunun-hakli-davasina-destegi-bizim-icin-son-derece-anlamli\/\" \/>\n<meta property=\"og:locale\" content=\"tr_TR\" \/>\n<meta property=\"og:type\" content=\"article\" \/>\n<meta property=\"og:title\" content=\"TC Cumhurba\u015fkan\u0131\u00a0Erdo\u011fan, Pakistan Ba\u015fbakan\u0131\u00a0\u015eahbaz \u015eerif\u00a0ile g\u00f6r\u00fc\u015f\u2026 Erdo\u011fan: Pakistan\u2019\u0131n K\u0131br\u0131s T\u00fcrk\u00fc\u2019n\u00fcn hakl\u0131 davas\u0131na deste\u011fi bizim i\u00e7in son derece anlaml\u0131 - Kuzeyin Sesi\" \/>\n<meta property=\"og:description\" content=\"T\u00fcrkiye Cumhurba\u015fkan\u0131\u00a0Recep Tayyip Erdo\u011fan, resmi temaslarda bulunmak \u00fczere\u00a0gitti\u011fi Pakistan\u2019da Ba\u015fbakan\u00a0\u015eahbaz \u015eerif\u00a0ile bir araya geldi. \u0130ki \u00fclke aras\u0131ndaki ili\u015fkiler, ter\u00f6rle m\u00fccadele ve b\u00f6lgesel konular\u0131n ele ald\u0131n\u0131d\u011f\u0131 g\u00f6r\u00fc\u015fmenin ard\u0131ndan iki lider ortak bas\u0131n toplant\u0131s\u0131 d\u00fczenledi. Bas\u0131n toplant\u0131s\u0131nda konu\u015fan Pakistan Ba\u015fbak\u0131an\u0131 \u015eahbaz \u015eerif, Cumhurba\u015fkan\u0131 Erdo\u011fan\u2019\u0131n i\u015fgal alt\u0131ndaki Cammu-Ke\u015fmir b\u00f6lgesiyle ilgili duru\u015funu net bir bi\u00e7imde ortaya koydunu belirterek, \u00fclkesinin [&hellip;]\" \/>\n<meta property=\"og:url\" content=\"https:\/\/kuzeyinsesi.org\/index.php\/2025\/02\/13\/tc-cumhurbaskani-erdogan-pakistan-basbakani-sahbaz-serif-ile-gorus-erdogan-pakistanin-kibris-turkunun-hakli-davasina-destegi-bizim-icin-son-derece-anlamli\/\" \/>\n<meta property=\"og:site_name\" content=\"Kuzeyin Sesi\" \/>\n<meta property=\"article:publisher\" content=\"https:\/\/www.facebook.com\/kuzeyinsesii\" \/>\n<meta property=\"article:published_time\" content=\"2025-02-13T11:33:50+00:00\" \/>\n<meta property=\"og:image\" content=\"https:\/\/brtk.net\/wp-content\/uploads\/2025\/02\/13\/98080.jpg?ver=355d6ae2ac43a1691c9c4858d2ee9dcb\" \/>\n<meta name=\"author\" content=\"Kuzeyin Sesi\" \/>\n<meta name=\"twitter:card\" content=\"summary_large_image\" \/>\n<meta name=\"twitter:creator\" content=\"@kuzeyinsesii\" \/>\n<meta name=\"twitter:site\" content=\"@kuzeyinsesii\" \/>\n<meta name=\"twitter:label1\" content=\"Yazan:\" \/>\n\t<meta name=\"twitter:data1\" content=\"Kuzeyin Sesi\" \/>\n\t<meta name=\"twitter:label2\" content=\"Tahmini okuma s\u00fcresi\" \/>\n\t<meta name=\"twitter:data2\" content=\"1 dakika\" \/>\n<script type=\"application\/ld+json\" class=\"yoast-schema-graph\">{\"@context\":\"https:\\\/\\\/schema.org\",\"@graph\":[{\"@type\":\"Article\",\"@id\":\"https:\\\/\\\/kuzeyinsesi.org\\\/index.php\\\/2025\\\/02\\\/13\\\/tc-cumhurbaskani-erdogan-pakistan-basbakani-sahbaz-serif-ile-gorus-erdogan-pakistanin-kibris-turkunun-hakli-davasina-destegi-bizim-icin-son-derece-anlamli\\\/#article\",\"isPartOf\":{\"@id\":\"https:\\\/\\\/kuzeyinsesi.org\\\/index.php\\\/2025\\\/02\\\/13\\\/tc-cumhurbaskani-erdogan-pakistan-basbakani-sahbaz-serif-ile-gorus-erdogan-pakistanin-kibris-turkunun-hakli-davasina-destegi-bizim-icin-son-derece-anlamli\\\/\"},\"author\":{\"name\":\"Kuzeyin Sesi\",\"@id\":\"https:\\\/\\\/kuzeyinsesi.org\\\/#\\\/schema\\\/person\\\/9f859689cdf01485597712386e37f5aa\"},\"headline\":\"TC Cumhurba\u015fkan\u0131\u00a0Erdo\u011fan, Pakistan Ba\u015fbakan\u0131\u00a0\u015eahbaz \u015eerif\u00a0ile g\u00f6r\u00fc\u015f\u2026 Erdo\u011fan: Pakistan\u2019\u0131n K\u0131br\u0131s T\u00fcrk\u00fc\u2019n\u00fcn hakl\u0131 davas\u0131na deste\u011fi bizim i\u00e7in son derece anlaml\u0131\",\"datePublished\":\"2025-02-13T11:33:50+00:00\",\"mainEntityOfPage\":{\"@id\":\"https:\\\/\\\/kuzeyinsesi.org\\\/index.php\\\/2025\\\/02\\\/13\\\/tc-cumhurbaskani-erdogan-pakistan-basbakani-sahbaz-serif-ile-gorus-erdogan-pakistanin-kibris-turkunun-hakli-davasina-destegi-bizim-icin-son-derece-anlamli\\\/\"},\"wordCount\":196,\"commentCount\":0,\"image\":{\"@id\":\"https:\\\/\\\/kuzeyinsesi.org\\\/index.php\\\/2025\\\/02\\\/13\\\/tc-cumhurbaskani-erdogan-pakistan-basbakani-sahbaz-serif-ile-gorus-erdogan-pakistanin-kibris-turkunun-hakli-davasina-destegi-bizim-icin-son-derece-anlamli\\\/#primaryimage\"},\"thumbnailUrl\":\"https:\\\/\\\/kuzeyinsesi.org\\\/wp-content\\\/uploads\\\/2025\\\/02\\\/98080.jpg\",\"articleSection\":[\"T\u00fcrkiye\"],\"inLanguage\":\"tr\",\"potentialAction\":[{\"@type\":\"CommentAction\",\"name\":\"Comment\",\"target\":[\"https:\\\/\\\/kuzeyinsesi.org\\\/index.php\\\/2025\\\/02\\\/13\\\/tc-cumhurbaskani-erdogan-pakistan-basbakani-sahbaz-serif-ile-gorus-erdogan-pakistanin-kibris-turkunun-hakli-davasina-destegi-bizim-icin-son-derece-anlamli\\\/#respond\"]}]},{\"@type\":\"WebPage\",\"@id\":\"https:\\\/\\\/kuzeyinsesi.org\\\/index.php\\\/2025\\\/02\\\/13\\\/tc-cumhurbaskani-erdogan-pakistan-basbakani-sahbaz-serif-ile-gorus-erdogan-pakistanin-kibris-turkunun-hakli-davasina-destegi-bizim-icin-son-derece-anlamli\\\/\",\"url\":\"https:\\\/\\\/kuzeyinsesi.org\\\/index.php\\\/2025\\\/02\\\/13\\\/tc-cumhurbaskani-erdogan-pakistan-basbakani-sahbaz-serif-ile-gorus-erdogan-pakistanin-kibris-turkunun-hakli-davasina-destegi-bizim-icin-son-derece-anlamli\\\/\",\"name\":\"TC Cumhurba\u015fkan\u0131\u00a0Erdo\u011fan, Pakistan Ba\u015fbakan\u0131\u00a0\u015eahbaz \u015eerif\u00a0ile g\u00f6r\u00fc\u015f\u2026 Erdo\u011fan: Pakistan\u2019\u0131n K\u0131br\u0131s T\u00fcrk\u00fc\u2019n\u00fcn hakl\u0131 davas\u0131na deste\u011fi bizim i\u00e7in son derece anlaml\u0131 - Kuzeyin Sesi\",\"isPartOf\":{\"@id\":\"https:\\\/\\\/kuzeyinsesi.org\\\/#website\"},\"primaryImageOfPage\":{\"@id\":\"https:\\\/\\\/kuzeyinsesi.org\\\/index.php\\\/2025\\\/02\\\/13\\\/tc-cumhurbaskani-erdogan-pakistan-basbakani-sahbaz-serif-ile-gorus-erdogan-pakistanin-kibris-turkunun-hakli-davasina-destegi-bizim-icin-son-derece-anlamli\\\/#primaryimage\"},\"image\":{\"@id\":\"https:\\\/\\\/kuzeyinsesi.org\\\/index.php\\\/2025\\\/02\\\/13\\\/tc-cumhurbaskani-erdogan-pakistan-basbakani-sahbaz-serif-ile-gorus-erdogan-pakistanin-kibris-turkunun-hakli-davasina-destegi-bizim-icin-son-derece-anlamli\\\/#primaryimage\"},\"thumbnailUrl\":\"https:\\\/\\\/kuzeyinsesi.org\\\/wp-content\\\/uploads\\\/2025\\\/02\\\/98080.jpg\",\"datePublished\":\"2025-02-13T11:33:50+00:00\",\"author\":{\"@id\":\"https:\\\/\\\/kuzeyinsesi.org\\\/#\\\/schema\\\/person\\\/9f859689cdf01485597712386e37f5aa\"},\"breadcrumb\":{\"@id\":\"https:\\\/\\\/kuzeyinsesi.org\\\/index.php\\\/2025\\\/02\\\/13\\\/tc-cumhurbaskani-erdogan-pakistan-basbakani-sahbaz-serif-ile-gorus-erdogan-pakistanin-kibris-turkunun-hakli-davasina-destegi-bizim-icin-son-derece-anlamli\\\/#breadcrumb\"},\"inLanguage\":\"tr\",\"potentialAction\":[{\"@type\":\"ReadAction\",\"target\":[\"https:\\\/\\\/kuzeyinsesi.org\\\/index.php\\\/2025\\\/02\\\/13\\\/tc-cumhurbaskani-erdogan-pakistan-basbakani-sahbaz-serif-ile-gorus-erdogan-pakistanin-kibris-turkunun-hakli-davasina-destegi-bizim-icin-son-derece-anlamli\\\/\"]}]},{\"@type\":\"ImageObject\",\"inLanguage\":\"tr\",\"@id\":\"https:\\\/\\\/kuzeyinsesi.org\\\/index.php\\\/2025\\\/02\\\/13\\\/tc-cumhurbaskani-erdogan-pakistan-basbakani-sahbaz-serif-ile-gorus-erdogan-pakistanin-kibris-turkunun-hakli-davasina-destegi-bizim-icin-son-derece-anlamli\\\/#primaryimage\",\"url\":\"https:\\\/\\\/kuzeyinsesi.org\\\/wp-content\\\/uploads\\\/2025\\\/02\\\/98080.jpg\",\"contentUrl\":\"https:\\\/\\\/kuzeyinsesi.org\\\/wp-content\\\/uploads\\\/2025\\\/02\\\/98080.jpg\",\"width\":864,\"height\":486},{\"@type\":\"BreadcrumbList\",\"@id\":\"https:\\\/\\\/kuzeyinsesi.org\\\/index.php\\\/2025\\\/02\\\/13\\\/tc-cumhurbaskani-erdogan-pakistan-basbakani-sahbaz-serif-ile-gorus-erdogan-pakistanin-kibris-turkunun-hakli-davasina-destegi-bizim-icin-son-derece-anlamli\\\/#breadcrumb\",\"itemListElement\":[{\"@type\":\"ListItem\",\"position\":1,\"name\":\"Anasayfa\",\"item\":\"https:\\\/\\\/kuzeyinsesi.org\\\/\"},{\"@type\":\"ListItem\",\"position\":2,\"name\":\"TC Cumhurba\u015fkan\u0131\u00a0Erdo\u011fan, Pakistan Ba\u015fbakan\u0131\u00a0\u015eahbaz \u015eerif\u00a0ile g\u00f6r\u00fc\u015f\u2026 Erdo\u011fan: Pakistan\u2019\u0131n K\u0131br\u0131s T\u00fcrk\u00fc\u2019n\u00fcn hakl\u0131 davas\u0131na deste\u011fi bizim i\u00e7in son derece anlaml\u0131\"}]},{\"@type\":\"WebSite\",\"@id\":\"https:\\\/\\\/kuzeyinsesi.org\\\/#website\",\"url\":\"https:\\\/\\\/kuzeyinsesi.org\\\/\",\"name\":\"Kuzeyin Sesi\",\"description\":\"Do\u011fru Haberin Adresi\",\"potentialAction\":[{\"@type\":\"SearchAction\",\"target\":{\"@type\":\"EntryPoint\",\"urlTemplate\":\"https:\\\/\\\/kuzeyinsesi.org\\\/?s={search_term_string}\"},\"query-input\":{\"@type\":\"PropertyValueSpecification\",\"valueRequired\":true,\"valueName\":\"search_term_string\"}}],\"inLanguage\":\"tr\"},{\"@type\":\"Person\",\"@id\":\"https:\\\/\\\/kuzeyinsesi.org\\\/#\\\/schema\\\/person\\\/9f859689cdf01485597712386e37f5aa\",\"name\":\"Kuzeyin Sesi\",\"image\":{\"@type\":\"ImageObject\",\"inLanguage\":\"tr\",\"@id\":\"https:\\\/\\\/secure.gravatar.com\\\/avatar\\\/bab33852abfd8b282518d6ed81826833d77c3c882d9ab608add591ccace47a44?s=96&d=mm&r=g\",\"url\":\"https:\\\/\\\/secure.gravatar.com\\\/avatar\\\/bab33852abfd8b282518d6ed81826833d77c3c882d9ab608add591ccace47a44?s=96&d=mm&r=g\",\"contentUrl\":\"https:\\\/\\\/secure.gravatar.com\\\/avatar\\\/bab33852abfd8b282518d6ed81826833d77c3c882d9ab608add591ccace47a44?s=96&d=mm&r=g\",\"caption\":\"Kuzeyin Sesi\"},\"sameAs\":[\"https:\\\/\\\/kuzeyinsesi.org\"],\"url\":\"https:\\\/\\\/kuzeyinsesi.org\\\/index.php\\\/author\\\/guven\\\/\"}]}<\/script>\n<!-- \/ Yoast SEO plugin. -->","yoast_head_json":{"title":"TC Cumhurba\u015fkan\u0131\u00a0Erdo\u011fan, Pakistan Ba\u015fbakan\u0131\u00a0\u015eahbaz \u015eerif\u00a0ile g\u00f6r\u00fc\u015f\u2026 Erdo\u011fan: Pakistan\u2019\u0131n K\u0131br\u0131s T\u00fcrk\u00fc\u2019n\u00fcn hakl\u0131 davas\u0131na deste\u011fi bizim i\u00e7in son derece anlaml\u0131 - Kuzeyin Sesi","robots":{"index":"index","follow":"follow","max-snippet":"max-snippet:-1","max-image-preview":"max-image-preview:large","max-video-preview":"max-video-preview:-1"},"canonical":"https:\/\/kuzeyinsesi.org\/index.php\/2025\/02\/13\/tc-cumhurbaskani-erdogan-pakistan-basbakani-sahbaz-serif-ile-gorus-erdogan-pakistanin-kibris-turkunun-hakli-davasina-destegi-bizim-icin-son-derece-anlamli\/","og_locale":"tr_TR","og_type":"article","og_title":"TC Cumhurba\u015fkan\u0131\u00a0Erdo\u011fan, Pakistan Ba\u015fbakan\u0131\u00a0\u015eahbaz \u015eerif\u00a0ile g\u00f6r\u00fc\u015f\u2026 Erdo\u011fan: Pakistan\u2019\u0131n K\u0131br\u0131s T\u00fcrk\u00fc\u2019n\u00fcn hakl\u0131 davas\u0131na deste\u011fi bizim i\u00e7in son derece anlaml\u0131 - Kuzeyin Sesi","og_description":"T\u00fcrkiye Cumhurba\u015fkan\u0131\u00a0Recep Tayyip Erdo\u011fan, resmi temaslarda bulunmak \u00fczere\u00a0gitti\u011fi Pakistan\u2019da Ba\u015fbakan\u00a0\u015eahbaz \u015eerif\u00a0ile bir araya geldi. \u0130ki \u00fclke aras\u0131ndaki ili\u015fkiler, ter\u00f6rle m\u00fccadele ve b\u00f6lgesel konular\u0131n ele ald\u0131n\u0131d\u011f\u0131 g\u00f6r\u00fc\u015fmenin ard\u0131ndan iki lider ortak bas\u0131n toplant\u0131s\u0131 d\u00fczenledi. Bas\u0131n toplant\u0131s\u0131nda konu\u015fan Pakistan Ba\u015fbak\u0131an\u0131 \u015eahbaz \u015eerif, Cumhurba\u015fkan\u0131 Erdo\u011fan\u2019\u0131n i\u015fgal alt\u0131ndaki Cammu-Ke\u015fmir b\u00f6lgesiyle ilgili duru\u015funu net bir bi\u00e7imde ortaya koydunu belirterek, \u00fclkesinin [&hellip;]","og_url":"https:\/\/kuzeyinsesi.org\/index.php\/2025\/02\/13\/tc-cumhurbaskani-erdogan-pakistan-basbakani-sahbaz-serif-ile-gorus-erdogan-pakistanin-kibris-turkunun-hakli-davasina-destegi-bizim-icin-son-derece-anlamli\/","og_site_name":"Kuzeyin Sesi","article_publisher":"https:\/\/www.facebook.com\/kuzeyinsesii","article_published_time":"2025-02-13T11:33:50+00:00","og_image":[{"url":"https:\/\/brtk.net\/wp-content\/uploads\/2025\/02\/13\/98080.jpg?ver=355d6ae2ac43a1691c9c4858d2ee9dcb","type":"","width":"","height":""}],"author":"Kuzeyin Sesi","twitter_card":"summary_large_image","twitter_creator":"@kuzeyinsesii","twitter_site":"@kuzeyinsesii","twitter_misc":{"Yazan:":"Kuzeyin Sesi","Tahmini okuma s\u00fcresi":"1 dakika"},"schema":{"@context":"https:\/\/schema.org","@graph":[{"@type":"Article","@id":"https:\/\/kuzeyinsesi.org\/index.php\/2025\/02\/13\/tc-cumhurbaskani-erdogan-pakistan-basbakani-sahbaz-serif-ile-gorus-erdogan-pakistanin-kibris-turkunun-hakli-davasina-destegi-bizim-icin-son-derece-anlamli\/#article","isPartOf":{"@id":"https:\/\/kuzeyinsesi.org\/index.php\/2025\/02\/13\/tc-cumhurbaskani-erdogan-pakistan-basbakani-sahbaz-serif-ile-gorus-erdogan-pakistanin-kibris-turkunun-hakli-davasina-destegi-bizim-icin-son-derece-anlamli\/"},"author":{"name":"Kuzeyin Sesi","@id":"https:\/\/kuzeyinsesi.org\/#\/schema\/person\/9f859689cdf01485597712386e37f5aa"},"headline":"TC Cumhurba\u015fkan\u0131\u00a0Erdo\u011fan, Pakistan Ba\u015fbakan\u0131\u00a0\u015eahbaz \u015eerif\u00a0ile g\u00f6r\u00fc\u015f\u2026 Erdo\u011fan: Pakistan\u2019\u0131n K\u0131br\u0131s T\u00fcrk\u00fc\u2019n\u00fcn hakl\u0131 davas\u0131na deste\u011fi bizim i\u00e7in son derece anlaml\u0131","datePublished":"2025-02-13T11:33:50+00:00","mainEntityOfPage":{"@id":"https:\/\/kuzeyinsesi.org\/index.php\/2025\/02\/13\/tc-cumhurbaskani-erdogan-pakistan-basbakani-sahbaz-serif-ile-gorus-erdogan-pakistanin-kibris-turkunun-hakli-davasina-destegi-bizim-icin-son-derece-anlamli\/"},"wordCount":196,"commentCount":0,"image":{"@id":"https:\/\/kuzeyinsesi.org\/index.php\/2025\/02\/13\/tc-cumhurbaskani-erdogan-pakistan-basbakani-sahbaz-serif-ile-gorus-erdogan-pakistanin-kibris-turkunun-hakli-davasina-destegi-bizim-icin-son-derece-anlamli\/#primaryimage"},"thumbnailUrl":"https:\/\/kuzeyinsesi.org\/wp-content\/uploads\/2025\/02\/98080.jpg","articleSection":["T\u00fcrkiye"],"inLanguage":"tr","potentialAction":[{"@type":"CommentAction","name":"Comment","target":["https:\/\/kuzeyinsesi.org\/index.php\/2025\/02\/13\/tc-cumhurbaskani-erdogan-pakistan-basbakani-sahbaz-serif-ile-gorus-erdogan-pakistanin-kibris-turkunun-hakli-davasina-destegi-bizim-icin-son-derece-anlamli\/#respond"]}]},{"@type":"WebPage","@id":"https:\/\/kuzeyinsesi.org\/index.php\/2025\/02\/13\/tc-cumhurbaskani-erdogan-pakistan-basbakani-sahbaz-serif-ile-gorus-erdogan-pakistanin-kibris-turkunun-hakli-davasina-destegi-bizim-icin-son-derece-anlamli\/","url":"https:\/\/kuzeyinsesi.org\/index.php\/2025\/02\/13\/tc-cumhurbaskani-erdogan-pakistan-basbakani-sahbaz-serif-ile-gorus-erdogan-pakistanin-kibris-turkunun-hakli-davasina-destegi-bizim-icin-son-derece-anlamli\/","name":"TC Cumhurba\u015fkan\u0131\u00a0Erdo\u011fan, Pakistan Ba\u015fbakan\u0131\u00a0\u015eahbaz \u015eerif\u00a0ile g\u00f6r\u00fc\u015f\u2026 Erdo\u011fan: Pakistan\u2019\u0131n K\u0131br\u0131s T\u00fcrk\u00fc\u2019n\u00fcn hakl\u0131 davas\u0131na deste\u011fi bizim i\u00e7in son derece anlaml\u0131 - Kuzeyin Sesi","isPartOf":{"@id":"https:\/\/kuzeyinsesi.org\/#website"},"primaryImageOfPage":{"@id":"https:\/\/kuzeyinsesi.org\/index.php\/2025\/02\/13\/tc-cumhurbaskani-erdogan-pakistan-basbakani-sahbaz-serif-ile-gorus-erdogan-pakistanin-kibris-turkunun-hakli-davasina-destegi-bizim-icin-son-derece-anlamli\/#primaryimage"},"image":{"@id":"https:\/\/kuzeyinsesi.org\/index.php\/2025\/02\/13\/tc-cumhurbaskani-erdogan-pakistan-basbakani-sahbaz-serif-ile-gorus-erdogan-pakistanin-kibris-turkunun-hakli-davasina-destegi-bizim-icin-son-derece-anlamli\/#primaryimage"},"thumbnailUrl":"https:\/\/kuzeyinsesi.org\/wp-content\/uploads\/2025\/02\/98080.jpg","datePublished":"2025-02-13T11:33:50+00:00","author":{"@id":"https:\/\/kuzeyinsesi.org\/#\/schema\/person\/9f859689cdf01485597712386e37f5aa"},"breadcrumb":{"@id":"https:\/\/kuzeyinsesi.org\/index.php\/2025\/02\/13\/tc-cumhurbaskani-erdogan-pakistan-basbakani-sahbaz-serif-ile-gorus-erdogan-pakistanin-kibris-turkunun-hakli-davasina-destegi-bizim-icin-son-derece-anlamli\/#breadcrumb"},"inLanguage":"tr","potentialAction":[{"@type":"ReadAction","target":["https:\/\/kuzeyinsesi.org\/index.php\/2025\/02\/13\/tc-cumhurbaskani-erdogan-pakistan-basbakani-sahbaz-serif-ile-gorus-erdogan-pakistanin-kibris-turkunun-hakli-davasina-destegi-bizim-icin-son-derece-anlamli\/"]}]},{"@type":"ImageObject","inLanguage":"tr","@id":"https:\/\/kuzeyinsesi.org\/index.php\/2025\/02\/13\/tc-cumhurbaskani-erdogan-pakistan-basbakani-sahbaz-serif-ile-gorus-erdogan-pakistanin-kibris-turkunun-hakli-davasina-destegi-bizim-icin-son-derece-anlamli\/#primaryimage","url":"https:\/\/kuzeyinsesi.org\/wp-content\/uploads\/2025\/02\/98080.jpg","contentUrl":"https:\/\/kuzeyinsesi.org\/wp-content\/uploads\/2025\/02\/98080.jpg","width":864,"height":486},{"@type":"BreadcrumbList","@id":"https:\/\/kuzeyinsesi.org\/index.php\/2025\/02\/13\/tc-cumhurbaskani-erdogan-pakistan-basbakani-sahbaz-serif-ile-gorus-erdogan-pakistanin-kibris-turkunun-hakli-davasina-destegi-bizim-icin-son-derece-anlamli\/#breadcrumb","itemListElement":[{"@type":"ListItem","position":1,"name":"Anasayfa","item":"https:\/\/kuzeyinsesi.org\/"},{"@type":"ListItem","position":2,"name":"TC Cumhurba\u015fkan\u0131\u00a0Erdo\u011fan, Pakistan Ba\u015fbakan\u0131\u00a0\u015eahbaz \u015eerif\u00a0ile g\u00f6r\u00fc\u015f\u2026 Erdo\u011fan: Pakistan\u2019\u0131n K\u0131br\u0131s T\u00fcrk\u00fc\u2019n\u00fcn hakl\u0131 davas\u0131na deste\u011fi bizim i\u00e7in son derece anlaml\u0131"}]},{"@type":"WebSite","@id":"https:\/\/kuzeyinsesi.org\/#website","url":"https:\/\/kuzeyinsesi.org\/","name":"Kuzeyin Sesi","description":"Do\u011fru Haberin Adresi","potentialAction":[{"@type":"SearchAction","target":{"@type":"EntryPoint","urlTemplate":"https:\/\/kuzeyinsesi.org\/?s={search_term_string}"},"query-input":{"@type":"PropertyValueSpecification","valueRequired":true,"valueName":"search_term_string"}}],"inLanguage":"tr"},{"@type":"Person","@id":"https:\/\/kuzeyinsesi.org\/#\/schema\/person\/9f859689cdf01485597712386e37f5aa","name":"Kuzeyin Sesi","image":{"@type":"ImageObject","inLanguage":"tr","@id":"https:\/\/secure.gravatar.com\/avatar\/bab33852abfd8b282518d6ed81826833d77c3c882d9ab608add591ccace47a44?s=96&d=mm&r=g","url":"https:\/\/secure.gravatar.com\/avatar\/bab33852abfd8b282518d6ed81826833d77c3c882d9ab608add591ccace47a44?s=96&d=mm&r=g","contentUrl":"https:\/\/secure.gravatar.com\/avatar\/bab33852abfd8b282518d6ed81826833d77c3c882d9ab608add591ccace47a44?s=96&d=mm&r=g","caption":"Kuzeyin Sesi"},"sameAs":["https:\/\/kuzeyinsesi.org"],"url":"https:\/\/kuzeyinsesi.org\/index.php\/author\/guven\/"}]}},"_links":{"self":[{"href":"https:\/\/kuzeyinsesi.org\/index.php\/wp-json\/wp\/v2\/posts\/19008","targetHints":{"allow":["GET"]}}],"collection":[{"href":"https:\/\/kuzeyinsesi.org\/index.php\/wp-json\/wp\/v2\/posts"}],"about":[{"href":"https:\/\/kuzeyinsesi.org\/index.php\/wp-json\/wp\/v2\/types\/post"}],"author":[{"embeddable":true,"href":"https:\/\/kuzeyinsesi.org\/index.php\/wp-json\/wp\/v2\/users\/1"}],"replies":[{"embeddable":true,"href":"https:\/\/kuzeyinsesi.org\/index.php\/wp-json\/wp\/v2\/comments?post=19008"}],"version-history":[{"count":0,"href":"https:\/\/kuzeyinsesi.org\/index.php\/wp-json\/wp\/v2\/posts\/19008\/revisions"}],"wp:featuredmedia":[{"embeddable":true,"href":"https:\/\/kuzeyinsesi.org\/index.php\/wp-json\/wp\/v2\/media\/19009"}],"wp:attachment":[{"href":"https:\/\/kuzeyinsesi.org\/index.php\/wp-json\/wp\/v2\/media?parent=19008"}],"wp:term":[{"taxonomy":"category","embeddable":true,"href":"https:\/\/kuzeyinsesi.org\/index.php\/wp-json\/wp\/v2\/categories?post=19008"},{"taxonomy":"post_tag","embeddable":true,"href":"https:\/\/kuzeyinsesi.org\/index.php\/wp-json\/wp\/v2\/tags?post=19008"}],"curies":[{"name":"wp","href":"https:\/\/api.w.org\/{rel}","templated":true}]}}