{"id":18960,"date":"2025-02-12T15:42:30","date_gmt":"2025-02-12T13:42:30","guid":{"rendered":"https:\/\/kuzeyinsesi.org\/index.php\/2025\/02\/12\/ltb-ve-kibris-turk-halk-danslari-federasyonu-15-lefkosa-uluslararasi-halk-danslari-festivali-icin-hazirliklara-basladi\/"},"modified":"2025-02-12T15:42:30","modified_gmt":"2025-02-12T13:42:30","slug":"ltb-ve-kibris-turk-halk-danslari-federasyonu-15-lefkosa-uluslararasi-halk-danslari-festivali-icin-hazirliklara-basladi","status":"publish","type":"post","link":"https:\/\/kuzeyinsesi.org\/index.php\/2025\/02\/12\/ltb-ve-kibris-turk-halk-danslari-federasyonu-15-lefkosa-uluslararasi-halk-danslari-festivali-icin-hazirliklara-basladi\/","title":{"rendered":"LTB ve K\u0131br\u0131s T\u00fcrk Halk Danslar\u0131 Federasyonu, 15. Lefko\u015fa Uluslararas\u0131 Halk Danslar\u0131 Festivali i\u00e7in haz\u0131rl\u0131klara ba\u015flad\u0131"},"content":{"rendered":"<div>\n<div class=\"mariselle-image-container none\">\n                                            <\/div>\n<p>Lefko\u015fa T\u00fcrk Belediyesi (LTB) ve K\u0131br\u0131s T\u00fcrk Halk Danslar\u0131 Federasyonu\u2019nun, 15. Lefko\u015fa Uluslararas\u0131 Halk Danslar\u0131 Festivali i\u00e7in haz\u0131rl\u0131klara ba\u015flad\u0131\u011f\u0131 bildirildi.<\/p>\n<p>LTB\u2019den verilen bilgiye g\u00f6re, festivalin bu y\u0131l da en iyi \u015fekilde organize edilmesi amac\u0131yla LTB ve K\u0131br\u0131s T\u00fcrk Halk Danslar\u0131 Federasyonu aras\u0131nda yap\u0131lan toplant\u0131da, i\u015f birli\u011fi \u00e7er\u00e7evesinde y\u00fcr\u00fct\u00fclecek \u00e7al\u0131\u015fmalar ele al\u0131nd\u0131.<\/p>\n<p>Festivalin program ak\u0131\u015f\u0131, kat\u0131l\u0131mc\u0131 gruplar ve organizasyon s\u00fcreci \u00fczerine gelinen a\u015faman\u0131n payla\u015f\u0131ld\u0131\u011f\u0131 toplant\u0131da, halk danslar\u0131n\u0131n tan\u0131t\u0131m\u0131 ve k\u00fclt\u00fcrel miras\u0131n ya\u015fat\u0131lmas\u0131 i\u00e7in yine ortak hareket etmenin \u00f6nemi vurguland\u0131.<\/p>\n<p>LTB Ba\u015fkan\u0131 Mehmet Harmanc\u0131, festivalin K\u0131br\u0131s\u2019\u0131n k\u00fclt\u00fcrel kimli\u011fini g\u00fc\u00e7lendiren \u00f6nemli etkinliklerden biri oldu\u011funu belirterek, K\u0131br\u0131s T\u00fcrk Halk Danslar\u0131 Federasyonu ile i\u015f birli\u011fi i\u00e7inde organizasyonu en iyi \u015fekilde ger\u00e7ekle\u015ftirmek i\u00e7in \u00e7al\u0131\u015fmalara ba\u015flad\u0131klar\u0131n\u0131 ifade etti.<\/p>\n<p>LTB olarak k\u00fclt\u00fcrel mirasa ve halk danslar\u0131na b\u00fcy\u00fck de\u011fer verdiklerini\u00a0belirten Harmanc\u0131, \u00f6zellikle festivaller arac\u0131l\u0131\u011f\u0131yla bu miras\u0131n daha geni\u015f kitlelere ula\u015ft\u0131r\u0131lmas\u0131n\u0131n \u00f6nemine de\u011findi.\u00a0<\/p>\n<p>Harmanc\u0131, \u015fehrin k\u00fclt\u00fcrel kimli\u011fini g\u00fc\u00e7lendirmek ve halk danslar\u0131n\u0131 daha fazla insanla bulu\u015fturmak amac\u0131yla, LTB\u2019nin federasyonla i\u015f birli\u011fini s\u00fcrd\u00fcrmeye ve desteklerini art\u0131rmaya kararl\u0131 oldu\u011funu da ifade etti.<\/p>\n<p>Harmanc\u0131, ge\u00e7ti\u011fimiz y\u0131l K\u0131z\u0131lba\u015f Park\u0131\u2019nda d\u00fczenlenen ve olduk\u00e7a ba\u015far\u0131l\u0131 bir organizasyona imza at\u0131lan etkinli\u011fin, bu y\u0131l Cuma Ma\u011fusal\u0131 Amfisinde, izleyici kapasitesinin art\u0131r\u0131lmas\u0131yla daha fazla ki\u015fiye ula\u015faca\u011f\u0131n\u0131 ekledi.<\/p>\n<\/p><\/div>\n<p><script async\n                    defer\n                    crossorigin=\"anonymous\"\n                    src=\"https:\/\/connect.facebook.net\/tr_TR\/sdk.js#xfbml=1&#038;version=v3.3\"\n            ><\/script><\/p>\n","protected":false},"excerpt":{"rendered":"<p>Lefko\u015fa T\u00fcrk Belediyesi (LTB) ve K\u0131br\u0131s T\u00fcrk Halk Danslar\u0131 Federasyonu\u2019nun, 15. Lefko\u015fa Uluslararas\u0131 Halk Danslar\u0131 Festivali i\u00e7in haz\u0131rl\u0131klara ba\u015flad\u0131\u011f\u0131 bildirildi. LTB\u2019den verilen bilgiye g\u00f6re, festivalin bu y\u0131l da en iyi \u015fekilde organize edilmesi amac\u0131yla LTB ve K\u0131br\u0131s T\u00fcrk Halk Danslar\u0131 Federasyonu aras\u0131nda yap\u0131lan toplant\u0131da, i\u015f birli\u011fi \u00e7er\u00e7evesinde y\u00fcr\u00fct\u00fclecek \u00e7al\u0131\u015fmalar ele al\u0131nd\u0131. Festivalin program ak\u0131\u015f\u0131, kat\u0131l\u0131mc\u0131 [&hellip;]<\/p>\n","protected":false},"author":1,"featured_media":18961,"comment_status":"open","ping_status":"open","sticky":false,"template":"","format":"standard","meta":{"jnews-multi-image_gallery":[],"jnews_single_post":[],"jnews_primary_category":[],"jnews_social_meta":[],"jnews_override_counter":[],"footnotes":""},"categories":[6],"tags":[],"class_list":["post-18960","post","type-post","status-publish","format-standard","has-post-thumbnail","hentry","category-yasam"],"yoast_head":"<!-- This site is optimized with the Yoast SEO plugin v27.4 - https:\/\/yoast.com\/product\/yoast-seo-wordpress\/ -->\n<title>LTB ve K\u0131br\u0131s T\u00fcrk Halk Danslar\u0131 Federasyonu, 15. Lefko\u015fa Uluslararas\u0131 Halk Danslar\u0131 Festivali i\u00e7in haz\u0131rl\u0131klara ba\u015flad\u0131 - Kuzeyin Sesi<\/title>\n<meta name=\"robots\" content=\"index, follow, max-snippet:-1, max-image-preview:large, max-video-preview:-1\" \/>\n<link rel=\"canonical\" href=\"https:\/\/kuzeyinsesi.org\/index.php\/2025\/02\/12\/ltb-ve-kibris-turk-halk-danslari-federasyonu-15-lefkosa-uluslararasi-halk-danslari-festivali-icin-hazirliklara-basladi\/\" \/>\n<meta property=\"og:locale\" content=\"tr_TR\" \/>\n<meta property=\"og:type\" content=\"article\" \/>\n<meta property=\"og:title\" content=\"LTB ve K\u0131br\u0131s T\u00fcrk Halk Danslar\u0131 Federasyonu, 15. Lefko\u015fa Uluslararas\u0131 Halk Danslar\u0131 Festivali i\u00e7in haz\u0131rl\u0131klara ba\u015flad\u0131 - Kuzeyin Sesi\" \/>\n<meta property=\"og:description\" content=\"Lefko\u015fa T\u00fcrk Belediyesi (LTB) ve K\u0131br\u0131s T\u00fcrk Halk Danslar\u0131 Federasyonu\u2019nun, 15. Lefko\u015fa Uluslararas\u0131 Halk Danslar\u0131 Festivali i\u00e7in haz\u0131rl\u0131klara ba\u015flad\u0131\u011f\u0131 bildirildi. LTB\u2019den verilen bilgiye g\u00f6re, festivalin bu y\u0131l da en iyi \u015fekilde organize edilmesi amac\u0131yla LTB ve K\u0131br\u0131s T\u00fcrk Halk Danslar\u0131 Federasyonu aras\u0131nda yap\u0131lan toplant\u0131da, i\u015f birli\u011fi \u00e7er\u00e7evesinde y\u00fcr\u00fct\u00fclecek \u00e7al\u0131\u015fmalar ele al\u0131nd\u0131. Festivalin program ak\u0131\u015f\u0131, kat\u0131l\u0131mc\u0131 [&hellip;]\" \/>\n<meta property=\"og:url\" content=\"https:\/\/kuzeyinsesi.org\/index.php\/2025\/02\/12\/ltb-ve-kibris-turk-halk-danslari-federasyonu-15-lefkosa-uluslararasi-halk-danslari-festivali-icin-hazirliklara-basladi\/\" \/>\n<meta property=\"og:site_name\" content=\"Kuzeyin Sesi\" \/>\n<meta property=\"article:publisher\" content=\"https:\/\/www.facebook.com\/kuzeyinsesii\" \/>\n<meta property=\"article:published_time\" content=\"2025-02-12T13:42:30+00:00\" \/>\n<meta property=\"og:image\" content=\"https:\/\/brtk.net\/wp-content\/uploads\/2025\/02\/12\/Halk-Danslari-Festivali2.jpg?ver=0c5cb3bbfeddc658e33ed84e28d652eb\" \/>\n<meta name=\"author\" content=\"Kuzeyin Sesi\" \/>\n<meta name=\"twitter:card\" content=\"summary_large_image\" \/>\n<meta name=\"twitter:creator\" content=\"@kuzeyinsesii\" \/>\n<meta name=\"twitter:site\" content=\"@kuzeyinsesii\" \/>\n<meta name=\"twitter:label1\" content=\"Yazan:\" \/>\n\t<meta name=\"twitter:data1\" content=\"Kuzeyin Sesi\" \/>\n\t<meta name=\"twitter:label2\" content=\"Tahmini okuma s\u00fcresi\" \/>\n\t<meta name=\"twitter:data2\" content=\"2 dakika\" \/>\n<script type=\"application\/ld+json\" class=\"yoast-schema-graph\">{\"@context\":\"https:\\\/\\\/schema.org\",\"@graph\":[{\"@type\":\"Article\",\"@id\":\"https:\\\/\\\/kuzeyinsesi.org\\\/index.php\\\/2025\\\/02\\\/12\\\/ltb-ve-kibris-turk-halk-danslari-federasyonu-15-lefkosa-uluslararasi-halk-danslari-festivali-icin-hazirliklara-basladi\\\/#article\",\"isPartOf\":{\"@id\":\"https:\\\/\\\/kuzeyinsesi.org\\\/index.php\\\/2025\\\/02\\\/12\\\/ltb-ve-kibris-turk-halk-danslari-federasyonu-15-lefkosa-uluslararasi-halk-danslari-festivali-icin-hazirliklara-basladi\\\/\"},\"author\":{\"name\":\"Kuzeyin Sesi\",\"@id\":\"https:\\\/\\\/kuzeyinsesi.org\\\/#\\\/schema\\\/person\\\/9f859689cdf01485597712386e37f5aa\"},\"headline\":\"LTB ve K\u0131br\u0131s T\u00fcrk Halk Danslar\u0131 Federasyonu, 15. Lefko\u015fa Uluslararas\u0131 Halk Danslar\u0131 Festivali i\u00e7in haz\u0131rl\u0131klara ba\u015flad\u0131\",\"datePublished\":\"2025-02-12T13:42:30+00:00\",\"mainEntityOfPage\":{\"@id\":\"https:\\\/\\\/kuzeyinsesi.org\\\/index.php\\\/2025\\\/02\\\/12\\\/ltb-ve-kibris-turk-halk-danslari-federasyonu-15-lefkosa-uluslararasi-halk-danslari-festivali-icin-hazirliklara-basladi\\\/\"},\"wordCount\":323,\"commentCount\":0,\"image\":{\"@id\":\"https:\\\/\\\/kuzeyinsesi.org\\\/index.php\\\/2025\\\/02\\\/12\\\/ltb-ve-kibris-turk-halk-danslari-federasyonu-15-lefkosa-uluslararasi-halk-danslari-festivali-icin-hazirliklara-basladi\\\/#primaryimage\"},\"thumbnailUrl\":\"https:\\\/\\\/kuzeyinsesi.org\\\/wp-content\\\/uploads\\\/2025\\\/02\\\/Halk-Danslari-Festivali2.jpg\",\"articleSection\":[\"Ya\u015fam\"],\"inLanguage\":\"tr\",\"potentialAction\":[{\"@type\":\"CommentAction\",\"name\":\"Comment\",\"target\":[\"https:\\\/\\\/kuzeyinsesi.org\\\/index.php\\\/2025\\\/02\\\/12\\\/ltb-ve-kibris-turk-halk-danslari-federasyonu-15-lefkosa-uluslararasi-halk-danslari-festivali-icin-hazirliklara-basladi\\\/#respond\"]}]},{\"@type\":\"WebPage\",\"@id\":\"https:\\\/\\\/kuzeyinsesi.org\\\/index.php\\\/2025\\\/02\\\/12\\\/ltb-ve-kibris-turk-halk-danslari-federasyonu-15-lefkosa-uluslararasi-halk-danslari-festivali-icin-hazirliklara-basladi\\\/\",\"url\":\"https:\\\/\\\/kuzeyinsesi.org\\\/index.php\\\/2025\\\/02\\\/12\\\/ltb-ve-kibris-turk-halk-danslari-federasyonu-15-lefkosa-uluslararasi-halk-danslari-festivali-icin-hazirliklara-basladi\\\/\",\"name\":\"LTB ve K\u0131br\u0131s T\u00fcrk Halk Danslar\u0131 Federasyonu, 15. Lefko\u015fa Uluslararas\u0131 Halk Danslar\u0131 Festivali i\u00e7in haz\u0131rl\u0131klara ba\u015flad\u0131 - Kuzeyin Sesi\",\"isPartOf\":{\"@id\":\"https:\\\/\\\/kuzeyinsesi.org\\\/#website\"},\"primaryImageOfPage\":{\"@id\":\"https:\\\/\\\/kuzeyinsesi.org\\\/index.php\\\/2025\\\/02\\\/12\\\/ltb-ve-kibris-turk-halk-danslari-federasyonu-15-lefkosa-uluslararasi-halk-danslari-festivali-icin-hazirliklara-basladi\\\/#primaryimage\"},\"image\":{\"@id\":\"https:\\\/\\\/kuzeyinsesi.org\\\/index.php\\\/2025\\\/02\\\/12\\\/ltb-ve-kibris-turk-halk-danslari-federasyonu-15-lefkosa-uluslararasi-halk-danslari-festivali-icin-hazirliklara-basladi\\\/#primaryimage\"},\"thumbnailUrl\":\"https:\\\/\\\/kuzeyinsesi.org\\\/wp-content\\\/uploads\\\/2025\\\/02\\\/Halk-Danslari-Festivali2.jpg\",\"datePublished\":\"2025-02-12T13:42:30+00:00\",\"author\":{\"@id\":\"https:\\\/\\\/kuzeyinsesi.org\\\/#\\\/schema\\\/person\\\/9f859689cdf01485597712386e37f5aa\"},\"breadcrumb\":{\"@id\":\"https:\\\/\\\/kuzeyinsesi.org\\\/index.php\\\/2025\\\/02\\\/12\\\/ltb-ve-kibris-turk-halk-danslari-federasyonu-15-lefkosa-uluslararasi-halk-danslari-festivali-icin-hazirliklara-basladi\\\/#breadcrumb\"},\"inLanguage\":\"tr\",\"potentialAction\":[{\"@type\":\"ReadAction\",\"target\":[\"https:\\\/\\\/kuzeyinsesi.org\\\/index.php\\\/2025\\\/02\\\/12\\\/ltb-ve-kibris-turk-halk-danslari-federasyonu-15-lefkosa-uluslararasi-halk-danslari-festivali-icin-hazirliklara-basladi\\\/\"]}]},{\"@type\":\"ImageObject\",\"inLanguage\":\"tr\",\"@id\":\"https:\\\/\\\/kuzeyinsesi.org\\\/index.php\\\/2025\\\/02\\\/12\\\/ltb-ve-kibris-turk-halk-danslari-federasyonu-15-lefkosa-uluslararasi-halk-danslari-festivali-icin-hazirliklara-basladi\\\/#primaryimage\",\"url\":\"https:\\\/\\\/kuzeyinsesi.org\\\/wp-content\\\/uploads\\\/2025\\\/02\\\/Halk-Danslari-Festivali2.jpg\",\"contentUrl\":\"https:\\\/\\\/kuzeyinsesi.org\\\/wp-content\\\/uploads\\\/2025\\\/02\\\/Halk-Danslari-Festivali2.jpg\",\"width\":930,\"height\":462},{\"@type\":\"BreadcrumbList\",\"@id\":\"https:\\\/\\\/kuzeyinsesi.org\\\/index.php\\\/2025\\\/02\\\/12\\\/ltb-ve-kibris-turk-halk-danslari-federasyonu-15-lefkosa-uluslararasi-halk-danslari-festivali-icin-hazirliklara-basladi\\\/#breadcrumb\",\"itemListElement\":[{\"@type\":\"ListItem\",\"position\":1,\"name\":\"Anasayfa\",\"item\":\"https:\\\/\\\/kuzeyinsesi.org\\\/\"},{\"@type\":\"ListItem\",\"position\":2,\"name\":\"LTB ve K\u0131br\u0131s T\u00fcrk Halk Danslar\u0131 Federasyonu, 15. Lefko\u015fa Uluslararas\u0131 Halk Danslar\u0131 Festivali i\u00e7in haz\u0131rl\u0131klara ba\u015flad\u0131\"}]},{\"@type\":\"WebSite\",\"@id\":\"https:\\\/\\\/kuzeyinsesi.org\\\/#website\",\"url\":\"https:\\\/\\\/kuzeyinsesi.org\\\/\",\"name\":\"Kuzeyin Sesi\",\"description\":\"Do\u011fru Haberin Adresi\",\"potentialAction\":[{\"@type\":\"SearchAction\",\"target\":{\"@type\":\"EntryPoint\",\"urlTemplate\":\"https:\\\/\\\/kuzeyinsesi.org\\\/?s={search_term_string}\"},\"query-input\":{\"@type\":\"PropertyValueSpecification\",\"valueRequired\":true,\"valueName\":\"search_term_string\"}}],\"inLanguage\":\"tr\"},{\"@type\":\"Person\",\"@id\":\"https:\\\/\\\/kuzeyinsesi.org\\\/#\\\/schema\\\/person\\\/9f859689cdf01485597712386e37f5aa\",\"name\":\"Kuzeyin Sesi\",\"image\":{\"@type\":\"ImageObject\",\"inLanguage\":\"tr\",\"@id\":\"https:\\\/\\\/secure.gravatar.com\\\/avatar\\\/bab33852abfd8b282518d6ed81826833d77c3c882d9ab608add591ccace47a44?s=96&d=mm&r=g\",\"url\":\"https:\\\/\\\/secure.gravatar.com\\\/avatar\\\/bab33852abfd8b282518d6ed81826833d77c3c882d9ab608add591ccace47a44?s=96&d=mm&r=g\",\"contentUrl\":\"https:\\\/\\\/secure.gravatar.com\\\/avatar\\\/bab33852abfd8b282518d6ed81826833d77c3c882d9ab608add591ccace47a44?s=96&d=mm&r=g\",\"caption\":\"Kuzeyin Sesi\"},\"sameAs\":[\"https:\\\/\\\/kuzeyinsesi.org\"],\"url\":\"https:\\\/\\\/kuzeyinsesi.org\\\/index.php\\\/author\\\/guven\\\/\"}]}<\/script>\n<!-- \/ Yoast SEO plugin. -->","yoast_head_json":{"title":"LTB ve K\u0131br\u0131s T\u00fcrk Halk Danslar\u0131 Federasyonu, 15. Lefko\u015fa Uluslararas\u0131 Halk Danslar\u0131 Festivali i\u00e7in haz\u0131rl\u0131klara ba\u015flad\u0131 - Kuzeyin Sesi","robots":{"index":"index","follow":"follow","max-snippet":"max-snippet:-1","max-image-preview":"max-image-preview:large","max-video-preview":"max-video-preview:-1"},"canonical":"https:\/\/kuzeyinsesi.org\/index.php\/2025\/02\/12\/ltb-ve-kibris-turk-halk-danslari-federasyonu-15-lefkosa-uluslararasi-halk-danslari-festivali-icin-hazirliklara-basladi\/","og_locale":"tr_TR","og_type":"article","og_title":"LTB ve K\u0131br\u0131s T\u00fcrk Halk Danslar\u0131 Federasyonu, 15. Lefko\u015fa Uluslararas\u0131 Halk Danslar\u0131 Festivali i\u00e7in haz\u0131rl\u0131klara ba\u015flad\u0131 - Kuzeyin Sesi","og_description":"Lefko\u015fa T\u00fcrk Belediyesi (LTB) ve K\u0131br\u0131s T\u00fcrk Halk Danslar\u0131 Federasyonu\u2019nun, 15. Lefko\u015fa Uluslararas\u0131 Halk Danslar\u0131 Festivali i\u00e7in haz\u0131rl\u0131klara ba\u015flad\u0131\u011f\u0131 bildirildi. LTB\u2019den verilen bilgiye g\u00f6re, festivalin bu y\u0131l da en iyi \u015fekilde organize edilmesi amac\u0131yla LTB ve K\u0131br\u0131s T\u00fcrk Halk Danslar\u0131 Federasyonu aras\u0131nda yap\u0131lan toplant\u0131da, i\u015f birli\u011fi \u00e7er\u00e7evesinde y\u00fcr\u00fct\u00fclecek \u00e7al\u0131\u015fmalar ele al\u0131nd\u0131. Festivalin program ak\u0131\u015f\u0131, kat\u0131l\u0131mc\u0131 [&hellip;]","og_url":"https:\/\/kuzeyinsesi.org\/index.php\/2025\/02\/12\/ltb-ve-kibris-turk-halk-danslari-federasyonu-15-lefkosa-uluslararasi-halk-danslari-festivali-icin-hazirliklara-basladi\/","og_site_name":"Kuzeyin Sesi","article_publisher":"https:\/\/www.facebook.com\/kuzeyinsesii","article_published_time":"2025-02-12T13:42:30+00:00","og_image":[{"url":"https:\/\/brtk.net\/wp-content\/uploads\/2025\/02\/12\/Halk-Danslari-Festivali2.jpg?ver=0c5cb3bbfeddc658e33ed84e28d652eb","type":"","width":"","height":""}],"author":"Kuzeyin Sesi","twitter_card":"summary_large_image","twitter_creator":"@kuzeyinsesii","twitter_site":"@kuzeyinsesii","twitter_misc":{"Yazan:":"Kuzeyin Sesi","Tahmini okuma s\u00fcresi":"2 dakika"},"schema":{"@context":"https:\/\/schema.org","@graph":[{"@type":"Article","@id":"https:\/\/kuzeyinsesi.org\/index.php\/2025\/02\/12\/ltb-ve-kibris-turk-halk-danslari-federasyonu-15-lefkosa-uluslararasi-halk-danslari-festivali-icin-hazirliklara-basladi\/#article","isPartOf":{"@id":"https:\/\/kuzeyinsesi.org\/index.php\/2025\/02\/12\/ltb-ve-kibris-turk-halk-danslari-federasyonu-15-lefkosa-uluslararasi-halk-danslari-festivali-icin-hazirliklara-basladi\/"},"author":{"name":"Kuzeyin Sesi","@id":"https:\/\/kuzeyinsesi.org\/#\/schema\/person\/9f859689cdf01485597712386e37f5aa"},"headline":"LTB ve K\u0131br\u0131s T\u00fcrk Halk Danslar\u0131 Federasyonu, 15. Lefko\u015fa Uluslararas\u0131 Halk Danslar\u0131 Festivali i\u00e7in haz\u0131rl\u0131klara ba\u015flad\u0131","datePublished":"2025-02-12T13:42:30+00:00","mainEntityOfPage":{"@id":"https:\/\/kuzeyinsesi.org\/index.php\/2025\/02\/12\/ltb-ve-kibris-turk-halk-danslari-federasyonu-15-lefkosa-uluslararasi-halk-danslari-festivali-icin-hazirliklara-basladi\/"},"wordCount":323,"commentCount":0,"image":{"@id":"https:\/\/kuzeyinsesi.org\/index.php\/2025\/02\/12\/ltb-ve-kibris-turk-halk-danslari-federasyonu-15-lefkosa-uluslararasi-halk-danslari-festivali-icin-hazirliklara-basladi\/#primaryimage"},"thumbnailUrl":"https:\/\/kuzeyinsesi.org\/wp-content\/uploads\/2025\/02\/Halk-Danslari-Festivali2.jpg","articleSection":["Ya\u015fam"],"inLanguage":"tr","potentialAction":[{"@type":"CommentAction","name":"Comment","target":["https:\/\/kuzeyinsesi.org\/index.php\/2025\/02\/12\/ltb-ve-kibris-turk-halk-danslari-federasyonu-15-lefkosa-uluslararasi-halk-danslari-festivali-icin-hazirliklara-basladi\/#respond"]}]},{"@type":"WebPage","@id":"https:\/\/kuzeyinsesi.org\/index.php\/2025\/02\/12\/ltb-ve-kibris-turk-halk-danslari-federasyonu-15-lefkosa-uluslararasi-halk-danslari-festivali-icin-hazirliklara-basladi\/","url":"https:\/\/kuzeyinsesi.org\/index.php\/2025\/02\/12\/ltb-ve-kibris-turk-halk-danslari-federasyonu-15-lefkosa-uluslararasi-halk-danslari-festivali-icin-hazirliklara-basladi\/","name":"LTB ve K\u0131br\u0131s T\u00fcrk Halk Danslar\u0131 Federasyonu, 15. Lefko\u015fa Uluslararas\u0131 Halk Danslar\u0131 Festivali i\u00e7in haz\u0131rl\u0131klara ba\u015flad\u0131 - Kuzeyin Sesi","isPartOf":{"@id":"https:\/\/kuzeyinsesi.org\/#website"},"primaryImageOfPage":{"@id":"https:\/\/kuzeyinsesi.org\/index.php\/2025\/02\/12\/ltb-ve-kibris-turk-halk-danslari-federasyonu-15-lefkosa-uluslararasi-halk-danslari-festivali-icin-hazirliklara-basladi\/#primaryimage"},"image":{"@id":"https:\/\/kuzeyinsesi.org\/index.php\/2025\/02\/12\/ltb-ve-kibris-turk-halk-danslari-federasyonu-15-lefkosa-uluslararasi-halk-danslari-festivali-icin-hazirliklara-basladi\/#primaryimage"},"thumbnailUrl":"https:\/\/kuzeyinsesi.org\/wp-content\/uploads\/2025\/02\/Halk-Danslari-Festivali2.jpg","datePublished":"2025-02-12T13:42:30+00:00","author":{"@id":"https:\/\/kuzeyinsesi.org\/#\/schema\/person\/9f859689cdf01485597712386e37f5aa"},"breadcrumb":{"@id":"https:\/\/kuzeyinsesi.org\/index.php\/2025\/02\/12\/ltb-ve-kibris-turk-halk-danslari-federasyonu-15-lefkosa-uluslararasi-halk-danslari-festivali-icin-hazirliklara-basladi\/#breadcrumb"},"inLanguage":"tr","potentialAction":[{"@type":"ReadAction","target":["https:\/\/kuzeyinsesi.org\/index.php\/2025\/02\/12\/ltb-ve-kibris-turk-halk-danslari-federasyonu-15-lefkosa-uluslararasi-halk-danslari-festivali-icin-hazirliklara-basladi\/"]}]},{"@type":"ImageObject","inLanguage":"tr","@id":"https:\/\/kuzeyinsesi.org\/index.php\/2025\/02\/12\/ltb-ve-kibris-turk-halk-danslari-federasyonu-15-lefkosa-uluslararasi-halk-danslari-festivali-icin-hazirliklara-basladi\/#primaryimage","url":"https:\/\/kuzeyinsesi.org\/wp-content\/uploads\/2025\/02\/Halk-Danslari-Festivali2.jpg","contentUrl":"https:\/\/kuzeyinsesi.org\/wp-content\/uploads\/2025\/02\/Halk-Danslari-Festivali2.jpg","width":930,"height":462},{"@type":"BreadcrumbList","@id":"https:\/\/kuzeyinsesi.org\/index.php\/2025\/02\/12\/ltb-ve-kibris-turk-halk-danslari-federasyonu-15-lefkosa-uluslararasi-halk-danslari-festivali-icin-hazirliklara-basladi\/#breadcrumb","itemListElement":[{"@type":"ListItem","position":1,"name":"Anasayfa","item":"https:\/\/kuzeyinsesi.org\/"},{"@type":"ListItem","position":2,"name":"LTB ve K\u0131br\u0131s T\u00fcrk Halk Danslar\u0131 Federasyonu, 15. Lefko\u015fa Uluslararas\u0131 Halk Danslar\u0131 Festivali i\u00e7in haz\u0131rl\u0131klara ba\u015flad\u0131"}]},{"@type":"WebSite","@id":"https:\/\/kuzeyinsesi.org\/#website","url":"https:\/\/kuzeyinsesi.org\/","name":"Kuzeyin Sesi","description":"Do\u011fru Haberin Adresi","potentialAction":[{"@type":"SearchAction","target":{"@type":"EntryPoint","urlTemplate":"https:\/\/kuzeyinsesi.org\/?s={search_term_string}"},"query-input":{"@type":"PropertyValueSpecification","valueRequired":true,"valueName":"search_term_string"}}],"inLanguage":"tr"},{"@type":"Person","@id":"https:\/\/kuzeyinsesi.org\/#\/schema\/person\/9f859689cdf01485597712386e37f5aa","name":"Kuzeyin Sesi","image":{"@type":"ImageObject","inLanguage":"tr","@id":"https:\/\/secure.gravatar.com\/avatar\/bab33852abfd8b282518d6ed81826833d77c3c882d9ab608add591ccace47a44?s=96&d=mm&r=g","url":"https:\/\/secure.gravatar.com\/avatar\/bab33852abfd8b282518d6ed81826833d77c3c882d9ab608add591ccace47a44?s=96&d=mm&r=g","contentUrl":"https:\/\/secure.gravatar.com\/avatar\/bab33852abfd8b282518d6ed81826833d77c3c882d9ab608add591ccace47a44?s=96&d=mm&r=g","caption":"Kuzeyin Sesi"},"sameAs":["https:\/\/kuzeyinsesi.org"],"url":"https:\/\/kuzeyinsesi.org\/index.php\/author\/guven\/"}]}},"_links":{"self":[{"href":"https:\/\/kuzeyinsesi.org\/index.php\/wp-json\/wp\/v2\/posts\/18960","targetHints":{"allow":["GET"]}}],"collection":[{"href":"https:\/\/kuzeyinsesi.org\/index.php\/wp-json\/wp\/v2\/posts"}],"about":[{"href":"https:\/\/kuzeyinsesi.org\/index.php\/wp-json\/wp\/v2\/types\/post"}],"author":[{"embeddable":true,"href":"https:\/\/kuzeyinsesi.org\/index.php\/wp-json\/wp\/v2\/users\/1"}],"replies":[{"embeddable":true,"href":"https:\/\/kuzeyinsesi.org\/index.php\/wp-json\/wp\/v2\/comments?post=18960"}],"version-history":[{"count":0,"href":"https:\/\/kuzeyinsesi.org\/index.php\/wp-json\/wp\/v2\/posts\/18960\/revisions"}],"wp:featuredmedia":[{"embeddable":true,"href":"https:\/\/kuzeyinsesi.org\/index.php\/wp-json\/wp\/v2\/media\/18961"}],"wp:attachment":[{"href":"https:\/\/kuzeyinsesi.org\/index.php\/wp-json\/wp\/v2\/media?parent=18960"}],"wp:term":[{"taxonomy":"category","embeddable":true,"href":"https:\/\/kuzeyinsesi.org\/index.php\/wp-json\/wp\/v2\/categories?post=18960"},{"taxonomy":"post_tag","embeddable":true,"href":"https:\/\/kuzeyinsesi.org\/index.php\/wp-json\/wp\/v2\/tags?post=18960"}],"curies":[{"name":"wp","href":"https:\/\/api.w.org\/{rel}","templated":true}]}}