{"id":18951,"date":"2025-02-12T14:41:31","date_gmt":"2025-02-12T12:41:31","guid":{"rendered":"https:\/\/kuzeyinsesi.org\/index.php\/2025\/02\/12\/inna-banduranin-denge-isimli-sergisi-ercan-havalimaninda-acildi\/"},"modified":"2025-02-12T14:41:31","modified_gmt":"2025-02-12T12:41:31","slug":"inna-banduranin-denge-isimli-sergisi-ercan-havalimaninda-acildi","status":"publish","type":"post","link":"https:\/\/kuzeyinsesi.org\/index.php\/2025\/02\/12\/inna-banduranin-denge-isimli-sergisi-ercan-havalimaninda-acildi\/","title":{"rendered":"Inna Bandura\u2019n\u0131n \u201cDenge\u201d isimli sergisi Ercan Havaliman\u0131\u2019nda a\u00e7\u0131ld\u0131"},"content":{"rendered":"<div>\n<div class=\"mariselle-image-container none\">\n                                            <\/div>\n<p>Resimleri bir\u00e7ok \u00fclkede sergilenen ve son olarak kat\u0131ld\u0131\u011f\u0131 \u201cLondon Time Talent 2024\u201d yar\u0131\u015fmas\u0131nda grafik sanatlarda birincilik \u00f6d\u00fcl\u00fc alan Inna Bandura\u2019\u0131n 9 tuvalden olu\u015fan \u201cDenge\u201d isimli sergisi Ercan Havaliman\u0131\u2019nda a\u00e7\u0131ld\u0131.<\/p>\n<p>T&amp;T Havaliman\u0131 \u0130\u015fletmecili\u011fi taraf\u0131ndan d\u00fczenlenen Inna Bandura\u2019n\u0131n sergisi\u00a0Giden Yolcu b\u00f6l\u00fcm\u00fc pasaport sonras\u0131nda yer al\u0131yor.<\/p>\n<p>Inna Bandura, resim \u00e7izmeye 15 ya\u015f\u0131nda ba\u015flad\u0131 ve 10 y\u0131l\u0131 a\u015fk\u0131n bir s\u00fcre \u00f6nce de tuval \u00fczerine ya\u011fl\u0131 boya yapmaya ge\u00e7ti.\u00a0Son birka\u00e7 y\u0131ld\u0131r oda duvarlar\u0131na akrilikle resim yapmaya da ba\u015flayarak bir\u00e7ok hotel duvarlar\u0131na resimler \u00e7izerek boyamaya ba\u015flayan Inna Bandura, bu koleksiyonu uluslararas\u0131 \u201cGolden Time Talent\u201d yetenek yar\u0131\u015fmas\u0131nda \u00f6d\u00fcle aday olarak g\u00f6sterildi.\u00a02024 bahar\u0131nda yar\u0131\u015fmaya d\u00fcnya ressamlar j\u00fcrisinden y\u00fcksek not alarak Grand Prix yar\u0131\u015fmas\u0131na kat\u0131lmaya da hak kazanan Inna\u2019n\u0131n yapm\u0131\u015f oldu\u011fu tablolar\u00a0Ukrayna\u2019daki bir\u00e7ok sanat galerisinin yan\u0131 s\u0131ra Bulgaristan\u2019\u0131n Sofia kendindeki m\u00fczede ve \u0130spanya\u2019n\u0131n Tenerife kentinde yer alan sanat galerisinde sergileniyor.<\/p>\n<\/p><\/div>\n<p><script async\n                    defer\n                    crossorigin=\"anonymous\"\n                    src=\"https:\/\/connect.facebook.net\/tr_TR\/sdk.js#xfbml=1&#038;version=v3.3\"\n            ><\/script><\/p>\n","protected":false},"excerpt":{"rendered":"<p>Resimleri bir\u00e7ok \u00fclkede sergilenen ve son olarak kat\u0131ld\u0131\u011f\u0131 \u201cLondon Time Talent 2024\u201d yar\u0131\u015fmas\u0131nda grafik sanatlarda birincilik \u00f6d\u00fcl\u00fc alan Inna Bandura\u2019\u0131n 9 tuvalden olu\u015fan \u201cDenge\u201d isimli sergisi Ercan Havaliman\u0131\u2019nda a\u00e7\u0131ld\u0131. T&amp;T Havaliman\u0131 \u0130\u015fletmecili\u011fi taraf\u0131ndan d\u00fczenlenen Inna Bandura\u2019n\u0131n sergisi\u00a0Giden Yolcu b\u00f6l\u00fcm\u00fc pasaport sonras\u0131nda yer al\u0131yor. Inna Bandura, resim \u00e7izmeye 15 ya\u015f\u0131nda ba\u015flad\u0131 ve 10 y\u0131l\u0131 a\u015fk\u0131n bir [&hellip;]<\/p>\n","protected":false},"author":1,"featured_media":18952,"comment_status":"open","ping_status":"open","sticky":false,"template":"","format":"standard","meta":{"jnews-multi-image_gallery":[],"jnews_single_post":[],"jnews_primary_category":[],"jnews_social_meta":[],"jnews_override_counter":[],"footnotes":""},"categories":[6],"tags":[],"class_list":["post-18951","post","type-post","status-publish","format-standard","has-post-thumbnail","hentry","category-yasam"],"yoast_head":"<!-- This site is optimized with the Yoast SEO plugin v27.4 - https:\/\/yoast.com\/product\/yoast-seo-wordpress\/ -->\n<title>Inna Bandura\u2019n\u0131n \u201cDenge\u201d isimli sergisi Ercan Havaliman\u0131\u2019nda a\u00e7\u0131ld\u0131 - Kuzeyin Sesi<\/title>\n<meta name=\"robots\" content=\"index, follow, max-snippet:-1, max-image-preview:large, max-video-preview:-1\" \/>\n<link rel=\"canonical\" href=\"https:\/\/kuzeyinsesi.org\/index.php\/2025\/02\/12\/inna-banduranin-denge-isimli-sergisi-ercan-havalimaninda-acildi\/\" \/>\n<meta property=\"og:locale\" content=\"tr_TR\" \/>\n<meta property=\"og:type\" content=\"article\" \/>\n<meta property=\"og:title\" content=\"Inna Bandura\u2019n\u0131n \u201cDenge\u201d isimli sergisi Ercan Havaliman\u0131\u2019nda a\u00e7\u0131ld\u0131 - Kuzeyin Sesi\" \/>\n<meta property=\"og:description\" content=\"Resimleri bir\u00e7ok \u00fclkede sergilenen ve son olarak kat\u0131ld\u0131\u011f\u0131 \u201cLondon Time Talent 2024\u201d yar\u0131\u015fmas\u0131nda grafik sanatlarda birincilik \u00f6d\u00fcl\u00fc alan Inna Bandura\u2019\u0131n 9 tuvalden olu\u015fan \u201cDenge\u201d isimli sergisi Ercan Havaliman\u0131\u2019nda a\u00e7\u0131ld\u0131. T&amp;T Havaliman\u0131 \u0130\u015fletmecili\u011fi taraf\u0131ndan d\u00fczenlenen Inna Bandura\u2019n\u0131n sergisi\u00a0Giden Yolcu b\u00f6l\u00fcm\u00fc pasaport sonras\u0131nda yer al\u0131yor. Inna Bandura, resim \u00e7izmeye 15 ya\u015f\u0131nda ba\u015flad\u0131 ve 10 y\u0131l\u0131 a\u015fk\u0131n bir [&hellip;]\" \/>\n<meta property=\"og:url\" content=\"https:\/\/kuzeyinsesi.org\/index.php\/2025\/02\/12\/inna-banduranin-denge-isimli-sergisi-ercan-havalimaninda-acildi\/\" \/>\n<meta property=\"og:site_name\" content=\"Kuzeyin Sesi\" \/>\n<meta property=\"article:publisher\" content=\"https:\/\/www.facebook.com\/kuzeyinsesii\" \/>\n<meta property=\"article:published_time\" content=\"2025-02-12T12:41:31+00:00\" \/>\n<meta property=\"og:image\" content=\"https:\/\/brtk.net\/wp-content\/uploads\/2025\/02\/12\/ERCAN-SERGI2.jpg?ver=d83482a8995c16a8cd6a3ff75addffb0\" \/>\n<meta name=\"author\" content=\"Kuzeyin Sesi\" \/>\n<meta name=\"twitter:card\" content=\"summary_large_image\" \/>\n<meta name=\"twitter:creator\" content=\"@kuzeyinsesii\" \/>\n<meta name=\"twitter:site\" content=\"@kuzeyinsesii\" \/>\n<meta name=\"twitter:label1\" content=\"Yazan:\" \/>\n\t<meta name=\"twitter:data1\" content=\"Kuzeyin Sesi\" \/>\n\t<meta name=\"twitter:label2\" content=\"Tahmini okuma s\u00fcresi\" \/>\n\t<meta name=\"twitter:data2\" content=\"1 dakika\" \/>\n<script type=\"application\/ld+json\" class=\"yoast-schema-graph\">{\"@context\":\"https:\\\/\\\/schema.org\",\"@graph\":[{\"@type\":\"Article\",\"@id\":\"https:\\\/\\\/kuzeyinsesi.org\\\/index.php\\\/2025\\\/02\\\/12\\\/inna-banduranin-denge-isimli-sergisi-ercan-havalimaninda-acildi\\\/#article\",\"isPartOf\":{\"@id\":\"https:\\\/\\\/kuzeyinsesi.org\\\/index.php\\\/2025\\\/02\\\/12\\\/inna-banduranin-denge-isimli-sergisi-ercan-havalimaninda-acildi\\\/\"},\"author\":{\"name\":\"Kuzeyin Sesi\",\"@id\":\"https:\\\/\\\/kuzeyinsesi.org\\\/#\\\/schema\\\/person\\\/9f859689cdf01485597712386e37f5aa\"},\"headline\":\"Inna Bandura\u2019n\u0131n \u201cDenge\u201d isimli sergisi Ercan Havaliman\u0131\u2019nda a\u00e7\u0131ld\u0131\",\"datePublished\":\"2025-02-12T12:41:31+00:00\",\"mainEntityOfPage\":{\"@id\":\"https:\\\/\\\/kuzeyinsesi.org\\\/index.php\\\/2025\\\/02\\\/12\\\/inna-banduranin-denge-isimli-sergisi-ercan-havalimaninda-acildi\\\/\"},\"wordCount\":199,\"commentCount\":0,\"image\":{\"@id\":\"https:\\\/\\\/kuzeyinsesi.org\\\/index.php\\\/2025\\\/02\\\/12\\\/inna-banduranin-denge-isimli-sergisi-ercan-havalimaninda-acildi\\\/#primaryimage\"},\"thumbnailUrl\":\"https:\\\/\\\/kuzeyinsesi.org\\\/wp-content\\\/uploads\\\/2025\\\/02\\\/ERCAN-SERGI2.jpg\",\"articleSection\":[\"Ya\u015fam\"],\"inLanguage\":\"tr\",\"potentialAction\":[{\"@type\":\"CommentAction\",\"name\":\"Comment\",\"target\":[\"https:\\\/\\\/kuzeyinsesi.org\\\/index.php\\\/2025\\\/02\\\/12\\\/inna-banduranin-denge-isimli-sergisi-ercan-havalimaninda-acildi\\\/#respond\"]}]},{\"@type\":\"WebPage\",\"@id\":\"https:\\\/\\\/kuzeyinsesi.org\\\/index.php\\\/2025\\\/02\\\/12\\\/inna-banduranin-denge-isimli-sergisi-ercan-havalimaninda-acildi\\\/\",\"url\":\"https:\\\/\\\/kuzeyinsesi.org\\\/index.php\\\/2025\\\/02\\\/12\\\/inna-banduranin-denge-isimli-sergisi-ercan-havalimaninda-acildi\\\/\",\"name\":\"Inna Bandura\u2019n\u0131n \u201cDenge\u201d isimli sergisi Ercan Havaliman\u0131\u2019nda a\u00e7\u0131ld\u0131 - Kuzeyin Sesi\",\"isPartOf\":{\"@id\":\"https:\\\/\\\/kuzeyinsesi.org\\\/#website\"},\"primaryImageOfPage\":{\"@id\":\"https:\\\/\\\/kuzeyinsesi.org\\\/index.php\\\/2025\\\/02\\\/12\\\/inna-banduranin-denge-isimli-sergisi-ercan-havalimaninda-acildi\\\/#primaryimage\"},\"image\":{\"@id\":\"https:\\\/\\\/kuzeyinsesi.org\\\/index.php\\\/2025\\\/02\\\/12\\\/inna-banduranin-denge-isimli-sergisi-ercan-havalimaninda-acildi\\\/#primaryimage\"},\"thumbnailUrl\":\"https:\\\/\\\/kuzeyinsesi.org\\\/wp-content\\\/uploads\\\/2025\\\/02\\\/ERCAN-SERGI2.jpg\",\"datePublished\":\"2025-02-12T12:41:31+00:00\",\"author\":{\"@id\":\"https:\\\/\\\/kuzeyinsesi.org\\\/#\\\/schema\\\/person\\\/9f859689cdf01485597712386e37f5aa\"},\"breadcrumb\":{\"@id\":\"https:\\\/\\\/kuzeyinsesi.org\\\/index.php\\\/2025\\\/02\\\/12\\\/inna-banduranin-denge-isimli-sergisi-ercan-havalimaninda-acildi\\\/#breadcrumb\"},\"inLanguage\":\"tr\",\"potentialAction\":[{\"@type\":\"ReadAction\",\"target\":[\"https:\\\/\\\/kuzeyinsesi.org\\\/index.php\\\/2025\\\/02\\\/12\\\/inna-banduranin-denge-isimli-sergisi-ercan-havalimaninda-acildi\\\/\"]}]},{\"@type\":\"ImageObject\",\"inLanguage\":\"tr\",\"@id\":\"https:\\\/\\\/kuzeyinsesi.org\\\/index.php\\\/2025\\\/02\\\/12\\\/inna-banduranin-denge-isimli-sergisi-ercan-havalimaninda-acildi\\\/#primaryimage\",\"url\":\"https:\\\/\\\/kuzeyinsesi.org\\\/wp-content\\\/uploads\\\/2025\\\/02\\\/ERCAN-SERGI2.jpg\",\"contentUrl\":\"https:\\\/\\\/kuzeyinsesi.org\\\/wp-content\\\/uploads\\\/2025\\\/02\\\/ERCAN-SERGI2.jpg\",\"width\":925,\"height\":465},{\"@type\":\"BreadcrumbList\",\"@id\":\"https:\\\/\\\/kuzeyinsesi.org\\\/index.php\\\/2025\\\/02\\\/12\\\/inna-banduranin-denge-isimli-sergisi-ercan-havalimaninda-acildi\\\/#breadcrumb\",\"itemListElement\":[{\"@type\":\"ListItem\",\"position\":1,\"name\":\"Anasayfa\",\"item\":\"https:\\\/\\\/kuzeyinsesi.org\\\/\"},{\"@type\":\"ListItem\",\"position\":2,\"name\":\"Inna Bandura\u2019n\u0131n \u201cDenge\u201d isimli sergisi Ercan Havaliman\u0131\u2019nda a\u00e7\u0131ld\u0131\"}]},{\"@type\":\"WebSite\",\"@id\":\"https:\\\/\\\/kuzeyinsesi.org\\\/#website\",\"url\":\"https:\\\/\\\/kuzeyinsesi.org\\\/\",\"name\":\"Kuzeyin Sesi\",\"description\":\"Do\u011fru Haberin Adresi\",\"potentialAction\":[{\"@type\":\"SearchAction\",\"target\":{\"@type\":\"EntryPoint\",\"urlTemplate\":\"https:\\\/\\\/kuzeyinsesi.org\\\/?s={search_term_string}\"},\"query-input\":{\"@type\":\"PropertyValueSpecification\",\"valueRequired\":true,\"valueName\":\"search_term_string\"}}],\"inLanguage\":\"tr\"},{\"@type\":\"Person\",\"@id\":\"https:\\\/\\\/kuzeyinsesi.org\\\/#\\\/schema\\\/person\\\/9f859689cdf01485597712386e37f5aa\",\"name\":\"Kuzeyin Sesi\",\"image\":{\"@type\":\"ImageObject\",\"inLanguage\":\"tr\",\"@id\":\"https:\\\/\\\/secure.gravatar.com\\\/avatar\\\/bab33852abfd8b282518d6ed81826833d77c3c882d9ab608add591ccace47a44?s=96&d=mm&r=g\",\"url\":\"https:\\\/\\\/secure.gravatar.com\\\/avatar\\\/bab33852abfd8b282518d6ed81826833d77c3c882d9ab608add591ccace47a44?s=96&d=mm&r=g\",\"contentUrl\":\"https:\\\/\\\/secure.gravatar.com\\\/avatar\\\/bab33852abfd8b282518d6ed81826833d77c3c882d9ab608add591ccace47a44?s=96&d=mm&r=g\",\"caption\":\"Kuzeyin Sesi\"},\"sameAs\":[\"https:\\\/\\\/kuzeyinsesi.org\"],\"url\":\"https:\\\/\\\/kuzeyinsesi.org\\\/index.php\\\/author\\\/guven\\\/\"}]}<\/script>\n<!-- \/ Yoast SEO plugin. -->","yoast_head_json":{"title":"Inna Bandura\u2019n\u0131n \u201cDenge\u201d isimli sergisi Ercan Havaliman\u0131\u2019nda a\u00e7\u0131ld\u0131 - Kuzeyin Sesi","robots":{"index":"index","follow":"follow","max-snippet":"max-snippet:-1","max-image-preview":"max-image-preview:large","max-video-preview":"max-video-preview:-1"},"canonical":"https:\/\/kuzeyinsesi.org\/index.php\/2025\/02\/12\/inna-banduranin-denge-isimli-sergisi-ercan-havalimaninda-acildi\/","og_locale":"tr_TR","og_type":"article","og_title":"Inna Bandura\u2019n\u0131n \u201cDenge\u201d isimli sergisi Ercan Havaliman\u0131\u2019nda a\u00e7\u0131ld\u0131 - Kuzeyin Sesi","og_description":"Resimleri bir\u00e7ok \u00fclkede sergilenen ve son olarak kat\u0131ld\u0131\u011f\u0131 \u201cLondon Time Talent 2024\u201d yar\u0131\u015fmas\u0131nda grafik sanatlarda birincilik \u00f6d\u00fcl\u00fc alan Inna Bandura\u2019\u0131n 9 tuvalden olu\u015fan \u201cDenge\u201d isimli sergisi Ercan Havaliman\u0131\u2019nda a\u00e7\u0131ld\u0131. T&amp;T Havaliman\u0131 \u0130\u015fletmecili\u011fi taraf\u0131ndan d\u00fczenlenen Inna Bandura\u2019n\u0131n sergisi\u00a0Giden Yolcu b\u00f6l\u00fcm\u00fc pasaport sonras\u0131nda yer al\u0131yor. Inna Bandura, resim \u00e7izmeye 15 ya\u015f\u0131nda ba\u015flad\u0131 ve 10 y\u0131l\u0131 a\u015fk\u0131n bir [&hellip;]","og_url":"https:\/\/kuzeyinsesi.org\/index.php\/2025\/02\/12\/inna-banduranin-denge-isimli-sergisi-ercan-havalimaninda-acildi\/","og_site_name":"Kuzeyin Sesi","article_publisher":"https:\/\/www.facebook.com\/kuzeyinsesii","article_published_time":"2025-02-12T12:41:31+00:00","og_image":[{"url":"https:\/\/brtk.net\/wp-content\/uploads\/2025\/02\/12\/ERCAN-SERGI2.jpg?ver=d83482a8995c16a8cd6a3ff75addffb0","type":"","width":"","height":""}],"author":"Kuzeyin Sesi","twitter_card":"summary_large_image","twitter_creator":"@kuzeyinsesii","twitter_site":"@kuzeyinsesii","twitter_misc":{"Yazan:":"Kuzeyin Sesi","Tahmini okuma s\u00fcresi":"1 dakika"},"schema":{"@context":"https:\/\/schema.org","@graph":[{"@type":"Article","@id":"https:\/\/kuzeyinsesi.org\/index.php\/2025\/02\/12\/inna-banduranin-denge-isimli-sergisi-ercan-havalimaninda-acildi\/#article","isPartOf":{"@id":"https:\/\/kuzeyinsesi.org\/index.php\/2025\/02\/12\/inna-banduranin-denge-isimli-sergisi-ercan-havalimaninda-acildi\/"},"author":{"name":"Kuzeyin Sesi","@id":"https:\/\/kuzeyinsesi.org\/#\/schema\/person\/9f859689cdf01485597712386e37f5aa"},"headline":"Inna Bandura\u2019n\u0131n \u201cDenge\u201d isimli sergisi Ercan Havaliman\u0131\u2019nda a\u00e7\u0131ld\u0131","datePublished":"2025-02-12T12:41:31+00:00","mainEntityOfPage":{"@id":"https:\/\/kuzeyinsesi.org\/index.php\/2025\/02\/12\/inna-banduranin-denge-isimli-sergisi-ercan-havalimaninda-acildi\/"},"wordCount":199,"commentCount":0,"image":{"@id":"https:\/\/kuzeyinsesi.org\/index.php\/2025\/02\/12\/inna-banduranin-denge-isimli-sergisi-ercan-havalimaninda-acildi\/#primaryimage"},"thumbnailUrl":"https:\/\/kuzeyinsesi.org\/wp-content\/uploads\/2025\/02\/ERCAN-SERGI2.jpg","articleSection":["Ya\u015fam"],"inLanguage":"tr","potentialAction":[{"@type":"CommentAction","name":"Comment","target":["https:\/\/kuzeyinsesi.org\/index.php\/2025\/02\/12\/inna-banduranin-denge-isimli-sergisi-ercan-havalimaninda-acildi\/#respond"]}]},{"@type":"WebPage","@id":"https:\/\/kuzeyinsesi.org\/index.php\/2025\/02\/12\/inna-banduranin-denge-isimli-sergisi-ercan-havalimaninda-acildi\/","url":"https:\/\/kuzeyinsesi.org\/index.php\/2025\/02\/12\/inna-banduranin-denge-isimli-sergisi-ercan-havalimaninda-acildi\/","name":"Inna Bandura\u2019n\u0131n \u201cDenge\u201d isimli sergisi Ercan Havaliman\u0131\u2019nda a\u00e7\u0131ld\u0131 - Kuzeyin Sesi","isPartOf":{"@id":"https:\/\/kuzeyinsesi.org\/#website"},"primaryImageOfPage":{"@id":"https:\/\/kuzeyinsesi.org\/index.php\/2025\/02\/12\/inna-banduranin-denge-isimli-sergisi-ercan-havalimaninda-acildi\/#primaryimage"},"image":{"@id":"https:\/\/kuzeyinsesi.org\/index.php\/2025\/02\/12\/inna-banduranin-denge-isimli-sergisi-ercan-havalimaninda-acildi\/#primaryimage"},"thumbnailUrl":"https:\/\/kuzeyinsesi.org\/wp-content\/uploads\/2025\/02\/ERCAN-SERGI2.jpg","datePublished":"2025-02-12T12:41:31+00:00","author":{"@id":"https:\/\/kuzeyinsesi.org\/#\/schema\/person\/9f859689cdf01485597712386e37f5aa"},"breadcrumb":{"@id":"https:\/\/kuzeyinsesi.org\/index.php\/2025\/02\/12\/inna-banduranin-denge-isimli-sergisi-ercan-havalimaninda-acildi\/#breadcrumb"},"inLanguage":"tr","potentialAction":[{"@type":"ReadAction","target":["https:\/\/kuzeyinsesi.org\/index.php\/2025\/02\/12\/inna-banduranin-denge-isimli-sergisi-ercan-havalimaninda-acildi\/"]}]},{"@type":"ImageObject","inLanguage":"tr","@id":"https:\/\/kuzeyinsesi.org\/index.php\/2025\/02\/12\/inna-banduranin-denge-isimli-sergisi-ercan-havalimaninda-acildi\/#primaryimage","url":"https:\/\/kuzeyinsesi.org\/wp-content\/uploads\/2025\/02\/ERCAN-SERGI2.jpg","contentUrl":"https:\/\/kuzeyinsesi.org\/wp-content\/uploads\/2025\/02\/ERCAN-SERGI2.jpg","width":925,"height":465},{"@type":"BreadcrumbList","@id":"https:\/\/kuzeyinsesi.org\/index.php\/2025\/02\/12\/inna-banduranin-denge-isimli-sergisi-ercan-havalimaninda-acildi\/#breadcrumb","itemListElement":[{"@type":"ListItem","position":1,"name":"Anasayfa","item":"https:\/\/kuzeyinsesi.org\/"},{"@type":"ListItem","position":2,"name":"Inna Bandura\u2019n\u0131n \u201cDenge\u201d isimli sergisi Ercan Havaliman\u0131\u2019nda a\u00e7\u0131ld\u0131"}]},{"@type":"WebSite","@id":"https:\/\/kuzeyinsesi.org\/#website","url":"https:\/\/kuzeyinsesi.org\/","name":"Kuzeyin Sesi","description":"Do\u011fru Haberin Adresi","potentialAction":[{"@type":"SearchAction","target":{"@type":"EntryPoint","urlTemplate":"https:\/\/kuzeyinsesi.org\/?s={search_term_string}"},"query-input":{"@type":"PropertyValueSpecification","valueRequired":true,"valueName":"search_term_string"}}],"inLanguage":"tr"},{"@type":"Person","@id":"https:\/\/kuzeyinsesi.org\/#\/schema\/person\/9f859689cdf01485597712386e37f5aa","name":"Kuzeyin Sesi","image":{"@type":"ImageObject","inLanguage":"tr","@id":"https:\/\/secure.gravatar.com\/avatar\/bab33852abfd8b282518d6ed81826833d77c3c882d9ab608add591ccace47a44?s=96&d=mm&r=g","url":"https:\/\/secure.gravatar.com\/avatar\/bab33852abfd8b282518d6ed81826833d77c3c882d9ab608add591ccace47a44?s=96&d=mm&r=g","contentUrl":"https:\/\/secure.gravatar.com\/avatar\/bab33852abfd8b282518d6ed81826833d77c3c882d9ab608add591ccace47a44?s=96&d=mm&r=g","caption":"Kuzeyin Sesi"},"sameAs":["https:\/\/kuzeyinsesi.org"],"url":"https:\/\/kuzeyinsesi.org\/index.php\/author\/guven\/"}]}},"_links":{"self":[{"href":"https:\/\/kuzeyinsesi.org\/index.php\/wp-json\/wp\/v2\/posts\/18951","targetHints":{"allow":["GET"]}}],"collection":[{"href":"https:\/\/kuzeyinsesi.org\/index.php\/wp-json\/wp\/v2\/posts"}],"about":[{"href":"https:\/\/kuzeyinsesi.org\/index.php\/wp-json\/wp\/v2\/types\/post"}],"author":[{"embeddable":true,"href":"https:\/\/kuzeyinsesi.org\/index.php\/wp-json\/wp\/v2\/users\/1"}],"replies":[{"embeddable":true,"href":"https:\/\/kuzeyinsesi.org\/index.php\/wp-json\/wp\/v2\/comments?post=18951"}],"version-history":[{"count":0,"href":"https:\/\/kuzeyinsesi.org\/index.php\/wp-json\/wp\/v2\/posts\/18951\/revisions"}],"wp:featuredmedia":[{"embeddable":true,"href":"https:\/\/kuzeyinsesi.org\/index.php\/wp-json\/wp\/v2\/media\/18952"}],"wp:attachment":[{"href":"https:\/\/kuzeyinsesi.org\/index.php\/wp-json\/wp\/v2\/media?parent=18951"}],"wp:term":[{"taxonomy":"category","embeddable":true,"href":"https:\/\/kuzeyinsesi.org\/index.php\/wp-json\/wp\/v2\/categories?post=18951"},{"taxonomy":"post_tag","embeddable":true,"href":"https:\/\/kuzeyinsesi.org\/index.php\/wp-json\/wp\/v2\/tags?post=18951"}],"curies":[{"name":"wp","href":"https:\/\/api.w.org\/{rel}","templated":true}]}}