{"id":18946,"date":"2025-02-12T13:40:32","date_gmt":"2025-02-12T11:40:32","guid":{"rendered":"https:\/\/kuzeyinsesi.org\/index.php\/2025\/02\/12\/sirin-gazinin-kacis-fantazisi-isimli-sergisi-14-subatta-sona-eriyor\/"},"modified":"2025-02-12T13:40:32","modified_gmt":"2025-02-12T11:40:32","slug":"sirin-gazinin-kacis-fantazisi-isimli-sergisi-14-subatta-sona-eriyor","status":"publish","type":"post","link":"https:\/\/kuzeyinsesi.org\/index.php\/2025\/02\/12\/sirin-gazinin-kacis-fantazisi-isimli-sergisi-14-subatta-sona-eriyor\/","title":{"rendered":"\u015eirin Gazi\u2019nin Ka\u00e7\u0131\u015f Fantazisi isimli sergisi, 14 \u015eubat\u2019ta sona eriyor"},"content":{"rendered":"<div>\n<div class=\"mariselle-image-container none\">\n                                            <\/div>\n<p>\u015eirin Gazi\u2019nin,\u00a0Ba\u015fbakan Yard\u0131mc\u0131l\u0131\u011f\u0131 Turizm K\u00fclt\u00fcr Gen\u00e7lik ve \u00c7evre Bakanl\u0131\u011f\u0131\u2019na ba\u011fl\u0131 K\u00fclt\u00fcr Dairesi\u00a0himayelerinde, Girne Halk K\u00fct\u00fcphanesi\u2019nde sanatseverlerle bulu\u015fan sergisi 14 \u015eubat Cuma g\u00fcn\u00fc tamamlan\u0131yor.<\/p>\n<p>Ba\u015fbakan Yard\u0131mc\u0131l\u0131\u011f\u0131, Turizm, K\u00fclt\u00fcr, Gen\u00e7lik ve \u00c7evre Bakanl\u0131\u011f\u0131\u2019na ba\u011fl\u0131 K\u00fclt\u00fcr Dairesi taraf\u0131ndan yap\u0131lan a\u00e7\u0131klamada, \u015eirin Gazi\u2019nin Ka\u00e7\u0131\u015f Fantazisi adl\u0131 sergisinin mesai saatleri i\u00e7erisinde ziyaret edilebilece\u011fi belirtildi.<\/p>\n<p>Sergide sanat\u00e7\u0131n\u0131n ka\u00e7\u0131\u015f psikolojisinden etkilenerek suluboya ile \u00e7al\u0131\u015ft\u0131\u011f\u0131 resimlerinin sanatseverlerin izlenimine sunuldu\u011fu kaydedilen a\u00e7\u0131klamaya g\u00f6re,\u00a0\u015eirin Gazi, resimlerinin temas\u0131 hakk\u0131nda \u201cGitmekle kalmak aras\u0131ndaki s\u0131k\u0131\u015fm\u0131\u015fl\u0131k ile kad\u0131n oldu\u011fum i\u00e7in ya\u015fad\u0131\u011f\u0131m engellenmi\u015fli\u011fi anlatmaya \u00e7al\u0131\u015ft\u0131m\u201d ifadelerini kulland\u0131.\u00a0\u00a0<\/p>\n<p>\u00c7al\u0131\u015fmalar\u0131n\u0131 yaparken suda a\u00e7\u0131larak geni\u015fleyen yap\u0131s\u0131 nedeniyle kal\u0131plar\u0131n d\u0131\u015f\u0131na ta\u015fan, itaat etmeyen bir materyal olarak tan\u0131mlad\u0131\u011f\u0131 suluboyay\u0131 tercih etti\u011fini bildiren Gazi, \u00e7al\u0131\u015fmalar\u0131n\u0131 suyun hareketine g\u00f6re \u015fekil vererek olu\u015fturdu\u011funu da belirtti.<\/p>\n<p><strong>\u2013 Zaima\u011fao\u011flu: \u201cOktay \u00d6ks\u00fczo\u011flu\u2019nun sergisi 25 \u015eubat\u2019ta a\u00e7\u0131lacak\u201d<\/strong><\/p>\n<p>K\u00fclt\u00fcr Dairesi M\u00fcd\u00fcr\u00fc \u015eirin Zaima\u011fao\u011flu da t\u00fcm sanatseverleri, \u015eirin Gazi\u2019nin 14 \u015eubat Cuma g\u00fcn\u00fc tamamlanacak olan sergisini izlemeye davet ederek, K\u00fclt\u00fcr Dairesi b\u00fcnyesinde faaliyet g\u00f6steren Girne Halk K\u00fct\u00fcphanesi\u2019ndeki sergilerle ilgili bilgi verdi.<\/p>\n<p>Zaima\u011fao\u011flu, K\u00fclt\u00fcr Dairesi olarak gerek Lefko\u015fa\u2019da a\u00e7\u0131lm\u0131\u015f olan gerekse de ilk kez Girne\u2019de a\u00e7\u0131lan bir\u00e7ok sergiye Girne Halk K\u00fct\u00fcphanesi\u2019nde ev sahipli\u011fi yapt\u0131klar\u0131n\u0131 belirtti.<\/p>\n<p>Zaima\u011fao\u011flu, sanat\u00e7\u0131lar\u0131n i\u00e7 d\u00fcnyalar\u0131n\u0131n sesi olarak nitelendirdi\u011fi sanatsal \u00e7al\u0131\u015fmalar\u0131, \u00fclke i\u00e7indeki t\u00fcm sanatseverlere ula\u015ft\u0131rmak hedefiyle K\u00fclt\u00fcr Dairesi himayelerinde Lefko\u015fa, Ma\u011fusa, Girne ve Lefke\u2019de bir\u00e7ok sergiye ev sahipli\u011fi yapt\u0131klar\u0131n\u0131 da vurgulad\u0131. \u00a0<\/p>\n<p>A\u00e7\u0131klamada, Zaima\u011fao\u011flu, \u015eirin Gazi\u2019nin sergisinin ard\u0131ndan 25 \u015eubat Sal\u0131 g\u00fcn\u00fc Girne Halk K\u00fct\u00fcphanesi\u2019nde Oktay \u00d6ks\u00fczo\u011flu\u2019nun sergisinin a\u00e7\u0131laca\u011f\u0131 bilgisini de duyurdu.<\/p>\n<p>TAK\/BRT<\/p>\n<\/p><\/div>\n<p><script async\n                    defer\n                    crossorigin=\"anonymous\"\n                    src=\"https:\/\/connect.facebook.net\/tr_TR\/sdk.js#xfbml=1&#038;version=v3.3\"\n            ><\/script><\/p>\n","protected":false},"excerpt":{"rendered":"<p>\u015eirin Gazi\u2019nin,\u00a0Ba\u015fbakan Yard\u0131mc\u0131l\u0131\u011f\u0131 Turizm K\u00fclt\u00fcr Gen\u00e7lik ve \u00c7evre Bakanl\u0131\u011f\u0131\u2019na ba\u011fl\u0131 K\u00fclt\u00fcr Dairesi\u00a0himayelerinde, Girne Halk K\u00fct\u00fcphanesi\u2019nde sanatseverlerle bulu\u015fan sergisi 14 \u015eubat Cuma g\u00fcn\u00fc tamamlan\u0131yor. Ba\u015fbakan Yard\u0131mc\u0131l\u0131\u011f\u0131, Turizm, K\u00fclt\u00fcr, Gen\u00e7lik ve \u00c7evre Bakanl\u0131\u011f\u0131\u2019na ba\u011fl\u0131 K\u00fclt\u00fcr Dairesi taraf\u0131ndan yap\u0131lan a\u00e7\u0131klamada, \u015eirin Gazi\u2019nin Ka\u00e7\u0131\u015f Fantazisi adl\u0131 sergisinin mesai saatleri i\u00e7erisinde ziyaret edilebilece\u011fi belirtildi. Sergide sanat\u00e7\u0131n\u0131n ka\u00e7\u0131\u015f psikolojisinden etkilenerek suluboya [&hellip;]<\/p>\n","protected":false},"author":1,"featured_media":18947,"comment_status":"open","ping_status":"open","sticky":false,"template":"","format":"standard","meta":{"jnews-multi-image_gallery":[],"jnews_single_post":[],"jnews_primary_category":[],"jnews_social_meta":[],"jnews_override_counter":[],"footnotes":""},"categories":[6],"tags":[],"class_list":["post-18946","post","type-post","status-publish","format-standard","has-post-thumbnail","hentry","category-yasam"],"yoast_head":"<!-- This site is optimized with the Yoast SEO plugin v27.4 - https:\/\/yoast.com\/product\/yoast-seo-wordpress\/ -->\n<title>\u015eirin Gazi\u2019nin Ka\u00e7\u0131\u015f Fantazisi isimli sergisi, 14 \u015eubat\u2019ta sona eriyor - Kuzeyin Sesi<\/title>\n<meta name=\"robots\" content=\"index, follow, max-snippet:-1, max-image-preview:large, max-video-preview:-1\" \/>\n<link rel=\"canonical\" href=\"https:\/\/kuzeyinsesi.org\/index.php\/2025\/02\/12\/sirin-gazinin-kacis-fantazisi-isimli-sergisi-14-subatta-sona-eriyor\/\" \/>\n<meta property=\"og:locale\" content=\"tr_TR\" \/>\n<meta property=\"og:type\" content=\"article\" \/>\n<meta property=\"og:title\" content=\"\u015eirin Gazi\u2019nin Ka\u00e7\u0131\u015f Fantazisi isimli sergisi, 14 \u015eubat\u2019ta sona eriyor - Kuzeyin Sesi\" \/>\n<meta property=\"og:description\" content=\"\u015eirin Gazi\u2019nin,\u00a0Ba\u015fbakan Yard\u0131mc\u0131l\u0131\u011f\u0131 Turizm K\u00fclt\u00fcr Gen\u00e7lik ve \u00c7evre Bakanl\u0131\u011f\u0131\u2019na ba\u011fl\u0131 K\u00fclt\u00fcr Dairesi\u00a0himayelerinde, Girne Halk K\u00fct\u00fcphanesi\u2019nde sanatseverlerle bulu\u015fan sergisi 14 \u015eubat Cuma g\u00fcn\u00fc tamamlan\u0131yor. Ba\u015fbakan Yard\u0131mc\u0131l\u0131\u011f\u0131, Turizm, K\u00fclt\u00fcr, Gen\u00e7lik ve \u00c7evre Bakanl\u0131\u011f\u0131\u2019na ba\u011fl\u0131 K\u00fclt\u00fcr Dairesi taraf\u0131ndan yap\u0131lan a\u00e7\u0131klamada, \u015eirin Gazi\u2019nin Ka\u00e7\u0131\u015f Fantazisi adl\u0131 sergisinin mesai saatleri i\u00e7erisinde ziyaret edilebilece\u011fi belirtildi. Sergide sanat\u00e7\u0131n\u0131n ka\u00e7\u0131\u015f psikolojisinden etkilenerek suluboya [&hellip;]\" \/>\n<meta property=\"og:url\" content=\"https:\/\/kuzeyinsesi.org\/index.php\/2025\/02\/12\/sirin-gazinin-kacis-fantazisi-isimli-sergisi-14-subatta-sona-eriyor\/\" \/>\n<meta property=\"og:site_name\" content=\"Kuzeyin Sesi\" \/>\n<meta property=\"article:publisher\" content=\"https:\/\/www.facebook.com\/kuzeyinsesii\" \/>\n<meta property=\"article:published_time\" content=\"2025-02-12T11:40:32+00:00\" \/>\n<meta property=\"og:image\" content=\"https:\/\/brtk.net\/wp-content\/uploads\/2025\/02\/12\/1739354212947SIRIN-GAZI-SERGI1.jpg?ver=e072adf72c5782d6affc9b1e18b2913b\" \/>\n<meta name=\"author\" content=\"Kuzeyin Sesi\" \/>\n<meta name=\"twitter:card\" content=\"summary_large_image\" \/>\n<meta name=\"twitter:creator\" content=\"@kuzeyinsesii\" \/>\n<meta name=\"twitter:site\" content=\"@kuzeyinsesii\" \/>\n<meta name=\"twitter:label1\" content=\"Yazan:\" \/>\n\t<meta name=\"twitter:data1\" content=\"Kuzeyin Sesi\" \/>\n\t<meta name=\"twitter:label2\" content=\"Tahmini okuma s\u00fcresi\" \/>\n\t<meta name=\"twitter:data2\" content=\"2 dakika\" \/>\n<script type=\"application\/ld+json\" class=\"yoast-schema-graph\">{\"@context\":\"https:\\\/\\\/schema.org\",\"@graph\":[{\"@type\":\"Article\",\"@id\":\"https:\\\/\\\/kuzeyinsesi.org\\\/index.php\\\/2025\\\/02\\\/12\\\/sirin-gazinin-kacis-fantazisi-isimli-sergisi-14-subatta-sona-eriyor\\\/#article\",\"isPartOf\":{\"@id\":\"https:\\\/\\\/kuzeyinsesi.org\\\/index.php\\\/2025\\\/02\\\/12\\\/sirin-gazinin-kacis-fantazisi-isimli-sergisi-14-subatta-sona-eriyor\\\/\"},\"author\":{\"name\":\"Kuzeyin Sesi\",\"@id\":\"https:\\\/\\\/kuzeyinsesi.org\\\/#\\\/schema\\\/person\\\/9f859689cdf01485597712386e37f5aa\"},\"headline\":\"\u015eirin Gazi\u2019nin Ka\u00e7\u0131\u015f Fantazisi isimli sergisi, 14 \u015eubat\u2019ta sona eriyor\",\"datePublished\":\"2025-02-12T11:40:32+00:00\",\"mainEntityOfPage\":{\"@id\":\"https:\\\/\\\/kuzeyinsesi.org\\\/index.php\\\/2025\\\/02\\\/12\\\/sirin-gazinin-kacis-fantazisi-isimli-sergisi-14-subatta-sona-eriyor\\\/\"},\"wordCount\":380,\"commentCount\":0,\"image\":{\"@id\":\"https:\\\/\\\/kuzeyinsesi.org\\\/index.php\\\/2025\\\/02\\\/12\\\/sirin-gazinin-kacis-fantazisi-isimli-sergisi-14-subatta-sona-eriyor\\\/#primaryimage\"},\"thumbnailUrl\":\"https:\\\/\\\/kuzeyinsesi.org\\\/wp-content\\\/uploads\\\/2025\\\/02\\\/1739354212947SIRIN-GAZI-SERGI1.jpg\",\"articleSection\":[\"Ya\u015fam\"],\"inLanguage\":\"tr\",\"potentialAction\":[{\"@type\":\"CommentAction\",\"name\":\"Comment\",\"target\":[\"https:\\\/\\\/kuzeyinsesi.org\\\/index.php\\\/2025\\\/02\\\/12\\\/sirin-gazinin-kacis-fantazisi-isimli-sergisi-14-subatta-sona-eriyor\\\/#respond\"]}]},{\"@type\":\"WebPage\",\"@id\":\"https:\\\/\\\/kuzeyinsesi.org\\\/index.php\\\/2025\\\/02\\\/12\\\/sirin-gazinin-kacis-fantazisi-isimli-sergisi-14-subatta-sona-eriyor\\\/\",\"url\":\"https:\\\/\\\/kuzeyinsesi.org\\\/index.php\\\/2025\\\/02\\\/12\\\/sirin-gazinin-kacis-fantazisi-isimli-sergisi-14-subatta-sona-eriyor\\\/\",\"name\":\"\u015eirin Gazi\u2019nin Ka\u00e7\u0131\u015f Fantazisi isimli sergisi, 14 \u015eubat\u2019ta sona eriyor - Kuzeyin Sesi\",\"isPartOf\":{\"@id\":\"https:\\\/\\\/kuzeyinsesi.org\\\/#website\"},\"primaryImageOfPage\":{\"@id\":\"https:\\\/\\\/kuzeyinsesi.org\\\/index.php\\\/2025\\\/02\\\/12\\\/sirin-gazinin-kacis-fantazisi-isimli-sergisi-14-subatta-sona-eriyor\\\/#primaryimage\"},\"image\":{\"@id\":\"https:\\\/\\\/kuzeyinsesi.org\\\/index.php\\\/2025\\\/02\\\/12\\\/sirin-gazinin-kacis-fantazisi-isimli-sergisi-14-subatta-sona-eriyor\\\/#primaryimage\"},\"thumbnailUrl\":\"https:\\\/\\\/kuzeyinsesi.org\\\/wp-content\\\/uploads\\\/2025\\\/02\\\/1739354212947SIRIN-GAZI-SERGI1.jpg\",\"datePublished\":\"2025-02-12T11:40:32+00:00\",\"author\":{\"@id\":\"https:\\\/\\\/kuzeyinsesi.org\\\/#\\\/schema\\\/person\\\/9f859689cdf01485597712386e37f5aa\"},\"breadcrumb\":{\"@id\":\"https:\\\/\\\/kuzeyinsesi.org\\\/index.php\\\/2025\\\/02\\\/12\\\/sirin-gazinin-kacis-fantazisi-isimli-sergisi-14-subatta-sona-eriyor\\\/#breadcrumb\"},\"inLanguage\":\"tr\",\"potentialAction\":[{\"@type\":\"ReadAction\",\"target\":[\"https:\\\/\\\/kuzeyinsesi.org\\\/index.php\\\/2025\\\/02\\\/12\\\/sirin-gazinin-kacis-fantazisi-isimli-sergisi-14-subatta-sona-eriyor\\\/\"]}]},{\"@type\":\"ImageObject\",\"inLanguage\":\"tr\",\"@id\":\"https:\\\/\\\/kuzeyinsesi.org\\\/index.php\\\/2025\\\/02\\\/12\\\/sirin-gazinin-kacis-fantazisi-isimli-sergisi-14-subatta-sona-eriyor\\\/#primaryimage\",\"url\":\"https:\\\/\\\/kuzeyinsesi.org\\\/wp-content\\\/uploads\\\/2025\\\/02\\\/1739354212947SIRIN-GAZI-SERGI1.jpg\",\"contentUrl\":\"https:\\\/\\\/kuzeyinsesi.org\\\/wp-content\\\/uploads\\\/2025\\\/02\\\/1739354212947SIRIN-GAZI-SERGI1.jpg\",\"width\":930,\"height\":410},{\"@type\":\"BreadcrumbList\",\"@id\":\"https:\\\/\\\/kuzeyinsesi.org\\\/index.php\\\/2025\\\/02\\\/12\\\/sirin-gazinin-kacis-fantazisi-isimli-sergisi-14-subatta-sona-eriyor\\\/#breadcrumb\",\"itemListElement\":[{\"@type\":\"ListItem\",\"position\":1,\"name\":\"Anasayfa\",\"item\":\"https:\\\/\\\/kuzeyinsesi.org\\\/\"},{\"@type\":\"ListItem\",\"position\":2,\"name\":\"\u015eirin Gazi\u2019nin Ka\u00e7\u0131\u015f Fantazisi isimli sergisi, 14 \u015eubat\u2019ta sona eriyor\"}]},{\"@type\":\"WebSite\",\"@id\":\"https:\\\/\\\/kuzeyinsesi.org\\\/#website\",\"url\":\"https:\\\/\\\/kuzeyinsesi.org\\\/\",\"name\":\"Kuzeyin Sesi\",\"description\":\"Do\u011fru Haberin Adresi\",\"potentialAction\":[{\"@type\":\"SearchAction\",\"target\":{\"@type\":\"EntryPoint\",\"urlTemplate\":\"https:\\\/\\\/kuzeyinsesi.org\\\/?s={search_term_string}\"},\"query-input\":{\"@type\":\"PropertyValueSpecification\",\"valueRequired\":true,\"valueName\":\"search_term_string\"}}],\"inLanguage\":\"tr\"},{\"@type\":\"Person\",\"@id\":\"https:\\\/\\\/kuzeyinsesi.org\\\/#\\\/schema\\\/person\\\/9f859689cdf01485597712386e37f5aa\",\"name\":\"Kuzeyin Sesi\",\"image\":{\"@type\":\"ImageObject\",\"inLanguage\":\"tr\",\"@id\":\"https:\\\/\\\/secure.gravatar.com\\\/avatar\\\/bab33852abfd8b282518d6ed81826833d77c3c882d9ab608add591ccace47a44?s=96&d=mm&r=g\",\"url\":\"https:\\\/\\\/secure.gravatar.com\\\/avatar\\\/bab33852abfd8b282518d6ed81826833d77c3c882d9ab608add591ccace47a44?s=96&d=mm&r=g\",\"contentUrl\":\"https:\\\/\\\/secure.gravatar.com\\\/avatar\\\/bab33852abfd8b282518d6ed81826833d77c3c882d9ab608add591ccace47a44?s=96&d=mm&r=g\",\"caption\":\"Kuzeyin Sesi\"},\"sameAs\":[\"https:\\\/\\\/kuzeyinsesi.org\"],\"url\":\"https:\\\/\\\/kuzeyinsesi.org\\\/index.php\\\/author\\\/guven\\\/\"}]}<\/script>\n<!-- \/ Yoast SEO plugin. -->","yoast_head_json":{"title":"\u015eirin Gazi\u2019nin Ka\u00e7\u0131\u015f Fantazisi isimli sergisi, 14 \u015eubat\u2019ta sona eriyor - Kuzeyin Sesi","robots":{"index":"index","follow":"follow","max-snippet":"max-snippet:-1","max-image-preview":"max-image-preview:large","max-video-preview":"max-video-preview:-1"},"canonical":"https:\/\/kuzeyinsesi.org\/index.php\/2025\/02\/12\/sirin-gazinin-kacis-fantazisi-isimli-sergisi-14-subatta-sona-eriyor\/","og_locale":"tr_TR","og_type":"article","og_title":"\u015eirin Gazi\u2019nin Ka\u00e7\u0131\u015f Fantazisi isimli sergisi, 14 \u015eubat\u2019ta sona eriyor - Kuzeyin Sesi","og_description":"\u015eirin Gazi\u2019nin,\u00a0Ba\u015fbakan Yard\u0131mc\u0131l\u0131\u011f\u0131 Turizm K\u00fclt\u00fcr Gen\u00e7lik ve \u00c7evre Bakanl\u0131\u011f\u0131\u2019na ba\u011fl\u0131 K\u00fclt\u00fcr Dairesi\u00a0himayelerinde, Girne Halk K\u00fct\u00fcphanesi\u2019nde sanatseverlerle bulu\u015fan sergisi 14 \u015eubat Cuma g\u00fcn\u00fc tamamlan\u0131yor. Ba\u015fbakan Yard\u0131mc\u0131l\u0131\u011f\u0131, Turizm, K\u00fclt\u00fcr, Gen\u00e7lik ve \u00c7evre Bakanl\u0131\u011f\u0131\u2019na ba\u011fl\u0131 K\u00fclt\u00fcr Dairesi taraf\u0131ndan yap\u0131lan a\u00e7\u0131klamada, \u015eirin Gazi\u2019nin Ka\u00e7\u0131\u015f Fantazisi adl\u0131 sergisinin mesai saatleri i\u00e7erisinde ziyaret edilebilece\u011fi belirtildi. Sergide sanat\u00e7\u0131n\u0131n ka\u00e7\u0131\u015f psikolojisinden etkilenerek suluboya [&hellip;]","og_url":"https:\/\/kuzeyinsesi.org\/index.php\/2025\/02\/12\/sirin-gazinin-kacis-fantazisi-isimli-sergisi-14-subatta-sona-eriyor\/","og_site_name":"Kuzeyin Sesi","article_publisher":"https:\/\/www.facebook.com\/kuzeyinsesii","article_published_time":"2025-02-12T11:40:32+00:00","og_image":[{"url":"https:\/\/brtk.net\/wp-content\/uploads\/2025\/02\/12\/1739354212947SIRIN-GAZI-SERGI1.jpg?ver=e072adf72c5782d6affc9b1e18b2913b","type":"","width":"","height":""}],"author":"Kuzeyin Sesi","twitter_card":"summary_large_image","twitter_creator":"@kuzeyinsesii","twitter_site":"@kuzeyinsesii","twitter_misc":{"Yazan:":"Kuzeyin Sesi","Tahmini okuma s\u00fcresi":"2 dakika"},"schema":{"@context":"https:\/\/schema.org","@graph":[{"@type":"Article","@id":"https:\/\/kuzeyinsesi.org\/index.php\/2025\/02\/12\/sirin-gazinin-kacis-fantazisi-isimli-sergisi-14-subatta-sona-eriyor\/#article","isPartOf":{"@id":"https:\/\/kuzeyinsesi.org\/index.php\/2025\/02\/12\/sirin-gazinin-kacis-fantazisi-isimli-sergisi-14-subatta-sona-eriyor\/"},"author":{"name":"Kuzeyin Sesi","@id":"https:\/\/kuzeyinsesi.org\/#\/schema\/person\/9f859689cdf01485597712386e37f5aa"},"headline":"\u015eirin Gazi\u2019nin Ka\u00e7\u0131\u015f Fantazisi isimli sergisi, 14 \u015eubat\u2019ta sona eriyor","datePublished":"2025-02-12T11:40:32+00:00","mainEntityOfPage":{"@id":"https:\/\/kuzeyinsesi.org\/index.php\/2025\/02\/12\/sirin-gazinin-kacis-fantazisi-isimli-sergisi-14-subatta-sona-eriyor\/"},"wordCount":380,"commentCount":0,"image":{"@id":"https:\/\/kuzeyinsesi.org\/index.php\/2025\/02\/12\/sirin-gazinin-kacis-fantazisi-isimli-sergisi-14-subatta-sona-eriyor\/#primaryimage"},"thumbnailUrl":"https:\/\/kuzeyinsesi.org\/wp-content\/uploads\/2025\/02\/1739354212947SIRIN-GAZI-SERGI1.jpg","articleSection":["Ya\u015fam"],"inLanguage":"tr","potentialAction":[{"@type":"CommentAction","name":"Comment","target":["https:\/\/kuzeyinsesi.org\/index.php\/2025\/02\/12\/sirin-gazinin-kacis-fantazisi-isimli-sergisi-14-subatta-sona-eriyor\/#respond"]}]},{"@type":"WebPage","@id":"https:\/\/kuzeyinsesi.org\/index.php\/2025\/02\/12\/sirin-gazinin-kacis-fantazisi-isimli-sergisi-14-subatta-sona-eriyor\/","url":"https:\/\/kuzeyinsesi.org\/index.php\/2025\/02\/12\/sirin-gazinin-kacis-fantazisi-isimli-sergisi-14-subatta-sona-eriyor\/","name":"\u015eirin Gazi\u2019nin Ka\u00e7\u0131\u015f Fantazisi isimli sergisi, 14 \u015eubat\u2019ta sona eriyor - Kuzeyin Sesi","isPartOf":{"@id":"https:\/\/kuzeyinsesi.org\/#website"},"primaryImageOfPage":{"@id":"https:\/\/kuzeyinsesi.org\/index.php\/2025\/02\/12\/sirin-gazinin-kacis-fantazisi-isimli-sergisi-14-subatta-sona-eriyor\/#primaryimage"},"image":{"@id":"https:\/\/kuzeyinsesi.org\/index.php\/2025\/02\/12\/sirin-gazinin-kacis-fantazisi-isimli-sergisi-14-subatta-sona-eriyor\/#primaryimage"},"thumbnailUrl":"https:\/\/kuzeyinsesi.org\/wp-content\/uploads\/2025\/02\/1739354212947SIRIN-GAZI-SERGI1.jpg","datePublished":"2025-02-12T11:40:32+00:00","author":{"@id":"https:\/\/kuzeyinsesi.org\/#\/schema\/person\/9f859689cdf01485597712386e37f5aa"},"breadcrumb":{"@id":"https:\/\/kuzeyinsesi.org\/index.php\/2025\/02\/12\/sirin-gazinin-kacis-fantazisi-isimli-sergisi-14-subatta-sona-eriyor\/#breadcrumb"},"inLanguage":"tr","potentialAction":[{"@type":"ReadAction","target":["https:\/\/kuzeyinsesi.org\/index.php\/2025\/02\/12\/sirin-gazinin-kacis-fantazisi-isimli-sergisi-14-subatta-sona-eriyor\/"]}]},{"@type":"ImageObject","inLanguage":"tr","@id":"https:\/\/kuzeyinsesi.org\/index.php\/2025\/02\/12\/sirin-gazinin-kacis-fantazisi-isimli-sergisi-14-subatta-sona-eriyor\/#primaryimage","url":"https:\/\/kuzeyinsesi.org\/wp-content\/uploads\/2025\/02\/1739354212947SIRIN-GAZI-SERGI1.jpg","contentUrl":"https:\/\/kuzeyinsesi.org\/wp-content\/uploads\/2025\/02\/1739354212947SIRIN-GAZI-SERGI1.jpg","width":930,"height":410},{"@type":"BreadcrumbList","@id":"https:\/\/kuzeyinsesi.org\/index.php\/2025\/02\/12\/sirin-gazinin-kacis-fantazisi-isimli-sergisi-14-subatta-sona-eriyor\/#breadcrumb","itemListElement":[{"@type":"ListItem","position":1,"name":"Anasayfa","item":"https:\/\/kuzeyinsesi.org\/"},{"@type":"ListItem","position":2,"name":"\u015eirin Gazi\u2019nin Ka\u00e7\u0131\u015f Fantazisi isimli sergisi, 14 \u015eubat\u2019ta sona eriyor"}]},{"@type":"WebSite","@id":"https:\/\/kuzeyinsesi.org\/#website","url":"https:\/\/kuzeyinsesi.org\/","name":"Kuzeyin Sesi","description":"Do\u011fru Haberin Adresi","potentialAction":[{"@type":"SearchAction","target":{"@type":"EntryPoint","urlTemplate":"https:\/\/kuzeyinsesi.org\/?s={search_term_string}"},"query-input":{"@type":"PropertyValueSpecification","valueRequired":true,"valueName":"search_term_string"}}],"inLanguage":"tr"},{"@type":"Person","@id":"https:\/\/kuzeyinsesi.org\/#\/schema\/person\/9f859689cdf01485597712386e37f5aa","name":"Kuzeyin Sesi","image":{"@type":"ImageObject","inLanguage":"tr","@id":"https:\/\/secure.gravatar.com\/avatar\/bab33852abfd8b282518d6ed81826833d77c3c882d9ab608add591ccace47a44?s=96&d=mm&r=g","url":"https:\/\/secure.gravatar.com\/avatar\/bab33852abfd8b282518d6ed81826833d77c3c882d9ab608add591ccace47a44?s=96&d=mm&r=g","contentUrl":"https:\/\/secure.gravatar.com\/avatar\/bab33852abfd8b282518d6ed81826833d77c3c882d9ab608add591ccace47a44?s=96&d=mm&r=g","caption":"Kuzeyin Sesi"},"sameAs":["https:\/\/kuzeyinsesi.org"],"url":"https:\/\/kuzeyinsesi.org\/index.php\/author\/guven\/"}]}},"_links":{"self":[{"href":"https:\/\/kuzeyinsesi.org\/index.php\/wp-json\/wp\/v2\/posts\/18946","targetHints":{"allow":["GET"]}}],"collection":[{"href":"https:\/\/kuzeyinsesi.org\/index.php\/wp-json\/wp\/v2\/posts"}],"about":[{"href":"https:\/\/kuzeyinsesi.org\/index.php\/wp-json\/wp\/v2\/types\/post"}],"author":[{"embeddable":true,"href":"https:\/\/kuzeyinsesi.org\/index.php\/wp-json\/wp\/v2\/users\/1"}],"replies":[{"embeddable":true,"href":"https:\/\/kuzeyinsesi.org\/index.php\/wp-json\/wp\/v2\/comments?post=18946"}],"version-history":[{"count":0,"href":"https:\/\/kuzeyinsesi.org\/index.php\/wp-json\/wp\/v2\/posts\/18946\/revisions"}],"wp:featuredmedia":[{"embeddable":true,"href":"https:\/\/kuzeyinsesi.org\/index.php\/wp-json\/wp\/v2\/media\/18947"}],"wp:attachment":[{"href":"https:\/\/kuzeyinsesi.org\/index.php\/wp-json\/wp\/v2\/media?parent=18946"}],"wp:term":[{"taxonomy":"category","embeddable":true,"href":"https:\/\/kuzeyinsesi.org\/index.php\/wp-json\/wp\/v2\/categories?post=18946"},{"taxonomy":"post_tag","embeddable":true,"href":"https:\/\/kuzeyinsesi.org\/index.php\/wp-json\/wp\/v2\/tags?post=18946"}],"curies":[{"name":"wp","href":"https:\/\/api.w.org\/{rel}","templated":true}]}}