{"id":18918,"date":"2025-02-11T19:07:33","date_gmt":"2025-02-11T17:07:33","guid":{"rendered":"https:\/\/kuzeyinsesi.org\/index.php\/2025\/02\/11\/ruya-taner-persembe-aksami-naci-talat-vakfinda-resital-verecek\/"},"modified":"2025-02-11T19:07:33","modified_gmt":"2025-02-11T17:07:33","slug":"ruya-taner-persembe-aksami-naci-talat-vakfinda-resital-verecek","status":"publish","type":"post","link":"https:\/\/kuzeyinsesi.org\/index.php\/2025\/02\/11\/ruya-taner-persembe-aksami-naci-talat-vakfinda-resital-verecek\/","title":{"rendered":"R\u00fcya Taner, per\u015fembe ak\u015fam\u0131 Naci Talat Vakf\u0131\u2019nda resital verecek"},"content":{"rendered":"<div>\n<div class=\"mariselle-image-container center\">\n                                            <\/div>\n<p>Konser piyanisti R\u00fcya Taner, per\u015fembe ak\u015fam\u0131 Lefko\u015fa\u2019daki Naci Talat Vakf\u0131\u2019nda piyano resitali verecek. <\/p>\n<p>Naci Talat Vakf\u0131\u2019ndan yap\u0131lan a\u00e7\u0131klamaya g\u00f6re, konser, saat 20.00\u2019de ba\u015flayacak. <\/p>\n<p>\u201cAsya\u2019n\u0131n Tatl\u0131 Sular\u0131\u201d adl\u0131 yeni projesi kapsam\u0131nda sahne alacak olan Taner, resitalde T\u00fcrkiye ve Asya ba\u015fta olmak \u00fczere farkl\u0131 b\u00f6lgelerin bestecilerinin eserlerini de \u00e7alacak.<\/p>\n<\/p><\/div>\n<p><script async\n                    defer\n                    crossorigin=\"anonymous\"\n                    src=\"https:\/\/connect.facebook.net\/tr_TR\/sdk.js#xfbml=1&#038;version=v3.3\"\n            ><\/script><\/p>\n","protected":false},"excerpt":{"rendered":"<p>Konser piyanisti R\u00fcya Taner, per\u015fembe ak\u015fam\u0131 Lefko\u015fa\u2019daki Naci Talat Vakf\u0131\u2019nda piyano resitali verecek. Naci Talat Vakf\u0131\u2019ndan yap\u0131lan a\u00e7\u0131klamaya g\u00f6re, konser, saat 20.00\u2019de ba\u015flayacak. \u201cAsya\u2019n\u0131n Tatl\u0131 Sular\u0131\u201d adl\u0131 yeni projesi kapsam\u0131nda sahne alacak olan Taner, resitalde T\u00fcrkiye ve Asya ba\u015fta olmak \u00fczere farkl\u0131 b\u00f6lgelerin bestecilerinin eserlerini de \u00e7alacak.<\/p>\n","protected":false},"author":1,"featured_media":18919,"comment_status":"open","ping_status":"open","sticky":false,"template":"","format":"standard","meta":{"jnews-multi-image_gallery":[],"jnews_single_post":[],"jnews_primary_category":[],"jnews_social_meta":[],"jnews_override_counter":[],"footnotes":""},"categories":[6],"tags":[],"class_list":["post-18918","post","type-post","status-publish","format-standard","has-post-thumbnail","hentry","category-yasam"],"yoast_head":"<!-- This site is optimized with the Yoast SEO plugin v27.4 - https:\/\/yoast.com\/product\/yoast-seo-wordpress\/ -->\n<title>R\u00fcya Taner, per\u015fembe ak\u015fam\u0131 Naci Talat Vakf\u0131\u2019nda resital verecek - Kuzeyin Sesi<\/title>\n<meta name=\"robots\" content=\"index, follow, max-snippet:-1, max-image-preview:large, max-video-preview:-1\" \/>\n<link rel=\"canonical\" href=\"https:\/\/kuzeyinsesi.org\/index.php\/2025\/02\/11\/ruya-taner-persembe-aksami-naci-talat-vakfinda-resital-verecek\/\" \/>\n<meta property=\"og:locale\" content=\"tr_TR\" \/>\n<meta property=\"og:type\" content=\"article\" \/>\n<meta property=\"og:title\" content=\"R\u00fcya Taner, per\u015fembe ak\u015fam\u0131 Naci Talat Vakf\u0131\u2019nda resital verecek - Kuzeyin Sesi\" \/>\n<meta property=\"og:description\" content=\"Konser piyanisti R\u00fcya Taner, per\u015fembe ak\u015fam\u0131 Lefko\u015fa\u2019daki Naci Talat Vakf\u0131\u2019nda piyano resitali verecek. Naci Talat Vakf\u0131\u2019ndan yap\u0131lan a\u00e7\u0131klamaya g\u00f6re, konser, saat 20.00\u2019de ba\u015flayacak. \u201cAsya\u2019n\u0131n Tatl\u0131 Sular\u0131\u201d adl\u0131 yeni projesi kapsam\u0131nda sahne alacak olan Taner, resitalde T\u00fcrkiye ve Asya ba\u015fta olmak \u00fczere farkl\u0131 b\u00f6lgelerin bestecilerinin eserlerini de \u00e7alacak.\" \/>\n<meta property=\"og:url\" content=\"https:\/\/kuzeyinsesi.org\/index.php\/2025\/02\/11\/ruya-taner-persembe-aksami-naci-talat-vakfinda-resital-verecek\/\" \/>\n<meta property=\"og:site_name\" content=\"Kuzeyin Sesi\" \/>\n<meta property=\"article:publisher\" content=\"https:\/\/www.facebook.com\/kuzeyinsesii\" \/>\n<meta property=\"article:published_time\" content=\"2025-02-11T17:07:33+00:00\" \/>\n<meta property=\"og:image\" content=\"https:\/\/brtk.net\/wp-content\/uploads\/2023\/11\/24\/ruya-taner-ve-kursat-basar-bakude-konser-verdibig.jpg?ver=07b81bb68eef2f341bcd6a082ac50aaa\" \/>\n<meta name=\"author\" content=\"Kuzeyin Sesi\" \/>\n<meta name=\"twitter:card\" content=\"summary_large_image\" \/>\n<meta name=\"twitter:creator\" content=\"@kuzeyinsesii\" \/>\n<meta name=\"twitter:site\" content=\"@kuzeyinsesii\" \/>\n<meta name=\"twitter:label1\" content=\"Yazan:\" \/>\n\t<meta name=\"twitter:data1\" content=\"Kuzeyin Sesi\" \/>\n<script type=\"application\/ld+json\" class=\"yoast-schema-graph\">{\"@context\":\"https:\\\/\\\/schema.org\",\"@graph\":[{\"@type\":\"Article\",\"@id\":\"https:\\\/\\\/kuzeyinsesi.org\\\/index.php\\\/2025\\\/02\\\/11\\\/ruya-taner-persembe-aksami-naci-talat-vakfinda-resital-verecek\\\/#article\",\"isPartOf\":{\"@id\":\"https:\\\/\\\/kuzeyinsesi.org\\\/index.php\\\/2025\\\/02\\\/11\\\/ruya-taner-persembe-aksami-naci-talat-vakfinda-resital-verecek\\\/\"},\"author\":{\"name\":\"Kuzeyin Sesi\",\"@id\":\"https:\\\/\\\/kuzeyinsesi.org\\\/#\\\/schema\\\/person\\\/9f859689cdf01485597712386e37f5aa\"},\"headline\":\"R\u00fcya Taner, per\u015fembe ak\u015fam\u0131 Naci Talat Vakf\u0131\u2019nda resital verecek\",\"datePublished\":\"2025-02-11T17:07:33+00:00\",\"mainEntityOfPage\":{\"@id\":\"https:\\\/\\\/kuzeyinsesi.org\\\/index.php\\\/2025\\\/02\\\/11\\\/ruya-taner-persembe-aksami-naci-talat-vakfinda-resital-verecek\\\/\"},\"wordCount\":77,\"commentCount\":0,\"image\":{\"@id\":\"https:\\\/\\\/kuzeyinsesi.org\\\/index.php\\\/2025\\\/02\\\/11\\\/ruya-taner-persembe-aksami-naci-talat-vakfinda-resital-verecek\\\/#primaryimage\"},\"thumbnailUrl\":\"https:\\\/\\\/kuzeyinsesi.org\\\/wp-content\\\/uploads\\\/2025\\\/02\\\/ruya-taner-ve-kursat-basar-bakude-konser-verdibig.jpg\",\"articleSection\":[\"Ya\u015fam\"],\"inLanguage\":\"tr\",\"potentialAction\":[{\"@type\":\"CommentAction\",\"name\":\"Comment\",\"target\":[\"https:\\\/\\\/kuzeyinsesi.org\\\/index.php\\\/2025\\\/02\\\/11\\\/ruya-taner-persembe-aksami-naci-talat-vakfinda-resital-verecek\\\/#respond\"]}]},{\"@type\":\"WebPage\",\"@id\":\"https:\\\/\\\/kuzeyinsesi.org\\\/index.php\\\/2025\\\/02\\\/11\\\/ruya-taner-persembe-aksami-naci-talat-vakfinda-resital-verecek\\\/\",\"url\":\"https:\\\/\\\/kuzeyinsesi.org\\\/index.php\\\/2025\\\/02\\\/11\\\/ruya-taner-persembe-aksami-naci-talat-vakfinda-resital-verecek\\\/\",\"name\":\"R\u00fcya Taner, per\u015fembe ak\u015fam\u0131 Naci Talat Vakf\u0131\u2019nda resital verecek - Kuzeyin Sesi\",\"isPartOf\":{\"@id\":\"https:\\\/\\\/kuzeyinsesi.org\\\/#website\"},\"primaryImageOfPage\":{\"@id\":\"https:\\\/\\\/kuzeyinsesi.org\\\/index.php\\\/2025\\\/02\\\/11\\\/ruya-taner-persembe-aksami-naci-talat-vakfinda-resital-verecek\\\/#primaryimage\"},\"image\":{\"@id\":\"https:\\\/\\\/kuzeyinsesi.org\\\/index.php\\\/2025\\\/02\\\/11\\\/ruya-taner-persembe-aksami-naci-talat-vakfinda-resital-verecek\\\/#primaryimage\"},\"thumbnailUrl\":\"https:\\\/\\\/kuzeyinsesi.org\\\/wp-content\\\/uploads\\\/2025\\\/02\\\/ruya-taner-ve-kursat-basar-bakude-konser-verdibig.jpg\",\"datePublished\":\"2025-02-11T17:07:33+00:00\",\"author\":{\"@id\":\"https:\\\/\\\/kuzeyinsesi.org\\\/#\\\/schema\\\/person\\\/9f859689cdf01485597712386e37f5aa\"},\"breadcrumb\":{\"@id\":\"https:\\\/\\\/kuzeyinsesi.org\\\/index.php\\\/2025\\\/02\\\/11\\\/ruya-taner-persembe-aksami-naci-talat-vakfinda-resital-verecek\\\/#breadcrumb\"},\"inLanguage\":\"tr\",\"potentialAction\":[{\"@type\":\"ReadAction\",\"target\":[\"https:\\\/\\\/kuzeyinsesi.org\\\/index.php\\\/2025\\\/02\\\/11\\\/ruya-taner-persembe-aksami-naci-talat-vakfinda-resital-verecek\\\/\"]}]},{\"@type\":\"ImageObject\",\"inLanguage\":\"tr\",\"@id\":\"https:\\\/\\\/kuzeyinsesi.org\\\/index.php\\\/2025\\\/02\\\/11\\\/ruya-taner-persembe-aksami-naci-talat-vakfinda-resital-verecek\\\/#primaryimage\",\"url\":\"https:\\\/\\\/kuzeyinsesi.org\\\/wp-content\\\/uploads\\\/2025\\\/02\\\/ruya-taner-ve-kursat-basar-bakude-konser-verdibig.jpg\",\"contentUrl\":\"https:\\\/\\\/kuzeyinsesi.org\\\/wp-content\\\/uploads\\\/2025\\\/02\\\/ruya-taner-ve-kursat-basar-bakude-konser-verdibig.jpg\",\"width\":702,\"height\":351},{\"@type\":\"BreadcrumbList\",\"@id\":\"https:\\\/\\\/kuzeyinsesi.org\\\/index.php\\\/2025\\\/02\\\/11\\\/ruya-taner-persembe-aksami-naci-talat-vakfinda-resital-verecek\\\/#breadcrumb\",\"itemListElement\":[{\"@type\":\"ListItem\",\"position\":1,\"name\":\"Anasayfa\",\"item\":\"https:\\\/\\\/kuzeyinsesi.org\\\/\"},{\"@type\":\"ListItem\",\"position\":2,\"name\":\"R\u00fcya Taner, per\u015fembe ak\u015fam\u0131 Naci Talat Vakf\u0131\u2019nda resital verecek\"}]},{\"@type\":\"WebSite\",\"@id\":\"https:\\\/\\\/kuzeyinsesi.org\\\/#website\",\"url\":\"https:\\\/\\\/kuzeyinsesi.org\\\/\",\"name\":\"Kuzeyin Sesi\",\"description\":\"Do\u011fru Haberin Adresi\",\"potentialAction\":[{\"@type\":\"SearchAction\",\"target\":{\"@type\":\"EntryPoint\",\"urlTemplate\":\"https:\\\/\\\/kuzeyinsesi.org\\\/?s={search_term_string}\"},\"query-input\":{\"@type\":\"PropertyValueSpecification\",\"valueRequired\":true,\"valueName\":\"search_term_string\"}}],\"inLanguage\":\"tr\"},{\"@type\":\"Person\",\"@id\":\"https:\\\/\\\/kuzeyinsesi.org\\\/#\\\/schema\\\/person\\\/9f859689cdf01485597712386e37f5aa\",\"name\":\"Kuzeyin Sesi\",\"image\":{\"@type\":\"ImageObject\",\"inLanguage\":\"tr\",\"@id\":\"https:\\\/\\\/secure.gravatar.com\\\/avatar\\\/bab33852abfd8b282518d6ed81826833d77c3c882d9ab608add591ccace47a44?s=96&d=mm&r=g\",\"url\":\"https:\\\/\\\/secure.gravatar.com\\\/avatar\\\/bab33852abfd8b282518d6ed81826833d77c3c882d9ab608add591ccace47a44?s=96&d=mm&r=g\",\"contentUrl\":\"https:\\\/\\\/secure.gravatar.com\\\/avatar\\\/bab33852abfd8b282518d6ed81826833d77c3c882d9ab608add591ccace47a44?s=96&d=mm&r=g\",\"caption\":\"Kuzeyin Sesi\"},\"sameAs\":[\"https:\\\/\\\/kuzeyinsesi.org\"],\"url\":\"https:\\\/\\\/kuzeyinsesi.org\\\/index.php\\\/author\\\/guven\\\/\"}]}<\/script>\n<!-- \/ Yoast SEO plugin. -->","yoast_head_json":{"title":"R\u00fcya Taner, per\u015fembe ak\u015fam\u0131 Naci Talat Vakf\u0131\u2019nda resital verecek - Kuzeyin Sesi","robots":{"index":"index","follow":"follow","max-snippet":"max-snippet:-1","max-image-preview":"max-image-preview:large","max-video-preview":"max-video-preview:-1"},"canonical":"https:\/\/kuzeyinsesi.org\/index.php\/2025\/02\/11\/ruya-taner-persembe-aksami-naci-talat-vakfinda-resital-verecek\/","og_locale":"tr_TR","og_type":"article","og_title":"R\u00fcya Taner, per\u015fembe ak\u015fam\u0131 Naci Talat Vakf\u0131\u2019nda resital verecek - Kuzeyin Sesi","og_description":"Konser piyanisti R\u00fcya Taner, per\u015fembe ak\u015fam\u0131 Lefko\u015fa\u2019daki Naci Talat Vakf\u0131\u2019nda piyano resitali verecek. Naci Talat Vakf\u0131\u2019ndan yap\u0131lan a\u00e7\u0131klamaya g\u00f6re, konser, saat 20.00\u2019de ba\u015flayacak. \u201cAsya\u2019n\u0131n Tatl\u0131 Sular\u0131\u201d adl\u0131 yeni projesi kapsam\u0131nda sahne alacak olan Taner, resitalde T\u00fcrkiye ve Asya ba\u015fta olmak \u00fczere farkl\u0131 b\u00f6lgelerin bestecilerinin eserlerini de \u00e7alacak.","og_url":"https:\/\/kuzeyinsesi.org\/index.php\/2025\/02\/11\/ruya-taner-persembe-aksami-naci-talat-vakfinda-resital-verecek\/","og_site_name":"Kuzeyin Sesi","article_publisher":"https:\/\/www.facebook.com\/kuzeyinsesii","article_published_time":"2025-02-11T17:07:33+00:00","og_image":[{"url":"https:\/\/brtk.net\/wp-content\/uploads\/2023\/11\/24\/ruya-taner-ve-kursat-basar-bakude-konser-verdibig.jpg?ver=07b81bb68eef2f341bcd6a082ac50aaa","type":"","width":"","height":""}],"author":"Kuzeyin Sesi","twitter_card":"summary_large_image","twitter_creator":"@kuzeyinsesii","twitter_site":"@kuzeyinsesii","twitter_misc":{"Yazan:":"Kuzeyin Sesi"},"schema":{"@context":"https:\/\/schema.org","@graph":[{"@type":"Article","@id":"https:\/\/kuzeyinsesi.org\/index.php\/2025\/02\/11\/ruya-taner-persembe-aksami-naci-talat-vakfinda-resital-verecek\/#article","isPartOf":{"@id":"https:\/\/kuzeyinsesi.org\/index.php\/2025\/02\/11\/ruya-taner-persembe-aksami-naci-talat-vakfinda-resital-verecek\/"},"author":{"name":"Kuzeyin Sesi","@id":"https:\/\/kuzeyinsesi.org\/#\/schema\/person\/9f859689cdf01485597712386e37f5aa"},"headline":"R\u00fcya Taner, per\u015fembe ak\u015fam\u0131 Naci Talat Vakf\u0131\u2019nda resital verecek","datePublished":"2025-02-11T17:07:33+00:00","mainEntityOfPage":{"@id":"https:\/\/kuzeyinsesi.org\/index.php\/2025\/02\/11\/ruya-taner-persembe-aksami-naci-talat-vakfinda-resital-verecek\/"},"wordCount":77,"commentCount":0,"image":{"@id":"https:\/\/kuzeyinsesi.org\/index.php\/2025\/02\/11\/ruya-taner-persembe-aksami-naci-talat-vakfinda-resital-verecek\/#primaryimage"},"thumbnailUrl":"https:\/\/kuzeyinsesi.org\/wp-content\/uploads\/2025\/02\/ruya-taner-ve-kursat-basar-bakude-konser-verdibig.jpg","articleSection":["Ya\u015fam"],"inLanguage":"tr","potentialAction":[{"@type":"CommentAction","name":"Comment","target":["https:\/\/kuzeyinsesi.org\/index.php\/2025\/02\/11\/ruya-taner-persembe-aksami-naci-talat-vakfinda-resital-verecek\/#respond"]}]},{"@type":"WebPage","@id":"https:\/\/kuzeyinsesi.org\/index.php\/2025\/02\/11\/ruya-taner-persembe-aksami-naci-talat-vakfinda-resital-verecek\/","url":"https:\/\/kuzeyinsesi.org\/index.php\/2025\/02\/11\/ruya-taner-persembe-aksami-naci-talat-vakfinda-resital-verecek\/","name":"R\u00fcya Taner, per\u015fembe ak\u015fam\u0131 Naci Talat Vakf\u0131\u2019nda resital verecek - Kuzeyin Sesi","isPartOf":{"@id":"https:\/\/kuzeyinsesi.org\/#website"},"primaryImageOfPage":{"@id":"https:\/\/kuzeyinsesi.org\/index.php\/2025\/02\/11\/ruya-taner-persembe-aksami-naci-talat-vakfinda-resital-verecek\/#primaryimage"},"image":{"@id":"https:\/\/kuzeyinsesi.org\/index.php\/2025\/02\/11\/ruya-taner-persembe-aksami-naci-talat-vakfinda-resital-verecek\/#primaryimage"},"thumbnailUrl":"https:\/\/kuzeyinsesi.org\/wp-content\/uploads\/2025\/02\/ruya-taner-ve-kursat-basar-bakude-konser-verdibig.jpg","datePublished":"2025-02-11T17:07:33+00:00","author":{"@id":"https:\/\/kuzeyinsesi.org\/#\/schema\/person\/9f859689cdf01485597712386e37f5aa"},"breadcrumb":{"@id":"https:\/\/kuzeyinsesi.org\/index.php\/2025\/02\/11\/ruya-taner-persembe-aksami-naci-talat-vakfinda-resital-verecek\/#breadcrumb"},"inLanguage":"tr","potentialAction":[{"@type":"ReadAction","target":["https:\/\/kuzeyinsesi.org\/index.php\/2025\/02\/11\/ruya-taner-persembe-aksami-naci-talat-vakfinda-resital-verecek\/"]}]},{"@type":"ImageObject","inLanguage":"tr","@id":"https:\/\/kuzeyinsesi.org\/index.php\/2025\/02\/11\/ruya-taner-persembe-aksami-naci-talat-vakfinda-resital-verecek\/#primaryimage","url":"https:\/\/kuzeyinsesi.org\/wp-content\/uploads\/2025\/02\/ruya-taner-ve-kursat-basar-bakude-konser-verdibig.jpg","contentUrl":"https:\/\/kuzeyinsesi.org\/wp-content\/uploads\/2025\/02\/ruya-taner-ve-kursat-basar-bakude-konser-verdibig.jpg","width":702,"height":351},{"@type":"BreadcrumbList","@id":"https:\/\/kuzeyinsesi.org\/index.php\/2025\/02\/11\/ruya-taner-persembe-aksami-naci-talat-vakfinda-resital-verecek\/#breadcrumb","itemListElement":[{"@type":"ListItem","position":1,"name":"Anasayfa","item":"https:\/\/kuzeyinsesi.org\/"},{"@type":"ListItem","position":2,"name":"R\u00fcya Taner, per\u015fembe ak\u015fam\u0131 Naci Talat Vakf\u0131\u2019nda resital verecek"}]},{"@type":"WebSite","@id":"https:\/\/kuzeyinsesi.org\/#website","url":"https:\/\/kuzeyinsesi.org\/","name":"Kuzeyin Sesi","description":"Do\u011fru Haberin Adresi","potentialAction":[{"@type":"SearchAction","target":{"@type":"EntryPoint","urlTemplate":"https:\/\/kuzeyinsesi.org\/?s={search_term_string}"},"query-input":{"@type":"PropertyValueSpecification","valueRequired":true,"valueName":"search_term_string"}}],"inLanguage":"tr"},{"@type":"Person","@id":"https:\/\/kuzeyinsesi.org\/#\/schema\/person\/9f859689cdf01485597712386e37f5aa","name":"Kuzeyin Sesi","image":{"@type":"ImageObject","inLanguage":"tr","@id":"https:\/\/secure.gravatar.com\/avatar\/bab33852abfd8b282518d6ed81826833d77c3c882d9ab608add591ccace47a44?s=96&d=mm&r=g","url":"https:\/\/secure.gravatar.com\/avatar\/bab33852abfd8b282518d6ed81826833d77c3c882d9ab608add591ccace47a44?s=96&d=mm&r=g","contentUrl":"https:\/\/secure.gravatar.com\/avatar\/bab33852abfd8b282518d6ed81826833d77c3c882d9ab608add591ccace47a44?s=96&d=mm&r=g","caption":"Kuzeyin Sesi"},"sameAs":["https:\/\/kuzeyinsesi.org"],"url":"https:\/\/kuzeyinsesi.org\/index.php\/author\/guven\/"}]}},"_links":{"self":[{"href":"https:\/\/kuzeyinsesi.org\/index.php\/wp-json\/wp\/v2\/posts\/18918","targetHints":{"allow":["GET"]}}],"collection":[{"href":"https:\/\/kuzeyinsesi.org\/index.php\/wp-json\/wp\/v2\/posts"}],"about":[{"href":"https:\/\/kuzeyinsesi.org\/index.php\/wp-json\/wp\/v2\/types\/post"}],"author":[{"embeddable":true,"href":"https:\/\/kuzeyinsesi.org\/index.php\/wp-json\/wp\/v2\/users\/1"}],"replies":[{"embeddable":true,"href":"https:\/\/kuzeyinsesi.org\/index.php\/wp-json\/wp\/v2\/comments?post=18918"}],"version-history":[{"count":0,"href":"https:\/\/kuzeyinsesi.org\/index.php\/wp-json\/wp\/v2\/posts\/18918\/revisions"}],"wp:featuredmedia":[{"embeddable":true,"href":"https:\/\/kuzeyinsesi.org\/index.php\/wp-json\/wp\/v2\/media\/18919"}],"wp:attachment":[{"href":"https:\/\/kuzeyinsesi.org\/index.php\/wp-json\/wp\/v2\/media?parent=18918"}],"wp:term":[{"taxonomy":"category","embeddable":true,"href":"https:\/\/kuzeyinsesi.org\/index.php\/wp-json\/wp\/v2\/categories?post=18918"},{"taxonomy":"post_tag","embeddable":true,"href":"https:\/\/kuzeyinsesi.org\/index.php\/wp-json\/wp\/v2\/tags?post=18918"}],"curies":[{"name":"wp","href":"https:\/\/api.w.org\/{rel}","templated":true}]}}