{"id":18914,"date":"2025-02-11T18:26:11","date_gmt":"2025-02-11T16:26:11","guid":{"rendered":"https:\/\/kuzeyinsesi.org\/index.php\/2025\/02\/11\/istanbulda-kar-yagisi-hayati-olumsuz-etkiledi-yarin-kentte-okullar-tatil-edildi\/"},"modified":"2025-02-11T18:26:11","modified_gmt":"2025-02-11T16:26:11","slug":"istanbulda-kar-yagisi-hayati-olumsuz-etkiledi-yarin-kentte-okullar-tatil-edildi","status":"publish","type":"post","link":"https:\/\/kuzeyinsesi.org\/index.php\/2025\/02\/11\/istanbulda-kar-yagisi-hayati-olumsuz-etkiledi-yarin-kentte-okullar-tatil-edildi\/","title":{"rendered":"\u0130stanbul\u2019da kar ya\u011f\u0131\u015f\u0131 hayat\u0131 olumsuz etkiledi\u2026 Yar\u0131n kentte okullar tatil edildi"},"content":{"rendered":"<div>\n<div class=\"mariselle-image-container center\">\n                                            <\/div>\n<p>\u0130stanbul\u2019da sabah saatlerinden itibaren etkili olan kar ya\u011f\u0131\u015f\u0131 hayat\u0131 olumsuz etkiledi, ula\u015f\u0131mda aksamalara neden oldu.<\/p>\n<p>Kar ya\u011f\u0131\u015f\u0131 nedeniyle yar\u0131n \u0130stanbul genelinde e\u011fitim-\u00f6\u011fretime bir g\u00fcn s\u00fcreyle ara verildi\u011fi a\u00e7\u0131kland\u0131.<\/p>\n<p>D\u00fcn ak\u015fam kentin y\u00fcksek kesimlerinde ba\u015flayan kar, sabah saatlerinden itibaren kent genelinde etkili oldu. Kar ya\u011f\u0131\u015f\u0131 ula\u015f\u0131mda aksamalara neden olurken, baz\u0131 b\u00f6lgelerde ara\u00e7lar yolda kald\u0131, kazalar meydana geldi.<\/p>\n<p>Avrupa Yakas\u0131\u2019nda \u00f6zellikle B\u00fcy\u00fck\u00e7ekmece, Beylikd\u00fcz\u00fc, Ba\u015fak\u015fehir, Avc\u0131lar, Arnavutk\u00f6y, Esenyurt, K\u00fc\u00e7\u00fck\u00e7ekmece ve Sultangazi\u2019de yollar karla kapland\u0131.<\/p>\n<p>Sabah saatlerinde i\u015flerine ve okullar\u0131na gitmek isteyenler, kar ya\u011f\u0131\u015f\u0131 nedeniyle olu\u015fan trafikte ara\u00e7lar\u0131yla g\u00fc\u00e7l\u00fckle ilerleyebildi.<\/p>\n<p>Arnavutk\u00f6y Merkez Mahallesi\u2019nde rampa \u00e7\u0131kmakta zorlanan ara\u00e7lar yolda mahsur kald\u0131. Osman Gazi Caddesi\u2019nde bir \u0130ETT otob\u00fcs\u00fc kar nedeniyle kayganla\u015fan yolda dura\u011fa kayarak yana\u015ft\u0131. Mustafa Kemal Pa\u015fa Mahallesi\u2019nde ise yoku\u015f a\u015fa\u011f\u0131 kayan otomobil, kald\u0131r\u0131mda y\u00fcr\u00fcyen ki\u015fiye \u00e7arpt\u0131.<\/p>\n<p>Esenyurt Piri Reis Mahallesi\u2019nde yoku\u015f \u00e7\u0131kmakta zorlanan ara\u00e7lar, geri kayarak kazalara yol a\u00e7t\u0131. Olay yerine gelen polis ekipleri, \u00f6nlem ama\u00e7l\u0131 kumlama \u00e7al\u0131\u015fmas\u0131 yap\u0131lana kadar yollar\u0131 ula\u015f\u0131ma kapatt\u0131.<\/p>\n<p><strong>\u2013 Sar\u0131yer\u2019de buzlanan yolda ara\u00e7lar g\u00fc\u00e7l\u00fckle ilerledi<\/strong><\/p>\n<p>Ba\u015fak\u015fehir Bah\u00e7e\u015fehir Mahallesi\u2019nde de farkl\u0131 noktalarda kazalar meydana gelirken, motosikletliler karla kapl\u0131 yolda ilerlemekte g\u00fc\u00e7l\u00fck \u00e7ekti. Bir motosikletli, yoku\u015fu \u00e7\u0131kamay\u0131nca arac\u0131n\u0131 iterek g\u00f6t\u00fcrmek zorunda kald\u0131.<\/p>\n<p>Ba\u015fak\u015fehir Yunus Emre Caddesi\u2019nde bir \u0130ETT otob\u00fcs\u00fc yolda kal\u0131rken cadde ula\u015f\u0131ma kapand\u0131. Ba\u015fak\u015fehir 4. Etap\u2019ta da yolda kalan bir \u0130ETT otob\u00fcs\u00fcn\u00fc vatanda\u015flar iterek kurtarmaya \u00e7al\u0131\u015ft\u0131.<\/p>\n<p>Beylikd\u00fcz\u00fc\u2019nde ba\u015flayan yo\u011fun kar ya\u011f\u0131\u015f\u0131 s\u00fcr\u00fcc\u00fclere zor anlar ya\u015fatt\u0131. G\u00fcrp\u0131nar\u2019da yoku\u015fta kaymaya ba\u015flayan otomobil, kald\u0131r\u0131ma \u00e7\u0131kt\u0131ktan sonra ayd\u0131nlatma dire\u011fine \u00e7arparak durabildi. Kavakl\u0131\u2019da ise bir otomobil kayarak park halindeki 4 araca \u00e7arpt\u0131.<\/p>\n<p>Habipler-Mahmutbey yolunun Sultangazi kesiminde etkili olan kar ya\u011f\u0131\u015f\u0131 nedeniyle s\u00fcr\u00fcc\u00fcler ilerlemekte g\u00fc\u00e7l\u00fck \u00e7ekti.<\/p>\n<p>Sar\u0131yer\u2019de etkili olan kar nedeniyle Zekeriyak\u00f6y Kilyos Caddesi\u2019nde buzlanan yolda ara\u00e7lar g\u00fc\u00e7l\u00fckle ilerledi.<\/p>\n<p><strong>-\u0130stanbul\u2019da kar ya\u011f\u0131\u015f\u0131 nedeniyle e\u011fitim-\u00f6\u011fretime bir g\u00fcn ara verildi<\/strong><\/p>\n<p>\u0130stanbul Valisi Davut G\u00fcl, kar ya\u011f\u0131\u015f\u0131 nedeniyle yar\u0131n kent genelinde e\u011fitim-\u00f6\u011fretime ara verildi\u011fini bildirdi.<\/p>\n<p>Vali G\u00fcl, sosyal medya hesab\u0131ndan yapt\u0131\u011f\u0131 a\u00e7\u0131klamada, kent genelinde etkisini s\u00fcrd\u00fcren kar ya\u011f\u0131\u015f\u0131n\u0131n, so\u011fuk havan\u0131n da etkisiyle ya\u015fam\u0131 olumsuz y\u00f6nde etkiledi\u011fini belirtti.<\/p>\n<p>Meteorolojik verilere g\u00f6re kar ya\u011f\u0131\u015f\u0131 ve so\u011fuk havan\u0131n \u015fehir genelinde etkisini devam ettirmesinin beklendi\u011fini kaydeden G\u00fcl, \u201cBu nedenle 12 \u015eubat 2025 \u00c7ar\u015famba g\u00fcn\u00fc \u0130stanbul genelindeki t\u00fcm e\u011fitim kurumlar\u0131nda e\u011fitim-\u00f6\u011fretime bir g\u00fcn s\u00fcreyle ara verilmi\u015ftir. \u00d6te yandan, kamu kurum ve kurulu\u015flar\u0131nda \u00e7al\u0131\u015fan engelliler, kronik hastal\u0131\u011f\u0131 bulunanlar ve hamile personelimiz de 12 \u015eubat 2025 \u00c7ar\u015famba g\u00fcn\u00fc idari izinli say\u0131lacakt\u0131r.\u201d ifadelerini kulland\u0131.<\/p>\n<\/p><\/div>\n<p><script async\n                    defer\n                    crossorigin=\"anonymous\"\n                    src=\"https:\/\/connect.facebook.net\/tr_TR\/sdk.js#xfbml=1&#038;version=v3.3\"\n            ><\/script><\/p>\n","protected":false},"excerpt":{"rendered":"<p>\u0130stanbul\u2019da sabah saatlerinden itibaren etkili olan kar ya\u011f\u0131\u015f\u0131 hayat\u0131 olumsuz etkiledi, ula\u015f\u0131mda aksamalara neden oldu. Kar ya\u011f\u0131\u015f\u0131 nedeniyle yar\u0131n \u0130stanbul genelinde e\u011fitim-\u00f6\u011fretime bir g\u00fcn s\u00fcreyle ara verildi\u011fi a\u00e7\u0131kland\u0131. D\u00fcn ak\u015fam kentin y\u00fcksek kesimlerinde ba\u015flayan kar, sabah saatlerinden itibaren kent genelinde etkili oldu. Kar ya\u011f\u0131\u015f\u0131 ula\u015f\u0131mda aksamalara neden olurken, baz\u0131 b\u00f6lgelerde ara\u00e7lar yolda kald\u0131, kazalar meydana [&hellip;]<\/p>\n","protected":false},"author":1,"featured_media":18915,"comment_status":"open","ping_status":"open","sticky":false,"template":"","format":"standard","meta":{"jnews-multi-image_gallery":[],"jnews_single_post":[],"jnews_primary_category":[],"jnews_social_meta":[],"jnews_override_counter":[],"footnotes":""},"categories":[5],"tags":[],"class_list":["post-18914","post","type-post","status-publish","format-standard","has-post-thumbnail","hentry","category-turkiye"],"yoast_head":"<!-- This site is optimized with the Yoast SEO plugin v27.5 - https:\/\/yoast.com\/product\/yoast-seo-wordpress\/ -->\n<title>\u0130stanbul\u2019da kar ya\u011f\u0131\u015f\u0131 hayat\u0131 olumsuz etkiledi\u2026 Yar\u0131n kentte okullar tatil edildi - Kuzeyin Sesi<\/title>\n<meta name=\"robots\" content=\"index, follow, max-snippet:-1, max-image-preview:large, max-video-preview:-1\" \/>\n<link rel=\"canonical\" href=\"https:\/\/kuzeyinsesi.org\/index.php\/2025\/02\/11\/istanbulda-kar-yagisi-hayati-olumsuz-etkiledi-yarin-kentte-okullar-tatil-edildi\/\" \/>\n<meta property=\"og:locale\" content=\"tr_TR\" \/>\n<meta property=\"og:type\" content=\"article\" \/>\n<meta property=\"og:title\" content=\"\u0130stanbul\u2019da kar ya\u011f\u0131\u015f\u0131 hayat\u0131 olumsuz etkiledi\u2026 Yar\u0131n kentte okullar tatil edildi - Kuzeyin Sesi\" \/>\n<meta property=\"og:description\" content=\"\u0130stanbul\u2019da sabah saatlerinden itibaren etkili olan kar ya\u011f\u0131\u015f\u0131 hayat\u0131 olumsuz etkiledi, ula\u015f\u0131mda aksamalara neden oldu. Kar ya\u011f\u0131\u015f\u0131 nedeniyle yar\u0131n \u0130stanbul genelinde e\u011fitim-\u00f6\u011fretime bir g\u00fcn s\u00fcreyle ara verildi\u011fi a\u00e7\u0131kland\u0131. D\u00fcn ak\u015fam kentin y\u00fcksek kesimlerinde ba\u015flayan kar, sabah saatlerinden itibaren kent genelinde etkili oldu. Kar ya\u011f\u0131\u015f\u0131 ula\u015f\u0131mda aksamalara neden olurken, baz\u0131 b\u00f6lgelerde ara\u00e7lar yolda kald\u0131, kazalar meydana [&hellip;]\" \/>\n<meta property=\"og:url\" content=\"https:\/\/kuzeyinsesi.org\/index.php\/2025\/02\/11\/istanbulda-kar-yagisi-hayati-olumsuz-etkiledi-yarin-kentte-okullar-tatil-edildi\/\" \/>\n<meta property=\"og:site_name\" content=\"Kuzeyin Sesi\" \/>\n<meta property=\"article:publisher\" content=\"https:\/\/www.facebook.com\/kuzeyinsesii\" \/>\n<meta property=\"article:published_time\" content=\"2025-02-11T16:26:11+00:00\" \/>\n<meta property=\"og:image\" content=\"https:\/\/brtk.net\/wp-content\/uploads\/2025\/02\/11\/0298340928342.jpg?ver=8c0a84161ef6d87e76c738bf008c16c6\" \/>\n<meta name=\"author\" content=\"Kuzeyin Sesi\" \/>\n<meta name=\"twitter:card\" content=\"summary_large_image\" \/>\n<meta name=\"twitter:creator\" content=\"@kuzeyinsesii\" \/>\n<meta name=\"twitter:site\" content=\"@kuzeyinsesii\" \/>\n<meta name=\"twitter:label1\" content=\"Yazan:\" \/>\n\t<meta name=\"twitter:data1\" content=\"Kuzeyin Sesi\" \/>\n\t<meta name=\"twitter:label2\" content=\"Tahmini okuma s\u00fcresi\" \/>\n\t<meta name=\"twitter:data2\" content=\"3 dakika\" \/>\n<script type=\"application\/ld+json\" class=\"yoast-schema-graph\">{\"@context\":\"https:\\\/\\\/schema.org\",\"@graph\":[{\"@type\":\"Article\",\"@id\":\"https:\\\/\\\/kuzeyinsesi.org\\\/index.php\\\/2025\\\/02\\\/11\\\/istanbulda-kar-yagisi-hayati-olumsuz-etkiledi-yarin-kentte-okullar-tatil-edildi\\\/#article\",\"isPartOf\":{\"@id\":\"https:\\\/\\\/kuzeyinsesi.org\\\/index.php\\\/2025\\\/02\\\/11\\\/istanbulda-kar-yagisi-hayati-olumsuz-etkiledi-yarin-kentte-okullar-tatil-edildi\\\/\"},\"author\":{\"name\":\"Kuzeyin Sesi\",\"@id\":\"https:\\\/\\\/kuzeyinsesi.org\\\/#\\\/schema\\\/person\\\/9f859689cdf01485597712386e37f5aa\"},\"headline\":\"\u0130stanbul\u2019da kar ya\u011f\u0131\u015f\u0131 hayat\u0131 olumsuz etkiledi\u2026 Yar\u0131n kentte okullar tatil edildi\",\"datePublished\":\"2025-02-11T16:26:11+00:00\",\"mainEntityOfPage\":{\"@id\":\"https:\\\/\\\/kuzeyinsesi.org\\\/index.php\\\/2025\\\/02\\\/11\\\/istanbulda-kar-yagisi-hayati-olumsuz-etkiledi-yarin-kentte-okullar-tatil-edildi\\\/\"},\"wordCount\":536,\"commentCount\":0,\"image\":{\"@id\":\"https:\\\/\\\/kuzeyinsesi.org\\\/index.php\\\/2025\\\/02\\\/11\\\/istanbulda-kar-yagisi-hayati-olumsuz-etkiledi-yarin-kentte-okullar-tatil-edildi\\\/#primaryimage\"},\"thumbnailUrl\":\"https:\\\/\\\/kuzeyinsesi.org\\\/wp-content\\\/uploads\\\/2025\\\/02\\\/0298340928342.jpg\",\"articleSection\":[\"T\u00fcrkiye\"],\"inLanguage\":\"tr\",\"potentialAction\":[{\"@type\":\"CommentAction\",\"name\":\"Comment\",\"target\":[\"https:\\\/\\\/kuzeyinsesi.org\\\/index.php\\\/2025\\\/02\\\/11\\\/istanbulda-kar-yagisi-hayati-olumsuz-etkiledi-yarin-kentte-okullar-tatil-edildi\\\/#respond\"]}]},{\"@type\":\"WebPage\",\"@id\":\"https:\\\/\\\/kuzeyinsesi.org\\\/index.php\\\/2025\\\/02\\\/11\\\/istanbulda-kar-yagisi-hayati-olumsuz-etkiledi-yarin-kentte-okullar-tatil-edildi\\\/\",\"url\":\"https:\\\/\\\/kuzeyinsesi.org\\\/index.php\\\/2025\\\/02\\\/11\\\/istanbulda-kar-yagisi-hayati-olumsuz-etkiledi-yarin-kentte-okullar-tatil-edildi\\\/\",\"name\":\"\u0130stanbul\u2019da kar ya\u011f\u0131\u015f\u0131 hayat\u0131 olumsuz etkiledi\u2026 Yar\u0131n kentte okullar tatil edildi - Kuzeyin Sesi\",\"isPartOf\":{\"@id\":\"https:\\\/\\\/kuzeyinsesi.org\\\/#website\"},\"primaryImageOfPage\":{\"@id\":\"https:\\\/\\\/kuzeyinsesi.org\\\/index.php\\\/2025\\\/02\\\/11\\\/istanbulda-kar-yagisi-hayati-olumsuz-etkiledi-yarin-kentte-okullar-tatil-edildi\\\/#primaryimage\"},\"image\":{\"@id\":\"https:\\\/\\\/kuzeyinsesi.org\\\/index.php\\\/2025\\\/02\\\/11\\\/istanbulda-kar-yagisi-hayati-olumsuz-etkiledi-yarin-kentte-okullar-tatil-edildi\\\/#primaryimage\"},\"thumbnailUrl\":\"https:\\\/\\\/kuzeyinsesi.org\\\/wp-content\\\/uploads\\\/2025\\\/02\\\/0298340928342.jpg\",\"datePublished\":\"2025-02-11T16:26:11+00:00\",\"author\":{\"@id\":\"https:\\\/\\\/kuzeyinsesi.org\\\/#\\\/schema\\\/person\\\/9f859689cdf01485597712386e37f5aa\"},\"breadcrumb\":{\"@id\":\"https:\\\/\\\/kuzeyinsesi.org\\\/index.php\\\/2025\\\/02\\\/11\\\/istanbulda-kar-yagisi-hayati-olumsuz-etkiledi-yarin-kentte-okullar-tatil-edildi\\\/#breadcrumb\"},\"inLanguage\":\"tr\",\"potentialAction\":[{\"@type\":\"ReadAction\",\"target\":[\"https:\\\/\\\/kuzeyinsesi.org\\\/index.php\\\/2025\\\/02\\\/11\\\/istanbulda-kar-yagisi-hayati-olumsuz-etkiledi-yarin-kentte-okullar-tatil-edildi\\\/\"]}]},{\"@type\":\"ImageObject\",\"inLanguage\":\"tr\",\"@id\":\"https:\\\/\\\/kuzeyinsesi.org\\\/index.php\\\/2025\\\/02\\\/11\\\/istanbulda-kar-yagisi-hayati-olumsuz-etkiledi-yarin-kentte-okullar-tatil-edildi\\\/#primaryimage\",\"url\":\"https:\\\/\\\/kuzeyinsesi.org\\\/wp-content\\\/uploads\\\/2025\\\/02\\\/0298340928342.jpg\",\"contentUrl\":\"https:\\\/\\\/kuzeyinsesi.org\\\/wp-content\\\/uploads\\\/2025\\\/02\\\/0298340928342.jpg\",\"width\":750,\"height\":422},{\"@type\":\"BreadcrumbList\",\"@id\":\"https:\\\/\\\/kuzeyinsesi.org\\\/index.php\\\/2025\\\/02\\\/11\\\/istanbulda-kar-yagisi-hayati-olumsuz-etkiledi-yarin-kentte-okullar-tatil-edildi\\\/#breadcrumb\",\"itemListElement\":[{\"@type\":\"ListItem\",\"position\":1,\"name\":\"Anasayfa\",\"item\":\"https:\\\/\\\/kuzeyinsesi.org\\\/\"},{\"@type\":\"ListItem\",\"position\":2,\"name\":\"\u0130stanbul\u2019da kar ya\u011f\u0131\u015f\u0131 hayat\u0131 olumsuz etkiledi\u2026 Yar\u0131n kentte okullar tatil edildi\"}]},{\"@type\":\"WebSite\",\"@id\":\"https:\\\/\\\/kuzeyinsesi.org\\\/#website\",\"url\":\"https:\\\/\\\/kuzeyinsesi.org\\\/\",\"name\":\"Kuzeyin Sesi\",\"description\":\"Do\u011fru Haberin Adresi\",\"potentialAction\":[{\"@type\":\"SearchAction\",\"target\":{\"@type\":\"EntryPoint\",\"urlTemplate\":\"https:\\\/\\\/kuzeyinsesi.org\\\/?s={search_term_string}\"},\"query-input\":{\"@type\":\"PropertyValueSpecification\",\"valueRequired\":true,\"valueName\":\"search_term_string\"}}],\"inLanguage\":\"tr\"},{\"@type\":\"Person\",\"@id\":\"https:\\\/\\\/kuzeyinsesi.org\\\/#\\\/schema\\\/person\\\/9f859689cdf01485597712386e37f5aa\",\"name\":\"Kuzeyin Sesi\",\"image\":{\"@type\":\"ImageObject\",\"inLanguage\":\"tr\",\"@id\":\"https:\\\/\\\/secure.gravatar.com\\\/avatar\\\/bab33852abfd8b282518d6ed81826833d77c3c882d9ab608add591ccace47a44?s=96&d=mm&r=g\",\"url\":\"https:\\\/\\\/secure.gravatar.com\\\/avatar\\\/bab33852abfd8b282518d6ed81826833d77c3c882d9ab608add591ccace47a44?s=96&d=mm&r=g\",\"contentUrl\":\"https:\\\/\\\/secure.gravatar.com\\\/avatar\\\/bab33852abfd8b282518d6ed81826833d77c3c882d9ab608add591ccace47a44?s=96&d=mm&r=g\",\"caption\":\"Kuzeyin Sesi\"},\"sameAs\":[\"https:\\\/\\\/kuzeyinsesi.org\"],\"url\":\"https:\\\/\\\/kuzeyinsesi.org\\\/index.php\\\/author\\\/guven\\\/\"}]}<\/script>\n<!-- \/ Yoast SEO plugin. -->","yoast_head_json":{"title":"\u0130stanbul\u2019da kar ya\u011f\u0131\u015f\u0131 hayat\u0131 olumsuz etkiledi\u2026 Yar\u0131n kentte okullar tatil edildi - Kuzeyin Sesi","robots":{"index":"index","follow":"follow","max-snippet":"max-snippet:-1","max-image-preview":"max-image-preview:large","max-video-preview":"max-video-preview:-1"},"canonical":"https:\/\/kuzeyinsesi.org\/index.php\/2025\/02\/11\/istanbulda-kar-yagisi-hayati-olumsuz-etkiledi-yarin-kentte-okullar-tatil-edildi\/","og_locale":"tr_TR","og_type":"article","og_title":"\u0130stanbul\u2019da kar ya\u011f\u0131\u015f\u0131 hayat\u0131 olumsuz etkiledi\u2026 Yar\u0131n kentte okullar tatil edildi - Kuzeyin Sesi","og_description":"\u0130stanbul\u2019da sabah saatlerinden itibaren etkili olan kar ya\u011f\u0131\u015f\u0131 hayat\u0131 olumsuz etkiledi, ula\u015f\u0131mda aksamalara neden oldu. Kar ya\u011f\u0131\u015f\u0131 nedeniyle yar\u0131n \u0130stanbul genelinde e\u011fitim-\u00f6\u011fretime bir g\u00fcn s\u00fcreyle ara verildi\u011fi a\u00e7\u0131kland\u0131. D\u00fcn ak\u015fam kentin y\u00fcksek kesimlerinde ba\u015flayan kar, sabah saatlerinden itibaren kent genelinde etkili oldu. Kar ya\u011f\u0131\u015f\u0131 ula\u015f\u0131mda aksamalara neden olurken, baz\u0131 b\u00f6lgelerde ara\u00e7lar yolda kald\u0131, kazalar meydana [&hellip;]","og_url":"https:\/\/kuzeyinsesi.org\/index.php\/2025\/02\/11\/istanbulda-kar-yagisi-hayati-olumsuz-etkiledi-yarin-kentte-okullar-tatil-edildi\/","og_site_name":"Kuzeyin Sesi","article_publisher":"https:\/\/www.facebook.com\/kuzeyinsesii","article_published_time":"2025-02-11T16:26:11+00:00","og_image":[{"url":"https:\/\/brtk.net\/wp-content\/uploads\/2025\/02\/11\/0298340928342.jpg?ver=8c0a84161ef6d87e76c738bf008c16c6","type":"","width":"","height":""}],"author":"Kuzeyin Sesi","twitter_card":"summary_large_image","twitter_creator":"@kuzeyinsesii","twitter_site":"@kuzeyinsesii","twitter_misc":{"Yazan:":"Kuzeyin Sesi","Tahmini okuma s\u00fcresi":"3 dakika"},"schema":{"@context":"https:\/\/schema.org","@graph":[{"@type":"Article","@id":"https:\/\/kuzeyinsesi.org\/index.php\/2025\/02\/11\/istanbulda-kar-yagisi-hayati-olumsuz-etkiledi-yarin-kentte-okullar-tatil-edildi\/#article","isPartOf":{"@id":"https:\/\/kuzeyinsesi.org\/index.php\/2025\/02\/11\/istanbulda-kar-yagisi-hayati-olumsuz-etkiledi-yarin-kentte-okullar-tatil-edildi\/"},"author":{"name":"Kuzeyin Sesi","@id":"https:\/\/kuzeyinsesi.org\/#\/schema\/person\/9f859689cdf01485597712386e37f5aa"},"headline":"\u0130stanbul\u2019da kar ya\u011f\u0131\u015f\u0131 hayat\u0131 olumsuz etkiledi\u2026 Yar\u0131n kentte okullar tatil edildi","datePublished":"2025-02-11T16:26:11+00:00","mainEntityOfPage":{"@id":"https:\/\/kuzeyinsesi.org\/index.php\/2025\/02\/11\/istanbulda-kar-yagisi-hayati-olumsuz-etkiledi-yarin-kentte-okullar-tatil-edildi\/"},"wordCount":536,"commentCount":0,"image":{"@id":"https:\/\/kuzeyinsesi.org\/index.php\/2025\/02\/11\/istanbulda-kar-yagisi-hayati-olumsuz-etkiledi-yarin-kentte-okullar-tatil-edildi\/#primaryimage"},"thumbnailUrl":"https:\/\/kuzeyinsesi.org\/wp-content\/uploads\/2025\/02\/0298340928342.jpg","articleSection":["T\u00fcrkiye"],"inLanguage":"tr","potentialAction":[{"@type":"CommentAction","name":"Comment","target":["https:\/\/kuzeyinsesi.org\/index.php\/2025\/02\/11\/istanbulda-kar-yagisi-hayati-olumsuz-etkiledi-yarin-kentte-okullar-tatil-edildi\/#respond"]}]},{"@type":"WebPage","@id":"https:\/\/kuzeyinsesi.org\/index.php\/2025\/02\/11\/istanbulda-kar-yagisi-hayati-olumsuz-etkiledi-yarin-kentte-okullar-tatil-edildi\/","url":"https:\/\/kuzeyinsesi.org\/index.php\/2025\/02\/11\/istanbulda-kar-yagisi-hayati-olumsuz-etkiledi-yarin-kentte-okullar-tatil-edildi\/","name":"\u0130stanbul\u2019da kar ya\u011f\u0131\u015f\u0131 hayat\u0131 olumsuz etkiledi\u2026 Yar\u0131n kentte okullar tatil edildi - Kuzeyin Sesi","isPartOf":{"@id":"https:\/\/kuzeyinsesi.org\/#website"},"primaryImageOfPage":{"@id":"https:\/\/kuzeyinsesi.org\/index.php\/2025\/02\/11\/istanbulda-kar-yagisi-hayati-olumsuz-etkiledi-yarin-kentte-okullar-tatil-edildi\/#primaryimage"},"image":{"@id":"https:\/\/kuzeyinsesi.org\/index.php\/2025\/02\/11\/istanbulda-kar-yagisi-hayati-olumsuz-etkiledi-yarin-kentte-okullar-tatil-edildi\/#primaryimage"},"thumbnailUrl":"https:\/\/kuzeyinsesi.org\/wp-content\/uploads\/2025\/02\/0298340928342.jpg","datePublished":"2025-02-11T16:26:11+00:00","author":{"@id":"https:\/\/kuzeyinsesi.org\/#\/schema\/person\/9f859689cdf01485597712386e37f5aa"},"breadcrumb":{"@id":"https:\/\/kuzeyinsesi.org\/index.php\/2025\/02\/11\/istanbulda-kar-yagisi-hayati-olumsuz-etkiledi-yarin-kentte-okullar-tatil-edildi\/#breadcrumb"},"inLanguage":"tr","potentialAction":[{"@type":"ReadAction","target":["https:\/\/kuzeyinsesi.org\/index.php\/2025\/02\/11\/istanbulda-kar-yagisi-hayati-olumsuz-etkiledi-yarin-kentte-okullar-tatil-edildi\/"]}]},{"@type":"ImageObject","inLanguage":"tr","@id":"https:\/\/kuzeyinsesi.org\/index.php\/2025\/02\/11\/istanbulda-kar-yagisi-hayati-olumsuz-etkiledi-yarin-kentte-okullar-tatil-edildi\/#primaryimage","url":"https:\/\/kuzeyinsesi.org\/wp-content\/uploads\/2025\/02\/0298340928342.jpg","contentUrl":"https:\/\/kuzeyinsesi.org\/wp-content\/uploads\/2025\/02\/0298340928342.jpg","width":750,"height":422},{"@type":"BreadcrumbList","@id":"https:\/\/kuzeyinsesi.org\/index.php\/2025\/02\/11\/istanbulda-kar-yagisi-hayati-olumsuz-etkiledi-yarin-kentte-okullar-tatil-edildi\/#breadcrumb","itemListElement":[{"@type":"ListItem","position":1,"name":"Anasayfa","item":"https:\/\/kuzeyinsesi.org\/"},{"@type":"ListItem","position":2,"name":"\u0130stanbul\u2019da kar ya\u011f\u0131\u015f\u0131 hayat\u0131 olumsuz etkiledi\u2026 Yar\u0131n kentte okullar tatil edildi"}]},{"@type":"WebSite","@id":"https:\/\/kuzeyinsesi.org\/#website","url":"https:\/\/kuzeyinsesi.org\/","name":"Kuzeyin Sesi","description":"Do\u011fru Haberin Adresi","potentialAction":[{"@type":"SearchAction","target":{"@type":"EntryPoint","urlTemplate":"https:\/\/kuzeyinsesi.org\/?s={search_term_string}"},"query-input":{"@type":"PropertyValueSpecification","valueRequired":true,"valueName":"search_term_string"}}],"inLanguage":"tr"},{"@type":"Person","@id":"https:\/\/kuzeyinsesi.org\/#\/schema\/person\/9f859689cdf01485597712386e37f5aa","name":"Kuzeyin Sesi","image":{"@type":"ImageObject","inLanguage":"tr","@id":"https:\/\/secure.gravatar.com\/avatar\/bab33852abfd8b282518d6ed81826833d77c3c882d9ab608add591ccace47a44?s=96&d=mm&r=g","url":"https:\/\/secure.gravatar.com\/avatar\/bab33852abfd8b282518d6ed81826833d77c3c882d9ab608add591ccace47a44?s=96&d=mm&r=g","contentUrl":"https:\/\/secure.gravatar.com\/avatar\/bab33852abfd8b282518d6ed81826833d77c3c882d9ab608add591ccace47a44?s=96&d=mm&r=g","caption":"Kuzeyin Sesi"},"sameAs":["https:\/\/kuzeyinsesi.org"],"url":"https:\/\/kuzeyinsesi.org\/index.php\/author\/guven\/"}]}},"_links":{"self":[{"href":"https:\/\/kuzeyinsesi.org\/index.php\/wp-json\/wp\/v2\/posts\/18914","targetHints":{"allow":["GET"]}}],"collection":[{"href":"https:\/\/kuzeyinsesi.org\/index.php\/wp-json\/wp\/v2\/posts"}],"about":[{"href":"https:\/\/kuzeyinsesi.org\/index.php\/wp-json\/wp\/v2\/types\/post"}],"author":[{"embeddable":true,"href":"https:\/\/kuzeyinsesi.org\/index.php\/wp-json\/wp\/v2\/users\/1"}],"replies":[{"embeddable":true,"href":"https:\/\/kuzeyinsesi.org\/index.php\/wp-json\/wp\/v2\/comments?post=18914"}],"version-history":[{"count":0,"href":"https:\/\/kuzeyinsesi.org\/index.php\/wp-json\/wp\/v2\/posts\/18914\/revisions"}],"wp:featuredmedia":[{"embeddable":true,"href":"https:\/\/kuzeyinsesi.org\/index.php\/wp-json\/wp\/v2\/media\/18915"}],"wp:attachment":[{"href":"https:\/\/kuzeyinsesi.org\/index.php\/wp-json\/wp\/v2\/media?parent=18914"}],"wp:term":[{"taxonomy":"category","embeddable":true,"href":"https:\/\/kuzeyinsesi.org\/index.php\/wp-json\/wp\/v2\/categories?post=18914"},{"taxonomy":"post_tag","embeddable":true,"href":"https:\/\/kuzeyinsesi.org\/index.php\/wp-json\/wp\/v2\/tags?post=18914"}],"curies":[{"name":"wp","href":"https:\/\/api.w.org\/{rel}","templated":true}]}}