{"id":1890,"date":"2024-05-09T21:22:05","date_gmt":"2024-05-09T18:22:05","guid":{"rendered":"https:\/\/kuzeyinsesi.com\/index.php\/2024\/05\/09\/milli-tekvandocu-camogludan-avrupa-sampiyonasinda-altin-madalya\/"},"modified":"2024-05-09T21:22:05","modified_gmt":"2024-05-09T18:22:05","slug":"milli-tekvandocu-camogludan-avrupa-sampiyonasinda-altin-madalya","status":"publish","type":"post","link":"https:\/\/kuzeyinsesi.org\/index.php\/2024\/05\/09\/milli-tekvandocu-camogludan-avrupa-sampiyonasinda-altin-madalya\/","title":{"rendered":"Milli tekvandocu \u00c7amo\u011flu&#039;dan Avrupa \u015eampiyonas\u0131&#039;nda alt\u0131n madalya"},"content":{"rendered":"<p><\/p>\n<div>\n<p>&#13;<br \/>\n\tBa\u015fkent Belgrad&#8217;da bug\u00fcn ba\u015flayan organizasyonda, 40&#8217;\u0131 a\u015fk\u0131n \u00fclkeden 520 sporcu madalya m\u00fccadelesi veriyor.<\/p>\n<p>&#13;<br \/>\n\t\u015eampiyonada 19 ya\u015f\u0131ndaki milli tekvandocu Furkan Ubeyde \u00c7amo\u011flu, erkekler 54 kiloda yar\u0131 finalde H\u0131rvatistan&#8217;dan Josip Teskera&#8217;y\u0131 ma\u011flup ederek finale y\u00fckseldi.<\/p>\n<p>&#13;<br \/>\n\tAy-y\u0131ld\u0131zl\u0131 sporcu Furkan, finalde Konstantinos Dimitropoulos&#8217;u yenerek <a href=\"https:\/\/www.trthaber.com\/etiket\/altin\/\" target=\"_blank\" rel=\"noopener\">alt\u0131n<\/a> madalyan\u0131n sahibi oldu.<\/p>\n<p>&#13;<br \/>\n\t<strong>Bakan Bak, alt\u0131n madalya kazanan Furkan Ubeyde \u00c7amo\u011flu&#8217;nu kutlad\u0131<\/strong><\/p>\n<p>&#13;<br \/>\n\tGen\u00e7lik ve Spor Bakan\u0131 Osman A\u015fk\u0131n Bak, S\u0131rbistan&#8217;da d\u00fczenlenen Avrupa Tekvando \u015eampiyonas\u0131&#8217;nda erkekler 54 kiloda alt\u0131n madalya kazanan Furkan Ubeyde \u00c7amo\u011flu&#8217;nu tebrik etti.<\/p>\n<p>&#13;<br \/>\n\tBakan Bak, sosyal medya hesab\u0131ndan payla\u015ft\u0131\u011f\u0131 kutlama mesaj\u0131nda, &#8220;Furkan Ubeyde \u00c7amo\u011flu Avrupa \u015fampiyonu. Avrupa Tekvando \u015eampiyonas\u0131&#8217;nda alt\u0131n madalya kazanan 19 ya\u015f\u0131ndaki gen\u00e7 sporcumuz Furkan Ubeyde&#8217;yi y\u00fcrekten tebrik ediyorum.&#8221; ifadelerini kulland\u0131.<\/p>\n<\/p><\/div>\n","protected":false},"excerpt":{"rendered":"<p>&#13; Ba\u015fkent Belgrad&#8217;da bug\u00fcn ba\u015flayan organizasyonda, 40&#8217;\u0131 a\u015fk\u0131n \u00fclkeden 520 sporcu madalya m\u00fccadelesi veriyor. &#13; \u015eampiyonada 19 ya\u015f\u0131ndaki milli tekvandocu Furkan Ubeyde \u00c7amo\u011flu, erkekler 54 kiloda yar\u0131 finalde H\u0131rvatistan&#8217;dan Josip Teskera&#8217;y\u0131 ma\u011flup ederek finale y\u00fckseldi. &#13; Ay-y\u0131ld\u0131zl\u0131 sporcu Furkan, finalde Konstantinos Dimitropoulos&#8217;u yenerek alt\u0131n madalyan\u0131n sahibi oldu. &#13; Bakan Bak, alt\u0131n madalya kazanan Furkan Ubeyde [&hellip;]<\/p>\n","protected":false},"author":1,"featured_media":1891,"comment_status":"open","ping_status":"open","sticky":false,"template":"","format":"standard","meta":{"jnews-multi-image_gallery":[],"jnews_single_post":[],"jnews_primary_category":[],"jnews_social_meta":[],"jnews_override_counter":[],"footnotes":""},"categories":[4],"tags":[],"class_list":["post-1890","post","type-post","status-publish","format-standard","has-post-thumbnail","hentry","category-spor"],"yoast_head":"<!-- This site is optimized with the Yoast SEO plugin v27.5 - https:\/\/yoast.com\/product\/yoast-seo-wordpress\/ -->\n<title>Milli tekvandocu \u00c7amo\u011flu&#039;dan Avrupa \u015eampiyonas\u0131&#039;nda alt\u0131n madalya - Kuzeyin Sesi<\/title>\n<meta name=\"robots\" content=\"index, follow, max-snippet:-1, max-image-preview:large, max-video-preview:-1\" \/>\n<link rel=\"canonical\" href=\"https:\/\/kuzeyinsesi.org\/index.php\/2024\/05\/09\/milli-tekvandocu-camogludan-avrupa-sampiyonasinda-altin-madalya\/\" \/>\n<meta property=\"og:locale\" content=\"tr_TR\" \/>\n<meta property=\"og:type\" content=\"article\" \/>\n<meta property=\"og:title\" content=\"Milli tekvandocu \u00c7amo\u011flu&#039;dan Avrupa \u015eampiyonas\u0131&#039;nda alt\u0131n madalya - Kuzeyin Sesi\" \/>\n<meta property=\"og:description\" content=\"&#013; Ba\u015fkent Belgrad&#8217;da bug\u00fcn ba\u015flayan organizasyonda, 40&#8217;\u0131 a\u015fk\u0131n \u00fclkeden 520 sporcu madalya m\u00fccadelesi veriyor. &#013; \u015eampiyonada 19 ya\u015f\u0131ndaki milli tekvandocu Furkan Ubeyde \u00c7amo\u011flu, erkekler 54 kiloda yar\u0131 finalde H\u0131rvatistan&#8217;dan Josip Teskera&#8217;y\u0131 ma\u011flup ederek finale y\u00fckseldi. &#013; Ay-y\u0131ld\u0131zl\u0131 sporcu Furkan, finalde Konstantinos Dimitropoulos&#8217;u yenerek alt\u0131n madalyan\u0131n sahibi oldu. &#013; Bakan Bak, alt\u0131n madalya kazanan Furkan Ubeyde [&hellip;]\" \/>\n<meta property=\"og:url\" content=\"https:\/\/kuzeyinsesi.org\/index.php\/2024\/05\/09\/milli-tekvandocu-camogludan-avrupa-sampiyonasinda-altin-madalya\/\" \/>\n<meta property=\"og:site_name\" content=\"Kuzeyin Sesi\" \/>\n<meta property=\"article:publisher\" content=\"https:\/\/www.facebook.com\/kuzeyinsesii\" \/>\n<meta property=\"article:published_time\" content=\"2024-05-09T18:22:05+00:00\" \/>\n<meta property=\"og:image\" content=\"https:\/\/kuzeyinsesi.org\/wp-content\/uploads\/2024\/05\/furkan-ubeyde-camogluaa-2226963.jpg\" \/>\n\t<meta property=\"og:image:width\" content=\"1280\" \/>\n\t<meta property=\"og:image:height\" content=\"720\" \/>\n\t<meta property=\"og:image:type\" content=\"image\/jpeg\" \/>\n<meta name=\"author\" content=\"Kuzeyin Sesi\" \/>\n<meta name=\"twitter:card\" content=\"summary_large_image\" \/>\n<meta name=\"twitter:creator\" content=\"@kuzeyinsesii\" \/>\n<meta name=\"twitter:site\" content=\"@kuzeyinsesii\" \/>\n<meta name=\"twitter:label1\" content=\"Yazan:\" \/>\n\t<meta name=\"twitter:data1\" content=\"Kuzeyin Sesi\" \/>\n\t<meta name=\"twitter:label2\" content=\"Tahmini okuma s\u00fcresi\" \/>\n\t<meta name=\"twitter:data2\" content=\"1 dakika\" \/>\n<script type=\"application\/ld+json\" class=\"yoast-schema-graph\">{\"@context\":\"https:\\\/\\\/schema.org\",\"@graph\":[{\"@type\":\"Article\",\"@id\":\"https:\\\/\\\/kuzeyinsesi.org\\\/index.php\\\/2024\\\/05\\\/09\\\/milli-tekvandocu-camogludan-avrupa-sampiyonasinda-altin-madalya\\\/#article\",\"isPartOf\":{\"@id\":\"https:\\\/\\\/kuzeyinsesi.org\\\/index.php\\\/2024\\\/05\\\/09\\\/milli-tekvandocu-camogludan-avrupa-sampiyonasinda-altin-madalya\\\/\"},\"author\":{\"name\":\"Kuzeyin Sesi\",\"@id\":\"https:\\\/\\\/kuzeyinsesi.org\\\/#\\\/schema\\\/person\\\/9f859689cdf01485597712386e37f5aa\"},\"headline\":\"Milli tekvandocu \u00c7amo\u011flu&#039;dan Avrupa \u015eampiyonas\u0131&#039;nda alt\u0131n madalya\",\"datePublished\":\"2024-05-09T18:22:05+00:00\",\"mainEntityOfPage\":{\"@id\":\"https:\\\/\\\/kuzeyinsesi.org\\\/index.php\\\/2024\\\/05\\\/09\\\/milli-tekvandocu-camogludan-avrupa-sampiyonasinda-altin-madalya\\\/\"},\"wordCount\":152,\"commentCount\":0,\"image\":{\"@id\":\"https:\\\/\\\/kuzeyinsesi.org\\\/index.php\\\/2024\\\/05\\\/09\\\/milli-tekvandocu-camogludan-avrupa-sampiyonasinda-altin-madalya\\\/#primaryimage\"},\"thumbnailUrl\":\"https:\\\/\\\/kuzeyinsesi.org\\\/wp-content\\\/uploads\\\/2024\\\/05\\\/furkan-ubeyde-camogluaa-2226963.jpg\",\"articleSection\":[\"Spor\"],\"inLanguage\":\"tr\",\"potentialAction\":[{\"@type\":\"CommentAction\",\"name\":\"Comment\",\"target\":[\"https:\\\/\\\/kuzeyinsesi.org\\\/index.php\\\/2024\\\/05\\\/09\\\/milli-tekvandocu-camogludan-avrupa-sampiyonasinda-altin-madalya\\\/#respond\"]}]},{\"@type\":\"WebPage\",\"@id\":\"https:\\\/\\\/kuzeyinsesi.org\\\/index.php\\\/2024\\\/05\\\/09\\\/milli-tekvandocu-camogludan-avrupa-sampiyonasinda-altin-madalya\\\/\",\"url\":\"https:\\\/\\\/kuzeyinsesi.org\\\/index.php\\\/2024\\\/05\\\/09\\\/milli-tekvandocu-camogludan-avrupa-sampiyonasinda-altin-madalya\\\/\",\"name\":\"Milli tekvandocu \u00c7amo\u011flu&#039;dan Avrupa \u015eampiyonas\u0131&#039;nda alt\u0131n madalya - Kuzeyin Sesi\",\"isPartOf\":{\"@id\":\"https:\\\/\\\/kuzeyinsesi.org\\\/#website\"},\"primaryImageOfPage\":{\"@id\":\"https:\\\/\\\/kuzeyinsesi.org\\\/index.php\\\/2024\\\/05\\\/09\\\/milli-tekvandocu-camogludan-avrupa-sampiyonasinda-altin-madalya\\\/#primaryimage\"},\"image\":{\"@id\":\"https:\\\/\\\/kuzeyinsesi.org\\\/index.php\\\/2024\\\/05\\\/09\\\/milli-tekvandocu-camogludan-avrupa-sampiyonasinda-altin-madalya\\\/#primaryimage\"},\"thumbnailUrl\":\"https:\\\/\\\/kuzeyinsesi.org\\\/wp-content\\\/uploads\\\/2024\\\/05\\\/furkan-ubeyde-camogluaa-2226963.jpg\",\"datePublished\":\"2024-05-09T18:22:05+00:00\",\"author\":{\"@id\":\"https:\\\/\\\/kuzeyinsesi.org\\\/#\\\/schema\\\/person\\\/9f859689cdf01485597712386e37f5aa\"},\"breadcrumb\":{\"@id\":\"https:\\\/\\\/kuzeyinsesi.org\\\/index.php\\\/2024\\\/05\\\/09\\\/milli-tekvandocu-camogludan-avrupa-sampiyonasinda-altin-madalya\\\/#breadcrumb\"},\"inLanguage\":\"tr\",\"potentialAction\":[{\"@type\":\"ReadAction\",\"target\":[\"https:\\\/\\\/kuzeyinsesi.org\\\/index.php\\\/2024\\\/05\\\/09\\\/milli-tekvandocu-camogludan-avrupa-sampiyonasinda-altin-madalya\\\/\"]}]},{\"@type\":\"ImageObject\",\"inLanguage\":\"tr\",\"@id\":\"https:\\\/\\\/kuzeyinsesi.org\\\/index.php\\\/2024\\\/05\\\/09\\\/milli-tekvandocu-camogludan-avrupa-sampiyonasinda-altin-madalya\\\/#primaryimage\",\"url\":\"https:\\\/\\\/kuzeyinsesi.org\\\/wp-content\\\/uploads\\\/2024\\\/05\\\/furkan-ubeyde-camogluaa-2226963.jpg\",\"contentUrl\":\"https:\\\/\\\/kuzeyinsesi.org\\\/wp-content\\\/uploads\\\/2024\\\/05\\\/furkan-ubeyde-camogluaa-2226963.jpg\",\"width\":1280,\"height\":720},{\"@type\":\"BreadcrumbList\",\"@id\":\"https:\\\/\\\/kuzeyinsesi.org\\\/index.php\\\/2024\\\/05\\\/09\\\/milli-tekvandocu-camogludan-avrupa-sampiyonasinda-altin-madalya\\\/#breadcrumb\",\"itemListElement\":[{\"@type\":\"ListItem\",\"position\":1,\"name\":\"Anasayfa\",\"item\":\"https:\\\/\\\/kuzeyinsesi.org\\\/\"},{\"@type\":\"ListItem\",\"position\":2,\"name\":\"Milli tekvandocu \u00c7amo\u011flu&#039;dan Avrupa \u015eampiyonas\u0131&#039;nda alt\u0131n madalya\"}]},{\"@type\":\"WebSite\",\"@id\":\"https:\\\/\\\/kuzeyinsesi.org\\\/#website\",\"url\":\"https:\\\/\\\/kuzeyinsesi.org\\\/\",\"name\":\"Kuzeyin Sesi\",\"description\":\"Do\u011fru Haberin Adresi\",\"potentialAction\":[{\"@type\":\"SearchAction\",\"target\":{\"@type\":\"EntryPoint\",\"urlTemplate\":\"https:\\\/\\\/kuzeyinsesi.org\\\/?s={search_term_string}\"},\"query-input\":{\"@type\":\"PropertyValueSpecification\",\"valueRequired\":true,\"valueName\":\"search_term_string\"}}],\"inLanguage\":\"tr\"},{\"@type\":\"Person\",\"@id\":\"https:\\\/\\\/kuzeyinsesi.org\\\/#\\\/schema\\\/person\\\/9f859689cdf01485597712386e37f5aa\",\"name\":\"Kuzeyin Sesi\",\"image\":{\"@type\":\"ImageObject\",\"inLanguage\":\"tr\",\"@id\":\"https:\\\/\\\/secure.gravatar.com\\\/avatar\\\/bab33852abfd8b282518d6ed81826833d77c3c882d9ab608add591ccace47a44?s=96&d=mm&r=g\",\"url\":\"https:\\\/\\\/secure.gravatar.com\\\/avatar\\\/bab33852abfd8b282518d6ed81826833d77c3c882d9ab608add591ccace47a44?s=96&d=mm&r=g\",\"contentUrl\":\"https:\\\/\\\/secure.gravatar.com\\\/avatar\\\/bab33852abfd8b282518d6ed81826833d77c3c882d9ab608add591ccace47a44?s=96&d=mm&r=g\",\"caption\":\"Kuzeyin Sesi\"},\"sameAs\":[\"https:\\\/\\\/kuzeyinsesi.org\"],\"url\":\"https:\\\/\\\/kuzeyinsesi.org\\\/index.php\\\/author\\\/guven\\\/\"}]}<\/script>\n<!-- \/ Yoast SEO plugin. -->","yoast_head_json":{"title":"Milli tekvandocu \u00c7amo\u011flu&#039;dan Avrupa \u015eampiyonas\u0131&#039;nda alt\u0131n madalya - Kuzeyin Sesi","robots":{"index":"index","follow":"follow","max-snippet":"max-snippet:-1","max-image-preview":"max-image-preview:large","max-video-preview":"max-video-preview:-1"},"canonical":"https:\/\/kuzeyinsesi.org\/index.php\/2024\/05\/09\/milli-tekvandocu-camogludan-avrupa-sampiyonasinda-altin-madalya\/","og_locale":"tr_TR","og_type":"article","og_title":"Milli tekvandocu \u00c7amo\u011flu&#039;dan Avrupa \u015eampiyonas\u0131&#039;nda alt\u0131n madalya - Kuzeyin Sesi","og_description":"&#13; Ba\u015fkent Belgrad&#8217;da bug\u00fcn ba\u015flayan organizasyonda, 40&#8217;\u0131 a\u015fk\u0131n \u00fclkeden 520 sporcu madalya m\u00fccadelesi veriyor. &#13; \u015eampiyonada 19 ya\u015f\u0131ndaki milli tekvandocu Furkan Ubeyde \u00c7amo\u011flu, erkekler 54 kiloda yar\u0131 finalde H\u0131rvatistan&#8217;dan Josip Teskera&#8217;y\u0131 ma\u011flup ederek finale y\u00fckseldi. &#13; Ay-y\u0131ld\u0131zl\u0131 sporcu Furkan, finalde Konstantinos Dimitropoulos&#8217;u yenerek alt\u0131n madalyan\u0131n sahibi oldu. &#13; Bakan Bak, alt\u0131n madalya kazanan Furkan Ubeyde [&hellip;]","og_url":"https:\/\/kuzeyinsesi.org\/index.php\/2024\/05\/09\/milli-tekvandocu-camogludan-avrupa-sampiyonasinda-altin-madalya\/","og_site_name":"Kuzeyin Sesi","article_publisher":"https:\/\/www.facebook.com\/kuzeyinsesii","article_published_time":"2024-05-09T18:22:05+00:00","og_image":[{"width":1280,"height":720,"url":"https:\/\/kuzeyinsesi.org\/wp-content\/uploads\/2024\/05\/furkan-ubeyde-camogluaa-2226963.jpg","type":"image\/jpeg"}],"author":"Kuzeyin Sesi","twitter_card":"summary_large_image","twitter_creator":"@kuzeyinsesii","twitter_site":"@kuzeyinsesii","twitter_misc":{"Yazan:":"Kuzeyin Sesi","Tahmini okuma s\u00fcresi":"1 dakika"},"schema":{"@context":"https:\/\/schema.org","@graph":[{"@type":"Article","@id":"https:\/\/kuzeyinsesi.org\/index.php\/2024\/05\/09\/milli-tekvandocu-camogludan-avrupa-sampiyonasinda-altin-madalya\/#article","isPartOf":{"@id":"https:\/\/kuzeyinsesi.org\/index.php\/2024\/05\/09\/milli-tekvandocu-camogludan-avrupa-sampiyonasinda-altin-madalya\/"},"author":{"name":"Kuzeyin Sesi","@id":"https:\/\/kuzeyinsesi.org\/#\/schema\/person\/9f859689cdf01485597712386e37f5aa"},"headline":"Milli tekvandocu \u00c7amo\u011flu&#039;dan Avrupa \u015eampiyonas\u0131&#039;nda alt\u0131n madalya","datePublished":"2024-05-09T18:22:05+00:00","mainEntityOfPage":{"@id":"https:\/\/kuzeyinsesi.org\/index.php\/2024\/05\/09\/milli-tekvandocu-camogludan-avrupa-sampiyonasinda-altin-madalya\/"},"wordCount":152,"commentCount":0,"image":{"@id":"https:\/\/kuzeyinsesi.org\/index.php\/2024\/05\/09\/milli-tekvandocu-camogludan-avrupa-sampiyonasinda-altin-madalya\/#primaryimage"},"thumbnailUrl":"https:\/\/kuzeyinsesi.org\/wp-content\/uploads\/2024\/05\/furkan-ubeyde-camogluaa-2226963.jpg","articleSection":["Spor"],"inLanguage":"tr","potentialAction":[{"@type":"CommentAction","name":"Comment","target":["https:\/\/kuzeyinsesi.org\/index.php\/2024\/05\/09\/milli-tekvandocu-camogludan-avrupa-sampiyonasinda-altin-madalya\/#respond"]}]},{"@type":"WebPage","@id":"https:\/\/kuzeyinsesi.org\/index.php\/2024\/05\/09\/milli-tekvandocu-camogludan-avrupa-sampiyonasinda-altin-madalya\/","url":"https:\/\/kuzeyinsesi.org\/index.php\/2024\/05\/09\/milli-tekvandocu-camogludan-avrupa-sampiyonasinda-altin-madalya\/","name":"Milli tekvandocu \u00c7amo\u011flu&#039;dan Avrupa \u015eampiyonas\u0131&#039;nda alt\u0131n madalya - Kuzeyin Sesi","isPartOf":{"@id":"https:\/\/kuzeyinsesi.org\/#website"},"primaryImageOfPage":{"@id":"https:\/\/kuzeyinsesi.org\/index.php\/2024\/05\/09\/milli-tekvandocu-camogludan-avrupa-sampiyonasinda-altin-madalya\/#primaryimage"},"image":{"@id":"https:\/\/kuzeyinsesi.org\/index.php\/2024\/05\/09\/milli-tekvandocu-camogludan-avrupa-sampiyonasinda-altin-madalya\/#primaryimage"},"thumbnailUrl":"https:\/\/kuzeyinsesi.org\/wp-content\/uploads\/2024\/05\/furkan-ubeyde-camogluaa-2226963.jpg","datePublished":"2024-05-09T18:22:05+00:00","author":{"@id":"https:\/\/kuzeyinsesi.org\/#\/schema\/person\/9f859689cdf01485597712386e37f5aa"},"breadcrumb":{"@id":"https:\/\/kuzeyinsesi.org\/index.php\/2024\/05\/09\/milli-tekvandocu-camogludan-avrupa-sampiyonasinda-altin-madalya\/#breadcrumb"},"inLanguage":"tr","potentialAction":[{"@type":"ReadAction","target":["https:\/\/kuzeyinsesi.org\/index.php\/2024\/05\/09\/milli-tekvandocu-camogludan-avrupa-sampiyonasinda-altin-madalya\/"]}]},{"@type":"ImageObject","inLanguage":"tr","@id":"https:\/\/kuzeyinsesi.org\/index.php\/2024\/05\/09\/milli-tekvandocu-camogludan-avrupa-sampiyonasinda-altin-madalya\/#primaryimage","url":"https:\/\/kuzeyinsesi.org\/wp-content\/uploads\/2024\/05\/furkan-ubeyde-camogluaa-2226963.jpg","contentUrl":"https:\/\/kuzeyinsesi.org\/wp-content\/uploads\/2024\/05\/furkan-ubeyde-camogluaa-2226963.jpg","width":1280,"height":720},{"@type":"BreadcrumbList","@id":"https:\/\/kuzeyinsesi.org\/index.php\/2024\/05\/09\/milli-tekvandocu-camogludan-avrupa-sampiyonasinda-altin-madalya\/#breadcrumb","itemListElement":[{"@type":"ListItem","position":1,"name":"Anasayfa","item":"https:\/\/kuzeyinsesi.org\/"},{"@type":"ListItem","position":2,"name":"Milli tekvandocu \u00c7amo\u011flu&#039;dan Avrupa \u015eampiyonas\u0131&#039;nda alt\u0131n madalya"}]},{"@type":"WebSite","@id":"https:\/\/kuzeyinsesi.org\/#website","url":"https:\/\/kuzeyinsesi.org\/","name":"Kuzeyin Sesi","description":"Do\u011fru Haberin Adresi","potentialAction":[{"@type":"SearchAction","target":{"@type":"EntryPoint","urlTemplate":"https:\/\/kuzeyinsesi.org\/?s={search_term_string}"},"query-input":{"@type":"PropertyValueSpecification","valueRequired":true,"valueName":"search_term_string"}}],"inLanguage":"tr"},{"@type":"Person","@id":"https:\/\/kuzeyinsesi.org\/#\/schema\/person\/9f859689cdf01485597712386e37f5aa","name":"Kuzeyin Sesi","image":{"@type":"ImageObject","inLanguage":"tr","@id":"https:\/\/secure.gravatar.com\/avatar\/bab33852abfd8b282518d6ed81826833d77c3c882d9ab608add591ccace47a44?s=96&d=mm&r=g","url":"https:\/\/secure.gravatar.com\/avatar\/bab33852abfd8b282518d6ed81826833d77c3c882d9ab608add591ccace47a44?s=96&d=mm&r=g","contentUrl":"https:\/\/secure.gravatar.com\/avatar\/bab33852abfd8b282518d6ed81826833d77c3c882d9ab608add591ccace47a44?s=96&d=mm&r=g","caption":"Kuzeyin Sesi"},"sameAs":["https:\/\/kuzeyinsesi.org"],"url":"https:\/\/kuzeyinsesi.org\/index.php\/author\/guven\/"}]}},"_links":{"self":[{"href":"https:\/\/kuzeyinsesi.org\/index.php\/wp-json\/wp\/v2\/posts\/1890","targetHints":{"allow":["GET"]}}],"collection":[{"href":"https:\/\/kuzeyinsesi.org\/index.php\/wp-json\/wp\/v2\/posts"}],"about":[{"href":"https:\/\/kuzeyinsesi.org\/index.php\/wp-json\/wp\/v2\/types\/post"}],"author":[{"embeddable":true,"href":"https:\/\/kuzeyinsesi.org\/index.php\/wp-json\/wp\/v2\/users\/1"}],"replies":[{"embeddable":true,"href":"https:\/\/kuzeyinsesi.org\/index.php\/wp-json\/wp\/v2\/comments?post=1890"}],"version-history":[{"count":0,"href":"https:\/\/kuzeyinsesi.org\/index.php\/wp-json\/wp\/v2\/posts\/1890\/revisions"}],"wp:featuredmedia":[{"embeddable":true,"href":"https:\/\/kuzeyinsesi.org\/index.php\/wp-json\/wp\/v2\/media\/1891"}],"wp:attachment":[{"href":"https:\/\/kuzeyinsesi.org\/index.php\/wp-json\/wp\/v2\/media?parent=1890"}],"wp:term":[{"taxonomy":"category","embeddable":true,"href":"https:\/\/kuzeyinsesi.org\/index.php\/wp-json\/wp\/v2\/categories?post=1890"},{"taxonomy":"post_tag","embeddable":true,"href":"https:\/\/kuzeyinsesi.org\/index.php\/wp-json\/wp\/v2\/tags?post=1890"}],"curies":[{"name":"wp","href":"https:\/\/api.w.org\/{rel}","templated":true}]}}