{"id":18896,"date":"2025-02-11T14:03:18","date_gmt":"2025-02-11T12:03:18","guid":{"rendered":"https:\/\/kuzeyinsesi.org\/index.php\/2025\/02\/11\/vuda-sarmalari-adli-kitap-yayimlandi\/"},"modified":"2025-02-11T14:03:18","modified_gmt":"2025-02-11T12:03:18","slug":"vuda-sarmalari-adli-kitap-yayimlandi","status":"publish","type":"post","link":"https:\/\/kuzeyinsesi.org\/index.php\/2025\/02\/11\/vuda-sarmalari-adli-kitap-yayimlandi\/","title":{"rendered":"\u201cVuda Sarmalar\u0131\u201d adl\u0131 kitap yay\u0131mland\u0131"},"content":{"rendered":"<div>\n<div class=\"mariselle-image-container center\">\n                                            <\/div>\n<p>Larnaka\u2019ya ba\u011fl\u0131 Vuda k\u00f6yl\u00fclerinin ge\u00e7mi\u015ften g\u00fcn\u00fcm\u00fcze mizahi anlat\u0131lar\u0131n\u0131 (sarmalar\u0131n\u0131) Cengiz Ozaner\u2019in anlat\u0131m\u0131yla kaleme alan Aysan \u00d6zerta\u015f \u00d6zcezarl\u0131\u2019n\u0131n (AySaNcA) \u201cVuda Sarmalar\u0131\u201d adl\u0131 kitab\u0131 yay\u0131mland\u0131.<\/p>\n<p>Aysan \u00d6zerta\u015f \u00d6zcezarl\u0131\u2019n\u0131n sekizinci kitab\u0131 olan eser, k\u0131demli veteriner hekim Cengiz Ozaner\u2019in anlat\u0131mlar\u0131n\u0131n \u00d6zcezarl\u0131 taraf\u0131ndan kurgulan\u0131p kaleme al\u0131nmas\u0131yla haz\u0131rland\u0131.<\/p>\n<p>Ger\u00e7ek hayattan derlenen \u00f6yk\u00fclerin yer ald\u0131\u011f\u0131 266 sayfal\u0131k kitab\u0131n edit\u00f6rl\u00fc\u011f\u00fcn\u00fc Orkun Bozkurt, kapa\u011f\u0131n\u0131 Bala Kabak yapt\u0131. Kitab\u0131n \u00f6n s\u00f6z\u00fcn\u00fc de \u0130smail Bozkurt yazd\u0131.<\/p>\n<p>Kitab\u0131n tan\u0131t\u0131m etkinli\u011fi, 17 \u015eubat Pazartesi saat 18.30\u2019da LTB\u2019ye ait Merkez Lefko\u015fa\u2019da; 24 \u015eubat Pazartesi de ayn\u0131 saatte \u0130skele D\u00fc\u011f\u00fcn Salonu\u2019nda yer alacak.<\/p>\n<\/p><\/div>\n<p><script async\n                    defer\n                    crossorigin=\"anonymous\"\n                    src=\"https:\/\/connect.facebook.net\/tr_TR\/sdk.js#xfbml=1&#038;version=v3.3\"\n            ><\/script><\/p>\n","protected":false},"excerpt":{"rendered":"<p>Larnaka\u2019ya ba\u011fl\u0131 Vuda k\u00f6yl\u00fclerinin ge\u00e7mi\u015ften g\u00fcn\u00fcm\u00fcze mizahi anlat\u0131lar\u0131n\u0131 (sarmalar\u0131n\u0131) Cengiz Ozaner\u2019in anlat\u0131m\u0131yla kaleme alan Aysan \u00d6zerta\u015f \u00d6zcezarl\u0131\u2019n\u0131n (AySaNcA) \u201cVuda Sarmalar\u0131\u201d adl\u0131 kitab\u0131 yay\u0131mland\u0131. Aysan \u00d6zerta\u015f \u00d6zcezarl\u0131\u2019n\u0131n sekizinci kitab\u0131 olan eser, k\u0131demli veteriner hekim Cengiz Ozaner\u2019in anlat\u0131mlar\u0131n\u0131n \u00d6zcezarl\u0131 taraf\u0131ndan kurgulan\u0131p kaleme al\u0131nmas\u0131yla haz\u0131rland\u0131. Ger\u00e7ek hayattan derlenen \u00f6yk\u00fclerin yer ald\u0131\u011f\u0131 266 sayfal\u0131k kitab\u0131n edit\u00f6rl\u00fc\u011f\u00fcn\u00fc Orkun Bozkurt, kapa\u011f\u0131n\u0131 [&hellip;]<\/p>\n","protected":false},"author":1,"featured_media":18897,"comment_status":"open","ping_status":"open","sticky":false,"template":"","format":"standard","meta":{"jnews-multi-image_gallery":[],"jnews_single_post":[],"jnews_primary_category":[],"jnews_social_meta":[],"jnews_override_counter":[],"footnotes":""},"categories":[6],"tags":[],"class_list":["post-18896","post","type-post","status-publish","format-standard","has-post-thumbnail","hentry","category-yasam"],"yoast_head":"<!-- This site is optimized with the Yoast SEO plugin v27.4 - https:\/\/yoast.com\/product\/yoast-seo-wordpress\/ -->\n<title>\u201cVuda Sarmalar\u0131\u201d adl\u0131 kitap yay\u0131mland\u0131 - Kuzeyin Sesi<\/title>\n<meta name=\"robots\" content=\"index, follow, max-snippet:-1, max-image-preview:large, max-video-preview:-1\" \/>\n<link rel=\"canonical\" href=\"https:\/\/kuzeyinsesi.org\/index.php\/2025\/02\/11\/vuda-sarmalari-adli-kitap-yayimlandi\/\" \/>\n<meta property=\"og:locale\" content=\"tr_TR\" \/>\n<meta property=\"og:type\" content=\"article\" \/>\n<meta property=\"og:title\" content=\"\u201cVuda Sarmalar\u0131\u201d adl\u0131 kitap yay\u0131mland\u0131 - Kuzeyin Sesi\" \/>\n<meta property=\"og:description\" content=\"Larnaka\u2019ya ba\u011fl\u0131 Vuda k\u00f6yl\u00fclerinin ge\u00e7mi\u015ften g\u00fcn\u00fcm\u00fcze mizahi anlat\u0131lar\u0131n\u0131 (sarmalar\u0131n\u0131) Cengiz Ozaner\u2019in anlat\u0131m\u0131yla kaleme alan Aysan \u00d6zerta\u015f \u00d6zcezarl\u0131\u2019n\u0131n (AySaNcA) \u201cVuda Sarmalar\u0131\u201d adl\u0131 kitab\u0131 yay\u0131mland\u0131. Aysan \u00d6zerta\u015f \u00d6zcezarl\u0131\u2019n\u0131n sekizinci kitab\u0131 olan eser, k\u0131demli veteriner hekim Cengiz Ozaner\u2019in anlat\u0131mlar\u0131n\u0131n \u00d6zcezarl\u0131 taraf\u0131ndan kurgulan\u0131p kaleme al\u0131nmas\u0131yla haz\u0131rland\u0131. Ger\u00e7ek hayattan derlenen \u00f6yk\u00fclerin yer ald\u0131\u011f\u0131 266 sayfal\u0131k kitab\u0131n edit\u00f6rl\u00fc\u011f\u00fcn\u00fc Orkun Bozkurt, kapa\u011f\u0131n\u0131 [&hellip;]\" \/>\n<meta property=\"og:url\" content=\"https:\/\/kuzeyinsesi.org\/index.php\/2025\/02\/11\/vuda-sarmalari-adli-kitap-yayimlandi\/\" \/>\n<meta property=\"og:site_name\" content=\"Kuzeyin Sesi\" \/>\n<meta property=\"article:publisher\" content=\"https:\/\/www.facebook.com\/kuzeyinsesii\" \/>\n<meta property=\"article:published_time\" content=\"2025-02-11T12:03:18+00:00\" \/>\n<meta property=\"og:image\" content=\"https:\/\/brtk.net\/wp-content\/uploads\/2025\/02\/11\/289379273492.jpg?ver=cc34c8e6a3b0be61a37d16bc085c41a4\" \/>\n<meta name=\"author\" content=\"Kuzeyin Sesi\" \/>\n<meta name=\"twitter:card\" content=\"summary_large_image\" \/>\n<meta name=\"twitter:creator\" content=\"@kuzeyinsesii\" \/>\n<meta name=\"twitter:site\" content=\"@kuzeyinsesii\" \/>\n<meta name=\"twitter:label1\" content=\"Yazan:\" \/>\n\t<meta name=\"twitter:data1\" content=\"Kuzeyin Sesi\" \/>\n\t<meta name=\"twitter:label2\" content=\"Tahmini okuma s\u00fcresi\" \/>\n\t<meta name=\"twitter:data2\" content=\"1 dakika\" \/>\n<script type=\"application\/ld+json\" class=\"yoast-schema-graph\">{\"@context\":\"https:\\\/\\\/schema.org\",\"@graph\":[{\"@type\":\"Article\",\"@id\":\"https:\\\/\\\/kuzeyinsesi.org\\\/index.php\\\/2025\\\/02\\\/11\\\/vuda-sarmalari-adli-kitap-yayimlandi\\\/#article\",\"isPartOf\":{\"@id\":\"https:\\\/\\\/kuzeyinsesi.org\\\/index.php\\\/2025\\\/02\\\/11\\\/vuda-sarmalari-adli-kitap-yayimlandi\\\/\"},\"author\":{\"name\":\"Kuzeyin Sesi\",\"@id\":\"https:\\\/\\\/kuzeyinsesi.org\\\/#\\\/schema\\\/person\\\/9f859689cdf01485597712386e37f5aa\"},\"headline\":\"\u201cVuda Sarmalar\u0131\u201d adl\u0131 kitap yay\u0131mland\u0131\",\"datePublished\":\"2025-02-11T12:03:18+00:00\",\"mainEntityOfPage\":{\"@id\":\"https:\\\/\\\/kuzeyinsesi.org\\\/index.php\\\/2025\\\/02\\\/11\\\/vuda-sarmalari-adli-kitap-yayimlandi\\\/\"},\"wordCount\":140,\"commentCount\":0,\"image\":{\"@id\":\"https:\\\/\\\/kuzeyinsesi.org\\\/index.php\\\/2025\\\/02\\\/11\\\/vuda-sarmalari-adli-kitap-yayimlandi\\\/#primaryimage\"},\"thumbnailUrl\":\"https:\\\/\\\/kuzeyinsesi.org\\\/wp-content\\\/uploads\\\/2025\\\/02\\\/289379273492.jpg\",\"articleSection\":[\"Ya\u015fam\"],\"inLanguage\":\"tr\",\"potentialAction\":[{\"@type\":\"CommentAction\",\"name\":\"Comment\",\"target\":[\"https:\\\/\\\/kuzeyinsesi.org\\\/index.php\\\/2025\\\/02\\\/11\\\/vuda-sarmalari-adli-kitap-yayimlandi\\\/#respond\"]}]},{\"@type\":\"WebPage\",\"@id\":\"https:\\\/\\\/kuzeyinsesi.org\\\/index.php\\\/2025\\\/02\\\/11\\\/vuda-sarmalari-adli-kitap-yayimlandi\\\/\",\"url\":\"https:\\\/\\\/kuzeyinsesi.org\\\/index.php\\\/2025\\\/02\\\/11\\\/vuda-sarmalari-adli-kitap-yayimlandi\\\/\",\"name\":\"\u201cVuda Sarmalar\u0131\u201d adl\u0131 kitap yay\u0131mland\u0131 - Kuzeyin Sesi\",\"isPartOf\":{\"@id\":\"https:\\\/\\\/kuzeyinsesi.org\\\/#website\"},\"primaryImageOfPage\":{\"@id\":\"https:\\\/\\\/kuzeyinsesi.org\\\/index.php\\\/2025\\\/02\\\/11\\\/vuda-sarmalari-adli-kitap-yayimlandi\\\/#primaryimage\"},\"image\":{\"@id\":\"https:\\\/\\\/kuzeyinsesi.org\\\/index.php\\\/2025\\\/02\\\/11\\\/vuda-sarmalari-adli-kitap-yayimlandi\\\/#primaryimage\"},\"thumbnailUrl\":\"https:\\\/\\\/kuzeyinsesi.org\\\/wp-content\\\/uploads\\\/2025\\\/02\\\/289379273492.jpg\",\"datePublished\":\"2025-02-11T12:03:18+00:00\",\"author\":{\"@id\":\"https:\\\/\\\/kuzeyinsesi.org\\\/#\\\/schema\\\/person\\\/9f859689cdf01485597712386e37f5aa\"},\"breadcrumb\":{\"@id\":\"https:\\\/\\\/kuzeyinsesi.org\\\/index.php\\\/2025\\\/02\\\/11\\\/vuda-sarmalari-adli-kitap-yayimlandi\\\/#breadcrumb\"},\"inLanguage\":\"tr\",\"potentialAction\":[{\"@type\":\"ReadAction\",\"target\":[\"https:\\\/\\\/kuzeyinsesi.org\\\/index.php\\\/2025\\\/02\\\/11\\\/vuda-sarmalari-adli-kitap-yayimlandi\\\/\"]}]},{\"@type\":\"ImageObject\",\"inLanguage\":\"tr\",\"@id\":\"https:\\\/\\\/kuzeyinsesi.org\\\/index.php\\\/2025\\\/02\\\/11\\\/vuda-sarmalari-adli-kitap-yayimlandi\\\/#primaryimage\",\"url\":\"https:\\\/\\\/kuzeyinsesi.org\\\/wp-content\\\/uploads\\\/2025\\\/02\\\/289379273492.jpg\",\"contentUrl\":\"https:\\\/\\\/kuzeyinsesi.org\\\/wp-content\\\/uploads\\\/2025\\\/02\\\/289379273492.jpg\",\"width\":1024,\"height\":725},{\"@type\":\"BreadcrumbList\",\"@id\":\"https:\\\/\\\/kuzeyinsesi.org\\\/index.php\\\/2025\\\/02\\\/11\\\/vuda-sarmalari-adli-kitap-yayimlandi\\\/#breadcrumb\",\"itemListElement\":[{\"@type\":\"ListItem\",\"position\":1,\"name\":\"Anasayfa\",\"item\":\"https:\\\/\\\/kuzeyinsesi.org\\\/\"},{\"@type\":\"ListItem\",\"position\":2,\"name\":\"\u201cVuda Sarmalar\u0131\u201d adl\u0131 kitap yay\u0131mland\u0131\"}]},{\"@type\":\"WebSite\",\"@id\":\"https:\\\/\\\/kuzeyinsesi.org\\\/#website\",\"url\":\"https:\\\/\\\/kuzeyinsesi.org\\\/\",\"name\":\"Kuzeyin Sesi\",\"description\":\"Do\u011fru Haberin Adresi\",\"potentialAction\":[{\"@type\":\"SearchAction\",\"target\":{\"@type\":\"EntryPoint\",\"urlTemplate\":\"https:\\\/\\\/kuzeyinsesi.org\\\/?s={search_term_string}\"},\"query-input\":{\"@type\":\"PropertyValueSpecification\",\"valueRequired\":true,\"valueName\":\"search_term_string\"}}],\"inLanguage\":\"tr\"},{\"@type\":\"Person\",\"@id\":\"https:\\\/\\\/kuzeyinsesi.org\\\/#\\\/schema\\\/person\\\/9f859689cdf01485597712386e37f5aa\",\"name\":\"Kuzeyin Sesi\",\"image\":{\"@type\":\"ImageObject\",\"inLanguage\":\"tr\",\"@id\":\"https:\\\/\\\/secure.gravatar.com\\\/avatar\\\/bab33852abfd8b282518d6ed81826833d77c3c882d9ab608add591ccace47a44?s=96&d=mm&r=g\",\"url\":\"https:\\\/\\\/secure.gravatar.com\\\/avatar\\\/bab33852abfd8b282518d6ed81826833d77c3c882d9ab608add591ccace47a44?s=96&d=mm&r=g\",\"contentUrl\":\"https:\\\/\\\/secure.gravatar.com\\\/avatar\\\/bab33852abfd8b282518d6ed81826833d77c3c882d9ab608add591ccace47a44?s=96&d=mm&r=g\",\"caption\":\"Kuzeyin Sesi\"},\"sameAs\":[\"https:\\\/\\\/kuzeyinsesi.org\"],\"url\":\"https:\\\/\\\/kuzeyinsesi.org\\\/index.php\\\/author\\\/guven\\\/\"}]}<\/script>\n<!-- \/ Yoast SEO plugin. -->","yoast_head_json":{"title":"\u201cVuda Sarmalar\u0131\u201d adl\u0131 kitap yay\u0131mland\u0131 - Kuzeyin Sesi","robots":{"index":"index","follow":"follow","max-snippet":"max-snippet:-1","max-image-preview":"max-image-preview:large","max-video-preview":"max-video-preview:-1"},"canonical":"https:\/\/kuzeyinsesi.org\/index.php\/2025\/02\/11\/vuda-sarmalari-adli-kitap-yayimlandi\/","og_locale":"tr_TR","og_type":"article","og_title":"\u201cVuda Sarmalar\u0131\u201d adl\u0131 kitap yay\u0131mland\u0131 - Kuzeyin Sesi","og_description":"Larnaka\u2019ya ba\u011fl\u0131 Vuda k\u00f6yl\u00fclerinin ge\u00e7mi\u015ften g\u00fcn\u00fcm\u00fcze mizahi anlat\u0131lar\u0131n\u0131 (sarmalar\u0131n\u0131) Cengiz Ozaner\u2019in anlat\u0131m\u0131yla kaleme alan Aysan \u00d6zerta\u015f \u00d6zcezarl\u0131\u2019n\u0131n (AySaNcA) \u201cVuda Sarmalar\u0131\u201d adl\u0131 kitab\u0131 yay\u0131mland\u0131. Aysan \u00d6zerta\u015f \u00d6zcezarl\u0131\u2019n\u0131n sekizinci kitab\u0131 olan eser, k\u0131demli veteriner hekim Cengiz Ozaner\u2019in anlat\u0131mlar\u0131n\u0131n \u00d6zcezarl\u0131 taraf\u0131ndan kurgulan\u0131p kaleme al\u0131nmas\u0131yla haz\u0131rland\u0131. Ger\u00e7ek hayattan derlenen \u00f6yk\u00fclerin yer ald\u0131\u011f\u0131 266 sayfal\u0131k kitab\u0131n edit\u00f6rl\u00fc\u011f\u00fcn\u00fc Orkun Bozkurt, kapa\u011f\u0131n\u0131 [&hellip;]","og_url":"https:\/\/kuzeyinsesi.org\/index.php\/2025\/02\/11\/vuda-sarmalari-adli-kitap-yayimlandi\/","og_site_name":"Kuzeyin Sesi","article_publisher":"https:\/\/www.facebook.com\/kuzeyinsesii","article_published_time":"2025-02-11T12:03:18+00:00","og_image":[{"url":"https:\/\/brtk.net\/wp-content\/uploads\/2025\/02\/11\/289379273492.jpg?ver=cc34c8e6a3b0be61a37d16bc085c41a4","type":"","width":"","height":""}],"author":"Kuzeyin Sesi","twitter_card":"summary_large_image","twitter_creator":"@kuzeyinsesii","twitter_site":"@kuzeyinsesii","twitter_misc":{"Yazan:":"Kuzeyin Sesi","Tahmini okuma s\u00fcresi":"1 dakika"},"schema":{"@context":"https:\/\/schema.org","@graph":[{"@type":"Article","@id":"https:\/\/kuzeyinsesi.org\/index.php\/2025\/02\/11\/vuda-sarmalari-adli-kitap-yayimlandi\/#article","isPartOf":{"@id":"https:\/\/kuzeyinsesi.org\/index.php\/2025\/02\/11\/vuda-sarmalari-adli-kitap-yayimlandi\/"},"author":{"name":"Kuzeyin Sesi","@id":"https:\/\/kuzeyinsesi.org\/#\/schema\/person\/9f859689cdf01485597712386e37f5aa"},"headline":"\u201cVuda Sarmalar\u0131\u201d adl\u0131 kitap yay\u0131mland\u0131","datePublished":"2025-02-11T12:03:18+00:00","mainEntityOfPage":{"@id":"https:\/\/kuzeyinsesi.org\/index.php\/2025\/02\/11\/vuda-sarmalari-adli-kitap-yayimlandi\/"},"wordCount":140,"commentCount":0,"image":{"@id":"https:\/\/kuzeyinsesi.org\/index.php\/2025\/02\/11\/vuda-sarmalari-adli-kitap-yayimlandi\/#primaryimage"},"thumbnailUrl":"https:\/\/kuzeyinsesi.org\/wp-content\/uploads\/2025\/02\/289379273492.jpg","articleSection":["Ya\u015fam"],"inLanguage":"tr","potentialAction":[{"@type":"CommentAction","name":"Comment","target":["https:\/\/kuzeyinsesi.org\/index.php\/2025\/02\/11\/vuda-sarmalari-adli-kitap-yayimlandi\/#respond"]}]},{"@type":"WebPage","@id":"https:\/\/kuzeyinsesi.org\/index.php\/2025\/02\/11\/vuda-sarmalari-adli-kitap-yayimlandi\/","url":"https:\/\/kuzeyinsesi.org\/index.php\/2025\/02\/11\/vuda-sarmalari-adli-kitap-yayimlandi\/","name":"\u201cVuda Sarmalar\u0131\u201d adl\u0131 kitap yay\u0131mland\u0131 - Kuzeyin Sesi","isPartOf":{"@id":"https:\/\/kuzeyinsesi.org\/#website"},"primaryImageOfPage":{"@id":"https:\/\/kuzeyinsesi.org\/index.php\/2025\/02\/11\/vuda-sarmalari-adli-kitap-yayimlandi\/#primaryimage"},"image":{"@id":"https:\/\/kuzeyinsesi.org\/index.php\/2025\/02\/11\/vuda-sarmalari-adli-kitap-yayimlandi\/#primaryimage"},"thumbnailUrl":"https:\/\/kuzeyinsesi.org\/wp-content\/uploads\/2025\/02\/289379273492.jpg","datePublished":"2025-02-11T12:03:18+00:00","author":{"@id":"https:\/\/kuzeyinsesi.org\/#\/schema\/person\/9f859689cdf01485597712386e37f5aa"},"breadcrumb":{"@id":"https:\/\/kuzeyinsesi.org\/index.php\/2025\/02\/11\/vuda-sarmalari-adli-kitap-yayimlandi\/#breadcrumb"},"inLanguage":"tr","potentialAction":[{"@type":"ReadAction","target":["https:\/\/kuzeyinsesi.org\/index.php\/2025\/02\/11\/vuda-sarmalari-adli-kitap-yayimlandi\/"]}]},{"@type":"ImageObject","inLanguage":"tr","@id":"https:\/\/kuzeyinsesi.org\/index.php\/2025\/02\/11\/vuda-sarmalari-adli-kitap-yayimlandi\/#primaryimage","url":"https:\/\/kuzeyinsesi.org\/wp-content\/uploads\/2025\/02\/289379273492.jpg","contentUrl":"https:\/\/kuzeyinsesi.org\/wp-content\/uploads\/2025\/02\/289379273492.jpg","width":1024,"height":725},{"@type":"BreadcrumbList","@id":"https:\/\/kuzeyinsesi.org\/index.php\/2025\/02\/11\/vuda-sarmalari-adli-kitap-yayimlandi\/#breadcrumb","itemListElement":[{"@type":"ListItem","position":1,"name":"Anasayfa","item":"https:\/\/kuzeyinsesi.org\/"},{"@type":"ListItem","position":2,"name":"\u201cVuda Sarmalar\u0131\u201d adl\u0131 kitap yay\u0131mland\u0131"}]},{"@type":"WebSite","@id":"https:\/\/kuzeyinsesi.org\/#website","url":"https:\/\/kuzeyinsesi.org\/","name":"Kuzeyin Sesi","description":"Do\u011fru Haberin Adresi","potentialAction":[{"@type":"SearchAction","target":{"@type":"EntryPoint","urlTemplate":"https:\/\/kuzeyinsesi.org\/?s={search_term_string}"},"query-input":{"@type":"PropertyValueSpecification","valueRequired":true,"valueName":"search_term_string"}}],"inLanguage":"tr"},{"@type":"Person","@id":"https:\/\/kuzeyinsesi.org\/#\/schema\/person\/9f859689cdf01485597712386e37f5aa","name":"Kuzeyin Sesi","image":{"@type":"ImageObject","inLanguage":"tr","@id":"https:\/\/secure.gravatar.com\/avatar\/bab33852abfd8b282518d6ed81826833d77c3c882d9ab608add591ccace47a44?s=96&d=mm&r=g","url":"https:\/\/secure.gravatar.com\/avatar\/bab33852abfd8b282518d6ed81826833d77c3c882d9ab608add591ccace47a44?s=96&d=mm&r=g","contentUrl":"https:\/\/secure.gravatar.com\/avatar\/bab33852abfd8b282518d6ed81826833d77c3c882d9ab608add591ccace47a44?s=96&d=mm&r=g","caption":"Kuzeyin Sesi"},"sameAs":["https:\/\/kuzeyinsesi.org"],"url":"https:\/\/kuzeyinsesi.org\/index.php\/author\/guven\/"}]}},"_links":{"self":[{"href":"https:\/\/kuzeyinsesi.org\/index.php\/wp-json\/wp\/v2\/posts\/18896","targetHints":{"allow":["GET"]}}],"collection":[{"href":"https:\/\/kuzeyinsesi.org\/index.php\/wp-json\/wp\/v2\/posts"}],"about":[{"href":"https:\/\/kuzeyinsesi.org\/index.php\/wp-json\/wp\/v2\/types\/post"}],"author":[{"embeddable":true,"href":"https:\/\/kuzeyinsesi.org\/index.php\/wp-json\/wp\/v2\/users\/1"}],"replies":[{"embeddable":true,"href":"https:\/\/kuzeyinsesi.org\/index.php\/wp-json\/wp\/v2\/comments?post=18896"}],"version-history":[{"count":0,"href":"https:\/\/kuzeyinsesi.org\/index.php\/wp-json\/wp\/v2\/posts\/18896\/revisions"}],"wp:featuredmedia":[{"embeddable":true,"href":"https:\/\/kuzeyinsesi.org\/index.php\/wp-json\/wp\/v2\/media\/18897"}],"wp:attachment":[{"href":"https:\/\/kuzeyinsesi.org\/index.php\/wp-json\/wp\/v2\/media?parent=18896"}],"wp:term":[{"taxonomy":"category","embeddable":true,"href":"https:\/\/kuzeyinsesi.org\/index.php\/wp-json\/wp\/v2\/categories?post=18896"},{"taxonomy":"post_tag","embeddable":true,"href":"https:\/\/kuzeyinsesi.org\/index.php\/wp-json\/wp\/v2\/tags?post=18896"}],"curies":[{"name":"wp","href":"https:\/\/api.w.org\/{rel}","templated":true}]}}