{"id":18846,"date":"2025-02-10T15:33:45","date_gmt":"2025-02-10T13:33:45","guid":{"rendered":"https:\/\/kuzeyinsesi.org\/index.php\/2025\/02\/10\/turksoy-uluslararasi-tiyatro-odulleri-istanbulda-sahiplerini-buldu-ayla-hasmetli-de-odul-aldi\/"},"modified":"2025-02-10T15:33:45","modified_gmt":"2025-02-10T13:33:45","slug":"turksoy-uluslararasi-tiyatro-odulleri-istanbulda-sahiplerini-buldu-ayla-hasmetli-de-odul-aldi","status":"publish","type":"post","link":"https:\/\/kuzeyinsesi.org\/index.php\/2025\/02\/10\/turksoy-uluslararasi-tiyatro-odulleri-istanbulda-sahiplerini-buldu-ayla-hasmetli-de-odul-aldi\/","title":{"rendered":"T\u00dcRKSOY Uluslararas\u0131 Tiyatro \u00d6d\u00fclleri \u0130stanbul\u2019da sahiplerini buldu. Ayla Ha\u015fmetli de \u00f6d\u00fcl ald\u0131"},"content":{"rendered":"<div>\n<div class=\"mariselle-image-container none\">\n                                            <\/div>\n<p>Uluslararas\u0131 T\u00fcrk K\u00fclt\u00fcr\u00fc Te\u015fkilat\u0131 (T\u00dcRKSOY) Uluslararas\u0131 Tiyatro \u00d6d\u00fclleri organizasyonunda, K\u0131br\u0131sl\u0131 T\u00fcrk tiyatro oyuncusu Ayla Ha\u015fmetli de \u00f6d\u00fcl ald\u0131.<\/p>\n<p>K\u00fclt\u00fcr Dairesi\u2019nden verilen bilgiye g\u00f6re, K\u0131br\u0131sl\u0131 T\u00fcrk Tiyatro Oyuncusu Ayla Ha\u015fmetli \u201cT\u00fcrk D\u00fcnyas\u0131\u2019n\u0131n En \u0130yi Kad\u0131n Tiyatro Oyuncusu\u201d kategorisinde \u00f6d\u00fcle lay\u0131k g\u00f6r\u00fcld\u00fc.\u00a0Ba\u015fbakan Yard\u0131mc\u0131l\u0131\u011f\u0131 Turizm K\u00fclt\u00fcr Gen\u00e7lik ve \u00c7evre Bakanl\u0131\u011f\u0131\u2019na ba\u011fl\u0131 K\u00fclt\u00fcr Dairesi\u2019nin koordinasyonuyla, KKTC\u2019nin de temsil edildi\u011fi T\u00dcRKSOY Uluslararas\u0131 Tiyatro \u00d6d\u00fclleri t\u00f6reni \u0130stanbul\u2019da ger\u00e7ekle\u015ftirildi.<\/p>\n<p>T\u00dcRKSOY Uluslararas\u0131 Tiyatro \u00d6d\u00fcl\u00fc, farkl\u0131 kategorilerde, Azerbaycan, Kazakistan, K\u0131rg\u0131zistan, \u00d6zbekistan, T\u00fcrkiye ve KKTC\u2019den ba\u015far\u0131l\u0131 bulunan tiyatro sanat\u00e7\u0131lar\u0131na veriliyor.<\/p>\n<p>Kategorilere g\u00f6re \u00f6d\u00fcl alan sanat\u00e7\u0131lar \u015f\u00f6yle:<\/p>\n<p>\u201cKKTC\u2019den Tiyatro Oyuncusu Ayla Ha\u015fmetli, T\u00fcrk D\u00fcnyas\u0131\u2019n\u0131n En \u0130yi Kad\u0131n Tiyatro Oyuncusu kategorisinde;<\/p>\n<p>Azerbaycan Devlet Sanat\u00e7\u0131s\u0131, Tiyatro ve Sinema Oyuncusu Fahrettin Manafov \u201cT\u00fcrk D\u00fcnyas\u0131\u2019n\u0131n En \u0130yi Erkek Tiyatro Oyuncusu kategorisinde;<\/p>\n<p>Kazakistan Oyun Yazar\u0131 Duman Ramazan, T\u00fcrk D\u00fcnyas\u0131\u2019n\u0131n En \u0130yi Tiyatro Oyun Yazar\u0131 kategorisinde; \u00a0<\/p>\n<p>K\u0131rg\u0131zistan Iss\u0131k-G\u00f6l Vilayeti K. Janto\u015fev M\u00fczik Dram Tiyatrosu Y\u00f6netmeni Ulanm\u0131rza Kar\u0131pbaev \u201cT\u00fcrk D\u00fcnyas\u0131\u2019n\u0131n En \u0130yi Tiyatro Y\u00f6netmeni\u201d kategorisinde;<\/p>\n<p>Mukimi ad\u0131ndaki \u00d6zbekistan Devlet M\u00fczik Tiyatrosu\u2019nun Ba\u015f Ressam\u0131 Jaloliddin Rahimov \u201cT\u00fcrk D\u00fcnyas\u0131\u2019n\u0131n En \u0130yi Dekor Tasar\u0131mc\u0131s\u0131\u201d kategorisinde;<\/p>\n<p>T\u00fcrkiye Dokuz Eyl\u00fcl \u00dcniversitesi, G\u00fczel Sanatlar Fak\u00fcltesi, Sahne Sanatlar\u0131 B\u00f6l\u00fcm\u00fc \u00d6\u011fretim \u00dcyesi Do\u00e7. Dr. Sibel Erdenk, T\u00fcrk D\u00fcnyas\u0131\u2019n\u0131n En \u0130yi Tiyatro Koreografisi kategorisinde.\u201d<\/p>\n<\/p><\/div>\n<p><script async\n                    defer\n                    crossorigin=\"anonymous\"\n                    src=\"https:\/\/connect.facebook.net\/tr_TR\/sdk.js#xfbml=1&#038;version=v3.3\"\n            ><\/script><\/p>\n","protected":false},"excerpt":{"rendered":"<p>Uluslararas\u0131 T\u00fcrk K\u00fclt\u00fcr\u00fc Te\u015fkilat\u0131 (T\u00dcRKSOY) Uluslararas\u0131 Tiyatro \u00d6d\u00fclleri organizasyonunda, K\u0131br\u0131sl\u0131 T\u00fcrk tiyatro oyuncusu Ayla Ha\u015fmetli de \u00f6d\u00fcl ald\u0131. K\u00fclt\u00fcr Dairesi\u2019nden verilen bilgiye g\u00f6re, K\u0131br\u0131sl\u0131 T\u00fcrk Tiyatro Oyuncusu Ayla Ha\u015fmetli \u201cT\u00fcrk D\u00fcnyas\u0131\u2019n\u0131n En \u0130yi Kad\u0131n Tiyatro Oyuncusu\u201d kategorisinde \u00f6d\u00fcle lay\u0131k g\u00f6r\u00fcld\u00fc.\u00a0Ba\u015fbakan Yard\u0131mc\u0131l\u0131\u011f\u0131 Turizm K\u00fclt\u00fcr Gen\u00e7lik ve \u00c7evre Bakanl\u0131\u011f\u0131\u2019na ba\u011fl\u0131 K\u00fclt\u00fcr Dairesi\u2019nin koordinasyonuyla, KKTC\u2019nin de temsil edildi\u011fi [&hellip;]<\/p>\n","protected":false},"author":1,"featured_media":18847,"comment_status":"open","ping_status":"open","sticky":false,"template":"","format":"standard","meta":{"jnews-multi-image_gallery":[],"jnews_single_post":[],"jnews_primary_category":[],"jnews_social_meta":[],"jnews_override_counter":[],"footnotes":""},"categories":[6],"tags":[],"class_list":["post-18846","post","type-post","status-publish","format-standard","has-post-thumbnail","hentry","category-yasam"],"yoast_head":"<!-- This site is optimized with the Yoast SEO plugin v27.4 - https:\/\/yoast.com\/product\/yoast-seo-wordpress\/ -->\n<title>T\u00dcRKSOY Uluslararas\u0131 Tiyatro \u00d6d\u00fclleri \u0130stanbul\u2019da sahiplerini buldu. Ayla Ha\u015fmetli de \u00f6d\u00fcl ald\u0131 - Kuzeyin Sesi<\/title>\n<meta name=\"robots\" content=\"index, follow, max-snippet:-1, max-image-preview:large, max-video-preview:-1\" \/>\n<link rel=\"canonical\" href=\"https:\/\/kuzeyinsesi.org\/index.php\/2025\/02\/10\/turksoy-uluslararasi-tiyatro-odulleri-istanbulda-sahiplerini-buldu-ayla-hasmetli-de-odul-aldi\/\" \/>\n<meta property=\"og:locale\" content=\"tr_TR\" \/>\n<meta property=\"og:type\" content=\"article\" \/>\n<meta property=\"og:title\" content=\"T\u00dcRKSOY Uluslararas\u0131 Tiyatro \u00d6d\u00fclleri \u0130stanbul\u2019da sahiplerini buldu. Ayla Ha\u015fmetli de \u00f6d\u00fcl ald\u0131 - Kuzeyin Sesi\" \/>\n<meta property=\"og:description\" content=\"Uluslararas\u0131 T\u00fcrk K\u00fclt\u00fcr\u00fc Te\u015fkilat\u0131 (T\u00dcRKSOY) Uluslararas\u0131 Tiyatro \u00d6d\u00fclleri organizasyonunda, K\u0131br\u0131sl\u0131 T\u00fcrk tiyatro oyuncusu Ayla Ha\u015fmetli de \u00f6d\u00fcl ald\u0131. K\u00fclt\u00fcr Dairesi\u2019nden verilen bilgiye g\u00f6re, K\u0131br\u0131sl\u0131 T\u00fcrk Tiyatro Oyuncusu Ayla Ha\u015fmetli \u201cT\u00fcrk D\u00fcnyas\u0131\u2019n\u0131n En \u0130yi Kad\u0131n Tiyatro Oyuncusu\u201d kategorisinde \u00f6d\u00fcle lay\u0131k g\u00f6r\u00fcld\u00fc.\u00a0Ba\u015fbakan Yard\u0131mc\u0131l\u0131\u011f\u0131 Turizm K\u00fclt\u00fcr Gen\u00e7lik ve \u00c7evre Bakanl\u0131\u011f\u0131\u2019na ba\u011fl\u0131 K\u00fclt\u00fcr Dairesi\u2019nin koordinasyonuyla, KKTC\u2019nin de temsil edildi\u011fi [&hellip;]\" \/>\n<meta property=\"og:url\" content=\"https:\/\/kuzeyinsesi.org\/index.php\/2025\/02\/10\/turksoy-uluslararasi-tiyatro-odulleri-istanbulda-sahiplerini-buldu-ayla-hasmetli-de-odul-aldi\/\" \/>\n<meta property=\"og:site_name\" content=\"Kuzeyin Sesi\" \/>\n<meta property=\"article:publisher\" content=\"https:\/\/www.facebook.com\/kuzeyinsesii\" \/>\n<meta property=\"article:published_time\" content=\"2025-02-10T13:33:45+00:00\" \/>\n<meta property=\"og:image\" content=\"https:\/\/brtk.net\/wp-content\/uploads\/2025\/02\/10\/TURKSOYODUL.png?ver=e5fe14216e7cc18d3c73f5a14a6c15b9\" \/>\n<meta name=\"author\" content=\"Kuzeyin Sesi\" \/>\n<meta name=\"twitter:card\" content=\"summary_large_image\" \/>\n<meta name=\"twitter:creator\" content=\"@kuzeyinsesii\" \/>\n<meta name=\"twitter:site\" content=\"@kuzeyinsesii\" \/>\n<meta name=\"twitter:label1\" content=\"Yazan:\" \/>\n\t<meta name=\"twitter:data1\" content=\"Kuzeyin Sesi\" \/>\n\t<meta name=\"twitter:label2\" content=\"Tahmini okuma s\u00fcresi\" \/>\n\t<meta name=\"twitter:data2\" content=\"1 dakika\" \/>\n<script type=\"application\/ld+json\" class=\"yoast-schema-graph\">{\"@context\":\"https:\\\/\\\/schema.org\",\"@graph\":[{\"@type\":\"Article\",\"@id\":\"https:\\\/\\\/kuzeyinsesi.org\\\/index.php\\\/2025\\\/02\\\/10\\\/turksoy-uluslararasi-tiyatro-odulleri-istanbulda-sahiplerini-buldu-ayla-hasmetli-de-odul-aldi\\\/#article\",\"isPartOf\":{\"@id\":\"https:\\\/\\\/kuzeyinsesi.org\\\/index.php\\\/2025\\\/02\\\/10\\\/turksoy-uluslararasi-tiyatro-odulleri-istanbulda-sahiplerini-buldu-ayla-hasmetli-de-odul-aldi\\\/\"},\"author\":{\"name\":\"Kuzeyin Sesi\",\"@id\":\"https:\\\/\\\/kuzeyinsesi.org\\\/#\\\/schema\\\/person\\\/9f859689cdf01485597712386e37f5aa\"},\"headline\":\"T\u00dcRKSOY Uluslararas\u0131 Tiyatro \u00d6d\u00fclleri \u0130stanbul\u2019da sahiplerini buldu. Ayla Ha\u015fmetli de \u00f6d\u00fcl ald\u0131\",\"datePublished\":\"2025-02-10T13:33:45+00:00\",\"mainEntityOfPage\":{\"@id\":\"https:\\\/\\\/kuzeyinsesi.org\\\/index.php\\\/2025\\\/02\\\/10\\\/turksoy-uluslararasi-tiyatro-odulleri-istanbulda-sahiplerini-buldu-ayla-hasmetli-de-odul-aldi\\\/\"},\"wordCount\":314,\"commentCount\":0,\"image\":{\"@id\":\"https:\\\/\\\/kuzeyinsesi.org\\\/index.php\\\/2025\\\/02\\\/10\\\/turksoy-uluslararasi-tiyatro-odulleri-istanbulda-sahiplerini-buldu-ayla-hasmetli-de-odul-aldi\\\/#primaryimage\"},\"thumbnailUrl\":\"https:\\\/\\\/kuzeyinsesi.org\\\/wp-content\\\/uploads\\\/2025\\\/02\\\/TURKSOYODUL.png\",\"articleSection\":[\"Ya\u015fam\"],\"inLanguage\":\"tr\",\"potentialAction\":[{\"@type\":\"CommentAction\",\"name\":\"Comment\",\"target\":[\"https:\\\/\\\/kuzeyinsesi.org\\\/index.php\\\/2025\\\/02\\\/10\\\/turksoy-uluslararasi-tiyatro-odulleri-istanbulda-sahiplerini-buldu-ayla-hasmetli-de-odul-aldi\\\/#respond\"]}]},{\"@type\":\"WebPage\",\"@id\":\"https:\\\/\\\/kuzeyinsesi.org\\\/index.php\\\/2025\\\/02\\\/10\\\/turksoy-uluslararasi-tiyatro-odulleri-istanbulda-sahiplerini-buldu-ayla-hasmetli-de-odul-aldi\\\/\",\"url\":\"https:\\\/\\\/kuzeyinsesi.org\\\/index.php\\\/2025\\\/02\\\/10\\\/turksoy-uluslararasi-tiyatro-odulleri-istanbulda-sahiplerini-buldu-ayla-hasmetli-de-odul-aldi\\\/\",\"name\":\"T\u00dcRKSOY Uluslararas\u0131 Tiyatro \u00d6d\u00fclleri \u0130stanbul\u2019da sahiplerini buldu. Ayla Ha\u015fmetli de \u00f6d\u00fcl ald\u0131 - Kuzeyin Sesi\",\"isPartOf\":{\"@id\":\"https:\\\/\\\/kuzeyinsesi.org\\\/#website\"},\"primaryImageOfPage\":{\"@id\":\"https:\\\/\\\/kuzeyinsesi.org\\\/index.php\\\/2025\\\/02\\\/10\\\/turksoy-uluslararasi-tiyatro-odulleri-istanbulda-sahiplerini-buldu-ayla-hasmetli-de-odul-aldi\\\/#primaryimage\"},\"image\":{\"@id\":\"https:\\\/\\\/kuzeyinsesi.org\\\/index.php\\\/2025\\\/02\\\/10\\\/turksoy-uluslararasi-tiyatro-odulleri-istanbulda-sahiplerini-buldu-ayla-hasmetli-de-odul-aldi\\\/#primaryimage\"},\"thumbnailUrl\":\"https:\\\/\\\/kuzeyinsesi.org\\\/wp-content\\\/uploads\\\/2025\\\/02\\\/TURKSOYODUL.png\",\"datePublished\":\"2025-02-10T13:33:45+00:00\",\"author\":{\"@id\":\"https:\\\/\\\/kuzeyinsesi.org\\\/#\\\/schema\\\/person\\\/9f859689cdf01485597712386e37f5aa\"},\"breadcrumb\":{\"@id\":\"https:\\\/\\\/kuzeyinsesi.org\\\/index.php\\\/2025\\\/02\\\/10\\\/turksoy-uluslararasi-tiyatro-odulleri-istanbulda-sahiplerini-buldu-ayla-hasmetli-de-odul-aldi\\\/#breadcrumb\"},\"inLanguage\":\"tr\",\"potentialAction\":[{\"@type\":\"ReadAction\",\"target\":[\"https:\\\/\\\/kuzeyinsesi.org\\\/index.php\\\/2025\\\/02\\\/10\\\/turksoy-uluslararasi-tiyatro-odulleri-istanbulda-sahiplerini-buldu-ayla-hasmetli-de-odul-aldi\\\/\"]}]},{\"@type\":\"ImageObject\",\"inLanguage\":\"tr\",\"@id\":\"https:\\\/\\\/kuzeyinsesi.org\\\/index.php\\\/2025\\\/02\\\/10\\\/turksoy-uluslararasi-tiyatro-odulleri-istanbulda-sahiplerini-buldu-ayla-hasmetli-de-odul-aldi\\\/#primaryimage\",\"url\":\"https:\\\/\\\/kuzeyinsesi.org\\\/wp-content\\\/uploads\\\/2025\\\/02\\\/TURKSOYODUL.png\",\"contentUrl\":\"https:\\\/\\\/kuzeyinsesi.org\\\/wp-content\\\/uploads\\\/2025\\\/02\\\/TURKSOYODUL.png\",\"width\":930,\"height\":350},{\"@type\":\"BreadcrumbList\",\"@id\":\"https:\\\/\\\/kuzeyinsesi.org\\\/index.php\\\/2025\\\/02\\\/10\\\/turksoy-uluslararasi-tiyatro-odulleri-istanbulda-sahiplerini-buldu-ayla-hasmetli-de-odul-aldi\\\/#breadcrumb\",\"itemListElement\":[{\"@type\":\"ListItem\",\"position\":1,\"name\":\"Anasayfa\",\"item\":\"https:\\\/\\\/kuzeyinsesi.org\\\/\"},{\"@type\":\"ListItem\",\"position\":2,\"name\":\"T\u00dcRKSOY Uluslararas\u0131 Tiyatro \u00d6d\u00fclleri \u0130stanbul\u2019da sahiplerini buldu. Ayla Ha\u015fmetli de \u00f6d\u00fcl ald\u0131\"}]},{\"@type\":\"WebSite\",\"@id\":\"https:\\\/\\\/kuzeyinsesi.org\\\/#website\",\"url\":\"https:\\\/\\\/kuzeyinsesi.org\\\/\",\"name\":\"Kuzeyin Sesi\",\"description\":\"Do\u011fru Haberin Adresi\",\"potentialAction\":[{\"@type\":\"SearchAction\",\"target\":{\"@type\":\"EntryPoint\",\"urlTemplate\":\"https:\\\/\\\/kuzeyinsesi.org\\\/?s={search_term_string}\"},\"query-input\":{\"@type\":\"PropertyValueSpecification\",\"valueRequired\":true,\"valueName\":\"search_term_string\"}}],\"inLanguage\":\"tr\"},{\"@type\":\"Person\",\"@id\":\"https:\\\/\\\/kuzeyinsesi.org\\\/#\\\/schema\\\/person\\\/9f859689cdf01485597712386e37f5aa\",\"name\":\"Kuzeyin Sesi\",\"image\":{\"@type\":\"ImageObject\",\"inLanguage\":\"tr\",\"@id\":\"https:\\\/\\\/secure.gravatar.com\\\/avatar\\\/bab33852abfd8b282518d6ed81826833d77c3c882d9ab608add591ccace47a44?s=96&d=mm&r=g\",\"url\":\"https:\\\/\\\/secure.gravatar.com\\\/avatar\\\/bab33852abfd8b282518d6ed81826833d77c3c882d9ab608add591ccace47a44?s=96&d=mm&r=g\",\"contentUrl\":\"https:\\\/\\\/secure.gravatar.com\\\/avatar\\\/bab33852abfd8b282518d6ed81826833d77c3c882d9ab608add591ccace47a44?s=96&d=mm&r=g\",\"caption\":\"Kuzeyin Sesi\"},\"sameAs\":[\"https:\\\/\\\/kuzeyinsesi.org\"],\"url\":\"https:\\\/\\\/kuzeyinsesi.org\\\/index.php\\\/author\\\/guven\\\/\"}]}<\/script>\n<!-- \/ Yoast SEO plugin. -->","yoast_head_json":{"title":"T\u00dcRKSOY Uluslararas\u0131 Tiyatro \u00d6d\u00fclleri \u0130stanbul\u2019da sahiplerini buldu. Ayla Ha\u015fmetli de \u00f6d\u00fcl ald\u0131 - Kuzeyin Sesi","robots":{"index":"index","follow":"follow","max-snippet":"max-snippet:-1","max-image-preview":"max-image-preview:large","max-video-preview":"max-video-preview:-1"},"canonical":"https:\/\/kuzeyinsesi.org\/index.php\/2025\/02\/10\/turksoy-uluslararasi-tiyatro-odulleri-istanbulda-sahiplerini-buldu-ayla-hasmetli-de-odul-aldi\/","og_locale":"tr_TR","og_type":"article","og_title":"T\u00dcRKSOY Uluslararas\u0131 Tiyatro \u00d6d\u00fclleri \u0130stanbul\u2019da sahiplerini buldu. Ayla Ha\u015fmetli de \u00f6d\u00fcl ald\u0131 - Kuzeyin Sesi","og_description":"Uluslararas\u0131 T\u00fcrk K\u00fclt\u00fcr\u00fc Te\u015fkilat\u0131 (T\u00dcRKSOY) Uluslararas\u0131 Tiyatro \u00d6d\u00fclleri organizasyonunda, K\u0131br\u0131sl\u0131 T\u00fcrk tiyatro oyuncusu Ayla Ha\u015fmetli de \u00f6d\u00fcl ald\u0131. K\u00fclt\u00fcr Dairesi\u2019nden verilen bilgiye g\u00f6re, K\u0131br\u0131sl\u0131 T\u00fcrk Tiyatro Oyuncusu Ayla Ha\u015fmetli \u201cT\u00fcrk D\u00fcnyas\u0131\u2019n\u0131n En \u0130yi Kad\u0131n Tiyatro Oyuncusu\u201d kategorisinde \u00f6d\u00fcle lay\u0131k g\u00f6r\u00fcld\u00fc.\u00a0Ba\u015fbakan Yard\u0131mc\u0131l\u0131\u011f\u0131 Turizm K\u00fclt\u00fcr Gen\u00e7lik ve \u00c7evre Bakanl\u0131\u011f\u0131\u2019na ba\u011fl\u0131 K\u00fclt\u00fcr Dairesi\u2019nin koordinasyonuyla, KKTC\u2019nin de temsil edildi\u011fi [&hellip;]","og_url":"https:\/\/kuzeyinsesi.org\/index.php\/2025\/02\/10\/turksoy-uluslararasi-tiyatro-odulleri-istanbulda-sahiplerini-buldu-ayla-hasmetli-de-odul-aldi\/","og_site_name":"Kuzeyin Sesi","article_publisher":"https:\/\/www.facebook.com\/kuzeyinsesii","article_published_time":"2025-02-10T13:33:45+00:00","og_image":[{"url":"https:\/\/brtk.net\/wp-content\/uploads\/2025\/02\/10\/TURKSOYODUL.png?ver=e5fe14216e7cc18d3c73f5a14a6c15b9","type":"","width":"","height":""}],"author":"Kuzeyin Sesi","twitter_card":"summary_large_image","twitter_creator":"@kuzeyinsesii","twitter_site":"@kuzeyinsesii","twitter_misc":{"Yazan:":"Kuzeyin Sesi","Tahmini okuma s\u00fcresi":"1 dakika"},"schema":{"@context":"https:\/\/schema.org","@graph":[{"@type":"Article","@id":"https:\/\/kuzeyinsesi.org\/index.php\/2025\/02\/10\/turksoy-uluslararasi-tiyatro-odulleri-istanbulda-sahiplerini-buldu-ayla-hasmetli-de-odul-aldi\/#article","isPartOf":{"@id":"https:\/\/kuzeyinsesi.org\/index.php\/2025\/02\/10\/turksoy-uluslararasi-tiyatro-odulleri-istanbulda-sahiplerini-buldu-ayla-hasmetli-de-odul-aldi\/"},"author":{"name":"Kuzeyin Sesi","@id":"https:\/\/kuzeyinsesi.org\/#\/schema\/person\/9f859689cdf01485597712386e37f5aa"},"headline":"T\u00dcRKSOY Uluslararas\u0131 Tiyatro \u00d6d\u00fclleri \u0130stanbul\u2019da sahiplerini buldu. Ayla Ha\u015fmetli de \u00f6d\u00fcl ald\u0131","datePublished":"2025-02-10T13:33:45+00:00","mainEntityOfPage":{"@id":"https:\/\/kuzeyinsesi.org\/index.php\/2025\/02\/10\/turksoy-uluslararasi-tiyatro-odulleri-istanbulda-sahiplerini-buldu-ayla-hasmetli-de-odul-aldi\/"},"wordCount":314,"commentCount":0,"image":{"@id":"https:\/\/kuzeyinsesi.org\/index.php\/2025\/02\/10\/turksoy-uluslararasi-tiyatro-odulleri-istanbulda-sahiplerini-buldu-ayla-hasmetli-de-odul-aldi\/#primaryimage"},"thumbnailUrl":"https:\/\/kuzeyinsesi.org\/wp-content\/uploads\/2025\/02\/TURKSOYODUL.png","articleSection":["Ya\u015fam"],"inLanguage":"tr","potentialAction":[{"@type":"CommentAction","name":"Comment","target":["https:\/\/kuzeyinsesi.org\/index.php\/2025\/02\/10\/turksoy-uluslararasi-tiyatro-odulleri-istanbulda-sahiplerini-buldu-ayla-hasmetli-de-odul-aldi\/#respond"]}]},{"@type":"WebPage","@id":"https:\/\/kuzeyinsesi.org\/index.php\/2025\/02\/10\/turksoy-uluslararasi-tiyatro-odulleri-istanbulda-sahiplerini-buldu-ayla-hasmetli-de-odul-aldi\/","url":"https:\/\/kuzeyinsesi.org\/index.php\/2025\/02\/10\/turksoy-uluslararasi-tiyatro-odulleri-istanbulda-sahiplerini-buldu-ayla-hasmetli-de-odul-aldi\/","name":"T\u00dcRKSOY Uluslararas\u0131 Tiyatro \u00d6d\u00fclleri \u0130stanbul\u2019da sahiplerini buldu. Ayla Ha\u015fmetli de \u00f6d\u00fcl ald\u0131 - Kuzeyin Sesi","isPartOf":{"@id":"https:\/\/kuzeyinsesi.org\/#website"},"primaryImageOfPage":{"@id":"https:\/\/kuzeyinsesi.org\/index.php\/2025\/02\/10\/turksoy-uluslararasi-tiyatro-odulleri-istanbulda-sahiplerini-buldu-ayla-hasmetli-de-odul-aldi\/#primaryimage"},"image":{"@id":"https:\/\/kuzeyinsesi.org\/index.php\/2025\/02\/10\/turksoy-uluslararasi-tiyatro-odulleri-istanbulda-sahiplerini-buldu-ayla-hasmetli-de-odul-aldi\/#primaryimage"},"thumbnailUrl":"https:\/\/kuzeyinsesi.org\/wp-content\/uploads\/2025\/02\/TURKSOYODUL.png","datePublished":"2025-02-10T13:33:45+00:00","author":{"@id":"https:\/\/kuzeyinsesi.org\/#\/schema\/person\/9f859689cdf01485597712386e37f5aa"},"breadcrumb":{"@id":"https:\/\/kuzeyinsesi.org\/index.php\/2025\/02\/10\/turksoy-uluslararasi-tiyatro-odulleri-istanbulda-sahiplerini-buldu-ayla-hasmetli-de-odul-aldi\/#breadcrumb"},"inLanguage":"tr","potentialAction":[{"@type":"ReadAction","target":["https:\/\/kuzeyinsesi.org\/index.php\/2025\/02\/10\/turksoy-uluslararasi-tiyatro-odulleri-istanbulda-sahiplerini-buldu-ayla-hasmetli-de-odul-aldi\/"]}]},{"@type":"ImageObject","inLanguage":"tr","@id":"https:\/\/kuzeyinsesi.org\/index.php\/2025\/02\/10\/turksoy-uluslararasi-tiyatro-odulleri-istanbulda-sahiplerini-buldu-ayla-hasmetli-de-odul-aldi\/#primaryimage","url":"https:\/\/kuzeyinsesi.org\/wp-content\/uploads\/2025\/02\/TURKSOYODUL.png","contentUrl":"https:\/\/kuzeyinsesi.org\/wp-content\/uploads\/2025\/02\/TURKSOYODUL.png","width":930,"height":350},{"@type":"BreadcrumbList","@id":"https:\/\/kuzeyinsesi.org\/index.php\/2025\/02\/10\/turksoy-uluslararasi-tiyatro-odulleri-istanbulda-sahiplerini-buldu-ayla-hasmetli-de-odul-aldi\/#breadcrumb","itemListElement":[{"@type":"ListItem","position":1,"name":"Anasayfa","item":"https:\/\/kuzeyinsesi.org\/"},{"@type":"ListItem","position":2,"name":"T\u00dcRKSOY Uluslararas\u0131 Tiyatro \u00d6d\u00fclleri \u0130stanbul\u2019da sahiplerini buldu. Ayla Ha\u015fmetli de \u00f6d\u00fcl ald\u0131"}]},{"@type":"WebSite","@id":"https:\/\/kuzeyinsesi.org\/#website","url":"https:\/\/kuzeyinsesi.org\/","name":"Kuzeyin Sesi","description":"Do\u011fru Haberin Adresi","potentialAction":[{"@type":"SearchAction","target":{"@type":"EntryPoint","urlTemplate":"https:\/\/kuzeyinsesi.org\/?s={search_term_string}"},"query-input":{"@type":"PropertyValueSpecification","valueRequired":true,"valueName":"search_term_string"}}],"inLanguage":"tr"},{"@type":"Person","@id":"https:\/\/kuzeyinsesi.org\/#\/schema\/person\/9f859689cdf01485597712386e37f5aa","name":"Kuzeyin Sesi","image":{"@type":"ImageObject","inLanguage":"tr","@id":"https:\/\/secure.gravatar.com\/avatar\/bab33852abfd8b282518d6ed81826833d77c3c882d9ab608add591ccace47a44?s=96&d=mm&r=g","url":"https:\/\/secure.gravatar.com\/avatar\/bab33852abfd8b282518d6ed81826833d77c3c882d9ab608add591ccace47a44?s=96&d=mm&r=g","contentUrl":"https:\/\/secure.gravatar.com\/avatar\/bab33852abfd8b282518d6ed81826833d77c3c882d9ab608add591ccace47a44?s=96&d=mm&r=g","caption":"Kuzeyin Sesi"},"sameAs":["https:\/\/kuzeyinsesi.org"],"url":"https:\/\/kuzeyinsesi.org\/index.php\/author\/guven\/"}]}},"_links":{"self":[{"href":"https:\/\/kuzeyinsesi.org\/index.php\/wp-json\/wp\/v2\/posts\/18846","targetHints":{"allow":["GET"]}}],"collection":[{"href":"https:\/\/kuzeyinsesi.org\/index.php\/wp-json\/wp\/v2\/posts"}],"about":[{"href":"https:\/\/kuzeyinsesi.org\/index.php\/wp-json\/wp\/v2\/types\/post"}],"author":[{"embeddable":true,"href":"https:\/\/kuzeyinsesi.org\/index.php\/wp-json\/wp\/v2\/users\/1"}],"replies":[{"embeddable":true,"href":"https:\/\/kuzeyinsesi.org\/index.php\/wp-json\/wp\/v2\/comments?post=18846"}],"version-history":[{"count":0,"href":"https:\/\/kuzeyinsesi.org\/index.php\/wp-json\/wp\/v2\/posts\/18846\/revisions"}],"wp:featuredmedia":[{"embeddable":true,"href":"https:\/\/kuzeyinsesi.org\/index.php\/wp-json\/wp\/v2\/media\/18847"}],"wp:attachment":[{"href":"https:\/\/kuzeyinsesi.org\/index.php\/wp-json\/wp\/v2\/media?parent=18846"}],"wp:term":[{"taxonomy":"category","embeddable":true,"href":"https:\/\/kuzeyinsesi.org\/index.php\/wp-json\/wp\/v2\/categories?post=18846"},{"taxonomy":"post_tag","embeddable":true,"href":"https:\/\/kuzeyinsesi.org\/index.php\/wp-json\/wp\/v2\/tags?post=18846"}],"curies":[{"name":"wp","href":"https:\/\/api.w.org\/{rel}","templated":true}]}}