{"id":1882,"date":"2024-05-09T20:24:00","date_gmt":"2024-05-09T17:24:00","guid":{"rendered":"https:\/\/kuzeyinsesi.com\/index.php\/2024\/05\/09\/sila-4un-bir-damla-akdeniz-notalar-kitabi-tanitildi\/"},"modified":"2024-05-09T20:24:00","modified_gmt":"2024-05-09T17:24:00","slug":"sila-4un-bir-damla-akdeniz-notalar-kitabi-tanitildi","status":"publish","type":"post","link":"https:\/\/kuzeyinsesi.org\/index.php\/2024\/05\/09\/sila-4un-bir-damla-akdeniz-notalar-kitabi-tanitildi\/","title":{"rendered":"S\u0131la 4\u2019\u00fcn, \u201cBir Damla Akdeniz \u2013 Notalar\u201d kitab\u0131 tan\u0131t\u0131ld\u0131"},"content":{"rendered":"<div>\n<div class=\"mariselle-image-container center\">\n                                            <\/div>\n<p>\n S\u0131la 4\u2019\u00fcn 60\u2019\u0131nc\u0131 y\u0131l\u0131na atfen haz\u0131rlanan \u201cBir Damla Akdeniz \u2013 Notalar\u201d kitab\u0131n\u0131n tan\u0131t\u0131m ve imza g\u00fcn\u00fc bug\u00fcn \u0130smet Vehit G\u00fcney Sanat Merkezi\u2019nde K\u00fclt\u00fcr Dairesi M\u00fcd\u00fcrl\u00fc\u011f\u00fc himayelerinde yap\u0131ld\u0131.<\/p>\n<p>Etkinli\u011fe grup \u00fcyeleri Ferahzad G\u00fcrsoy ve Erdin\u00e7 G\u00fcnd\u00fcz ve sanatseverler yan\u0131nda Cumhurba\u015fkan\u0131 Ersin Tatar ve e\u015fi Sibel Tatar, Ba\u015fbakan Yard\u0131mc\u0131s\u0131 Turizm K\u00fclt\u00fcr Bakan\u0131 Fikri Atao\u011flu ve K\u00fclt\u00fcr Dairesi M\u00fcd\u00fcr\u00fc \u015eirin Zaima\u011fao\u011flu da kat\u0131ld\u0131.<\/p>\n<div class=\"mariselle-image-container center\">\n                <img decoding=\"async\" width=\"1599\" height=\"1066\" class=\"lazy-image\" alt=\"\" sizes=\"(max-width: 1599px) 100vw, 1599px\" src=\"https:\/\/brtk.net\/wp-content\/uploads\/2024\/05\/09\/sila-4-tanitim-ero-3-.jpeg?ver=d3ec32c3dc344f2cdb500f9125174593\" srcset=\"https:\/\/brtk.net\/wp-content\/uploads\/2024\/05\/09\/sila-4-tanitim-ero-3-.jpeg?ver=d3ec32c3dc344f2cdb500f9125174593 1599w, https:\/\/brtk.net\/wp-content\/uploads\/2024\/05\/09\/sila-4-tanitim-ero-3--300x200.jpeg?ver=4eca698ffc00a5319b0c0da22d16731d 300w, https:\/\/brtk.net\/wp-content\/uploads\/2024\/05\/09\/sila-4-tanitim-ero-3--1024x683.jpeg?ver=4eca698ffc00a5319b0c0da22d16731d 1024w, https:\/\/brtk.net\/wp-content\/uploads\/2024\/05\/09\/sila-4-tanitim-ero-3--768x512.jpeg?ver=4eca698ffc00a5319b0c0da22d16731d 768w, https:\/\/brtk.net\/wp-content\/uploads\/2024\/05\/09\/sila-4-tanitim-ero-3--1536x1024.jpeg?ver=7f67d91aad5d65e42630b4a832efc929 1536w\"\/>                            <\/div>\n<p><strong>\u2013Tatar: \u201cSizler bizim de\u011ferlerimizsiniz\u201d<\/strong><\/p>\n<p>Cumhurba\u015fkan\u0131 Ersin Tatar etkinlikte yapt\u0131\u011f\u0131 konu\u015fmada, Show TV\u2019de genel m\u00fcd\u00fcr olarak g\u00f6rev yapt\u0131\u011f\u0131 y\u0131llarda, Erdin\u00e7 G\u00fcnd\u00fcz ile KKTC\u2019ye \u00f6zel televizyonlar\u0131 nas\u0131l getirecekleri \u00fczerine konu\u015ftuklar\u0131n\u0131 anlatt\u0131.<\/p>\n<p>\u201cSizler bizim de\u011ferlerimizsiniz\u201d diyen Tatar, \u201cK\u00fclt\u00fcr\u00fc ve sanat\u0131yla, ayr\u0131 bir halk olarak m\u00fccadelemizi s\u00fcrd\u00fcrmekteyiz\u201d \u015feklinde konu\u015ftu.<\/p>\n<p>\u00dclkede her nesilden \u00e7ok ba\u015far\u0131l\u0131 gen\u00e7ler oldu\u011funu kaydeden Tatar, bu de\u011ferlere sahip \u00e7\u0131k\u0131ld\u0131\u011f\u0131 i\u00e7in  Bakanl\u0131\u011f\u0131 ve daire yetkililerini kutlad\u0131.<\/p>\n<p><strong>-Atao\u011flu: \u201cS\u0131la 4\u2019le do\u011fduk, onlar\u0131n \u015fark\u0131lar\u0131yla b\u00fcy\u00fcd\u00fck\u201d<\/strong><\/p>\n<p>Bizler \u201cS\u0131la 4\u2019le do\u011fduk, onlar\u0131n \u015fark\u0131lar\u0131yla b\u00fcy\u00fcd\u00fck\u201d diyen Ba\u015fbakan Yard\u0131mc\u0131s\u0131 Turizm K\u00fclt\u00fcr Bakan\u0131 Fikri Atao\u011flu \u201cBug\u00fcn, \u015fark\u0131lar\u0131yla b\u00fcy\u00fcd\u00fc\u011f\u00fcn\u00fcz yerli sanat\u00e7\u0131 kimdir dendi\u011finde S\u0131la 4 deriz\u201d ifadelerini kulland\u0131.<\/p>\n<p>Atao\u011flu etkinli\u011fin ve kitab\u0131n haz\u0131rlanmas\u0131na katk\u0131 koyanlara te\u015fekk\u00fcr etti.<\/p>\n<p><strong>-Zaima\u011fao\u011flu: \u201cBeni bu g\u00f6reve atad\u0131\u011f\u0131 ve sanat\u00e7\u0131 arkada\u015flar\u0131mla bu yolu y\u00fcr\u00fcmeme f\u0131rsat verdi\u011fi i\u00e7in Bakan\u2019\u0131ma te\u015fekk\u00fcr ederim\u201d<\/strong><\/p>\n<p>K\u00fclt\u00fcr Dairesi M\u00fcd\u00fcr\u00fc \u015eirin Zaima\u011fao\u011flu ise S\u0131la 4\u2019\u00fcn yolculu\u011funda kendisinin de yer ald\u0131\u011f\u0131n\u0131 ifade etti.<\/p>\n<p>Zaima\u011fao\u011flu, \u201cBeni bu g\u00f6reve atad\u0131\u011f\u0131 ve sanat\u00e7\u0131 arkada\u015flar\u0131mla bu yolu y\u00fcr\u00fcmeme f\u0131rsat verdi\u011fi i\u00e7in Bakan\u2019\u0131ma te\u015fekk\u00fcr ederim\u201d dedi.<\/p>\n<p><strong>-G\u00fcnd\u00fcz: \u201cNe gitar ne gitar teli vard\u0131\u201d<\/strong><\/p>\n<p>S\u0131la 4 \u00fcyelerinden Erdin\u00e7 G\u00fcnd\u00fcz ise konu\u015fmas\u0131nda, \u201cFerahzad bana 60\u2019\u0131nc\u0131 y\u0131lday\u0131z dedi\u011finde \u015fa\u015fakald\u0131m\u201d dedi.<\/p>\n<p>Notalar\u0131n kitapta toplanmas\u0131n\u0131n \u00f6nemli oldu\u011funu dile getiren G\u00fcnd\u00fcz, projede eme\u011fi ge\u00e7enlere te\u015fekk\u00fcr etti.<\/p>\n<p>Ne gitar ne gitar teli bulunabilen bir d\u00f6nemde m\u00fczi\u011fe ba\u015flad\u0131klar\u0131n\u0131  anlatan G\u00fcnd\u00fcz, gelinen noktada \u00fclkede \u00e7ok ba\u015far\u0131l\u0131 m\u00fczisyenler olmas\u0131ndan duydu\u011fu mutlulu\u011fu ifade etti.<\/p>\n<p>-G\u00fcrsoy: \u201cYolculu\u011fun 60 y\u0131l s\u00fcrece\u011fini \u00f6ng\u00f6remedik\u201d<\/p>\n<p>S\u0131la 4 \u00fcyelerinden Ferahzad G\u00fcrsoy, \u201cBug\u00fcnlere gelmek kolay olmad\u0131\u201d dedi, yolculu\u011fun 60 y\u0131l s\u00fcrece\u011fini \u00f6ng\u00f6rmediklerini s\u00f6yledi.<\/p>\n<p>\u015eark\u0131lar\u0131n\u0131n art\u0131k 6\u2019nc\u0131 nesil taraf\u0131ndan dinlendi\u011fini ifade eden G\u00fcrsoy bug\u00fcn T\u00fcrkiye\u2019de S\u0131la 4 \u015fark\u0131lar\u0131n\u0131n s\u00f6ylendi\u011fini anlatt\u0131, kitab\u0131n haz\u0131rlanmas\u0131na destek verenlere te\u015fekk\u00fcr etti.<\/p>\n<p>G\u00fcnd\u00fcz, \u201cBiz 2 y\u00fcrek 4 kalp olarak yola devam ettik\u201d dedi ve kaybedilen grup \u00fcyelerini de and\u0131.<\/p>\n<div class=\"mariselle-image-container center\">\n                <img decoding=\"async\" width=\"1599\" height=\"1066\" class=\"lazy-image\" alt=\"\" sizes=\"(max-width: 1599px) 100vw, 1599px\" src=\"https:\/\/brtk.net\/wp-content\/uploads\/2024\/05\/09\/sila-4-tanitim-ero-2-.jpeg?ver=73fdc57f9d2d0ba4ce34848856906710\" srcset=\"https:\/\/brtk.net\/wp-content\/uploads\/2024\/05\/09\/sila-4-tanitim-ero-2-.jpeg?ver=73fdc57f9d2d0ba4ce34848856906710 1599w, https:\/\/brtk.net\/wp-content\/uploads\/2024\/05\/09\/sila-4-tanitim-ero-2--300x200.jpeg?ver=73fdc57f9d2d0ba4ce34848856906710 300w, https:\/\/brtk.net\/wp-content\/uploads\/2024\/05\/09\/sila-4-tanitim-ero-2--1024x683.jpeg?ver=be5a1c982812831a5086f2b6782408ed 1024w, https:\/\/brtk.net\/wp-content\/uploads\/2024\/05\/09\/sila-4-tanitim-ero-2--768x512.jpeg?ver=be5a1c982812831a5086f2b6782408ed 768w, https:\/\/brtk.net\/wp-content\/uploads\/2024\/05\/09\/sila-4-tanitim-ero-2--1536x1024.jpeg?ver=44b2718e2ec97ca912d649db7c2595c6 1536w\"\/>                            <\/div>\n<p>Sunuculu\u011funu grup \u00fcyelerinden Ferahzad G\u00fcrsoy\u2019un k\u0131z\u0131 \u00c7amay \u00c7i\u00e7ekseven\u2019in yapt\u0131\u011f\u0131 etkinlikte daha sonra kitab\u0131n hayata ge\u00e7mesine katk\u0131 koyanlara plaket takdimi yap\u0131ld\u0131, S\u0131la 4 \u00fcyeleri \u015fark\u0131lar\u0131n\u0131 seslendirdi, kat\u0131l\u0131mc\u0131lar kitaplar\u0131n\u0131 imzalatma \u015fans\u0131 buldu.<\/p>\n<\/p><\/div>\n<p><script async\n                    defer\n                    crossorigin=\"anonymous\"\n                    src=\"https:\/\/connect.facebook.net\/tr_TR\/sdk.js#xfbml=1&#038;version=v3.3\"\n            ><\/script><\/p>\n","protected":false},"excerpt":{"rendered":"<p>S\u0131la 4\u2019\u00fcn 60\u2019\u0131nc\u0131 y\u0131l\u0131na atfen haz\u0131rlanan \u201cBir Damla Akdeniz \u2013 Notalar\u201d kitab\u0131n\u0131n tan\u0131t\u0131m ve imza g\u00fcn\u00fc bug\u00fcn \u0130smet Vehit G\u00fcney Sanat Merkezi\u2019nde K\u00fclt\u00fcr Dairesi M\u00fcd\u00fcrl\u00fc\u011f\u00fc himayelerinde yap\u0131ld\u0131. Etkinli\u011fe grup \u00fcyeleri Ferahzad G\u00fcrsoy ve Erdin\u00e7 G\u00fcnd\u00fcz ve sanatseverler yan\u0131nda Cumhurba\u015fkan\u0131 Ersin Tatar ve e\u015fi Sibel Tatar, Ba\u015fbakan Yard\u0131mc\u0131s\u0131 Turizm K\u00fclt\u00fcr Bakan\u0131 Fikri Atao\u011flu ve K\u00fclt\u00fcr Dairesi [&hellip;]<\/p>\n","protected":false},"author":1,"featured_media":1883,"comment_status":"open","ping_status":"open","sticky":false,"template":"","format":"standard","meta":{"jnews-multi-image_gallery":[],"jnews_single_post":[],"jnews_primary_category":[],"jnews_social_meta":[],"jnews_override_counter":[],"footnotes":""},"categories":[6],"tags":[],"class_list":["post-1882","post","type-post","status-publish","format-standard","has-post-thumbnail","hentry","category-yasam"],"yoast_head":"<!-- This site is optimized with the Yoast SEO plugin v27.5 - https:\/\/yoast.com\/product\/yoast-seo-wordpress\/ -->\n<title>S\u0131la 4\u2019\u00fcn, \u201cBir Damla Akdeniz \u2013 Notalar\u201d kitab\u0131 tan\u0131t\u0131ld\u0131 - Kuzeyin Sesi<\/title>\n<meta name=\"robots\" content=\"index, follow, max-snippet:-1, max-image-preview:large, max-video-preview:-1\" \/>\n<link rel=\"canonical\" href=\"https:\/\/kuzeyinsesi.org\/index.php\/2024\/05\/09\/sila-4un-bir-damla-akdeniz-notalar-kitabi-tanitildi\/\" \/>\n<meta property=\"og:locale\" content=\"tr_TR\" \/>\n<meta property=\"og:type\" content=\"article\" \/>\n<meta property=\"og:title\" content=\"S\u0131la 4\u2019\u00fcn, \u201cBir Damla Akdeniz \u2013 Notalar\u201d kitab\u0131 tan\u0131t\u0131ld\u0131 - Kuzeyin Sesi\" \/>\n<meta property=\"og:description\" content=\"S\u0131la 4\u2019\u00fcn 60\u2019\u0131nc\u0131 y\u0131l\u0131na atfen haz\u0131rlanan \u201cBir Damla Akdeniz \u2013 Notalar\u201d kitab\u0131n\u0131n tan\u0131t\u0131m ve imza g\u00fcn\u00fc bug\u00fcn \u0130smet Vehit G\u00fcney Sanat Merkezi\u2019nde K\u00fclt\u00fcr Dairesi M\u00fcd\u00fcrl\u00fc\u011f\u00fc himayelerinde yap\u0131ld\u0131. Etkinli\u011fe grup \u00fcyeleri Ferahzad G\u00fcrsoy ve Erdin\u00e7 G\u00fcnd\u00fcz ve sanatseverler yan\u0131nda Cumhurba\u015fkan\u0131 Ersin Tatar ve e\u015fi Sibel Tatar, Ba\u015fbakan Yard\u0131mc\u0131s\u0131 Turizm K\u00fclt\u00fcr Bakan\u0131 Fikri Atao\u011flu ve K\u00fclt\u00fcr Dairesi [&hellip;]\" \/>\n<meta property=\"og:url\" content=\"https:\/\/kuzeyinsesi.org\/index.php\/2024\/05\/09\/sila-4un-bir-damla-akdeniz-notalar-kitabi-tanitildi\/\" \/>\n<meta property=\"og:site_name\" content=\"Kuzeyin Sesi\" \/>\n<meta property=\"article:publisher\" content=\"https:\/\/www.facebook.com\/kuzeyinsesii\" \/>\n<meta property=\"article:published_time\" content=\"2024-05-09T17:24:00+00:00\" \/>\n<meta property=\"og:image\" content=\"https:\/\/kuzeyinsesi.org\/wp-content\/uploads\/2024\/05\/sila-4-tanitim-ero-10-.jpeg\" \/>\n\t<meta property=\"og:image:width\" content=\"1599\" \/>\n\t<meta property=\"og:image:height\" content=\"1066\" \/>\n\t<meta property=\"og:image:type\" content=\"image\/jpeg\" \/>\n<meta name=\"author\" content=\"Kuzeyin Sesi\" \/>\n<meta name=\"twitter:card\" content=\"summary_large_image\" \/>\n<meta name=\"twitter:creator\" content=\"@kuzeyinsesii\" \/>\n<meta name=\"twitter:site\" content=\"@kuzeyinsesii\" \/>\n<meta name=\"twitter:label1\" content=\"Yazan:\" \/>\n\t<meta name=\"twitter:data1\" content=\"Kuzeyin Sesi\" \/>\n\t<meta name=\"twitter:label2\" content=\"Tahmini okuma s\u00fcresi\" \/>\n\t<meta name=\"twitter:data2\" content=\"3 dakika\" \/>\n<script type=\"application\/ld+json\" class=\"yoast-schema-graph\">{\"@context\":\"https:\\\/\\\/schema.org\",\"@graph\":[{\"@type\":\"Article\",\"@id\":\"https:\\\/\\\/kuzeyinsesi.org\\\/index.php\\\/2024\\\/05\\\/09\\\/sila-4un-bir-damla-akdeniz-notalar-kitabi-tanitildi\\\/#article\",\"isPartOf\":{\"@id\":\"https:\\\/\\\/kuzeyinsesi.org\\\/index.php\\\/2024\\\/05\\\/09\\\/sila-4un-bir-damla-akdeniz-notalar-kitabi-tanitildi\\\/\"},\"author\":{\"name\":\"Kuzeyin Sesi\",\"@id\":\"https:\\\/\\\/kuzeyinsesi.org\\\/#\\\/schema\\\/person\\\/9f859689cdf01485597712386e37f5aa\"},\"headline\":\"S\u0131la 4\u2019\u00fcn, \u201cBir Damla Akdeniz \u2013 Notalar\u201d kitab\u0131 tan\u0131t\u0131ld\u0131\",\"datePublished\":\"2024-05-09T17:24:00+00:00\",\"mainEntityOfPage\":{\"@id\":\"https:\\\/\\\/kuzeyinsesi.org\\\/index.php\\\/2024\\\/05\\\/09\\\/sila-4un-bir-damla-akdeniz-notalar-kitabi-tanitildi\\\/\"},\"wordCount\":597,\"commentCount\":0,\"image\":{\"@id\":\"https:\\\/\\\/kuzeyinsesi.org\\\/index.php\\\/2024\\\/05\\\/09\\\/sila-4un-bir-damla-akdeniz-notalar-kitabi-tanitildi\\\/#primaryimage\"},\"thumbnailUrl\":\"https:\\\/\\\/kuzeyinsesi.org\\\/wp-content\\\/uploads\\\/2024\\\/05\\\/sila-4-tanitim-ero-10-.jpeg\",\"articleSection\":[\"Ya\u015fam\"],\"inLanguage\":\"tr\",\"potentialAction\":[{\"@type\":\"CommentAction\",\"name\":\"Comment\",\"target\":[\"https:\\\/\\\/kuzeyinsesi.org\\\/index.php\\\/2024\\\/05\\\/09\\\/sila-4un-bir-damla-akdeniz-notalar-kitabi-tanitildi\\\/#respond\"]}]},{\"@type\":\"WebPage\",\"@id\":\"https:\\\/\\\/kuzeyinsesi.org\\\/index.php\\\/2024\\\/05\\\/09\\\/sila-4un-bir-damla-akdeniz-notalar-kitabi-tanitildi\\\/\",\"url\":\"https:\\\/\\\/kuzeyinsesi.org\\\/index.php\\\/2024\\\/05\\\/09\\\/sila-4un-bir-damla-akdeniz-notalar-kitabi-tanitildi\\\/\",\"name\":\"S\u0131la 4\u2019\u00fcn, \u201cBir Damla Akdeniz \u2013 Notalar\u201d kitab\u0131 tan\u0131t\u0131ld\u0131 - Kuzeyin Sesi\",\"isPartOf\":{\"@id\":\"https:\\\/\\\/kuzeyinsesi.org\\\/#website\"},\"primaryImageOfPage\":{\"@id\":\"https:\\\/\\\/kuzeyinsesi.org\\\/index.php\\\/2024\\\/05\\\/09\\\/sila-4un-bir-damla-akdeniz-notalar-kitabi-tanitildi\\\/#primaryimage\"},\"image\":{\"@id\":\"https:\\\/\\\/kuzeyinsesi.org\\\/index.php\\\/2024\\\/05\\\/09\\\/sila-4un-bir-damla-akdeniz-notalar-kitabi-tanitildi\\\/#primaryimage\"},\"thumbnailUrl\":\"https:\\\/\\\/kuzeyinsesi.org\\\/wp-content\\\/uploads\\\/2024\\\/05\\\/sila-4-tanitim-ero-10-.jpeg\",\"datePublished\":\"2024-05-09T17:24:00+00:00\",\"author\":{\"@id\":\"https:\\\/\\\/kuzeyinsesi.org\\\/#\\\/schema\\\/person\\\/9f859689cdf01485597712386e37f5aa\"},\"breadcrumb\":{\"@id\":\"https:\\\/\\\/kuzeyinsesi.org\\\/index.php\\\/2024\\\/05\\\/09\\\/sila-4un-bir-damla-akdeniz-notalar-kitabi-tanitildi\\\/#breadcrumb\"},\"inLanguage\":\"tr\",\"potentialAction\":[{\"@type\":\"ReadAction\",\"target\":[\"https:\\\/\\\/kuzeyinsesi.org\\\/index.php\\\/2024\\\/05\\\/09\\\/sila-4un-bir-damla-akdeniz-notalar-kitabi-tanitildi\\\/\"]}]},{\"@type\":\"ImageObject\",\"inLanguage\":\"tr\",\"@id\":\"https:\\\/\\\/kuzeyinsesi.org\\\/index.php\\\/2024\\\/05\\\/09\\\/sila-4un-bir-damla-akdeniz-notalar-kitabi-tanitildi\\\/#primaryimage\",\"url\":\"https:\\\/\\\/kuzeyinsesi.org\\\/wp-content\\\/uploads\\\/2024\\\/05\\\/sila-4-tanitim-ero-10-.jpeg\",\"contentUrl\":\"https:\\\/\\\/kuzeyinsesi.org\\\/wp-content\\\/uploads\\\/2024\\\/05\\\/sila-4-tanitim-ero-10-.jpeg\",\"width\":1599,\"height\":1066},{\"@type\":\"BreadcrumbList\",\"@id\":\"https:\\\/\\\/kuzeyinsesi.org\\\/index.php\\\/2024\\\/05\\\/09\\\/sila-4un-bir-damla-akdeniz-notalar-kitabi-tanitildi\\\/#breadcrumb\",\"itemListElement\":[{\"@type\":\"ListItem\",\"position\":1,\"name\":\"Anasayfa\",\"item\":\"https:\\\/\\\/kuzeyinsesi.org\\\/\"},{\"@type\":\"ListItem\",\"position\":2,\"name\":\"S\u0131la 4\u2019\u00fcn, \u201cBir Damla Akdeniz \u2013 Notalar\u201d kitab\u0131 tan\u0131t\u0131ld\u0131\"}]},{\"@type\":\"WebSite\",\"@id\":\"https:\\\/\\\/kuzeyinsesi.org\\\/#website\",\"url\":\"https:\\\/\\\/kuzeyinsesi.org\\\/\",\"name\":\"Kuzeyin Sesi\",\"description\":\"Do\u011fru Haberin Adresi\",\"potentialAction\":[{\"@type\":\"SearchAction\",\"target\":{\"@type\":\"EntryPoint\",\"urlTemplate\":\"https:\\\/\\\/kuzeyinsesi.org\\\/?s={search_term_string}\"},\"query-input\":{\"@type\":\"PropertyValueSpecification\",\"valueRequired\":true,\"valueName\":\"search_term_string\"}}],\"inLanguage\":\"tr\"},{\"@type\":\"Person\",\"@id\":\"https:\\\/\\\/kuzeyinsesi.org\\\/#\\\/schema\\\/person\\\/9f859689cdf01485597712386e37f5aa\",\"name\":\"Kuzeyin Sesi\",\"image\":{\"@type\":\"ImageObject\",\"inLanguage\":\"tr\",\"@id\":\"https:\\\/\\\/secure.gravatar.com\\\/avatar\\\/bab33852abfd8b282518d6ed81826833d77c3c882d9ab608add591ccace47a44?s=96&d=mm&r=g\",\"url\":\"https:\\\/\\\/secure.gravatar.com\\\/avatar\\\/bab33852abfd8b282518d6ed81826833d77c3c882d9ab608add591ccace47a44?s=96&d=mm&r=g\",\"contentUrl\":\"https:\\\/\\\/secure.gravatar.com\\\/avatar\\\/bab33852abfd8b282518d6ed81826833d77c3c882d9ab608add591ccace47a44?s=96&d=mm&r=g\",\"caption\":\"Kuzeyin Sesi\"},\"sameAs\":[\"https:\\\/\\\/kuzeyinsesi.org\"],\"url\":\"https:\\\/\\\/kuzeyinsesi.org\\\/index.php\\\/author\\\/guven\\\/\"}]}<\/script>\n<!-- \/ Yoast SEO plugin. -->","yoast_head_json":{"title":"S\u0131la 4\u2019\u00fcn, \u201cBir Damla Akdeniz \u2013 Notalar\u201d kitab\u0131 tan\u0131t\u0131ld\u0131 - Kuzeyin Sesi","robots":{"index":"index","follow":"follow","max-snippet":"max-snippet:-1","max-image-preview":"max-image-preview:large","max-video-preview":"max-video-preview:-1"},"canonical":"https:\/\/kuzeyinsesi.org\/index.php\/2024\/05\/09\/sila-4un-bir-damla-akdeniz-notalar-kitabi-tanitildi\/","og_locale":"tr_TR","og_type":"article","og_title":"S\u0131la 4\u2019\u00fcn, \u201cBir Damla Akdeniz \u2013 Notalar\u201d kitab\u0131 tan\u0131t\u0131ld\u0131 - Kuzeyin Sesi","og_description":"S\u0131la 4\u2019\u00fcn 60\u2019\u0131nc\u0131 y\u0131l\u0131na atfen haz\u0131rlanan \u201cBir Damla Akdeniz \u2013 Notalar\u201d kitab\u0131n\u0131n tan\u0131t\u0131m ve imza g\u00fcn\u00fc bug\u00fcn \u0130smet Vehit G\u00fcney Sanat Merkezi\u2019nde K\u00fclt\u00fcr Dairesi M\u00fcd\u00fcrl\u00fc\u011f\u00fc himayelerinde yap\u0131ld\u0131. Etkinli\u011fe grup \u00fcyeleri Ferahzad G\u00fcrsoy ve Erdin\u00e7 G\u00fcnd\u00fcz ve sanatseverler yan\u0131nda Cumhurba\u015fkan\u0131 Ersin Tatar ve e\u015fi Sibel Tatar, Ba\u015fbakan Yard\u0131mc\u0131s\u0131 Turizm K\u00fclt\u00fcr Bakan\u0131 Fikri Atao\u011flu ve K\u00fclt\u00fcr Dairesi [&hellip;]","og_url":"https:\/\/kuzeyinsesi.org\/index.php\/2024\/05\/09\/sila-4un-bir-damla-akdeniz-notalar-kitabi-tanitildi\/","og_site_name":"Kuzeyin Sesi","article_publisher":"https:\/\/www.facebook.com\/kuzeyinsesii","article_published_time":"2024-05-09T17:24:00+00:00","og_image":[{"width":1599,"height":1066,"url":"https:\/\/kuzeyinsesi.org\/wp-content\/uploads\/2024\/05\/sila-4-tanitim-ero-10-.jpeg","type":"image\/jpeg"}],"author":"Kuzeyin Sesi","twitter_card":"summary_large_image","twitter_creator":"@kuzeyinsesii","twitter_site":"@kuzeyinsesii","twitter_misc":{"Yazan:":"Kuzeyin Sesi","Tahmini okuma s\u00fcresi":"3 dakika"},"schema":{"@context":"https:\/\/schema.org","@graph":[{"@type":"Article","@id":"https:\/\/kuzeyinsesi.org\/index.php\/2024\/05\/09\/sila-4un-bir-damla-akdeniz-notalar-kitabi-tanitildi\/#article","isPartOf":{"@id":"https:\/\/kuzeyinsesi.org\/index.php\/2024\/05\/09\/sila-4un-bir-damla-akdeniz-notalar-kitabi-tanitildi\/"},"author":{"name":"Kuzeyin Sesi","@id":"https:\/\/kuzeyinsesi.org\/#\/schema\/person\/9f859689cdf01485597712386e37f5aa"},"headline":"S\u0131la 4\u2019\u00fcn, \u201cBir Damla Akdeniz \u2013 Notalar\u201d kitab\u0131 tan\u0131t\u0131ld\u0131","datePublished":"2024-05-09T17:24:00+00:00","mainEntityOfPage":{"@id":"https:\/\/kuzeyinsesi.org\/index.php\/2024\/05\/09\/sila-4un-bir-damla-akdeniz-notalar-kitabi-tanitildi\/"},"wordCount":597,"commentCount":0,"image":{"@id":"https:\/\/kuzeyinsesi.org\/index.php\/2024\/05\/09\/sila-4un-bir-damla-akdeniz-notalar-kitabi-tanitildi\/#primaryimage"},"thumbnailUrl":"https:\/\/kuzeyinsesi.org\/wp-content\/uploads\/2024\/05\/sila-4-tanitim-ero-10-.jpeg","articleSection":["Ya\u015fam"],"inLanguage":"tr","potentialAction":[{"@type":"CommentAction","name":"Comment","target":["https:\/\/kuzeyinsesi.org\/index.php\/2024\/05\/09\/sila-4un-bir-damla-akdeniz-notalar-kitabi-tanitildi\/#respond"]}]},{"@type":"WebPage","@id":"https:\/\/kuzeyinsesi.org\/index.php\/2024\/05\/09\/sila-4un-bir-damla-akdeniz-notalar-kitabi-tanitildi\/","url":"https:\/\/kuzeyinsesi.org\/index.php\/2024\/05\/09\/sila-4un-bir-damla-akdeniz-notalar-kitabi-tanitildi\/","name":"S\u0131la 4\u2019\u00fcn, \u201cBir Damla Akdeniz \u2013 Notalar\u201d kitab\u0131 tan\u0131t\u0131ld\u0131 - Kuzeyin Sesi","isPartOf":{"@id":"https:\/\/kuzeyinsesi.org\/#website"},"primaryImageOfPage":{"@id":"https:\/\/kuzeyinsesi.org\/index.php\/2024\/05\/09\/sila-4un-bir-damla-akdeniz-notalar-kitabi-tanitildi\/#primaryimage"},"image":{"@id":"https:\/\/kuzeyinsesi.org\/index.php\/2024\/05\/09\/sila-4un-bir-damla-akdeniz-notalar-kitabi-tanitildi\/#primaryimage"},"thumbnailUrl":"https:\/\/kuzeyinsesi.org\/wp-content\/uploads\/2024\/05\/sila-4-tanitim-ero-10-.jpeg","datePublished":"2024-05-09T17:24:00+00:00","author":{"@id":"https:\/\/kuzeyinsesi.org\/#\/schema\/person\/9f859689cdf01485597712386e37f5aa"},"breadcrumb":{"@id":"https:\/\/kuzeyinsesi.org\/index.php\/2024\/05\/09\/sila-4un-bir-damla-akdeniz-notalar-kitabi-tanitildi\/#breadcrumb"},"inLanguage":"tr","potentialAction":[{"@type":"ReadAction","target":["https:\/\/kuzeyinsesi.org\/index.php\/2024\/05\/09\/sila-4un-bir-damla-akdeniz-notalar-kitabi-tanitildi\/"]}]},{"@type":"ImageObject","inLanguage":"tr","@id":"https:\/\/kuzeyinsesi.org\/index.php\/2024\/05\/09\/sila-4un-bir-damla-akdeniz-notalar-kitabi-tanitildi\/#primaryimage","url":"https:\/\/kuzeyinsesi.org\/wp-content\/uploads\/2024\/05\/sila-4-tanitim-ero-10-.jpeg","contentUrl":"https:\/\/kuzeyinsesi.org\/wp-content\/uploads\/2024\/05\/sila-4-tanitim-ero-10-.jpeg","width":1599,"height":1066},{"@type":"BreadcrumbList","@id":"https:\/\/kuzeyinsesi.org\/index.php\/2024\/05\/09\/sila-4un-bir-damla-akdeniz-notalar-kitabi-tanitildi\/#breadcrumb","itemListElement":[{"@type":"ListItem","position":1,"name":"Anasayfa","item":"https:\/\/kuzeyinsesi.org\/"},{"@type":"ListItem","position":2,"name":"S\u0131la 4\u2019\u00fcn, \u201cBir Damla Akdeniz \u2013 Notalar\u201d kitab\u0131 tan\u0131t\u0131ld\u0131"}]},{"@type":"WebSite","@id":"https:\/\/kuzeyinsesi.org\/#website","url":"https:\/\/kuzeyinsesi.org\/","name":"Kuzeyin Sesi","description":"Do\u011fru Haberin Adresi","potentialAction":[{"@type":"SearchAction","target":{"@type":"EntryPoint","urlTemplate":"https:\/\/kuzeyinsesi.org\/?s={search_term_string}"},"query-input":{"@type":"PropertyValueSpecification","valueRequired":true,"valueName":"search_term_string"}}],"inLanguage":"tr"},{"@type":"Person","@id":"https:\/\/kuzeyinsesi.org\/#\/schema\/person\/9f859689cdf01485597712386e37f5aa","name":"Kuzeyin Sesi","image":{"@type":"ImageObject","inLanguage":"tr","@id":"https:\/\/secure.gravatar.com\/avatar\/bab33852abfd8b282518d6ed81826833d77c3c882d9ab608add591ccace47a44?s=96&d=mm&r=g","url":"https:\/\/secure.gravatar.com\/avatar\/bab33852abfd8b282518d6ed81826833d77c3c882d9ab608add591ccace47a44?s=96&d=mm&r=g","contentUrl":"https:\/\/secure.gravatar.com\/avatar\/bab33852abfd8b282518d6ed81826833d77c3c882d9ab608add591ccace47a44?s=96&d=mm&r=g","caption":"Kuzeyin Sesi"},"sameAs":["https:\/\/kuzeyinsesi.org"],"url":"https:\/\/kuzeyinsesi.org\/index.php\/author\/guven\/"}]}},"_links":{"self":[{"href":"https:\/\/kuzeyinsesi.org\/index.php\/wp-json\/wp\/v2\/posts\/1882","targetHints":{"allow":["GET"]}}],"collection":[{"href":"https:\/\/kuzeyinsesi.org\/index.php\/wp-json\/wp\/v2\/posts"}],"about":[{"href":"https:\/\/kuzeyinsesi.org\/index.php\/wp-json\/wp\/v2\/types\/post"}],"author":[{"embeddable":true,"href":"https:\/\/kuzeyinsesi.org\/index.php\/wp-json\/wp\/v2\/users\/1"}],"replies":[{"embeddable":true,"href":"https:\/\/kuzeyinsesi.org\/index.php\/wp-json\/wp\/v2\/comments?post=1882"}],"version-history":[{"count":0,"href":"https:\/\/kuzeyinsesi.org\/index.php\/wp-json\/wp\/v2\/posts\/1882\/revisions"}],"wp:featuredmedia":[{"embeddable":true,"href":"https:\/\/kuzeyinsesi.org\/index.php\/wp-json\/wp\/v2\/media\/1883"}],"wp:attachment":[{"href":"https:\/\/kuzeyinsesi.org\/index.php\/wp-json\/wp\/v2\/media?parent=1882"}],"wp:term":[{"taxonomy":"category","embeddable":true,"href":"https:\/\/kuzeyinsesi.org\/index.php\/wp-json\/wp\/v2\/categories?post=1882"},{"taxonomy":"post_tag","embeddable":true,"href":"https:\/\/kuzeyinsesi.org\/index.php\/wp-json\/wp\/v2\/tags?post=1882"}],"curies":[{"name":"wp","href":"https:\/\/api.w.org\/{rel}","templated":true}]}}