{"id":1880,"date":"2024-05-09T20:11:56","date_gmt":"2024-05-09T17:11:56","guid":{"rendered":"https:\/\/kuzeyinsesi.com\/index.php\/2024\/05\/09\/israilin-refah-kentinde-bir-eve-duzenledigi-hava-saldirisinda-2-sivil-oldu\/"},"modified":"2024-05-09T20:11:56","modified_gmt":"2024-05-09T17:11:56","slug":"israilin-refah-kentinde-bir-eve-duzenledigi-hava-saldirisinda-2-sivil-oldu","status":"publish","type":"post","link":"https:\/\/kuzeyinsesi.org\/index.php\/2024\/05\/09\/israilin-refah-kentinde-bir-eve-duzenledigi-hava-saldirisinda-2-sivil-oldu\/","title":{"rendered":"\u0130srail&#039;in Refah kentinde bir eve d\u00fczenledi\u011fi hava sald\u0131r\u0131s\u0131nda 2 sivil \u00f6ld\u00fc"},"content":{"rendered":"<p><\/p>\n<div>\n<p>&#13;<br \/>\n\tHastane kaynaklar\u0131ndan edinilen bilgiye g\u00f6re, Gazze&#8217;nin g\u00fcneyindeki Refah kentinde bir eve d\u00fczenlenen sald\u0131r\u0131da \u00f6len 2 Filistinlinin cenazesi ile baz\u0131 yaral\u0131lar Kuveyt Hastanesi&#8217;ne getirildi.<\/p>\n<p>&#13;<br \/>\n\tRefah&#8217;\u0131n Cineyne Mahallesi sakinlerinden Lafi ailesine ait evin enkaz\u0131ndan \u00e7\u0131kar\u0131lan cesetler par\u00e7alanm\u0131\u015f halde hastaneye ula\u015ft\u0131.<\/p>\n<h2>&#13;<br \/>\n\t<strong>Hamas ate\u015fkes \u00f6nerisine onay vermi\u015fti<\/strong><\/h2>\n<p>&#13;<br \/>\n\t<a href=\"https:\/\/www.trthaber.com\/etiket\/hamas\/\" target=\"_blank\" rel=\"noopener\">Hamas<\/a> Hareketi Siyasi B\u00fcro Ba\u015fkan\u0131 \u0130smail Heniyye, <a href=\"https:\/\/www.trthaber.com\/etiket\/katar\/\" target=\"_blank\" rel=\"noopener\">Katar<\/a> ve M\u0131s\u0131r&#8217;a, <a href=\"https:\/\/www.trthaber.com\/etiket\/gazze\/\" target=\"_blank\" rel=\"noopener\">Gazze<\/a> \u015eeridi&#8217;nde ate\u015fkes anla\u015fmas\u0131na ili\u015fkin \u00f6nerilerini onaylad\u0131\u011f\u0131n\u0131 bildirmi\u015fti.<\/p>\n<p>&#13;<br \/>\n\tHamas&#8217;\u0131n Katar ve <a href=\"https:\/\/www.trthaber.com\/etiket\/misir\/\" target=\"_blank\" rel=\"noopener\">M\u0131s\u0131r<\/a> taraf\u0131ndan iletilen &#8220;ate\u015fkes \u00f6nerilerine&#8221; onay verdi\u011fini duyurmas\u0131n\u0131n ard\u0131ndan, <a href=\"https:\/\/www.trthaber.com\/etiket\/israil\/\" target=\"_blank\" rel=\"noopener\">\u0130srail<\/a> <a href=\"https:\/\/www.trthaber.com\/etiket\/savas\/\" target=\"_blank\" rel=\"noopener\">Sava\u015f<\/a> Kabinesi, Refah&#8217;ta sald\u0131r\u0131lara devam karar\u0131 alm\u0131\u015ft\u0131.<\/p>\n<p>&#13;<br \/>\n\t\u0130srail ordusu, 6 May\u0131s&#8217;ta yapt\u0131\u011f\u0131 a\u00e7\u0131klamada, zorla yerinden edilmi\u015f Filistinlilerin s\u0131\u011f\u0131nd\u0131\u011f\u0131 Refah&#8217;\u0131n do\u011fusundaki baz\u0131 mahallelerin bo\u015falt\u0131lmas\u0131n\u0131 istemi\u015f, d\u00fcn sabah Gazze&#8217;nin Refah b\u00f6lgesine kara sald\u0131r\u0131s\u0131 ba\u015flatarak M\u0131s\u0131r ile olan s\u0131n\u0131r kap\u0131s\u0131n\u0131n Gazze taraf\u0131n\u0131 ele ge\u00e7irdi\u011fini duyurmu\u015ftu.<\/p>\n<\/p><\/div>\n","protected":false},"excerpt":{"rendered":"<p>&#13; Hastane kaynaklar\u0131ndan edinilen bilgiye g\u00f6re, Gazze&#8217;nin g\u00fcneyindeki Refah kentinde bir eve d\u00fczenlenen sald\u0131r\u0131da \u00f6len 2 Filistinlinin cenazesi ile baz\u0131 yaral\u0131lar Kuveyt Hastanesi&#8217;ne getirildi. &#13; Refah&#8217;\u0131n Cineyne Mahallesi sakinlerinden Lafi ailesine ait evin enkaz\u0131ndan \u00e7\u0131kar\u0131lan cesetler par\u00e7alanm\u0131\u015f halde hastaneye ula\u015ft\u0131. &#13; Hamas ate\u015fkes \u00f6nerisine onay vermi\u015fti &#13; Hamas Hareketi Siyasi B\u00fcro Ba\u015fkan\u0131 \u0130smail Heniyye, Katar [&hellip;]<\/p>\n","protected":false},"author":1,"featured_media":1881,"comment_status":"open","ping_status":"open","sticky":false,"template":"","format":"standard","meta":{"jnews-multi-image_gallery":[],"jnews_single_post":[],"jnews_primary_category":[],"jnews_social_meta":[],"jnews_override_counter":[],"footnotes":""},"categories":[2],"tags":[],"class_list":["post-1880","post","type-post","status-publish","format-standard","has-post-thumbnail","hentry","category-dunya"],"yoast_head":"<!-- This site is optimized with the Yoast SEO plugin v27.5 - https:\/\/yoast.com\/product\/yoast-seo-wordpress\/ -->\n<title>\u0130srail&#039;in Refah kentinde bir eve d\u00fczenledi\u011fi hava sald\u0131r\u0131s\u0131nda 2 sivil \u00f6ld\u00fc - Kuzeyin Sesi<\/title>\n<meta name=\"robots\" content=\"index, follow, max-snippet:-1, max-image-preview:large, max-video-preview:-1\" \/>\n<link rel=\"canonical\" href=\"https:\/\/kuzeyinsesi.org\/index.php\/2024\/05\/09\/israilin-refah-kentinde-bir-eve-duzenledigi-hava-saldirisinda-2-sivil-oldu\/\" \/>\n<meta property=\"og:locale\" content=\"tr_TR\" \/>\n<meta property=\"og:type\" content=\"article\" \/>\n<meta property=\"og:title\" content=\"\u0130srail&#039;in Refah kentinde bir eve d\u00fczenledi\u011fi hava sald\u0131r\u0131s\u0131nda 2 sivil \u00f6ld\u00fc - Kuzeyin Sesi\" \/>\n<meta property=\"og:description\" content=\"&#013; Hastane kaynaklar\u0131ndan edinilen bilgiye g\u00f6re, Gazze&#8217;nin g\u00fcneyindeki Refah kentinde bir eve d\u00fczenlenen sald\u0131r\u0131da \u00f6len 2 Filistinlinin cenazesi ile baz\u0131 yaral\u0131lar Kuveyt Hastanesi&#8217;ne getirildi. &#013; Refah&#8217;\u0131n Cineyne Mahallesi sakinlerinden Lafi ailesine ait evin enkaz\u0131ndan \u00e7\u0131kar\u0131lan cesetler par\u00e7alanm\u0131\u015f halde hastaneye ula\u015ft\u0131. &#013; Hamas ate\u015fkes \u00f6nerisine onay vermi\u015fti &#013; Hamas Hareketi Siyasi B\u00fcro Ba\u015fkan\u0131 \u0130smail Heniyye, Katar [&hellip;]\" \/>\n<meta property=\"og:url\" content=\"https:\/\/kuzeyinsesi.org\/index.php\/2024\/05\/09\/israilin-refah-kentinde-bir-eve-duzenledigi-hava-saldirisinda-2-sivil-oldu\/\" \/>\n<meta property=\"og:site_name\" content=\"Kuzeyin Sesi\" \/>\n<meta property=\"article:publisher\" content=\"https:\/\/www.facebook.com\/kuzeyinsesii\" \/>\n<meta property=\"article:published_time\" content=\"2024-05-09T17:11:56+00:00\" \/>\n<meta property=\"og:image\" content=\"https:\/\/kuzeyinsesi.org\/wp-content\/uploads\/2024\/05\/refah-aa-2226946.jpg\" \/>\n\t<meta property=\"og:image:width\" content=\"1280\" \/>\n\t<meta property=\"og:image:height\" content=\"720\" \/>\n\t<meta property=\"og:image:type\" content=\"image\/jpeg\" \/>\n<meta name=\"author\" content=\"Kuzeyin Sesi\" \/>\n<meta name=\"twitter:card\" content=\"summary_large_image\" \/>\n<meta name=\"twitter:creator\" content=\"@kuzeyinsesii\" \/>\n<meta name=\"twitter:site\" content=\"@kuzeyinsesii\" \/>\n<meta name=\"twitter:label1\" content=\"Yazan:\" \/>\n\t<meta name=\"twitter:data1\" content=\"Kuzeyin Sesi\" \/>\n\t<meta name=\"twitter:label2\" content=\"Tahmini okuma s\u00fcresi\" \/>\n\t<meta name=\"twitter:data2\" content=\"1 dakika\" \/>\n<script type=\"application\/ld+json\" class=\"yoast-schema-graph\">{\"@context\":\"https:\\\/\\\/schema.org\",\"@graph\":[{\"@type\":\"Article\",\"@id\":\"https:\\\/\\\/kuzeyinsesi.org\\\/index.php\\\/2024\\\/05\\\/09\\\/israilin-refah-kentinde-bir-eve-duzenledigi-hava-saldirisinda-2-sivil-oldu\\\/#article\",\"isPartOf\":{\"@id\":\"https:\\\/\\\/kuzeyinsesi.org\\\/index.php\\\/2024\\\/05\\\/09\\\/israilin-refah-kentinde-bir-eve-duzenledigi-hava-saldirisinda-2-sivil-oldu\\\/\"},\"author\":{\"name\":\"Kuzeyin Sesi\",\"@id\":\"https:\\\/\\\/kuzeyinsesi.org\\\/#\\\/schema\\\/person\\\/9f859689cdf01485597712386e37f5aa\"},\"headline\":\"\u0130srail&#039;in Refah kentinde bir eve d\u00fczenledi\u011fi hava sald\u0131r\u0131s\u0131nda 2 sivil \u00f6ld\u00fc\",\"datePublished\":\"2024-05-09T17:11:56+00:00\",\"mainEntityOfPage\":{\"@id\":\"https:\\\/\\\/kuzeyinsesi.org\\\/index.php\\\/2024\\\/05\\\/09\\\/israilin-refah-kentinde-bir-eve-duzenledigi-hava-saldirisinda-2-sivil-oldu\\\/\"},\"wordCount\":197,\"commentCount\":0,\"image\":{\"@id\":\"https:\\\/\\\/kuzeyinsesi.org\\\/index.php\\\/2024\\\/05\\\/09\\\/israilin-refah-kentinde-bir-eve-duzenledigi-hava-saldirisinda-2-sivil-oldu\\\/#primaryimage\"},\"thumbnailUrl\":\"https:\\\/\\\/kuzeyinsesi.org\\\/wp-content\\\/uploads\\\/2024\\\/05\\\/refah-aa-2226946.jpg\",\"articleSection\":[\"D\u00fcnya\"],\"inLanguage\":\"tr\",\"potentialAction\":[{\"@type\":\"CommentAction\",\"name\":\"Comment\",\"target\":[\"https:\\\/\\\/kuzeyinsesi.org\\\/index.php\\\/2024\\\/05\\\/09\\\/israilin-refah-kentinde-bir-eve-duzenledigi-hava-saldirisinda-2-sivil-oldu\\\/#respond\"]}]},{\"@type\":\"WebPage\",\"@id\":\"https:\\\/\\\/kuzeyinsesi.org\\\/index.php\\\/2024\\\/05\\\/09\\\/israilin-refah-kentinde-bir-eve-duzenledigi-hava-saldirisinda-2-sivil-oldu\\\/\",\"url\":\"https:\\\/\\\/kuzeyinsesi.org\\\/index.php\\\/2024\\\/05\\\/09\\\/israilin-refah-kentinde-bir-eve-duzenledigi-hava-saldirisinda-2-sivil-oldu\\\/\",\"name\":\"\u0130srail&#039;in Refah kentinde bir eve d\u00fczenledi\u011fi hava sald\u0131r\u0131s\u0131nda 2 sivil \u00f6ld\u00fc - Kuzeyin Sesi\",\"isPartOf\":{\"@id\":\"https:\\\/\\\/kuzeyinsesi.org\\\/#website\"},\"primaryImageOfPage\":{\"@id\":\"https:\\\/\\\/kuzeyinsesi.org\\\/index.php\\\/2024\\\/05\\\/09\\\/israilin-refah-kentinde-bir-eve-duzenledigi-hava-saldirisinda-2-sivil-oldu\\\/#primaryimage\"},\"image\":{\"@id\":\"https:\\\/\\\/kuzeyinsesi.org\\\/index.php\\\/2024\\\/05\\\/09\\\/israilin-refah-kentinde-bir-eve-duzenledigi-hava-saldirisinda-2-sivil-oldu\\\/#primaryimage\"},\"thumbnailUrl\":\"https:\\\/\\\/kuzeyinsesi.org\\\/wp-content\\\/uploads\\\/2024\\\/05\\\/refah-aa-2226946.jpg\",\"datePublished\":\"2024-05-09T17:11:56+00:00\",\"author\":{\"@id\":\"https:\\\/\\\/kuzeyinsesi.org\\\/#\\\/schema\\\/person\\\/9f859689cdf01485597712386e37f5aa\"},\"breadcrumb\":{\"@id\":\"https:\\\/\\\/kuzeyinsesi.org\\\/index.php\\\/2024\\\/05\\\/09\\\/israilin-refah-kentinde-bir-eve-duzenledigi-hava-saldirisinda-2-sivil-oldu\\\/#breadcrumb\"},\"inLanguage\":\"tr\",\"potentialAction\":[{\"@type\":\"ReadAction\",\"target\":[\"https:\\\/\\\/kuzeyinsesi.org\\\/index.php\\\/2024\\\/05\\\/09\\\/israilin-refah-kentinde-bir-eve-duzenledigi-hava-saldirisinda-2-sivil-oldu\\\/\"]}]},{\"@type\":\"ImageObject\",\"inLanguage\":\"tr\",\"@id\":\"https:\\\/\\\/kuzeyinsesi.org\\\/index.php\\\/2024\\\/05\\\/09\\\/israilin-refah-kentinde-bir-eve-duzenledigi-hava-saldirisinda-2-sivil-oldu\\\/#primaryimage\",\"url\":\"https:\\\/\\\/kuzeyinsesi.org\\\/wp-content\\\/uploads\\\/2024\\\/05\\\/refah-aa-2226946.jpg\",\"contentUrl\":\"https:\\\/\\\/kuzeyinsesi.org\\\/wp-content\\\/uploads\\\/2024\\\/05\\\/refah-aa-2226946.jpg\",\"width\":1280,\"height\":720},{\"@type\":\"BreadcrumbList\",\"@id\":\"https:\\\/\\\/kuzeyinsesi.org\\\/index.php\\\/2024\\\/05\\\/09\\\/israilin-refah-kentinde-bir-eve-duzenledigi-hava-saldirisinda-2-sivil-oldu\\\/#breadcrumb\",\"itemListElement\":[{\"@type\":\"ListItem\",\"position\":1,\"name\":\"Anasayfa\",\"item\":\"https:\\\/\\\/kuzeyinsesi.org\\\/\"},{\"@type\":\"ListItem\",\"position\":2,\"name\":\"\u0130srail&#039;in Refah kentinde bir eve d\u00fczenledi\u011fi hava sald\u0131r\u0131s\u0131nda 2 sivil \u00f6ld\u00fc\"}]},{\"@type\":\"WebSite\",\"@id\":\"https:\\\/\\\/kuzeyinsesi.org\\\/#website\",\"url\":\"https:\\\/\\\/kuzeyinsesi.org\\\/\",\"name\":\"Kuzeyin Sesi\",\"description\":\"Do\u011fru Haberin Adresi\",\"potentialAction\":[{\"@type\":\"SearchAction\",\"target\":{\"@type\":\"EntryPoint\",\"urlTemplate\":\"https:\\\/\\\/kuzeyinsesi.org\\\/?s={search_term_string}\"},\"query-input\":{\"@type\":\"PropertyValueSpecification\",\"valueRequired\":true,\"valueName\":\"search_term_string\"}}],\"inLanguage\":\"tr\"},{\"@type\":\"Person\",\"@id\":\"https:\\\/\\\/kuzeyinsesi.org\\\/#\\\/schema\\\/person\\\/9f859689cdf01485597712386e37f5aa\",\"name\":\"Kuzeyin Sesi\",\"image\":{\"@type\":\"ImageObject\",\"inLanguage\":\"tr\",\"@id\":\"https:\\\/\\\/secure.gravatar.com\\\/avatar\\\/bab33852abfd8b282518d6ed81826833d77c3c882d9ab608add591ccace47a44?s=96&d=mm&r=g\",\"url\":\"https:\\\/\\\/secure.gravatar.com\\\/avatar\\\/bab33852abfd8b282518d6ed81826833d77c3c882d9ab608add591ccace47a44?s=96&d=mm&r=g\",\"contentUrl\":\"https:\\\/\\\/secure.gravatar.com\\\/avatar\\\/bab33852abfd8b282518d6ed81826833d77c3c882d9ab608add591ccace47a44?s=96&d=mm&r=g\",\"caption\":\"Kuzeyin Sesi\"},\"sameAs\":[\"https:\\\/\\\/kuzeyinsesi.org\"],\"url\":\"https:\\\/\\\/kuzeyinsesi.org\\\/index.php\\\/author\\\/guven\\\/\"}]}<\/script>\n<!-- \/ Yoast SEO plugin. -->","yoast_head_json":{"title":"\u0130srail&#039;in Refah kentinde bir eve d\u00fczenledi\u011fi hava sald\u0131r\u0131s\u0131nda 2 sivil \u00f6ld\u00fc - Kuzeyin Sesi","robots":{"index":"index","follow":"follow","max-snippet":"max-snippet:-1","max-image-preview":"max-image-preview:large","max-video-preview":"max-video-preview:-1"},"canonical":"https:\/\/kuzeyinsesi.org\/index.php\/2024\/05\/09\/israilin-refah-kentinde-bir-eve-duzenledigi-hava-saldirisinda-2-sivil-oldu\/","og_locale":"tr_TR","og_type":"article","og_title":"\u0130srail&#039;in Refah kentinde bir eve d\u00fczenledi\u011fi hava sald\u0131r\u0131s\u0131nda 2 sivil \u00f6ld\u00fc - Kuzeyin Sesi","og_description":"&#13; Hastane kaynaklar\u0131ndan edinilen bilgiye g\u00f6re, Gazze&#8217;nin g\u00fcneyindeki Refah kentinde bir eve d\u00fczenlenen sald\u0131r\u0131da \u00f6len 2 Filistinlinin cenazesi ile baz\u0131 yaral\u0131lar Kuveyt Hastanesi&#8217;ne getirildi. &#13; Refah&#8217;\u0131n Cineyne Mahallesi sakinlerinden Lafi ailesine ait evin enkaz\u0131ndan \u00e7\u0131kar\u0131lan cesetler par\u00e7alanm\u0131\u015f halde hastaneye ula\u015ft\u0131. &#13; Hamas ate\u015fkes \u00f6nerisine onay vermi\u015fti &#13; Hamas Hareketi Siyasi B\u00fcro Ba\u015fkan\u0131 \u0130smail Heniyye, Katar [&hellip;]","og_url":"https:\/\/kuzeyinsesi.org\/index.php\/2024\/05\/09\/israilin-refah-kentinde-bir-eve-duzenledigi-hava-saldirisinda-2-sivil-oldu\/","og_site_name":"Kuzeyin Sesi","article_publisher":"https:\/\/www.facebook.com\/kuzeyinsesii","article_published_time":"2024-05-09T17:11:56+00:00","og_image":[{"width":1280,"height":720,"url":"https:\/\/kuzeyinsesi.org\/wp-content\/uploads\/2024\/05\/refah-aa-2226946.jpg","type":"image\/jpeg"}],"author":"Kuzeyin Sesi","twitter_card":"summary_large_image","twitter_creator":"@kuzeyinsesii","twitter_site":"@kuzeyinsesii","twitter_misc":{"Yazan:":"Kuzeyin Sesi","Tahmini okuma s\u00fcresi":"1 dakika"},"schema":{"@context":"https:\/\/schema.org","@graph":[{"@type":"Article","@id":"https:\/\/kuzeyinsesi.org\/index.php\/2024\/05\/09\/israilin-refah-kentinde-bir-eve-duzenledigi-hava-saldirisinda-2-sivil-oldu\/#article","isPartOf":{"@id":"https:\/\/kuzeyinsesi.org\/index.php\/2024\/05\/09\/israilin-refah-kentinde-bir-eve-duzenledigi-hava-saldirisinda-2-sivil-oldu\/"},"author":{"name":"Kuzeyin Sesi","@id":"https:\/\/kuzeyinsesi.org\/#\/schema\/person\/9f859689cdf01485597712386e37f5aa"},"headline":"\u0130srail&#039;in Refah kentinde bir eve d\u00fczenledi\u011fi hava sald\u0131r\u0131s\u0131nda 2 sivil \u00f6ld\u00fc","datePublished":"2024-05-09T17:11:56+00:00","mainEntityOfPage":{"@id":"https:\/\/kuzeyinsesi.org\/index.php\/2024\/05\/09\/israilin-refah-kentinde-bir-eve-duzenledigi-hava-saldirisinda-2-sivil-oldu\/"},"wordCount":197,"commentCount":0,"image":{"@id":"https:\/\/kuzeyinsesi.org\/index.php\/2024\/05\/09\/israilin-refah-kentinde-bir-eve-duzenledigi-hava-saldirisinda-2-sivil-oldu\/#primaryimage"},"thumbnailUrl":"https:\/\/kuzeyinsesi.org\/wp-content\/uploads\/2024\/05\/refah-aa-2226946.jpg","articleSection":["D\u00fcnya"],"inLanguage":"tr","potentialAction":[{"@type":"CommentAction","name":"Comment","target":["https:\/\/kuzeyinsesi.org\/index.php\/2024\/05\/09\/israilin-refah-kentinde-bir-eve-duzenledigi-hava-saldirisinda-2-sivil-oldu\/#respond"]}]},{"@type":"WebPage","@id":"https:\/\/kuzeyinsesi.org\/index.php\/2024\/05\/09\/israilin-refah-kentinde-bir-eve-duzenledigi-hava-saldirisinda-2-sivil-oldu\/","url":"https:\/\/kuzeyinsesi.org\/index.php\/2024\/05\/09\/israilin-refah-kentinde-bir-eve-duzenledigi-hava-saldirisinda-2-sivil-oldu\/","name":"\u0130srail&#039;in Refah kentinde bir eve d\u00fczenledi\u011fi hava sald\u0131r\u0131s\u0131nda 2 sivil \u00f6ld\u00fc - Kuzeyin Sesi","isPartOf":{"@id":"https:\/\/kuzeyinsesi.org\/#website"},"primaryImageOfPage":{"@id":"https:\/\/kuzeyinsesi.org\/index.php\/2024\/05\/09\/israilin-refah-kentinde-bir-eve-duzenledigi-hava-saldirisinda-2-sivil-oldu\/#primaryimage"},"image":{"@id":"https:\/\/kuzeyinsesi.org\/index.php\/2024\/05\/09\/israilin-refah-kentinde-bir-eve-duzenledigi-hava-saldirisinda-2-sivil-oldu\/#primaryimage"},"thumbnailUrl":"https:\/\/kuzeyinsesi.org\/wp-content\/uploads\/2024\/05\/refah-aa-2226946.jpg","datePublished":"2024-05-09T17:11:56+00:00","author":{"@id":"https:\/\/kuzeyinsesi.org\/#\/schema\/person\/9f859689cdf01485597712386e37f5aa"},"breadcrumb":{"@id":"https:\/\/kuzeyinsesi.org\/index.php\/2024\/05\/09\/israilin-refah-kentinde-bir-eve-duzenledigi-hava-saldirisinda-2-sivil-oldu\/#breadcrumb"},"inLanguage":"tr","potentialAction":[{"@type":"ReadAction","target":["https:\/\/kuzeyinsesi.org\/index.php\/2024\/05\/09\/israilin-refah-kentinde-bir-eve-duzenledigi-hava-saldirisinda-2-sivil-oldu\/"]}]},{"@type":"ImageObject","inLanguage":"tr","@id":"https:\/\/kuzeyinsesi.org\/index.php\/2024\/05\/09\/israilin-refah-kentinde-bir-eve-duzenledigi-hava-saldirisinda-2-sivil-oldu\/#primaryimage","url":"https:\/\/kuzeyinsesi.org\/wp-content\/uploads\/2024\/05\/refah-aa-2226946.jpg","contentUrl":"https:\/\/kuzeyinsesi.org\/wp-content\/uploads\/2024\/05\/refah-aa-2226946.jpg","width":1280,"height":720},{"@type":"BreadcrumbList","@id":"https:\/\/kuzeyinsesi.org\/index.php\/2024\/05\/09\/israilin-refah-kentinde-bir-eve-duzenledigi-hava-saldirisinda-2-sivil-oldu\/#breadcrumb","itemListElement":[{"@type":"ListItem","position":1,"name":"Anasayfa","item":"https:\/\/kuzeyinsesi.org\/"},{"@type":"ListItem","position":2,"name":"\u0130srail&#039;in Refah kentinde bir eve d\u00fczenledi\u011fi hava sald\u0131r\u0131s\u0131nda 2 sivil \u00f6ld\u00fc"}]},{"@type":"WebSite","@id":"https:\/\/kuzeyinsesi.org\/#website","url":"https:\/\/kuzeyinsesi.org\/","name":"Kuzeyin Sesi","description":"Do\u011fru Haberin Adresi","potentialAction":[{"@type":"SearchAction","target":{"@type":"EntryPoint","urlTemplate":"https:\/\/kuzeyinsesi.org\/?s={search_term_string}"},"query-input":{"@type":"PropertyValueSpecification","valueRequired":true,"valueName":"search_term_string"}}],"inLanguage":"tr"},{"@type":"Person","@id":"https:\/\/kuzeyinsesi.org\/#\/schema\/person\/9f859689cdf01485597712386e37f5aa","name":"Kuzeyin Sesi","image":{"@type":"ImageObject","inLanguage":"tr","@id":"https:\/\/secure.gravatar.com\/avatar\/bab33852abfd8b282518d6ed81826833d77c3c882d9ab608add591ccace47a44?s=96&d=mm&r=g","url":"https:\/\/secure.gravatar.com\/avatar\/bab33852abfd8b282518d6ed81826833d77c3c882d9ab608add591ccace47a44?s=96&d=mm&r=g","contentUrl":"https:\/\/secure.gravatar.com\/avatar\/bab33852abfd8b282518d6ed81826833d77c3c882d9ab608add591ccace47a44?s=96&d=mm&r=g","caption":"Kuzeyin Sesi"},"sameAs":["https:\/\/kuzeyinsesi.org"],"url":"https:\/\/kuzeyinsesi.org\/index.php\/author\/guven\/"}]}},"_links":{"self":[{"href":"https:\/\/kuzeyinsesi.org\/index.php\/wp-json\/wp\/v2\/posts\/1880","targetHints":{"allow":["GET"]}}],"collection":[{"href":"https:\/\/kuzeyinsesi.org\/index.php\/wp-json\/wp\/v2\/posts"}],"about":[{"href":"https:\/\/kuzeyinsesi.org\/index.php\/wp-json\/wp\/v2\/types\/post"}],"author":[{"embeddable":true,"href":"https:\/\/kuzeyinsesi.org\/index.php\/wp-json\/wp\/v2\/users\/1"}],"replies":[{"embeddable":true,"href":"https:\/\/kuzeyinsesi.org\/index.php\/wp-json\/wp\/v2\/comments?post=1880"}],"version-history":[{"count":0,"href":"https:\/\/kuzeyinsesi.org\/index.php\/wp-json\/wp\/v2\/posts\/1880\/revisions"}],"wp:featuredmedia":[{"embeddable":true,"href":"https:\/\/kuzeyinsesi.org\/index.php\/wp-json\/wp\/v2\/media\/1881"}],"wp:attachment":[{"href":"https:\/\/kuzeyinsesi.org\/index.php\/wp-json\/wp\/v2\/media?parent=1880"}],"wp:term":[{"taxonomy":"category","embeddable":true,"href":"https:\/\/kuzeyinsesi.org\/index.php\/wp-json\/wp\/v2\/categories?post=1880"},{"taxonomy":"post_tag","embeddable":true,"href":"https:\/\/kuzeyinsesi.org\/index.php\/wp-json\/wp\/v2\/tags?post=1880"}],"curies":[{"name":"wp","href":"https:\/\/api.w.org\/{rel}","templated":true}]}}