{"id":18786,"date":"2025-02-09T14:13:36","date_gmt":"2025-02-09T12:13:36","guid":{"rendered":"https:\/\/kuzeyinsesi.org\/index.php\/2025\/02\/09\/yesil-okullar-ve-doganin-genc-savunuculari-projesine-gaziantep-ticaret-borsasi-da-katildi\/"},"modified":"2025-02-09T14:13:36","modified_gmt":"2025-02-09T12:13:36","slug":"yesil-okullar-ve-doganin-genc-savunuculari-projesine-gaziantep-ticaret-borsasi-da-katildi","status":"publish","type":"post","link":"https:\/\/kuzeyinsesi.org\/index.php\/2025\/02\/09\/yesil-okullar-ve-doganin-genc-savunuculari-projesine-gaziantep-ticaret-borsasi-da-katildi\/","title":{"rendered":"\u201cYe\u015fil Okullar ve Do\u011fan\u0131n Gen\u00e7 Savunucular\u0131 Projesi\u201dne Gaziantep Ticaret Borsas\u0131 da kat\u0131ld\u0131"},"content":{"rendered":"<div>\n<div class=\"mariselle-image-container center\">\n                                            <\/div>\n<p>K\u0131br\u0131s T\u00fcrk Giri\u015fimci Kad\u0131nlar Derne\u011fi (G\u0130KAD) ve Uluslararas\u0131 Final \u00dcniversitesinin (UF\u00dc), s\u00fcrd\u00fcr\u00fclebilirlik vizyonuyla hayata ge\u00e7irdi\u011fi \u201cYe\u015fil Okullar Projesi\u201dne, Gaziantep Ticaret Borsas\u0131 da kat\u0131ld\u0131.<\/p>\n<p>Dernekten verilen bilgiye g\u00f6re, Ye\u015fil Okullar Projesi, \u00e7evre bilincini art\u0131rmay\u0131 ve s\u00fcrd\u00fcr\u00fclebilir bir ya\u015fam k\u00fclt\u00fcr\u00fcn\u00fc yayg\u0131nla\u015ft\u0131rmay\u0131 hedefliyor. Proje, ilk etapta 25 okulda uygulanmaya ba\u015flarken, 70 okula ula\u015ft\u0131. Gaziantep Ticaret Borsas\u0131 da, iki okulla birlikte projeye dahil olurken, toplam okul say\u0131s\u0131 72\u2019ye \u00e7\u0131kt\u0131.<\/p>\n<p>Bu \u00e7er\u00e7evede Gaziantep Ticaret Borsas\u0131 (GTB), K\u0131br\u0131s T\u00fcrk Giri\u015fimci Kad\u0131nlar Derne\u011fi (G\u0130KAD) ve Uluslararas\u0131 Final \u00dcniversitesi (UF\u00dc) aras\u0131nda Gaziantep\u2019te protokol imzaland\u0131.<\/p>\n<p>A\u00e7\u0131klamada, Ye\u015fil Okullar Projesinin, pilot okullarda \u00e7evre kul\u00fcpleri kurarak, \u00f6\u011frencileri do\u011fa dostu bireyler olarak yeti\u015ftirmeyi ama\u00e7lad\u0131\u011f\u0131, bu \u00e7er\u00e7evede \u00e7evre kul\u00fcplerinin, \u00f6\u011frencilere do\u011fay\u0131 koruma bilinci kazand\u0131r\u0131rken, \u00e7evresel sorunlar hakk\u0131nda bilin\u00e7lendirece\u011fi ve \u00e7\u00f6z\u00fcm \u00fcretmeye te\u015fvik edece\u011fi kaydedildi.<\/p>\n<p>Erozyonla M\u00fccadele, A\u011fa\u00e7land\u0131rma \u00c7al\u0131\u015fmalar\u0131, Biyolojik \u00c7e\u015fitlilik, Geri D\u00f6n\u00fc\u015f\u00fcm ve At\u0131k Y\u00f6netimi, Enerji ve Su Tasarrufu ba\u015fl\u0131klar\u0131 alt\u0131ndaki Ye\u015fil Okullar Projesi kapsam\u0131nda, pilot okullarda \u00f6\u011fretmenler ve \u00f6\u011frenciler i\u00e7in \u00e7evre e\u011fitimi programlar\u0131 d\u00fczenlenecek. E\u011fitimler hem teorik bilgiler i\u00e7erecek hem de uygulamal\u0131 etkinlikler ile desteklenecek.<\/p>\n<p>Ayr\u0131ca, okullarda olu\u015fturulacak \u00e7evre kul\u00fcpleri, \u00f6\u011frencilere do\u011fa ile i\u00e7 i\u00e7e deneyimler ya\u015fatacak. Bu kul\u00fcpler sayesinde \u00e7ocuklar, do\u011fa y\u00fcr\u00fcy\u00fc\u015fleri, fidan dikim etkinlikleri, ekolojik tar\u0131m \u00e7al\u0131\u015fmalar\u0131 gibi bir\u00e7ok etkinli\u011fe kat\u0131labilecek.<\/p>\n<p>S\u00fcrd\u00fcr\u00fclebilir uygulamalar\u0131 hayata ge\u00e7iren okullar \u201cYe\u015fil Bayrak \u00d6d\u00fcl\u00fc\u201d ile te\u015fvik edilecek. Bu \u00f6d\u00fcl, okulun \u00e7evre dostu uygulamalar\u0131 ba\u015far\u0131yla hayata ge\u00e7irdi\u011fini belgeleyen \u00f6nemli bir kriter olacak.<\/p>\n<p>Ye\u015fil Okullar Projesi\u2019ne ek olarak, Ye\u015fil Kap\u0131 Projesi ile de i\u015f d\u00fcnyas\u0131nda \u00e7evreci d\u00f6n\u00fc\u015f\u00fcm te\u015fvik ediliyor. G\u0130KAD\u2019\u0131n y\u00fcr\u00fctt\u00fc\u011f\u00fc bu proje kapsam\u0131nda, 50 \u015firketle i\u015f birli\u011fi yap\u0131larak s\u00fcrd\u00fcr\u00fclebilirlik stratejileri geli\u015ftiriliyor. \u015eirketler, karbon ayak izlerini azaltmak ve \u00e7evre dostu i\u015f modellerine ge\u00e7i\u015f yapmak i\u00e7in destekleniyor.<\/p>\n<p>Ye\u015fil Kap\u0131 Projesi kapsam\u0131nda ayr\u0131ca, okullar ve i\u015fletmeler ortak \u00e7evre projelerine imza atarak \u00e7evresel s\u00fcrd\u00fcr\u00fclebilirli\u011fi g\u00fc\u00e7lendiren \u00e7al\u0131\u015fmalar y\u00fcr\u00fct\u00fcyor. Bu i\u015f birlikleri sayesinde, \u00f6\u011frenciler ger\u00e7ek d\u00fcnya uygulamalar\u0131n\u0131 deneyimleme f\u0131rsat\u0131 bulurken, i\u015fletmeler de \u00e7evreye duyarl\u0131 kurumsal sosyal sorumluluk projeleri geli\u015ftirme imkan\u0131 yakal\u0131yor.<\/p>\n<p>Ye\u015fil Okullar ve Ye\u015fil Kap\u0131 projeleri birlikte de\u011ferlendirildi\u011finde, hem e\u011fitimde hem de i\u015f d\u00fcnyas\u0131nda \u00e7evresel fark\u0131ndal\u0131\u011f\u0131n art\u0131r\u0131lmas\u0131 ve s\u00fcrd\u00fcr\u00fclebilir bir gelece\u011fe katk\u0131 sa\u011flanmas\u0131 hedefleniyor.<\/p>\n<p>Bu projeler, do\u011fa dostu bireylerin yeti\u015ftirilmesine ve kurumlar\u0131n ye\u015fil d\u00f6n\u00fc\u015f\u00fcm s\u00fcre\u00e7lerine uyum sa\u011flamalar\u0131na destek olarak \u00e7evresel s\u00fcrd\u00fcr\u00fclebilirli\u011fe b\u00fcy\u00fck katk\u0131 sunuyor.<\/p>\n<\/p><\/div>\n<p><script async\n                    defer\n                    crossorigin=\"anonymous\"\n                    src=\"https:\/\/connect.facebook.net\/tr_TR\/sdk.js#xfbml=1&#038;version=v3.3\"\n            ><\/script><\/p>\n","protected":false},"excerpt":{"rendered":"<p>K\u0131br\u0131s T\u00fcrk Giri\u015fimci Kad\u0131nlar Derne\u011fi (G\u0130KAD) ve Uluslararas\u0131 Final \u00dcniversitesinin (UF\u00dc), s\u00fcrd\u00fcr\u00fclebilirlik vizyonuyla hayata ge\u00e7irdi\u011fi \u201cYe\u015fil Okullar Projesi\u201dne, Gaziantep Ticaret Borsas\u0131 da kat\u0131ld\u0131. Dernekten verilen bilgiye g\u00f6re, Ye\u015fil Okullar Projesi, \u00e7evre bilincini art\u0131rmay\u0131 ve s\u00fcrd\u00fcr\u00fclebilir bir ya\u015fam k\u00fclt\u00fcr\u00fcn\u00fc yayg\u0131nla\u015ft\u0131rmay\u0131 hedefliyor. Proje, ilk etapta 25 okulda uygulanmaya ba\u015flarken, 70 okula ula\u015ft\u0131. Gaziantep Ticaret Borsas\u0131 da, iki [&hellip;]<\/p>\n","protected":false},"author":1,"featured_media":18787,"comment_status":"open","ping_status":"open","sticky":false,"template":"","format":"standard","meta":{"jnews-multi-image_gallery":[],"jnews_single_post":[],"jnews_primary_category":[],"jnews_social_meta":[],"jnews_override_counter":[],"footnotes":""},"categories":[5],"tags":[],"class_list":["post-18786","post","type-post","status-publish","format-standard","has-post-thumbnail","hentry","category-turkiye"],"yoast_head":"<!-- This site is optimized with the Yoast SEO plugin v27.5 - https:\/\/yoast.com\/product\/yoast-seo-wordpress\/ -->\n<title>\u201cYe\u015fil Okullar ve Do\u011fan\u0131n Gen\u00e7 Savunucular\u0131 Projesi\u201dne Gaziantep Ticaret Borsas\u0131 da kat\u0131ld\u0131 - Kuzeyin Sesi<\/title>\n<meta name=\"robots\" content=\"index, follow, max-snippet:-1, max-image-preview:large, max-video-preview:-1\" \/>\n<link rel=\"canonical\" href=\"https:\/\/kuzeyinsesi.org\/index.php\/2025\/02\/09\/yesil-okullar-ve-doganin-genc-savunuculari-projesine-gaziantep-ticaret-borsasi-da-katildi\/\" \/>\n<meta property=\"og:locale\" content=\"tr_TR\" \/>\n<meta property=\"og:type\" content=\"article\" \/>\n<meta property=\"og:title\" content=\"\u201cYe\u015fil Okullar ve Do\u011fan\u0131n Gen\u00e7 Savunucular\u0131 Projesi\u201dne Gaziantep Ticaret Borsas\u0131 da kat\u0131ld\u0131 - Kuzeyin Sesi\" \/>\n<meta property=\"og:description\" content=\"K\u0131br\u0131s T\u00fcrk Giri\u015fimci Kad\u0131nlar Derne\u011fi (G\u0130KAD) ve Uluslararas\u0131 Final \u00dcniversitesinin (UF\u00dc), s\u00fcrd\u00fcr\u00fclebilirlik vizyonuyla hayata ge\u00e7irdi\u011fi \u201cYe\u015fil Okullar Projesi\u201dne, Gaziantep Ticaret Borsas\u0131 da kat\u0131ld\u0131. Dernekten verilen bilgiye g\u00f6re, Ye\u015fil Okullar Projesi, \u00e7evre bilincini art\u0131rmay\u0131 ve s\u00fcrd\u00fcr\u00fclebilir bir ya\u015fam k\u00fclt\u00fcr\u00fcn\u00fc yayg\u0131nla\u015ft\u0131rmay\u0131 hedefliyor. Proje, ilk etapta 25 okulda uygulanmaya ba\u015flarken, 70 okula ula\u015ft\u0131. Gaziantep Ticaret Borsas\u0131 da, iki [&hellip;]\" \/>\n<meta property=\"og:url\" content=\"https:\/\/kuzeyinsesi.org\/index.php\/2025\/02\/09\/yesil-okullar-ve-doganin-genc-savunuculari-projesine-gaziantep-ticaret-borsasi-da-katildi\/\" \/>\n<meta property=\"og:site_name\" content=\"Kuzeyin Sesi\" \/>\n<meta property=\"article:publisher\" content=\"https:\/\/www.facebook.com\/kuzeyinsesii\" \/>\n<meta property=\"article:published_time\" content=\"2025-02-09T12:13:36+00:00\" \/>\n<meta property=\"og:image\" content=\"https:\/\/brtk.net\/wp-content\/uploads\/2025\/02\/09\/9422.jpg?ver=136a05ba26d469ce4b3d75f1c63fe8b0\" \/>\n<meta name=\"author\" content=\"Kuzeyin Sesi\" \/>\n<meta name=\"twitter:card\" content=\"summary_large_image\" \/>\n<meta name=\"twitter:creator\" content=\"@kuzeyinsesii\" \/>\n<meta name=\"twitter:site\" content=\"@kuzeyinsesii\" \/>\n<meta name=\"twitter:label1\" content=\"Yazan:\" \/>\n\t<meta name=\"twitter:data1\" content=\"Kuzeyin Sesi\" \/>\n\t<meta name=\"twitter:label2\" content=\"Tahmini okuma s\u00fcresi\" \/>\n\t<meta name=\"twitter:data2\" content=\"3 dakika\" \/>\n<script type=\"application\/ld+json\" class=\"yoast-schema-graph\">{\"@context\":\"https:\\\/\\\/schema.org\",\"@graph\":[{\"@type\":\"Article\",\"@id\":\"https:\\\/\\\/kuzeyinsesi.org\\\/index.php\\\/2025\\\/02\\\/09\\\/yesil-okullar-ve-doganin-genc-savunuculari-projesine-gaziantep-ticaret-borsasi-da-katildi\\\/#article\",\"isPartOf\":{\"@id\":\"https:\\\/\\\/kuzeyinsesi.org\\\/index.php\\\/2025\\\/02\\\/09\\\/yesil-okullar-ve-doganin-genc-savunuculari-projesine-gaziantep-ticaret-borsasi-da-katildi\\\/\"},\"author\":{\"name\":\"Kuzeyin Sesi\",\"@id\":\"https:\\\/\\\/kuzeyinsesi.org\\\/#\\\/schema\\\/person\\\/9f859689cdf01485597712386e37f5aa\"},\"headline\":\"\u201cYe\u015fil Okullar ve Do\u011fan\u0131n Gen\u00e7 Savunucular\u0131 Projesi\u201dne Gaziantep Ticaret Borsas\u0131 da kat\u0131ld\u0131\",\"datePublished\":\"2025-02-09T12:13:36+00:00\",\"mainEntityOfPage\":{\"@id\":\"https:\\\/\\\/kuzeyinsesi.org\\\/index.php\\\/2025\\\/02\\\/09\\\/yesil-okullar-ve-doganin-genc-savunuculari-projesine-gaziantep-ticaret-borsasi-da-katildi\\\/\"},\"wordCount\":536,\"commentCount\":0,\"image\":{\"@id\":\"https:\\\/\\\/kuzeyinsesi.org\\\/index.php\\\/2025\\\/02\\\/09\\\/yesil-okullar-ve-doganin-genc-savunuculari-projesine-gaziantep-ticaret-borsasi-da-katildi\\\/#primaryimage\"},\"thumbnailUrl\":\"https:\\\/\\\/kuzeyinsesi.org\\\/wp-content\\\/uploads\\\/2025\\\/02\\\/9422.jpg\",\"articleSection\":[\"T\u00fcrkiye\"],\"inLanguage\":\"tr\",\"potentialAction\":[{\"@type\":\"CommentAction\",\"name\":\"Comment\",\"target\":[\"https:\\\/\\\/kuzeyinsesi.org\\\/index.php\\\/2025\\\/02\\\/09\\\/yesil-okullar-ve-doganin-genc-savunuculari-projesine-gaziantep-ticaret-borsasi-da-katildi\\\/#respond\"]}]},{\"@type\":\"WebPage\",\"@id\":\"https:\\\/\\\/kuzeyinsesi.org\\\/index.php\\\/2025\\\/02\\\/09\\\/yesil-okullar-ve-doganin-genc-savunuculari-projesine-gaziantep-ticaret-borsasi-da-katildi\\\/\",\"url\":\"https:\\\/\\\/kuzeyinsesi.org\\\/index.php\\\/2025\\\/02\\\/09\\\/yesil-okullar-ve-doganin-genc-savunuculari-projesine-gaziantep-ticaret-borsasi-da-katildi\\\/\",\"name\":\"\u201cYe\u015fil Okullar ve Do\u011fan\u0131n Gen\u00e7 Savunucular\u0131 Projesi\u201dne Gaziantep Ticaret Borsas\u0131 da kat\u0131ld\u0131 - Kuzeyin Sesi\",\"isPartOf\":{\"@id\":\"https:\\\/\\\/kuzeyinsesi.org\\\/#website\"},\"primaryImageOfPage\":{\"@id\":\"https:\\\/\\\/kuzeyinsesi.org\\\/index.php\\\/2025\\\/02\\\/09\\\/yesil-okullar-ve-doganin-genc-savunuculari-projesine-gaziantep-ticaret-borsasi-da-katildi\\\/#primaryimage\"},\"image\":{\"@id\":\"https:\\\/\\\/kuzeyinsesi.org\\\/index.php\\\/2025\\\/02\\\/09\\\/yesil-okullar-ve-doganin-genc-savunuculari-projesine-gaziantep-ticaret-borsasi-da-katildi\\\/#primaryimage\"},\"thumbnailUrl\":\"https:\\\/\\\/kuzeyinsesi.org\\\/wp-content\\\/uploads\\\/2025\\\/02\\\/9422.jpg\",\"datePublished\":\"2025-02-09T12:13:36+00:00\",\"author\":{\"@id\":\"https:\\\/\\\/kuzeyinsesi.org\\\/#\\\/schema\\\/person\\\/9f859689cdf01485597712386e37f5aa\"},\"breadcrumb\":{\"@id\":\"https:\\\/\\\/kuzeyinsesi.org\\\/index.php\\\/2025\\\/02\\\/09\\\/yesil-okullar-ve-doganin-genc-savunuculari-projesine-gaziantep-ticaret-borsasi-da-katildi\\\/#breadcrumb\"},\"inLanguage\":\"tr\",\"potentialAction\":[{\"@type\":\"ReadAction\",\"target\":[\"https:\\\/\\\/kuzeyinsesi.org\\\/index.php\\\/2025\\\/02\\\/09\\\/yesil-okullar-ve-doganin-genc-savunuculari-projesine-gaziantep-ticaret-borsasi-da-katildi\\\/\"]}]},{\"@type\":\"ImageObject\",\"inLanguage\":\"tr\",\"@id\":\"https:\\\/\\\/kuzeyinsesi.org\\\/index.php\\\/2025\\\/02\\\/09\\\/yesil-okullar-ve-doganin-genc-savunuculari-projesine-gaziantep-ticaret-borsasi-da-katildi\\\/#primaryimage\",\"url\":\"https:\\\/\\\/kuzeyinsesi.org\\\/wp-content\\\/uploads\\\/2025\\\/02\\\/9422.jpg\",\"contentUrl\":\"https:\\\/\\\/kuzeyinsesi.org\\\/wp-content\\\/uploads\\\/2025\\\/02\\\/9422.jpg\",\"width\":1598,\"height\":697},{\"@type\":\"BreadcrumbList\",\"@id\":\"https:\\\/\\\/kuzeyinsesi.org\\\/index.php\\\/2025\\\/02\\\/09\\\/yesil-okullar-ve-doganin-genc-savunuculari-projesine-gaziantep-ticaret-borsasi-da-katildi\\\/#breadcrumb\",\"itemListElement\":[{\"@type\":\"ListItem\",\"position\":1,\"name\":\"Anasayfa\",\"item\":\"https:\\\/\\\/kuzeyinsesi.org\\\/\"},{\"@type\":\"ListItem\",\"position\":2,\"name\":\"\u201cYe\u015fil Okullar ve Do\u011fan\u0131n Gen\u00e7 Savunucular\u0131 Projesi\u201dne Gaziantep Ticaret Borsas\u0131 da kat\u0131ld\u0131\"}]},{\"@type\":\"WebSite\",\"@id\":\"https:\\\/\\\/kuzeyinsesi.org\\\/#website\",\"url\":\"https:\\\/\\\/kuzeyinsesi.org\\\/\",\"name\":\"Kuzeyin Sesi\",\"description\":\"Do\u011fru Haberin Adresi\",\"potentialAction\":[{\"@type\":\"SearchAction\",\"target\":{\"@type\":\"EntryPoint\",\"urlTemplate\":\"https:\\\/\\\/kuzeyinsesi.org\\\/?s={search_term_string}\"},\"query-input\":{\"@type\":\"PropertyValueSpecification\",\"valueRequired\":true,\"valueName\":\"search_term_string\"}}],\"inLanguage\":\"tr\"},{\"@type\":\"Person\",\"@id\":\"https:\\\/\\\/kuzeyinsesi.org\\\/#\\\/schema\\\/person\\\/9f859689cdf01485597712386e37f5aa\",\"name\":\"Kuzeyin Sesi\",\"image\":{\"@type\":\"ImageObject\",\"inLanguage\":\"tr\",\"@id\":\"https:\\\/\\\/secure.gravatar.com\\\/avatar\\\/bab33852abfd8b282518d6ed81826833d77c3c882d9ab608add591ccace47a44?s=96&d=mm&r=g\",\"url\":\"https:\\\/\\\/secure.gravatar.com\\\/avatar\\\/bab33852abfd8b282518d6ed81826833d77c3c882d9ab608add591ccace47a44?s=96&d=mm&r=g\",\"contentUrl\":\"https:\\\/\\\/secure.gravatar.com\\\/avatar\\\/bab33852abfd8b282518d6ed81826833d77c3c882d9ab608add591ccace47a44?s=96&d=mm&r=g\",\"caption\":\"Kuzeyin Sesi\"},\"sameAs\":[\"https:\\\/\\\/kuzeyinsesi.org\"],\"url\":\"https:\\\/\\\/kuzeyinsesi.org\\\/index.php\\\/author\\\/guven\\\/\"}]}<\/script>\n<!-- \/ Yoast SEO plugin. -->","yoast_head_json":{"title":"\u201cYe\u015fil Okullar ve Do\u011fan\u0131n Gen\u00e7 Savunucular\u0131 Projesi\u201dne Gaziantep Ticaret Borsas\u0131 da kat\u0131ld\u0131 - Kuzeyin Sesi","robots":{"index":"index","follow":"follow","max-snippet":"max-snippet:-1","max-image-preview":"max-image-preview:large","max-video-preview":"max-video-preview:-1"},"canonical":"https:\/\/kuzeyinsesi.org\/index.php\/2025\/02\/09\/yesil-okullar-ve-doganin-genc-savunuculari-projesine-gaziantep-ticaret-borsasi-da-katildi\/","og_locale":"tr_TR","og_type":"article","og_title":"\u201cYe\u015fil Okullar ve Do\u011fan\u0131n Gen\u00e7 Savunucular\u0131 Projesi\u201dne Gaziantep Ticaret Borsas\u0131 da kat\u0131ld\u0131 - Kuzeyin Sesi","og_description":"K\u0131br\u0131s T\u00fcrk Giri\u015fimci Kad\u0131nlar Derne\u011fi (G\u0130KAD) ve Uluslararas\u0131 Final \u00dcniversitesinin (UF\u00dc), s\u00fcrd\u00fcr\u00fclebilirlik vizyonuyla hayata ge\u00e7irdi\u011fi \u201cYe\u015fil Okullar Projesi\u201dne, Gaziantep Ticaret Borsas\u0131 da kat\u0131ld\u0131. Dernekten verilen bilgiye g\u00f6re, Ye\u015fil Okullar Projesi, \u00e7evre bilincini art\u0131rmay\u0131 ve s\u00fcrd\u00fcr\u00fclebilir bir ya\u015fam k\u00fclt\u00fcr\u00fcn\u00fc yayg\u0131nla\u015ft\u0131rmay\u0131 hedefliyor. Proje, ilk etapta 25 okulda uygulanmaya ba\u015flarken, 70 okula ula\u015ft\u0131. Gaziantep Ticaret Borsas\u0131 da, iki [&hellip;]","og_url":"https:\/\/kuzeyinsesi.org\/index.php\/2025\/02\/09\/yesil-okullar-ve-doganin-genc-savunuculari-projesine-gaziantep-ticaret-borsasi-da-katildi\/","og_site_name":"Kuzeyin Sesi","article_publisher":"https:\/\/www.facebook.com\/kuzeyinsesii","article_published_time":"2025-02-09T12:13:36+00:00","og_image":[{"url":"https:\/\/brtk.net\/wp-content\/uploads\/2025\/02\/09\/9422.jpg?ver=136a05ba26d469ce4b3d75f1c63fe8b0","type":"","width":"","height":""}],"author":"Kuzeyin Sesi","twitter_card":"summary_large_image","twitter_creator":"@kuzeyinsesii","twitter_site":"@kuzeyinsesii","twitter_misc":{"Yazan:":"Kuzeyin Sesi","Tahmini okuma s\u00fcresi":"3 dakika"},"schema":{"@context":"https:\/\/schema.org","@graph":[{"@type":"Article","@id":"https:\/\/kuzeyinsesi.org\/index.php\/2025\/02\/09\/yesil-okullar-ve-doganin-genc-savunuculari-projesine-gaziantep-ticaret-borsasi-da-katildi\/#article","isPartOf":{"@id":"https:\/\/kuzeyinsesi.org\/index.php\/2025\/02\/09\/yesil-okullar-ve-doganin-genc-savunuculari-projesine-gaziantep-ticaret-borsasi-da-katildi\/"},"author":{"name":"Kuzeyin Sesi","@id":"https:\/\/kuzeyinsesi.org\/#\/schema\/person\/9f859689cdf01485597712386e37f5aa"},"headline":"\u201cYe\u015fil Okullar ve Do\u011fan\u0131n Gen\u00e7 Savunucular\u0131 Projesi\u201dne Gaziantep Ticaret Borsas\u0131 da kat\u0131ld\u0131","datePublished":"2025-02-09T12:13:36+00:00","mainEntityOfPage":{"@id":"https:\/\/kuzeyinsesi.org\/index.php\/2025\/02\/09\/yesil-okullar-ve-doganin-genc-savunuculari-projesine-gaziantep-ticaret-borsasi-da-katildi\/"},"wordCount":536,"commentCount":0,"image":{"@id":"https:\/\/kuzeyinsesi.org\/index.php\/2025\/02\/09\/yesil-okullar-ve-doganin-genc-savunuculari-projesine-gaziantep-ticaret-borsasi-da-katildi\/#primaryimage"},"thumbnailUrl":"https:\/\/kuzeyinsesi.org\/wp-content\/uploads\/2025\/02\/9422.jpg","articleSection":["T\u00fcrkiye"],"inLanguage":"tr","potentialAction":[{"@type":"CommentAction","name":"Comment","target":["https:\/\/kuzeyinsesi.org\/index.php\/2025\/02\/09\/yesil-okullar-ve-doganin-genc-savunuculari-projesine-gaziantep-ticaret-borsasi-da-katildi\/#respond"]}]},{"@type":"WebPage","@id":"https:\/\/kuzeyinsesi.org\/index.php\/2025\/02\/09\/yesil-okullar-ve-doganin-genc-savunuculari-projesine-gaziantep-ticaret-borsasi-da-katildi\/","url":"https:\/\/kuzeyinsesi.org\/index.php\/2025\/02\/09\/yesil-okullar-ve-doganin-genc-savunuculari-projesine-gaziantep-ticaret-borsasi-da-katildi\/","name":"\u201cYe\u015fil Okullar ve Do\u011fan\u0131n Gen\u00e7 Savunucular\u0131 Projesi\u201dne Gaziantep Ticaret Borsas\u0131 da kat\u0131ld\u0131 - Kuzeyin Sesi","isPartOf":{"@id":"https:\/\/kuzeyinsesi.org\/#website"},"primaryImageOfPage":{"@id":"https:\/\/kuzeyinsesi.org\/index.php\/2025\/02\/09\/yesil-okullar-ve-doganin-genc-savunuculari-projesine-gaziantep-ticaret-borsasi-da-katildi\/#primaryimage"},"image":{"@id":"https:\/\/kuzeyinsesi.org\/index.php\/2025\/02\/09\/yesil-okullar-ve-doganin-genc-savunuculari-projesine-gaziantep-ticaret-borsasi-da-katildi\/#primaryimage"},"thumbnailUrl":"https:\/\/kuzeyinsesi.org\/wp-content\/uploads\/2025\/02\/9422.jpg","datePublished":"2025-02-09T12:13:36+00:00","author":{"@id":"https:\/\/kuzeyinsesi.org\/#\/schema\/person\/9f859689cdf01485597712386e37f5aa"},"breadcrumb":{"@id":"https:\/\/kuzeyinsesi.org\/index.php\/2025\/02\/09\/yesil-okullar-ve-doganin-genc-savunuculari-projesine-gaziantep-ticaret-borsasi-da-katildi\/#breadcrumb"},"inLanguage":"tr","potentialAction":[{"@type":"ReadAction","target":["https:\/\/kuzeyinsesi.org\/index.php\/2025\/02\/09\/yesil-okullar-ve-doganin-genc-savunuculari-projesine-gaziantep-ticaret-borsasi-da-katildi\/"]}]},{"@type":"ImageObject","inLanguage":"tr","@id":"https:\/\/kuzeyinsesi.org\/index.php\/2025\/02\/09\/yesil-okullar-ve-doganin-genc-savunuculari-projesine-gaziantep-ticaret-borsasi-da-katildi\/#primaryimage","url":"https:\/\/kuzeyinsesi.org\/wp-content\/uploads\/2025\/02\/9422.jpg","contentUrl":"https:\/\/kuzeyinsesi.org\/wp-content\/uploads\/2025\/02\/9422.jpg","width":1598,"height":697},{"@type":"BreadcrumbList","@id":"https:\/\/kuzeyinsesi.org\/index.php\/2025\/02\/09\/yesil-okullar-ve-doganin-genc-savunuculari-projesine-gaziantep-ticaret-borsasi-da-katildi\/#breadcrumb","itemListElement":[{"@type":"ListItem","position":1,"name":"Anasayfa","item":"https:\/\/kuzeyinsesi.org\/"},{"@type":"ListItem","position":2,"name":"\u201cYe\u015fil Okullar ve Do\u011fan\u0131n Gen\u00e7 Savunucular\u0131 Projesi\u201dne Gaziantep Ticaret Borsas\u0131 da kat\u0131ld\u0131"}]},{"@type":"WebSite","@id":"https:\/\/kuzeyinsesi.org\/#website","url":"https:\/\/kuzeyinsesi.org\/","name":"Kuzeyin Sesi","description":"Do\u011fru Haberin Adresi","potentialAction":[{"@type":"SearchAction","target":{"@type":"EntryPoint","urlTemplate":"https:\/\/kuzeyinsesi.org\/?s={search_term_string}"},"query-input":{"@type":"PropertyValueSpecification","valueRequired":true,"valueName":"search_term_string"}}],"inLanguage":"tr"},{"@type":"Person","@id":"https:\/\/kuzeyinsesi.org\/#\/schema\/person\/9f859689cdf01485597712386e37f5aa","name":"Kuzeyin Sesi","image":{"@type":"ImageObject","inLanguage":"tr","@id":"https:\/\/secure.gravatar.com\/avatar\/bab33852abfd8b282518d6ed81826833d77c3c882d9ab608add591ccace47a44?s=96&d=mm&r=g","url":"https:\/\/secure.gravatar.com\/avatar\/bab33852abfd8b282518d6ed81826833d77c3c882d9ab608add591ccace47a44?s=96&d=mm&r=g","contentUrl":"https:\/\/secure.gravatar.com\/avatar\/bab33852abfd8b282518d6ed81826833d77c3c882d9ab608add591ccace47a44?s=96&d=mm&r=g","caption":"Kuzeyin Sesi"},"sameAs":["https:\/\/kuzeyinsesi.org"],"url":"https:\/\/kuzeyinsesi.org\/index.php\/author\/guven\/"}]}},"_links":{"self":[{"href":"https:\/\/kuzeyinsesi.org\/index.php\/wp-json\/wp\/v2\/posts\/18786","targetHints":{"allow":["GET"]}}],"collection":[{"href":"https:\/\/kuzeyinsesi.org\/index.php\/wp-json\/wp\/v2\/posts"}],"about":[{"href":"https:\/\/kuzeyinsesi.org\/index.php\/wp-json\/wp\/v2\/types\/post"}],"author":[{"embeddable":true,"href":"https:\/\/kuzeyinsesi.org\/index.php\/wp-json\/wp\/v2\/users\/1"}],"replies":[{"embeddable":true,"href":"https:\/\/kuzeyinsesi.org\/index.php\/wp-json\/wp\/v2\/comments?post=18786"}],"version-history":[{"count":0,"href":"https:\/\/kuzeyinsesi.org\/index.php\/wp-json\/wp\/v2\/posts\/18786\/revisions"}],"wp:featuredmedia":[{"embeddable":true,"href":"https:\/\/kuzeyinsesi.org\/index.php\/wp-json\/wp\/v2\/media\/18787"}],"wp:attachment":[{"href":"https:\/\/kuzeyinsesi.org\/index.php\/wp-json\/wp\/v2\/media?parent=18786"}],"wp:term":[{"taxonomy":"category","embeddable":true,"href":"https:\/\/kuzeyinsesi.org\/index.php\/wp-json\/wp\/v2\/categories?post=18786"},{"taxonomy":"post_tag","embeddable":true,"href":"https:\/\/kuzeyinsesi.org\/index.php\/wp-json\/wp\/v2\/tags?post=18786"}],"curies":[{"name":"wp","href":"https:\/\/api.w.org\/{rel}","templated":true}]}}